{"id":34867,"date":"2021-09-28T13:43:34","date_gmt":"2021-09-28T11:43:34","guid":{"rendered":"https:\/\/exaudi.wpengine.com\/?p=34867"},"modified":"2021-09-29T08:31:43","modified_gmt":"2021-09-29T06:31:43","slug":"academia-pontificia-vida-presentacion-asamblea","status":"publish","type":"post","link":"https:\/\/exaudi.org\/es\/academia-pontificia-vida-presentacion-asamblea\/","title":{"rendered":"Academia Pontificia para la Vida: Presentaci\u00f3n de la Asamblea"},"content":{"rendered":"<p>En la ma\u00f1ana de hoy, martes 28 de septiembre de 2021, ha tenido lugar en directo desde la Oficina de Prensa de la Santa Sede la conferencia de presentaci\u00f3n de la Asamblea de la <a href=\"https:\/\/www.vatican.va\/roman_curia\/pontifical_academies\/acdlife\/index_sp.htm\" target=\"_blank\" rel=\"noopener\">Academia Pontificia para la Vida<\/a>, en curso del 27 al 29 de septiembre, cuyo tema es \u201cLa salud p\u00fablica en perspectiva global. Pandemia, bio\u00e9tica, futuro\u201d<\/p>\n<p>En la rueda de prensa con los medios han intervenido monse\u00f1or Vincenzo Paglia, presidente de la Academia, el doctor David Barbe, presidente de la Asociaci\u00f3n M\u00e9dica Mundial (AMM) y la profesora Maria Chiara Carrozza, presidenta del Consejo Nacional de Investigaci\u00f3n (CNR).<\/p>\n<h4><strong>Salud p\u00fablica como fondo<\/strong><\/h4>\n<p>Tomando la palabra como primer interventor, Mons. Paglia ha manifestado que esta \u201cno es una Asamblea sobre la pandemia, sino sobre lo que hemos aprendido de la pandemia y en qu\u00e9 l\u00edneas comprometernos para un nuevo futuro. De hecho, desde el principio, la Academia Pontificia para la Vida trat\u00f3 de comprender los cambios que la pandemia estaba provocando en la sociedad mundial\u201d.<\/p>\n<p>Del mismo modo, ha se\u00f1alado, \u201cpretende poner la Salud P\u00fablica en el centro del debate. Nunca antes nos hab\u00edamos dado cuenta de hasta qu\u00e9 punto la salud de cada persona est\u00e1 vinculada a la de todos: todos estamos interconectados, para bien o para mal. Ya no es sostenible el privilegio de algunos sin que \u00e9ste penalice a otros . Las diferencias, disparidades y desigualdades niegan esta evidencia fundamental y, por tanto, deben ser superadas\u201d.<\/p>\n<h4><strong>El \u201cnosotros\u201d de la familia humana<\/strong><\/h4>\n<p>Citando\u00a0<a href=\"https:\/\/exaudi.wpengine.com\/es\/de-que-trata-la-enciclica-fratelli-tutti\/\" target=\"_blank\" rel=\"noopener\"><em>Fratelli tutti\u00a0<\/em>del Papa Francisco<\/a>, el presidente de la Academia ha subrayado que \u201cformamos parte de una \u00fanica familia humana y nadie puede salvarse solo. Por lo tanto, es necesario identificar las circunstancias de nuestras relaciones que conducen a mantener zonas de bienestar para unos pocos, en detrimento de los muchos. El &#8216;yo&#8217; hiperindividualista debe dejar paso al &#8216;nosotros&#8217; de la familia humana.<\/p>\n<p>\u201cSi bien la prioridad de los pa\u00edses occidentales son las vacunas\u201d, argumenta, \u201cno debemos olvidar la necesidad de construir una sanidad justa a escala mundial. Lo que est\u00e1 en juego es el futuro de la asistencia y la salud si queremos tomar en serio las lecciones de la pandemia. Para la mayor\u00eda de la poblaci\u00f3n mundial, la prioridad no son s\u00f3lo las vacunas, sino tambi\u00e9n el acceso real y efectivo a los tratamientos y a los bienes que &#8216;simplemente&#8217; permitan vivir\u201d.<\/p>\n<p>El arzobispo tambi\u00e9n ha llamado a no olvidar la primera lecci\u00f3n: \u201cPara cuidar la salud, primero hay que estar vivo. Y el acceso a los bienes esenciales para vivir est\u00e1 garantizado para todos en nuestro planeta\u201d. Para la Academia, concluye, se trata de \u201ccolaborar con los dicasterios de la Santa Sede, en particular en el marco de la Comisi\u00f3n vaticana COVID19, y poner la crisis pand\u00e9mica en el centro de la atenci\u00f3n, proponiendo una interpretaci\u00f3n sapiencial que ilumine los caminos de los hombres y mujeres de nuestro tiempo\u201d.<\/p>\n<h4><strong>Proveer a cada pa\u00eds de suministros<\/strong><\/h4>\n<p>Al comenzar su discurso, el doctor Barbe ha abordado la verdadera gravedad de la COVID en la sociedad: \u201cLos ancianos, los enfermos cr\u00f3nicos y algunas de las razas no cauc\u00e1sicas. Estos grupos tuvieron tasas m\u00e1s altas de enfermedad grave y muerte, en parte debido a la susceptibilidad natural, pero lo m\u00e1s importante es que estos son los grupos que experimentan la desigualdad sanitaria incluso en tiempos no pand\u00e9micos\u201d.<\/p>\n<p>En esta l\u00ednea, tambi\u00e9n ha recordado que el personal m\u00e9dico de la Asociaci\u00f3n se ha visto especialmente afectado, por lo que ha invitado a \u201cencontrar la manera de que cada pa\u00eds desarrolle reservas y cadenas de suministro de equipos de protecci\u00f3n personal, as\u00ed como de medicamentos y materiales necesarios para atender a una oleada de pacientes en pandemias y otras cat\u00e1strofes naturales o provocadas por el hombre\u201d.<\/p>\n<h4><strong>Oportunidad de la investigaci\u00f3n cient\u00edfica<\/strong><\/h4>\n<p>Otra \u00e1rea de oportunidad, asegura el presidente de AMM, es \u201cla ciencia y la investigaci\u00f3n y el intercambio y la difusi\u00f3n de informaci\u00f3n. Incluso hoy, casi dos a\u00f1os despu\u00e9s de esta pandemia, sigue habiendo controversia y recomendaciones contradictorias sobre el uso de antivirales, anticuerpos neutralizantes, moduladores inmunitarios, cortico esteroides e incluso asistencia respiratoria. En esta \u00e9poca de comunicaci\u00f3n global en tiempo real, debemos mejorar nuestra colaboraci\u00f3n y comunicaci\u00f3n cient\u00edfica\u201d.<\/p>\n<p>\u201cHasta que una enfermedad pueda ser tratada eficazmente, la prevenci\u00f3n es fundamental. Las vacunas brindan esa oportunidad de prevenci\u00f3n. Aunque los esfuerzos para desarrollar y distribuir las vacunas contra el COVID han sido monumentales, las tasas de vacunaci\u00f3n, especialmente en los pa\u00edses de renta baja y media-baja, siguen siendo vergonzosamente bajas, con tasas de vacunaci\u00f3n en docenas de pa\u00edses que todav\u00eda son inferiores al 3% de su poblaci\u00f3n. Este es un problema multifactorial\u201d, apunta.<\/p>\n<h4><strong>Indecisi\u00f3n en la vacunaci\u00f3n<\/strong><\/h4>\n<p>Barbe ha terminado su intervenci\u00f3n resaltando un \u00faltimo factor de gravedad, la indecisi\u00f3n sobre las vacunas: \u201cSe observa en cierto grado en casi todos los pa\u00edses y es tambi\u00e9n un problema multifactorial. La rapidez con la que se han desarrollado estas vacunas y las nuevas tecnolog\u00edas que emplean algunas de ellas, como la tecnolog\u00eda del ARNm, han hecho que muchos se acerquen a las vacunas con cierta aprensi\u00f3n e incluso miedo\u201d.<\/p>\n<p>Algo que se ha visto agravado por \u201cla red mundial de desinformaci\u00f3n y distorsi\u00f3n respecto a los riesgos y beneficios de la vacuna. Los casos de eventos adversos despu\u00e9s de la vacunaci\u00f3n, la preocupaci\u00f3n por la disminuci\u00f3n de la inmunidad y la probable necesidad de refuerzos posteriores han contribuido a la indecisi\u00f3n\u201d.<\/p>\n<p>\u201cLos m\u00e9dicos y otros profesionales de la salud son las voces m\u00e1s fiables. Hay que seguir promoviendo una informaci\u00f3n v\u00e1lida y transparente, subrayar los beneficios de la vacuna y subrayar el riesgo significativamente mayor de la enfermedad natural.\u00a0La tragedia de estos y otros problemas de esta pandemia es que muchos de ellos eran y son evitables o corregibles. Se dice que de las crisis nacen las oportunidades. Si es as\u00ed, una gran crisis deber\u00eda conducir a una oportunidad todav\u00eda m\u00e1s grande\u201d, concluye.<\/p>\n<h4><strong>Enfocarse en los m\u00e1s fr\u00e1giles<\/strong><\/h4>\n<p>La \u00faltima participaci\u00f3n ha sido la de Carrozza, quien ha indicado que \u201cel estudio orientado a la salud de las personas no puede tener una impronta exclusivamente aplicativa; al contrario, es precisamente de la investigaci\u00f3n fundamental de donde proceden los desarrollos terap\u00e9uticos y farmacol\u00f3gicos m\u00e1s interesantes, como demuestra la pandemia en la que s\u00f3lo gracias a la investigaci\u00f3n fundamental realizada durante muchos a\u00f1os hemos podido producir y distribuir vacunas en un tiempo r\u00e9cord\u201d.<\/p>\n<p>\u201cLa investigaci\u00f3n cient\u00edfica y la innovaci\u00f3n tecnol\u00f3gica que est\u00e1n realmente al servicio de las personas y de la comunidad deben dirigirse en primer lugar a los grupos m\u00e1s fr\u00e1giles, a las personas m\u00e1s necesitadas de asistencia y a los \u00faltimos. Hay que abandonar la l\u00f3gica de que la fragilidad y las capacidades diferentes (&#8230;) son una especie de condena del destino, cuya carga debe ser soportada \u00fanicamente por los directamente afectados y sus cuidadores, es decir, casi siempre sus familias\u201d, afirma.<\/p>\n","protected":false},"excerpt":{"rendered":"<p>\u201cLa salud p\u00fablica en perspectiva global. Pandemia, bio\u00e9tica, futuro\u201d<\/p>\n","protected":false},"author":6,"featured_media":34869,"comment_status":"closed","ping_status":"closed","sticky":false,"template":"","format":"standard","meta":{"_acf_changed":false,"_crdt_document":"","inline_featured_image":false,"footnotes":""},"categories":[138,298],"tags":[3184,1604],"class_list":["post-34867","post","type-post","status-publish","format-standard","has-post-thumbnail","hentry","category-dicasterios","category-ultimas-noticias","tag-academia-pontificia-para-la-vida","tag-conferencia-de-presentacion"],"acf":[],"yoast_head":"<!-- This site is optimized with the Yoast SEO plugin v27.5 - https:\/\/yoast.com\/product\/yoast-seo-wordpress\/ -->\n<title>Academia Pontificia para la Vida: Presentaci\u00f3n de la Asamblea - Exaudi<\/title>\n<meta name=\"description\" content=\"Hoy ha tenido lugar en directo desde la Santa Sede la conferencia de presentaci\u00f3n de la Asamblea de la Academia Pontificia para la Vida.\" \/>\n<meta name=\"robots\" content=\"index, follow, max-snippet:-1, max-image-preview:large, max-video-preview:-1\" \/>\n<link rel=\"canonical\" href=\"https:\/\/exaudi.org\/es\/academia-pontificia-vida-presentacion-asamblea\/\" \/>\n<meta property=\"og:locale\" content=\"es_ES\" \/>\n<meta property=\"og:type\" content=\"article\" \/>\n<meta property=\"og:title\" content=\"Academia Pontificia para la Vida: Presentaci\u00f3n de la Asamblea - Exaudi\" \/>\n<meta property=\"og:description\" content=\"Hoy ha tenido lugar en directo desde la Santa Sede la conferencia de presentaci\u00f3n de la Asamblea de la Academia Pontificia para la Vida.\" \/>\n<meta property=\"og:url\" content=\"https:\/\/exaudi.org\/es\/academia-pontificia-vida-presentacion-asamblea\/\" \/>\n<meta property=\"og:site_name\" content=\"Exaudi\" \/>\n<meta property=\"article:publisher\" content=\"https:\/\/www.facebook.com\/ExaudiNews\" \/>\n<meta property=\"article:published_time\" content=\"2021-09-28T11:43:34+00:00\" \/>\n<meta property=\"article:modified_time\" content=\"2021-09-29T06:31:43+00:00\" \/>\n<meta property=\"og:image\" content=\"https:\/\/exaudi.org\/wp-content\/uploads\/2021\/09\/2v4654v63544.jpeg\" \/>\n\t<meta property=\"og:image:width\" content=\"727\" \/>\n\t<meta property=\"og:image:height\" content=\"408\" \/>\n\t<meta property=\"og:image:type\" content=\"image\/jpeg\" \/>\n<meta name=\"author\" content=\"Gabriel Sales\" \/>\n<meta name=\"twitter:card\" content=\"summary_large_image\" \/>\n<meta name=\"twitter:creator\" content=\"@habemusman\" \/>\n<meta name=\"twitter:site\" content=\"@Exaudi_News\" \/>\n<meta name=\"twitter:label1\" content=\"Escrito por\" \/>\n\t<meta name=\"twitter:data1\" content=\"Gabriel Sales\" \/>\n\t<meta name=\"twitter:label2\" content=\"Tiempo de lectura\" \/>\n\t<meta name=\"twitter:data2\" content=\"5 minutos\" \/>\n<script type=\"application\/ld+json\" class=\"yoast-schema-graph\">{\"@context\":\"https:\\\/\\\/schema.org\",\"@graph\":[{\"@type\":\"Article\",\"@id\":\"https:\\\/\\\/exaudi.org\\\/es\\\/academia-pontificia-vida-presentacion-asamblea\\\/#article\",\"isPartOf\":{\"@id\":\"https:\\\/\\\/exaudi.org\\\/es\\\/academia-pontificia-vida-presentacion-asamblea\\\/\"},\"author\":{\"name\":\"Gabriel Sales\",\"@id\":\"https:\\\/\\\/exaudi.org\\\/#\\\/schema\\\/person\\\/d134b96438278131ce90c90c03fda6cd\"},\"headline\":\"Academia Pontificia para la Vida: Presentaci\u00f3n de la Asamblea\",\"datePublished\":\"2021-09-28T11:43:34+00:00\",\"dateModified\":\"2021-09-29T06:31:43+00:00\",\"mainEntityOfPage\":{\"@id\":\"https:\\\/\\\/exaudi.org\\\/es\\\/academia-pontificia-vida-presentacion-asamblea\\\/\"},\"wordCount\":1239,\"image\":{\"@id\":\"https:\\\/\\\/exaudi.org\\\/es\\\/academia-pontificia-vida-presentacion-asamblea\\\/#primaryimage\"},\"thumbnailUrl\":\"https:\\\/\\\/exaudi.org\\\/wp-content\\\/uploads\\\/2021\\\/09\\\/2v4654v63544.jpeg\",\"keywords\":[\"Academia Pontificia para la Vida\",\"Conferencia de presentaci\u00f3n\"],\"articleSection\":[\"Dicasterios\",\"\u00daltimas noticias\"],\"inLanguage\":\"es\"},{\"@type\":\"WebPage\",\"@id\":\"https:\\\/\\\/exaudi.org\\\/es\\\/academia-pontificia-vida-presentacion-asamblea\\\/\",\"url\":\"https:\\\/\\\/exaudi.org\\\/es\\\/academia-pontificia-vida-presentacion-asamblea\\\/\",\"name\":\"Academia Pontificia para la Vida: Presentaci\u00f3n de la Asamblea - Exaudi\",\"isPartOf\":{\"@id\":\"https:\\\/\\\/exaudi.org\\\/#website\"},\"primaryImageOfPage\":{\"@id\":\"https:\\\/\\\/exaudi.org\\\/es\\\/academia-pontificia-vida-presentacion-asamblea\\\/#primaryimage\"},\"image\":{\"@id\":\"https:\\\/\\\/exaudi.org\\\/es\\\/academia-pontificia-vida-presentacion-asamblea\\\/#primaryimage\"},\"thumbnailUrl\":\"https:\\\/\\\/exaudi.org\\\/wp-content\\\/uploads\\\/2021\\\/09\\\/2v4654v63544.jpeg\",\"datePublished\":\"2021-09-28T11:43:34+00:00\",\"dateModified\":\"2021-09-29T06:31:43+00:00\",\"author\":{\"@id\":\"https:\\\/\\\/exaudi.org\\\/#\\\/schema\\\/person\\\/d134b96438278131ce90c90c03fda6cd\"},\"description\":\"Hoy ha tenido lugar en directo desde la Santa Sede la conferencia de presentaci\u00f3n de la Asamblea de la Academia Pontificia para la Vida.\",\"breadcrumb\":{\"@id\":\"https:\\\/\\\/exaudi.org\\\/es\\\/academia-pontificia-vida-presentacion-asamblea\\\/#breadcrumb\"},\"inLanguage\":\"es\",\"potentialAction\":[{\"@type\":\"ReadAction\",\"target\":[\"https:\\\/\\\/exaudi.org\\\/es\\\/academia-pontificia-vida-presentacion-asamblea\\\/\"]}]},{\"@type\":\"ImageObject\",\"inLanguage\":\"es\",\"@id\":\"https:\\\/\\\/exaudi.org\\\/es\\\/academia-pontificia-vida-presentacion-asamblea\\\/#primaryimage\",\"url\":\"https:\\\/\\\/exaudi.org\\\/wp-content\\\/uploads\\\/2021\\\/09\\\/2v4654v63544.jpeg\",\"contentUrl\":\"https:\\\/\\\/exaudi.org\\\/wp-content\\\/uploads\\\/2021\\\/09\\\/2v4654v63544.jpeg\",\"width\":727,\"height\":408,\"caption\":\"Monse\u00f1or Paglia \u00a9 Vatican Media\"},{\"@type\":\"BreadcrumbList\",\"@id\":\"https:\\\/\\\/exaudi.org\\\/es\\\/academia-pontificia-vida-presentacion-asamblea\\\/#breadcrumb\",\"itemListElement\":[{\"@type\":\"ListItem\",\"position\":1,\"name\":\"Portada\",\"item\":\"https:\\\/\\\/exaudi.org\\\/es\\\/\"},{\"@type\":\"ListItem\",\"position\":2,\"name\":\"Academia Pontificia para la Vida: Presentaci\u00f3n de la Asamblea\"}]},{\"@type\":\"WebSite\",\"@id\":\"https:\\\/\\\/exaudi.org\\\/#website\",\"url\":\"https:\\\/\\\/exaudi.org\\\/\",\"name\":\"Exaudi\",\"description\":\"News\",\"potentialAction\":[{\"@type\":\"SearchAction\",\"target\":{\"@type\":\"EntryPoint\",\"urlTemplate\":\"https:\\\/\\\/exaudi.org\\\/?s={search_term_string}\"},\"query-input\":{\"@type\":\"PropertyValueSpecification\",\"valueRequired\":true,\"valueName\":\"search_term_string\"}}],\"inLanguage\":\"es\"},{\"@type\":\"Person\",\"@id\":\"https:\\\/\\\/exaudi.org\\\/#\\\/schema\\\/person\\\/d134b96438278131ce90c90c03fda6cd\",\"name\":\"Gabriel Sales\",\"image\":{\"@type\":\"ImageObject\",\"inLanguage\":\"es\",\"@id\":\"https:\\\/\\\/secure.gravatar.com\\\/avatar\\\/9b1269566f6a063ed26ffb3532b66a373cdde231ce5d0effb266167437fdaffd?s=96&d=mm&r=g\",\"url\":\"https:\\\/\\\/secure.gravatar.com\\\/avatar\\\/9b1269566f6a063ed26ffb3532b66a373cdde231ce5d0effb266167437fdaffd?s=96&d=mm&r=g\",\"contentUrl\":\"https:\\\/\\\/secure.gravatar.com\\\/avatar\\\/9b1269566f6a063ed26ffb3532b66a373cdde231ce5d0effb266167437fdaffd?s=96&d=mm&r=g\",\"caption\":\"Gabriel Sales\"},\"description\":\"Periodista y especialista en Comunicaci\u00f3n y Branding digital. Cin\u00e9filo y cr\u00edtico de cine y series de televisi\u00f3n.\",\"sameAs\":[\"https:\\\/\\\/www.instagram.com\\\/cine90segundos\\\/\",\"www.linkedin.com\\\/in\\\/habemusman\",\"https:\\\/\\\/x.com\\\/habemusman\",\"https:\\\/\\\/www.youtube.com\\\/channel\\\/UCVfCiOMkJ_C7T7OpyjuaLDg\"],\"url\":\"https:\\\/\\\/exaudi.org\\\/es\\\/author\\\/gsalesexaudi-org\\\/\"}]}<\/script>\n<!-- \/ Yoast SEO plugin. -->","yoast_head_json":{"title":"Academia Pontificia para la Vida: Presentaci\u00f3n de la Asamblea - Exaudi","description":"Hoy ha tenido lugar en directo desde la Santa Sede la conferencia de presentaci\u00f3n de la Asamblea de la Academia Pontificia para la Vida.","robots":{"index":"index","follow":"follow","max-snippet":"max-snippet:-1","max-image-preview":"max-image-preview:large","max-video-preview":"max-video-preview:-1"},"canonical":"https:\/\/exaudi.org\/es\/academia-pontificia-vida-presentacion-asamblea\/","og_locale":"es_ES","og_type":"article","og_title":"Academia Pontificia para la Vida: Presentaci\u00f3n de la Asamblea - Exaudi","og_description":"Hoy ha tenido lugar en directo desde la Santa Sede la conferencia de presentaci\u00f3n de la Asamblea de la Academia Pontificia para la Vida.","og_url":"https:\/\/exaudi.org\/es\/academia-pontificia-vida-presentacion-asamblea\/","og_site_name":"Exaudi","article_publisher":"https:\/\/www.facebook.com\/ExaudiNews","article_published_time":"2021-09-28T11:43:34+00:00","article_modified_time":"2021-09-29T06:31:43+00:00","og_image":[{"width":727,"height":408,"url":"https:\/\/exaudi.org\/wp-content\/uploads\/2021\/09\/2v4654v63544.jpeg","type":"image\/jpeg"}],"author":"Gabriel Sales","twitter_card":"summary_large_image","twitter_creator":"@habemusman","twitter_site":"@Exaudi_News","twitter_misc":{"Escrito por":"Gabriel Sales","Tiempo de lectura":"5 minutos"},"schema":{"@context":"https:\/\/schema.org","@graph":[{"@type":"Article","@id":"https:\/\/exaudi.org\/es\/academia-pontificia-vida-presentacion-asamblea\/#article","isPartOf":{"@id":"https:\/\/exaudi.org\/es\/academia-pontificia-vida-presentacion-asamblea\/"},"author":{"name":"Gabriel Sales","@id":"https:\/\/exaudi.org\/#\/schema\/person\/d134b96438278131ce90c90c03fda6cd"},"headline":"Academia Pontificia para la Vida: Presentaci\u00f3n de la Asamblea","datePublished":"2021-09-28T11:43:34+00:00","dateModified":"2021-09-29T06:31:43+00:00","mainEntityOfPage":{"@id":"https:\/\/exaudi.org\/es\/academia-pontificia-vida-presentacion-asamblea\/"},"wordCount":1239,"image":{"@id":"https:\/\/exaudi.org\/es\/academia-pontificia-vida-presentacion-asamblea\/#primaryimage"},"thumbnailUrl":"https:\/\/exaudi.org\/wp-content\/uploads\/2021\/09\/2v4654v63544.jpeg","keywords":["Academia Pontificia para la Vida","Conferencia de presentaci\u00f3n"],"articleSection":["Dicasterios","\u00daltimas noticias"],"inLanguage":"es"},{"@type":"WebPage","@id":"https:\/\/exaudi.org\/es\/academia-pontificia-vida-presentacion-asamblea\/","url":"https:\/\/exaudi.org\/es\/academia-pontificia-vida-presentacion-asamblea\/","name":"Academia Pontificia para la Vida: Presentaci\u00f3n de la Asamblea - Exaudi","isPartOf":{"@id":"https:\/\/exaudi.org\/#website"},"primaryImageOfPage":{"@id":"https:\/\/exaudi.org\/es\/academia-pontificia-vida-presentacion-asamblea\/#primaryimage"},"image":{"@id":"https:\/\/exaudi.org\/es\/academia-pontificia-vida-presentacion-asamblea\/#primaryimage"},"thumbnailUrl":"https:\/\/exaudi.org\/wp-content\/uploads\/2021\/09\/2v4654v63544.jpeg","datePublished":"2021-09-28T11:43:34+00:00","dateModified":"2021-09-29T06:31:43+00:00","author":{"@id":"https:\/\/exaudi.org\/#\/schema\/person\/d134b96438278131ce90c90c03fda6cd"},"description":"Hoy ha tenido lugar en directo desde la Santa Sede la conferencia de presentaci\u00f3n de la Asamblea de la Academia Pontificia para la Vida.","breadcrumb":{"@id":"https:\/\/exaudi.org\/es\/academia-pontificia-vida-presentacion-asamblea\/#breadcrumb"},"inLanguage":"es","potentialAction":[{"@type":"ReadAction","target":["https:\/\/exaudi.org\/es\/academia-pontificia-vida-presentacion-asamblea\/"]}]},{"@type":"ImageObject","inLanguage":"es","@id":"https:\/\/exaudi.org\/es\/academia-pontificia-vida-presentacion-asamblea\/#primaryimage","url":"https:\/\/exaudi.org\/wp-content\/uploads\/2021\/09\/2v4654v63544.jpeg","contentUrl":"https:\/\/exaudi.org\/wp-content\/uploads\/2021\/09\/2v4654v63544.jpeg","width":727,"height":408,"caption":"Monse\u00f1or Paglia \u00a9 Vatican Media"},{"@type":"BreadcrumbList","@id":"https:\/\/exaudi.org\/es\/academia-pontificia-vida-presentacion-asamblea\/#breadcrumb","itemListElement":[{"@type":"ListItem","position":1,"name":"Portada","item":"https:\/\/exaudi.org\/es\/"},{"@type":"ListItem","position":2,"name":"Academia Pontificia para la Vida: Presentaci\u00f3n de la Asamblea"}]},{"@type":"WebSite","@id":"https:\/\/exaudi.org\/#website","url":"https:\/\/exaudi.org\/","name":"Exaudi","description":"News","potentialAction":[{"@type":"SearchAction","target":{"@type":"EntryPoint","urlTemplate":"https:\/\/exaudi.org\/?s={search_term_string}"},"query-input":{"@type":"PropertyValueSpecification","valueRequired":true,"valueName":"search_term_string"}}],"inLanguage":"es"},{"@type":"Person","@id":"https:\/\/exaudi.org\/#\/schema\/person\/d134b96438278131ce90c90c03fda6cd","name":"Gabriel Sales","image":{"@type":"ImageObject","inLanguage":"es","@id":"https:\/\/secure.gravatar.com\/avatar\/9b1269566f6a063ed26ffb3532b66a373cdde231ce5d0effb266167437fdaffd?s=96&d=mm&r=g","url":"https:\/\/secure.gravatar.com\/avatar\/9b1269566f6a063ed26ffb3532b66a373cdde231ce5d0effb266167437fdaffd?s=96&d=mm&r=g","contentUrl":"https:\/\/secure.gravatar.com\/avatar\/9b1269566f6a063ed26ffb3532b66a373cdde231ce5d0effb266167437fdaffd?s=96&d=mm&r=g","caption":"Gabriel Sales"},"description":"Periodista y especialista en Comunicaci\u00f3n y Branding digital. Cin\u00e9filo y cr\u00edtico de cine y series de televisi\u00f3n.","sameAs":["https:\/\/www.instagram.com\/cine90segundos\/","www.linkedin.com\/in\/habemusman","https:\/\/x.com\/habemusman","https:\/\/www.youtube.com\/channel\/UCVfCiOMkJ_C7T7OpyjuaLDg"],"url":"https:\/\/exaudi.org\/es\/author\/gsalesexaudi-org\/"}]}},"jetpack_featured_media_url":"https:\/\/exaudi.org\/wp-content\/uploads\/2021\/09\/2v4654v63544.jpeg","jetpack_shortlink":"https:\/\/wp.me\/pgKjF2-94n","_links":{"self":[{"href":"https:\/\/exaudi.org\/es\/wp-json\/wp\/v2\/posts\/34867","targetHints":{"allow":["GET"]}}],"collection":[{"href":"https:\/\/exaudi.org\/es\/wp-json\/wp\/v2\/posts"}],"about":[{"href":"https:\/\/exaudi.org\/es\/wp-json\/wp\/v2\/types\/post"}],"author":[{"embeddable":true,"href":"https:\/\/exaudi.org\/es\/wp-json\/wp\/v2\/users\/6"}],"replies":[{"embeddable":true,"href":"https:\/\/exaudi.org\/es\/wp-json\/wp\/v2\/comments?post=34867"}],"version-history":[{"count":0,"href":"https:\/\/exaudi.org\/es\/wp-json\/wp\/v2\/posts\/34867\/revisions"}],"wp:featuredmedia":[{"embeddable":true,"href":"https:\/\/exaudi.org\/es\/wp-json\/wp\/v2\/media\/34869"}],"wp:attachment":[{"href":"https:\/\/exaudi.org\/es\/wp-json\/wp\/v2\/media?parent=34867"}],"wp:term":[{"taxonomy":"category","embeddable":true,"href":"https:\/\/exaudi.org\/es\/wp-json\/wp\/v2\/categories?post=34867"},{"taxonomy":"post_tag","embeddable":true,"href":"https:\/\/exaudi.org\/es\/wp-json\/wp\/v2\/tags?post=34867"}],"curies":[{"name":"wp","href":"https:\/\/api.w.org\/{rel}","templated":true}]}}