{"id":34833,"date":"2021-09-28T09:55:35","date_gmt":"2021-09-28T07:55:35","guid":{"rendered":"https:\/\/exaudi.wpengine.com\/?p=34833"},"modified":"2021-09-29T12:16:57","modified_gmt":"2021-09-29T10:16:57","slug":"teologia-centennials-libro-dialogo-jovenes","status":"publish","type":"post","link":"https:\/\/exaudi.org\/es\/teologia-centennials-libro-dialogo-jovenes\/","title":{"rendered":"Teolog\u00eda para Centennials: Libro de di\u00e1logo con los j\u00f3venes"},"content":{"rendered":"<p>El sacerdote mexicano\u00a0<a href=\"https:\/\/exaudi.wpengine.com\/es\/author\/padremarioarroyo\/\" target=\"_blank\" rel=\"noopener noreferrer\">Mario Arroyo Mart\u00ednez<\/a>, autor de las reflexiones semanales \u201c<a href=\"https:\/\/teologiaparamillennials.com\/\">Teolog\u00eda para Millennials<\/a>\u201d, ha escrito un nuevo libro titulado \u201cTeolog\u00eda para Centennials\u201d, un volumen nacido de sus di\u00e1logos con los ahora j\u00f3venes universitarios y chicos de \u00faltimo a\u00f1o de colegio, y del de la Iglesia con el mundo contempor\u00e1neo, c\u00f3mo esta enfrenta los desaf\u00edos que presenta y responde al mundo los interrogantes que le plantea.<\/p>\n<p>Tal y como comenta el autor, el origen del ejemplar viene del \u201ccalor de las conversaciones o en el fragor de las clases\u201d, situaciones que le han proporcionado un buen n\u00famero de temas en el texto tratados. La actitud de fondo, informa, es la de \u201cpensar la realidad con una forma <em>mentis <\/em>cristiana, pensarla desde la fe, con el deseo de transmitir esa racionalidad enriquecida\u201d.<\/p>\n<p>Asimismo, Mario Arroyo argumenta que el desaf\u00edo de los textos, breves de intento, \u201ces crear un puente <span style=\"font-weight: 400\">comunicativo con los centennials, la generaci\u00f3n que ahora conforma las aulas universitarias. Est\u00e1 escrito para j\u00f3venes acostumbrados a respuestas r\u00e1pidas, a flashazos, a visiones panor\u00e1micas y a vuelapluma de la realidad. El desaf\u00edo del presente texto es conectar con ellos, e invitarlos a pensar en clave cristiana, o por lo menos, hacerles ver que existe una propuesta cat\u00f3lica, la cual es a la par, atractiva y coherente; no se puede dar simplemente por superada o trasnochada<\/span>\u201d.<\/p>\n<p><img loading=\"lazy\" decoding=\"async\" class=\"alignleft size-medium wp-image-34842\" src=\"https:\/\/exaudi.wpengine.com\/wp-content\/uploads\/2021\/09\/cover-189x300.jpg\" alt=\"Teolog\u00eda Centennials libro j\u00f3venes\" width=\"189\" height=\"300\" srcset=\"https:\/\/exaudi.org\/wp-content\/uploads\/2021\/09\/cover-189x300.jpg 189w, https:\/\/exaudi.org\/wp-content\/uploads\/2021\/09\/cover-646x1024.jpg 646w, https:\/\/exaudi.org\/wp-content\/uploads\/2021\/09\/cover-768x1218.jpg 768w, https:\/\/exaudi.org\/wp-content\/uploads\/2021\/09\/cover-968x1536.jpg 968w, https:\/\/exaudi.org\/wp-content\/uploads\/2021\/09\/cover-150x238.jpg 150w, https:\/\/exaudi.org\/wp-content\/uploads\/2021\/09\/cover-300x476.jpg 300w, https:\/\/exaudi.org\/wp-content\/uploads\/2021\/09\/cover-696x1104.jpg 696w, https:\/\/exaudi.org\/wp-content\/uploads\/2021\/09\/cover-265x420.jpg 265w, https:\/\/exaudi.org\/wp-content\/uploads\/2021\/09\/cover.jpg 1041w\" sizes=\"auto, (max-width: 189px) 100vw, 189px\" \/>Como toda colecci\u00f3n de ensayos, apunta, no es necesario leerlo linealmente y en orden, sino que es posible hacerlo en cualquier direcci\u00f3n, o eligiendo los temas que resulten de particular inter\u00e9s. <span style=\"font-weight: 400\">No se tiene que leer todo, aunque en su conjunto, ofrece un \u201cacervo interesante de argumentos fraguados al calor de una fe vivida y pensada, que lucha por hacerse cultura, a\u00fan en la actual cultura postmoderna\u201d.<\/span><\/p>\n<p><span style=\"font-weight: 400\">Este conjunto de ensayos dirigido especialmente a los j\u00f3venes publicados en <a href=\"https:\/\/exaudi.wpengine.com\/es\/\" target=\"_blank\" rel=\"noopener\">exaudi.org<\/a> cuenta con t\u00edtulos como: \u201c100 a\u00f1os de san Juan Pablo II\u201d, \u201cEl mes del orgullo\u201d, \u201cBeato e <\/span><i><span style=\"font-weight: 400\">influencer\u201d<\/span><\/i><span style=\"font-weight: 400\">, \u201cEspiritualidad atea\u201d, \u201cFrancisco y los homosexuales\u201d, \u201cFuturo del celibato\u201d, \u201cUn santo <\/span><i><span style=\"font-weight: 400\">Millennial\u201d<\/span><\/i><span style=\"font-weight: 400\">, y m\u00e1s. Todo ellos escritos con un lenguaje directo y sencillo que ayudar\u00e1 a pensar.<\/span><\/p>\n<p><span style=\"font-weight: 400\">El libro en papel se publica el d\u00eda 1 de octubre. Es posible adquirirlo en preventa <a href=\"https:\/\/bibliotecaonline.es\/product\/teologia-para-centennials\/\" target=\"_blank\" rel=\"noopener\">desde este enlace<\/a> y <\/span>a trav\u00e9s de la plataforma de\u00a0<em><a href=\"https:\/\/amzn.to\/39wn7wb\" target=\"_blank\" rel=\"noopener\">Amazon<\/a>.<\/em>\u00a0O<span style=\"font-weight: 400\"> bien en formato digital por medio de <em><a href=\"https:\/\/books.apple.com\/us\/book\/teolog%C3%ADa-para-centennials\/id1586780337?itsct=books_box_link&amp;itscg=30200&amp;ls=1&amp;at=11l9qT\" target=\"_blank\" rel=\"noopener\">Apple<\/a>,<\/em> <a href=\"https:\/\/play.google.com\/store\/books\/details\/Mario_Arroyo_Teolog%C3%ADa_para_Centennials?id=9-9DEAAAQBAJ&amp;PAffiliateId=1100l62093&amp;pcamrefid=exaudi\" target=\"_blank\" rel=\"noopener\"><em>Google Play<\/em><\/a> o el mismo <em><a href=\"https:\/\/amzn.to\/3nZqDrr\" target=\"_blank\" rel=\"noopener\">Amazon<\/a>.<\/em><\/span><\/p>\n","protected":false},"excerpt":{"rendered":"<p>Y de la Iglesia con el mundo contempor\u00e1neo<\/p>\n","protected":false},"author":6,"featured_media":34839,"comment_status":"closed","ping_status":"closed","sticky":false,"template":"","format":"standard","meta":{"_acf_changed":false,"_crdt_document":"","inline_featured_image":false,"footnotes":""},"categories":[76,298],"tags":[1179,460,4290],"class_list":["post-34833","post","type-post","status-publish","format-standard","has-post-thumbnail","hentry","category-arte-y-cultura","category-ultimas-noticias","tag-libro","tag-padre-mario-arroyo","tag-teologia-para-centennials"],"acf":[],"yoast_head":"<!-- This site is optimized with the Yoast SEO plugin v27.4 - https:\/\/yoast.com\/product\/yoast-seo-wordpress\/ -->\n<title>Teolog\u00eda para Centennials: Libro de di\u00e1logo con los j\u00f3venes - Exaudi<\/title>\n<meta name=\"description\" content=\"El sacerdote Mario Arroyo, autor \u201cTeolog\u00eda para Millennials\u201d, escribe el libro \u201cTeolog\u00eda para Centennials\u201d, un di\u00e1logo con los j\u00f3venes.\" \/>\n<meta name=\"robots\" content=\"index, follow, max-snippet:-1, max-image-preview:large, max-video-preview:-1\" \/>\n<link rel=\"canonical\" href=\"https:\/\/exaudi.org\/es\/teologia-centennials-libro-dialogo-jovenes\/\" \/>\n<meta property=\"og:locale\" content=\"es_ES\" \/>\n<meta property=\"og:type\" content=\"article\" \/>\n<meta property=\"og:title\" content=\"Teolog\u00eda para Centennials: Libro de di\u00e1logo con los j\u00f3venes - Exaudi\" \/>\n<meta property=\"og:description\" content=\"El sacerdote Mario Arroyo, autor \u201cTeolog\u00eda para Millennials\u201d, escribe el libro \u201cTeolog\u00eda para Centennials\u201d, un di\u00e1logo con los j\u00f3venes.\" \/>\n<meta property=\"og:url\" content=\"https:\/\/exaudi.org\/es\/teologia-centennials-libro-dialogo-jovenes\/\" \/>\n<meta property=\"og:site_name\" content=\"Exaudi\" \/>\n<meta property=\"article:publisher\" content=\"https:\/\/www.facebook.com\/ExaudiNews\" \/>\n<meta property=\"article:published_time\" content=\"2021-09-28T07:55:35+00:00\" \/>\n<meta property=\"article:modified_time\" content=\"2021-09-29T10:16:57+00:00\" \/>\n<meta property=\"og:image\" content=\"https:\/\/exaudi.org\/wp-content\/uploads\/2021\/09\/Centennials-Portada.jpg\" \/>\n\t<meta property=\"og:image:width\" content=\"1749\" \/>\n\t<meta property=\"og:image:height\" content=\"1436\" \/>\n\t<meta property=\"og:image:type\" content=\"image\/jpeg\" \/>\n<meta name=\"author\" content=\"Gabriel Sales\" \/>\n<meta name=\"twitter:card\" content=\"summary_large_image\" \/>\n<meta name=\"twitter:creator\" content=\"@habemusman\" \/>\n<meta name=\"twitter:site\" content=\"@Exaudi_News\" \/>\n<meta name=\"twitter:label1\" content=\"Escrito por\" \/>\n\t<meta name=\"twitter:data1\" content=\"Gabriel Sales\" \/>\n\t<meta name=\"twitter:label2\" content=\"Tiempo de lectura\" \/>\n\t<meta name=\"twitter:data2\" content=\"2 minutos\" \/>\n<script type=\"application\/ld+json\" class=\"yoast-schema-graph\">{\"@context\":\"https:\\\/\\\/schema.org\",\"@graph\":[{\"@type\":\"Article\",\"@id\":\"https:\\\/\\\/exaudi.org\\\/es\\\/teologia-centennials-libro-dialogo-jovenes\\\/#article\",\"isPartOf\":{\"@id\":\"https:\\\/\\\/exaudi.org\\\/es\\\/teologia-centennials-libro-dialogo-jovenes\\\/\"},\"author\":{\"name\":\"Gabriel Sales\",\"@id\":\"https:\\\/\\\/exaudi.org\\\/#\\\/schema\\\/person\\\/d134b96438278131ce90c90c03fda6cd\"},\"headline\":\"Teolog\u00eda para Centennials: Libro de di\u00e1logo con los j\u00f3venes\",\"datePublished\":\"2021-09-28T07:55:35+00:00\",\"dateModified\":\"2021-09-29T10:16:57+00:00\",\"mainEntityOfPage\":{\"@id\":\"https:\\\/\\\/exaudi.org\\\/es\\\/teologia-centennials-libro-dialogo-jovenes\\\/\"},\"wordCount\":428,\"image\":{\"@id\":\"https:\\\/\\\/exaudi.org\\\/es\\\/teologia-centennials-libro-dialogo-jovenes\\\/#primaryimage\"},\"thumbnailUrl\":\"https:\\\/\\\/exaudi.org\\\/wp-content\\\/uploads\\\/2021\\\/09\\\/Centennials-Portada.jpg\",\"keywords\":[\"Libro\",\"Padre Mario Arroyo\",\"Teolog\u00eda para Centennials\"],\"articleSection\":[\"Arte y Cultura\",\"\u00daltimas noticias\"],\"inLanguage\":\"es\"},{\"@type\":\"WebPage\",\"@id\":\"https:\\\/\\\/exaudi.org\\\/es\\\/teologia-centennials-libro-dialogo-jovenes\\\/\",\"url\":\"https:\\\/\\\/exaudi.org\\\/es\\\/teologia-centennials-libro-dialogo-jovenes\\\/\",\"name\":\"Teolog\u00eda para Centennials: Libro de di\u00e1logo con los j\u00f3venes - Exaudi\",\"isPartOf\":{\"@id\":\"https:\\\/\\\/exaudi.org\\\/#website\"},\"primaryImageOfPage\":{\"@id\":\"https:\\\/\\\/exaudi.org\\\/es\\\/teologia-centennials-libro-dialogo-jovenes\\\/#primaryimage\"},\"image\":{\"@id\":\"https:\\\/\\\/exaudi.org\\\/es\\\/teologia-centennials-libro-dialogo-jovenes\\\/#primaryimage\"},\"thumbnailUrl\":\"https:\\\/\\\/exaudi.org\\\/wp-content\\\/uploads\\\/2021\\\/09\\\/Centennials-Portada.jpg\",\"datePublished\":\"2021-09-28T07:55:35+00:00\",\"dateModified\":\"2021-09-29T10:16:57+00:00\",\"author\":{\"@id\":\"https:\\\/\\\/exaudi.org\\\/#\\\/schema\\\/person\\\/d134b96438278131ce90c90c03fda6cd\"},\"description\":\"El sacerdote Mario Arroyo, autor \u201cTeolog\u00eda para Millennials\u201d, escribe el libro \u201cTeolog\u00eda para Centennials\u201d, un di\u00e1logo con los j\u00f3venes.\",\"breadcrumb\":{\"@id\":\"https:\\\/\\\/exaudi.org\\\/es\\\/teologia-centennials-libro-dialogo-jovenes\\\/#breadcrumb\"},\"inLanguage\":\"es\",\"potentialAction\":[{\"@type\":\"ReadAction\",\"target\":[\"https:\\\/\\\/exaudi.org\\\/es\\\/teologia-centennials-libro-dialogo-jovenes\\\/\"]}]},{\"@type\":\"ImageObject\",\"inLanguage\":\"es\",\"@id\":\"https:\\\/\\\/exaudi.org\\\/es\\\/teologia-centennials-libro-dialogo-jovenes\\\/#primaryimage\",\"url\":\"https:\\\/\\\/exaudi.org\\\/wp-content\\\/uploads\\\/2021\\\/09\\\/Centennials-Portada.jpg\",\"contentUrl\":\"https:\\\/\\\/exaudi.org\\\/wp-content\\\/uploads\\\/2021\\\/09\\\/Centennials-Portada.jpg\",\"width\":1749,\"height\":1436,\"caption\":\"Foto de portada del libro \u00a9 Mario Arroyo\"},{\"@type\":\"BreadcrumbList\",\"@id\":\"https:\\\/\\\/exaudi.org\\\/es\\\/teologia-centennials-libro-dialogo-jovenes\\\/#breadcrumb\",\"itemListElement\":[{\"@type\":\"ListItem\",\"position\":1,\"name\":\"Portada\",\"item\":\"https:\\\/\\\/exaudi.org\\\/es\\\/\"},{\"@type\":\"ListItem\",\"position\":2,\"name\":\"Teolog\u00eda para Centennials: Libro de di\u00e1logo con los j\u00f3venes\"}]},{\"@type\":\"WebSite\",\"@id\":\"https:\\\/\\\/exaudi.org\\\/#website\",\"url\":\"https:\\\/\\\/exaudi.org\\\/\",\"name\":\"Exaudi\",\"description\":\"News\",\"potentialAction\":[{\"@type\":\"SearchAction\",\"target\":{\"@type\":\"EntryPoint\",\"urlTemplate\":\"https:\\\/\\\/exaudi.org\\\/?s={search_term_string}\"},\"query-input\":{\"@type\":\"PropertyValueSpecification\",\"valueRequired\":true,\"valueName\":\"search_term_string\"}}],\"inLanguage\":\"es\"},{\"@type\":\"Person\",\"@id\":\"https:\\\/\\\/exaudi.org\\\/#\\\/schema\\\/person\\\/d134b96438278131ce90c90c03fda6cd\",\"name\":\"Gabriel Sales\",\"image\":{\"@type\":\"ImageObject\",\"inLanguage\":\"es\",\"@id\":\"https:\\\/\\\/secure.gravatar.com\\\/avatar\\\/9b1269566f6a063ed26ffb3532b66a373cdde231ce5d0effb266167437fdaffd?s=96&d=mm&r=g\",\"url\":\"https:\\\/\\\/secure.gravatar.com\\\/avatar\\\/9b1269566f6a063ed26ffb3532b66a373cdde231ce5d0effb266167437fdaffd?s=96&d=mm&r=g\",\"contentUrl\":\"https:\\\/\\\/secure.gravatar.com\\\/avatar\\\/9b1269566f6a063ed26ffb3532b66a373cdde231ce5d0effb266167437fdaffd?s=96&d=mm&r=g\",\"caption\":\"Gabriel Sales\"},\"description\":\"Periodista y especialista en Comunicaci\u00f3n y Branding digital. Cin\u00e9filo y cr\u00edtico de cine y series de televisi\u00f3n.\",\"sameAs\":[\"https:\\\/\\\/www.instagram.com\\\/cine90segundos\\\/\",\"www.linkedin.com\\\/in\\\/habemusman\",\"https:\\\/\\\/x.com\\\/habemusman\",\"https:\\\/\\\/www.youtube.com\\\/channel\\\/UCVfCiOMkJ_C7T7OpyjuaLDg\"],\"url\":\"https:\\\/\\\/exaudi.org\\\/es\\\/author\\\/gsalesexaudi-org\\\/\"}]}<\/script>\n<!-- \/ Yoast SEO plugin. -->","yoast_head_json":{"title":"Teolog\u00eda para Centennials: Libro de di\u00e1logo con los j\u00f3venes - Exaudi","description":"El sacerdote Mario Arroyo, autor \u201cTeolog\u00eda para Millennials\u201d, escribe el libro \u201cTeolog\u00eda para Centennials\u201d, un di\u00e1logo con los j\u00f3venes.","robots":{"index":"index","follow":"follow","max-snippet":"max-snippet:-1","max-image-preview":"max-image-preview:large","max-video-preview":"max-video-preview:-1"},"canonical":"https:\/\/exaudi.org\/es\/teologia-centennials-libro-dialogo-jovenes\/","og_locale":"es_ES","og_type":"article","og_title":"Teolog\u00eda para Centennials: Libro de di\u00e1logo con los j\u00f3venes - Exaudi","og_description":"El sacerdote Mario Arroyo, autor \u201cTeolog\u00eda para Millennials\u201d, escribe el libro \u201cTeolog\u00eda para Centennials\u201d, un di\u00e1logo con los j\u00f3venes.","og_url":"https:\/\/exaudi.org\/es\/teologia-centennials-libro-dialogo-jovenes\/","og_site_name":"Exaudi","article_publisher":"https:\/\/www.facebook.com\/ExaudiNews","article_published_time":"2021-09-28T07:55:35+00:00","article_modified_time":"2021-09-29T10:16:57+00:00","og_image":[{"width":1749,"height":1436,"url":"https:\/\/exaudi.org\/wp-content\/uploads\/2021\/09\/Centennials-Portada.jpg","type":"image\/jpeg"}],"author":"Gabriel Sales","twitter_card":"summary_large_image","twitter_creator":"@habemusman","twitter_site":"@Exaudi_News","twitter_misc":{"Escrito por":"Gabriel Sales","Tiempo de lectura":"2 minutos"},"schema":{"@context":"https:\/\/schema.org","@graph":[{"@type":"Article","@id":"https:\/\/exaudi.org\/es\/teologia-centennials-libro-dialogo-jovenes\/#article","isPartOf":{"@id":"https:\/\/exaudi.org\/es\/teologia-centennials-libro-dialogo-jovenes\/"},"author":{"name":"Gabriel Sales","@id":"https:\/\/exaudi.org\/#\/schema\/person\/d134b96438278131ce90c90c03fda6cd"},"headline":"Teolog\u00eda para Centennials: Libro de di\u00e1logo con los j\u00f3venes","datePublished":"2021-09-28T07:55:35+00:00","dateModified":"2021-09-29T10:16:57+00:00","mainEntityOfPage":{"@id":"https:\/\/exaudi.org\/es\/teologia-centennials-libro-dialogo-jovenes\/"},"wordCount":428,"image":{"@id":"https:\/\/exaudi.org\/es\/teologia-centennials-libro-dialogo-jovenes\/#primaryimage"},"thumbnailUrl":"https:\/\/exaudi.org\/wp-content\/uploads\/2021\/09\/Centennials-Portada.jpg","keywords":["Libro","Padre Mario Arroyo","Teolog\u00eda para Centennials"],"articleSection":["Arte y Cultura","\u00daltimas noticias"],"inLanguage":"es"},{"@type":"WebPage","@id":"https:\/\/exaudi.org\/es\/teologia-centennials-libro-dialogo-jovenes\/","url":"https:\/\/exaudi.org\/es\/teologia-centennials-libro-dialogo-jovenes\/","name":"Teolog\u00eda para Centennials: Libro de di\u00e1logo con los j\u00f3venes - Exaudi","isPartOf":{"@id":"https:\/\/exaudi.org\/#website"},"primaryImageOfPage":{"@id":"https:\/\/exaudi.org\/es\/teologia-centennials-libro-dialogo-jovenes\/#primaryimage"},"image":{"@id":"https:\/\/exaudi.org\/es\/teologia-centennials-libro-dialogo-jovenes\/#primaryimage"},"thumbnailUrl":"https:\/\/exaudi.org\/wp-content\/uploads\/2021\/09\/Centennials-Portada.jpg","datePublished":"2021-09-28T07:55:35+00:00","dateModified":"2021-09-29T10:16:57+00:00","author":{"@id":"https:\/\/exaudi.org\/#\/schema\/person\/d134b96438278131ce90c90c03fda6cd"},"description":"El sacerdote Mario Arroyo, autor \u201cTeolog\u00eda para Millennials\u201d, escribe el libro \u201cTeolog\u00eda para Centennials\u201d, un di\u00e1logo con los j\u00f3venes.","breadcrumb":{"@id":"https:\/\/exaudi.org\/es\/teologia-centennials-libro-dialogo-jovenes\/#breadcrumb"},"inLanguage":"es","potentialAction":[{"@type":"ReadAction","target":["https:\/\/exaudi.org\/es\/teologia-centennials-libro-dialogo-jovenes\/"]}]},{"@type":"ImageObject","inLanguage":"es","@id":"https:\/\/exaudi.org\/es\/teologia-centennials-libro-dialogo-jovenes\/#primaryimage","url":"https:\/\/exaudi.org\/wp-content\/uploads\/2021\/09\/Centennials-Portada.jpg","contentUrl":"https:\/\/exaudi.org\/wp-content\/uploads\/2021\/09\/Centennials-Portada.jpg","width":1749,"height":1436,"caption":"Foto de portada del libro \u00a9 Mario Arroyo"},{"@type":"BreadcrumbList","@id":"https:\/\/exaudi.org\/es\/teologia-centennials-libro-dialogo-jovenes\/#breadcrumb","itemListElement":[{"@type":"ListItem","position":1,"name":"Portada","item":"https:\/\/exaudi.org\/es\/"},{"@type":"ListItem","position":2,"name":"Teolog\u00eda para Centennials: Libro de di\u00e1logo con los j\u00f3venes"}]},{"@type":"WebSite","@id":"https:\/\/exaudi.org\/#website","url":"https:\/\/exaudi.org\/","name":"Exaudi","description":"News","potentialAction":[{"@type":"SearchAction","target":{"@type":"EntryPoint","urlTemplate":"https:\/\/exaudi.org\/?s={search_term_string}"},"query-input":{"@type":"PropertyValueSpecification","valueRequired":true,"valueName":"search_term_string"}}],"inLanguage":"es"},{"@type":"Person","@id":"https:\/\/exaudi.org\/#\/schema\/person\/d134b96438278131ce90c90c03fda6cd","name":"Gabriel Sales","image":{"@type":"ImageObject","inLanguage":"es","@id":"https:\/\/secure.gravatar.com\/avatar\/9b1269566f6a063ed26ffb3532b66a373cdde231ce5d0effb266167437fdaffd?s=96&d=mm&r=g","url":"https:\/\/secure.gravatar.com\/avatar\/9b1269566f6a063ed26ffb3532b66a373cdde231ce5d0effb266167437fdaffd?s=96&d=mm&r=g","contentUrl":"https:\/\/secure.gravatar.com\/avatar\/9b1269566f6a063ed26ffb3532b66a373cdde231ce5d0effb266167437fdaffd?s=96&d=mm&r=g","caption":"Gabriel Sales"},"description":"Periodista y especialista en Comunicaci\u00f3n y Branding digital. Cin\u00e9filo y cr\u00edtico de cine y series de televisi\u00f3n.","sameAs":["https:\/\/www.instagram.com\/cine90segundos\/","www.linkedin.com\/in\/habemusman","https:\/\/x.com\/habemusman","https:\/\/www.youtube.com\/channel\/UCVfCiOMkJ_C7T7OpyjuaLDg"],"url":"https:\/\/exaudi.org\/es\/author\/gsalesexaudi-org\/"}]}},"jetpack_featured_media_url":"https:\/\/exaudi.org\/wp-content\/uploads\/2021\/09\/Centennials-Portada.jpg","jetpack_shortlink":"https:\/\/wp.me\/pgKjF2-93P","_links":{"self":[{"href":"https:\/\/exaudi.org\/es\/wp-json\/wp\/v2\/posts\/34833","targetHints":{"allow":["GET"]}}],"collection":[{"href":"https:\/\/exaudi.org\/es\/wp-json\/wp\/v2\/posts"}],"about":[{"href":"https:\/\/exaudi.org\/es\/wp-json\/wp\/v2\/types\/post"}],"author":[{"embeddable":true,"href":"https:\/\/exaudi.org\/es\/wp-json\/wp\/v2\/users\/6"}],"replies":[{"embeddable":true,"href":"https:\/\/exaudi.org\/es\/wp-json\/wp\/v2\/comments?post=34833"}],"version-history":[{"count":0,"href":"https:\/\/exaudi.org\/es\/wp-json\/wp\/v2\/posts\/34833\/revisions"}],"wp:featuredmedia":[{"embeddable":true,"href":"https:\/\/exaudi.org\/es\/wp-json\/wp\/v2\/media\/34839"}],"wp:attachment":[{"href":"https:\/\/exaudi.org\/es\/wp-json\/wp\/v2\/media?parent=34833"}],"wp:term":[{"taxonomy":"category","embeddable":true,"href":"https:\/\/exaudi.org\/es\/wp-json\/wp\/v2\/categories?post=34833"},{"taxonomy":"post_tag","embeddable":true,"href":"https:\/\/exaudi.org\/es\/wp-json\/wp\/v2\/tags?post=34833"}],"curies":[{"name":"wp","href":"https:\/\/api.w.org\/{rel}","templated":true}]}}