{"id":34703,"date":"2021-09-27T12:00:47","date_gmt":"2021-09-27T10:00:47","guid":{"rendered":"https:\/\/exaudi.wpengine.com\/?p=34703"},"modified":"2021-09-27T14:53:42","modified_gmt":"2021-09-27T12:53:42","slug":"cardenal-osoro-150-aniversario-san-agustin-estados-unidos","status":"publish","type":"post","link":"https:\/\/exaudi.org\/es\/cardenal-osoro-150-aniversario-san-agustin-estados-unidos\/","title":{"rendered":"EE.UU: Osoro, delegado pontificio en aniversario de San Agust\u00edn"},"content":{"rendered":"<p>El <a href=\"https:\/\/exaudi.wpengine.com\/es\/papa-llamados-vigilar-nuestro-corazon\/\" target=\"_blank\" rel=\"noopener\">Papa Francisco<\/a> ha nombrado al cardenal Carlos Osoro Sierra, arzobispo de Madrid, Espa\u00f1a, como su enviado especial en la celebraci\u00f3n del 150 aniversario de la di\u00f3cesis de San Agust\u00edn, Estados Unidos, prevista para el 10 de octubre de 2021, durante la cual se celebrar\u00e1 la ceremonia de coronaci\u00f3n de la imagen de Nuestra Se\u00f1ora de la Leche y del Buen Parto. As\u00ed inform\u00f3 el s\u00e1bado 25 de septiembre la <a href=\"https:\/\/www.vatican.va\/news_services\/press\/index_sp.htm\" target=\"_blank\" rel=\"noopener\">Santa Sede.<\/a><\/p>\n<h4><strong>Monse\u00f1or Carlos Osoro<\/strong><\/h4>\n<p>La <a href=\"https:\/\/www.conferenciaepiscopal.es\/\" target=\"_blank\" rel=\"noopener\">Conferencia Episcopal Espa\u00f1ola<\/a> (CEE) describe que naci\u00f3 en Casta\u00f1eda, Cantabria, Espa\u00f1a, el 16 de mayo de 1945. Curs\u00f3, entre otros, estudios de magisterio, pedagog\u00eda y matem\u00e1ticas, y ejerci\u00f3 la docencia hasta su ingreso en el Seminario para vocaciones tard\u00edas Colegio Mayor El Salvador de Salamanca para realizar, en la Universidad Pontificia, los estudios en Filosof\u00eda y en Teolog\u00eda. Fue ordenado sacerdote el 29 de julio de 1973 en Santander, di\u00f3cesis en la que desarroll\u00f3 su ministerio sacerdotal.<\/p>\n<p>Mons. Osoro durante los dos primeros a\u00f1os de sacerdocio trabaj\u00f3 en la pastoral parroquial y la docencia. En 1975 fue nombrado Secretario General de Pastoral, Delegado de Apostolado Seglar, Delegado Episcopal de Seminarios y Pastoral Vocacional y Vicario General de Pastoral.<\/p>\n<p>En 1976, se unifican la Vicar\u00eda General de Pastoral y la Administrativo-jur\u00eddica y Mons. Osoro es nombrado Vicario General, cargo en el que permaneci\u00f3 hasta 1993, cuando fue nombrado Can\u00f3nigo de la Santa Iglesia Catedral Bas\u00edlica de Santander, y un a\u00f1o m\u00e1s tarde Presidente.<\/p>\n<p>Adem\u00e1s, en 1977 fue nombrado Rector del Seminario de Monte Corb\u00e1n, Santander, y ejerce esta misi\u00f3n hasta que es nombrado Obispo. Durante su \u00faltimo a\u00f1o en la di\u00f3cesis, en 1996, fue tambi\u00e9n Director del centro Asociado del Instituto Internacional de Teolog\u00eda a Distancia y Director del Instituto Superior de Ciencias Religiosas San Agust\u00edn, dependiente del Instituto Internacional y de la Universidad Pontificia de Comillas.<\/p>\n<p>El 22 de febrero de\u00a01997 fue nombrado Obispo de Orense. El 7 de enero de 2002 fue designado Arzobispo de Oviedo. Administrador Apost\u00f3lico de Santander (23 de septiembre de 2006- 9 de septiembre de 2007).\u00a0Benedicto XVI le nombra arzobispo de Valencia el 8 de enero de 2009\u00a0y el\u00a028 de agosto de 2014 el\u00a0Papa Francisco le nombr\u00f3 Arzobispo de Madrid. Tom\u00f3 posesi\u00f3n el 25 de octubre del mismo a\u00f1o. Fue Patrono vitalicio de la Fundaci\u00f3n Universitaria Espa\u00f1ola y director de su seminario de Teolog\u00eda, desde noviembre de 2008. Miembro de Honor del Colegio Profesional de la Educaci\u00f3n de Madrid, desde septiembre de 2016.<\/p>\n<p>Tras su participaci\u00f3n en la XIV Asamblea General Ordinaria del S\u00ednodo de los Obispos (4-25\/11\/2015), dedicada a la familia, el 14 de noviembre de ese a\u00f1o, el Papa Francisco lo eligi\u00f3 como uno de los miembros del XIV Consejo Ordinario de la Secretar\u00eda General del S\u00ednodo de los Obispos; un organismo permanente que, en colaboraci\u00f3n con el Pont\u00edfice, tiene como tarea la organizaci\u00f3n del S\u00ednodo, as\u00ed como elaboraci\u00f3n de los textos y documentaci\u00f3n que servir\u00e1 de base para los estudios de la Asamblea.<\/p>\n<p>El 9 de junio de 2016, el Papa Francisco erigi\u00f3 un Ordinariato para los fieles cat\u00f3licos orientales residentes en Espa\u00f1a y nombr\u00f3 a Mons. Osoro como su ordinario.\u00a0Creado cardenal por el papa Francisco el 19 de noviembre de 2016. El 23 de diciembre de 2017, el Santo Padre lo nombr\u00f3 miembro de la Congregaci\u00f3n para la Educaci\u00f3n Cat\u00f3lica.<\/p>\n<p>Es\u00a0Vicepresidente de la CEE desde el 3 de marzo de 2020. Es miembro de la Comisi\u00f3n Ejecutiva, de la Comisi\u00f3n Permanente y miembro del Consejo de cardenales de la CEE.\u00a0Fue miembro del Comit\u00e9 Ejecutivo de 2017-2020, organismo del que ya hab\u00eda sido miembro de 2005 a 2011. Durante el trienio 2014-2017 fue vicepresidente de la CEE.\u00a0De 1997 a 1999 fue miembro de la Comisi\u00f3n Episcopal del Clero. Ha sido Presidente de esta Comisi\u00f3n de 1999 a 2002 y de 2003 a 2005 y Presidente de la Comisi\u00f3n Episcopal de Apostolado Seglar desde 2011 a 2014.<\/p>\n","protected":false},"excerpt":{"rendered":"<p>Nombramiento del Papa Francisco<\/p>\n","protected":false},"author":6,"featured_media":34704,"comment_status":"closed","ping_status":"closed","sticky":false,"template":"","format":"standard","meta":{"_acf_changed":false,"_crdt_document":"","inline_featured_image":false,"footnotes":""},"categories":[86,298],"tags":[4273,4274,565,292,158],"class_list":["post-34703","post","type-post","status-publish","format-standard","has-post-thumbnail","hentry","category-iglesia-local","category-ultimas-noticias","tag-carlos-osoro","tag-diocesis-de-san-agustin","tag-estados-unidos","tag-nombramiento","tag-papa-francisco"],"acf":[],"yoast_head":"<!-- This site is optimized with the Yoast SEO plugin v27.5 - https:\/\/yoast.com\/product\/yoast-seo-wordpress\/ -->\n<title>EE.UU: Osoro, delegado pontificio en aniversario de San Agust\u00edn<\/title>\n<meta name=\"description\" content=\"El Papa ha nombrado al cardenal Osoro como enviado especial al 150 aniversario de la di\u00f3cesis de San Agust\u00edn, Estados Unidos.\" \/>\n<meta name=\"robots\" content=\"index, follow, max-snippet:-1, max-image-preview:large, max-video-preview:-1\" \/>\n<link rel=\"canonical\" href=\"https:\/\/exaudi.org\/es\/cardenal-osoro-150-aniversario-san-agustin-estados-unidos\/\" \/>\n<meta property=\"og:locale\" content=\"es_ES\" \/>\n<meta property=\"og:type\" content=\"article\" \/>\n<meta property=\"og:title\" content=\"EE.UU: Osoro, delegado pontificio en aniversario de San Agust\u00edn\" \/>\n<meta property=\"og:description\" content=\"El Papa ha nombrado al cardenal Osoro como enviado especial al 150 aniversario de la di\u00f3cesis de San Agust\u00edn, Estados Unidos.\" \/>\n<meta property=\"og:url\" content=\"https:\/\/exaudi.org\/es\/cardenal-osoro-150-aniversario-san-agustin-estados-unidos\/\" \/>\n<meta property=\"og:site_name\" content=\"Exaudi\" \/>\n<meta property=\"article:publisher\" content=\"https:\/\/www.facebook.com\/ExaudiNews\" \/>\n<meta property=\"article:published_time\" content=\"2021-09-27T10:00:47+00:00\" \/>\n<meta property=\"article:modified_time\" content=\"2021-09-27T12:53:42+00:00\" \/>\n<meta property=\"og:image\" content=\"https:\/\/exaudi.org\/wp-content\/uploads\/2021\/09\/546243c4.jpeg\" \/>\n\t<meta property=\"og:image:width\" content=\"1455\" \/>\n\t<meta property=\"og:image:height\" content=\"819\" \/>\n\t<meta property=\"og:image:type\" content=\"image\/jpeg\" \/>\n<meta name=\"author\" content=\"Gabriel Sales\" \/>\n<meta name=\"twitter:card\" content=\"summary_large_image\" \/>\n<meta name=\"twitter:creator\" content=\"@habemusman\" \/>\n<meta name=\"twitter:site\" content=\"@Exaudi_News\" \/>\n<meta name=\"twitter:label1\" content=\"Escrito por\" \/>\n\t<meta name=\"twitter:data1\" content=\"Gabriel Sales\" \/>\n\t<meta name=\"twitter:label2\" content=\"Tiempo de lectura\" \/>\n\t<meta name=\"twitter:data2\" content=\"3 minutos\" \/>\n<script type=\"application\/ld+json\" class=\"yoast-schema-graph\">{\"@context\":\"https:\\\/\\\/schema.org\",\"@graph\":[{\"@type\":\"Article\",\"@id\":\"https:\\\/\\\/exaudi.org\\\/es\\\/cardenal-osoro-150-aniversario-san-agustin-estados-unidos\\\/#article\",\"isPartOf\":{\"@id\":\"https:\\\/\\\/exaudi.org\\\/es\\\/cardenal-osoro-150-aniversario-san-agustin-estados-unidos\\\/\"},\"author\":{\"name\":\"Gabriel Sales\",\"@id\":\"https:\\\/\\\/exaudi.org\\\/#\\\/schema\\\/person\\\/d134b96438278131ce90c90c03fda6cd\"},\"headline\":\"EE.UU: Osoro, delegado pontificio en aniversario de San Agust\u00edn\",\"datePublished\":\"2021-09-27T10:00:47+00:00\",\"dateModified\":\"2021-09-27T12:53:42+00:00\",\"mainEntityOfPage\":{\"@id\":\"https:\\\/\\\/exaudi.org\\\/es\\\/cardenal-osoro-150-aniversario-san-agustin-estados-unidos\\\/\"},\"wordCount\":675,\"image\":{\"@id\":\"https:\\\/\\\/exaudi.org\\\/es\\\/cardenal-osoro-150-aniversario-san-agustin-estados-unidos\\\/#primaryimage\"},\"thumbnailUrl\":\"https:\\\/\\\/exaudi.org\\\/wp-content\\\/uploads\\\/2021\\\/09\\\/546243c4.jpeg\",\"keywords\":[\"Carlos Osoro\",\"Di\u00f3cesis de San Agust\u00edn\",\"Estados Unidos\",\"Nombramiento\",\"papa francisco\"],\"articleSection\":[\"Iglesia Local\",\"\u00daltimas noticias\"],\"inLanguage\":\"es\"},{\"@type\":\"WebPage\",\"@id\":\"https:\\\/\\\/exaudi.org\\\/es\\\/cardenal-osoro-150-aniversario-san-agustin-estados-unidos\\\/\",\"url\":\"https:\\\/\\\/exaudi.org\\\/es\\\/cardenal-osoro-150-aniversario-san-agustin-estados-unidos\\\/\",\"name\":\"EE.UU: Osoro, delegado pontificio en aniversario de San Agust\u00edn\",\"isPartOf\":{\"@id\":\"https:\\\/\\\/exaudi.org\\\/#website\"},\"primaryImageOfPage\":{\"@id\":\"https:\\\/\\\/exaudi.org\\\/es\\\/cardenal-osoro-150-aniversario-san-agustin-estados-unidos\\\/#primaryimage\"},\"image\":{\"@id\":\"https:\\\/\\\/exaudi.org\\\/es\\\/cardenal-osoro-150-aniversario-san-agustin-estados-unidos\\\/#primaryimage\"},\"thumbnailUrl\":\"https:\\\/\\\/exaudi.org\\\/wp-content\\\/uploads\\\/2021\\\/09\\\/546243c4.jpeg\",\"datePublished\":\"2021-09-27T10:00:47+00:00\",\"dateModified\":\"2021-09-27T12:53:42+00:00\",\"author\":{\"@id\":\"https:\\\/\\\/exaudi.org\\\/#\\\/schema\\\/person\\\/d134b96438278131ce90c90c03fda6cd\"},\"description\":\"El Papa ha nombrado al cardenal Osoro como enviado especial al 150 aniversario de la di\u00f3cesis de San Agust\u00edn, Estados Unidos.\",\"breadcrumb\":{\"@id\":\"https:\\\/\\\/exaudi.org\\\/es\\\/cardenal-osoro-150-aniversario-san-agustin-estados-unidos\\\/#breadcrumb\"},\"inLanguage\":\"es\",\"potentialAction\":[{\"@type\":\"ReadAction\",\"target\":[\"https:\\\/\\\/exaudi.org\\\/es\\\/cardenal-osoro-150-aniversario-san-agustin-estados-unidos\\\/\"]}]},{\"@type\":\"ImageObject\",\"inLanguage\":\"es\",\"@id\":\"https:\\\/\\\/exaudi.org\\\/es\\\/cardenal-osoro-150-aniversario-san-agustin-estados-unidos\\\/#primaryimage\",\"url\":\"https:\\\/\\\/exaudi.org\\\/wp-content\\\/uploads\\\/2021\\\/09\\\/546243c4.jpeg\",\"contentUrl\":\"https:\\\/\\\/exaudi.org\\\/wp-content\\\/uploads\\\/2021\\\/09\\\/546243c4.jpeg\",\"width\":1455,\"height\":819,\"caption\":\"Cardenal Osoro en la Almudena, Madrid \u00a9 Vatican Media\"},{\"@type\":\"BreadcrumbList\",\"@id\":\"https:\\\/\\\/exaudi.org\\\/es\\\/cardenal-osoro-150-aniversario-san-agustin-estados-unidos\\\/#breadcrumb\",\"itemListElement\":[{\"@type\":\"ListItem\",\"position\":1,\"name\":\"Portada\",\"item\":\"https:\\\/\\\/exaudi.org\\\/es\\\/\"},{\"@type\":\"ListItem\",\"position\":2,\"name\":\"EE.UU: Osoro, delegado pontificio en aniversario de San Agust\u00edn\"}]},{\"@type\":\"WebSite\",\"@id\":\"https:\\\/\\\/exaudi.org\\\/#website\",\"url\":\"https:\\\/\\\/exaudi.org\\\/\",\"name\":\"Exaudi\",\"description\":\"News\",\"potentialAction\":[{\"@type\":\"SearchAction\",\"target\":{\"@type\":\"EntryPoint\",\"urlTemplate\":\"https:\\\/\\\/exaudi.org\\\/?s={search_term_string}\"},\"query-input\":{\"@type\":\"PropertyValueSpecification\",\"valueRequired\":true,\"valueName\":\"search_term_string\"}}],\"inLanguage\":\"es\"},{\"@type\":\"Person\",\"@id\":\"https:\\\/\\\/exaudi.org\\\/#\\\/schema\\\/person\\\/d134b96438278131ce90c90c03fda6cd\",\"name\":\"Gabriel Sales\",\"image\":{\"@type\":\"ImageObject\",\"inLanguage\":\"es\",\"@id\":\"https:\\\/\\\/secure.gravatar.com\\\/avatar\\\/9b1269566f6a063ed26ffb3532b66a373cdde231ce5d0effb266167437fdaffd?s=96&d=mm&r=g\",\"url\":\"https:\\\/\\\/secure.gravatar.com\\\/avatar\\\/9b1269566f6a063ed26ffb3532b66a373cdde231ce5d0effb266167437fdaffd?s=96&d=mm&r=g\",\"contentUrl\":\"https:\\\/\\\/secure.gravatar.com\\\/avatar\\\/9b1269566f6a063ed26ffb3532b66a373cdde231ce5d0effb266167437fdaffd?s=96&d=mm&r=g\",\"caption\":\"Gabriel Sales\"},\"description\":\"Periodista y especialista en Comunicaci\u00f3n y Branding digital. Cin\u00e9filo y cr\u00edtico de cine y series de televisi\u00f3n.\",\"sameAs\":[\"https:\\\/\\\/www.instagram.com\\\/cine90segundos\\\/\",\"www.linkedin.com\\\/in\\\/habemusman\",\"https:\\\/\\\/x.com\\\/habemusman\",\"https:\\\/\\\/www.youtube.com\\\/channel\\\/UCVfCiOMkJ_C7T7OpyjuaLDg\"],\"url\":\"https:\\\/\\\/exaudi.org\\\/es\\\/author\\\/gsalesexaudi-org\\\/\"}]}<\/script>\n<!-- \/ Yoast SEO plugin. -->","yoast_head_json":{"title":"EE.UU: Osoro, delegado pontificio en aniversario de San Agust\u00edn","description":"El Papa ha nombrado al cardenal Osoro como enviado especial al 150 aniversario de la di\u00f3cesis de San Agust\u00edn, Estados Unidos.","robots":{"index":"index","follow":"follow","max-snippet":"max-snippet:-1","max-image-preview":"max-image-preview:large","max-video-preview":"max-video-preview:-1"},"canonical":"https:\/\/exaudi.org\/es\/cardenal-osoro-150-aniversario-san-agustin-estados-unidos\/","og_locale":"es_ES","og_type":"article","og_title":"EE.UU: Osoro, delegado pontificio en aniversario de San Agust\u00edn","og_description":"El Papa ha nombrado al cardenal Osoro como enviado especial al 150 aniversario de la di\u00f3cesis de San Agust\u00edn, Estados Unidos.","og_url":"https:\/\/exaudi.org\/es\/cardenal-osoro-150-aniversario-san-agustin-estados-unidos\/","og_site_name":"Exaudi","article_publisher":"https:\/\/www.facebook.com\/ExaudiNews","article_published_time":"2021-09-27T10:00:47+00:00","article_modified_time":"2021-09-27T12:53:42+00:00","og_image":[{"width":1455,"height":819,"url":"https:\/\/exaudi.org\/wp-content\/uploads\/2021\/09\/546243c4.jpeg","type":"image\/jpeg"}],"author":"Gabriel Sales","twitter_card":"summary_large_image","twitter_creator":"@habemusman","twitter_site":"@Exaudi_News","twitter_misc":{"Escrito por":"Gabriel Sales","Tiempo de lectura":"3 minutos"},"schema":{"@context":"https:\/\/schema.org","@graph":[{"@type":"Article","@id":"https:\/\/exaudi.org\/es\/cardenal-osoro-150-aniversario-san-agustin-estados-unidos\/#article","isPartOf":{"@id":"https:\/\/exaudi.org\/es\/cardenal-osoro-150-aniversario-san-agustin-estados-unidos\/"},"author":{"name":"Gabriel Sales","@id":"https:\/\/exaudi.org\/#\/schema\/person\/d134b96438278131ce90c90c03fda6cd"},"headline":"EE.UU: Osoro, delegado pontificio en aniversario de San Agust\u00edn","datePublished":"2021-09-27T10:00:47+00:00","dateModified":"2021-09-27T12:53:42+00:00","mainEntityOfPage":{"@id":"https:\/\/exaudi.org\/es\/cardenal-osoro-150-aniversario-san-agustin-estados-unidos\/"},"wordCount":675,"image":{"@id":"https:\/\/exaudi.org\/es\/cardenal-osoro-150-aniversario-san-agustin-estados-unidos\/#primaryimage"},"thumbnailUrl":"https:\/\/exaudi.org\/wp-content\/uploads\/2021\/09\/546243c4.jpeg","keywords":["Carlos Osoro","Di\u00f3cesis de San Agust\u00edn","Estados Unidos","Nombramiento","papa francisco"],"articleSection":["Iglesia Local","\u00daltimas noticias"],"inLanguage":"es"},{"@type":"WebPage","@id":"https:\/\/exaudi.org\/es\/cardenal-osoro-150-aniversario-san-agustin-estados-unidos\/","url":"https:\/\/exaudi.org\/es\/cardenal-osoro-150-aniversario-san-agustin-estados-unidos\/","name":"EE.UU: Osoro, delegado pontificio en aniversario de San Agust\u00edn","isPartOf":{"@id":"https:\/\/exaudi.org\/#website"},"primaryImageOfPage":{"@id":"https:\/\/exaudi.org\/es\/cardenal-osoro-150-aniversario-san-agustin-estados-unidos\/#primaryimage"},"image":{"@id":"https:\/\/exaudi.org\/es\/cardenal-osoro-150-aniversario-san-agustin-estados-unidos\/#primaryimage"},"thumbnailUrl":"https:\/\/exaudi.org\/wp-content\/uploads\/2021\/09\/546243c4.jpeg","datePublished":"2021-09-27T10:00:47+00:00","dateModified":"2021-09-27T12:53:42+00:00","author":{"@id":"https:\/\/exaudi.org\/#\/schema\/person\/d134b96438278131ce90c90c03fda6cd"},"description":"El Papa ha nombrado al cardenal Osoro como enviado especial al 150 aniversario de la di\u00f3cesis de San Agust\u00edn, Estados Unidos.","breadcrumb":{"@id":"https:\/\/exaudi.org\/es\/cardenal-osoro-150-aniversario-san-agustin-estados-unidos\/#breadcrumb"},"inLanguage":"es","potentialAction":[{"@type":"ReadAction","target":["https:\/\/exaudi.org\/es\/cardenal-osoro-150-aniversario-san-agustin-estados-unidos\/"]}]},{"@type":"ImageObject","inLanguage":"es","@id":"https:\/\/exaudi.org\/es\/cardenal-osoro-150-aniversario-san-agustin-estados-unidos\/#primaryimage","url":"https:\/\/exaudi.org\/wp-content\/uploads\/2021\/09\/546243c4.jpeg","contentUrl":"https:\/\/exaudi.org\/wp-content\/uploads\/2021\/09\/546243c4.jpeg","width":1455,"height":819,"caption":"Cardenal Osoro en la Almudena, Madrid \u00a9 Vatican Media"},{"@type":"BreadcrumbList","@id":"https:\/\/exaudi.org\/es\/cardenal-osoro-150-aniversario-san-agustin-estados-unidos\/#breadcrumb","itemListElement":[{"@type":"ListItem","position":1,"name":"Portada","item":"https:\/\/exaudi.org\/es\/"},{"@type":"ListItem","position":2,"name":"EE.UU: Osoro, delegado pontificio en aniversario de San Agust\u00edn"}]},{"@type":"WebSite","@id":"https:\/\/exaudi.org\/#website","url":"https:\/\/exaudi.org\/","name":"Exaudi","description":"News","potentialAction":[{"@type":"SearchAction","target":{"@type":"EntryPoint","urlTemplate":"https:\/\/exaudi.org\/?s={search_term_string}"},"query-input":{"@type":"PropertyValueSpecification","valueRequired":true,"valueName":"search_term_string"}}],"inLanguage":"es"},{"@type":"Person","@id":"https:\/\/exaudi.org\/#\/schema\/person\/d134b96438278131ce90c90c03fda6cd","name":"Gabriel Sales","image":{"@type":"ImageObject","inLanguage":"es","@id":"https:\/\/secure.gravatar.com\/avatar\/9b1269566f6a063ed26ffb3532b66a373cdde231ce5d0effb266167437fdaffd?s=96&d=mm&r=g","url":"https:\/\/secure.gravatar.com\/avatar\/9b1269566f6a063ed26ffb3532b66a373cdde231ce5d0effb266167437fdaffd?s=96&d=mm&r=g","contentUrl":"https:\/\/secure.gravatar.com\/avatar\/9b1269566f6a063ed26ffb3532b66a373cdde231ce5d0effb266167437fdaffd?s=96&d=mm&r=g","caption":"Gabriel Sales"},"description":"Periodista y especialista en Comunicaci\u00f3n y Branding digital. Cin\u00e9filo y cr\u00edtico de cine y series de televisi\u00f3n.","sameAs":["https:\/\/www.instagram.com\/cine90segundos\/","www.linkedin.com\/in\/habemusman","https:\/\/x.com\/habemusman","https:\/\/www.youtube.com\/channel\/UCVfCiOMkJ_C7T7OpyjuaLDg"],"url":"https:\/\/exaudi.org\/es\/author\/gsalesexaudi-org\/"}]}},"jetpack_featured_media_url":"https:\/\/exaudi.org\/wp-content\/uploads\/2021\/09\/546243c4.jpeg","jetpack_shortlink":"https:\/\/wp.me\/pgKjF2-91J","_links":{"self":[{"href":"https:\/\/exaudi.org\/es\/wp-json\/wp\/v2\/posts\/34703","targetHints":{"allow":["GET"]}}],"collection":[{"href":"https:\/\/exaudi.org\/es\/wp-json\/wp\/v2\/posts"}],"about":[{"href":"https:\/\/exaudi.org\/es\/wp-json\/wp\/v2\/types\/post"}],"author":[{"embeddable":true,"href":"https:\/\/exaudi.org\/es\/wp-json\/wp\/v2\/users\/6"}],"replies":[{"embeddable":true,"href":"https:\/\/exaudi.org\/es\/wp-json\/wp\/v2\/comments?post=34703"}],"version-history":[{"count":0,"href":"https:\/\/exaudi.org\/es\/wp-json\/wp\/v2\/posts\/34703\/revisions"}],"wp:featuredmedia":[{"embeddable":true,"href":"https:\/\/exaudi.org\/es\/wp-json\/wp\/v2\/media\/34704"}],"wp:attachment":[{"href":"https:\/\/exaudi.org\/es\/wp-json\/wp\/v2\/media?parent=34703"}],"wp:term":[{"taxonomy":"category","embeddable":true,"href":"https:\/\/exaudi.org\/es\/wp-json\/wp\/v2\/categories?post=34703"},{"taxonomy":"post_tag","embeddable":true,"href":"https:\/\/exaudi.org\/es\/wp-json\/wp\/v2\/tags?post=34703"}],"curies":[{"name":"wp","href":"https:\/\/api.w.org\/{rel}","templated":true}]}}