{"id":34673,"date":"2025-09-27T07:30:38","date_gmt":"2025-09-27T05:30:38","guid":{"rendered":"https:\/\/exaudi.wpengine.com\/?p=34673"},"modified":"2025-09-25T12:23:19","modified_gmt":"2025-09-25T10:23:19","slug":"san-vicente-paul","status":"publish","type":"post","link":"https:\/\/exaudi.org\/es\/san-vicente-paul\/","title":{"rendered":"San Vicente de Pa\u00fal, patr\u00f3n de asociaciones de caridad"},"content":{"rendered":"<p><span style=\"font-weight: 400;\">Este heraldo de la caridad cristiana, Vicente de Pa\u00fal, estuvo marcado por la pobreza familiar desde que tuvo uso de raz\u00f3n. Naci\u00f3 en la peque\u00f1a poblaci\u00f3n francesa de Ranquine, anexa a Pouy, hacia 1580 o 1581. Fue el tercero de seis v\u00e1stagos. En su ni\u00f1ez trabaj\u00f3 cuidando el ganado para ayudar a los suyos. Nunca reneg\u00f3 de su condici\u00f3n y as\u00ed lo reconoc\u00eda ante quienes, siendo ya un virtuoso sacerdote, sembraban alabanzas a su paso.<\/span><\/p>\n<p><iframe title=\"Spotify Embed: San Vicente de Pa\u00fal, patr\u00f3n de asociaciones de caridad\" style=\"border-radius: 12px\" width=\"100%\" height=\"152\" frameborder=\"0\" allowfullscreen allow=\"autoplay; clipboard-write; encrypted-media; fullscreen; picture-in-picture\" loading=\"lazy\" src=\"https:\/\/open.spotify.com\/embed\/episode\/2cJYGXVfftnfldQVMqEXtY?si=2c8052f26e064673&#038;utm_source=oembed\"><\/iframe><\/p>\n<p><span style=\"font-weight: 400;\">Adem\u00e1s de su inclinaci\u00f3n a los menesterosos, y de signos precoces de piedad, ten\u00eda una inteligencia despierta, y fue enviado a estudiar con los franciscanos de Dax. Aspiraba al sacerdocio, que era una v\u00eda para hallar un futuro m\u00e1s halag\u00fce\u00f1o que el que le aguardaba, dada su humilde procedencia, aunque pensaba tambi\u00e9n en ayudar econ\u00f3micamente a su familia. Sus cualidades le permitieron ascender progresivamente.\u00a0<\/span><\/p>\n<p><span style=\"font-weight: 400;\">Estudi\u00f3 teolog\u00eda en Toulouse, aunque algunas materias las curs\u00f3 en Zaragoza, y fue ordenado sacerdote en 1600. Pasado el tiempo, evocando ese momento de su vida, manifest\u00f3: \u201cSi yo hubiera sabido, como lo he sabido despu\u00e9s, lo que era el sacerdocio, cuando comet\u00ed la temeridad de aceptarlo, habr\u00eda preferido dedicarme a trabajar la tierra antes de ingresar en un estado tan temible\u201d.<\/span><\/p>\n<p><span style=\"font-weight: 400;\"> Declin\u00f3 la parroquia que le ofreci\u00f3 el prelado de Dax, y eligi\u00f3 el estudio que le proporcionaba la posibilidad de escalar nuevos pelda\u00f1os logrando su objetivo de ser obispo.\u00a0<\/span><\/p>\n<p><span style=\"font-weight: 400;\">Flamante doctor en teolog\u00eda en 1604, de la noche a la ma\u00f1ana supo que hab\u00eda heredado un capital legado por una anciana. Pero hab\u00eda ca\u00eddo en manos de un desaprensivo, y lo persigui\u00f3 en Burdeos y Marsella. Recuper\u00f3 solo una parte, y al regresar a Toulouse, hall\u00e1ndose en Carbona, fue apresado por los turcos y destinado a T\u00fanez como esclavo. <\/span><\/p>\n<p><span style=\"font-weight: 400;\">Curioso destino el de este santo que, aspirando a otras glorias, fue exhibido y examinado p\u00fablicamente como una vulgar mercanc\u00eda. Sirvi\u00f3 a un pescador, a un m\u00e9dico y a su sobrino; el \u00faltimo fue un cristiano que hab\u00eda abjurado de su fe y al que convirti\u00f3. Con \u00e9l regres\u00f3 a Roma, y de all\u00ed a Par\u00eds en 1609 con una misi\u00f3n para Enrique IV, y sin haber obtenido el alto puesto que ansiaba.\u00a0<\/span><\/p>\n<p><span style=\"font-weight: 400;\">Hubiera deseado entonces hacer de su vida anterior una tabla rasa y llevar una existencia oculta. A los pies de Cristo, tras una intensa purificaci\u00f3n, determin\u00f3 entregarse por los pobres. De car\u00e1cter hosco, sus desabridas respuestas estaban lejos de las que cab\u00eda esperar en un hombre de Dios, lo cual hac\u00eda peligrar su misi\u00f3n.<\/span><\/p>\n<p><span style=\"font-weight: 400;\"> Se dio cuenta de ello: \u201cY entonces me propuse pedir a Dios que me cambiara mi modo agrio de comportarme, en un modo amable y bondadoso y me propuse trabajar d\u00eda tras d\u00eda por transformar mi car\u00e1cter \u00e1spero en un modo de ser agradable\u201d. Obtuvo esa gracia de ver tornada su acritud en mansedumbre a fuerza de perseverante oraci\u00f3n. Su modelo fue san Francisco de Sales, con el que mantuvo un estrecho v\u00ednculo.\u00a0<\/span><\/p>\n<p><span style=\"font-weight: 400;\">En Par\u00eds tom\u00f3 contacto con Pierre de B\u00e9rulle, fundador del Oratorio de Par\u00eds integrado por sacerdotes, quien le ofreci\u00f3 integrarse en \u00e9l, pero declin\u00f3 la invitaci\u00f3n. B\u00e9rulle ser\u00eda un decisivo pilar para Vicente abri\u00e9ndole un mundo de relaciones importantes que le servir\u00edan para su misi\u00f3n apost\u00f3lica. Comenz\u00f3 en la peque\u00f1a parroquia de Clichy, sustituyendo a un sacerdote que se vinculaba al Oratorio; era la primera vez que ejerc\u00eda su labor pastoral. <\/span><\/p>\n<p><span style=\"font-weight: 400;\">En 1613, por mediaci\u00f3n de B\u00e9rulle, fue preceptor de los hijos de Phillipe de Gondi, sobrino del arzobispo de Par\u00eds. En los viajes que se ve\u00eda obligado a realizar, revivi\u00f3, con visos nuevos, su sensibilidad por los pobres y necesitados, y comenz\u00f3 a ver la radicalidad evang\u00e9lica en el ejercicio de la caridad.<\/span><\/p>\n<p><span style=\"font-weight: 400;\"> El aldab\u00f3n definitivo para su aut\u00e9ntica conversi\u00f3n se produjo en Gannes, en el lecho de un moribundo que le abri\u00f3 su coraz\u00f3n hu\u00e9rfano de afecto y compasi\u00f3n. Este hecho le conmovi\u00f3 profundamente al punto de cambiar el rumbo de su vida para hacer de la caridad su estandarte. \u201c\u00a1C\u00f3mo! \u00a1Ser cristiano y ver afligido a un hermano, sin llorar con \u00e9l ni sentirse enfermo con \u00e9l! Eso es no tener caridad; es ser cristiano en pintura\u201d, dir\u00eda m\u00e1s tarde.<\/span><\/p>\n<p><span style=\"font-weight: 400;\">Instado por este indeclinable amor al pr\u00f3jimo, en 1617 se estableci\u00f3 en Chatillon-des-Dombes como p\u00e1rroco, y prodig\u00f3 la caridad a manos llenas. Se instal\u00f3 en lo que hab\u00eda sido el \u201chospital de San L\u00e1zaro\u201d para leprosos; fue sede de la Congregaci\u00f3n de la Misi\u00f3n fundada en 1625. <\/span><\/p>\n<p><span style=\"font-weight: 400;\">En 1617, Vicente hab\u00eda impulsado las Cofrad\u00edas de la Caridad y en 1633 erigi\u00f3 las Hijas de la Caridad con santa Luisa de Marillac; a todas les dijo: \u201cPor monasterio tendr\u00e9is las salas de los enfermos, por clausura, las calles de la ciudad, por rejas el temor de Dios y por velo la santa modestia\u201d. <\/span><\/p>\n<p><span style=\"font-weight: 400;\">A \u00e9l se deben tambi\u00e9n asilos para ancianos y ni\u00f1os abandonados. Era un confesor excepcional, gu\u00eda de santa Juana de Chantal y director de las Visitandinas de Par\u00eds a petici\u00f3n de san Francisco de Sales. Fue capell\u00e1n y limosnero de la reina Margarita de Valois. Reform\u00f3 el clero y luch\u00f3 contra el jansenismo.<\/span><\/p>\n<p><span style=\"font-weight: 400;\">Este ap\u00f3stol de la ternura escribi\u00f3 cartas, memorias, imparti\u00f3 conferencias, etc., siempre llevando a todos el amor de Dios, especialmente a los pobres, a los que amaba con singular dilecci\u00f3n: \u201cLos pobres ser\u00e1n nuestros jueces. Solo podremos entrar en el cielo sobre los hombros de los pobres\u201d [\u2026]. <\/span><\/p>\n<p><span style=\"font-weight: 400;\">El servicio a los pobres ha de ser preferido a todo, y hay que prestarlo sin demora. Por esto, si en el momento de la oraci\u00f3n hay que llevar a alg\u00fan pobre un medicamento o un auxilio cualquiera, id a \u00e9l con el \u00e1nimo bien tranquilo y haced lo que convenga, ofreci\u00e9ndolo a Dios como una prolongaci\u00f3n de la oraci\u00f3n\u2026\u201d.<\/span><\/p>\n<p><span style=\"font-weight: 400;\">Su humildad, mansedumbre y abnegaci\u00f3n heroicas traspasaron fronteras. Bossuet manifest\u00f3: \u201c\u00a1Que bueno debe ser Dios cuando ha hecho tan bueno a Vicente de Pa\u00fal!\u201d. Por toda su labor era considerado como una de las personalidades relevantes de Francia; es \u201cpadre de la patria\u201d. Muri\u00f3 el 27 de septiembre de 1660. Clemente XIII lo canoniz\u00f3 el 16 de junio de 1737. Le\u00f3n XIII lo proclam\u00f3 patrono de todas las entidades cat\u00f3licas de caridad.<\/span><\/p>\n<p><img loading=\"lazy\" decoding=\"async\" class=\"size-full wp-image-109281 alignnone\" src=\"https:\/\/exaudi.org\/wp-content\/uploads\/2024\/09\/384100546_706750601490966_2363859736291422184_n.jpg\" alt=\"\" width=\"1080\" height=\"1080\" srcset=\"https:\/\/exaudi.org\/wp-content\/uploads\/2024\/09\/384100546_706750601490966_2363859736291422184_n.jpg 1080w, https:\/\/exaudi.org\/wp-content\/uploads\/2024\/09\/384100546_706750601490966_2363859736291422184_n-300x300.jpg 300w, https:\/\/exaudi.org\/wp-content\/uploads\/2024\/09\/384100546_706750601490966_2363859736291422184_n-1024x1024.jpg 1024w, https:\/\/exaudi.org\/wp-content\/uploads\/2024\/09\/384100546_706750601490966_2363859736291422184_n-100x100.jpg?crop=1 100w, https:\/\/exaudi.org\/wp-content\/uploads\/2024\/09\/384100546_706750601490966_2363859736291422184_n-770x770.jpg 770w, https:\/\/exaudi.org\/wp-content\/uploads\/2024\/09\/384100546_706750601490966_2363859736291422184_n-500x500.jpg 500w, https:\/\/exaudi.org\/wp-content\/uploads\/2024\/09\/384100546_706750601490966_2363859736291422184_n-293x293.jpg 293w, https:\/\/exaudi.org\/wp-content\/uploads\/2024\/09\/384100546_706750601490966_2363859736291422184_n-390x390.jpg 390w, https:\/\/exaudi.org\/wp-content\/uploads\/2024\/09\/384100546_706750601490966_2363859736291422184_n-585x585.jpg 585w, https:\/\/exaudi.org\/wp-content\/uploads\/2024\/09\/384100546_706750601490966_2363859736291422184_n-900x900.jpg 900w\" sizes=\"auto, (max-width: 1080px) 100vw, 1080px\" \/><\/p>\n<h6><em>\u00a9\u00a0<a href=\"https:\/\/exaudi.wpengine.com\/es\/author\/isabelorellana\/\" target=\"_blank\" rel=\"noopener noreferrer\">Isabel Orellana Vilches<\/a>, 2018<\/em><\/h6>\n<h6><em>Autora vinculada a<\/em><\/h6>\n<h6><em><img loading=\"lazy\" decoding=\"async\" class=\"alignright wp-image-2208\" src=\"https:\/\/exaudi.org\/wp-content\/uploads\/2021\/02\/santoral-scaled-1-725x1024.jpg\" alt=\"santoral Isabel Orellana\" width=\"262\" height=\"370\" \/><\/em><img loading=\"lazy\" decoding=\"async\" class=\"alignnone size-full wp-image-41949\" src=\"https:\/\/www.idente.org\/wp-content\/uploads\/logo-cedro-v01-843x295-1-e1603384654546.png\" alt=\"\" width=\"80\" height=\"28\" \/><br \/>\nObra protegida por derechos de autor.<br \/>\nInscrita en el Registro de la Propiedad Intelectual el 24 de noviembre de 2014.<br \/>\n________________<br \/>\nDerechos de edici\u00f3n reservados:<br \/>\n<a href=\"https:\/\/rielo.com\/\" target=\"_blank\" rel=\"noopener noreferrer\">Fundaci\u00f3n Fernando Rielo<\/a><br \/>\nGoya 20, 4.\u00ba izq. int. 28001 Madrid<br \/>\nTlf.: (34) 91 575 40 91<br \/>\nCorreo electr\u00f3nico:\u00a0fundacion@rielo.com<\/h6>\n<div class=\"page\" title=\"Page 4\">\n<div class=\"layoutArea\">\n<div class=\"column\">\n<h6>Dep\u00f3sito legal: M-18664-2020<br \/>\nISBN: 978-84-946646-6-3<\/h6>\n<\/div>\n<\/div>\n<\/div>\n","protected":false},"excerpt":{"rendered":"<p>Gran santo de Francia<\/p>\n","protected":false},"author":23,"featured_media":34674,"comment_status":"closed","ping_status":"closed","sticky":false,"template":"","format":"standard","meta":{"_acf_changed":false,"_crdt_document":"","inline_featured_image":false,"footnotes":""},"categories":[74,2772],"tags":[4610,388,4269,387,58880],"class_list":["post-34673","post","type-post","status-publish","format-standard","has-post-thumbnail","hentry","category-iglesia-y-mundo","category-santoral","tag-caridad","tag-isabel-orellana-vilches","tag-san-vicente-de-paul","tag-santoral","tag-trending-es-151"],"acf":[],"yoast_head":"<!-- This site is optimized with the Yoast SEO plugin v27.4 - https:\/\/yoast.com\/product\/yoast-seo-wordpress\/ -->\n<title>San Vicente de Pa\u00fal, patr\u00f3n de asociaciones de caridad - Exaudi<\/title>\n<meta name=\"description\" content=\"Santoral del 27 de septiembre, san Vicente de Pa\u00fal, escrito por Isabel Orellana y editado por la Fundaci\u00f3n Fernando Rielo.\" \/>\n<meta name=\"robots\" content=\"index, follow, max-snippet:-1, max-image-preview:large, max-video-preview:-1\" \/>\n<link rel=\"canonical\" href=\"https:\/\/exaudi.org\/es\/san-vicente-paul\/\" \/>\n<meta property=\"og:locale\" content=\"es_ES\" \/>\n<meta property=\"og:type\" content=\"article\" \/>\n<meta property=\"og:title\" content=\"San Vicente de Pa\u00fal, patr\u00f3n de asociaciones de caridad - Exaudi\" \/>\n<meta property=\"og:description\" content=\"Santoral del 27 de septiembre, san Vicente de Pa\u00fal, escrito por Isabel Orellana y editado por la Fundaci\u00f3n Fernando Rielo.\" \/>\n<meta property=\"og:url\" content=\"https:\/\/exaudi.org\/es\/san-vicente-paul\/\" \/>\n<meta property=\"og:site_name\" content=\"Exaudi\" \/>\n<meta property=\"article:publisher\" content=\"https:\/\/www.facebook.com\/ExaudiNews\" \/>\n<meta property=\"article:published_time\" content=\"2025-09-27T05:30:38+00:00\" \/>\n<meta property=\"og:image\" content=\"https:\/\/exaudi.org\/wp-content\/uploads\/2021\/09\/Saint-Vincent-de-Paul-a-biography.jpg\" \/>\n\t<meta property=\"og:image:width\" content=\"1200\" \/>\n\t<meta property=\"og:image:height\" content=\"630\" \/>\n\t<meta property=\"og:image:type\" content=\"image\/jpeg\" \/>\n<meta name=\"author\" content=\"Isabel Orellana\" \/>\n<meta name=\"twitter:card\" content=\"summary_large_image\" \/>\n<meta name=\"twitter:creator\" content=\"@Exaudi_News\" \/>\n<meta name=\"twitter:site\" content=\"@Exaudi_News\" \/>\n<meta name=\"twitter:label1\" content=\"Escrito por\" \/>\n\t<meta name=\"twitter:data1\" content=\"Isabel Orellana\" \/>\n\t<meta name=\"twitter:label2\" content=\"Tiempo de lectura\" \/>\n\t<meta name=\"twitter:data2\" content=\"6 minutos\" \/>\n<script type=\"application\/ld+json\" class=\"yoast-schema-graph\">{\"@context\":\"https:\\\/\\\/schema.org\",\"@graph\":[{\"@type\":\"Article\",\"@id\":\"https:\\\/\\\/exaudi.org\\\/es\\\/san-vicente-paul\\\/#article\",\"isPartOf\":{\"@id\":\"https:\\\/\\\/exaudi.org\\\/es\\\/san-vicente-paul\\\/\"},\"author\":{\"name\":\"Isabel Orellana\",\"@id\":\"https:\\\/\\\/exaudi.org\\\/#\\\/schema\\\/person\\\/64e18b96fd6118559a9217b5b3375fdc\"},\"headline\":\"San Vicente de Pa\u00fal, patr\u00f3n de asociaciones de caridad\",\"datePublished\":\"2025-09-27T05:30:38+00:00\",\"mainEntityOfPage\":{\"@id\":\"https:\\\/\\\/exaudi.org\\\/es\\\/san-vicente-paul\\\/\"},\"wordCount\":1185,\"image\":{\"@id\":\"https:\\\/\\\/exaudi.org\\\/es\\\/san-vicente-paul\\\/#primaryimage\"},\"thumbnailUrl\":\"https:\\\/\\\/exaudi.org\\\/wp-content\\\/uploads\\\/2021\\\/09\\\/Saint-Vincent-de-Paul-a-biography.jpg\",\"keywords\":[\"caridad\",\"Isabel Orellana Vilches\",\"San Vicente de Pa\u00fal\",\"Santoral\",\"Trending\"],\"articleSection\":[\"Iglesia y Mundo\",\"Santoral\"],\"inLanguage\":\"es\"},{\"@type\":\"WebPage\",\"@id\":\"https:\\\/\\\/exaudi.org\\\/es\\\/san-vicente-paul\\\/\",\"url\":\"https:\\\/\\\/exaudi.org\\\/es\\\/san-vicente-paul\\\/\",\"name\":\"San Vicente de Pa\u00fal, patr\u00f3n de asociaciones de caridad - Exaudi\",\"isPartOf\":{\"@id\":\"https:\\\/\\\/exaudi.org\\\/#website\"},\"primaryImageOfPage\":{\"@id\":\"https:\\\/\\\/exaudi.org\\\/es\\\/san-vicente-paul\\\/#primaryimage\"},\"image\":{\"@id\":\"https:\\\/\\\/exaudi.org\\\/es\\\/san-vicente-paul\\\/#primaryimage\"},\"thumbnailUrl\":\"https:\\\/\\\/exaudi.org\\\/wp-content\\\/uploads\\\/2021\\\/09\\\/Saint-Vincent-de-Paul-a-biography.jpg\",\"datePublished\":\"2025-09-27T05:30:38+00:00\",\"author\":{\"@id\":\"https:\\\/\\\/exaudi.org\\\/#\\\/schema\\\/person\\\/64e18b96fd6118559a9217b5b3375fdc\"},\"description\":\"Santoral del 27 de septiembre, san Vicente de Pa\u00fal, escrito por Isabel Orellana y editado por la Fundaci\u00f3n Fernando Rielo.\",\"breadcrumb\":{\"@id\":\"https:\\\/\\\/exaudi.org\\\/es\\\/san-vicente-paul\\\/#breadcrumb\"},\"inLanguage\":\"es\",\"potentialAction\":[{\"@type\":\"ReadAction\",\"target\":[\"https:\\\/\\\/exaudi.org\\\/es\\\/san-vicente-paul\\\/\"]}]},{\"@type\":\"ImageObject\",\"inLanguage\":\"es\",\"@id\":\"https:\\\/\\\/exaudi.org\\\/es\\\/san-vicente-paul\\\/#primaryimage\",\"url\":\"https:\\\/\\\/exaudi.org\\\/wp-content\\\/uploads\\\/2021\\\/09\\\/Saint-Vincent-de-Paul-a-biography.jpg\",\"contentUrl\":\"https:\\\/\\\/exaudi.org\\\/wp-content\\\/uploads\\\/2021\\\/09\\\/Saint-Vincent-de-Paul-a-biography.jpg\",\"width\":1200,\"height\":630,\"caption\":\"San Vicente de Paul \u00a9 Vicentians.com\"},{\"@type\":\"BreadcrumbList\",\"@id\":\"https:\\\/\\\/exaudi.org\\\/es\\\/san-vicente-paul\\\/#breadcrumb\",\"itemListElement\":[{\"@type\":\"ListItem\",\"position\":1,\"name\":\"Portada\",\"item\":\"https:\\\/\\\/exaudi.org\\\/es\\\/\"},{\"@type\":\"ListItem\",\"position\":2,\"name\":\"San Vicente de Pa\u00fal, patr\u00f3n de asociaciones de caridad\"}]},{\"@type\":\"WebSite\",\"@id\":\"https:\\\/\\\/exaudi.org\\\/#website\",\"url\":\"https:\\\/\\\/exaudi.org\\\/\",\"name\":\"Exaudi\",\"description\":\"News\",\"potentialAction\":[{\"@type\":\"SearchAction\",\"target\":{\"@type\":\"EntryPoint\",\"urlTemplate\":\"https:\\\/\\\/exaudi.org\\\/?s={search_term_string}\"},\"query-input\":{\"@type\":\"PropertyValueSpecification\",\"valueRequired\":true,\"valueName\":\"search_term_string\"}}],\"inLanguage\":\"es\"},{\"@type\":\"Person\",\"@id\":\"https:\\\/\\\/exaudi.org\\\/#\\\/schema\\\/person\\\/64e18b96fd6118559a9217b5b3375fdc\",\"name\":\"Isabel Orellana\",\"image\":{\"@type\":\"ImageObject\",\"inLanguage\":\"es\",\"@id\":\"https:\\\/\\\/secure.gravatar.com\\\/avatar\\\/51968380bbb6b22ae85c605634860366fd9a2a611c6341125115bca32cd6c171?s=96&d=mm&r=g\",\"url\":\"https:\\\/\\\/secure.gravatar.com\\\/avatar\\\/51968380bbb6b22ae85c605634860366fd9a2a611c6341125115bca32cd6c171?s=96&d=mm&r=g\",\"contentUrl\":\"https:\\\/\\\/secure.gravatar.com\\\/avatar\\\/51968380bbb6b22ae85c605634860366fd9a2a611c6341125115bca32cd6c171?s=96&d=mm&r=g\",\"caption\":\"Isabel Orellana\"},\"description\":\"Isabel Orellana Vilches Misionera idente. Doctora en Filosof\u00eda por la Universidad Aut\u00f3noma de Barcelona con la tesis Realismo y progreso cient\u00edfico en la epistemolog\u00eda popperiana. Ha cursado estudios de teolog\u00eda en la Universidad Pontificia de Salamanca. Con amplia actividad docente desde 1986, ha publicado libros como: Realismo y progreso cient\u00edfico en la epistemolog\u00eda popperiana, Universitat Aut\u00f2noma de Barcelona, 1993; El evangelio habla a los j\u00f3venes, Atenas, Madrid, 1997; Qu\u00e9 es... LA TOLERANCIA, Paulinas, Madrid, 1999; Pedagog\u00eda del dolor. Ensayo antropol\u00f3gico, Palabra, Madrid, 1999; En colaboraci\u00f3n con Enrique Rivera de Ventosa (\u2020) OFM. Cap. San Francisco de As\u00eds y Fernando Rielo: Convergencias. Respuestas desde la fe a los interrogantes del hombre de hoy, Universidad Pontificia, Salamanca, 2001; La \\\"mirada\\\" del cine. Recursos did\u00e1cticos del s\u00e9ptimo arte. Librer\u00eda Cervantes, Salamanca, 2001; Paradojas de la convivencia, San Pablo, Madrid, 2002; En la Universidad T\u00e9cnica Particular de Loja, Ecuador, ha publicado: La confianza. El arte de amar, 2002; Educar para la responsabilidad, 2003; Apuntes de \u00e9tica en Karl R. Popper, 2003; De soledades y comunicaci\u00f3n, 2005; Yo educo; t\u00fa respondes, 2008; Humanismo y fe en un crisol de culturas, 2008; Repensar lo cotidiano, 2008; Convivir: un constante desaf\u00edo, 2009; La l\u00f3gica del amor, 2010; El dolor del amor. Apuntes sobre la enfermedad y el dolor en relaci\u00f3n con la virtud heroica, el martirio y la vida santa. Seminario Diocesano de M\u00e1laga, 2006 y Universidad T\u00e9cnica Particular de Loja, Ecuador (2007). Cuenta con numerosas colaboraciones en obras colectivas, as\u00ed como relatos, cuentos, f\u00e1bula y novela juvenil, adem\u00e1s de art\u00edculos de tem\u00e1tica cient\u00edfica, pedag\u00f3gica y espiritual, que viene publicando en distintas revistas nacionales e internacionales. En 2012 culmin\u00f3 el santoral Llamados a ser santos y poco m\u00e1s tarde Epopeyas de amor prologado por mons. Fernando Sebasti\u00e1n. Es la bi\u00f3grafa oficial del fundador de su familia espiritual, autora de Fernando Rielo Pardal. Fundador de los Misioneros Identes, Descl\u00e9e de Brouwer, Bilbao, 2009. Culmina la biograf\u00eda completa. Encargada del santoral de ZENIT desde 2012 a 2020 y ahora en Exaudi\",\"url\":\"https:\\\/\\\/exaudi.org\\\/es\\\/author\\\/isabelorellana\\\/\"}]}<\/script>\n<!-- \/ Yoast SEO plugin. -->","yoast_head_json":{"title":"San Vicente de Pa\u00fal, patr\u00f3n de asociaciones de caridad - Exaudi","description":"Santoral del 27 de septiembre, san Vicente de Pa\u00fal, escrito por Isabel Orellana y editado por la Fundaci\u00f3n Fernando Rielo.","robots":{"index":"index","follow":"follow","max-snippet":"max-snippet:-1","max-image-preview":"max-image-preview:large","max-video-preview":"max-video-preview:-1"},"canonical":"https:\/\/exaudi.org\/es\/san-vicente-paul\/","og_locale":"es_ES","og_type":"article","og_title":"San Vicente de Pa\u00fal, patr\u00f3n de asociaciones de caridad - Exaudi","og_description":"Santoral del 27 de septiembre, san Vicente de Pa\u00fal, escrito por Isabel Orellana y editado por la Fundaci\u00f3n Fernando Rielo.","og_url":"https:\/\/exaudi.org\/es\/san-vicente-paul\/","og_site_name":"Exaudi","article_publisher":"https:\/\/www.facebook.com\/ExaudiNews","article_published_time":"2025-09-27T05:30:38+00:00","og_image":[{"width":1200,"height":630,"url":"https:\/\/exaudi.org\/wp-content\/uploads\/2021\/09\/Saint-Vincent-de-Paul-a-biography.jpg","type":"image\/jpeg"}],"author":"Isabel Orellana","twitter_card":"summary_large_image","twitter_creator":"@Exaudi_News","twitter_site":"@Exaudi_News","twitter_misc":{"Escrito por":"Isabel Orellana","Tiempo de lectura":"6 minutos"},"schema":{"@context":"https:\/\/schema.org","@graph":[{"@type":"Article","@id":"https:\/\/exaudi.org\/es\/san-vicente-paul\/#article","isPartOf":{"@id":"https:\/\/exaudi.org\/es\/san-vicente-paul\/"},"author":{"name":"Isabel Orellana","@id":"https:\/\/exaudi.org\/#\/schema\/person\/64e18b96fd6118559a9217b5b3375fdc"},"headline":"San Vicente de Pa\u00fal, patr\u00f3n de asociaciones de caridad","datePublished":"2025-09-27T05:30:38+00:00","mainEntityOfPage":{"@id":"https:\/\/exaudi.org\/es\/san-vicente-paul\/"},"wordCount":1185,"image":{"@id":"https:\/\/exaudi.org\/es\/san-vicente-paul\/#primaryimage"},"thumbnailUrl":"https:\/\/exaudi.org\/wp-content\/uploads\/2021\/09\/Saint-Vincent-de-Paul-a-biography.jpg","keywords":["caridad","Isabel Orellana Vilches","San Vicente de Pa\u00fal","Santoral","Trending"],"articleSection":["Iglesia y Mundo","Santoral"],"inLanguage":"es"},{"@type":"WebPage","@id":"https:\/\/exaudi.org\/es\/san-vicente-paul\/","url":"https:\/\/exaudi.org\/es\/san-vicente-paul\/","name":"San Vicente de Pa\u00fal, patr\u00f3n de asociaciones de caridad - Exaudi","isPartOf":{"@id":"https:\/\/exaudi.org\/#website"},"primaryImageOfPage":{"@id":"https:\/\/exaudi.org\/es\/san-vicente-paul\/#primaryimage"},"image":{"@id":"https:\/\/exaudi.org\/es\/san-vicente-paul\/#primaryimage"},"thumbnailUrl":"https:\/\/exaudi.org\/wp-content\/uploads\/2021\/09\/Saint-Vincent-de-Paul-a-biography.jpg","datePublished":"2025-09-27T05:30:38+00:00","author":{"@id":"https:\/\/exaudi.org\/#\/schema\/person\/64e18b96fd6118559a9217b5b3375fdc"},"description":"Santoral del 27 de septiembre, san Vicente de Pa\u00fal, escrito por Isabel Orellana y editado por la Fundaci\u00f3n Fernando Rielo.","breadcrumb":{"@id":"https:\/\/exaudi.org\/es\/san-vicente-paul\/#breadcrumb"},"inLanguage":"es","potentialAction":[{"@type":"ReadAction","target":["https:\/\/exaudi.org\/es\/san-vicente-paul\/"]}]},{"@type":"ImageObject","inLanguage":"es","@id":"https:\/\/exaudi.org\/es\/san-vicente-paul\/#primaryimage","url":"https:\/\/exaudi.org\/wp-content\/uploads\/2021\/09\/Saint-Vincent-de-Paul-a-biography.jpg","contentUrl":"https:\/\/exaudi.org\/wp-content\/uploads\/2021\/09\/Saint-Vincent-de-Paul-a-biography.jpg","width":1200,"height":630,"caption":"San Vicente de Paul \u00a9 Vicentians.com"},{"@type":"BreadcrumbList","@id":"https:\/\/exaudi.org\/es\/san-vicente-paul\/#breadcrumb","itemListElement":[{"@type":"ListItem","position":1,"name":"Portada","item":"https:\/\/exaudi.org\/es\/"},{"@type":"ListItem","position":2,"name":"San Vicente de Pa\u00fal, patr\u00f3n de asociaciones de caridad"}]},{"@type":"WebSite","@id":"https:\/\/exaudi.org\/#website","url":"https:\/\/exaudi.org\/","name":"Exaudi","description":"News","potentialAction":[{"@type":"SearchAction","target":{"@type":"EntryPoint","urlTemplate":"https:\/\/exaudi.org\/?s={search_term_string}"},"query-input":{"@type":"PropertyValueSpecification","valueRequired":true,"valueName":"search_term_string"}}],"inLanguage":"es"},{"@type":"Person","@id":"https:\/\/exaudi.org\/#\/schema\/person\/64e18b96fd6118559a9217b5b3375fdc","name":"Isabel Orellana","image":{"@type":"ImageObject","inLanguage":"es","@id":"https:\/\/secure.gravatar.com\/avatar\/51968380bbb6b22ae85c605634860366fd9a2a611c6341125115bca32cd6c171?s=96&d=mm&r=g","url":"https:\/\/secure.gravatar.com\/avatar\/51968380bbb6b22ae85c605634860366fd9a2a611c6341125115bca32cd6c171?s=96&d=mm&r=g","contentUrl":"https:\/\/secure.gravatar.com\/avatar\/51968380bbb6b22ae85c605634860366fd9a2a611c6341125115bca32cd6c171?s=96&d=mm&r=g","caption":"Isabel Orellana"},"description":"Isabel Orellana Vilches Misionera idente. Doctora en Filosof\u00eda por la Universidad Aut\u00f3noma de Barcelona con la tesis Realismo y progreso cient\u00edfico en la epistemolog\u00eda popperiana. Ha cursado estudios de teolog\u00eda en la Universidad Pontificia de Salamanca. Con amplia actividad docente desde 1986, ha publicado libros como: Realismo y progreso cient\u00edfico en la epistemolog\u00eda popperiana, Universitat Aut\u00f2noma de Barcelona, 1993; El evangelio habla a los j\u00f3venes, Atenas, Madrid, 1997; Qu\u00e9 es... LA TOLERANCIA, Paulinas, Madrid, 1999; Pedagog\u00eda del dolor. Ensayo antropol\u00f3gico, Palabra, Madrid, 1999; En colaboraci\u00f3n con Enrique Rivera de Ventosa (\u2020) OFM. Cap. San Francisco de As\u00eds y Fernando Rielo: Convergencias. Respuestas desde la fe a los interrogantes del hombre de hoy, Universidad Pontificia, Salamanca, 2001; La \"mirada\" del cine. Recursos did\u00e1cticos del s\u00e9ptimo arte. Librer\u00eda Cervantes, Salamanca, 2001; Paradojas de la convivencia, San Pablo, Madrid, 2002; En la Universidad T\u00e9cnica Particular de Loja, Ecuador, ha publicado: La confianza. El arte de amar, 2002; Educar para la responsabilidad, 2003; Apuntes de \u00e9tica en Karl R. Popper, 2003; De soledades y comunicaci\u00f3n, 2005; Yo educo; t\u00fa respondes, 2008; Humanismo y fe en un crisol de culturas, 2008; Repensar lo cotidiano, 2008; Convivir: un constante desaf\u00edo, 2009; La l\u00f3gica del amor, 2010; El dolor del amor. Apuntes sobre la enfermedad y el dolor en relaci\u00f3n con la virtud heroica, el martirio y la vida santa. Seminario Diocesano de M\u00e1laga, 2006 y Universidad T\u00e9cnica Particular de Loja, Ecuador (2007). Cuenta con numerosas colaboraciones en obras colectivas, as\u00ed como relatos, cuentos, f\u00e1bula y novela juvenil, adem\u00e1s de art\u00edculos de tem\u00e1tica cient\u00edfica, pedag\u00f3gica y espiritual, que viene publicando en distintas revistas nacionales e internacionales. En 2012 culmin\u00f3 el santoral Llamados a ser santos y poco m\u00e1s tarde Epopeyas de amor prologado por mons. Fernando Sebasti\u00e1n. Es la bi\u00f3grafa oficial del fundador de su familia espiritual, autora de Fernando Rielo Pardal. Fundador de los Misioneros Identes, Descl\u00e9e de Brouwer, Bilbao, 2009. Culmina la biograf\u00eda completa. Encargada del santoral de ZENIT desde 2012 a 2020 y ahora en Exaudi","url":"https:\/\/exaudi.org\/es\/author\/isabelorellana\/"}]}},"jetpack_featured_media_url":"https:\/\/exaudi.org\/wp-content\/uploads\/2021\/09\/Saint-Vincent-de-Paul-a-biography.jpg","jetpack_shortlink":"https:\/\/wp.me\/pgKjF2-91f","_links":{"self":[{"href":"https:\/\/exaudi.org\/es\/wp-json\/wp\/v2\/posts\/34673","targetHints":{"allow":["GET"]}}],"collection":[{"href":"https:\/\/exaudi.org\/es\/wp-json\/wp\/v2\/posts"}],"about":[{"href":"https:\/\/exaudi.org\/es\/wp-json\/wp\/v2\/types\/post"}],"author":[{"embeddable":true,"href":"https:\/\/exaudi.org\/es\/wp-json\/wp\/v2\/users\/23"}],"replies":[{"embeddable":true,"href":"https:\/\/exaudi.org\/es\/wp-json\/wp\/v2\/comments?post=34673"}],"version-history":[{"count":3,"href":"https:\/\/exaudi.org\/es\/wp-json\/wp\/v2\/posts\/34673\/revisions"}],"predecessor-version":[{"id":136383,"href":"https:\/\/exaudi.org\/es\/wp-json\/wp\/v2\/posts\/34673\/revisions\/136383"}],"wp:featuredmedia":[{"embeddable":true,"href":"https:\/\/exaudi.org\/es\/wp-json\/wp\/v2\/media\/34674"}],"wp:attachment":[{"href":"https:\/\/exaudi.org\/es\/wp-json\/wp\/v2\/media?parent=34673"}],"wp:term":[{"taxonomy":"category","embeddable":true,"href":"https:\/\/exaudi.org\/es\/wp-json\/wp\/v2\/categories?post=34673"},{"taxonomy":"post_tag","embeddable":true,"href":"https:\/\/exaudi.org\/es\/wp-json\/wp\/v2\/tags?post=34673"}],"curies":[{"name":"wp","href":"https:\/\/api.w.org\/{rel}","templated":true}]}}