{"id":34548,"date":"2021-09-24T11:28:08","date_gmt":"2021-09-24T09:28:08","guid":{"rendered":"https:\/\/exaudi.wpengine.com\/?p=34548"},"modified":"2021-09-24T15:04:22","modified_gmt":"2021-09-24T13:04:22","slug":"jornada-mundial-migrante-dialogo-laudato-si-vaticano","status":"publish","type":"post","link":"https:\/\/exaudi.org\/es\/jornada-mundial-migrante-dialogo-laudato-si-vaticano\/","title":{"rendered":"Jornada Mundial Migrante: Di\u00e1logo Laudato Si&#8217; en el Vaticano"},"content":{"rendered":"<p><span style=\"font-weight: 400\">El <a href=\"https:\/\/www.humandevelopment.va\/es.html\" target=\"_blank\" rel=\"noopener\">Dicasterio para el Servicio del Desarrollo Humano Integral<\/a> del Vaticano mostrar\u00e1 las incre\u00edbles historias de tres migrantes clim\u00e1ticos durante un Di\u00e1logo <em>Laudato Si&#8217;<\/em> especial del domingo, 107\u00aa Jornada Mundial del Migrante y el Refugiado. <\/span><span style=\"font-weight: 400\">El evento contar\u00e1 con la participaci\u00f3n del cardenal Michael Czerny, de la Secci\u00f3n de Migrantes y Refugiados, Massimo Fusarelli, ministro general de la Orden de Frailes Menores, y Tom\u00e1s Insua, director ejecutivo del <\/span><span style=\"font-weight: 400\">Movimiento Laudato Si&#8217;.<\/span><span style=\"font-weight: 400\">\u00a0<\/span><\/p>\n<p><span style=\"font-weight: 400\">Una nota del <a href=\"https:\/\/laudatosimovement.org\/es\/homepage-original-2\/\" target=\"_blank\" rel=\"noopener\">Movimiento Laudato Si&#8217;<\/a> relata que el Di\u00e1logo se celebrar\u00e1 en la iglesia de <em>San Francesco a Ripa<\/em>, en Roma, y se retransmitir\u00e1 en directo por <\/span><a href=\"https:\/\/youtu.be\/EaoIZeB6_Ks\" target=\"_blank\" rel=\"noopener\"><span style=\"font-weight: 400\">YouTube<\/span><\/a><span style=\"font-weight: 400\"> y <\/span><a href=\"https:\/\/www.facebook.com\/240840943082962\/posts\/1210641566102890\/\" target=\"_blank\" rel=\"noopener\"><span style=\"font-weight: 400\">Facebook<\/span><\/a><span style=\"font-weight: 400\">. Ser\u00e1 este domingo 26 de septiembre a las 8 horas de Quito, Ecuador, 9 h de Nueva York, Estados Unidos, 10 h de Brasilia, Brasil, y 16 h de Nairobi, Kenia.<\/span><\/p>\n<h4><strong>Tiempo de la Creaci\u00f3n<\/strong><\/h4>\n<p><span style=\"font-weight: 400\">Durante todo el mes de septiembre, los cristianos de todo el mundo han estado creando una \u201ccasa para todos\u201d durante el <\/span><a href=\"http:\/\/seasonofcreation.org\/es\" target=\"_blank\" rel=\"noopener\"><span style=\"font-weight: 400\">Tiempo de la Creaci\u00f3n<\/span><\/a><span style=\"font-weight: 400\"> ecum\u00e9nico, que dura hasta el 4 de octubre. Estas actividades se centran esta semana en los refugiados clim\u00e1ticos, antes de los acontecimientos mundiales que marcar\u00e1n la 107\u00aa Jornada Mundial del migrante y del Refugiado, que se celebrar\u00e1 el domingo 26 de septiembre, bajo el tema \u201c<\/span>Hacia un nosotros cada vez m\u00e1s grande\u201d al que llama el <a href=\"https:\/\/exaudi.wpengine.com\/es\/documental-laudato-si-papa-francisco\/\" target=\"_blank\" rel=\"noopener\">Papa Francisco.<span style=\"font-weight: 400\">\u00a0<\/span><\/a><\/p>\n<p><span style=\"font-weight: 400\">El Santo Padre se\u00f1al\u00f3 <\/span><span style=\"font-weight: 400\">que nuestra capacidad de cuidar a los migrantes y refugiados, incluidos los desplazados por la crisis clim\u00e1tica, afectar\u00e1 a la forma en que cuidemos la creaci\u00f3n de Dios: <\/span><span style=\"font-weight: 400\">\u201cPara que a nuestra casa com\u00fan se le garantice el cuidado adecuado, tenemos que constituirnos en un nosotros cada vez m\u00e1s grande, cada vez m\u00e1s corresponsable, con la firme convicci\u00f3n de que el bien que hagamos al mundo lo hacemos a las generaciones presentes y futuras\u201d.<\/span><\/p>\n<p><span style=\"font-weight: 400\">Desde 2019, las cat\u00e1strofes naturales han desplazado a casi 35 millones de personas en todo el mundo a medida que se agravaba la crisis clim\u00e1tica.\u00a0<\/span><span style=\"font-weight: 400\">Los cient\u00edficos han dejado claro que el agua m\u00e1s c\u00e1lida del oc\u00e9ano, que contiene m\u00e1s vapor de agua, probablemente crear\u00e1 huracanes m\u00e1s fuertes. Y los patrones clim\u00e1ticos extremos, incluyendo sequ\u00edas, deslizamientos de tierra, inundaciones hist\u00f3ricas e incendios forestales, son m\u00e1s probables en un mundo que se calienta.<\/span><\/p>\n<p><a href=\"https:\/\/seasonofcreation.org\/2021\/09\/20\/prayer-service-abrahams-tent\/\" target=\"_blank\" rel=\"noopener\">Las comunidades se est\u00e1n reuniendo<\/a> para celebrar encuentros de oraci\u00f3n centrados en la tienda de Abraham y su compromiso de crear una casa para todos este mes. En Kenia, <a href=\"https:\/\/laudatosimovement.org\/2021\/09\/20\/volunteers-petition-signatures-cop15-cop26\/\" target=\"_blank\" rel=\"noopener\">los cat\u00f3licos est\u00e1n apoyando al Papa Francisco<\/a> recogiendo firmas para la petici\u00f3n \u201cPlaneta sano, gente sana\u201d antes de dos cumbres cruciales de las Naciones Unidas.<\/p>\n<h4><b>Movimiento Laudato Si\u2019<\/b><\/h4>\n<p>El Movimiento Laudato Si\u2019 est\u00e1 al servicio de la familia cat\u00f3lica de todo el mundo para convertir la carta enc\u00edclica\u00a0<em>Laudato Si\u2019<\/em>\u00a0del Pont\u00edfice en acciones para la justicia clim\u00e1tica y ecol\u00f3gica. Los esfuerzos del Movimiento Laudato Si\u2019 por construir un movimiento comunitario se basan en los dones combinados de casi 800 organizaciones miembro y miles de voluntarios locales que ayudan a llevar el mensaje de Laudato Si\u2019 a la vida.<\/p>\n","protected":false},"excerpt":{"rendered":"<p>A las 15 horas desde Roma<\/p>\n","protected":false},"author":6,"featured_media":34550,"comment_status":"closed","ping_status":"closed","sticky":false,"template":"","format":"standard","meta":{"_acf_changed":false,"_crdt_document":"","inline_featured_image":false,"footnotes":""},"categories":[68,2158,298],"tags":[2159,3491,158],"class_list":["post-34548","post","type-post","status-publish","format-standard","has-post-thumbnail","hentry","category-leon-xiv","category-top-ultimas-noticias","category-ultimas-noticias","tag-107a-jornada-mundial-del-migrante-y-del-refugiado","tag-movimiento-laudato-si","tag-papa-francisco"],"acf":[],"yoast_head":"<!-- This site is optimized with the Yoast SEO plugin v27.4 - https:\/\/yoast.com\/product\/yoast-seo-wordpress\/ -->\n<title>Jornada Mundial Migrante: Di\u00e1logo Laudato Si&#039; en el Vaticano - Exaudi<\/title>\n<meta name=\"description\" content=\"El Vaticano organiza en Roma el Di\u00e1logo Laudato Si&#039; el domingo 26 de septiembre de 2021, 107\u00aa Jornada Mundial del Migrante y el Refugiado.\" \/>\n<meta name=\"robots\" content=\"index, follow, max-snippet:-1, max-image-preview:large, max-video-preview:-1\" \/>\n<link rel=\"canonical\" href=\"https:\/\/exaudi.org\/es\/jornada-mundial-migrante-dialogo-laudato-si-vaticano\/\" \/>\n<meta property=\"og:locale\" content=\"es_ES\" \/>\n<meta property=\"og:type\" content=\"article\" \/>\n<meta property=\"og:title\" content=\"Jornada Mundial Migrante: Di\u00e1logo Laudato Si&#039; en el Vaticano - Exaudi\" \/>\n<meta property=\"og:description\" content=\"El Vaticano organiza en Roma el Di\u00e1logo Laudato Si&#039; el domingo 26 de septiembre de 2021, 107\u00aa Jornada Mundial del Migrante y el Refugiado.\" \/>\n<meta property=\"og:url\" content=\"https:\/\/exaudi.org\/es\/jornada-mundial-migrante-dialogo-laudato-si-vaticano\/\" \/>\n<meta property=\"og:site_name\" content=\"Exaudi\" \/>\n<meta property=\"article:publisher\" content=\"https:\/\/www.facebook.com\/ExaudiNews\" \/>\n<meta property=\"article:published_time\" content=\"2021-09-24T09:28:08+00:00\" \/>\n<meta property=\"article:modified_time\" content=\"2021-09-24T13:04:22+00:00\" \/>\n<meta property=\"og:image\" content=\"https:\/\/exaudi.org\/wp-content\/uploads\/2021\/09\/7mn76m76.jpeg\" \/>\n\t<meta property=\"og:image:width\" content=\"1500\" \/>\n\t<meta property=\"og:image:height\" content=\"844\" \/>\n\t<meta property=\"og:image:type\" content=\"image\/jpeg\" \/>\n<meta name=\"author\" content=\"Gabriel Sales\" \/>\n<meta name=\"twitter:card\" content=\"summary_large_image\" \/>\n<meta name=\"twitter:creator\" content=\"@habemusman\" \/>\n<meta name=\"twitter:site\" content=\"@Exaudi_News\" \/>\n<meta name=\"twitter:label1\" content=\"Escrito por\" \/>\n\t<meta name=\"twitter:data1\" content=\"Gabriel Sales\" \/>\n\t<meta name=\"twitter:label2\" content=\"Tiempo de lectura\" \/>\n\t<meta name=\"twitter:data2\" content=\"3 minutos\" \/>\n<script type=\"application\/ld+json\" class=\"yoast-schema-graph\">{\"@context\":\"https:\\\/\\\/schema.org\",\"@graph\":[{\"@type\":\"Article\",\"@id\":\"https:\\\/\\\/exaudi.org\\\/es\\\/jornada-mundial-migrante-dialogo-laudato-si-vaticano\\\/#article\",\"isPartOf\":{\"@id\":\"https:\\\/\\\/exaudi.org\\\/es\\\/jornada-mundial-migrante-dialogo-laudato-si-vaticano\\\/\"},\"author\":{\"name\":\"Gabriel Sales\",\"@id\":\"https:\\\/\\\/exaudi.org\\\/#\\\/schema\\\/person\\\/d134b96438278131ce90c90c03fda6cd\"},\"headline\":\"Jornada Mundial Migrante: Di\u00e1logo Laudato Si&#8217; en el Vaticano\",\"datePublished\":\"2021-09-24T09:28:08+00:00\",\"dateModified\":\"2021-09-24T13:04:22+00:00\",\"mainEntityOfPage\":{\"@id\":\"https:\\\/\\\/exaudi.org\\\/es\\\/jornada-mundial-migrante-dialogo-laudato-si-vaticano\\\/\"},\"wordCount\":538,\"image\":{\"@id\":\"https:\\\/\\\/exaudi.org\\\/es\\\/jornada-mundial-migrante-dialogo-laudato-si-vaticano\\\/#primaryimage\"},\"thumbnailUrl\":\"https:\\\/\\\/exaudi.org\\\/wp-content\\\/uploads\\\/2021\\\/09\\\/7mn76m76.jpeg\",\"keywords\":[\"107\u00aa Jornada Mundial del Migrante y del Refugiado\",\"Movimiento Laudato Si'\",\"papa francisco\"],\"articleSection\":[\"Le\u00f3n XIV\",\"Top Ultimas Noticias\",\"\u00daltimas noticias\"],\"inLanguage\":\"es\"},{\"@type\":\"WebPage\",\"@id\":\"https:\\\/\\\/exaudi.org\\\/es\\\/jornada-mundial-migrante-dialogo-laudato-si-vaticano\\\/\",\"url\":\"https:\\\/\\\/exaudi.org\\\/es\\\/jornada-mundial-migrante-dialogo-laudato-si-vaticano\\\/\",\"name\":\"Jornada Mundial Migrante: Di\u00e1logo Laudato Si' en el Vaticano - Exaudi\",\"isPartOf\":{\"@id\":\"https:\\\/\\\/exaudi.org\\\/#website\"},\"primaryImageOfPage\":{\"@id\":\"https:\\\/\\\/exaudi.org\\\/es\\\/jornada-mundial-migrante-dialogo-laudato-si-vaticano\\\/#primaryimage\"},\"image\":{\"@id\":\"https:\\\/\\\/exaudi.org\\\/es\\\/jornada-mundial-migrante-dialogo-laudato-si-vaticano\\\/#primaryimage\"},\"thumbnailUrl\":\"https:\\\/\\\/exaudi.org\\\/wp-content\\\/uploads\\\/2021\\\/09\\\/7mn76m76.jpeg\",\"datePublished\":\"2021-09-24T09:28:08+00:00\",\"dateModified\":\"2021-09-24T13:04:22+00:00\",\"author\":{\"@id\":\"https:\\\/\\\/exaudi.org\\\/#\\\/schema\\\/person\\\/d134b96438278131ce90c90c03fda6cd\"},\"description\":\"El Vaticano organiza en Roma el Di\u00e1logo Laudato Si' el domingo 26 de septiembre de 2021, 107\u00aa Jornada Mundial del Migrante y el Refugiado.\",\"breadcrumb\":{\"@id\":\"https:\\\/\\\/exaudi.org\\\/es\\\/jornada-mundial-migrante-dialogo-laudato-si-vaticano\\\/#breadcrumb\"},\"inLanguage\":\"es\",\"potentialAction\":[{\"@type\":\"ReadAction\",\"target\":[\"https:\\\/\\\/exaudi.org\\\/es\\\/jornada-mundial-migrante-dialogo-laudato-si-vaticano\\\/\"]}]},{\"@type\":\"ImageObject\",\"inLanguage\":\"es\",\"@id\":\"https:\\\/\\\/exaudi.org\\\/es\\\/jornada-mundial-migrante-dialogo-laudato-si-vaticano\\\/#primaryimage\",\"url\":\"https:\\\/\\\/exaudi.org\\\/wp-content\\\/uploads\\\/2021\\\/09\\\/7mn76m76.jpeg\",\"contentUrl\":\"https:\\\/\\\/exaudi.org\\\/wp-content\\\/uploads\\\/2021\\\/09\\\/7mn76m76.jpeg\",\"width\":1500,\"height\":844,\"caption\":\"El Papa inaugurando Angels unaware en el Vaticano \u00a9 Vatican Media\"},{\"@type\":\"BreadcrumbList\",\"@id\":\"https:\\\/\\\/exaudi.org\\\/es\\\/jornada-mundial-migrante-dialogo-laudato-si-vaticano\\\/#breadcrumb\",\"itemListElement\":[{\"@type\":\"ListItem\",\"position\":1,\"name\":\"Portada\",\"item\":\"https:\\\/\\\/exaudi.org\\\/es\\\/\"},{\"@type\":\"ListItem\",\"position\":2,\"name\":\"Jornada Mundial Migrante: Di\u00e1logo Laudato Si&#8217; en el Vaticano\"}]},{\"@type\":\"WebSite\",\"@id\":\"https:\\\/\\\/exaudi.org\\\/#website\",\"url\":\"https:\\\/\\\/exaudi.org\\\/\",\"name\":\"Exaudi\",\"description\":\"News\",\"potentialAction\":[{\"@type\":\"SearchAction\",\"target\":{\"@type\":\"EntryPoint\",\"urlTemplate\":\"https:\\\/\\\/exaudi.org\\\/?s={search_term_string}\"},\"query-input\":{\"@type\":\"PropertyValueSpecification\",\"valueRequired\":true,\"valueName\":\"search_term_string\"}}],\"inLanguage\":\"es\"},{\"@type\":\"Person\",\"@id\":\"https:\\\/\\\/exaudi.org\\\/#\\\/schema\\\/person\\\/d134b96438278131ce90c90c03fda6cd\",\"name\":\"Gabriel Sales\",\"image\":{\"@type\":\"ImageObject\",\"inLanguage\":\"es\",\"@id\":\"https:\\\/\\\/secure.gravatar.com\\\/avatar\\\/9b1269566f6a063ed26ffb3532b66a373cdde231ce5d0effb266167437fdaffd?s=96&d=mm&r=g\",\"url\":\"https:\\\/\\\/secure.gravatar.com\\\/avatar\\\/9b1269566f6a063ed26ffb3532b66a373cdde231ce5d0effb266167437fdaffd?s=96&d=mm&r=g\",\"contentUrl\":\"https:\\\/\\\/secure.gravatar.com\\\/avatar\\\/9b1269566f6a063ed26ffb3532b66a373cdde231ce5d0effb266167437fdaffd?s=96&d=mm&r=g\",\"caption\":\"Gabriel Sales\"},\"description\":\"Periodista y especialista en Comunicaci\u00f3n y Branding digital. Cin\u00e9filo y cr\u00edtico de cine y series de televisi\u00f3n.\",\"sameAs\":[\"https:\\\/\\\/www.instagram.com\\\/cine90segundos\\\/\",\"www.linkedin.com\\\/in\\\/habemusman\",\"https:\\\/\\\/x.com\\\/habemusman\",\"https:\\\/\\\/www.youtube.com\\\/channel\\\/UCVfCiOMkJ_C7T7OpyjuaLDg\"],\"url\":\"https:\\\/\\\/exaudi.org\\\/es\\\/author\\\/gsalesexaudi-org\\\/\"}]}<\/script>\n<!-- \/ Yoast SEO plugin. -->","yoast_head_json":{"title":"Jornada Mundial Migrante: Di\u00e1logo Laudato Si' en el Vaticano - Exaudi","description":"El Vaticano organiza en Roma el Di\u00e1logo Laudato Si' el domingo 26 de septiembre de 2021, 107\u00aa Jornada Mundial del Migrante y el Refugiado.","robots":{"index":"index","follow":"follow","max-snippet":"max-snippet:-1","max-image-preview":"max-image-preview:large","max-video-preview":"max-video-preview:-1"},"canonical":"https:\/\/exaudi.org\/es\/jornada-mundial-migrante-dialogo-laudato-si-vaticano\/","og_locale":"es_ES","og_type":"article","og_title":"Jornada Mundial Migrante: Di\u00e1logo Laudato Si' en el Vaticano - Exaudi","og_description":"El Vaticano organiza en Roma el Di\u00e1logo Laudato Si' el domingo 26 de septiembre de 2021, 107\u00aa Jornada Mundial del Migrante y el Refugiado.","og_url":"https:\/\/exaudi.org\/es\/jornada-mundial-migrante-dialogo-laudato-si-vaticano\/","og_site_name":"Exaudi","article_publisher":"https:\/\/www.facebook.com\/ExaudiNews","article_published_time":"2021-09-24T09:28:08+00:00","article_modified_time":"2021-09-24T13:04:22+00:00","og_image":[{"width":1500,"height":844,"url":"https:\/\/exaudi.org\/wp-content\/uploads\/2021\/09\/7mn76m76.jpeg","type":"image\/jpeg"}],"author":"Gabriel Sales","twitter_card":"summary_large_image","twitter_creator":"@habemusman","twitter_site":"@Exaudi_News","twitter_misc":{"Escrito por":"Gabriel Sales","Tiempo de lectura":"3 minutos"},"schema":{"@context":"https:\/\/schema.org","@graph":[{"@type":"Article","@id":"https:\/\/exaudi.org\/es\/jornada-mundial-migrante-dialogo-laudato-si-vaticano\/#article","isPartOf":{"@id":"https:\/\/exaudi.org\/es\/jornada-mundial-migrante-dialogo-laudato-si-vaticano\/"},"author":{"name":"Gabriel Sales","@id":"https:\/\/exaudi.org\/#\/schema\/person\/d134b96438278131ce90c90c03fda6cd"},"headline":"Jornada Mundial Migrante: Di\u00e1logo Laudato Si&#8217; en el Vaticano","datePublished":"2021-09-24T09:28:08+00:00","dateModified":"2021-09-24T13:04:22+00:00","mainEntityOfPage":{"@id":"https:\/\/exaudi.org\/es\/jornada-mundial-migrante-dialogo-laudato-si-vaticano\/"},"wordCount":538,"image":{"@id":"https:\/\/exaudi.org\/es\/jornada-mundial-migrante-dialogo-laudato-si-vaticano\/#primaryimage"},"thumbnailUrl":"https:\/\/exaudi.org\/wp-content\/uploads\/2021\/09\/7mn76m76.jpeg","keywords":["107\u00aa Jornada Mundial del Migrante y del Refugiado","Movimiento Laudato Si'","papa francisco"],"articleSection":["Le\u00f3n XIV","Top Ultimas Noticias","\u00daltimas noticias"],"inLanguage":"es"},{"@type":"WebPage","@id":"https:\/\/exaudi.org\/es\/jornada-mundial-migrante-dialogo-laudato-si-vaticano\/","url":"https:\/\/exaudi.org\/es\/jornada-mundial-migrante-dialogo-laudato-si-vaticano\/","name":"Jornada Mundial Migrante: Di\u00e1logo Laudato Si' en el Vaticano - Exaudi","isPartOf":{"@id":"https:\/\/exaudi.org\/#website"},"primaryImageOfPage":{"@id":"https:\/\/exaudi.org\/es\/jornada-mundial-migrante-dialogo-laudato-si-vaticano\/#primaryimage"},"image":{"@id":"https:\/\/exaudi.org\/es\/jornada-mundial-migrante-dialogo-laudato-si-vaticano\/#primaryimage"},"thumbnailUrl":"https:\/\/exaudi.org\/wp-content\/uploads\/2021\/09\/7mn76m76.jpeg","datePublished":"2021-09-24T09:28:08+00:00","dateModified":"2021-09-24T13:04:22+00:00","author":{"@id":"https:\/\/exaudi.org\/#\/schema\/person\/d134b96438278131ce90c90c03fda6cd"},"description":"El Vaticano organiza en Roma el Di\u00e1logo Laudato Si' el domingo 26 de septiembre de 2021, 107\u00aa Jornada Mundial del Migrante y el Refugiado.","breadcrumb":{"@id":"https:\/\/exaudi.org\/es\/jornada-mundial-migrante-dialogo-laudato-si-vaticano\/#breadcrumb"},"inLanguage":"es","potentialAction":[{"@type":"ReadAction","target":["https:\/\/exaudi.org\/es\/jornada-mundial-migrante-dialogo-laudato-si-vaticano\/"]}]},{"@type":"ImageObject","inLanguage":"es","@id":"https:\/\/exaudi.org\/es\/jornada-mundial-migrante-dialogo-laudato-si-vaticano\/#primaryimage","url":"https:\/\/exaudi.org\/wp-content\/uploads\/2021\/09\/7mn76m76.jpeg","contentUrl":"https:\/\/exaudi.org\/wp-content\/uploads\/2021\/09\/7mn76m76.jpeg","width":1500,"height":844,"caption":"El Papa inaugurando Angels unaware en el Vaticano \u00a9 Vatican Media"},{"@type":"BreadcrumbList","@id":"https:\/\/exaudi.org\/es\/jornada-mundial-migrante-dialogo-laudato-si-vaticano\/#breadcrumb","itemListElement":[{"@type":"ListItem","position":1,"name":"Portada","item":"https:\/\/exaudi.org\/es\/"},{"@type":"ListItem","position":2,"name":"Jornada Mundial Migrante: Di\u00e1logo Laudato Si&#8217; en el Vaticano"}]},{"@type":"WebSite","@id":"https:\/\/exaudi.org\/#website","url":"https:\/\/exaudi.org\/","name":"Exaudi","description":"News","potentialAction":[{"@type":"SearchAction","target":{"@type":"EntryPoint","urlTemplate":"https:\/\/exaudi.org\/?s={search_term_string}"},"query-input":{"@type":"PropertyValueSpecification","valueRequired":true,"valueName":"search_term_string"}}],"inLanguage":"es"},{"@type":"Person","@id":"https:\/\/exaudi.org\/#\/schema\/person\/d134b96438278131ce90c90c03fda6cd","name":"Gabriel Sales","image":{"@type":"ImageObject","inLanguage":"es","@id":"https:\/\/secure.gravatar.com\/avatar\/9b1269566f6a063ed26ffb3532b66a373cdde231ce5d0effb266167437fdaffd?s=96&d=mm&r=g","url":"https:\/\/secure.gravatar.com\/avatar\/9b1269566f6a063ed26ffb3532b66a373cdde231ce5d0effb266167437fdaffd?s=96&d=mm&r=g","contentUrl":"https:\/\/secure.gravatar.com\/avatar\/9b1269566f6a063ed26ffb3532b66a373cdde231ce5d0effb266167437fdaffd?s=96&d=mm&r=g","caption":"Gabriel Sales"},"description":"Periodista y especialista en Comunicaci\u00f3n y Branding digital. Cin\u00e9filo y cr\u00edtico de cine y series de televisi\u00f3n.","sameAs":["https:\/\/www.instagram.com\/cine90segundos\/","www.linkedin.com\/in\/habemusman","https:\/\/x.com\/habemusman","https:\/\/www.youtube.com\/channel\/UCVfCiOMkJ_C7T7OpyjuaLDg"],"url":"https:\/\/exaudi.org\/es\/author\/gsalesexaudi-org\/"}]}},"jetpack_featured_media_url":"https:\/\/exaudi.org\/wp-content\/uploads\/2021\/09\/7mn76m76.jpeg","jetpack_shortlink":"https:\/\/wp.me\/pgKjF2-8Ze","_links":{"self":[{"href":"https:\/\/exaudi.org\/es\/wp-json\/wp\/v2\/posts\/34548","targetHints":{"allow":["GET"]}}],"collection":[{"href":"https:\/\/exaudi.org\/es\/wp-json\/wp\/v2\/posts"}],"about":[{"href":"https:\/\/exaudi.org\/es\/wp-json\/wp\/v2\/types\/post"}],"author":[{"embeddable":true,"href":"https:\/\/exaudi.org\/es\/wp-json\/wp\/v2\/users\/6"}],"replies":[{"embeddable":true,"href":"https:\/\/exaudi.org\/es\/wp-json\/wp\/v2\/comments?post=34548"}],"version-history":[{"count":0,"href":"https:\/\/exaudi.org\/es\/wp-json\/wp\/v2\/posts\/34548\/revisions"}],"wp:featuredmedia":[{"embeddable":true,"href":"https:\/\/exaudi.org\/es\/wp-json\/wp\/v2\/media\/34550"}],"wp:attachment":[{"href":"https:\/\/exaudi.org\/es\/wp-json\/wp\/v2\/media?parent=34548"}],"wp:term":[{"taxonomy":"category","embeddable":true,"href":"https:\/\/exaudi.org\/es\/wp-json\/wp\/v2\/categories?post=34548"},{"taxonomy":"post_tag","embeddable":true,"href":"https:\/\/exaudi.org\/es\/wp-json\/wp\/v2\/tags?post=34548"}],"curies":[{"name":"wp","href":"https:\/\/api.w.org\/{rel}","templated":true}]}}