{"id":34459,"date":"2021-09-23T14:38:57","date_gmt":"2021-09-23T12:38:57","guid":{"rendered":"https:\/\/exaudi.wpengine.com\/?p=34459"},"modified":"2021-09-24T13:31:51","modified_gmt":"2021-09-24T11:31:51","slug":"caritas-argentina-campana-trabajo","status":"publish","type":"post","link":"https:\/\/exaudi.org\/es\/caritas-argentina-campana-trabajo\/","title":{"rendered":"C\u00e1ritas Argentina lanza campa\u00f1a para promocionar el trabajo"},"content":{"rendered":"<p><a href=\"https:\/\/caritas.org.ar\/\" target=\"_blank\" rel=\"noopener\">C\u00e1ritas Argentina<\/a> ha lanzado su campa\u00f1a anual para impulsar en la sociedad iniciativas que promuevan el <a href=\"https:\/\/exaudi.wpengine.com\/es\/valor-humano-y-cristiano-trabajo-ensenanzas-juan-pablo-ii\/\" target=\"_blank\" rel=\"noopener\">trabajo<\/a>, como herramienta central para combatir la pobreza y la exclusi\u00f3n. Seg\u00fan se\u00f1ala la organizaci\u00f3n en una nota, durante un mes promover\u00e1 y difundir\u00e1 iniciativas tendientes a impulsar la inserci\u00f3n laboral genuina de personas en todas las di\u00f3cesis de la naci\u00f3n.<\/p>\n<p>\u201cNos encontramos hoy inmersos en un sano debate acerca de c\u00f3mo propiciamos una transici\u00f3n de la ayuda social al trabajo genuino\u201d, destac\u00f3 Nicol\u00e1s Meyer, director ejecutivo de C\u00e1ritas Argentina. Y agreg\u00f3: \u201cNuestra experiencia cotidiana entre las personas que m\u00e1s necesitan ayuda material y espiritual, nos demuestra que debemos buscar m\u00faltiples maneras de pasar de la asistencia, necesaria pero transitoria, al trabajo seguro, registrado, con derechos sociales y a la salud. Estamos convencidos que este es el camino que moviliza cambios profundos y duraderos en las comunidades m\u00e1s vulnerables\u201d.<\/p>\n<p>Seg\u00fan datos del Observatorio de la Deuda Social de la UCA, la crisis econ\u00f3mica-sanitaria gener\u00f3 p\u00e9rdidas de empleo, disminuci\u00f3n del nivel de actividad laboral y una mayor desocupaci\u00f3n, que alcanz\u00f3 al 14 % de la poblaci\u00f3n econ\u00f3micamente activa. \u201cEsto da solo una idea de la magnitud del problema en Argentina y la necesidad de encontrar soluciones de manera urgente\u201d, destac\u00f3 Meyer.<\/p>\n<p>En tanto, Monse\u00f1or Tissera, presidente de C\u00e1ritas Argentina, se\u00f1al\u00f3: \u201cLa Iglesia ha dado siempre un mensaje claro acerca del respeto a la dignidad de la persona humana y el trabajo.\u201d En tal sentido, record\u00f3 las palabras del Papa Francisco, quien en ocasi\u00f3n de su mensaje a los movimientos populares en Bolivia en 2015 se\u00f1al\u00f3: \u201cNo basta con dejar caer algunas gotas cuando los pobres agitan esa copa que nunca derrama por s\u00ed sola. Los planes asistenciales que atienden ciertas urgencias s\u00f3lo deber\u00edan pensarse como respuestas pasajeras, coyunturales. Nunca podr\u00edan sustituir la verdadera inclusi\u00f3n: esa que da el trabajo digno, libre, creativo, participativo y solidario\u201d.<\/p>\n<p>\u201cConocemos en C\u00e1ritas el profundo malestar psicol\u00f3gico y emocional que genera el desempleo o el trabajo precario. Nuestros voluntarios todos los d\u00edas acompa\u00f1an procesos de promoci\u00f3n, brindan ayuda material y contenci\u00f3n espiritual en los barrios, pero el reclamo es por la p\u00e9rdida de puestos de trabajo\u201d, destac\u00f3 Meyer.<\/p>\n<p>\u201cEncontrar la f\u00f3rmula para multiplicar trabajos calificados, con capacitaci\u00f3n y mejor remunerados es quiz\u00e1s el principal desaf\u00edo que enfrenta nuestro pa\u00eds en su futuro inmediato; porque el trabajo decente devuelve la esperanza y renueva la fe en desplegar un proyecto de vida para las personas y sus familias\u201d, concluy\u00f3 Tissera.<\/p>\n<h4><strong>C\u00e1ritas Argentina<\/strong><\/h4>\n<p>En la propia web se describe como una organizaci\u00f3n de la Iglesia Cat\u00f3lica que trabaja para dar respuesta a las problem\u00e1ticas sociales que derivan de la pobreza. Son m\u00e1s de 32. 000 voluntarios en 3.500 equipos de trabajo y est\u00e1n en todos los rincones del pa\u00eds. Acompa\u00f1an a personas, familias y comunidades\u00a0que se encuentran en situaci\u00f3n de exclusi\u00f3n y vulnerabilidad.<\/p>\n<p><span class=\"elementor-icon-list-text\">Les brindan contenci\u00f3n espiritual y herramientas concretas para que, por sus propios medios, sean capaces de transformar su realidad. \u201cC\u00e1ritas es amor en obras: nuestro servicio y nuestras acciones se inspiran en el amor a Dios y al pr\u00f3jimo. Buscando la verdadera dignificaci\u00f3n del hombre, C\u00e1ritas se centra en tres momentos claves para llevar adelante su misi\u00f3n\u201d.<\/span><\/p>\n","protected":false},"excerpt":{"rendered":"<p>Para combatir la pobreza y la exclusi\u00f3n<\/p>\n","protected":false},"author":6,"featured_media":34460,"comment_status":"closed","ping_status":"closed","sticky":false,"template":"","format":"standard","meta":{"_acf_changed":false,"_crdt_document":"","inline_featured_image":false,"footnotes":""},"categories":[86,94,298],"tags":[3831,3516,1646],"class_list":["post-34459","post","type-post","status-publish","format-standard","has-post-thumbnail","hentry","category-iglesia-local","category-justicia-y-paz","category-ultimas-noticias","tag-caritas-argentina","tag-empleo","tag-pobreza"],"acf":[],"yoast_head":"<!-- This site is optimized with the Yoast SEO plugin v27.5 - https:\/\/yoast.com\/product\/yoast-seo-wordpress\/ -->\n<title>C\u00e1ritas Argentina lanza campa\u00f1a para promocionar el trabajo - Exaudi<\/title>\n<meta name=\"description\" content=\"C\u00e1ritas Argentina ha lanzado su campa\u00f1a anual para impulsar en la sociedad iniciativas que promuevan el trabajo.\" \/>\n<meta name=\"robots\" content=\"index, follow, max-snippet:-1, max-image-preview:large, max-video-preview:-1\" \/>\n<link rel=\"canonical\" href=\"https:\/\/exaudi.org\/es\/caritas-argentina-campana-trabajo\/\" \/>\n<meta property=\"og:locale\" content=\"es_ES\" \/>\n<meta property=\"og:type\" content=\"article\" \/>\n<meta property=\"og:title\" content=\"C\u00e1ritas Argentina lanza campa\u00f1a para promocionar el trabajo - Exaudi\" \/>\n<meta property=\"og:description\" content=\"C\u00e1ritas Argentina ha lanzado su campa\u00f1a anual para impulsar en la sociedad iniciativas que promuevan el trabajo.\" \/>\n<meta property=\"og:url\" content=\"https:\/\/exaudi.org\/es\/caritas-argentina-campana-trabajo\/\" \/>\n<meta property=\"og:site_name\" content=\"Exaudi\" \/>\n<meta property=\"article:publisher\" content=\"https:\/\/www.facebook.com\/ExaudiNews\" \/>\n<meta property=\"article:published_time\" content=\"2021-09-23T12:38:57+00:00\" \/>\n<meta property=\"article:modified_time\" content=\"2021-09-24T11:31:51+00:00\" \/>\n<meta property=\"og:image\" content=\"https:\/\/exaudi.org\/wp-content\/uploads\/2021\/09\/lnkln\u00b4kln.jpg\" \/>\n\t<meta property=\"og:image:width\" content=\"2048\" \/>\n\t<meta property=\"og:image:height\" content=\"1191\" \/>\n\t<meta property=\"og:image:type\" content=\"image\/jpeg\" \/>\n<meta name=\"author\" content=\"Gabriel Sales\" \/>\n<meta name=\"twitter:card\" content=\"summary_large_image\" \/>\n<meta name=\"twitter:creator\" content=\"@habemusman\" \/>\n<meta name=\"twitter:site\" content=\"@Exaudi_News\" \/>\n<meta name=\"twitter:label1\" content=\"Escrito por\" \/>\n\t<meta name=\"twitter:data1\" content=\"Gabriel Sales\" \/>\n\t<meta name=\"twitter:label2\" content=\"Tiempo de lectura\" \/>\n\t<meta name=\"twitter:data2\" content=\"3 minutos\" \/>\n<script type=\"application\/ld+json\" class=\"yoast-schema-graph\">{\"@context\":\"https:\\\/\\\/schema.org\",\"@graph\":[{\"@type\":\"Article\",\"@id\":\"https:\\\/\\\/exaudi.org\\\/es\\\/caritas-argentina-campana-trabajo\\\/#article\",\"isPartOf\":{\"@id\":\"https:\\\/\\\/exaudi.org\\\/es\\\/caritas-argentina-campana-trabajo\\\/\"},\"author\":{\"name\":\"Gabriel Sales\",\"@id\":\"https:\\\/\\\/exaudi.org\\\/#\\\/schema\\\/person\\\/d134b96438278131ce90c90c03fda6cd\"},\"headline\":\"C\u00e1ritas Argentina lanza campa\u00f1a para promocionar el trabajo\",\"datePublished\":\"2021-09-23T12:38:57+00:00\",\"dateModified\":\"2021-09-24T11:31:51+00:00\",\"mainEntityOfPage\":{\"@id\":\"https:\\\/\\\/exaudi.org\\\/es\\\/caritas-argentina-campana-trabajo\\\/\"},\"wordCount\":592,\"image\":{\"@id\":\"https:\\\/\\\/exaudi.org\\\/es\\\/caritas-argentina-campana-trabajo\\\/#primaryimage\"},\"thumbnailUrl\":\"https:\\\/\\\/exaudi.org\\\/wp-content\\\/uploads\\\/2021\\\/09\\\/lnkln\u00b4kln.jpg\",\"keywords\":[\"C\u00e1ritas Argentina\",\"Empleo\",\"Pobreza\"],\"articleSection\":[\"Iglesia Local\",\"Justicia y Paz\",\"\u00daltimas noticias\"],\"inLanguage\":\"es\"},{\"@type\":\"WebPage\",\"@id\":\"https:\\\/\\\/exaudi.org\\\/es\\\/caritas-argentina-campana-trabajo\\\/\",\"url\":\"https:\\\/\\\/exaudi.org\\\/es\\\/caritas-argentina-campana-trabajo\\\/\",\"name\":\"C\u00e1ritas Argentina lanza campa\u00f1a para promocionar el trabajo - Exaudi\",\"isPartOf\":{\"@id\":\"https:\\\/\\\/exaudi.org\\\/#website\"},\"primaryImageOfPage\":{\"@id\":\"https:\\\/\\\/exaudi.org\\\/es\\\/caritas-argentina-campana-trabajo\\\/#primaryimage\"},\"image\":{\"@id\":\"https:\\\/\\\/exaudi.org\\\/es\\\/caritas-argentina-campana-trabajo\\\/#primaryimage\"},\"thumbnailUrl\":\"https:\\\/\\\/exaudi.org\\\/wp-content\\\/uploads\\\/2021\\\/09\\\/lnkln\u00b4kln.jpg\",\"datePublished\":\"2021-09-23T12:38:57+00:00\",\"dateModified\":\"2021-09-24T11:31:51+00:00\",\"author\":{\"@id\":\"https:\\\/\\\/exaudi.org\\\/#\\\/schema\\\/person\\\/d134b96438278131ce90c90c03fda6cd\"},\"description\":\"C\u00e1ritas Argentina ha lanzado su campa\u00f1a anual para impulsar en la sociedad iniciativas que promuevan el trabajo.\",\"breadcrumb\":{\"@id\":\"https:\\\/\\\/exaudi.org\\\/es\\\/caritas-argentina-campana-trabajo\\\/#breadcrumb\"},\"inLanguage\":\"es\",\"potentialAction\":[{\"@type\":\"ReadAction\",\"target\":[\"https:\\\/\\\/exaudi.org\\\/es\\\/caritas-argentina-campana-trabajo\\\/\"]}]},{\"@type\":\"ImageObject\",\"inLanguage\":\"es\",\"@id\":\"https:\\\/\\\/exaudi.org\\\/es\\\/caritas-argentina-campana-trabajo\\\/#primaryimage\",\"url\":\"https:\\\/\\\/exaudi.org\\\/wp-content\\\/uploads\\\/2021\\\/09\\\/lnkln\u00b4kln.jpg\",\"contentUrl\":\"https:\\\/\\\/exaudi.org\\\/wp-content\\\/uploads\\\/2021\\\/09\\\/lnkln\u00b4kln.jpg\",\"width\":2048,\"height\":1191,\"caption\":\"Trabajadores \u00a9 Facebook C\u00e1ritas Argentina\"},{\"@type\":\"BreadcrumbList\",\"@id\":\"https:\\\/\\\/exaudi.org\\\/es\\\/caritas-argentina-campana-trabajo\\\/#breadcrumb\",\"itemListElement\":[{\"@type\":\"ListItem\",\"position\":1,\"name\":\"Portada\",\"item\":\"https:\\\/\\\/exaudi.org\\\/es\\\/\"},{\"@type\":\"ListItem\",\"position\":2,\"name\":\"C\u00e1ritas Argentina lanza campa\u00f1a para promocionar el trabajo\"}]},{\"@type\":\"WebSite\",\"@id\":\"https:\\\/\\\/exaudi.org\\\/#website\",\"url\":\"https:\\\/\\\/exaudi.org\\\/\",\"name\":\"Exaudi\",\"description\":\"News\",\"potentialAction\":[{\"@type\":\"SearchAction\",\"target\":{\"@type\":\"EntryPoint\",\"urlTemplate\":\"https:\\\/\\\/exaudi.org\\\/?s={search_term_string}\"},\"query-input\":{\"@type\":\"PropertyValueSpecification\",\"valueRequired\":true,\"valueName\":\"search_term_string\"}}],\"inLanguage\":\"es\"},{\"@type\":\"Person\",\"@id\":\"https:\\\/\\\/exaudi.org\\\/#\\\/schema\\\/person\\\/d134b96438278131ce90c90c03fda6cd\",\"name\":\"Gabriel Sales\",\"image\":{\"@type\":\"ImageObject\",\"inLanguage\":\"es\",\"@id\":\"https:\\\/\\\/secure.gravatar.com\\\/avatar\\\/9b1269566f6a063ed26ffb3532b66a373cdde231ce5d0effb266167437fdaffd?s=96&d=mm&r=g\",\"url\":\"https:\\\/\\\/secure.gravatar.com\\\/avatar\\\/9b1269566f6a063ed26ffb3532b66a373cdde231ce5d0effb266167437fdaffd?s=96&d=mm&r=g\",\"contentUrl\":\"https:\\\/\\\/secure.gravatar.com\\\/avatar\\\/9b1269566f6a063ed26ffb3532b66a373cdde231ce5d0effb266167437fdaffd?s=96&d=mm&r=g\",\"caption\":\"Gabriel Sales\"},\"description\":\"Periodista y especialista en Comunicaci\u00f3n y Branding digital. Cin\u00e9filo y cr\u00edtico de cine y series de televisi\u00f3n.\",\"sameAs\":[\"https:\\\/\\\/www.instagram.com\\\/cine90segundos\\\/\",\"www.linkedin.com\\\/in\\\/habemusman\",\"https:\\\/\\\/x.com\\\/habemusman\",\"https:\\\/\\\/www.youtube.com\\\/channel\\\/UCVfCiOMkJ_C7T7OpyjuaLDg\"],\"url\":\"https:\\\/\\\/exaudi.org\\\/es\\\/author\\\/gsalesexaudi-org\\\/\"}]}<\/script>\n<!-- \/ Yoast SEO plugin. -->","yoast_head_json":{"title":"C\u00e1ritas Argentina lanza campa\u00f1a para promocionar el trabajo - Exaudi","description":"C\u00e1ritas Argentina ha lanzado su campa\u00f1a anual para impulsar en la sociedad iniciativas que promuevan el trabajo.","robots":{"index":"index","follow":"follow","max-snippet":"max-snippet:-1","max-image-preview":"max-image-preview:large","max-video-preview":"max-video-preview:-1"},"canonical":"https:\/\/exaudi.org\/es\/caritas-argentina-campana-trabajo\/","og_locale":"es_ES","og_type":"article","og_title":"C\u00e1ritas Argentina lanza campa\u00f1a para promocionar el trabajo - Exaudi","og_description":"C\u00e1ritas Argentina ha lanzado su campa\u00f1a anual para impulsar en la sociedad iniciativas que promuevan el trabajo.","og_url":"https:\/\/exaudi.org\/es\/caritas-argentina-campana-trabajo\/","og_site_name":"Exaudi","article_publisher":"https:\/\/www.facebook.com\/ExaudiNews","article_published_time":"2021-09-23T12:38:57+00:00","article_modified_time":"2021-09-24T11:31:51+00:00","og_image":[{"width":2048,"height":1191,"url":"https:\/\/exaudi.org\/wp-content\/uploads\/2021\/09\/lnkln\u00b4kln.jpg","type":"image\/jpeg"}],"author":"Gabriel Sales","twitter_card":"summary_large_image","twitter_creator":"@habemusman","twitter_site":"@Exaudi_News","twitter_misc":{"Escrito por":"Gabriel Sales","Tiempo de lectura":"3 minutos"},"schema":{"@context":"https:\/\/schema.org","@graph":[{"@type":"Article","@id":"https:\/\/exaudi.org\/es\/caritas-argentina-campana-trabajo\/#article","isPartOf":{"@id":"https:\/\/exaudi.org\/es\/caritas-argentina-campana-trabajo\/"},"author":{"name":"Gabriel Sales","@id":"https:\/\/exaudi.org\/#\/schema\/person\/d134b96438278131ce90c90c03fda6cd"},"headline":"C\u00e1ritas Argentina lanza campa\u00f1a para promocionar el trabajo","datePublished":"2021-09-23T12:38:57+00:00","dateModified":"2021-09-24T11:31:51+00:00","mainEntityOfPage":{"@id":"https:\/\/exaudi.org\/es\/caritas-argentina-campana-trabajo\/"},"wordCount":592,"image":{"@id":"https:\/\/exaudi.org\/es\/caritas-argentina-campana-trabajo\/#primaryimage"},"thumbnailUrl":"https:\/\/exaudi.org\/wp-content\/uploads\/2021\/09\/lnkln\u00b4kln.jpg","keywords":["C\u00e1ritas Argentina","Empleo","Pobreza"],"articleSection":["Iglesia Local","Justicia y Paz","\u00daltimas noticias"],"inLanguage":"es"},{"@type":"WebPage","@id":"https:\/\/exaudi.org\/es\/caritas-argentina-campana-trabajo\/","url":"https:\/\/exaudi.org\/es\/caritas-argentina-campana-trabajo\/","name":"C\u00e1ritas Argentina lanza campa\u00f1a para promocionar el trabajo - Exaudi","isPartOf":{"@id":"https:\/\/exaudi.org\/#website"},"primaryImageOfPage":{"@id":"https:\/\/exaudi.org\/es\/caritas-argentina-campana-trabajo\/#primaryimage"},"image":{"@id":"https:\/\/exaudi.org\/es\/caritas-argentina-campana-trabajo\/#primaryimage"},"thumbnailUrl":"https:\/\/exaudi.org\/wp-content\/uploads\/2021\/09\/lnkln\u00b4kln.jpg","datePublished":"2021-09-23T12:38:57+00:00","dateModified":"2021-09-24T11:31:51+00:00","author":{"@id":"https:\/\/exaudi.org\/#\/schema\/person\/d134b96438278131ce90c90c03fda6cd"},"description":"C\u00e1ritas Argentina ha lanzado su campa\u00f1a anual para impulsar en la sociedad iniciativas que promuevan el trabajo.","breadcrumb":{"@id":"https:\/\/exaudi.org\/es\/caritas-argentina-campana-trabajo\/#breadcrumb"},"inLanguage":"es","potentialAction":[{"@type":"ReadAction","target":["https:\/\/exaudi.org\/es\/caritas-argentina-campana-trabajo\/"]}]},{"@type":"ImageObject","inLanguage":"es","@id":"https:\/\/exaudi.org\/es\/caritas-argentina-campana-trabajo\/#primaryimage","url":"https:\/\/exaudi.org\/wp-content\/uploads\/2021\/09\/lnkln\u00b4kln.jpg","contentUrl":"https:\/\/exaudi.org\/wp-content\/uploads\/2021\/09\/lnkln\u00b4kln.jpg","width":2048,"height":1191,"caption":"Trabajadores \u00a9 Facebook C\u00e1ritas Argentina"},{"@type":"BreadcrumbList","@id":"https:\/\/exaudi.org\/es\/caritas-argentina-campana-trabajo\/#breadcrumb","itemListElement":[{"@type":"ListItem","position":1,"name":"Portada","item":"https:\/\/exaudi.org\/es\/"},{"@type":"ListItem","position":2,"name":"C\u00e1ritas Argentina lanza campa\u00f1a para promocionar el trabajo"}]},{"@type":"WebSite","@id":"https:\/\/exaudi.org\/#website","url":"https:\/\/exaudi.org\/","name":"Exaudi","description":"News","potentialAction":[{"@type":"SearchAction","target":{"@type":"EntryPoint","urlTemplate":"https:\/\/exaudi.org\/?s={search_term_string}"},"query-input":{"@type":"PropertyValueSpecification","valueRequired":true,"valueName":"search_term_string"}}],"inLanguage":"es"},{"@type":"Person","@id":"https:\/\/exaudi.org\/#\/schema\/person\/d134b96438278131ce90c90c03fda6cd","name":"Gabriel Sales","image":{"@type":"ImageObject","inLanguage":"es","@id":"https:\/\/secure.gravatar.com\/avatar\/9b1269566f6a063ed26ffb3532b66a373cdde231ce5d0effb266167437fdaffd?s=96&d=mm&r=g","url":"https:\/\/secure.gravatar.com\/avatar\/9b1269566f6a063ed26ffb3532b66a373cdde231ce5d0effb266167437fdaffd?s=96&d=mm&r=g","contentUrl":"https:\/\/secure.gravatar.com\/avatar\/9b1269566f6a063ed26ffb3532b66a373cdde231ce5d0effb266167437fdaffd?s=96&d=mm&r=g","caption":"Gabriel Sales"},"description":"Periodista y especialista en Comunicaci\u00f3n y Branding digital. Cin\u00e9filo y cr\u00edtico de cine y series de televisi\u00f3n.","sameAs":["https:\/\/www.instagram.com\/cine90segundos\/","www.linkedin.com\/in\/habemusman","https:\/\/x.com\/habemusman","https:\/\/www.youtube.com\/channel\/UCVfCiOMkJ_C7T7OpyjuaLDg"],"url":"https:\/\/exaudi.org\/es\/author\/gsalesexaudi-org\/"}]}},"jetpack_featured_media_url":"https:\/\/exaudi.org\/wp-content\/uploads\/2021\/09\/lnkln\u00b4kln.jpg","jetpack_shortlink":"https:\/\/wp.me\/pgKjF2-8XN","_links":{"self":[{"href":"https:\/\/exaudi.org\/es\/wp-json\/wp\/v2\/posts\/34459","targetHints":{"allow":["GET"]}}],"collection":[{"href":"https:\/\/exaudi.org\/es\/wp-json\/wp\/v2\/posts"}],"about":[{"href":"https:\/\/exaudi.org\/es\/wp-json\/wp\/v2\/types\/post"}],"author":[{"embeddable":true,"href":"https:\/\/exaudi.org\/es\/wp-json\/wp\/v2\/users\/6"}],"replies":[{"embeddable":true,"href":"https:\/\/exaudi.org\/es\/wp-json\/wp\/v2\/comments?post=34459"}],"version-history":[{"count":0,"href":"https:\/\/exaudi.org\/es\/wp-json\/wp\/v2\/posts\/34459\/revisions"}],"wp:featuredmedia":[{"embeddable":true,"href":"https:\/\/exaudi.org\/es\/wp-json\/wp\/v2\/media\/34460"}],"wp:attachment":[{"href":"https:\/\/exaudi.org\/es\/wp-json\/wp\/v2\/media?parent=34459"}],"wp:term":[{"taxonomy":"category","embeddable":true,"href":"https:\/\/exaudi.org\/es\/wp-json\/wp\/v2\/categories?post=34459"},{"taxonomy":"post_tag","embeddable":true,"href":"https:\/\/exaudi.org\/es\/wp-json\/wp\/v2\/tags?post=34459"}],"curies":[{"name":"wp","href":"https:\/\/api.w.org\/{rel}","templated":true}]}}