{"id":3445,"date":"2021-03-06T08:00:38","date_gmt":"2021-03-06T07:00:38","guid":{"rendered":"https:\/\/exaudi.org\/?p=3445"},"modified":"2021-03-06T18:41:27","modified_gmt":"2021-03-06T17:41:27","slug":"viaje-irak-papa-caldeos-eeuu-esperanza-2021","status":"publish","type":"post","link":"https:\/\/exaudi.org\/es\/viaje-irak-papa-caldeos-eeuu-esperanza-2021\/","title":{"rendered":"Viaje a Irak: Los caldeos de EE.UU. lo ven con esperanza"},"content":{"rendered":"<p>La visita del Papa Francisco a Irak ha llenado de esperanza a los caldeos de EEUU. El viaje apost\u00f3lico del Santo Padre del 5 al 8 de marzo ser\u00e1 la primera <a href=\"https:\/\/exaudi.org\/es\/viaje-papa-irak-monsenor-bashar-2021\/\" target=\"_blank\" rel=\"noopener noreferrer\">visita de un Papa<\/a> al pa\u00eds asi\u00e1tico, una naci\u00f3n que ha enfrentado d\u00e9cadas de guerra, donde los cristianos, incluyendo la comunidad caldea, han sufrido.<\/p>\n<p>Muchos cristianos caldeos han huido del all\u00ed. De hecho, la mayor poblaci\u00f3n cristiana caldea del mundo reside ahora en Estados Unidos. Para esta comunidad, la visita del Pont\u00edfice es algo que hay que seguir de cerca, y rezar por ella.<\/p>\n<p>Para saber c\u00f3mo ve esta comunidad estadounidense el <a href=\"https:\/\/exaudi.org\/es\/irak-arzobispo-nathanael-visita-papa-2021\/\" target=\"_blank\" rel=\"noopener noreferrer\">viaje de Francisco<\/a>, el corresponsal de Exaudi en este pa\u00eds, Jim Fair, habl\u00f3 con Martin Manna, presidente de la Fundaci\u00f3n de la Comunidad Caldea. Fundada en 2006 como brazo sin \u00e1nimo de lucro de la C\u00e1mara de Comercio Caldea Americana, con sede en Michigan, la <a href=\"https:\/\/www.facebook.com\/chaldeanfoundation\/\" target=\"_blank\" rel=\"noopener noreferrer\"><em>Chaldean Community Foundation<\/em><\/a> ha estado arraigada en nuestra herencia cultural caldea, sirviendo a las comunidades de inmigrantes e iraqu\u00edes reci\u00e9n llegados.<\/p>\n<p>A continuaci\u00f3n, la conversaci\u00f3n mantenida entre Exaudi y Manna.<\/p>\n<p>***<\/p>\n<p><strong>Exaudi: El patriarca caldeo Louis Rapha\u00ebl Sako y otros han dicho que la pr\u00f3xima visita del Papa a Irak ofrece esperanza a la Iglesia de ese pa\u00eds. \u00bfTambi\u00e9n a los caldeos de Am\u00e9rica del Norte?<\/strong><\/p>\n<p><strong>Martin Manna: <\/strong>Irak se ha convertido en una gran prisi\u00f3n para las minor\u00edas y los fieles de su pueblo originario. Los cambios demogr\u00e1ficos est\u00e1n agresivamente en marcha y en pleno desarrollo para borrar la identidad pluralista y cultural de la naci\u00f3n iraqu\u00ed. Muchos sienten una gran tristeza, pero a\u00fan se aferran a los delgados hilos de la esperanza, sin los cuales la mitad de la humanidad habr\u00eda acabado.<\/p>\n<p>Nuestra fe es lo que nos gu\u00eda y rezamos para que vengan d\u00edas mejores para Irak. Agradecemos que el Obispo de Roma haya hecho la peregrinaci\u00f3n y rezamos para que traiga el di\u00e1logo y la reconciliaci\u00f3n al pa\u00eds.<\/p>\n<p><strong>Exaudi: \u00bfCu\u00e1ntos miembros de la Iglesia de este pa\u00eds tienen parientes y amigos en Irak?<\/strong><\/p>\n<p><strong>Martin Manna: <\/strong>La comunidad caldea cuenta con m\u00e1s de 500.000 personas en Estados Unidos, ahora m\u00e1s grande que la comunidad en Irak. La inmensa mayor\u00eda sigue teniendo parientes y amigos en all\u00ed.<\/p>\n<p><strong>Exaudi: \u00bfTienen un contacto regular?<\/strong><\/p>\n<p><strong>Martin Manna: <\/strong>Nos preocupamos mucho por la comunidad iraqu\u00ed y nos comunicamos directamente con nuestros l\u00edderes religiosos y pol\u00edticos a diario, y las familias se mantienen en estrecho contacto con sus seres queridos.<\/p>\n<p><strong>Exaudi: \u00bfCu\u00e1ntos han llegado al pa\u00eds desde Irak?<\/strong><\/p>\n<p><strong>Martin Manna: <\/strong>En el \u00e1rea metropolitana de Detroit vive la mayor comunidad caldea fuera de Irak, con m\u00e1s de 160.000 personas. La mayor afluencia se produjo a finales de la d\u00e9cada de 1960, cuando el partido Baath lleg\u00f3 al poder.<\/p>\n<p>Ha habido una migraci\u00f3n adicional desde la primera guerra del golfo y, posteriormente, la invasi\u00f3n liderada por Estados Unidos en 2003, cuando m\u00e1s de 60.000 emigraron a EE.UU. En la actualidad hay 300.000 miembros de la comunidad que siguen desplazados y en busca de migraci\u00f3n a un pa\u00eds de acogida.<\/p>\n<p><strong>Exaudi: \u00bfEst\u00e1n haciendo algo para apoyar a la Iglesia en Irak?<\/strong><\/p>\n<p><strong>Martin Manna: <\/strong>Nuestra comunidad trabaja mano a mano con nuestra Iglesia en Irak. La di\u00f3cesis caldea de Detroit cre\u00f3 <a href=\"https:\/\/helpiraq.org\/\" target=\"_blank\" rel=\"noopener noreferrer\">helpiraq.org<\/a> y ha enviado m\u00e1s de siete millones de d\u00f3lares en ayuda a los refugiados desplazados (cristianos y no cristianos) en Irak, <a href=\"https:\/\/exaudi.org\/es\/iglesia-oriental-arzobispo-antelias-maronitas-libano-2021\/\" target=\"_blank\" rel=\"noopener noreferrer\">L\u00edbano<\/a>, Turqu\u00eda y Siria. Hay varias organizaciones sin \u00e1nimo de lucro, como la Fundaci\u00f3n Shlama y otras, que ofrecen servicios y programas de apoyo a la comunidad de N\u00ednive.<\/p>\n<p><strong>Exaudi: \u00bfC\u00f3mo va a seguir la visita del Sucesor de Pedro?<\/strong><\/p>\n<p><strong>Martin Manna: <\/strong>El Patriarca Cat\u00f3lico Caldeo proporcionar\u00e1 actualizaciones en las redes sociales sobre la visita y el peri\u00f3dico local <em>Chaldean News<\/em> (propiedad de la Fundaci\u00f3n de la Comunidad Caldea) tiene reporteros en Irak que est\u00e1n proporcionando actualizaciones sobre la visita a la comunidad.<\/p>\n<p><strong>Exaudi: \u00bfAlgunos de sus miembros quieren volver a Irak?<\/strong><\/p>\n<p><strong>Martin Manna: <\/strong>Muchos miembros de la comunidad visitan Irak con frecuencia. La C\u00e1mara de Comercio caldea americana mantiene una relaci\u00f3n de trabajo con el gobierno regional del Kurdist\u00e1n y con funcionarios iraqu\u00edes, y participa cada a\u00f1o en una misi\u00f3n de desarrollo econ\u00f3mico en la regi\u00f3n. La comunidad tambi\u00e9n apoya muchas iniciativas en los pueblos cristianos de N\u00ednive.<\/p>\n<p><strong>Exaudi: \u00bfCu\u00e1les son los mayores retos a los que se enfrentan los miembros de su Iglesia en Irak?<\/strong><\/p>\n<p><strong>Martin Manna: <\/strong>Los mayores retos siguen siendo la seguridad, la seguridad y la seguridad. La comunidad tambi\u00e9n se enfrenta a la intimidaci\u00f3n, el acoso y la discriminaci\u00f3n religiosa constantes. Por favor, consulte la lista adjunta de los retos y las soluciones propuestas.<\/p>\n<p><strong>Exaudi: \u00bfCu\u00e1les son los mayores retos a los que se enfrentan sus miembros aqu\u00ed?<\/strong><\/p>\n<p><strong>Martin Manna: <\/strong>Cuando la comunidad tiene libertad religiosa y econ\u00f3mica, sobresale. Somos emprendedores y estamos agradecidos de vivir en el mejor pa\u00eds del mundo. Doy gracias a Dios todos los d\u00edas por darnos la oportunidad de vivir aqu\u00ed y aprecio el sacrificio que hicieron mis padres al salir de Irak. S\u00f3lo la comunidad de Detroit contribuye con m\u00e1s de 11.000 millones de d\u00f3lares anuales a la econom\u00eda del estado de Michigan.<\/p>\n<p><strong>Exaudi: \u00bfC\u00f3mo le ha sostenido su fe en estos tiempos dif\u00edciles? <\/strong><\/p>\n<p><strong>Martin Manna: <\/strong>La Iglesia cat\u00f3lica caldea se conoce a menudo como la \u201cIglesia de los m\u00e1rtires\u201d y muchos en nuestra comunidad han pagado el \u00faltimo sacrificio por su amor a Cristo. Su valor ha ayudado a fortalecer nuestra fe y a poner nuestra confianza y amor en el Padre.<\/p>\n<h4><strong>Antecedentes de la Iglesia caldea<\/strong><\/h4>\n<p>La Iglesia cat\u00f3lica caldea es descendiente de la Iglesia de Oriente, en Mesopotamia, que puede remontar sus ra\u00edces a Mar Addai (san Addai) y Mar Mari (santa Mari), disc\u00edpulos de santo Tom\u00e1s Ap\u00f3stol. Hoy, cuatro iglesias reclaman su patrimonio: La cat\u00f3lica caldea, la asiria de Oriente, la asiria antigua de Oriente y la siro-malabar.<\/p>\n<p>La Iglesia cat\u00f3lica se compone de varios ritos, tanto occidentales como orientales. Hay 23 ritos orientales, de los cuales la cat\u00f3lica caldea es uno de ellos. Ser un rito oriental significa que la Iglesia conserva su identidad y tradici\u00f3n, lit\u00fargica, espiritual, etc., pero tiene plena comuni\u00f3n con el Papa de Roma.<\/p>\n<p>El Patriarcado de la Iglesia cat\u00f3lica caldea reside actualmente en Bagdad, Irak, con eparqu\u00edas (di\u00f3cesis) en todo el mundo. La mayor poblaci\u00f3n de cat\u00f3licos caldeos que se encuentra fuera de Oriente Medio est\u00e1 en Michigan, EEUU. La parroquia catedralicia Santo Tom\u00e1s Ap\u00f3stol de la eparqu\u00eda cat\u00f3lica caldea de Estados Unidos es la Catedral Madre de Dios, situada en Southfield.<\/p>\n","protected":false},"excerpt":{"rendered":"<p>Entrevista a Martin Manna, presidente de la Fundaci\u00f3n de la Comunidad Caldea<\/p>\n","protected":false},"author":4,"featured_media":3446,"comment_status":"closed","ping_status":"closed","sticky":false,"template":"","format":"standard","meta":{"_acf_changed":false,"_crdt_document":"","inline_featured_image":false,"footnotes":""},"categories":[108,298,120],"tags":[628,629,393,627,626],"class_list":["post-3445","post","type-post","status-publish","format-standard","has-post-thumbnail","hentry","category-entrevistas","category-ultimas-noticias","category-viajes","tag-caldeos","tag-eeuu","tag-entrevista","tag-martin-manna","tag-viaje-a-irak"],"acf":[],"yoast_head":"<!-- This site is optimized with the Yoast SEO plugin v27.4 - https:\/\/yoast.com\/product\/yoast-seo-wordpress\/ -->\n<title>Viaje a Irak: Los caldeos de EE.UU. lo ven con esperanza - Exaudi Espa\u00f1a<\/title>\n<meta name=\"description\" content=\"Entrevista de Exaudi a Martin Manna, presidente de la Fundaci\u00f3n de la Comunidad Caldea, que habla los caldeos de EEUU y el Viaje a Irak.\" \/>\n<meta name=\"robots\" content=\"index, follow, max-snippet:-1, max-image-preview:large, max-video-preview:-1\" \/>\n<link rel=\"canonical\" href=\"https:\/\/exaudi.org\/es\/viaje-irak-papa-caldeos-eeuu-esperanza-2021\/\" \/>\n<meta property=\"og:locale\" content=\"es_ES\" \/>\n<meta property=\"og:type\" content=\"article\" \/>\n<meta property=\"og:title\" content=\"Viaje a Irak: Los caldeos de EE.UU. lo ven con esperanza - Exaudi Espa\u00f1a\" \/>\n<meta property=\"og:description\" content=\"Entrevista de Exaudi a Martin Manna, presidente de la Fundaci\u00f3n de la Comunidad Caldea, que habla los caldeos de EEUU y el Viaje a Irak.\" \/>\n<meta property=\"og:url\" content=\"https:\/\/exaudi.org\/es\/viaje-irak-papa-caldeos-eeuu-esperanza-2021\/\" \/>\n<meta property=\"og:site_name\" content=\"Exaudi\" \/>\n<meta property=\"article:publisher\" content=\"https:\/\/www.facebook.com\/ExaudiNews\" \/>\n<meta property=\"article:published_time\" content=\"2021-03-06T07:00:38+00:00\" \/>\n<meta property=\"article:modified_time\" content=\"2021-03-06T17:41:27+00:00\" \/>\n<meta property=\"og:image\" content=\"https:\/\/exaudi.org\/wp-content\/uploads\/2021\/03\/unnamed.jpg\" \/>\n\t<meta property=\"og:image:width\" content=\"768\" \/>\n\t<meta property=\"og:image:height\" content=\"576\" \/>\n\t<meta property=\"og:image:type\" content=\"image\/jpeg\" \/>\n<meta name=\"author\" content=\"Jim Fair\" \/>\n<meta name=\"twitter:card\" content=\"summary_large_image\" \/>\n<meta name=\"twitter:creator\" content=\"@Exaudi_News\" \/>\n<meta name=\"twitter:site\" content=\"@Exaudi_News\" \/>\n<meta name=\"twitter:label1\" content=\"Escrito por\" \/>\n\t<meta name=\"twitter:data1\" content=\"Jim Fair\" \/>\n\t<meta name=\"twitter:label2\" content=\"Tiempo de lectura\" \/>\n\t<meta name=\"twitter:data2\" content=\"5 minutos\" \/>\n<script type=\"application\/ld+json\" class=\"yoast-schema-graph\">{\"@context\":\"https:\\\/\\\/schema.org\",\"@graph\":[{\"@type\":\"Article\",\"@id\":\"https:\\\/\\\/exaudi.org\\\/es\\\/viaje-irak-papa-caldeos-eeuu-esperanza-2021\\\/#article\",\"isPartOf\":{\"@id\":\"https:\\\/\\\/exaudi.org\\\/es\\\/viaje-irak-papa-caldeos-eeuu-esperanza-2021\\\/\"},\"author\":{\"name\":\"Jim Fair\",\"@id\":\"https:\\\/\\\/exaudi.org\\\/#\\\/schema\\\/person\\\/010bdf0d65f801cd06f263d9b37ae0f4\"},\"headline\":\"Viaje a Irak: Los caldeos de EE.UU. lo ven con esperanza\",\"datePublished\":\"2021-03-06T07:00:38+00:00\",\"dateModified\":\"2021-03-06T17:41:27+00:00\",\"mainEntityOfPage\":{\"@id\":\"https:\\\/\\\/exaudi.org\\\/es\\\/viaje-irak-papa-caldeos-eeuu-esperanza-2021\\\/\"},\"wordCount\":1188,\"image\":{\"@id\":\"https:\\\/\\\/exaudi.org\\\/es\\\/viaje-irak-papa-caldeos-eeuu-esperanza-2021\\\/#primaryimage\"},\"thumbnailUrl\":\"https:\\\/\\\/exaudi.org\\\/wp-content\\\/uploads\\\/2021\\\/03\\\/unnamed.jpg\",\"keywords\":[\"Caldeos\",\"EEUU\",\"Entrevista\",\"Martin Manna\",\"Viaje a Irak\"],\"articleSection\":[\"Entrevistas\",\"\u00daltimas noticias\",\"Viajes\"],\"inLanguage\":\"es\"},{\"@type\":\"WebPage\",\"@id\":\"https:\\\/\\\/exaudi.org\\\/es\\\/viaje-irak-papa-caldeos-eeuu-esperanza-2021\\\/\",\"url\":\"https:\\\/\\\/exaudi.org\\\/es\\\/viaje-irak-papa-caldeos-eeuu-esperanza-2021\\\/\",\"name\":\"Viaje a Irak: Los caldeos de EE.UU. lo ven con esperanza - Exaudi Espa\u00f1a\",\"isPartOf\":{\"@id\":\"https:\\\/\\\/exaudi.org\\\/#website\"},\"primaryImageOfPage\":{\"@id\":\"https:\\\/\\\/exaudi.org\\\/es\\\/viaje-irak-papa-caldeos-eeuu-esperanza-2021\\\/#primaryimage\"},\"image\":{\"@id\":\"https:\\\/\\\/exaudi.org\\\/es\\\/viaje-irak-papa-caldeos-eeuu-esperanza-2021\\\/#primaryimage\"},\"thumbnailUrl\":\"https:\\\/\\\/exaudi.org\\\/wp-content\\\/uploads\\\/2021\\\/03\\\/unnamed.jpg\",\"datePublished\":\"2021-03-06T07:00:38+00:00\",\"dateModified\":\"2021-03-06T17:41:27+00:00\",\"author\":{\"@id\":\"https:\\\/\\\/exaudi.org\\\/#\\\/schema\\\/person\\\/010bdf0d65f801cd06f263d9b37ae0f4\"},\"description\":\"Entrevista de Exaudi a Martin Manna, presidente de la Fundaci\u00f3n de la Comunidad Caldea, que habla los caldeos de EEUU y el Viaje a Irak.\",\"breadcrumb\":{\"@id\":\"https:\\\/\\\/exaudi.org\\\/es\\\/viaje-irak-papa-caldeos-eeuu-esperanza-2021\\\/#breadcrumb\"},\"inLanguage\":\"es\",\"potentialAction\":[{\"@type\":\"ReadAction\",\"target\":[\"https:\\\/\\\/exaudi.org\\\/es\\\/viaje-irak-papa-caldeos-eeuu-esperanza-2021\\\/\"]}]},{\"@type\":\"ImageObject\",\"inLanguage\":\"es\",\"@id\":\"https:\\\/\\\/exaudi.org\\\/es\\\/viaje-irak-papa-caldeos-eeuu-esperanza-2021\\\/#primaryimage\",\"url\":\"https:\\\/\\\/exaudi.org\\\/wp-content\\\/uploads\\\/2021\\\/03\\\/unnamed.jpg\",\"contentUrl\":\"https:\\\/\\\/exaudi.org\\\/wp-content\\\/uploads\\\/2021\\\/03\\\/unnamed.jpg\",\"width\":768,\"height\":576,\"caption\":\"El Papa celebrar\u00e1 una misa el 6 de marzo en la catedral caldea de San Jos\u00e9 en Bagdad\"},{\"@type\":\"BreadcrumbList\",\"@id\":\"https:\\\/\\\/exaudi.org\\\/es\\\/viaje-irak-papa-caldeos-eeuu-esperanza-2021\\\/#breadcrumb\",\"itemListElement\":[{\"@type\":\"ListItem\",\"position\":1,\"name\":\"Portada\",\"item\":\"https:\\\/\\\/exaudi.org\\\/es\\\/\"},{\"@type\":\"ListItem\",\"position\":2,\"name\":\"Viaje a Irak: Los caldeos de EE.UU. lo ven con esperanza\"}]},{\"@type\":\"WebSite\",\"@id\":\"https:\\\/\\\/exaudi.org\\\/#website\",\"url\":\"https:\\\/\\\/exaudi.org\\\/\",\"name\":\"Exaudi\",\"description\":\"News\",\"potentialAction\":[{\"@type\":\"SearchAction\",\"target\":{\"@type\":\"EntryPoint\",\"urlTemplate\":\"https:\\\/\\\/exaudi.org\\\/?s={search_term_string}\"},\"query-input\":{\"@type\":\"PropertyValueSpecification\",\"valueRequired\":true,\"valueName\":\"search_term_string\"}}],\"inLanguage\":\"es\"},{\"@type\":\"Person\",\"@id\":\"https:\\\/\\\/exaudi.org\\\/#\\\/schema\\\/person\\\/010bdf0d65f801cd06f263d9b37ae0f4\",\"name\":\"Jim Fair\",\"image\":{\"@type\":\"ImageObject\",\"inLanguage\":\"es\",\"@id\":\"https:\\\/\\\/secure.gravatar.com\\\/avatar\\\/d9e9a2d31abad3e51c5d8f0279fc9b21b66199b8a85886455445ed562fd46934?s=96&d=mm&r=g\",\"url\":\"https:\\\/\\\/secure.gravatar.com\\\/avatar\\\/d9e9a2d31abad3e51c5d8f0279fc9b21b66199b8a85886455445ed562fd46934?s=96&d=mm&r=g\",\"contentUrl\":\"https:\\\/\\\/secure.gravatar.com\\\/avatar\\\/d9e9a2d31abad3e51c5d8f0279fc9b21b66199b8a85886455445ed562fd46934?s=96&d=mm&r=g\",\"caption\":\"Jim Fair\"},\"description\":\"Jim Fair has spent the past two decades as a communicator for Catholic organizations. He is a convert to the Catholic faith and is grateful to his wife, Charmaine, for her continuing efforts to save his soul. They have a son and daughter, both happily married, and four grandchildren. Before devoting his life full-time to things Catholic, Jim enjoyed a 23-year career in various communications roles for large corporations. Before that, he worked as a newspaper reporter, photographer, and editor. He has served as president of the Chicago Public Relations Forum, chairman of the American Petroleum Institute General Committee on Communications, and a fellow of Greater Leadership Chicago. He was a member of the founding committee of the chemical industry\u2019s Responsible Care Program. Jim is an active member of St. John Vianney Parish in Northlake, Illinois, where he chairs the finance council.\",\"url\":\"https:\\\/\\\/exaudi.org\\\/es\\\/author\\\/jfairexaudi-org\\\/\"}]}<\/script>\n<!-- \/ Yoast SEO plugin. -->","yoast_head_json":{"title":"Viaje a Irak: Los caldeos de EE.UU. lo ven con esperanza - Exaudi Espa\u00f1a","description":"Entrevista de Exaudi a Martin Manna, presidente de la Fundaci\u00f3n de la Comunidad Caldea, que habla los caldeos de EEUU y el Viaje a Irak.","robots":{"index":"index","follow":"follow","max-snippet":"max-snippet:-1","max-image-preview":"max-image-preview:large","max-video-preview":"max-video-preview:-1"},"canonical":"https:\/\/exaudi.org\/es\/viaje-irak-papa-caldeos-eeuu-esperanza-2021\/","og_locale":"es_ES","og_type":"article","og_title":"Viaje a Irak: Los caldeos de EE.UU. lo ven con esperanza - Exaudi Espa\u00f1a","og_description":"Entrevista de Exaudi a Martin Manna, presidente de la Fundaci\u00f3n de la Comunidad Caldea, que habla los caldeos de EEUU y el Viaje a Irak.","og_url":"https:\/\/exaudi.org\/es\/viaje-irak-papa-caldeos-eeuu-esperanza-2021\/","og_site_name":"Exaudi","article_publisher":"https:\/\/www.facebook.com\/ExaudiNews","article_published_time":"2021-03-06T07:00:38+00:00","article_modified_time":"2021-03-06T17:41:27+00:00","og_image":[{"width":768,"height":576,"url":"https:\/\/exaudi.org\/wp-content\/uploads\/2021\/03\/unnamed.jpg","type":"image\/jpeg"}],"author":"Jim Fair","twitter_card":"summary_large_image","twitter_creator":"@Exaudi_News","twitter_site":"@Exaudi_News","twitter_misc":{"Escrito por":"Jim Fair","Tiempo de lectura":"5 minutos"},"schema":{"@context":"https:\/\/schema.org","@graph":[{"@type":"Article","@id":"https:\/\/exaudi.org\/es\/viaje-irak-papa-caldeos-eeuu-esperanza-2021\/#article","isPartOf":{"@id":"https:\/\/exaudi.org\/es\/viaje-irak-papa-caldeos-eeuu-esperanza-2021\/"},"author":{"name":"Jim Fair","@id":"https:\/\/exaudi.org\/#\/schema\/person\/010bdf0d65f801cd06f263d9b37ae0f4"},"headline":"Viaje a Irak: Los caldeos de EE.UU. lo ven con esperanza","datePublished":"2021-03-06T07:00:38+00:00","dateModified":"2021-03-06T17:41:27+00:00","mainEntityOfPage":{"@id":"https:\/\/exaudi.org\/es\/viaje-irak-papa-caldeos-eeuu-esperanza-2021\/"},"wordCount":1188,"image":{"@id":"https:\/\/exaudi.org\/es\/viaje-irak-papa-caldeos-eeuu-esperanza-2021\/#primaryimage"},"thumbnailUrl":"https:\/\/exaudi.org\/wp-content\/uploads\/2021\/03\/unnamed.jpg","keywords":["Caldeos","EEUU","Entrevista","Martin Manna","Viaje a Irak"],"articleSection":["Entrevistas","\u00daltimas noticias","Viajes"],"inLanguage":"es"},{"@type":"WebPage","@id":"https:\/\/exaudi.org\/es\/viaje-irak-papa-caldeos-eeuu-esperanza-2021\/","url":"https:\/\/exaudi.org\/es\/viaje-irak-papa-caldeos-eeuu-esperanza-2021\/","name":"Viaje a Irak: Los caldeos de EE.UU. lo ven con esperanza - Exaudi Espa\u00f1a","isPartOf":{"@id":"https:\/\/exaudi.org\/#website"},"primaryImageOfPage":{"@id":"https:\/\/exaudi.org\/es\/viaje-irak-papa-caldeos-eeuu-esperanza-2021\/#primaryimage"},"image":{"@id":"https:\/\/exaudi.org\/es\/viaje-irak-papa-caldeos-eeuu-esperanza-2021\/#primaryimage"},"thumbnailUrl":"https:\/\/exaudi.org\/wp-content\/uploads\/2021\/03\/unnamed.jpg","datePublished":"2021-03-06T07:00:38+00:00","dateModified":"2021-03-06T17:41:27+00:00","author":{"@id":"https:\/\/exaudi.org\/#\/schema\/person\/010bdf0d65f801cd06f263d9b37ae0f4"},"description":"Entrevista de Exaudi a Martin Manna, presidente de la Fundaci\u00f3n de la Comunidad Caldea, que habla los caldeos de EEUU y el Viaje a Irak.","breadcrumb":{"@id":"https:\/\/exaudi.org\/es\/viaje-irak-papa-caldeos-eeuu-esperanza-2021\/#breadcrumb"},"inLanguage":"es","potentialAction":[{"@type":"ReadAction","target":["https:\/\/exaudi.org\/es\/viaje-irak-papa-caldeos-eeuu-esperanza-2021\/"]}]},{"@type":"ImageObject","inLanguage":"es","@id":"https:\/\/exaudi.org\/es\/viaje-irak-papa-caldeos-eeuu-esperanza-2021\/#primaryimage","url":"https:\/\/exaudi.org\/wp-content\/uploads\/2021\/03\/unnamed.jpg","contentUrl":"https:\/\/exaudi.org\/wp-content\/uploads\/2021\/03\/unnamed.jpg","width":768,"height":576,"caption":"El Papa celebrar\u00e1 una misa el 6 de marzo en la catedral caldea de San Jos\u00e9 en Bagdad"},{"@type":"BreadcrumbList","@id":"https:\/\/exaudi.org\/es\/viaje-irak-papa-caldeos-eeuu-esperanza-2021\/#breadcrumb","itemListElement":[{"@type":"ListItem","position":1,"name":"Portada","item":"https:\/\/exaudi.org\/es\/"},{"@type":"ListItem","position":2,"name":"Viaje a Irak: Los caldeos de EE.UU. lo ven con esperanza"}]},{"@type":"WebSite","@id":"https:\/\/exaudi.org\/#website","url":"https:\/\/exaudi.org\/","name":"Exaudi","description":"News","potentialAction":[{"@type":"SearchAction","target":{"@type":"EntryPoint","urlTemplate":"https:\/\/exaudi.org\/?s={search_term_string}"},"query-input":{"@type":"PropertyValueSpecification","valueRequired":true,"valueName":"search_term_string"}}],"inLanguage":"es"},{"@type":"Person","@id":"https:\/\/exaudi.org\/#\/schema\/person\/010bdf0d65f801cd06f263d9b37ae0f4","name":"Jim Fair","image":{"@type":"ImageObject","inLanguage":"es","@id":"https:\/\/secure.gravatar.com\/avatar\/d9e9a2d31abad3e51c5d8f0279fc9b21b66199b8a85886455445ed562fd46934?s=96&d=mm&r=g","url":"https:\/\/secure.gravatar.com\/avatar\/d9e9a2d31abad3e51c5d8f0279fc9b21b66199b8a85886455445ed562fd46934?s=96&d=mm&r=g","contentUrl":"https:\/\/secure.gravatar.com\/avatar\/d9e9a2d31abad3e51c5d8f0279fc9b21b66199b8a85886455445ed562fd46934?s=96&d=mm&r=g","caption":"Jim Fair"},"description":"Jim Fair has spent the past two decades as a communicator for Catholic organizations. He is a convert to the Catholic faith and is grateful to his wife, Charmaine, for her continuing efforts to save his soul. They have a son and daughter, both happily married, and four grandchildren. Before devoting his life full-time to things Catholic, Jim enjoyed a 23-year career in various communications roles for large corporations. Before that, he worked as a newspaper reporter, photographer, and editor. He has served as president of the Chicago Public Relations Forum, chairman of the American Petroleum Institute General Committee on Communications, and a fellow of Greater Leadership Chicago. He was a member of the founding committee of the chemical industry\u2019s Responsible Care Program. Jim is an active member of St. John Vianney Parish in Northlake, Illinois, where he chairs the finance council.","url":"https:\/\/exaudi.org\/es\/author\/jfairexaudi-org\/"}]}},"jetpack_featured_media_url":"https:\/\/exaudi.org\/wp-content\/uploads\/2021\/03\/unnamed.jpg","jetpack_shortlink":"https:\/\/wp.me\/pgKjF2-Tz","_links":{"self":[{"href":"https:\/\/exaudi.org\/es\/wp-json\/wp\/v2\/posts\/3445","targetHints":{"allow":["GET"]}}],"collection":[{"href":"https:\/\/exaudi.org\/es\/wp-json\/wp\/v2\/posts"}],"about":[{"href":"https:\/\/exaudi.org\/es\/wp-json\/wp\/v2\/types\/post"}],"author":[{"embeddable":true,"href":"https:\/\/exaudi.org\/es\/wp-json\/wp\/v2\/users\/4"}],"replies":[{"embeddable":true,"href":"https:\/\/exaudi.org\/es\/wp-json\/wp\/v2\/comments?post=3445"}],"version-history":[{"count":0,"href":"https:\/\/exaudi.org\/es\/wp-json\/wp\/v2\/posts\/3445\/revisions"}],"wp:featuredmedia":[{"embeddable":true,"href":"https:\/\/exaudi.org\/es\/wp-json\/wp\/v2\/media\/3446"}],"wp:attachment":[{"href":"https:\/\/exaudi.org\/es\/wp-json\/wp\/v2\/media?parent=3445"}],"wp:term":[{"taxonomy":"category","embeddable":true,"href":"https:\/\/exaudi.org\/es\/wp-json\/wp\/v2\/categories?post=3445"},{"taxonomy":"post_tag","embeddable":true,"href":"https:\/\/exaudi.org\/es\/wp-json\/wp\/v2\/tags?post=3445"}],"curies":[{"name":"wp","href":"https:\/\/api.w.org\/{rel}","templated":true}]}}