{"id":34439,"date":"2021-09-23T13:13:34","date_gmt":"2021-09-23T11:13:34","guid":{"rendered":"https:\/\/exaudi.wpengine.com\/?p=34439"},"modified":"2021-09-23T13:36:48","modified_gmt":"2021-09-23T11:36:48","slug":"libano-eleccion-patriarca-cilicia-armenios","status":"publish","type":"post","link":"https:\/\/exaudi.org\/es\/libano-eleccion-patriarca-cilicia-armenios\/","title":{"rendered":"L\u00edbano: Elecci\u00f3n del patriarca de Cilicia de los Armenios"},"content":{"rendered":"<p>El S\u00ednodo de los Obispos de la Iglesia Patriarcal de Cilicia de los Armenios, L\u00edbano, convocado por el <a href=\"https:\/\/exaudi.wpengine.com\/es\/papa-abraza-familais-afganas-huyeron-kabul\/\" target=\"_blank\" rel=\"noopener\">Papa Francisco<\/a> en Roma los d\u00edas 22 y 23 de septiembre de 2021, ha elegido Patriarca de Cilicia de los Armenios a Rapha\u00ebl Fran\u00e7ois Minassian , hasta ahora arzobispo titular de Cesarea de Capadocia de los Armenios y Ordinario para los fieles armenios cat\u00f3licos de Europa del Este. As\u00ed ha informado la <a href=\"https:\/\/www.vatican.va\/news_services\/press\/index_sp.htm\" target=\"_blank\" rel=\"noopener\">Santa Sede<\/a> hoy, jueves 23 de septiembre de 2021.\u00a0El elegido ha tomado el nombre de Su Beatitud Rapha\u00ebl Bedros XXI Minassian.<\/p>\n<h4><strong>Su Beatitud Rapha\u00ebl Bedros XXI Minassian<\/strong><\/h4>\n<p>S.B. Rapha\u00ebl Bedros XXI Minassian naci\u00f3 el 24 de noviembre de 1946 en Beirut. Estudi\u00f3 en el Seminario Patriarcal de Bzommar (1958-1967) y luego Filosof\u00eda y Teolog\u00eda en la Pontificia Universidad Gregoriana (1967-1973). Realiz\u00f3 un curso de especializaci\u00f3n en psicopedagog\u00eda en la Universidad Pontificia Salesiana.<\/p>\n<p>El 24 de junio de 1973 fue ordenado sacerdote como miembro del Instituto del Clero Patriarcal en Bzommar. De 1973 a 1982 fue p\u00e1rroco de la catedral armenia de Beirut, de 1982 a 1984 secretario del Patriarca Hovannes Bedros XVIII Kasparian, y de 1984 a 1989 encargado de la fundaci\u00f3n del complejo parroquial de la Santa Cruz en Zalka, Beirut.<\/p>\n<p>De 1975 a 1989 fue juez del Tribunal Eclesi\u00e1stico de la Iglesia Armenia en Beirut. Ense\u00f1\u00f3 liturgia armenia en la Universidad Pontificia de Kaslik de 1985 a 1989 y en 1989 fue trasladado a los Estados Unidos de Am\u00e9rica, donde trabaj\u00f3 durante un a\u00f1o como p\u00e1rroco en Nueva York. Posteriormente, hasta 2003, fue p\u00e1rroco de los cat\u00f3licos armenios de California, Arizona y Nevada.<\/p>\n<p>Desde 2004 dirige Telepace Armenia, de la que es fundador. En 2005 fue nombrado exarca patriarcal de Jerusal\u00e9n y Amm\u00e1n para los armenios. El 24 de junio de 2011 fue nombrado Ordinario para los fieles cat\u00f3licos armenios de Europa Oriental, asign\u00e1ndole el Santo Padre la sede titular de Cesarea de Capadocia para los armenios y el t\u00edtulo de arzobispo\u00a0<i>ad personam<\/i>.<\/p>\n<p>Del 24 al 26 de junio de 2016, recibi\u00f3 al papa Francisco durante su viaje apost\u00f3lico a Armenia.<\/p>\n","protected":false},"excerpt":{"rendered":"<p>Su Beatitud Rapha\u00ebl Bedros XXI Minassian<\/p>\n","protected":false},"author":6,"featured_media":34440,"comment_status":"closed","ping_status":"closed","sticky":false,"template":"","format":"standard","meta":{"_acf_changed":false,"_crdt_document":"","inline_featured_image":false,"footnotes":""},"categories":[86,298],"tags":[292,158,4238],"class_list":["post-34439","post","type-post","status-publish","format-standard","has-post-thumbnail","hentry","category-iglesia-local","category-ultimas-noticias","tag-nombramiento","tag-papa-francisco","tag-patriarcado-de-cilicia-de-los-armenios"],"acf":[],"yoast_head":"<!-- This site is optimized with the Yoast SEO plugin v27.5 - https:\/\/yoast.com\/product\/yoast-seo-wordpress\/ -->\n<title>L\u00edbano: Elecci\u00f3n del patriarca de Cilicia de los Armenios - Exaudi<\/title>\n<meta name=\"description\" content=\"El S\u00ednodo de los Obispos de la Iglesia Patriarcal de Cilicia de los Armenios, L\u00edbano, ha elegido patriarca de Cilicia de los Armenios.\" \/>\n<meta name=\"robots\" content=\"index, follow, max-snippet:-1, max-image-preview:large, max-video-preview:-1\" \/>\n<link rel=\"canonical\" href=\"https:\/\/exaudi.org\/es\/libano-eleccion-patriarca-cilicia-armenios\/\" \/>\n<meta property=\"og:locale\" content=\"es_ES\" \/>\n<meta property=\"og:type\" content=\"article\" \/>\n<meta property=\"og:title\" content=\"L\u00edbano: Elecci\u00f3n del patriarca de Cilicia de los Armenios - Exaudi\" \/>\n<meta property=\"og:description\" content=\"El S\u00ednodo de los Obispos de la Iglesia Patriarcal de Cilicia de los Armenios, L\u00edbano, ha elegido patriarca de Cilicia de los Armenios.\" \/>\n<meta property=\"og:url\" content=\"https:\/\/exaudi.org\/es\/libano-eleccion-patriarca-cilicia-armenios\/\" \/>\n<meta property=\"og:site_name\" content=\"Exaudi\" \/>\n<meta property=\"article:publisher\" content=\"https:\/\/www.facebook.com\/ExaudiNews\" \/>\n<meta property=\"article:published_time\" content=\"2021-09-23T11:13:34+00:00\" \/>\n<meta property=\"article:modified_time\" content=\"2021-09-23T11:36:48+00:00\" \/>\n<meta property=\"og:image\" content=\"https:\/\/exaudi.org\/wp-content\/uploads\/2021\/09\/67n56v.jpeg\" \/>\n\t<meta property=\"og:image:width\" content=\"724\" \/>\n\t<meta property=\"og:image:height\" content=\"407\" \/>\n\t<meta property=\"og:image:type\" content=\"image\/jpeg\" \/>\n<meta name=\"author\" content=\"Gabriel Sales\" \/>\n<meta name=\"twitter:card\" content=\"summary_large_image\" \/>\n<meta name=\"twitter:creator\" content=\"@habemusman\" \/>\n<meta name=\"twitter:site\" content=\"@Exaudi_News\" \/>\n<meta name=\"twitter:label1\" content=\"Escrito por\" \/>\n\t<meta name=\"twitter:data1\" content=\"Gabriel Sales\" \/>\n\t<meta name=\"twitter:label2\" content=\"Tiempo de lectura\" \/>\n\t<meta name=\"twitter:data2\" content=\"2 minutos\" \/>\n<script type=\"application\/ld+json\" class=\"yoast-schema-graph\">{\"@context\":\"https:\\\/\\\/schema.org\",\"@graph\":[{\"@type\":\"Article\",\"@id\":\"https:\\\/\\\/exaudi.org\\\/es\\\/libano-eleccion-patriarca-cilicia-armenios\\\/#article\",\"isPartOf\":{\"@id\":\"https:\\\/\\\/exaudi.org\\\/es\\\/libano-eleccion-patriarca-cilicia-armenios\\\/\"},\"author\":{\"name\":\"Gabriel Sales\",\"@id\":\"https:\\\/\\\/exaudi.org\\\/#\\\/schema\\\/person\\\/d134b96438278131ce90c90c03fda6cd\"},\"headline\":\"L\u00edbano: Elecci\u00f3n del patriarca de Cilicia de los Armenios\",\"datePublished\":\"2021-09-23T11:13:34+00:00\",\"dateModified\":\"2021-09-23T11:36:48+00:00\",\"mainEntityOfPage\":{\"@id\":\"https:\\\/\\\/exaudi.org\\\/es\\\/libano-eleccion-patriarca-cilicia-armenios\\\/\"},\"wordCount\":355,\"image\":{\"@id\":\"https:\\\/\\\/exaudi.org\\\/es\\\/libano-eleccion-patriarca-cilicia-armenios\\\/#primaryimage\"},\"thumbnailUrl\":\"https:\\\/\\\/exaudi.org\\\/wp-content\\\/uploads\\\/2021\\\/09\\\/67n56v.jpeg\",\"keywords\":[\"Nombramiento\",\"papa francisco\",\"Patriarcado de Cilicia de los Armenios\"],\"articleSection\":[\"Iglesia Local\",\"\u00daltimas noticias\"],\"inLanguage\":\"es\"},{\"@type\":\"WebPage\",\"@id\":\"https:\\\/\\\/exaudi.org\\\/es\\\/libano-eleccion-patriarca-cilicia-armenios\\\/\",\"url\":\"https:\\\/\\\/exaudi.org\\\/es\\\/libano-eleccion-patriarca-cilicia-armenios\\\/\",\"name\":\"L\u00edbano: Elecci\u00f3n del patriarca de Cilicia de los Armenios - Exaudi\",\"isPartOf\":{\"@id\":\"https:\\\/\\\/exaudi.org\\\/#website\"},\"primaryImageOfPage\":{\"@id\":\"https:\\\/\\\/exaudi.org\\\/es\\\/libano-eleccion-patriarca-cilicia-armenios\\\/#primaryimage\"},\"image\":{\"@id\":\"https:\\\/\\\/exaudi.org\\\/es\\\/libano-eleccion-patriarca-cilicia-armenios\\\/#primaryimage\"},\"thumbnailUrl\":\"https:\\\/\\\/exaudi.org\\\/wp-content\\\/uploads\\\/2021\\\/09\\\/67n56v.jpeg\",\"datePublished\":\"2021-09-23T11:13:34+00:00\",\"dateModified\":\"2021-09-23T11:36:48+00:00\",\"author\":{\"@id\":\"https:\\\/\\\/exaudi.org\\\/#\\\/schema\\\/person\\\/d134b96438278131ce90c90c03fda6cd\"},\"description\":\"El S\u00ednodo de los Obispos de la Iglesia Patriarcal de Cilicia de los Armenios, L\u00edbano, ha elegido patriarca de Cilicia de los Armenios.\",\"breadcrumb\":{\"@id\":\"https:\\\/\\\/exaudi.org\\\/es\\\/libano-eleccion-patriarca-cilicia-armenios\\\/#breadcrumb\"},\"inLanguage\":\"es\",\"potentialAction\":[{\"@type\":\"ReadAction\",\"target\":[\"https:\\\/\\\/exaudi.org\\\/es\\\/libano-eleccion-patriarca-cilicia-armenios\\\/\"]}]},{\"@type\":\"ImageObject\",\"inLanguage\":\"es\",\"@id\":\"https:\\\/\\\/exaudi.org\\\/es\\\/libano-eleccion-patriarca-cilicia-armenios\\\/#primaryimage\",\"url\":\"https:\\\/\\\/exaudi.org\\\/wp-content\\\/uploads\\\/2021\\\/09\\\/67n56v.jpeg\",\"contentUrl\":\"https:\\\/\\\/exaudi.org\\\/wp-content\\\/uploads\\\/2021\\\/09\\\/67n56v.jpeg\",\"width\":724,\"height\":407,\"caption\":\"Su Beatitud Rapha\u00ebl Bedros XXI Minassian \u00a9 Vatican Media\"},{\"@type\":\"BreadcrumbList\",\"@id\":\"https:\\\/\\\/exaudi.org\\\/es\\\/libano-eleccion-patriarca-cilicia-armenios\\\/#breadcrumb\",\"itemListElement\":[{\"@type\":\"ListItem\",\"position\":1,\"name\":\"Portada\",\"item\":\"https:\\\/\\\/exaudi.org\\\/es\\\/\"},{\"@type\":\"ListItem\",\"position\":2,\"name\":\"L\u00edbano: Elecci\u00f3n del patriarca de Cilicia de los Armenios\"}]},{\"@type\":\"WebSite\",\"@id\":\"https:\\\/\\\/exaudi.org\\\/#website\",\"url\":\"https:\\\/\\\/exaudi.org\\\/\",\"name\":\"Exaudi\",\"description\":\"News\",\"potentialAction\":[{\"@type\":\"SearchAction\",\"target\":{\"@type\":\"EntryPoint\",\"urlTemplate\":\"https:\\\/\\\/exaudi.org\\\/?s={search_term_string}\"},\"query-input\":{\"@type\":\"PropertyValueSpecification\",\"valueRequired\":true,\"valueName\":\"search_term_string\"}}],\"inLanguage\":\"es\"},{\"@type\":\"Person\",\"@id\":\"https:\\\/\\\/exaudi.org\\\/#\\\/schema\\\/person\\\/d134b96438278131ce90c90c03fda6cd\",\"name\":\"Gabriel Sales\",\"image\":{\"@type\":\"ImageObject\",\"inLanguage\":\"es\",\"@id\":\"https:\\\/\\\/secure.gravatar.com\\\/avatar\\\/9b1269566f6a063ed26ffb3532b66a373cdde231ce5d0effb266167437fdaffd?s=96&d=mm&r=g\",\"url\":\"https:\\\/\\\/secure.gravatar.com\\\/avatar\\\/9b1269566f6a063ed26ffb3532b66a373cdde231ce5d0effb266167437fdaffd?s=96&d=mm&r=g\",\"contentUrl\":\"https:\\\/\\\/secure.gravatar.com\\\/avatar\\\/9b1269566f6a063ed26ffb3532b66a373cdde231ce5d0effb266167437fdaffd?s=96&d=mm&r=g\",\"caption\":\"Gabriel Sales\"},\"description\":\"Periodista y especialista en Comunicaci\u00f3n y Branding digital. Cin\u00e9filo y cr\u00edtico de cine y series de televisi\u00f3n.\",\"sameAs\":[\"https:\\\/\\\/www.instagram.com\\\/cine90segundos\\\/\",\"www.linkedin.com\\\/in\\\/habemusman\",\"https:\\\/\\\/x.com\\\/habemusman\",\"https:\\\/\\\/www.youtube.com\\\/channel\\\/UCVfCiOMkJ_C7T7OpyjuaLDg\"],\"url\":\"https:\\\/\\\/exaudi.org\\\/es\\\/author\\\/gsalesexaudi-org\\\/\"}]}<\/script>\n<!-- \/ Yoast SEO plugin. -->","yoast_head_json":{"title":"L\u00edbano: Elecci\u00f3n del patriarca de Cilicia de los Armenios - Exaudi","description":"El S\u00ednodo de los Obispos de la Iglesia Patriarcal de Cilicia de los Armenios, L\u00edbano, ha elegido patriarca de Cilicia de los Armenios.","robots":{"index":"index","follow":"follow","max-snippet":"max-snippet:-1","max-image-preview":"max-image-preview:large","max-video-preview":"max-video-preview:-1"},"canonical":"https:\/\/exaudi.org\/es\/libano-eleccion-patriarca-cilicia-armenios\/","og_locale":"es_ES","og_type":"article","og_title":"L\u00edbano: Elecci\u00f3n del patriarca de Cilicia de los Armenios - Exaudi","og_description":"El S\u00ednodo de los Obispos de la Iglesia Patriarcal de Cilicia de los Armenios, L\u00edbano, ha elegido patriarca de Cilicia de los Armenios.","og_url":"https:\/\/exaudi.org\/es\/libano-eleccion-patriarca-cilicia-armenios\/","og_site_name":"Exaudi","article_publisher":"https:\/\/www.facebook.com\/ExaudiNews","article_published_time":"2021-09-23T11:13:34+00:00","article_modified_time":"2021-09-23T11:36:48+00:00","og_image":[{"width":724,"height":407,"url":"https:\/\/exaudi.org\/wp-content\/uploads\/2021\/09\/67n56v.jpeg","type":"image\/jpeg"}],"author":"Gabriel Sales","twitter_card":"summary_large_image","twitter_creator":"@habemusman","twitter_site":"@Exaudi_News","twitter_misc":{"Escrito por":"Gabriel Sales","Tiempo de lectura":"2 minutos"},"schema":{"@context":"https:\/\/schema.org","@graph":[{"@type":"Article","@id":"https:\/\/exaudi.org\/es\/libano-eleccion-patriarca-cilicia-armenios\/#article","isPartOf":{"@id":"https:\/\/exaudi.org\/es\/libano-eleccion-patriarca-cilicia-armenios\/"},"author":{"name":"Gabriel Sales","@id":"https:\/\/exaudi.org\/#\/schema\/person\/d134b96438278131ce90c90c03fda6cd"},"headline":"L\u00edbano: Elecci\u00f3n del patriarca de Cilicia de los Armenios","datePublished":"2021-09-23T11:13:34+00:00","dateModified":"2021-09-23T11:36:48+00:00","mainEntityOfPage":{"@id":"https:\/\/exaudi.org\/es\/libano-eleccion-patriarca-cilicia-armenios\/"},"wordCount":355,"image":{"@id":"https:\/\/exaudi.org\/es\/libano-eleccion-patriarca-cilicia-armenios\/#primaryimage"},"thumbnailUrl":"https:\/\/exaudi.org\/wp-content\/uploads\/2021\/09\/67n56v.jpeg","keywords":["Nombramiento","papa francisco","Patriarcado de Cilicia de los Armenios"],"articleSection":["Iglesia Local","\u00daltimas noticias"],"inLanguage":"es"},{"@type":"WebPage","@id":"https:\/\/exaudi.org\/es\/libano-eleccion-patriarca-cilicia-armenios\/","url":"https:\/\/exaudi.org\/es\/libano-eleccion-patriarca-cilicia-armenios\/","name":"L\u00edbano: Elecci\u00f3n del patriarca de Cilicia de los Armenios - Exaudi","isPartOf":{"@id":"https:\/\/exaudi.org\/#website"},"primaryImageOfPage":{"@id":"https:\/\/exaudi.org\/es\/libano-eleccion-patriarca-cilicia-armenios\/#primaryimage"},"image":{"@id":"https:\/\/exaudi.org\/es\/libano-eleccion-patriarca-cilicia-armenios\/#primaryimage"},"thumbnailUrl":"https:\/\/exaudi.org\/wp-content\/uploads\/2021\/09\/67n56v.jpeg","datePublished":"2021-09-23T11:13:34+00:00","dateModified":"2021-09-23T11:36:48+00:00","author":{"@id":"https:\/\/exaudi.org\/#\/schema\/person\/d134b96438278131ce90c90c03fda6cd"},"description":"El S\u00ednodo de los Obispos de la Iglesia Patriarcal de Cilicia de los Armenios, L\u00edbano, ha elegido patriarca de Cilicia de los Armenios.","breadcrumb":{"@id":"https:\/\/exaudi.org\/es\/libano-eleccion-patriarca-cilicia-armenios\/#breadcrumb"},"inLanguage":"es","potentialAction":[{"@type":"ReadAction","target":["https:\/\/exaudi.org\/es\/libano-eleccion-patriarca-cilicia-armenios\/"]}]},{"@type":"ImageObject","inLanguage":"es","@id":"https:\/\/exaudi.org\/es\/libano-eleccion-patriarca-cilicia-armenios\/#primaryimage","url":"https:\/\/exaudi.org\/wp-content\/uploads\/2021\/09\/67n56v.jpeg","contentUrl":"https:\/\/exaudi.org\/wp-content\/uploads\/2021\/09\/67n56v.jpeg","width":724,"height":407,"caption":"Su Beatitud Rapha\u00ebl Bedros XXI Minassian \u00a9 Vatican Media"},{"@type":"BreadcrumbList","@id":"https:\/\/exaudi.org\/es\/libano-eleccion-patriarca-cilicia-armenios\/#breadcrumb","itemListElement":[{"@type":"ListItem","position":1,"name":"Portada","item":"https:\/\/exaudi.org\/es\/"},{"@type":"ListItem","position":2,"name":"L\u00edbano: Elecci\u00f3n del patriarca de Cilicia de los Armenios"}]},{"@type":"WebSite","@id":"https:\/\/exaudi.org\/#website","url":"https:\/\/exaudi.org\/","name":"Exaudi","description":"News","potentialAction":[{"@type":"SearchAction","target":{"@type":"EntryPoint","urlTemplate":"https:\/\/exaudi.org\/?s={search_term_string}"},"query-input":{"@type":"PropertyValueSpecification","valueRequired":true,"valueName":"search_term_string"}}],"inLanguage":"es"},{"@type":"Person","@id":"https:\/\/exaudi.org\/#\/schema\/person\/d134b96438278131ce90c90c03fda6cd","name":"Gabriel Sales","image":{"@type":"ImageObject","inLanguage":"es","@id":"https:\/\/secure.gravatar.com\/avatar\/9b1269566f6a063ed26ffb3532b66a373cdde231ce5d0effb266167437fdaffd?s=96&d=mm&r=g","url":"https:\/\/secure.gravatar.com\/avatar\/9b1269566f6a063ed26ffb3532b66a373cdde231ce5d0effb266167437fdaffd?s=96&d=mm&r=g","contentUrl":"https:\/\/secure.gravatar.com\/avatar\/9b1269566f6a063ed26ffb3532b66a373cdde231ce5d0effb266167437fdaffd?s=96&d=mm&r=g","caption":"Gabriel Sales"},"description":"Periodista y especialista en Comunicaci\u00f3n y Branding digital. Cin\u00e9filo y cr\u00edtico de cine y series de televisi\u00f3n.","sameAs":["https:\/\/www.instagram.com\/cine90segundos\/","www.linkedin.com\/in\/habemusman","https:\/\/x.com\/habemusman","https:\/\/www.youtube.com\/channel\/UCVfCiOMkJ_C7T7OpyjuaLDg"],"url":"https:\/\/exaudi.org\/es\/author\/gsalesexaudi-org\/"}]}},"jetpack_featured_media_url":"https:\/\/exaudi.org\/wp-content\/uploads\/2021\/09\/67n56v.jpeg","jetpack_shortlink":"https:\/\/wp.me\/pgKjF2-8Xt","_links":{"self":[{"href":"https:\/\/exaudi.org\/es\/wp-json\/wp\/v2\/posts\/34439","targetHints":{"allow":["GET"]}}],"collection":[{"href":"https:\/\/exaudi.org\/es\/wp-json\/wp\/v2\/posts"}],"about":[{"href":"https:\/\/exaudi.org\/es\/wp-json\/wp\/v2\/types\/post"}],"author":[{"embeddable":true,"href":"https:\/\/exaudi.org\/es\/wp-json\/wp\/v2\/users\/6"}],"replies":[{"embeddable":true,"href":"https:\/\/exaudi.org\/es\/wp-json\/wp\/v2\/comments?post=34439"}],"version-history":[{"count":0,"href":"https:\/\/exaudi.org\/es\/wp-json\/wp\/v2\/posts\/34439\/revisions"}],"wp:featuredmedia":[{"embeddable":true,"href":"https:\/\/exaudi.org\/es\/wp-json\/wp\/v2\/media\/34440"}],"wp:attachment":[{"href":"https:\/\/exaudi.org\/es\/wp-json\/wp\/v2\/media?parent=34439"}],"wp:term":[{"taxonomy":"category","embeddable":true,"href":"https:\/\/exaudi.org\/es\/wp-json\/wp\/v2\/categories?post=34439"},{"taxonomy":"post_tag","embeddable":true,"href":"https:\/\/exaudi.org\/es\/wp-json\/wp\/v2\/tags?post=34439"}],"curies":[{"name":"wp","href":"https:\/\/api.w.org\/{rel}","templated":true}]}}