{"id":34435,"date":"2021-09-23T13:07:31","date_gmt":"2021-09-23T11:07:31","guid":{"rendered":"https:\/\/exaudi.wpengine.com\/?p=34435"},"modified":"2021-09-23T13:07:31","modified_gmt":"2021-09-23T11:07:31","slug":"mexico-papa-obispo-ciudad-victoria","status":"publish","type":"post","link":"https:\/\/exaudi.org\/es\/mexico-papa-obispo-ciudad-victoria\/","title":{"rendered":"M\u00e9xico: El Papa nombra al obispo de Ciudad Victoria"},"content":{"rendered":"<p>El <a href=\"https:\/\/exaudi.wpengine.com\/es\/papa-abraza-familais-afganas-huyeron-kabul\/\" target=\"_blank\" rel=\"noopener\">Papa Francisco<\/a> ha nombrado obispo de la di\u00f3cesis de Ciudad Victoria, M\u00e9xico, a monse\u00f1or Oscar Efra\u00edn Tamez Villareal, traslad\u00e1ndolo de la sede titular de Madauro y del cargo de auxiliar de la archidi\u00f3cesis metropolitana de Monterrey. De esta manera ha informado la <a href=\"https:\/\/www.vatican.va\/news_services\/press\/index_sp.htm\" target=\"_blank\" rel=\"noopener\">Oficina de Prensa de la Santa Sede<\/a> hoy, jueves 23 de septiembre de 2021.<\/p>\n<h4><strong>Mons. Oscar Efra\u00edn Tamez<\/strong><\/h4>\n<p>S.E. Mons. Oscar Efra\u00edn Tamez Villareal naci\u00f3 el 4 de septiembre de 1973 en Allende, en el Estado de Nuevo Le\u00f3n. Despu\u00e9s de estudiar para el sacerdocio en el Seminario de Monterrey, fue ordenado sacerdote el 15 de agosto de 2003, incardinado en la\u00a0 archidi\u00f3cesis metropolitana de Monterrey. En 2008 se licenci\u00f3 en Teolog\u00eda Moral en la Academia Alfonsiana de Roma.<\/p>\n<p>Ha sido vicario parroquial, abogado para las causas matrimoniales delTribunal Eclesi\u00e1stico, formador y profesor de seminario, coordinador del Centro Vocacional, coordinador de la Comisi\u00f3n de Paternidad Responsable y Defensa de la Vida, miembro del Consejo Nacional de la Organizaci\u00f3n Mexicana de Agentes de Pastoral Vocacional y capell\u00e1n de las Hijas de Mar\u00eda Inmaculada.<\/p>\n<p>El 31 de octubre de 2016 fue nombrado obispo titular de Madauro y auxiliar de Monterrey, recibiendo la ordenaci\u00f3n episcopal el 11 de enero de 2017.<\/p>\n","protected":false},"excerpt":{"rendered":"<p>Mons. Oscar Efra\u00edn Tamez Villareal<\/p>\n","protected":false},"author":15,"featured_media":34436,"comment_status":"closed","ping_status":"closed","sticky":false,"template":"","format":"standard","meta":{"_acf_changed":false,"_crdt_document":"","inline_featured_image":false,"footnotes":""},"categories":[86,298],"tags":[415,292,158],"class_list":["post-34435","post","type-post","status-publish","format-standard","has-post-thumbnail","hentry","category-iglesia-local","category-ultimas-noticias","tag-mexico","tag-nombramiento","tag-papa-francisco"],"acf":[],"yoast_head":"<!-- This site is optimized with the Yoast SEO plugin v27.5 - https:\/\/yoast.com\/product\/yoast-seo-wordpress\/ -->\n<title>M\u00e9xico: El Papa nombra al obispo de Ciudad Victoria - Exaudi<\/title>\n<meta name=\"description\" content=\"El Papa Francisco ha nombrado obispo de la di\u00f3cesis de Ciudad Victoria, M\u00e9xico, a monse\u00f1or Oscar Efra\u00edn Tamez Villareal.\" \/>\n<meta name=\"robots\" content=\"index, follow, max-snippet:-1, max-image-preview:large, max-video-preview:-1\" \/>\n<link rel=\"canonical\" href=\"https:\/\/exaudi.org\/es\/mexico-papa-obispo-ciudad-victoria\/\" \/>\n<meta property=\"og:locale\" content=\"es_ES\" \/>\n<meta property=\"og:type\" content=\"article\" \/>\n<meta property=\"og:title\" content=\"M\u00e9xico: El Papa nombra al obispo de Ciudad Victoria - Exaudi\" \/>\n<meta property=\"og:description\" content=\"El Papa Francisco ha nombrado obispo de la di\u00f3cesis de Ciudad Victoria, M\u00e9xico, a monse\u00f1or Oscar Efra\u00edn Tamez Villareal.\" \/>\n<meta property=\"og:url\" content=\"https:\/\/exaudi.org\/es\/mexico-papa-obispo-ciudad-victoria\/\" \/>\n<meta property=\"og:site_name\" content=\"Exaudi\" \/>\n<meta property=\"article:publisher\" content=\"https:\/\/www.facebook.com\/ExaudiNews\" \/>\n<meta property=\"article:author\" content=\"https:\/\/www.facebook.com\/ExaudiNoticias\/\" \/>\n<meta property=\"article:published_time\" content=\"2021-09-23T11:07:31+00:00\" \/>\n<meta property=\"og:image\" content=\"https:\/\/exaudi.org\/wp-content\/uploads\/2021\/09\/23c433.jpg\" \/>\n\t<meta property=\"og:image:width\" content=\"2047\" \/>\n\t<meta property=\"og:image:height\" content=\"1195\" \/>\n\t<meta property=\"og:image:type\" content=\"image\/jpeg\" \/>\n<meta name=\"author\" content=\"Exaudi Redacci\u00f3n\" \/>\n<meta name=\"twitter:card\" content=\"summary_large_image\" \/>\n<meta name=\"twitter:creator\" content=\"@Exaudi_noticias\" \/>\n<meta name=\"twitter:site\" content=\"@Exaudi_News\" \/>\n<meta name=\"twitter:label1\" content=\"Escrito por\" \/>\n\t<meta name=\"twitter:data1\" content=\"Exaudi Redacci\u00f3n\" \/>\n\t<meta name=\"twitter:label2\" content=\"Tiempo de lectura\" \/>\n\t<meta name=\"twitter:data2\" content=\"1 minuto\" \/>\n<script type=\"application\/ld+json\" class=\"yoast-schema-graph\">{\"@context\":\"https:\\\/\\\/schema.org\",\"@graph\":[{\"@type\":\"Article\",\"@id\":\"https:\\\/\\\/exaudi.org\\\/es\\\/mexico-papa-obispo-ciudad-victoria\\\/#article\",\"isPartOf\":{\"@id\":\"https:\\\/\\\/exaudi.org\\\/es\\\/mexico-papa-obispo-ciudad-victoria\\\/\"},\"author\":{\"name\":\"Exaudi Redacci\u00f3n\",\"@id\":\"https:\\\/\\\/exaudi.org\\\/#\\\/schema\\\/person\\\/f5fc8f063065e38742da7afe15f25df7\"},\"headline\":\"M\u00e9xico: El Papa nombra al obispo de Ciudad Victoria\",\"datePublished\":\"2021-09-23T11:07:31+00:00\",\"mainEntityOfPage\":{\"@id\":\"https:\\\/\\\/exaudi.org\\\/es\\\/mexico-papa-obispo-ciudad-victoria\\\/\"},\"wordCount\":219,\"image\":{\"@id\":\"https:\\\/\\\/exaudi.org\\\/es\\\/mexico-papa-obispo-ciudad-victoria\\\/#primaryimage\"},\"thumbnailUrl\":\"https:\\\/\\\/exaudi.org\\\/wp-content\\\/uploads\\\/2021\\\/09\\\/23c433.jpg\",\"keywords\":[\"M\u00e9xico\",\"Nombramiento\",\"papa francisco\"],\"articleSection\":[\"Iglesia Local\",\"\u00daltimas noticias\"],\"inLanguage\":\"es\"},{\"@type\":\"WebPage\",\"@id\":\"https:\\\/\\\/exaudi.org\\\/es\\\/mexico-papa-obispo-ciudad-victoria\\\/\",\"url\":\"https:\\\/\\\/exaudi.org\\\/es\\\/mexico-papa-obispo-ciudad-victoria\\\/\",\"name\":\"M\u00e9xico: El Papa nombra al obispo de Ciudad Victoria - Exaudi\",\"isPartOf\":{\"@id\":\"https:\\\/\\\/exaudi.org\\\/#website\"},\"primaryImageOfPage\":{\"@id\":\"https:\\\/\\\/exaudi.org\\\/es\\\/mexico-papa-obispo-ciudad-victoria\\\/#primaryimage\"},\"image\":{\"@id\":\"https:\\\/\\\/exaudi.org\\\/es\\\/mexico-papa-obispo-ciudad-victoria\\\/#primaryimage\"},\"thumbnailUrl\":\"https:\\\/\\\/exaudi.org\\\/wp-content\\\/uploads\\\/2021\\\/09\\\/23c433.jpg\",\"datePublished\":\"2021-09-23T11:07:31+00:00\",\"author\":{\"@id\":\"https:\\\/\\\/exaudi.org\\\/#\\\/schema\\\/person\\\/f5fc8f063065e38742da7afe15f25df7\"},\"description\":\"El Papa Francisco ha nombrado obispo de la di\u00f3cesis de Ciudad Victoria, M\u00e9xico, a monse\u00f1or Oscar Efra\u00edn Tamez Villareal.\",\"breadcrumb\":{\"@id\":\"https:\\\/\\\/exaudi.org\\\/es\\\/mexico-papa-obispo-ciudad-victoria\\\/#breadcrumb\"},\"inLanguage\":\"es\",\"potentialAction\":[{\"@type\":\"ReadAction\",\"target\":[\"https:\\\/\\\/exaudi.org\\\/es\\\/mexico-papa-obispo-ciudad-victoria\\\/\"]}]},{\"@type\":\"ImageObject\",\"inLanguage\":\"es\",\"@id\":\"https:\\\/\\\/exaudi.org\\\/es\\\/mexico-papa-obispo-ciudad-victoria\\\/#primaryimage\",\"url\":\"https:\\\/\\\/exaudi.org\\\/wp-content\\\/uploads\\\/2021\\\/09\\\/23c433.jpg\",\"contentUrl\":\"https:\\\/\\\/exaudi.org\\\/wp-content\\\/uploads\\\/2021\\\/09\\\/23c433.jpg\",\"width\":2047,\"height\":1195,\"caption\":\"Clero de Ciudad Victoria \u00a9 Di\u00f3cesis de Ciudad Victoria\"},{\"@type\":\"BreadcrumbList\",\"@id\":\"https:\\\/\\\/exaudi.org\\\/es\\\/mexico-papa-obispo-ciudad-victoria\\\/#breadcrumb\",\"itemListElement\":[{\"@type\":\"ListItem\",\"position\":1,\"name\":\"Portada\",\"item\":\"https:\\\/\\\/exaudi.org\\\/es\\\/\"},{\"@type\":\"ListItem\",\"position\":2,\"name\":\"M\u00e9xico: El Papa nombra al obispo de Ciudad Victoria\"}]},{\"@type\":\"WebSite\",\"@id\":\"https:\\\/\\\/exaudi.org\\\/#website\",\"url\":\"https:\\\/\\\/exaudi.org\\\/\",\"name\":\"Exaudi\",\"description\":\"News\",\"potentialAction\":[{\"@type\":\"SearchAction\",\"target\":{\"@type\":\"EntryPoint\",\"urlTemplate\":\"https:\\\/\\\/exaudi.org\\\/?s={search_term_string}\"},\"query-input\":{\"@type\":\"PropertyValueSpecification\",\"valueRequired\":true,\"valueName\":\"search_term_string\"}}],\"inLanguage\":\"es\"},{\"@type\":\"Person\",\"@id\":\"https:\\\/\\\/exaudi.org\\\/#\\\/schema\\\/person\\\/f5fc8f063065e38742da7afe15f25df7\",\"name\":\"Exaudi Redacci\u00f3n\",\"image\":{\"@type\":\"ImageObject\",\"inLanguage\":\"es\",\"@id\":\"https:\\\/\\\/secure.gravatar.com\\\/avatar\\\/fe0f6a059fb68d9b3e11bc5850dd4899b1c7492091a3cb6dd9b01b56ad828be2?s=96&d=mm&r=g\",\"url\":\"https:\\\/\\\/secure.gravatar.com\\\/avatar\\\/fe0f6a059fb68d9b3e11bc5850dd4899b1c7492091a3cb6dd9b01b56ad828be2?s=96&d=mm&r=g\",\"contentUrl\":\"https:\\\/\\\/secure.gravatar.com\\\/avatar\\\/fe0f6a059fb68d9b3e11bc5850dd4899b1c7492091a3cb6dd9b01b56ad828be2?s=96&d=mm&r=g\",\"caption\":\"Exaudi Redacci\u00f3n\"},\"description\":\"\u00bfQu\u00e9 es Exaudi News? Exaudi News es un medio de comunicaci\u00f3n cat\u00f3lico internacional que informa, forma y transforma, diariamente en espa\u00f1ol, ingl\u00e9s e italiano. A trav\u00e9s de noticias, art\u00edculos de an\u00e1lisis y transmisiones en directo de los eventos del Papa, Exaudi busca fortalecer la unidad de los cristianos y contribuir a la evangelizaci\u00f3n del mundo, siempre guiados por la doctrina social de la Iglesia. Trabajamos para acercar la verdad y los valores cristianos a cada rinc\u00f3n del planeta. \u00a1Ay\u00fadanos a transformar el mundo con Exaudi! En Exaudi creemos que la evangelizaci\u00f3n y la informaci\u00f3n de calidad pueden cambiar vidas. Para continuar con nuestra misi\u00f3n y expandir nuestro alcance, necesitamos tu ayuda. Adem\u00e1s, buscamos personas comprometidas que deseen unirse a nuestro equipo. Con tu apoyo, lograremos llegar a m\u00e1s personas, difundir el mensaje de Cristo y reforzar la unidad de los cristianos. \u00bfTe unes a nuestra misi\u00f3n? Para m\u00e1s informaci\u00f3n sobre c\u00f3mo colaborar, visita Exaudi.org\\\/es o cont\u00e1ctanos directamente: info@exaudi.org Exaudi: Informa, forma y transforma.\",\"sameAs\":[\"https:\\\/\\\/www.facebook.com\\\/ExaudiNoticias\\\/\",\"https:\\\/\\\/www.instagram.com\\\/exaudi_noticias\\\/\",\"https:\\\/\\\/x.com\\\/Exaudi_noticias\",\"https:\\\/\\\/www.youtube.com\\\/@exaudicatholicnews\"],\"url\":\"https:\\\/\\\/exaudi.org\\\/es\\\/author\\\/redaccionexaudi\\\/\"}]}<\/script>\n<!-- \/ Yoast SEO plugin. -->","yoast_head_json":{"title":"M\u00e9xico: El Papa nombra al obispo de Ciudad Victoria - Exaudi","description":"El Papa Francisco ha nombrado obispo de la di\u00f3cesis de Ciudad Victoria, M\u00e9xico, a monse\u00f1or Oscar Efra\u00edn Tamez Villareal.","robots":{"index":"index","follow":"follow","max-snippet":"max-snippet:-1","max-image-preview":"max-image-preview:large","max-video-preview":"max-video-preview:-1"},"canonical":"https:\/\/exaudi.org\/es\/mexico-papa-obispo-ciudad-victoria\/","og_locale":"es_ES","og_type":"article","og_title":"M\u00e9xico: El Papa nombra al obispo de Ciudad Victoria - Exaudi","og_description":"El Papa Francisco ha nombrado obispo de la di\u00f3cesis de Ciudad Victoria, M\u00e9xico, a monse\u00f1or Oscar Efra\u00edn Tamez Villareal.","og_url":"https:\/\/exaudi.org\/es\/mexico-papa-obispo-ciudad-victoria\/","og_site_name":"Exaudi","article_publisher":"https:\/\/www.facebook.com\/ExaudiNews","article_author":"https:\/\/www.facebook.com\/ExaudiNoticias\/","article_published_time":"2021-09-23T11:07:31+00:00","og_image":[{"width":2047,"height":1195,"url":"https:\/\/exaudi.org\/wp-content\/uploads\/2021\/09\/23c433.jpg","type":"image\/jpeg"}],"author":"Exaudi Redacci\u00f3n","twitter_card":"summary_large_image","twitter_creator":"@Exaudi_noticias","twitter_site":"@Exaudi_News","twitter_misc":{"Escrito por":"Exaudi Redacci\u00f3n","Tiempo de lectura":"1 minuto"},"schema":{"@context":"https:\/\/schema.org","@graph":[{"@type":"Article","@id":"https:\/\/exaudi.org\/es\/mexico-papa-obispo-ciudad-victoria\/#article","isPartOf":{"@id":"https:\/\/exaudi.org\/es\/mexico-papa-obispo-ciudad-victoria\/"},"author":{"name":"Exaudi Redacci\u00f3n","@id":"https:\/\/exaudi.org\/#\/schema\/person\/f5fc8f063065e38742da7afe15f25df7"},"headline":"M\u00e9xico: El Papa nombra al obispo de Ciudad Victoria","datePublished":"2021-09-23T11:07:31+00:00","mainEntityOfPage":{"@id":"https:\/\/exaudi.org\/es\/mexico-papa-obispo-ciudad-victoria\/"},"wordCount":219,"image":{"@id":"https:\/\/exaudi.org\/es\/mexico-papa-obispo-ciudad-victoria\/#primaryimage"},"thumbnailUrl":"https:\/\/exaudi.org\/wp-content\/uploads\/2021\/09\/23c433.jpg","keywords":["M\u00e9xico","Nombramiento","papa francisco"],"articleSection":["Iglesia Local","\u00daltimas noticias"],"inLanguage":"es"},{"@type":"WebPage","@id":"https:\/\/exaudi.org\/es\/mexico-papa-obispo-ciudad-victoria\/","url":"https:\/\/exaudi.org\/es\/mexico-papa-obispo-ciudad-victoria\/","name":"M\u00e9xico: El Papa nombra al obispo de Ciudad Victoria - Exaudi","isPartOf":{"@id":"https:\/\/exaudi.org\/#website"},"primaryImageOfPage":{"@id":"https:\/\/exaudi.org\/es\/mexico-papa-obispo-ciudad-victoria\/#primaryimage"},"image":{"@id":"https:\/\/exaudi.org\/es\/mexico-papa-obispo-ciudad-victoria\/#primaryimage"},"thumbnailUrl":"https:\/\/exaudi.org\/wp-content\/uploads\/2021\/09\/23c433.jpg","datePublished":"2021-09-23T11:07:31+00:00","author":{"@id":"https:\/\/exaudi.org\/#\/schema\/person\/f5fc8f063065e38742da7afe15f25df7"},"description":"El Papa Francisco ha nombrado obispo de la di\u00f3cesis de Ciudad Victoria, M\u00e9xico, a monse\u00f1or Oscar Efra\u00edn Tamez Villareal.","breadcrumb":{"@id":"https:\/\/exaudi.org\/es\/mexico-papa-obispo-ciudad-victoria\/#breadcrumb"},"inLanguage":"es","potentialAction":[{"@type":"ReadAction","target":["https:\/\/exaudi.org\/es\/mexico-papa-obispo-ciudad-victoria\/"]}]},{"@type":"ImageObject","inLanguage":"es","@id":"https:\/\/exaudi.org\/es\/mexico-papa-obispo-ciudad-victoria\/#primaryimage","url":"https:\/\/exaudi.org\/wp-content\/uploads\/2021\/09\/23c433.jpg","contentUrl":"https:\/\/exaudi.org\/wp-content\/uploads\/2021\/09\/23c433.jpg","width":2047,"height":1195,"caption":"Clero de Ciudad Victoria \u00a9 Di\u00f3cesis de Ciudad Victoria"},{"@type":"BreadcrumbList","@id":"https:\/\/exaudi.org\/es\/mexico-papa-obispo-ciudad-victoria\/#breadcrumb","itemListElement":[{"@type":"ListItem","position":1,"name":"Portada","item":"https:\/\/exaudi.org\/es\/"},{"@type":"ListItem","position":2,"name":"M\u00e9xico: El Papa nombra al obispo de Ciudad Victoria"}]},{"@type":"WebSite","@id":"https:\/\/exaudi.org\/#website","url":"https:\/\/exaudi.org\/","name":"Exaudi","description":"News","potentialAction":[{"@type":"SearchAction","target":{"@type":"EntryPoint","urlTemplate":"https:\/\/exaudi.org\/?s={search_term_string}"},"query-input":{"@type":"PropertyValueSpecification","valueRequired":true,"valueName":"search_term_string"}}],"inLanguage":"es"},{"@type":"Person","@id":"https:\/\/exaudi.org\/#\/schema\/person\/f5fc8f063065e38742da7afe15f25df7","name":"Exaudi Redacci\u00f3n","image":{"@type":"ImageObject","inLanguage":"es","@id":"https:\/\/secure.gravatar.com\/avatar\/fe0f6a059fb68d9b3e11bc5850dd4899b1c7492091a3cb6dd9b01b56ad828be2?s=96&d=mm&r=g","url":"https:\/\/secure.gravatar.com\/avatar\/fe0f6a059fb68d9b3e11bc5850dd4899b1c7492091a3cb6dd9b01b56ad828be2?s=96&d=mm&r=g","contentUrl":"https:\/\/secure.gravatar.com\/avatar\/fe0f6a059fb68d9b3e11bc5850dd4899b1c7492091a3cb6dd9b01b56ad828be2?s=96&d=mm&r=g","caption":"Exaudi Redacci\u00f3n"},"description":"\u00bfQu\u00e9 es Exaudi News? Exaudi News es un medio de comunicaci\u00f3n cat\u00f3lico internacional que informa, forma y transforma, diariamente en espa\u00f1ol, ingl\u00e9s e italiano. A trav\u00e9s de noticias, art\u00edculos de an\u00e1lisis y transmisiones en directo de los eventos del Papa, Exaudi busca fortalecer la unidad de los cristianos y contribuir a la evangelizaci\u00f3n del mundo, siempre guiados por la doctrina social de la Iglesia. Trabajamos para acercar la verdad y los valores cristianos a cada rinc\u00f3n del planeta. \u00a1Ay\u00fadanos a transformar el mundo con Exaudi! En Exaudi creemos que la evangelizaci\u00f3n y la informaci\u00f3n de calidad pueden cambiar vidas. Para continuar con nuestra misi\u00f3n y expandir nuestro alcance, necesitamos tu ayuda. Adem\u00e1s, buscamos personas comprometidas que deseen unirse a nuestro equipo. Con tu apoyo, lograremos llegar a m\u00e1s personas, difundir el mensaje de Cristo y reforzar la unidad de los cristianos. \u00bfTe unes a nuestra misi\u00f3n? Para m\u00e1s informaci\u00f3n sobre c\u00f3mo colaborar, visita Exaudi.org\/es o cont\u00e1ctanos directamente: info@exaudi.org Exaudi: Informa, forma y transforma.","sameAs":["https:\/\/www.facebook.com\/ExaudiNoticias\/","https:\/\/www.instagram.com\/exaudi_noticias\/","https:\/\/x.com\/Exaudi_noticias","https:\/\/www.youtube.com\/@exaudicatholicnews"],"url":"https:\/\/exaudi.org\/es\/author\/redaccionexaudi\/"}]}},"jetpack_featured_media_url":"https:\/\/exaudi.org\/wp-content\/uploads\/2021\/09\/23c433.jpg","jetpack_shortlink":"https:\/\/wp.me\/pgKjF2-8Xp","_links":{"self":[{"href":"https:\/\/exaudi.org\/es\/wp-json\/wp\/v2\/posts\/34435","targetHints":{"allow":["GET"]}}],"collection":[{"href":"https:\/\/exaudi.org\/es\/wp-json\/wp\/v2\/posts"}],"about":[{"href":"https:\/\/exaudi.org\/es\/wp-json\/wp\/v2\/types\/post"}],"author":[{"embeddable":true,"href":"https:\/\/exaudi.org\/es\/wp-json\/wp\/v2\/users\/15"}],"replies":[{"embeddable":true,"href":"https:\/\/exaudi.org\/es\/wp-json\/wp\/v2\/comments?post=34435"}],"version-history":[{"count":0,"href":"https:\/\/exaudi.org\/es\/wp-json\/wp\/v2\/posts\/34435\/revisions"}],"wp:featuredmedia":[{"embeddable":true,"href":"https:\/\/exaudi.org\/es\/wp-json\/wp\/v2\/media\/34436"}],"wp:attachment":[{"href":"https:\/\/exaudi.org\/es\/wp-json\/wp\/v2\/media?parent=34435"}],"wp:term":[{"taxonomy":"category","embeddable":true,"href":"https:\/\/exaudi.org\/es\/wp-json\/wp\/v2\/categories?post=34435"},{"taxonomy":"post_tag","embeddable":true,"href":"https:\/\/exaudi.org\/es\/wp-json\/wp\/v2\/tags?post=34435"}],"curies":[{"name":"wp","href":"https:\/\/api.w.org\/{rel}","templated":true}]}}