{"id":34347,"date":"2021-09-22T15:13:08","date_gmt":"2021-09-22T13:13:08","guid":{"rendered":"https:\/\/exaudi.wpengine.com\/?p=34347"},"modified":"2021-09-23T18:36:12","modified_gmt":"2021-09-23T16:36:12","slug":"consejo-cardenales-apertura-trabajos-sinodo-sinodalidad","status":"publish","type":"post","link":"https:\/\/exaudi.org\/es\/consejo-cardenales-apertura-trabajos-sinodo-sinodalidad\/","title":{"rendered":"Consejo de cardenales: Apertura de trabajos del S\u00ednodo sobre sinodalidad"},"content":{"rendered":"<p>El Consejo de Cardenales, que asesora al Santo Padre, se reuni\u00f3 ayer, 21 de septiembre de 2021 a las 16 horas, y el Papa Francisco \u201chabl\u00f3 sobre la apertura de los trabajos del <a href=\"https:\/\/www.synod.va\/es.html\" target=\"_blank\" rel=\"noopener\">pr\u00f3ximo S\u00ednodo sobre la sinodalidad<\/a>\u201d, informa un comunicado de la Santa Sede.<\/p>\n<p><img loading=\"lazy\" decoding=\"async\" class=\"size-medium wp-image-34354 alignleft\" src=\"https:\/\/exaudi.wpengine.com\/wp-content\/uploads\/2021\/09\/Foto-3-1-300x225.jpg\" alt=\"\" width=\"300\" height=\"225\" srcset=\"https:\/\/exaudi.org\/wp-content\/uploads\/2021\/09\/Foto-3-1-300x225.jpg 300w, https:\/\/exaudi.org\/wp-content\/uploads\/2021\/09\/Foto-3-1-1024x768.jpg 1024w, https:\/\/exaudi.org\/wp-content\/uploads\/2021\/09\/Foto-3-1-768x576.jpg 768w, https:\/\/exaudi.org\/wp-content\/uploads\/2021\/09\/Foto-3-1-1536x1152.jpg 1536w, https:\/\/exaudi.org\/wp-content\/uploads\/2021\/09\/Foto-3-1-150x113.jpg 150w, https:\/\/exaudi.org\/wp-content\/uploads\/2021\/09\/Foto-3-1-696x522.jpg 696w, https:\/\/exaudi.org\/wp-content\/uploads\/2021\/09\/Foto-3-1-1068x801.jpg 1068w, https:\/\/exaudi.org\/wp-content\/uploads\/2021\/09\/Foto-3-1-1920x1440.jpg 1920w, https:\/\/exaudi.org\/wp-content\/uploads\/2021\/09\/Foto-3-1-560x420.jpg 560w, https:\/\/exaudi.org\/wp-content\/uploads\/2021\/09\/Foto-3-1-80x60.jpg 80w, https:\/\/exaudi.org\/wp-content\/uploads\/2021\/09\/Foto-3-1-265x198.jpg 265w, https:\/\/exaudi.org\/wp-content\/uploads\/2021\/09\/Foto-3-1.jpg 2048w\" sizes=\"auto, (max-width: 300px) 100vw, 300px\" \/>Francisco \u201crecord\u00f3 dos de sus discursos identificados como centrales en su ideas sobre el pr\u00f3ximo S\u00ednodo,- el de 2015 con motivo del 50 aniversario de la instituci\u00f3n del S\u00ednodo de los Obispos y el m\u00e1s reciente dirigido a los fieles de la di\u00f3cesis de Roma el pasado s\u00e1bado- y puntualiz\u00f3 que el centro de la reflexi\u00f3n no es tanto la profundizaci\u00f3n en tal o cual tema sino el aprendizaje de una forma de vivir la Iglesia, marcado a todos los niveles por la escucha mutua y la actitud pastoral, sobre todo frente a las tentaciones del clericalismo y la rigidez\u201d, se lee en el texto.<\/p>\n<p>Las intervenciones de los distintos cardenales \u201cprofundizaron en algunos aspectos que hacen especialmente necesario el camino sinodal en las tierras de las que proceden, para superar el sectarismo y los intereses partidistas\u201d, a\u00f1ade.<\/p>\n<h4><strong>Pr\u00f3xima reuni\u00f3n y participantes<\/strong><\/h4>\n<p><img loading=\"lazy\" decoding=\"async\" class=\"size-medium wp-image-34348 alignright\" src=\"https:\/\/exaudi.wpengine.com\/wp-content\/uploads\/2021\/09\/Foto-2-1-300x225.jpg\" alt=\"\" width=\"300\" height=\"225\" srcset=\"https:\/\/exaudi.org\/wp-content\/uploads\/2021\/09\/Foto-2-1-300x225.jpg 300w, https:\/\/exaudi.org\/wp-content\/uploads\/2021\/09\/Foto-2-1-1024x768.jpg 1024w, https:\/\/exaudi.org\/wp-content\/uploads\/2021\/09\/Foto-2-1-768x576.jpg 768w, https:\/\/exaudi.org\/wp-content\/uploads\/2021\/09\/Foto-2-1-1536x1152.jpg 1536w, https:\/\/exaudi.org\/wp-content\/uploads\/2021\/09\/Foto-2-1-150x113.jpg 150w, https:\/\/exaudi.org\/wp-content\/uploads\/2021\/09\/Foto-2-1-696x522.jpg 696w, https:\/\/exaudi.org\/wp-content\/uploads\/2021\/09\/Foto-2-1-1068x801.jpg 1068w, https:\/\/exaudi.org\/wp-content\/uploads\/2021\/09\/Foto-2-1-1920x1440.jpg 1920w, https:\/\/exaudi.org\/wp-content\/uploads\/2021\/09\/Foto-2-1-560x420.jpg 560w, https:\/\/exaudi.org\/wp-content\/uploads\/2021\/09\/Foto-2-1-80x60.jpg 80w, https:\/\/exaudi.org\/wp-content\/uploads\/2021\/09\/Foto-2-1-265x198.jpg 265w, https:\/\/exaudi.org\/wp-content\/uploads\/2021\/09\/Foto-2-1.jpg 2048w\" sizes=\"auto, (max-width: 300px) 100vw, 300px\" \/>La reuni\u00f3n finaliz\u00f3 \u201cantes de las 18 horas, actualiz\u00e1ndose a la pr\u00f3xima, prevista para diciembre, que se celebrar\u00e1, si las condiciones lo permiten, en presencia\u201d.<\/p>\n<p>Para esta reuni\u00f3n, los cardenales \u00d3scar A. Rodr\u00edguez Maradiaga, Reinhard Marx, Sean Patrick O&#8217;Malley, Oswald Gracias y Fridolin Ambongo Besungu, se conectaron desde sus pa\u00edses de residencia y desde el Vaticano hicieron lo propio los cardenales Pietro Parolin y Giuseppe Bertello, y el secretario del Consejo, Mons. Marco Mellino. El Papa, por su parte, se conect\u00f3 desde la Casa Santa Marta para seguir los trabajos.<\/p>\n<p>La anterior reuni\u00f3n del Consejo de cardenales tuvo lugar el <a href=\"https:\/\/exaudi.wpengine.com\/es\/consejo-cardenales-pandemia-sinodalidad-economia\/\">jueves 24 de junio de 2021<\/a>, en ella se abord\u00f3 la situaci\u00f3n actual de los distintos continentes respecto a la pandemia de COVID-19, se reflexion\u00f3 sobre la sinodalidad y se habl\u00f3 de la actual sostenibilidad en la econom\u00eda vaticana.<\/p>\n","protected":false},"excerpt":{"rendered":"<p>Vivir la Iglesia, escucha mutua y actitud pastoral<\/p>\n","protected":false},"author":5,"featured_media":34351,"comment_status":"closed","ping_status":"closed","sticky":false,"template":"","format":"standard","meta":{"_acf_changed":false,"_crdt_document":"","inline_featured_image":false,"footnotes":""},"categories":[68,144,298],"tags":[2185,158,3007,2429],"class_list":["post-34347","post","type-post","status-publish","format-standard","has-post-thumbnail","hentry","category-leon-xiv","category-sinodos-es","category-ultimas-noticias","tag-consejo-de-cardenales","tag-papa-francisco","tag-sinodalidad-es","tag-sinodo-de-los-obispos"],"acf":[],"yoast_head":"<!-- This site is optimized with the Yoast SEO plugin v27.4 - https:\/\/yoast.com\/product\/yoast-seo-wordpress\/ -->\n<title>Consejo de cardenales: Apertura de trabajos del S\u00ednodo sobre sinodalidad &#8211; Exaudi<\/title>\n<meta name=\"description\" content=\"El Consejo de Cardenales se reuni\u00f3 ayer y el Papa \u201chabl\u00f3 sobre la apertura de los trabajos del pr\u00f3ximo S\u00ednodo sobre la sinodalidad\u201d\" \/>\n<meta name=\"robots\" content=\"index, follow, max-snippet:-1, max-image-preview:large, max-video-preview:-1\" \/>\n<link rel=\"canonical\" href=\"https:\/\/exaudi.org\/es\/consejo-cardenales-apertura-trabajos-sinodo-sinodalidad\/\" \/>\n<meta property=\"og:locale\" content=\"es_ES\" \/>\n<meta property=\"og:type\" content=\"article\" \/>\n<meta property=\"og:title\" content=\"Consejo de cardenales: Apertura de trabajos del S\u00ednodo sobre sinodalidad &#8211; Exaudi\" \/>\n<meta property=\"og:description\" content=\"El Consejo de Cardenales se reuni\u00f3 ayer y el Papa \u201chabl\u00f3 sobre la apertura de los trabajos del pr\u00f3ximo S\u00ednodo sobre la sinodalidad\u201d\" \/>\n<meta property=\"og:url\" content=\"https:\/\/exaudi.org\/es\/consejo-cardenales-apertura-trabajos-sinodo-sinodalidad\/\" \/>\n<meta property=\"og:site_name\" content=\"Exaudi\" \/>\n<meta property=\"article:publisher\" content=\"https:\/\/www.facebook.com\/ExaudiNews\" \/>\n<meta property=\"article:published_time\" content=\"2021-09-22T13:13:08+00:00\" \/>\n<meta property=\"article:modified_time\" content=\"2021-09-23T16:36:12+00:00\" \/>\n<meta property=\"og:image\" content=\"https:\/\/exaudi.org\/wp-content\/uploads\/2021\/09\/Foto-1-1.jpg\" \/>\n\t<meta property=\"og:image:width\" content=\"2048\" \/>\n\t<meta property=\"og:image:height\" content=\"1536\" \/>\n\t<meta property=\"og:image:type\" content=\"image\/jpeg\" \/>\n<meta name=\"author\" content=\"Larissa I. L\u00f3pez\" \/>\n<meta name=\"twitter:card\" content=\"summary_large_image\" \/>\n<meta name=\"twitter:creator\" content=\"@Exaudi_News\" \/>\n<meta name=\"twitter:site\" content=\"@Exaudi_News\" \/>\n<meta name=\"twitter:label1\" content=\"Escrito por\" \/>\n\t<meta name=\"twitter:data1\" content=\"Larissa I. L\u00f3pez\" \/>\n\t<meta name=\"twitter:label2\" content=\"Tiempo de lectura\" \/>\n\t<meta name=\"twitter:data2\" content=\"2 minutos\" \/>\n<script type=\"application\/ld+json\" class=\"yoast-schema-graph\">{\"@context\":\"https:\\\/\\\/schema.org\",\"@graph\":[{\"@type\":\"Article\",\"@id\":\"https:\\\/\\\/exaudi.org\\\/es\\\/consejo-cardenales-apertura-trabajos-sinodo-sinodalidad\\\/#article\",\"isPartOf\":{\"@id\":\"https:\\\/\\\/exaudi.org\\\/es\\\/consejo-cardenales-apertura-trabajos-sinodo-sinodalidad\\\/\"},\"author\":{\"name\":\"Larissa I. L\u00f3pez\",\"@id\":\"https:\\\/\\\/exaudi.org\\\/#\\\/schema\\\/person\\\/7d2f77db033c2c0929edfab6dbe8c588\"},\"headline\":\"Consejo de cardenales: Apertura de trabajos del S\u00ednodo sobre sinodalidad\",\"datePublished\":\"2021-09-22T13:13:08+00:00\",\"dateModified\":\"2021-09-23T16:36:12+00:00\",\"mainEntityOfPage\":{\"@id\":\"https:\\\/\\\/exaudi.org\\\/es\\\/consejo-cardenales-apertura-trabajos-sinodo-sinodalidad\\\/\"},\"wordCount\":354,\"image\":{\"@id\":\"https:\\\/\\\/exaudi.org\\\/es\\\/consejo-cardenales-apertura-trabajos-sinodo-sinodalidad\\\/#primaryimage\"},\"thumbnailUrl\":\"https:\\\/\\\/exaudi.org\\\/wp-content\\\/uploads\\\/2021\\\/09\\\/Foto-1-1.jpg\",\"keywords\":[\"Consejo de Cardenales\",\"papa francisco\",\"Sinodalidad\",\"S\u00ednodo de los obispos\"],\"articleSection\":[\"Le\u00f3n XIV\",\"S\u00ednodos\",\"\u00daltimas noticias\"],\"inLanguage\":\"es\"},{\"@type\":\"WebPage\",\"@id\":\"https:\\\/\\\/exaudi.org\\\/es\\\/consejo-cardenales-apertura-trabajos-sinodo-sinodalidad\\\/\",\"url\":\"https:\\\/\\\/exaudi.org\\\/es\\\/consejo-cardenales-apertura-trabajos-sinodo-sinodalidad\\\/\",\"name\":\"Consejo de cardenales: Apertura de trabajos del S\u00ednodo sobre sinodalidad &#8211; Exaudi\",\"isPartOf\":{\"@id\":\"https:\\\/\\\/exaudi.org\\\/#website\"},\"primaryImageOfPage\":{\"@id\":\"https:\\\/\\\/exaudi.org\\\/es\\\/consejo-cardenales-apertura-trabajos-sinodo-sinodalidad\\\/#primaryimage\"},\"image\":{\"@id\":\"https:\\\/\\\/exaudi.org\\\/es\\\/consejo-cardenales-apertura-trabajos-sinodo-sinodalidad\\\/#primaryimage\"},\"thumbnailUrl\":\"https:\\\/\\\/exaudi.org\\\/wp-content\\\/uploads\\\/2021\\\/09\\\/Foto-1-1.jpg\",\"datePublished\":\"2021-09-22T13:13:08+00:00\",\"dateModified\":\"2021-09-23T16:36:12+00:00\",\"author\":{\"@id\":\"https:\\\/\\\/exaudi.org\\\/#\\\/schema\\\/person\\\/7d2f77db033c2c0929edfab6dbe8c588\"},\"description\":\"El Consejo de Cardenales se reuni\u00f3 ayer y el Papa \u201chabl\u00f3 sobre la apertura de los trabajos del pr\u00f3ximo S\u00ednodo sobre la sinodalidad\u201d\",\"breadcrumb\":{\"@id\":\"https:\\\/\\\/exaudi.org\\\/es\\\/consejo-cardenales-apertura-trabajos-sinodo-sinodalidad\\\/#breadcrumb\"},\"inLanguage\":\"es\",\"potentialAction\":[{\"@type\":\"ReadAction\",\"target\":[\"https:\\\/\\\/exaudi.org\\\/es\\\/consejo-cardenales-apertura-trabajos-sinodo-sinodalidad\\\/\"]}]},{\"@type\":\"ImageObject\",\"inLanguage\":\"es\",\"@id\":\"https:\\\/\\\/exaudi.org\\\/es\\\/consejo-cardenales-apertura-trabajos-sinodo-sinodalidad\\\/#primaryimage\",\"url\":\"https:\\\/\\\/exaudi.org\\\/wp-content\\\/uploads\\\/2021\\\/09\\\/Foto-1-1.jpg\",\"contentUrl\":\"https:\\\/\\\/exaudi.org\\\/wp-content\\\/uploads\\\/2021\\\/09\\\/Foto-1-1.jpg\",\"width\":2048,\"height\":1536,\"caption\":\"Consejo de Cardenales, 21 septiembre 2021 \u00a9 Dicastero per la Comunicazione\"},{\"@type\":\"BreadcrumbList\",\"@id\":\"https:\\\/\\\/exaudi.org\\\/es\\\/consejo-cardenales-apertura-trabajos-sinodo-sinodalidad\\\/#breadcrumb\",\"itemListElement\":[{\"@type\":\"ListItem\",\"position\":1,\"name\":\"Portada\",\"item\":\"https:\\\/\\\/exaudi.org\\\/es\\\/\"},{\"@type\":\"ListItem\",\"position\":2,\"name\":\"Consejo de cardenales: Apertura de trabajos del S\u00ednodo sobre sinodalidad\"}]},{\"@type\":\"WebSite\",\"@id\":\"https:\\\/\\\/exaudi.org\\\/#website\",\"url\":\"https:\\\/\\\/exaudi.org\\\/\",\"name\":\"Exaudi\",\"description\":\"News\",\"potentialAction\":[{\"@type\":\"SearchAction\",\"target\":{\"@type\":\"EntryPoint\",\"urlTemplate\":\"https:\\\/\\\/exaudi.org\\\/?s={search_term_string}\"},\"query-input\":{\"@type\":\"PropertyValueSpecification\",\"valueRequired\":true,\"valueName\":\"search_term_string\"}}],\"inLanguage\":\"es\"},{\"@type\":\"Person\",\"@id\":\"https:\\\/\\\/exaudi.org\\\/#\\\/schema\\\/person\\\/7d2f77db033c2c0929edfab6dbe8c588\",\"name\":\"Larissa I. L\u00f3pez\",\"image\":{\"@type\":\"ImageObject\",\"inLanguage\":\"es\",\"@id\":\"https:\\\/\\\/secure.gravatar.com\\\/avatar\\\/db3ef399ff343d0bb9d25dc5198bc8ece5ac6d621eca79876697a354dabc1e3f?s=96&d=mm&r=g\",\"url\":\"https:\\\/\\\/secure.gravatar.com\\\/avatar\\\/db3ef399ff343d0bb9d25dc5198bc8ece5ac6d621eca79876697a354dabc1e3f?s=96&d=mm&r=g\",\"contentUrl\":\"https:\\\/\\\/secure.gravatar.com\\\/avatar\\\/db3ef399ff343d0bb9d25dc5198bc8ece5ac6d621eca79876697a354dabc1e3f?s=96&d=mm&r=g\",\"caption\":\"Larissa I. L\u00f3pez\"},\"description\":\"Doctora en Comunicaci\u00f3n. Mi trayectoria profesional ha transcurrido entre el \u00e1mbito de la comunicaci\u00f3n y el de la docencia. En los \u00faltimos a\u00f1os, he trabajado como coordinadora y redactora de la edici\u00f3n de ZENIT en espa\u00f1ol. Como profesora, he impartido clases en la universidad y en centros de FP y bachillerato. Cordobesa de nacimiento, tambi\u00e9n he vivido en Sevilla, Madrid y Roma\",\"url\":\"https:\\\/\\\/exaudi.org\\\/es\\\/author\\\/llopezexaudi-org\\\/\"}]}<\/script>\n<!-- \/ Yoast SEO plugin. -->","yoast_head_json":{"title":"Consejo de cardenales: Apertura de trabajos del S\u00ednodo sobre sinodalidad &#8211; Exaudi","description":"El Consejo de Cardenales se reuni\u00f3 ayer y el Papa \u201chabl\u00f3 sobre la apertura de los trabajos del pr\u00f3ximo S\u00ednodo sobre la sinodalidad\u201d","robots":{"index":"index","follow":"follow","max-snippet":"max-snippet:-1","max-image-preview":"max-image-preview:large","max-video-preview":"max-video-preview:-1"},"canonical":"https:\/\/exaudi.org\/es\/consejo-cardenales-apertura-trabajos-sinodo-sinodalidad\/","og_locale":"es_ES","og_type":"article","og_title":"Consejo de cardenales: Apertura de trabajos del S\u00ednodo sobre sinodalidad &#8211; Exaudi","og_description":"El Consejo de Cardenales se reuni\u00f3 ayer y el Papa \u201chabl\u00f3 sobre la apertura de los trabajos del pr\u00f3ximo S\u00ednodo sobre la sinodalidad\u201d","og_url":"https:\/\/exaudi.org\/es\/consejo-cardenales-apertura-trabajos-sinodo-sinodalidad\/","og_site_name":"Exaudi","article_publisher":"https:\/\/www.facebook.com\/ExaudiNews","article_published_time":"2021-09-22T13:13:08+00:00","article_modified_time":"2021-09-23T16:36:12+00:00","og_image":[{"width":2048,"height":1536,"url":"https:\/\/exaudi.org\/wp-content\/uploads\/2021\/09\/Foto-1-1.jpg","type":"image\/jpeg"}],"author":"Larissa I. L\u00f3pez","twitter_card":"summary_large_image","twitter_creator":"@Exaudi_News","twitter_site":"@Exaudi_News","twitter_misc":{"Escrito por":"Larissa I. L\u00f3pez","Tiempo de lectura":"2 minutos"},"schema":{"@context":"https:\/\/schema.org","@graph":[{"@type":"Article","@id":"https:\/\/exaudi.org\/es\/consejo-cardenales-apertura-trabajos-sinodo-sinodalidad\/#article","isPartOf":{"@id":"https:\/\/exaudi.org\/es\/consejo-cardenales-apertura-trabajos-sinodo-sinodalidad\/"},"author":{"name":"Larissa I. L\u00f3pez","@id":"https:\/\/exaudi.org\/#\/schema\/person\/7d2f77db033c2c0929edfab6dbe8c588"},"headline":"Consejo de cardenales: Apertura de trabajos del S\u00ednodo sobre sinodalidad","datePublished":"2021-09-22T13:13:08+00:00","dateModified":"2021-09-23T16:36:12+00:00","mainEntityOfPage":{"@id":"https:\/\/exaudi.org\/es\/consejo-cardenales-apertura-trabajos-sinodo-sinodalidad\/"},"wordCount":354,"image":{"@id":"https:\/\/exaudi.org\/es\/consejo-cardenales-apertura-trabajos-sinodo-sinodalidad\/#primaryimage"},"thumbnailUrl":"https:\/\/exaudi.org\/wp-content\/uploads\/2021\/09\/Foto-1-1.jpg","keywords":["Consejo de Cardenales","papa francisco","Sinodalidad","S\u00ednodo de los obispos"],"articleSection":["Le\u00f3n XIV","S\u00ednodos","\u00daltimas noticias"],"inLanguage":"es"},{"@type":"WebPage","@id":"https:\/\/exaudi.org\/es\/consejo-cardenales-apertura-trabajos-sinodo-sinodalidad\/","url":"https:\/\/exaudi.org\/es\/consejo-cardenales-apertura-trabajos-sinodo-sinodalidad\/","name":"Consejo de cardenales: Apertura de trabajos del S\u00ednodo sobre sinodalidad &#8211; Exaudi","isPartOf":{"@id":"https:\/\/exaudi.org\/#website"},"primaryImageOfPage":{"@id":"https:\/\/exaudi.org\/es\/consejo-cardenales-apertura-trabajos-sinodo-sinodalidad\/#primaryimage"},"image":{"@id":"https:\/\/exaudi.org\/es\/consejo-cardenales-apertura-trabajos-sinodo-sinodalidad\/#primaryimage"},"thumbnailUrl":"https:\/\/exaudi.org\/wp-content\/uploads\/2021\/09\/Foto-1-1.jpg","datePublished":"2021-09-22T13:13:08+00:00","dateModified":"2021-09-23T16:36:12+00:00","author":{"@id":"https:\/\/exaudi.org\/#\/schema\/person\/7d2f77db033c2c0929edfab6dbe8c588"},"description":"El Consejo de Cardenales se reuni\u00f3 ayer y el Papa \u201chabl\u00f3 sobre la apertura de los trabajos del pr\u00f3ximo S\u00ednodo sobre la sinodalidad\u201d","breadcrumb":{"@id":"https:\/\/exaudi.org\/es\/consejo-cardenales-apertura-trabajos-sinodo-sinodalidad\/#breadcrumb"},"inLanguage":"es","potentialAction":[{"@type":"ReadAction","target":["https:\/\/exaudi.org\/es\/consejo-cardenales-apertura-trabajos-sinodo-sinodalidad\/"]}]},{"@type":"ImageObject","inLanguage":"es","@id":"https:\/\/exaudi.org\/es\/consejo-cardenales-apertura-trabajos-sinodo-sinodalidad\/#primaryimage","url":"https:\/\/exaudi.org\/wp-content\/uploads\/2021\/09\/Foto-1-1.jpg","contentUrl":"https:\/\/exaudi.org\/wp-content\/uploads\/2021\/09\/Foto-1-1.jpg","width":2048,"height":1536,"caption":"Consejo de Cardenales, 21 septiembre 2021 \u00a9 Dicastero per la Comunicazione"},{"@type":"BreadcrumbList","@id":"https:\/\/exaudi.org\/es\/consejo-cardenales-apertura-trabajos-sinodo-sinodalidad\/#breadcrumb","itemListElement":[{"@type":"ListItem","position":1,"name":"Portada","item":"https:\/\/exaudi.org\/es\/"},{"@type":"ListItem","position":2,"name":"Consejo de cardenales: Apertura de trabajos del S\u00ednodo sobre sinodalidad"}]},{"@type":"WebSite","@id":"https:\/\/exaudi.org\/#website","url":"https:\/\/exaudi.org\/","name":"Exaudi","description":"News","potentialAction":[{"@type":"SearchAction","target":{"@type":"EntryPoint","urlTemplate":"https:\/\/exaudi.org\/?s={search_term_string}"},"query-input":{"@type":"PropertyValueSpecification","valueRequired":true,"valueName":"search_term_string"}}],"inLanguage":"es"},{"@type":"Person","@id":"https:\/\/exaudi.org\/#\/schema\/person\/7d2f77db033c2c0929edfab6dbe8c588","name":"Larissa I. L\u00f3pez","image":{"@type":"ImageObject","inLanguage":"es","@id":"https:\/\/secure.gravatar.com\/avatar\/db3ef399ff343d0bb9d25dc5198bc8ece5ac6d621eca79876697a354dabc1e3f?s=96&d=mm&r=g","url":"https:\/\/secure.gravatar.com\/avatar\/db3ef399ff343d0bb9d25dc5198bc8ece5ac6d621eca79876697a354dabc1e3f?s=96&d=mm&r=g","contentUrl":"https:\/\/secure.gravatar.com\/avatar\/db3ef399ff343d0bb9d25dc5198bc8ece5ac6d621eca79876697a354dabc1e3f?s=96&d=mm&r=g","caption":"Larissa I. L\u00f3pez"},"description":"Doctora en Comunicaci\u00f3n. Mi trayectoria profesional ha transcurrido entre el \u00e1mbito de la comunicaci\u00f3n y el de la docencia. En los \u00faltimos a\u00f1os, he trabajado como coordinadora y redactora de la edici\u00f3n de ZENIT en espa\u00f1ol. Como profesora, he impartido clases en la universidad y en centros de FP y bachillerato. Cordobesa de nacimiento, tambi\u00e9n he vivido en Sevilla, Madrid y Roma","url":"https:\/\/exaudi.org\/es\/author\/llopezexaudi-org\/"}]}},"jetpack_featured_media_url":"https:\/\/exaudi.org\/wp-content\/uploads\/2021\/09\/Foto-1-1.jpg","jetpack_shortlink":"https:\/\/wp.me\/pgKjF2-8VZ","_links":{"self":[{"href":"https:\/\/exaudi.org\/es\/wp-json\/wp\/v2\/posts\/34347","targetHints":{"allow":["GET"]}}],"collection":[{"href":"https:\/\/exaudi.org\/es\/wp-json\/wp\/v2\/posts"}],"about":[{"href":"https:\/\/exaudi.org\/es\/wp-json\/wp\/v2\/types\/post"}],"author":[{"embeddable":true,"href":"https:\/\/exaudi.org\/es\/wp-json\/wp\/v2\/users\/5"}],"replies":[{"embeddable":true,"href":"https:\/\/exaudi.org\/es\/wp-json\/wp\/v2\/comments?post=34347"}],"version-history":[{"count":0,"href":"https:\/\/exaudi.org\/es\/wp-json\/wp\/v2\/posts\/34347\/revisions"}],"wp:featuredmedia":[{"embeddable":true,"href":"https:\/\/exaudi.org\/es\/wp-json\/wp\/v2\/media\/34351"}],"wp:attachment":[{"href":"https:\/\/exaudi.org\/es\/wp-json\/wp\/v2\/media?parent=34347"}],"wp:term":[{"taxonomy":"category","embeddable":true,"href":"https:\/\/exaudi.org\/es\/wp-json\/wp\/v2\/categories?post=34347"},{"taxonomy":"post_tag","embeddable":true,"href":"https:\/\/exaudi.org\/es\/wp-json\/wp\/v2\/tags?post=34347"}],"curies":[{"name":"wp","href":"https:\/\/api.w.org\/{rel}","templated":true}]}}