{"id":3421,"date":"2021-03-06T08:00:06","date_gmt":"2021-03-06T08:00:06","guid":{"rendered":"https:\/\/exaudi.org\/?p=3421"},"modified":"2021-03-05T08:44:41","modified_gmt":"2021-03-05T08:44:41","slug":"iii-domingo-cuaresma-comentario-padre-jorge-miro-2021","status":"publish","type":"post","link":"https:\/\/exaudi.org\/es\/iii-domingo-cuaresma-comentario-padre-jorge-miro-2021\/","title":{"rendered":"III Domingo de Cuaresma: Comentario del padre Jorge Mir\u00f3"},"content":{"rendered":"<p><a href=\"https:\/\/exaudi.org\/es\/author\/jorgemiro\/\" target=\"_blank\" rel=\"noopener\">El Padre Jorge Mir\u00f3<\/a> comparte con los lectores de Exaudi su comentario sobre el Evangelio del pr\u00f3ximo 7 de marzo de 2021, <a href=\"https:\/\/www.dominicos.org\/predicacion\/homilia\/7-3-2021\/\" target=\"_blank\" rel=\"noopener noreferrer\">tercer Domingo de Cuaresma<\/a>.<\/p>\n<p>***<\/p>\n<p><span style=\"font-weight: 400\">Ex 20, 1-17.\u00a0 La ley fue dada por Mois\u00e9s.<\/span><\/p>\n<p><span style=\"font-weight: 400\">Sal 18, 8-11.\u00a0 Se\u00f1or, t\u00fa tienes palabras de vida eterna.<\/span><\/p>\n<p><span style=\"font-weight: 400\">1 Cor 1, 22-25.\u00a0 Predicamos a Cristo crucificado.<\/span><\/p>\n<p><span style=\"font-weight: 400\">Jn 2, 13-25.\u00a0 Destruid este templo y en tres d\u00edas lo levantar\u00e9.<\/span><\/p>\n<p>La fe no es una teor\u00eda que se aprende, sino una vida que se disfruta. Es haber descubierto que Dios te ama \u2013te ha creado por amor\u2013, y te llama a vivir una vida de amistad, de intimidad, de comuni\u00f3n con \u00e9l: una historia de amor y de salvaci\u00f3n. Y te llama a vivir la fe no de una manera solitaria, sino en su pueblo, que es la Iglesia. Te invita a caminar con este pueblo, con los hermanos concretos que el Se\u00f1or te ha regalado, como un don, como una ayuda preciosa. Dios no te ha creado para la soledad, sino para la relaci\u00f3n, la comuni\u00f3n y la donaci\u00f3n.<\/p>\n<p>La primera lectura te recuerda que el Se\u00f1or es el \u00fanico Dios, que act\u00faa en la historia, en tu historia; te recuerda que s\u00f3lo \u00c9l puede darte la vida en plenitud. Por eso el Se\u00f1or te invita a no caer en la trampa de la idolatr\u00eda, que es pedirle la vida a quien no te la puede dar: al dinero, al poder, al \u00e9xito, a la comodidad, a\u2026 \u00bfA qui\u00e9n le est\u00e1s pidiendo hoy la vida?<\/p>\n<p>\u00a1Cu\u00e1ntas veces hemos experimentado esto! Hemos buscado la vida en los \u00eddolos y nos hemos encontrado con el vac\u00edo, con la insatisfacci\u00f3n. Porque Dios te ha creado con un coraz\u00f3n tan grande, que s\u00f3lo \u00c9l puede llenarlo.<\/p>\n<p>Y Adem\u00e1s, Dios, que nos ama, para ayudarnos a vivir nos da el regalo, de los Diez Mandamientos, que tendr\u00e1n su plenitud en el Serm\u00f3n de la Monta\u00f1a. Con los Mandamientos Dios no quiere oprimirte ni fastidiarte. Todo lo contrario: los Mandamientos son el camino de la verdadera libertad: la ley del Se\u00f1or es perfecta y es descanso del alma, los mandamientos del Se\u00f1or son verdaderos y enteramente justos. Dios te ama y quiere que seas feliz, y \u00a1\u00e9ste es el camino de la felicidad!<\/p>\n<p>Y esta es la verdadera sabidur\u00eda, de la que nos habla San Pablo. Esta es la verdad que nos hace aut\u00e9nticamente libres.<\/p>\n<p>Con la expulsi\u00f3n de los mercaderes del Templo, Jes\u00fas est\u00e1 se\u00f1alando que comienza un tiempo nuevo, anuncia que \u00c9l \u00a1es el Se\u00f1or! Jes\u00fas es el nuevo templo, el lugar el encuentro entre el hombre y Dios.<\/p>\n<p>Jesucristo est\u00e1 anunciando que termina la antigua Alianza, para dar paso a la nueva y eterna Alianza: crucificado y resucitado de entre los muertos, sentado a la derecha del Padre, ha sido constituido Sumo Sacerdote, que intercede por nosotros eternamente (cf. Catecismo 1137, 1348).<\/p>\n<p>Esta Palabra nos llama a una conversi\u00f3n muy profunda.<\/p>\n<p>Nos llama a vivir con un coraz\u00f3n nuevo, a nacer de nuevo, de agua y de Esp\u00edritu (cf. Jn 3, 5), a adorar a Dios, en esp\u00edritu y verdad (cf. Jn 4, 24).<\/p>\n<p>La verdadera conversi\u00f3n no es una \u201ccirug\u00eda est\u00e9tica\u201d, que s\u00f3lo cambia las apariencias; sino un verdadero \u201ctrasplante\u201d de coraz\u00f3n, que har\u00e1 el Esp\u00edritu Santo, si t\u00fa le dejas.<\/p>\n<p>Un coraz\u00f3n nuevo, que pueda vivir en la voluntad del Se\u00f1or, que es pura y eternamente estable.<\/p>\n<p>Un coraz\u00f3n nuevo, que no necesite ni los signos que buscan los jud\u00edos, ni la sabidur\u00eda de los griegos, sino que descanse en Jesucristo, que es fuerza de Dios y sabidur\u00eda de Dios.<\/p>\n<p>Un coraz\u00f3n nuevo, que viva con la pasi\u00f3n del enamorado, proclamando con la palabra y con la vida que Jesucristo vive y es el Se\u00f1or, \u00a1el \u00fanico Se\u00f1or!<\/p>\n<p>Un coraz\u00f3n nuevo, que pueda dar fe de que tanto am\u00f3 Dios al mundo que entreg\u00f3 a su Hijo \u00fanico y que todo el que cree en \u00e9l tiene vida eterna.<\/p>\n<p>\u00a1D\u00e9jate amar por Dios y responde a su amor!: tu vida cambiar\u00e1. Si crees, tambi\u00e9n t\u00fa tendr\u00e1s vida eterna.<\/p>\n<p>\u00a1Ven Esp\u00edritu Santo! (cf. Lc 11, 13).<\/p>\n<p>\u00a1Feliz Domingo! \u00a1Feliz Eucarist\u00eda!<\/p>\n","protected":false},"excerpt":{"rendered":"<p>La fe no se aprende<\/p>\n","protected":false},"author":6,"featured_media":3426,"comment_status":"closed","ping_status":"closed","sticky":false,"template":"","format":"standard","meta":{"_acf_changed":false,"_crdt_document":"","inline_featured_image":false,"footnotes":""},"categories":[96],"tags":[504,368,505,369],"class_list":["post-3421","post","type-post","status-publish","format-standard","has-post-thumbnail","hentry","category-espiritualidad","tag-7-de-marzo-de-2021","tag-comentario-del-evangelio","tag-iii-domingo-de-cuaresma-2021","tag-padre-jorge-miro"],"acf":[],"yoast_head":"<!-- This site is optimized with the Yoast SEO plugin v27.5 - https:\/\/yoast.com\/product\/yoast-seo-wordpress\/ -->\n<title>III Domingo de Cuaresma: Comentario del padre Jorge Mir\u00f3 - Exaudi<\/title>\n<meta name=\"description\" content=\"El padre Jorge Mir\u00f3 comparte con los lectores de Exaudi el comentario del Evangelio del 7 de marzo de 2021, tercer domingo de Cuaresma.\" \/>\n<meta name=\"robots\" content=\"index, follow, max-snippet:-1, max-image-preview:large, max-video-preview:-1\" \/>\n<link rel=\"canonical\" href=\"https:\/\/exaudi.org\/es\/iii-domingo-cuaresma-comentario-padre-jorge-miro-2021\/\" \/>\n<meta property=\"og:locale\" content=\"es_ES\" \/>\n<meta property=\"og:type\" content=\"article\" \/>\n<meta property=\"og:title\" content=\"III Domingo de Cuaresma: Comentario del padre Jorge Mir\u00f3 - Exaudi\" \/>\n<meta property=\"og:description\" content=\"El padre Jorge Mir\u00f3 comparte con los lectores de Exaudi el comentario del Evangelio del 7 de marzo de 2021, tercer domingo de Cuaresma.\" \/>\n<meta property=\"og:url\" content=\"https:\/\/exaudi.org\/es\/iii-domingo-cuaresma-comentario-padre-jorge-miro-2021\/\" \/>\n<meta property=\"og:site_name\" content=\"Exaudi\" \/>\n<meta property=\"article:publisher\" content=\"https:\/\/www.facebook.com\/ExaudiNews\" \/>\n<meta property=\"article:published_time\" content=\"2021-03-06T08:00:06+00:00\" \/>\n<meta property=\"og:image\" content=\"https:\/\/exaudi.org\/wp-content\/uploads\/2021\/03\/cathopic_1487702528643356.jpg\" \/>\n\t<meta property=\"og:image:width\" content=\"2000\" \/>\n\t<meta property=\"og:image:height\" content=\"1333\" \/>\n\t<meta property=\"og:image:type\" content=\"image\/jpeg\" \/>\n<meta name=\"author\" content=\"Gabriel Sales\" \/>\n<meta name=\"twitter:card\" content=\"summary_large_image\" \/>\n<meta name=\"twitter:creator\" content=\"@habemusman\" \/>\n<meta name=\"twitter:site\" content=\"@Exaudi_News\" \/>\n<meta name=\"twitter:label1\" content=\"Escrito por\" \/>\n\t<meta name=\"twitter:data1\" content=\"Gabriel Sales\" \/>\n\t<meta name=\"twitter:label2\" content=\"Tiempo de lectura\" \/>\n\t<meta name=\"twitter:data2\" content=\"4 minutos\" \/>\n<script type=\"application\/ld+json\" class=\"yoast-schema-graph\">{\"@context\":\"https:\\\/\\\/schema.org\",\"@graph\":[{\"@type\":\"Article\",\"@id\":\"https:\\\/\\\/exaudi.org\\\/es\\\/iii-domingo-cuaresma-comentario-padre-jorge-miro-2021\\\/#article\",\"isPartOf\":{\"@id\":\"https:\\\/\\\/exaudi.org\\\/es\\\/iii-domingo-cuaresma-comentario-padre-jorge-miro-2021\\\/\"},\"author\":{\"name\":\"Gabriel Sales\",\"@id\":\"https:\\\/\\\/exaudi.org\\\/#\\\/schema\\\/person\\\/d134b96438278131ce90c90c03fda6cd\"},\"headline\":\"III Domingo de Cuaresma: Comentario del padre Jorge Mir\u00f3\",\"datePublished\":\"2021-03-06T08:00:06+00:00\",\"mainEntityOfPage\":{\"@id\":\"https:\\\/\\\/exaudi.org\\\/es\\\/iii-domingo-cuaresma-comentario-padre-jorge-miro-2021\\\/\"},\"wordCount\":740,\"image\":{\"@id\":\"https:\\\/\\\/exaudi.org\\\/es\\\/iii-domingo-cuaresma-comentario-padre-jorge-miro-2021\\\/#primaryimage\"},\"thumbnailUrl\":\"https:\\\/\\\/exaudi.org\\\/wp-content\\\/uploads\\\/2021\\\/03\\\/cathopic_1487702528643356.jpg\",\"keywords\":[\"7 de marzo de 2021\",\"Comentario del Evangelio\",\"III Domingo de Cuaresma 2021\",\"Padre Jorge Mir\u00f3\"],\"articleSection\":[\"Espiritualidad\"],\"inLanguage\":\"es\"},{\"@type\":\"WebPage\",\"@id\":\"https:\\\/\\\/exaudi.org\\\/es\\\/iii-domingo-cuaresma-comentario-padre-jorge-miro-2021\\\/\",\"url\":\"https:\\\/\\\/exaudi.org\\\/es\\\/iii-domingo-cuaresma-comentario-padre-jorge-miro-2021\\\/\",\"name\":\"III Domingo de Cuaresma: Comentario del padre Jorge Mir\u00f3 - Exaudi\",\"isPartOf\":{\"@id\":\"https:\\\/\\\/exaudi.org\\\/#website\"},\"primaryImageOfPage\":{\"@id\":\"https:\\\/\\\/exaudi.org\\\/es\\\/iii-domingo-cuaresma-comentario-padre-jorge-miro-2021\\\/#primaryimage\"},\"image\":{\"@id\":\"https:\\\/\\\/exaudi.org\\\/es\\\/iii-domingo-cuaresma-comentario-padre-jorge-miro-2021\\\/#primaryimage\"},\"thumbnailUrl\":\"https:\\\/\\\/exaudi.org\\\/wp-content\\\/uploads\\\/2021\\\/03\\\/cathopic_1487702528643356.jpg\",\"datePublished\":\"2021-03-06T08:00:06+00:00\",\"author\":{\"@id\":\"https:\\\/\\\/exaudi.org\\\/#\\\/schema\\\/person\\\/d134b96438278131ce90c90c03fda6cd\"},\"description\":\"El padre Jorge Mir\u00f3 comparte con los lectores de Exaudi el comentario del Evangelio del 7 de marzo de 2021, tercer domingo de Cuaresma.\",\"breadcrumb\":{\"@id\":\"https:\\\/\\\/exaudi.org\\\/es\\\/iii-domingo-cuaresma-comentario-padre-jorge-miro-2021\\\/#breadcrumb\"},\"inLanguage\":\"es\",\"potentialAction\":[{\"@type\":\"ReadAction\",\"target\":[\"https:\\\/\\\/exaudi.org\\\/es\\\/iii-domingo-cuaresma-comentario-padre-jorge-miro-2021\\\/\"]}]},{\"@type\":\"ImageObject\",\"inLanguage\":\"es\",\"@id\":\"https:\\\/\\\/exaudi.org\\\/es\\\/iii-domingo-cuaresma-comentario-padre-jorge-miro-2021\\\/#primaryimage\",\"url\":\"https:\\\/\\\/exaudi.org\\\/wp-content\\\/uploads\\\/2021\\\/03\\\/cathopic_1487702528643356.jpg\",\"contentUrl\":\"https:\\\/\\\/exaudi.org\\\/wp-content\\\/uploads\\\/2021\\\/03\\\/cathopic_1487702528643356.jpg\",\"width\":2000,\"height\":1333,\"caption\":\"Joven llevando la cruz junto a un sacerdote \u00a9 Cathopic. Exe Lobaiza\"},{\"@type\":\"BreadcrumbList\",\"@id\":\"https:\\\/\\\/exaudi.org\\\/es\\\/iii-domingo-cuaresma-comentario-padre-jorge-miro-2021\\\/#breadcrumb\",\"itemListElement\":[{\"@type\":\"ListItem\",\"position\":1,\"name\":\"Portada\",\"item\":\"https:\\\/\\\/exaudi.org\\\/es\\\/\"},{\"@type\":\"ListItem\",\"position\":2,\"name\":\"III Domingo de Cuaresma: Comentario del padre Jorge Mir\u00f3\"}]},{\"@type\":\"WebSite\",\"@id\":\"https:\\\/\\\/exaudi.org\\\/#website\",\"url\":\"https:\\\/\\\/exaudi.org\\\/\",\"name\":\"Exaudi\",\"description\":\"News\",\"potentialAction\":[{\"@type\":\"SearchAction\",\"target\":{\"@type\":\"EntryPoint\",\"urlTemplate\":\"https:\\\/\\\/exaudi.org\\\/?s={search_term_string}\"},\"query-input\":{\"@type\":\"PropertyValueSpecification\",\"valueRequired\":true,\"valueName\":\"search_term_string\"}}],\"inLanguage\":\"es\"},{\"@type\":\"Person\",\"@id\":\"https:\\\/\\\/exaudi.org\\\/#\\\/schema\\\/person\\\/d134b96438278131ce90c90c03fda6cd\",\"name\":\"Gabriel Sales\",\"image\":{\"@type\":\"ImageObject\",\"inLanguage\":\"es\",\"@id\":\"https:\\\/\\\/secure.gravatar.com\\\/avatar\\\/9b1269566f6a063ed26ffb3532b66a373cdde231ce5d0effb266167437fdaffd?s=96&d=mm&r=g\",\"url\":\"https:\\\/\\\/secure.gravatar.com\\\/avatar\\\/9b1269566f6a063ed26ffb3532b66a373cdde231ce5d0effb266167437fdaffd?s=96&d=mm&r=g\",\"contentUrl\":\"https:\\\/\\\/secure.gravatar.com\\\/avatar\\\/9b1269566f6a063ed26ffb3532b66a373cdde231ce5d0effb266167437fdaffd?s=96&d=mm&r=g\",\"caption\":\"Gabriel Sales\"},\"description\":\"Periodista y especialista en Comunicaci\u00f3n y Branding digital. Cin\u00e9filo y cr\u00edtico de cine y series de televisi\u00f3n.\",\"sameAs\":[\"https:\\\/\\\/www.instagram.com\\\/cine90segundos\\\/\",\"www.linkedin.com\\\/in\\\/habemusman\",\"https:\\\/\\\/x.com\\\/habemusman\",\"https:\\\/\\\/www.youtube.com\\\/channel\\\/UCVfCiOMkJ_C7T7OpyjuaLDg\"],\"url\":\"https:\\\/\\\/exaudi.org\\\/es\\\/author\\\/gsalesexaudi-org\\\/\"}]}<\/script>\n<!-- \/ Yoast SEO plugin. -->","yoast_head_json":{"title":"III Domingo de Cuaresma: Comentario del padre Jorge Mir\u00f3 - Exaudi","description":"El padre Jorge Mir\u00f3 comparte con los lectores de Exaudi el comentario del Evangelio del 7 de marzo de 2021, tercer domingo de Cuaresma.","robots":{"index":"index","follow":"follow","max-snippet":"max-snippet:-1","max-image-preview":"max-image-preview:large","max-video-preview":"max-video-preview:-1"},"canonical":"https:\/\/exaudi.org\/es\/iii-domingo-cuaresma-comentario-padre-jorge-miro-2021\/","og_locale":"es_ES","og_type":"article","og_title":"III Domingo de Cuaresma: Comentario del padre Jorge Mir\u00f3 - Exaudi","og_description":"El padre Jorge Mir\u00f3 comparte con los lectores de Exaudi el comentario del Evangelio del 7 de marzo de 2021, tercer domingo de Cuaresma.","og_url":"https:\/\/exaudi.org\/es\/iii-domingo-cuaresma-comentario-padre-jorge-miro-2021\/","og_site_name":"Exaudi","article_publisher":"https:\/\/www.facebook.com\/ExaudiNews","article_published_time":"2021-03-06T08:00:06+00:00","og_image":[{"width":2000,"height":1333,"url":"https:\/\/exaudi.org\/wp-content\/uploads\/2021\/03\/cathopic_1487702528643356.jpg","type":"image\/jpeg"}],"author":"Gabriel Sales","twitter_card":"summary_large_image","twitter_creator":"@habemusman","twitter_site":"@Exaudi_News","twitter_misc":{"Escrito por":"Gabriel Sales","Tiempo de lectura":"4 minutos"},"schema":{"@context":"https:\/\/schema.org","@graph":[{"@type":"Article","@id":"https:\/\/exaudi.org\/es\/iii-domingo-cuaresma-comentario-padre-jorge-miro-2021\/#article","isPartOf":{"@id":"https:\/\/exaudi.org\/es\/iii-domingo-cuaresma-comentario-padre-jorge-miro-2021\/"},"author":{"name":"Gabriel Sales","@id":"https:\/\/exaudi.org\/#\/schema\/person\/d134b96438278131ce90c90c03fda6cd"},"headline":"III Domingo de Cuaresma: Comentario del padre Jorge Mir\u00f3","datePublished":"2021-03-06T08:00:06+00:00","mainEntityOfPage":{"@id":"https:\/\/exaudi.org\/es\/iii-domingo-cuaresma-comentario-padre-jorge-miro-2021\/"},"wordCount":740,"image":{"@id":"https:\/\/exaudi.org\/es\/iii-domingo-cuaresma-comentario-padre-jorge-miro-2021\/#primaryimage"},"thumbnailUrl":"https:\/\/exaudi.org\/wp-content\/uploads\/2021\/03\/cathopic_1487702528643356.jpg","keywords":["7 de marzo de 2021","Comentario del Evangelio","III Domingo de Cuaresma 2021","Padre Jorge Mir\u00f3"],"articleSection":["Espiritualidad"],"inLanguage":"es"},{"@type":"WebPage","@id":"https:\/\/exaudi.org\/es\/iii-domingo-cuaresma-comentario-padre-jorge-miro-2021\/","url":"https:\/\/exaudi.org\/es\/iii-domingo-cuaresma-comentario-padre-jorge-miro-2021\/","name":"III Domingo de Cuaresma: Comentario del padre Jorge Mir\u00f3 - Exaudi","isPartOf":{"@id":"https:\/\/exaudi.org\/#website"},"primaryImageOfPage":{"@id":"https:\/\/exaudi.org\/es\/iii-domingo-cuaresma-comentario-padre-jorge-miro-2021\/#primaryimage"},"image":{"@id":"https:\/\/exaudi.org\/es\/iii-domingo-cuaresma-comentario-padre-jorge-miro-2021\/#primaryimage"},"thumbnailUrl":"https:\/\/exaudi.org\/wp-content\/uploads\/2021\/03\/cathopic_1487702528643356.jpg","datePublished":"2021-03-06T08:00:06+00:00","author":{"@id":"https:\/\/exaudi.org\/#\/schema\/person\/d134b96438278131ce90c90c03fda6cd"},"description":"El padre Jorge Mir\u00f3 comparte con los lectores de Exaudi el comentario del Evangelio del 7 de marzo de 2021, tercer domingo de Cuaresma.","breadcrumb":{"@id":"https:\/\/exaudi.org\/es\/iii-domingo-cuaresma-comentario-padre-jorge-miro-2021\/#breadcrumb"},"inLanguage":"es","potentialAction":[{"@type":"ReadAction","target":["https:\/\/exaudi.org\/es\/iii-domingo-cuaresma-comentario-padre-jorge-miro-2021\/"]}]},{"@type":"ImageObject","inLanguage":"es","@id":"https:\/\/exaudi.org\/es\/iii-domingo-cuaresma-comentario-padre-jorge-miro-2021\/#primaryimage","url":"https:\/\/exaudi.org\/wp-content\/uploads\/2021\/03\/cathopic_1487702528643356.jpg","contentUrl":"https:\/\/exaudi.org\/wp-content\/uploads\/2021\/03\/cathopic_1487702528643356.jpg","width":2000,"height":1333,"caption":"Joven llevando la cruz junto a un sacerdote \u00a9 Cathopic. Exe Lobaiza"},{"@type":"BreadcrumbList","@id":"https:\/\/exaudi.org\/es\/iii-domingo-cuaresma-comentario-padre-jorge-miro-2021\/#breadcrumb","itemListElement":[{"@type":"ListItem","position":1,"name":"Portada","item":"https:\/\/exaudi.org\/es\/"},{"@type":"ListItem","position":2,"name":"III Domingo de Cuaresma: Comentario del padre Jorge Mir\u00f3"}]},{"@type":"WebSite","@id":"https:\/\/exaudi.org\/#website","url":"https:\/\/exaudi.org\/","name":"Exaudi","description":"News","potentialAction":[{"@type":"SearchAction","target":{"@type":"EntryPoint","urlTemplate":"https:\/\/exaudi.org\/?s={search_term_string}"},"query-input":{"@type":"PropertyValueSpecification","valueRequired":true,"valueName":"search_term_string"}}],"inLanguage":"es"},{"@type":"Person","@id":"https:\/\/exaudi.org\/#\/schema\/person\/d134b96438278131ce90c90c03fda6cd","name":"Gabriel Sales","image":{"@type":"ImageObject","inLanguage":"es","@id":"https:\/\/secure.gravatar.com\/avatar\/9b1269566f6a063ed26ffb3532b66a373cdde231ce5d0effb266167437fdaffd?s=96&d=mm&r=g","url":"https:\/\/secure.gravatar.com\/avatar\/9b1269566f6a063ed26ffb3532b66a373cdde231ce5d0effb266167437fdaffd?s=96&d=mm&r=g","contentUrl":"https:\/\/secure.gravatar.com\/avatar\/9b1269566f6a063ed26ffb3532b66a373cdde231ce5d0effb266167437fdaffd?s=96&d=mm&r=g","caption":"Gabriel Sales"},"description":"Periodista y especialista en Comunicaci\u00f3n y Branding digital. Cin\u00e9filo y cr\u00edtico de cine y series de televisi\u00f3n.","sameAs":["https:\/\/www.instagram.com\/cine90segundos\/","www.linkedin.com\/in\/habemusman","https:\/\/x.com\/habemusman","https:\/\/www.youtube.com\/channel\/UCVfCiOMkJ_C7T7OpyjuaLDg"],"url":"https:\/\/exaudi.org\/es\/author\/gsalesexaudi-org\/"}]}},"jetpack_featured_media_url":"https:\/\/exaudi.org\/wp-content\/uploads\/2021\/03\/cathopic_1487702528643356.jpg","jetpack_shortlink":"https:\/\/wp.me\/pgKjF2-Tb","_links":{"self":[{"href":"https:\/\/exaudi.org\/es\/wp-json\/wp\/v2\/posts\/3421","targetHints":{"allow":["GET"]}}],"collection":[{"href":"https:\/\/exaudi.org\/es\/wp-json\/wp\/v2\/posts"}],"about":[{"href":"https:\/\/exaudi.org\/es\/wp-json\/wp\/v2\/types\/post"}],"author":[{"embeddable":true,"href":"https:\/\/exaudi.org\/es\/wp-json\/wp\/v2\/users\/6"}],"replies":[{"embeddable":true,"href":"https:\/\/exaudi.org\/es\/wp-json\/wp\/v2\/comments?post=3421"}],"version-history":[{"count":0,"href":"https:\/\/exaudi.org\/es\/wp-json\/wp\/v2\/posts\/3421\/revisions"}],"wp:featuredmedia":[{"embeddable":true,"href":"https:\/\/exaudi.org\/es\/wp-json\/wp\/v2\/media\/3426"}],"wp:attachment":[{"href":"https:\/\/exaudi.org\/es\/wp-json\/wp\/v2\/media?parent=3421"}],"wp:term":[{"taxonomy":"category","embeddable":true,"href":"https:\/\/exaudi.org\/es\/wp-json\/wp\/v2\/categories?post=3421"},{"taxonomy":"post_tag","embeddable":true,"href":"https:\/\/exaudi.org\/es\/wp-json\/wp\/v2\/tags?post=3421"}],"curies":[{"name":"wp","href":"https:\/\/api.w.org\/{rel}","templated":true}]}}