{"id":34151,"date":"2021-09-21T09:08:43","date_gmt":"2021-09-21T07:08:43","guid":{"rendered":"https:\/\/exaudi.wpengine.com\/?p=34151"},"modified":"2021-09-22T09:05:51","modified_gmt":"2021-09-22T07:05:51","slug":"muerte-de-abimael-guzman-lider-de-sendero-luminoso","status":"publish","type":"post","link":"https:\/\/exaudi.org\/es\/muerte-de-abimael-guzman-lider-de-sendero-luminoso\/","title":{"rendered":"Muerte de Abimael Guzman, l\u00edder de Sendero Luminoso"},"content":{"rendered":"<p>D. <a href=\"https:\/\/exaudi.wpengine.com\/es\/author\/antonioducay\/\" target=\"_blank\" rel=\"noopener\">Antonio Ducay,<\/a> sacerdote y escritor, ofrece esta reflexi\u00f3n sobre la reciente muerte de Abimael Guzm\u00e1n, l\u00edder del grupo terrorista Sendero Luminoso, en Per\u00fa.<\/p>\n<p>***<\/p>\n<p>Ten\u00eda 86 a\u00f1os y cumpl\u00eda su pena de cadena perpetua. Tiempo atr\u00e1s entr\u00f3 en una crisis de depresi\u00f3n y d\u00edas anteriores decidi\u00f3 no comer nada. No hab\u00eda manera de alimentarlo. \u201cQue pase lo que tiene que\u00a0 pasar\u201d, dec\u00eda. Su esposa, Elena Iparaguirre, tambi\u00e9n ideologizada con la violencia terrorista, estaba interna en una c\u00e1rcel de mujeres. Se sugiri\u00f3 que hablase por tel\u00e9fono con \u00e9l, o incluso que lo visitase. No lleg\u00f3 a realizarse ni la llamada ni la visita. Se le intern\u00f3 en un hospital y all\u00ed estuvo catorce d\u00edas, siendo atendido m\u00e9dicamente.\u00a0 Su salud estaba muy deteriorada desde mucho tiempo atr\u00e1s, en sus \u00e9pocas de actividad terrorista padec\u00eda de soriasis. Incluso esta enfermedad fue una de las pistas para detenerlo, porque la polic\u00eda examinaba las basuras de casas en las que sospechaban que pod\u00eda estar, hasta que en una de ellas encontraron medicinas para la soriasis.<\/p>\n<p>No ten\u00edan ninguna fotograf\u00eda de Abimael, no lo conoc\u00edan, de modo que pod\u00eda salir tranquilamente de su casa y desaparecer. La gran pista fue descubrir un personaje importante de su c\u00fapula y lo que hicieron fue no detenerlo y dejarlo que se moviese libremente. Lo segu\u00edan con grandes precauciones. Pronto lleg\u00f3 a la casa en que sospechaban que estaba Abimael. Ya ten\u00edan filmados a todos los que entraban y sal\u00edan de la casa. Sab\u00edan que detener solo al l\u00edder no significar\u00eda el fin de Sendero Luminoso, era necesario detener al mismo tiempo a toda la c\u00fapula. Esperaron varias semanas, hasta intervenir de modo simult\u00e1neo diez o doce domicilios, donde supon\u00edan que estaban los l\u00edderes. Y as\u00ed fue. La captura de todos ellos fue tan sorpresiva que no hubo resistencia.<\/p>\n<p>El plan de Sendero Luminoso era eliminar todo tipo de autoridad para imponer un nuevo orden. Fueron muchos miles los ejecutados por el simple hecho de ser autoridad. Fue frecuente que llegasen los terroristas a un peque\u00f1o pueblo de la sierra, encapuchados y silenciosos, con sus metralletas en las manos y sus bombas de mano al cinto, reunir en la plaza a la poblaci\u00f3n, colocar al alcalde al centro y eliminarlo. Enseguida llegaba el ej\u00e9rcito, interrogaba a los pobladores y \u00e9stos callaban, porque sab\u00edan que los \u201csoplones\u201d eran tambi\u00e9n ejecutados.<\/p>\n<p>Como no quiero alargar este art\u00edculo contar\u00e9 solo dos experiencias personales. Me relat\u00f3 un seminarista de Abancay, di\u00f3cesis de los Andes peruanos, una de las que m\u00e1s sufri\u00f3 la violencia terrorista, que acompa\u00f1ando a un sacerdote a uno de los pueblos, precisamente era el suyo, cuando estaban en la misa, lleg\u00f3 una patrulla senderista. En ese momento \u00e9l estaba en el atrio. Los vio llegar, uno de los encapuchados se dirigi\u00f3 a \u00e9l y lo llam\u00f3 por su nombre. Por la voz, aunque la disimulaba, le preci\u00f3 reconocer a un compa\u00f1ero de colegio. Le dijo que a \u00e9l no le iba a hacer da\u00f1o. Que solo quer\u00eda medicinas de C\u00e1ritas para un camarada herido. El seminarista le dijo que hablar\u00eda con el sacerdote al acabar la misa. Al acabar, la gente sali\u00f3 de la iglesia, vio a los terroristas \u00a0y se dirigieron r\u00e1pidamente a sus casas. El pueblo qued\u00f3 desierto. Cuando sali\u00f3 el sacerdote, el seminarista le habl\u00f3, con el terrorista a su lado. Se ve que ten\u00eda experiencia de sucesos parecidos porque el sacerdote no se asust\u00f3. Le dijo que pod\u00eda ir a recoger las medicinas a su parroquia, que pod\u00eda ir encapuchado y que all\u00ed conversar\u00edan. Nunca fue. La patrulla se retir\u00f3 del pueblo.<\/p>\n<p>El otro suceso me lo cont\u00f3 personalmente el obispo. La violencia de Sendero comenz\u00f3 en 1982 y termin\u00f3 con la captura del l\u00edder y la c\u00fapula, en 1992. Cuando comenz\u00f3, se reuni\u00f3 con los sacerdotes y las religiosas y pensaron bien qu\u00e9 hacer. Al principio estaban muy confundidos, luego decidieron seguir como siempre, con sus viajes y atenci\u00f3n humana y pastoral, porque m\u00e1s que nunca los pobladores los iban a necesitar. Las religiosas se mostraron muy valientes y dispuestas a seguir con los viajes. Sab\u00edan que se la jugaban. Tambi\u00e9n los terroristas sab\u00edan que los sacerdotes y las religiosas eran muy queridos por toda la poblaci\u00f3n. El hecho es que los respetaron. Me cont\u00f3 el obispo que un d\u00eda abri\u00f3 una carta y encontr\u00f3 una misiva terrorista. Le exig\u00edan que entregase su camioneta, la \u00fanica que ten\u00eda la di\u00f3cesis, en un determinado lugar y d\u00eda y hora se\u00f1alado. Que si no lo hac\u00eda, \u201csab\u00eda cual era su fin\u201d. Lo pens\u00f3 bien. Hab\u00eda dicho a los sacerdotes y las religiosas que no pod\u00edan manifestar debilidad o miedo. Decidi\u00f3 guardar la carta en su caja fuerte, que estaba vac\u00eda. No dijo nada a nadie. No entreg\u00f3 la camioneta. Sigui\u00f3 mostr\u00e1ndose como siempre. Aunque, como es natural, \u201cyo me mor\u00eda de miedo\u201d, me dijo. No le pas\u00f3 nada.<\/p>\n<p>Termino diciendo que, al enterarme de la noticia, lo primero que hice fue rezar por \u00e9l y por todos los que mueren en sus circunstancias, aunque no sean noticia. Pens\u00e9 en su alma. Los diarios en primera p\u00e1gina recuerdan los miles de cr\u00edmenes y asesinatos. Es cierto que fue as\u00ed. Los muertos necesitan oraciones y piden respeto. Solo Dios sabe lo que hubo en su esp\u00edritu en los \u00faltimos momentos. El <a href=\"https:\/\/twitter.com\/Pontifex_es\" target=\"_blank\" rel=\"noopener\">Papa Francisco<\/a> nos ha ayudado mucho a descubrir la misericordia de Dios. Hay que agradec\u00e9rselo. Es una realidad que nuestro Padre Dios es Omnipotente, Justo y Misericordioso. La Justicia y la Misericordia no se contraponen. El pensamiento de ambas nos ayuda mucho en la vida.<\/p>\n","protected":false},"excerpt":{"rendered":"<p>La Justicia y la Misericordia no se contraponen<\/p>\n","protected":false},"author":47,"featured_media":34152,"comment_status":"open","ping_status":"open","sticky":false,"template":"","format":"standard","meta":{"_acf_changed":false,"_crdt_document":"","inline_featured_image":false,"footnotes":""},"categories":[130,130,130,130],"tags":[4210,3997,3592,4211],"class_list":{"0":"post-34151","1":"post","2":"type-post","3":"status-publish","4":"format-standard","5":"has-post-thumbnail","6":"hentry","7":"category-voces","11":"tag-abimael-guzman","12":"tag-justicia","13":"tag-misericordia-es","14":"tag-sendero-luminoso"},"acf":[],"yoast_head":"<!-- This site is optimized with the Yoast SEO plugin v27.5 - https:\/\/yoast.com\/product\/yoast-seo-wordpress\/ -->\n<title>Muerte de Abimael Guzman, l\u00edder de Sendero Luminoso &#8211; Exaudi<\/title>\n<meta name=\"description\" content=\"D. Antonio Ducay ofrece esta reflexi\u00f3n sobre la reciente muerte de Abimael Guzm\u00e1n, l\u00edder del grupo terrorista Sendero Luminoso, en Per\u00fa.\" \/>\n<meta name=\"robots\" content=\"index, follow, max-snippet:-1, max-image-preview:large, max-video-preview:-1\" \/>\n<link rel=\"canonical\" href=\"https:\/\/exaudi.org\/es\/muerte-de-abimael-guzman-lider-de-sendero-luminoso\/\" \/>\n<meta property=\"og:locale\" content=\"es_ES\" \/>\n<meta property=\"og:type\" content=\"article\" \/>\n<meta property=\"og:title\" content=\"Muerte de Abimael Guzman, l\u00edder de Sendero Luminoso &#8211; Exaudi\" \/>\n<meta property=\"og:description\" content=\"D. Antonio Ducay ofrece esta reflexi\u00f3n sobre la reciente muerte de Abimael Guzm\u00e1n, l\u00edder del grupo terrorista Sendero Luminoso, en Per\u00fa.\" \/>\n<meta property=\"og:url\" content=\"https:\/\/exaudi.org\/es\/muerte-de-abimael-guzman-lider-de-sendero-luminoso\/\" \/>\n<meta property=\"og:site_name\" content=\"Exaudi\" \/>\n<meta property=\"article:publisher\" content=\"https:\/\/www.facebook.com\/ExaudiNews\" \/>\n<meta property=\"article:published_time\" content=\"2021-09-21T07:08:43+00:00\" \/>\n<meta property=\"article:modified_time\" content=\"2021-09-22T07:05:51+00:00\" \/>\n<meta property=\"og:image\" content=\"https:\/\/exaudi.org\/wp-content\/uploads\/2021\/09\/Lima-Peru-Pexels-e1632208022156.jpeg\" \/>\n\t<meta property=\"og:image:width\" content=\"867\" \/>\n\t<meta property=\"og:image:height\" content=\"692\" \/>\n\t<meta property=\"og:image:type\" content=\"image\/jpeg\" \/>\n<meta name=\"author\" content=\"Antonio Ducay\" \/>\n<meta name=\"twitter:card\" content=\"summary_large_image\" \/>\n<meta name=\"twitter:creator\" content=\"@Exaudi_News\" \/>\n<meta name=\"twitter:site\" content=\"@Exaudi_News\" \/>\n<meta name=\"twitter:label1\" content=\"Escrito por\" \/>\n\t<meta name=\"twitter:data1\" content=\"Antonio Ducay\" \/>\n\t<meta name=\"twitter:label2\" content=\"Tiempo de lectura\" \/>\n\t<meta name=\"twitter:data2\" content=\"5 minutos\" \/>\n<script type=\"application\/ld+json\" class=\"yoast-schema-graph\">{\"@context\":\"https:\\\/\\\/schema.org\",\"@graph\":[{\"@type\":\"Article\",\"@id\":\"https:\\\/\\\/exaudi.org\\\/es\\\/muerte-de-abimael-guzman-lider-de-sendero-luminoso\\\/#article\",\"isPartOf\":{\"@id\":\"https:\\\/\\\/exaudi.org\\\/es\\\/muerte-de-abimael-guzman-lider-de-sendero-luminoso\\\/\"},\"author\":{\"name\":\"Antonio Ducay\",\"@id\":\"https:\\\/\\\/exaudi.org\\\/#\\\/schema\\\/person\\\/d1c9a5b7d06be4ef705bfe1f87332917\"},\"headline\":\"Muerte de Abimael Guzman, l\u00edder de Sendero Luminoso\",\"datePublished\":\"2021-09-21T07:08:43+00:00\",\"dateModified\":\"2021-09-22T07:05:51+00:00\",\"mainEntityOfPage\":{\"@id\":\"https:\\\/\\\/exaudi.org\\\/es\\\/muerte-de-abimael-guzman-lider-de-sendero-luminoso\\\/\"},\"wordCount\":1011,\"commentCount\":0,\"image\":{\"@id\":\"https:\\\/\\\/exaudi.org\\\/es\\\/muerte-de-abimael-guzman-lider-de-sendero-luminoso\\\/#primaryimage\"},\"thumbnailUrl\":\"https:\\\/\\\/exaudi.org\\\/wp-content\\\/uploads\\\/2021\\\/09\\\/Lima-Peru-Pexels-e1632208022156.jpeg\",\"keywords\":[\"Abimael Guzm\u00e1n\",\"Justicia\",\"misericordia\",\"Sendero Luminoso\"],\"articleSection\":[\"Voces\",\"Voces\",\"Voces\",\"Voces\"],\"inLanguage\":\"es\",\"potentialAction\":[{\"@type\":\"CommentAction\",\"name\":\"Comment\",\"target\":[\"https:\\\/\\\/exaudi.org\\\/es\\\/muerte-de-abimael-guzman-lider-de-sendero-luminoso\\\/#respond\"]}]},{\"@type\":\"WebPage\",\"@id\":\"https:\\\/\\\/exaudi.org\\\/es\\\/muerte-de-abimael-guzman-lider-de-sendero-luminoso\\\/\",\"url\":\"https:\\\/\\\/exaudi.org\\\/es\\\/muerte-de-abimael-guzman-lider-de-sendero-luminoso\\\/\",\"name\":\"Muerte de Abimael Guzman, l\u00edder de Sendero Luminoso &#8211; Exaudi\",\"isPartOf\":{\"@id\":\"https:\\\/\\\/exaudi.org\\\/#website\"},\"primaryImageOfPage\":{\"@id\":\"https:\\\/\\\/exaudi.org\\\/es\\\/muerte-de-abimael-guzman-lider-de-sendero-luminoso\\\/#primaryimage\"},\"image\":{\"@id\":\"https:\\\/\\\/exaudi.org\\\/es\\\/muerte-de-abimael-guzman-lider-de-sendero-luminoso\\\/#primaryimage\"},\"thumbnailUrl\":\"https:\\\/\\\/exaudi.org\\\/wp-content\\\/uploads\\\/2021\\\/09\\\/Lima-Peru-Pexels-e1632208022156.jpeg\",\"datePublished\":\"2021-09-21T07:08:43+00:00\",\"dateModified\":\"2021-09-22T07:05:51+00:00\",\"author\":{\"@id\":\"https:\\\/\\\/exaudi.org\\\/#\\\/schema\\\/person\\\/d1c9a5b7d06be4ef705bfe1f87332917\"},\"description\":\"D. Antonio Ducay ofrece esta reflexi\u00f3n sobre la reciente muerte de Abimael Guzm\u00e1n, l\u00edder del grupo terrorista Sendero Luminoso, en Per\u00fa.\",\"breadcrumb\":{\"@id\":\"https:\\\/\\\/exaudi.org\\\/es\\\/muerte-de-abimael-guzman-lider-de-sendero-luminoso\\\/#breadcrumb\"},\"inLanguage\":\"es\",\"potentialAction\":[{\"@type\":\"ReadAction\",\"target\":[\"https:\\\/\\\/exaudi.org\\\/es\\\/muerte-de-abimael-guzman-lider-de-sendero-luminoso\\\/\"]}]},{\"@type\":\"ImageObject\",\"inLanguage\":\"es\",\"@id\":\"https:\\\/\\\/exaudi.org\\\/es\\\/muerte-de-abimael-guzman-lider-de-sendero-luminoso\\\/#primaryimage\",\"url\":\"https:\\\/\\\/exaudi.org\\\/wp-content\\\/uploads\\\/2021\\\/09\\\/Lima-Peru-Pexels-e1632208022156.jpeg\",\"contentUrl\":\"https:\\\/\\\/exaudi.org\\\/wp-content\\\/uploads\\\/2021\\\/09\\\/Lima-Peru-Pexels-e1632208022156.jpeg\",\"width\":867,\"height\":692,\"caption\":\"Lima, Per\u00fa \u00a9 Pexels. Clive Kim\"},{\"@type\":\"BreadcrumbList\",\"@id\":\"https:\\\/\\\/exaudi.org\\\/es\\\/muerte-de-abimael-guzman-lider-de-sendero-luminoso\\\/#breadcrumb\",\"itemListElement\":[{\"@type\":\"ListItem\",\"position\":1,\"name\":\"Portada\",\"item\":\"https:\\\/\\\/exaudi.org\\\/es\\\/\"},{\"@type\":\"ListItem\",\"position\":2,\"name\":\"Muerte de Abimael Guzman, l\u00edder de Sendero Luminoso\"}]},{\"@type\":\"WebSite\",\"@id\":\"https:\\\/\\\/exaudi.org\\\/#website\",\"url\":\"https:\\\/\\\/exaudi.org\\\/\",\"name\":\"Exaudi\",\"description\":\"News\",\"potentialAction\":[{\"@type\":\"SearchAction\",\"target\":{\"@type\":\"EntryPoint\",\"urlTemplate\":\"https:\\\/\\\/exaudi.org\\\/?s={search_term_string}\"},\"query-input\":{\"@type\":\"PropertyValueSpecification\",\"valueRequired\":true,\"valueName\":\"search_term_string\"}}],\"inLanguage\":\"es\"},{\"@type\":\"Person\",\"@id\":\"https:\\\/\\\/exaudi.org\\\/#\\\/schema\\\/person\\\/d1c9a5b7d06be4ef705bfe1f87332917\",\"name\":\"Antonio Ducay\",\"image\":{\"@type\":\"ImageObject\",\"inLanguage\":\"es\",\"@id\":\"https:\\\/\\\/secure.gravatar.com\\\/avatar\\\/d24bd0dd54c0f0dee2feb4900b1da1fbd6956b0ee16532ef1b838e24bab83c02?s=96&d=mm&r=g\",\"url\":\"https:\\\/\\\/secure.gravatar.com\\\/avatar\\\/d24bd0dd54c0f0dee2feb4900b1da1fbd6956b0ee16532ef1b838e24bab83c02?s=96&d=mm&r=g\",\"contentUrl\":\"https:\\\/\\\/secure.gravatar.com\\\/avatar\\\/d24bd0dd54c0f0dee2feb4900b1da1fbd6956b0ee16532ef1b838e24bab83c02?s=96&d=mm&r=g\",\"caption\":\"Antonio Ducay\"},\"description\":\"Antonio Ducay Vela, licenciado en Derecho por la Universidad de Zaragoza, Espa\u00f1a. Se orden\u00f3 como sacerdote en Madrid y est\u00e1 incardinado a la prelatura del Opus Dei. Ha publicado libros como \u201c\u00bfQu\u00e9 haces con tu libertad\u201d, \u201cJesucristo, la aventura de Dios en la Tierra\u201d, \u201cMilagros y conversiones\u201d, \u201cSan Josemar\u00eda en el Per\u00fa\u201d, as\u00ed como las biograf\u00edas de san Josemar\u00eda Escriv\u00e1, del beato \u00c1lvaro del Portillo y del obispo Enrique P\u00e9lach. Reside en Per\u00fa.\",\"url\":\"https:\\\/\\\/exaudi.org\\\/es\\\/author\\\/antonioducay\\\/\"}]}<\/script>\n<!-- \/ Yoast SEO plugin. -->","yoast_head_json":{"title":"Muerte de Abimael Guzman, l\u00edder de Sendero Luminoso &#8211; Exaudi","description":"D. Antonio Ducay ofrece esta reflexi\u00f3n sobre la reciente muerte de Abimael Guzm\u00e1n, l\u00edder del grupo terrorista Sendero Luminoso, en Per\u00fa.","robots":{"index":"index","follow":"follow","max-snippet":"max-snippet:-1","max-image-preview":"max-image-preview:large","max-video-preview":"max-video-preview:-1"},"canonical":"https:\/\/exaudi.org\/es\/muerte-de-abimael-guzman-lider-de-sendero-luminoso\/","og_locale":"es_ES","og_type":"article","og_title":"Muerte de Abimael Guzman, l\u00edder de Sendero Luminoso &#8211; Exaudi","og_description":"D. Antonio Ducay ofrece esta reflexi\u00f3n sobre la reciente muerte de Abimael Guzm\u00e1n, l\u00edder del grupo terrorista Sendero Luminoso, en Per\u00fa.","og_url":"https:\/\/exaudi.org\/es\/muerte-de-abimael-guzman-lider-de-sendero-luminoso\/","og_site_name":"Exaudi","article_publisher":"https:\/\/www.facebook.com\/ExaudiNews","article_published_time":"2021-09-21T07:08:43+00:00","article_modified_time":"2021-09-22T07:05:51+00:00","og_image":[{"width":867,"height":692,"url":"https:\/\/exaudi.org\/wp-content\/uploads\/2021\/09\/Lima-Peru-Pexels-e1632208022156.jpeg","type":"image\/jpeg"}],"author":"Antonio Ducay","twitter_card":"summary_large_image","twitter_creator":"@Exaudi_News","twitter_site":"@Exaudi_News","twitter_misc":{"Escrito por":"Antonio Ducay","Tiempo de lectura":"5 minutos"},"schema":{"@context":"https:\/\/schema.org","@graph":[{"@type":"Article","@id":"https:\/\/exaudi.org\/es\/muerte-de-abimael-guzman-lider-de-sendero-luminoso\/#article","isPartOf":{"@id":"https:\/\/exaudi.org\/es\/muerte-de-abimael-guzman-lider-de-sendero-luminoso\/"},"author":{"name":"Antonio Ducay","@id":"https:\/\/exaudi.org\/#\/schema\/person\/d1c9a5b7d06be4ef705bfe1f87332917"},"headline":"Muerte de Abimael Guzman, l\u00edder de Sendero Luminoso","datePublished":"2021-09-21T07:08:43+00:00","dateModified":"2021-09-22T07:05:51+00:00","mainEntityOfPage":{"@id":"https:\/\/exaudi.org\/es\/muerte-de-abimael-guzman-lider-de-sendero-luminoso\/"},"wordCount":1011,"commentCount":0,"image":{"@id":"https:\/\/exaudi.org\/es\/muerte-de-abimael-guzman-lider-de-sendero-luminoso\/#primaryimage"},"thumbnailUrl":"https:\/\/exaudi.org\/wp-content\/uploads\/2021\/09\/Lima-Peru-Pexels-e1632208022156.jpeg","keywords":["Abimael Guzm\u00e1n","Justicia","misericordia","Sendero Luminoso"],"articleSection":["Voces","Voces","Voces","Voces"],"inLanguage":"es","potentialAction":[{"@type":"CommentAction","name":"Comment","target":["https:\/\/exaudi.org\/es\/muerte-de-abimael-guzman-lider-de-sendero-luminoso\/#respond"]}]},{"@type":"WebPage","@id":"https:\/\/exaudi.org\/es\/muerte-de-abimael-guzman-lider-de-sendero-luminoso\/","url":"https:\/\/exaudi.org\/es\/muerte-de-abimael-guzman-lider-de-sendero-luminoso\/","name":"Muerte de Abimael Guzman, l\u00edder de Sendero Luminoso &#8211; Exaudi","isPartOf":{"@id":"https:\/\/exaudi.org\/#website"},"primaryImageOfPage":{"@id":"https:\/\/exaudi.org\/es\/muerte-de-abimael-guzman-lider-de-sendero-luminoso\/#primaryimage"},"image":{"@id":"https:\/\/exaudi.org\/es\/muerte-de-abimael-guzman-lider-de-sendero-luminoso\/#primaryimage"},"thumbnailUrl":"https:\/\/exaudi.org\/wp-content\/uploads\/2021\/09\/Lima-Peru-Pexels-e1632208022156.jpeg","datePublished":"2021-09-21T07:08:43+00:00","dateModified":"2021-09-22T07:05:51+00:00","author":{"@id":"https:\/\/exaudi.org\/#\/schema\/person\/d1c9a5b7d06be4ef705bfe1f87332917"},"description":"D. Antonio Ducay ofrece esta reflexi\u00f3n sobre la reciente muerte de Abimael Guzm\u00e1n, l\u00edder del grupo terrorista Sendero Luminoso, en Per\u00fa.","breadcrumb":{"@id":"https:\/\/exaudi.org\/es\/muerte-de-abimael-guzman-lider-de-sendero-luminoso\/#breadcrumb"},"inLanguage":"es","potentialAction":[{"@type":"ReadAction","target":["https:\/\/exaudi.org\/es\/muerte-de-abimael-guzman-lider-de-sendero-luminoso\/"]}]},{"@type":"ImageObject","inLanguage":"es","@id":"https:\/\/exaudi.org\/es\/muerte-de-abimael-guzman-lider-de-sendero-luminoso\/#primaryimage","url":"https:\/\/exaudi.org\/wp-content\/uploads\/2021\/09\/Lima-Peru-Pexels-e1632208022156.jpeg","contentUrl":"https:\/\/exaudi.org\/wp-content\/uploads\/2021\/09\/Lima-Peru-Pexels-e1632208022156.jpeg","width":867,"height":692,"caption":"Lima, Per\u00fa \u00a9 Pexels. Clive Kim"},{"@type":"BreadcrumbList","@id":"https:\/\/exaudi.org\/es\/muerte-de-abimael-guzman-lider-de-sendero-luminoso\/#breadcrumb","itemListElement":[{"@type":"ListItem","position":1,"name":"Portada","item":"https:\/\/exaudi.org\/es\/"},{"@type":"ListItem","position":2,"name":"Muerte de Abimael Guzman, l\u00edder de Sendero Luminoso"}]},{"@type":"WebSite","@id":"https:\/\/exaudi.org\/#website","url":"https:\/\/exaudi.org\/","name":"Exaudi","description":"News","potentialAction":[{"@type":"SearchAction","target":{"@type":"EntryPoint","urlTemplate":"https:\/\/exaudi.org\/?s={search_term_string}"},"query-input":{"@type":"PropertyValueSpecification","valueRequired":true,"valueName":"search_term_string"}}],"inLanguage":"es"},{"@type":"Person","@id":"https:\/\/exaudi.org\/#\/schema\/person\/d1c9a5b7d06be4ef705bfe1f87332917","name":"Antonio Ducay","image":{"@type":"ImageObject","inLanguage":"es","@id":"https:\/\/secure.gravatar.com\/avatar\/d24bd0dd54c0f0dee2feb4900b1da1fbd6956b0ee16532ef1b838e24bab83c02?s=96&d=mm&r=g","url":"https:\/\/secure.gravatar.com\/avatar\/d24bd0dd54c0f0dee2feb4900b1da1fbd6956b0ee16532ef1b838e24bab83c02?s=96&d=mm&r=g","contentUrl":"https:\/\/secure.gravatar.com\/avatar\/d24bd0dd54c0f0dee2feb4900b1da1fbd6956b0ee16532ef1b838e24bab83c02?s=96&d=mm&r=g","caption":"Antonio Ducay"},"description":"Antonio Ducay Vela, licenciado en Derecho por la Universidad de Zaragoza, Espa\u00f1a. Se orden\u00f3 como sacerdote en Madrid y est\u00e1 incardinado a la prelatura del Opus Dei. Ha publicado libros como \u201c\u00bfQu\u00e9 haces con tu libertad\u201d, \u201cJesucristo, la aventura de Dios en la Tierra\u201d, \u201cMilagros y conversiones\u201d, \u201cSan Josemar\u00eda en el Per\u00fa\u201d, as\u00ed como las biograf\u00edas de san Josemar\u00eda Escriv\u00e1, del beato \u00c1lvaro del Portillo y del obispo Enrique P\u00e9lach. Reside en Per\u00fa.","url":"https:\/\/exaudi.org\/es\/author\/antonioducay\/"}]}},"jetpack_featured_media_url":"https:\/\/exaudi.org\/wp-content\/uploads\/2021\/09\/Lima-Peru-Pexels-e1632208022156.jpeg","jetpack_shortlink":"https:\/\/wp.me\/pgKjF2-8SP","_links":{"self":[{"href":"https:\/\/exaudi.org\/es\/wp-json\/wp\/v2\/posts\/34151","targetHints":{"allow":["GET"]}}],"collection":[{"href":"https:\/\/exaudi.org\/es\/wp-json\/wp\/v2\/posts"}],"about":[{"href":"https:\/\/exaudi.org\/es\/wp-json\/wp\/v2\/types\/post"}],"author":[{"embeddable":true,"href":"https:\/\/exaudi.org\/es\/wp-json\/wp\/v2\/users\/47"}],"replies":[{"embeddable":true,"href":"https:\/\/exaudi.org\/es\/wp-json\/wp\/v2\/comments?post=34151"}],"version-history":[{"count":0,"href":"https:\/\/exaudi.org\/es\/wp-json\/wp\/v2\/posts\/34151\/revisions"}],"wp:featuredmedia":[{"embeddable":true,"href":"https:\/\/exaudi.org\/es\/wp-json\/wp\/v2\/media\/34152"}],"wp:attachment":[{"href":"https:\/\/exaudi.org\/es\/wp-json\/wp\/v2\/media?parent=34151"}],"wp:term":[{"taxonomy":"category","embeddable":true,"href":"https:\/\/exaudi.org\/es\/wp-json\/wp\/v2\/categories?post=34151"},{"taxonomy":"post_tag","embeddable":true,"href":"https:\/\/exaudi.org\/es\/wp-json\/wp\/v2\/tags?post=34151"}],"curies":[{"name":"wp","href":"https:\/\/api.w.org\/{rel}","templated":true}]}}