{"id":34110,"date":"2021-09-20T16:37:33","date_gmt":"2021-09-20T14:37:33","guid":{"rendered":"https:\/\/exaudi.wpengine.com\/?p=34110"},"modified":"2021-09-21T10:55:27","modified_gmt":"2021-09-21T08:55:27","slug":"cardenal-aos-valores-nueva-constitucion","status":"publish","type":"post","link":"https:\/\/exaudi.org\/es\/cardenal-aos-valores-nueva-constitucion\/","title":{"rendered":"Cardenal A\u00f3s: Los valores de la nueva Constituci\u00f3n"},"content":{"rendered":"<p>El pasado s\u00e1bado 18 de septiembre de 2021, en el <em>Te Deum <\/em>ecum\u00e9nico de acci\u00f3n de gracias por la independencia de Chile, el <a href=\"https:\/\/exaudi.wpengine.com\/es\/cardenal-aos-presidente-episcopado-chile\/\" target=\"_blank\" rel=\"noopener\">cardenal Celestino A\u00f3s<\/a>, arzobispo de Santiago, mencion\u00f3 en su homil\u00eda los valores indiscutibles de la nueva Constituci\u00f3n: Defensa de la vida desde concepci\u00f3n hasta muerte, familia fundada en el matrimonio entre hombre y mujer, libertad paterna para educar a los hijos, y promoci\u00f3n del bien com\u00fan con subsidiaridad del Estado.<\/p>\n<p>Asimismo, seg\u00fan informa\u00a0<a href=\"http:\/\/www.fides.org\/es\" target=\"_blank\" rel=\"noopener\"><em>Fides<\/em><\/a>, A\u00f3s reflej\u00f3 \u201cla importancia de la ecolog\u00eda es hoy indiscutible. Hay que escuchar. al lenguaje de la naturaleza y responder a \u00e9l de forma coherente\u201d. Record\u00f3 que tambi\u00e9n hay una ecolog\u00eda del hombre, \u201cque se debe respetar y que no se puede manipular a voluntad\u201d, porque \u201cel hombre no se crea a s\u00ed mismo. Es esp\u00edritu y voluntad, pero tambi\u00e9n naturaleza, y su voluntad es justa cuando respeta la naturaleza, la escucha, se acepta a s\u00ed mismo por lo que es y admite que no se cre\u00f3 a s\u00ed mismo. As\u00ed, y s\u00f3lo as\u00ed, se realiza la verdadera libertad humana\u201d.<\/p>\n<p>El arzobispo aprovech\u00f3 la oportunidad para referirse, en nombre de la Iglesia, a lo que debe contener la nueva Constituci\u00f3n, principalmente en cuestiones de valor, y agradeci\u00f3 \u201ca las mujeres y hombres que trabajan en la Convenci\u00f3n Constituyente, preparando y redactando una nueva Constituci\u00f3n, que nos guiar\u00e1 y gobernar\u00e1\u201d.<\/p>\n<p>Tambi\u00e9n dio gracias al Se\u00f1or por todos aquellos que \u201ccon buena voluntad, se comprometen y trabajan para encontrar alivio y soluci\u00f3n al problema de los pueblos ind\u00edgenas tanto de la Araucan\u00eda, que sufre violencia, como de otros pueblos. Tienen en el coraz\u00f3n la acogida, protecci\u00f3n, promoci\u00f3n e integraci\u00f3n de los inmigrantes, las mujeres y sus acompa\u00f1antes, \u00aby que promueven su respeto como personas y la promoci\u00f3n de sus derechos\u201d.<\/p>\n<p>Este <em>Te Deum<\/em>, recuerda <em>Fides,<\/em>\u00a0fue el \u00faltimo del segundo gobierno del presidente Sebasti\u00e1n Pi\u00f1era. Al inicio de la celebraci\u00f3n, el cardenal A\u00f3s record\u00f3 a las v\u00edctimas del coronavirus y rez\u00f3 por las personas que murieron como consecuencia de esta pandemia.<\/p>\n","protected":false},"excerpt":{"rendered":"<p>Homil\u00eda en el Te Deum por la Independencia de Chile<\/p>\n","protected":false},"author":6,"featured_media":34112,"comment_status":"closed","ping_status":"closed","sticky":false,"template":"","format":"standard","meta":{"_acf_changed":false,"_crdt_document":"","inline_featured_image":false,"footnotes":""},"categories":[86,298],"tags":[3045,2379,2618,1313],"class_list":["post-34110","post","type-post","status-publish","format-standard","has-post-thumbnail","hentry","category-iglesia-local","category-ultimas-noticias","tag-cardenal-celestino-aos","tag-ecologia-es","tag-matrimonio-es","tag-vida"],"acf":[],"yoast_head":"<!-- This site is optimized with the Yoast SEO plugin v27.4 - https:\/\/yoast.com\/product\/yoast-seo-wordpress\/ -->\n<title>Cardenal A\u00f3s: Los valores de la nueva Constituci\u00f3n - Exaudi<\/title>\n<meta name=\"description\" content=\"En su homil\u00eda en el Te Deum ecum\u00e9nico del pasado s\u00e1bado, el cardenal A\u00f3s defendi\u00f3 los valores que deber\u00edan estar en la nueva Constituci\u00f3n.\" \/>\n<meta name=\"robots\" content=\"index, follow, max-snippet:-1, max-image-preview:large, max-video-preview:-1\" \/>\n<link rel=\"canonical\" href=\"https:\/\/exaudi.org\/es\/cardenal-aos-valores-nueva-constitucion\/\" \/>\n<meta property=\"og:locale\" content=\"es_ES\" \/>\n<meta property=\"og:type\" content=\"article\" \/>\n<meta property=\"og:title\" content=\"Cardenal A\u00f3s: Los valores de la nueva Constituci\u00f3n - Exaudi\" \/>\n<meta property=\"og:description\" content=\"En su homil\u00eda en el Te Deum ecum\u00e9nico del pasado s\u00e1bado, el cardenal A\u00f3s defendi\u00f3 los valores que deber\u00edan estar en la nueva Constituci\u00f3n.\" \/>\n<meta property=\"og:url\" content=\"https:\/\/exaudi.org\/es\/cardenal-aos-valores-nueva-constitucion\/\" \/>\n<meta property=\"og:site_name\" content=\"Exaudi\" \/>\n<meta property=\"article:publisher\" content=\"https:\/\/www.facebook.com\/ExaudiNews\" \/>\n<meta property=\"article:published_time\" content=\"2021-09-20T14:37:33+00:00\" \/>\n<meta property=\"article:modified_time\" content=\"2021-09-21T08:55:27+00:00\" \/>\n<meta property=\"og:image\" content=\"https:\/\/exaudi.org\/wp-content\/uploads\/2021\/09\/iulkjk7.jpg\" \/>\n\t<meta property=\"og:image:width\" content=\"747\" \/>\n\t<meta property=\"og:image:height\" content=\"418\" \/>\n\t<meta property=\"og:image:type\" content=\"image\/jpeg\" \/>\n<meta name=\"author\" content=\"Gabriel Sales\" \/>\n<meta name=\"twitter:card\" content=\"summary_large_image\" \/>\n<meta name=\"twitter:creator\" content=\"@habemusman\" \/>\n<meta name=\"twitter:site\" content=\"@Exaudi_News\" \/>\n<meta name=\"twitter:label1\" content=\"Escrito por\" \/>\n\t<meta name=\"twitter:data1\" content=\"Gabriel Sales\" \/>\n\t<meta name=\"twitter:label2\" content=\"Tiempo de lectura\" \/>\n\t<meta name=\"twitter:data2\" content=\"2 minutos\" \/>\n<script type=\"application\/ld+json\" class=\"yoast-schema-graph\">{\"@context\":\"https:\\\/\\\/schema.org\",\"@graph\":[{\"@type\":\"Article\",\"@id\":\"https:\\\/\\\/exaudi.org\\\/es\\\/cardenal-aos-valores-nueva-constitucion\\\/#article\",\"isPartOf\":{\"@id\":\"https:\\\/\\\/exaudi.org\\\/es\\\/cardenal-aos-valores-nueva-constitucion\\\/\"},\"author\":{\"name\":\"Gabriel Sales\",\"@id\":\"https:\\\/\\\/exaudi.org\\\/#\\\/schema\\\/person\\\/d134b96438278131ce90c90c03fda6cd\"},\"headline\":\"Cardenal A\u00f3s: Los valores de la nueva Constituci\u00f3n\",\"datePublished\":\"2021-09-20T14:37:33+00:00\",\"dateModified\":\"2021-09-21T08:55:27+00:00\",\"mainEntityOfPage\":{\"@id\":\"https:\\\/\\\/exaudi.org\\\/es\\\/cardenal-aos-valores-nueva-constitucion\\\/\"},\"wordCount\":380,\"image\":{\"@id\":\"https:\\\/\\\/exaudi.org\\\/es\\\/cardenal-aos-valores-nueva-constitucion\\\/#primaryimage\"},\"thumbnailUrl\":\"https:\\\/\\\/exaudi.org\\\/wp-content\\\/uploads\\\/2021\\\/09\\\/iulkjk7.jpg\",\"keywords\":[\"Cardenal Celestino A\u00f3s\",\"ecologia\",\"matrimonio\",\"Vida\"],\"articleSection\":[\"Iglesia Local\",\"\u00daltimas noticias\"],\"inLanguage\":\"es\"},{\"@type\":\"WebPage\",\"@id\":\"https:\\\/\\\/exaudi.org\\\/es\\\/cardenal-aos-valores-nueva-constitucion\\\/\",\"url\":\"https:\\\/\\\/exaudi.org\\\/es\\\/cardenal-aos-valores-nueva-constitucion\\\/\",\"name\":\"Cardenal A\u00f3s: Los valores de la nueva Constituci\u00f3n - Exaudi\",\"isPartOf\":{\"@id\":\"https:\\\/\\\/exaudi.org\\\/#website\"},\"primaryImageOfPage\":{\"@id\":\"https:\\\/\\\/exaudi.org\\\/es\\\/cardenal-aos-valores-nueva-constitucion\\\/#primaryimage\"},\"image\":{\"@id\":\"https:\\\/\\\/exaudi.org\\\/es\\\/cardenal-aos-valores-nueva-constitucion\\\/#primaryimage\"},\"thumbnailUrl\":\"https:\\\/\\\/exaudi.org\\\/wp-content\\\/uploads\\\/2021\\\/09\\\/iulkjk7.jpg\",\"datePublished\":\"2021-09-20T14:37:33+00:00\",\"dateModified\":\"2021-09-21T08:55:27+00:00\",\"author\":{\"@id\":\"https:\\\/\\\/exaudi.org\\\/#\\\/schema\\\/person\\\/d134b96438278131ce90c90c03fda6cd\"},\"description\":\"En su homil\u00eda en el Te Deum ecum\u00e9nico del pasado s\u00e1bado, el cardenal A\u00f3s defendi\u00f3 los valores que deber\u00edan estar en la nueva Constituci\u00f3n.\",\"breadcrumb\":{\"@id\":\"https:\\\/\\\/exaudi.org\\\/es\\\/cardenal-aos-valores-nueva-constitucion\\\/#breadcrumb\"},\"inLanguage\":\"es\",\"potentialAction\":[{\"@type\":\"ReadAction\",\"target\":[\"https:\\\/\\\/exaudi.org\\\/es\\\/cardenal-aos-valores-nueva-constitucion\\\/\"]}]},{\"@type\":\"ImageObject\",\"inLanguage\":\"es\",\"@id\":\"https:\\\/\\\/exaudi.org\\\/es\\\/cardenal-aos-valores-nueva-constitucion\\\/#primaryimage\",\"url\":\"https:\\\/\\\/exaudi.org\\\/wp-content\\\/uploads\\\/2021\\\/09\\\/iulkjk7.jpg\",\"contentUrl\":\"https:\\\/\\\/exaudi.org\\\/wp-content\\\/uploads\\\/2021\\\/09\\\/iulkjk7.jpg\",\"width\":747,\"height\":418,\"caption\":\"Cardenal A\u00f3s \u00a9 Arzobispado de Santiago\"},{\"@type\":\"BreadcrumbList\",\"@id\":\"https:\\\/\\\/exaudi.org\\\/es\\\/cardenal-aos-valores-nueva-constitucion\\\/#breadcrumb\",\"itemListElement\":[{\"@type\":\"ListItem\",\"position\":1,\"name\":\"Portada\",\"item\":\"https:\\\/\\\/exaudi.org\\\/es\\\/\"},{\"@type\":\"ListItem\",\"position\":2,\"name\":\"Cardenal A\u00f3s: Los valores de la nueva Constituci\u00f3n\"}]},{\"@type\":\"WebSite\",\"@id\":\"https:\\\/\\\/exaudi.org\\\/#website\",\"url\":\"https:\\\/\\\/exaudi.org\\\/\",\"name\":\"Exaudi\",\"description\":\"News\",\"potentialAction\":[{\"@type\":\"SearchAction\",\"target\":{\"@type\":\"EntryPoint\",\"urlTemplate\":\"https:\\\/\\\/exaudi.org\\\/?s={search_term_string}\"},\"query-input\":{\"@type\":\"PropertyValueSpecification\",\"valueRequired\":true,\"valueName\":\"search_term_string\"}}],\"inLanguage\":\"es\"},{\"@type\":\"Person\",\"@id\":\"https:\\\/\\\/exaudi.org\\\/#\\\/schema\\\/person\\\/d134b96438278131ce90c90c03fda6cd\",\"name\":\"Gabriel Sales\",\"image\":{\"@type\":\"ImageObject\",\"inLanguage\":\"es\",\"@id\":\"https:\\\/\\\/secure.gravatar.com\\\/avatar\\\/9b1269566f6a063ed26ffb3532b66a373cdde231ce5d0effb266167437fdaffd?s=96&d=mm&r=g\",\"url\":\"https:\\\/\\\/secure.gravatar.com\\\/avatar\\\/9b1269566f6a063ed26ffb3532b66a373cdde231ce5d0effb266167437fdaffd?s=96&d=mm&r=g\",\"contentUrl\":\"https:\\\/\\\/secure.gravatar.com\\\/avatar\\\/9b1269566f6a063ed26ffb3532b66a373cdde231ce5d0effb266167437fdaffd?s=96&d=mm&r=g\",\"caption\":\"Gabriel Sales\"},\"description\":\"Periodista y especialista en Comunicaci\u00f3n y Branding digital. Cin\u00e9filo y cr\u00edtico de cine y series de televisi\u00f3n.\",\"sameAs\":[\"https:\\\/\\\/www.instagram.com\\\/cine90segundos\\\/\",\"www.linkedin.com\\\/in\\\/habemusman\",\"https:\\\/\\\/x.com\\\/habemusman\",\"https:\\\/\\\/www.youtube.com\\\/channel\\\/UCVfCiOMkJ_C7T7OpyjuaLDg\"],\"url\":\"https:\\\/\\\/exaudi.org\\\/es\\\/author\\\/gsalesexaudi-org\\\/\"}]}<\/script>\n<!-- \/ Yoast SEO plugin. -->","yoast_head_json":{"title":"Cardenal A\u00f3s: Los valores de la nueva Constituci\u00f3n - Exaudi","description":"En su homil\u00eda en el Te Deum ecum\u00e9nico del pasado s\u00e1bado, el cardenal A\u00f3s defendi\u00f3 los valores que deber\u00edan estar en la nueva Constituci\u00f3n.","robots":{"index":"index","follow":"follow","max-snippet":"max-snippet:-1","max-image-preview":"max-image-preview:large","max-video-preview":"max-video-preview:-1"},"canonical":"https:\/\/exaudi.org\/es\/cardenal-aos-valores-nueva-constitucion\/","og_locale":"es_ES","og_type":"article","og_title":"Cardenal A\u00f3s: Los valores de la nueva Constituci\u00f3n - Exaudi","og_description":"En su homil\u00eda en el Te Deum ecum\u00e9nico del pasado s\u00e1bado, el cardenal A\u00f3s defendi\u00f3 los valores que deber\u00edan estar en la nueva Constituci\u00f3n.","og_url":"https:\/\/exaudi.org\/es\/cardenal-aos-valores-nueva-constitucion\/","og_site_name":"Exaudi","article_publisher":"https:\/\/www.facebook.com\/ExaudiNews","article_published_time":"2021-09-20T14:37:33+00:00","article_modified_time":"2021-09-21T08:55:27+00:00","og_image":[{"width":747,"height":418,"url":"https:\/\/exaudi.org\/wp-content\/uploads\/2021\/09\/iulkjk7.jpg","type":"image\/jpeg"}],"author":"Gabriel Sales","twitter_card":"summary_large_image","twitter_creator":"@habemusman","twitter_site":"@Exaudi_News","twitter_misc":{"Escrito por":"Gabriel Sales","Tiempo de lectura":"2 minutos"},"schema":{"@context":"https:\/\/schema.org","@graph":[{"@type":"Article","@id":"https:\/\/exaudi.org\/es\/cardenal-aos-valores-nueva-constitucion\/#article","isPartOf":{"@id":"https:\/\/exaudi.org\/es\/cardenal-aos-valores-nueva-constitucion\/"},"author":{"name":"Gabriel Sales","@id":"https:\/\/exaudi.org\/#\/schema\/person\/d134b96438278131ce90c90c03fda6cd"},"headline":"Cardenal A\u00f3s: Los valores de la nueva Constituci\u00f3n","datePublished":"2021-09-20T14:37:33+00:00","dateModified":"2021-09-21T08:55:27+00:00","mainEntityOfPage":{"@id":"https:\/\/exaudi.org\/es\/cardenal-aos-valores-nueva-constitucion\/"},"wordCount":380,"image":{"@id":"https:\/\/exaudi.org\/es\/cardenal-aos-valores-nueva-constitucion\/#primaryimage"},"thumbnailUrl":"https:\/\/exaudi.org\/wp-content\/uploads\/2021\/09\/iulkjk7.jpg","keywords":["Cardenal Celestino A\u00f3s","ecologia","matrimonio","Vida"],"articleSection":["Iglesia Local","\u00daltimas noticias"],"inLanguage":"es"},{"@type":"WebPage","@id":"https:\/\/exaudi.org\/es\/cardenal-aos-valores-nueva-constitucion\/","url":"https:\/\/exaudi.org\/es\/cardenal-aos-valores-nueva-constitucion\/","name":"Cardenal A\u00f3s: Los valores de la nueva Constituci\u00f3n - Exaudi","isPartOf":{"@id":"https:\/\/exaudi.org\/#website"},"primaryImageOfPage":{"@id":"https:\/\/exaudi.org\/es\/cardenal-aos-valores-nueva-constitucion\/#primaryimage"},"image":{"@id":"https:\/\/exaudi.org\/es\/cardenal-aos-valores-nueva-constitucion\/#primaryimage"},"thumbnailUrl":"https:\/\/exaudi.org\/wp-content\/uploads\/2021\/09\/iulkjk7.jpg","datePublished":"2021-09-20T14:37:33+00:00","dateModified":"2021-09-21T08:55:27+00:00","author":{"@id":"https:\/\/exaudi.org\/#\/schema\/person\/d134b96438278131ce90c90c03fda6cd"},"description":"En su homil\u00eda en el Te Deum ecum\u00e9nico del pasado s\u00e1bado, el cardenal A\u00f3s defendi\u00f3 los valores que deber\u00edan estar en la nueva Constituci\u00f3n.","breadcrumb":{"@id":"https:\/\/exaudi.org\/es\/cardenal-aos-valores-nueva-constitucion\/#breadcrumb"},"inLanguage":"es","potentialAction":[{"@type":"ReadAction","target":["https:\/\/exaudi.org\/es\/cardenal-aos-valores-nueva-constitucion\/"]}]},{"@type":"ImageObject","inLanguage":"es","@id":"https:\/\/exaudi.org\/es\/cardenal-aos-valores-nueva-constitucion\/#primaryimage","url":"https:\/\/exaudi.org\/wp-content\/uploads\/2021\/09\/iulkjk7.jpg","contentUrl":"https:\/\/exaudi.org\/wp-content\/uploads\/2021\/09\/iulkjk7.jpg","width":747,"height":418,"caption":"Cardenal A\u00f3s \u00a9 Arzobispado de Santiago"},{"@type":"BreadcrumbList","@id":"https:\/\/exaudi.org\/es\/cardenal-aos-valores-nueva-constitucion\/#breadcrumb","itemListElement":[{"@type":"ListItem","position":1,"name":"Portada","item":"https:\/\/exaudi.org\/es\/"},{"@type":"ListItem","position":2,"name":"Cardenal A\u00f3s: Los valores de la nueva Constituci\u00f3n"}]},{"@type":"WebSite","@id":"https:\/\/exaudi.org\/#website","url":"https:\/\/exaudi.org\/","name":"Exaudi","description":"News","potentialAction":[{"@type":"SearchAction","target":{"@type":"EntryPoint","urlTemplate":"https:\/\/exaudi.org\/?s={search_term_string}"},"query-input":{"@type":"PropertyValueSpecification","valueRequired":true,"valueName":"search_term_string"}}],"inLanguage":"es"},{"@type":"Person","@id":"https:\/\/exaudi.org\/#\/schema\/person\/d134b96438278131ce90c90c03fda6cd","name":"Gabriel Sales","image":{"@type":"ImageObject","inLanguage":"es","@id":"https:\/\/secure.gravatar.com\/avatar\/9b1269566f6a063ed26ffb3532b66a373cdde231ce5d0effb266167437fdaffd?s=96&d=mm&r=g","url":"https:\/\/secure.gravatar.com\/avatar\/9b1269566f6a063ed26ffb3532b66a373cdde231ce5d0effb266167437fdaffd?s=96&d=mm&r=g","contentUrl":"https:\/\/secure.gravatar.com\/avatar\/9b1269566f6a063ed26ffb3532b66a373cdde231ce5d0effb266167437fdaffd?s=96&d=mm&r=g","caption":"Gabriel Sales"},"description":"Periodista y especialista en Comunicaci\u00f3n y Branding digital. Cin\u00e9filo y cr\u00edtico de cine y series de televisi\u00f3n.","sameAs":["https:\/\/www.instagram.com\/cine90segundos\/","www.linkedin.com\/in\/habemusman","https:\/\/x.com\/habemusman","https:\/\/www.youtube.com\/channel\/UCVfCiOMkJ_C7T7OpyjuaLDg"],"url":"https:\/\/exaudi.org\/es\/author\/gsalesexaudi-org\/"}]}},"jetpack_featured_media_url":"https:\/\/exaudi.org\/wp-content\/uploads\/2021\/09\/iulkjk7.jpg","jetpack_shortlink":"https:\/\/wp.me\/pgKjF2-8Sa","_links":{"self":[{"href":"https:\/\/exaudi.org\/es\/wp-json\/wp\/v2\/posts\/34110","targetHints":{"allow":["GET"]}}],"collection":[{"href":"https:\/\/exaudi.org\/es\/wp-json\/wp\/v2\/posts"}],"about":[{"href":"https:\/\/exaudi.org\/es\/wp-json\/wp\/v2\/types\/post"}],"author":[{"embeddable":true,"href":"https:\/\/exaudi.org\/es\/wp-json\/wp\/v2\/users\/6"}],"replies":[{"embeddable":true,"href":"https:\/\/exaudi.org\/es\/wp-json\/wp\/v2\/comments?post=34110"}],"version-history":[{"count":0,"href":"https:\/\/exaudi.org\/es\/wp-json\/wp\/v2\/posts\/34110\/revisions"}],"wp:featuredmedia":[{"embeddable":true,"href":"https:\/\/exaudi.org\/es\/wp-json\/wp\/v2\/media\/34112"}],"wp:attachment":[{"href":"https:\/\/exaudi.org\/es\/wp-json\/wp\/v2\/media?parent=34110"}],"wp:term":[{"taxonomy":"category","embeddable":true,"href":"https:\/\/exaudi.org\/es\/wp-json\/wp\/v2\/categories?post=34110"},{"taxonomy":"post_tag","embeddable":true,"href":"https:\/\/exaudi.org\/es\/wp-json\/wp\/v2\/tags?post=34110"}],"curies":[{"name":"wp","href":"https:\/\/api.w.org\/{rel}","templated":true}]}}