{"id":34028,"date":"2021-09-19T14:28:45","date_gmt":"2021-09-19T12:28:45","guid":{"rendered":"https:\/\/exaudi.wpengine.com\/?p=34028"},"modified":"2021-09-21T14:04:29","modified_gmt":"2021-09-21T12:04:29","slug":"papa-mas-servimos-mas-sentimos-presencia-dios","status":"publish","type":"post","link":"https:\/\/exaudi.org\/es\/papa-mas-servimos-mas-sentimos-presencia-dios\/","title":{"rendered":"El Papa: \u201cCuanto m\u00e1s servimos, m\u00e1s sentimos la presencia de Dios\u201d"},"content":{"rendered":"<p>A las 12 del mediod\u00eda de hoy, domingo, 19 septiembre 2021, el Papa Francisco se he asomado a la ventana de su estudio en el Palacio Apost\u00f3lico Vaticano para rezar el \u00c1ngelus con los fieles y peregrinos reunidos en la Plaza de San Pedro. El Papa Francisco destac\u00f3: \u201cCuanto m\u00e1s servimos, m\u00e1s sentimos la presencia de Dios\u201d.<\/p>\n<p>El Santo Padre coment\u00f3 el <a href=\"https:\/\/exaudi.wpengine.com\/es\/evangelio-19-de-septiembre-el-que-quiera-ser-el-primero-que-sea-el-servidor-de-todos\/\" target=\"_blank\" rel=\"noopener\">Evangelio de hoy<\/a>, (<em>Mc\u00a0<\/em>9,30-37), \u201cnos cuenta que, de camino a Jerusal\u00e9n, los disc\u00edpulos de Jes\u00fas discut\u00edan sobre qui\u00e9n \u201cera el m\u00e1s grande entre ellos\u201d (v. 34). Entonces Jes\u00fas les habl\u00f3 de forma contundente, que tambi\u00e9n se aplica a nosotros hoy: \u201cSi uno quiere ser el primero, sea el \u00faltimo de todos y el servidor de todos\u201d (v. 35). Si quieres ser el primero, tienes que ir al final de la fila, ser el \u00faltimo y servir a todos. Hoy en d\u00eda la palabra \u201cservicio\u201d parece un poco descolorida, desgastada por el uso. Pero en el Evangelio tiene un significado preciso y concreto. Servir no es una expresi\u00f3n de cortes\u00eda: es <em>hacer como Jes\u00fas,<\/em>\u00a0que, resumiendo su vida en pocas palabras, dijo que hab\u00eda venido \u201cno a ser servido, sino a servir\u201d.<\/p>\n<p>El Papa subray\u00f3 que \u201cNuestra fidelidad al Se\u00f1or depende de nuestra disponibilidad a servir. Y esto cuesta, lo sabemos, porque \u201csabe a cruz\u201d. Pero a medida que crecemos en el cuidado y la disponibilidad hacia los dem\u00e1s, nos volvemos m\u00e1s libres por dentro, m\u00e1s parecidos a Jes\u00fas. Cuanto m\u00e1s servimos, m\u00e1s sentimos la presencia de Dios. Sobre todo, cuando servimos a los que no tienen nada que devolvernos, los pobres, abrazando sus dificultades y necesidades con la tierna compasi\u00f3n: y ah\u00ed descubrimos que a su vez somos amados y abrazados por Dios\u201d.<\/p>\n<p>Francisco nos invit\u00f3 a preguntarnos: \u201cyo, que sigo a Jes\u00fas, \u00bfme intereso por los m\u00e1s abandonados? \u00bfO, como los disc\u00edpulos aquel d\u00eda, busco la gratificaci\u00f3n personal? \u00bfEntiendo la vida como una competici\u00f3n para abrirme un hueco a costa de los dem\u00e1s, o creo que sobresalir es servir? Y, concretamente: \u00bfdedico tiempo a alg\u00fan \u201cpeque\u00f1o\u201d, a una persona que no tiene medios para corresponder? \u00bfMe ocupo de alguien que no puede devolverme el favor, o s\u00f3lo de mis familiares y amigos? Son preguntas que podemos hacernos\u201d.<\/p>\n<p>Estas son las palabras del Papa al introducir la oraci\u00f3n mariana, ofrecidas por la <a href=\"https:\/\/www.vatican.va\/news_services\/press\/index_sp.htm\" target=\"_blank\" rel=\"noopener\">Santa Sede.<\/a><\/p>\n<p>***<\/p>\n<h4><strong>Palabras antes del \u00c1ngelus<\/strong><\/h4>\n<p><em>Queridos hermanos y hermanas, \u00a1buenos d\u00edas!<\/em><\/p>\n<p>El Evangelio de la liturgia de hoy (<em>Mc\u00a0<\/em>9,30-37) nos cuenta que, de camino a Jerusal\u00e9n, los disc\u00edpulos de Jes\u00fas discut\u00edan sobre qui\u00e9n \u201cera el m\u00e1s grande entre ellos\u201d (v. 34). Entonces Jes\u00fas les habl\u00f3 de forma contundente, que tambi\u00e9n se aplica a nosotros hoy: \u201cSi uno quiere ser el primero, sea el \u00faltimo de todos y el servidor de todos\u201d (v. 35). Si quieres ser el primero, tienes que ir al final de la fila, ser el \u00faltimo y servir a todos. Con esta frase lapidaria, el Se\u00f1or inaugura una inversi\u00f3n: da un vuelco a los criterios que marcan lo que realmente cuenta. El valor de una persona ya no depende del papel que desempe\u00f1a, del \u00e9xito que tiene, del trabajo que hace, del dinero que tiene en el banco; no, no depende de eso; la grandeza y el \u00e9xito, a los ojos de Dios, tienen otro rasero: se miden por el\u00a0<em>servicio<\/em>. No por lo que se\u00a0<em>tiene<\/em>, sino por lo que se\u00a0<em>da<\/em>. \u00bfQuieres sobresalir? Sirve. Este es el camino.<\/p>\n<p>Hoy en d\u00eda la palabra \u201cservicio\u201d parece un poco descolorida, desgastada por el uso. Pero en el Evangelio tiene un significado preciso y concreto. Servir no es una expresi\u00f3n de cortes\u00eda: es\u00a0<em>hacer como Jes\u00fas,<\/em>\u00a0que, resumiendo su vida en pocas palabras, dijo que hab\u00eda venido \u201cno a ser servido, sino a servir\u201d (<em>Mc\u00a0<\/em>10,45). As\u00ed dijo el Se\u00f1or. Por eso, si queremos seguir a Jes\u00fas, debemos recorrer el camino que \u00c9l mismo ha trazado, el camino del servicio. Nuestra fidelidad al Se\u00f1or depende de nuestra disponibilidad a servir. Y esto cuesta, lo sabemos, porque \u201csabe a cruz\u201d. Pero a medida que crecemos en el cuidado y la disponibilidad hacia los dem\u00e1s, nos volvemos m\u00e1s libres por dentro, m\u00e1s parecidos a Jes\u00fas. Cuanto m\u00e1s servimos, m\u00e1s sentimos la presencia de Dios. Sobre todo, cuando servimos a los que no tienen nada que devolvernos, los pobres, abrazando sus dificultades y necesidades con la tierna compasi\u00f3n: y ah\u00ed descubrimos que a su vez somos amados y abrazados por Dios.<\/p>\n<p>Precisamente para ilustrarlo, Jes\u00fas despu\u00e9s de haber hablado de la\u00a0<em>primac\u00eda del servicio<\/em>, hace un gesto. Hemos visto que los gestos de Jes\u00fas son m\u00e1s fuertes que las palabras que usa. Y \u00bfcu\u00e1l es el gesto? Toma un ni\u00f1o y lo coloca en medio de los disc\u00edpulos, en el centro, en el lugar m\u00e1s importante (cf. v. 36). El ni\u00f1o, en el Evangelio, no simboliza tanto la inocencia como la peque\u00f1ez. Porque los peque\u00f1os, como los ni\u00f1os, dependen de los dem\u00e1s, de los adultos, necesitan recibir. Jes\u00fas abraza a ese ni\u00f1o y dice que quien recibe a un peque\u00f1o, a un ni\u00f1o, lo recibe a \u00c9l (cf. v. 37). Esto es, en primer lugar, a qui\u00e9n servir: a los que necesitan recibir y no tienen nada que devolver. Servir a los que necesitan recibir y no tienen para devolver. Acogiendo a los que est\u00e1n en los m\u00e1rgenes, desatendidos, acogemos a Jes\u00fas, porque\u00a0<em>\u00c9l est\u00e1 ah\u00ed.\u00a0<\/em>Y en un peque\u00f1o, en un pobre al que servimos, tambi\u00e9n nosotros recibimos el tierno abrazo de Dios.<\/p>\n<p>Queridos hermanos y hermanas, interpelados por el Evangelio, pregunt\u00e9monos: yo, que sigo a Jes\u00fas, \u00bfme intereso por los m\u00e1s abandonados? \u00bfO, como los disc\u00edpulos aquel d\u00eda, busco la gratificaci\u00f3n personal? \u00bfEntiendo la vida como una competici\u00f3n para abrirme un hueco a costa de los dem\u00e1s, o creo que sobresalir es servir? Y, concretamente: \u00bfdedico tiempo a alg\u00fan \u201cpeque\u00f1o\u201d, a una persona que no tiene medios para corresponder? \u00bfMe ocupo de alguien que no puede devolverme el favor, o s\u00f3lo de mis familiares y amigos? Son preguntas que podemos hacernos.<\/p>\n<p>Que la Virgen Mar\u00eda, humilde sierva del Se\u00f1or, nos ayude a comprender que servir no nos disminuye, sino que nos hace crecer. Y que hay m\u00e1s alegr\u00eda en dar que en recibir (cf.\u00a0<em>Hch\u00a0<\/em>20,35).<\/p>\n","protected":false},"excerpt":{"rendered":"<p>Palabras antes del \u00c1ngelus<\/p>\n","protected":false},"author":7,"featured_media":31268,"comment_status":"closed","ping_status":"closed","sticky":false,"template":"","format":"standard","meta":{"_acf_changed":false,"_crdt_document":"","inline_featured_image":false,"footnotes":""},"categories":[70,298],"tags":[4193],"class_list":["post-34028","post","type-post","status-publish","format-standard","has-post-thumbnail","hentry","category-angelus-es","category-ultimas-noticias","tag-angelus-19-septiembre-2021"],"acf":[],"yoast_head":"<!-- This site is optimized with the Yoast SEO plugin v27.5 - https:\/\/yoast.com\/product\/yoast-seo-wordpress\/ -->\n<title>El Papa: \u201cCuanto m\u00e1s servimos, m\u00e1s sentimos la presencia de Dios\u201d<\/title>\n<meta name=\"description\" content=\"En el \u00c1ngelus de hoy, domingo 19 de septiembre de 2021, el Papa ha expresado que \u201ccuanto m\u00e1s servimos, m\u00e1s sentimos la presencia de Dios\u201d.\" \/>\n<meta name=\"robots\" content=\"index, follow, max-snippet:-1, max-image-preview:large, max-video-preview:-1\" \/>\n<link rel=\"canonical\" href=\"https:\/\/exaudi.org\/es\/papa-mas-servimos-mas-sentimos-presencia-dios\/\" \/>\n<meta property=\"og:locale\" content=\"es_ES\" \/>\n<meta property=\"og:type\" content=\"article\" \/>\n<meta property=\"og:title\" content=\"El Papa: \u201cCuanto m\u00e1s servimos, m\u00e1s sentimos la presencia de Dios\u201d\" \/>\n<meta property=\"og:description\" content=\"En el \u00c1ngelus de hoy, domingo 19 de septiembre de 2021, el Papa ha expresado que \u201ccuanto m\u00e1s servimos, m\u00e1s sentimos la presencia de Dios\u201d.\" \/>\n<meta property=\"og:url\" content=\"https:\/\/exaudi.org\/es\/papa-mas-servimos-mas-sentimos-presencia-dios\/\" \/>\n<meta property=\"og:site_name\" content=\"Exaudi\" \/>\n<meta property=\"article:publisher\" content=\"https:\/\/www.facebook.com\/ExaudiNews\" \/>\n<meta property=\"article:published_time\" content=\"2021-09-19T12:28:45+00:00\" \/>\n<meta property=\"article:modified_time\" content=\"2021-09-21T12:04:29+00:00\" \/>\n<meta property=\"og:image\" content=\"https:\/\/exaudi.org\/wp-content\/uploads\/2021\/08\/Angelus-August-29-2021-\u00a9-Vatican-Media.jpeg\" \/>\n\t<meta property=\"og:image:width\" content=\"768\" \/>\n\t<meta property=\"og:image:height\" content=\"432\" \/>\n\t<meta property=\"og:image:type\" content=\"image\/jpeg\" \/>\n<meta name=\"author\" content=\"Raquel Anillo\" \/>\n<meta name=\"twitter:card\" content=\"summary_large_image\" \/>\n<meta name=\"twitter:creator\" content=\"@Exaudi_News\" \/>\n<meta name=\"twitter:site\" content=\"@Exaudi_News\" \/>\n<meta name=\"twitter:label1\" content=\"Escrito por\" \/>\n\t<meta name=\"twitter:data1\" content=\"Raquel Anillo\" \/>\n\t<meta name=\"twitter:label2\" content=\"Tiempo de lectura\" \/>\n\t<meta name=\"twitter:data2\" content=\"5 minutos\" \/>\n<script type=\"application\/ld+json\" class=\"yoast-schema-graph\">{\"@context\":\"https:\\\/\\\/schema.org\",\"@graph\":[{\"@type\":\"Article\",\"@id\":\"https:\\\/\\\/exaudi.org\\\/es\\\/papa-mas-servimos-mas-sentimos-presencia-dios\\\/#article\",\"isPartOf\":{\"@id\":\"https:\\\/\\\/exaudi.org\\\/es\\\/papa-mas-servimos-mas-sentimos-presencia-dios\\\/\"},\"author\":{\"name\":\"Raquel Anillo\",\"@id\":\"https:\\\/\\\/exaudi.org\\\/#\\\/schema\\\/person\\\/6ff0af358a606d657c4b1b6e0d5c85cb\"},\"headline\":\"El Papa: \u201cCuanto m\u00e1s servimos, m\u00e1s sentimos la presencia de Dios\u201d\",\"datePublished\":\"2021-09-19T12:28:45+00:00\",\"dateModified\":\"2021-09-21T12:04:29+00:00\",\"mainEntityOfPage\":{\"@id\":\"https:\\\/\\\/exaudi.org\\\/es\\\/papa-mas-servimos-mas-sentimos-presencia-dios\\\/\"},\"wordCount\":1138,\"image\":{\"@id\":\"https:\\\/\\\/exaudi.org\\\/es\\\/papa-mas-servimos-mas-sentimos-presencia-dios\\\/#primaryimage\"},\"thumbnailUrl\":\"https:\\\/\\\/exaudi.org\\\/wp-content\\\/uploads\\\/2021\\\/08\\\/Angelus-August-29-2021-\u00a9-Vatican-Media.jpeg\",\"keywords\":[\"\u00c1ngelus 19 septiembre 2021\"],\"articleSection\":[\"\u00c1ngelus\",\"\u00daltimas noticias\"],\"inLanguage\":\"es\"},{\"@type\":\"WebPage\",\"@id\":\"https:\\\/\\\/exaudi.org\\\/es\\\/papa-mas-servimos-mas-sentimos-presencia-dios\\\/\",\"url\":\"https:\\\/\\\/exaudi.org\\\/es\\\/papa-mas-servimos-mas-sentimos-presencia-dios\\\/\",\"name\":\"El Papa: \u201cCuanto m\u00e1s servimos, m\u00e1s sentimos la presencia de Dios\u201d\",\"isPartOf\":{\"@id\":\"https:\\\/\\\/exaudi.org\\\/#website\"},\"primaryImageOfPage\":{\"@id\":\"https:\\\/\\\/exaudi.org\\\/es\\\/papa-mas-servimos-mas-sentimos-presencia-dios\\\/#primaryimage\"},\"image\":{\"@id\":\"https:\\\/\\\/exaudi.org\\\/es\\\/papa-mas-servimos-mas-sentimos-presencia-dios\\\/#primaryimage\"},\"thumbnailUrl\":\"https:\\\/\\\/exaudi.org\\\/wp-content\\\/uploads\\\/2021\\\/08\\\/Angelus-August-29-2021-\u00a9-Vatican-Media.jpeg\",\"datePublished\":\"2021-09-19T12:28:45+00:00\",\"dateModified\":\"2021-09-21T12:04:29+00:00\",\"author\":{\"@id\":\"https:\\\/\\\/exaudi.org\\\/#\\\/schema\\\/person\\\/6ff0af358a606d657c4b1b6e0d5c85cb\"},\"description\":\"En el \u00c1ngelus de hoy, domingo 19 de septiembre de 2021, el Papa ha expresado que \u201ccuanto m\u00e1s servimos, m\u00e1s sentimos la presencia de Dios\u201d.\",\"breadcrumb\":{\"@id\":\"https:\\\/\\\/exaudi.org\\\/es\\\/papa-mas-servimos-mas-sentimos-presencia-dios\\\/#breadcrumb\"},\"inLanguage\":\"es\",\"potentialAction\":[{\"@type\":\"ReadAction\",\"target\":[\"https:\\\/\\\/exaudi.org\\\/es\\\/papa-mas-servimos-mas-sentimos-presencia-dios\\\/\"]}]},{\"@type\":\"ImageObject\",\"inLanguage\":\"es\",\"@id\":\"https:\\\/\\\/exaudi.org\\\/es\\\/papa-mas-servimos-mas-sentimos-presencia-dios\\\/#primaryimage\",\"url\":\"https:\\\/\\\/exaudi.org\\\/wp-content\\\/uploads\\\/2021\\\/08\\\/Angelus-August-29-2021-\u00a9-Vatican-Media.jpeg\",\"contentUrl\":\"https:\\\/\\\/exaudi.org\\\/wp-content\\\/uploads\\\/2021\\\/08\\\/Angelus-August-29-2021-\u00a9-Vatican-Media.jpeg\",\"width\":768,\"height\":432,\"caption\":\"\u00c1ngelus 19 septiembre 2021 \u00a9 Vatican Media\"},{\"@type\":\"BreadcrumbList\",\"@id\":\"https:\\\/\\\/exaudi.org\\\/es\\\/papa-mas-servimos-mas-sentimos-presencia-dios\\\/#breadcrumb\",\"itemListElement\":[{\"@type\":\"ListItem\",\"position\":1,\"name\":\"Portada\",\"item\":\"https:\\\/\\\/exaudi.org\\\/es\\\/\"},{\"@type\":\"ListItem\",\"position\":2,\"name\":\"El Papa: \u201cCuanto m\u00e1s servimos, m\u00e1s sentimos la presencia de Dios\u201d\"}]},{\"@type\":\"WebSite\",\"@id\":\"https:\\\/\\\/exaudi.org\\\/#website\",\"url\":\"https:\\\/\\\/exaudi.org\\\/\",\"name\":\"Exaudi\",\"description\":\"News\",\"potentialAction\":[{\"@type\":\"SearchAction\",\"target\":{\"@type\":\"EntryPoint\",\"urlTemplate\":\"https:\\\/\\\/exaudi.org\\\/?s={search_term_string}\"},\"query-input\":{\"@type\":\"PropertyValueSpecification\",\"valueRequired\":true,\"valueName\":\"search_term_string\"}}],\"inLanguage\":\"es\"},{\"@type\":\"Person\",\"@id\":\"https:\\\/\\\/exaudi.org\\\/#\\\/schema\\\/person\\\/6ff0af358a606d657c4b1b6e0d5c85cb\",\"name\":\"Raquel Anillo\",\"image\":{\"@type\":\"ImageObject\",\"inLanguage\":\"es\",\"@id\":\"https:\\\/\\\/secure.gravatar.com\\\/avatar\\\/7f88757c095badfcf277fb437d860f221e7a4fb83008b887cccb1f1299f66efb?s=96&d=mm&r=g\",\"url\":\"https:\\\/\\\/secure.gravatar.com\\\/avatar\\\/7f88757c095badfcf277fb437d860f221e7a4fb83008b887cccb1f1299f66efb?s=96&d=mm&r=g\",\"contentUrl\":\"https:\\\/\\\/secure.gravatar.com\\\/avatar\\\/7f88757c095badfcf277fb437d860f221e7a4fb83008b887cccb1f1299f66efb?s=96&d=mm&r=g\",\"caption\":\"Raquel Anillo\"},\"description\":\"Casada. Comprometida con la Iglesia. Traductora e int\u00e9rprete para la Comunidad Emmanuel, especialmente para las sesiones internacionales de Paray le Monial (Francia) 1986 al 2005. Colaboradora de Zenit de 2012-2014 y de 2017-2020 como traductora.\",\"url\":\"https:\\\/\\\/exaudi.org\\\/es\\\/author\\\/ranilloexaudi-org\\\/\"}]}<\/script>\n<!-- \/ Yoast SEO plugin. -->","yoast_head_json":{"title":"El Papa: \u201cCuanto m\u00e1s servimos, m\u00e1s sentimos la presencia de Dios\u201d","description":"En el \u00c1ngelus de hoy, domingo 19 de septiembre de 2021, el Papa ha expresado que \u201ccuanto m\u00e1s servimos, m\u00e1s sentimos la presencia de Dios\u201d.","robots":{"index":"index","follow":"follow","max-snippet":"max-snippet:-1","max-image-preview":"max-image-preview:large","max-video-preview":"max-video-preview:-1"},"canonical":"https:\/\/exaudi.org\/es\/papa-mas-servimos-mas-sentimos-presencia-dios\/","og_locale":"es_ES","og_type":"article","og_title":"El Papa: \u201cCuanto m\u00e1s servimos, m\u00e1s sentimos la presencia de Dios\u201d","og_description":"En el \u00c1ngelus de hoy, domingo 19 de septiembre de 2021, el Papa ha expresado que \u201ccuanto m\u00e1s servimos, m\u00e1s sentimos la presencia de Dios\u201d.","og_url":"https:\/\/exaudi.org\/es\/papa-mas-servimos-mas-sentimos-presencia-dios\/","og_site_name":"Exaudi","article_publisher":"https:\/\/www.facebook.com\/ExaudiNews","article_published_time":"2021-09-19T12:28:45+00:00","article_modified_time":"2021-09-21T12:04:29+00:00","og_image":[{"width":768,"height":432,"url":"https:\/\/exaudi.org\/wp-content\/uploads\/2021\/08\/Angelus-August-29-2021-\u00a9-Vatican-Media.jpeg","type":"image\/jpeg"}],"author":"Raquel Anillo","twitter_card":"summary_large_image","twitter_creator":"@Exaudi_News","twitter_site":"@Exaudi_News","twitter_misc":{"Escrito por":"Raquel Anillo","Tiempo de lectura":"5 minutos"},"schema":{"@context":"https:\/\/schema.org","@graph":[{"@type":"Article","@id":"https:\/\/exaudi.org\/es\/papa-mas-servimos-mas-sentimos-presencia-dios\/#article","isPartOf":{"@id":"https:\/\/exaudi.org\/es\/papa-mas-servimos-mas-sentimos-presencia-dios\/"},"author":{"name":"Raquel Anillo","@id":"https:\/\/exaudi.org\/#\/schema\/person\/6ff0af358a606d657c4b1b6e0d5c85cb"},"headline":"El Papa: \u201cCuanto m\u00e1s servimos, m\u00e1s sentimos la presencia de Dios\u201d","datePublished":"2021-09-19T12:28:45+00:00","dateModified":"2021-09-21T12:04:29+00:00","mainEntityOfPage":{"@id":"https:\/\/exaudi.org\/es\/papa-mas-servimos-mas-sentimos-presencia-dios\/"},"wordCount":1138,"image":{"@id":"https:\/\/exaudi.org\/es\/papa-mas-servimos-mas-sentimos-presencia-dios\/#primaryimage"},"thumbnailUrl":"https:\/\/exaudi.org\/wp-content\/uploads\/2021\/08\/Angelus-August-29-2021-\u00a9-Vatican-Media.jpeg","keywords":["\u00c1ngelus 19 septiembre 2021"],"articleSection":["\u00c1ngelus","\u00daltimas noticias"],"inLanguage":"es"},{"@type":"WebPage","@id":"https:\/\/exaudi.org\/es\/papa-mas-servimos-mas-sentimos-presencia-dios\/","url":"https:\/\/exaudi.org\/es\/papa-mas-servimos-mas-sentimos-presencia-dios\/","name":"El Papa: \u201cCuanto m\u00e1s servimos, m\u00e1s sentimos la presencia de Dios\u201d","isPartOf":{"@id":"https:\/\/exaudi.org\/#website"},"primaryImageOfPage":{"@id":"https:\/\/exaudi.org\/es\/papa-mas-servimos-mas-sentimos-presencia-dios\/#primaryimage"},"image":{"@id":"https:\/\/exaudi.org\/es\/papa-mas-servimos-mas-sentimos-presencia-dios\/#primaryimage"},"thumbnailUrl":"https:\/\/exaudi.org\/wp-content\/uploads\/2021\/08\/Angelus-August-29-2021-\u00a9-Vatican-Media.jpeg","datePublished":"2021-09-19T12:28:45+00:00","dateModified":"2021-09-21T12:04:29+00:00","author":{"@id":"https:\/\/exaudi.org\/#\/schema\/person\/6ff0af358a606d657c4b1b6e0d5c85cb"},"description":"En el \u00c1ngelus de hoy, domingo 19 de septiembre de 2021, el Papa ha expresado que \u201ccuanto m\u00e1s servimos, m\u00e1s sentimos la presencia de Dios\u201d.","breadcrumb":{"@id":"https:\/\/exaudi.org\/es\/papa-mas-servimos-mas-sentimos-presencia-dios\/#breadcrumb"},"inLanguage":"es","potentialAction":[{"@type":"ReadAction","target":["https:\/\/exaudi.org\/es\/papa-mas-servimos-mas-sentimos-presencia-dios\/"]}]},{"@type":"ImageObject","inLanguage":"es","@id":"https:\/\/exaudi.org\/es\/papa-mas-servimos-mas-sentimos-presencia-dios\/#primaryimage","url":"https:\/\/exaudi.org\/wp-content\/uploads\/2021\/08\/Angelus-August-29-2021-\u00a9-Vatican-Media.jpeg","contentUrl":"https:\/\/exaudi.org\/wp-content\/uploads\/2021\/08\/Angelus-August-29-2021-\u00a9-Vatican-Media.jpeg","width":768,"height":432,"caption":"\u00c1ngelus 19 septiembre 2021 \u00a9 Vatican Media"},{"@type":"BreadcrumbList","@id":"https:\/\/exaudi.org\/es\/papa-mas-servimos-mas-sentimos-presencia-dios\/#breadcrumb","itemListElement":[{"@type":"ListItem","position":1,"name":"Portada","item":"https:\/\/exaudi.org\/es\/"},{"@type":"ListItem","position":2,"name":"El Papa: \u201cCuanto m\u00e1s servimos, m\u00e1s sentimos la presencia de Dios\u201d"}]},{"@type":"WebSite","@id":"https:\/\/exaudi.org\/#website","url":"https:\/\/exaudi.org\/","name":"Exaudi","description":"News","potentialAction":[{"@type":"SearchAction","target":{"@type":"EntryPoint","urlTemplate":"https:\/\/exaudi.org\/?s={search_term_string}"},"query-input":{"@type":"PropertyValueSpecification","valueRequired":true,"valueName":"search_term_string"}}],"inLanguage":"es"},{"@type":"Person","@id":"https:\/\/exaudi.org\/#\/schema\/person\/6ff0af358a606d657c4b1b6e0d5c85cb","name":"Raquel Anillo","image":{"@type":"ImageObject","inLanguage":"es","@id":"https:\/\/secure.gravatar.com\/avatar\/7f88757c095badfcf277fb437d860f221e7a4fb83008b887cccb1f1299f66efb?s=96&d=mm&r=g","url":"https:\/\/secure.gravatar.com\/avatar\/7f88757c095badfcf277fb437d860f221e7a4fb83008b887cccb1f1299f66efb?s=96&d=mm&r=g","contentUrl":"https:\/\/secure.gravatar.com\/avatar\/7f88757c095badfcf277fb437d860f221e7a4fb83008b887cccb1f1299f66efb?s=96&d=mm&r=g","caption":"Raquel Anillo"},"description":"Casada. Comprometida con la Iglesia. Traductora e int\u00e9rprete para la Comunidad Emmanuel, especialmente para las sesiones internacionales de Paray le Monial (Francia) 1986 al 2005. Colaboradora de Zenit de 2012-2014 y de 2017-2020 como traductora.","url":"https:\/\/exaudi.org\/es\/author\/ranilloexaudi-org\/"}]}},"jetpack_featured_media_url":"https:\/\/exaudi.org\/wp-content\/uploads\/2021\/08\/Angelus-August-29-2021-\u00a9-Vatican-Media.jpeg","jetpack_shortlink":"https:\/\/wp.me\/pgKjF2-8QQ","_links":{"self":[{"href":"https:\/\/exaudi.org\/es\/wp-json\/wp\/v2\/posts\/34028","targetHints":{"allow":["GET"]}}],"collection":[{"href":"https:\/\/exaudi.org\/es\/wp-json\/wp\/v2\/posts"}],"about":[{"href":"https:\/\/exaudi.org\/es\/wp-json\/wp\/v2\/types\/post"}],"author":[{"embeddable":true,"href":"https:\/\/exaudi.org\/es\/wp-json\/wp\/v2\/users\/7"}],"replies":[{"embeddable":true,"href":"https:\/\/exaudi.org\/es\/wp-json\/wp\/v2\/comments?post=34028"}],"version-history":[{"count":0,"href":"https:\/\/exaudi.org\/es\/wp-json\/wp\/v2\/posts\/34028\/revisions"}],"wp:featuredmedia":[{"embeddable":true,"href":"https:\/\/exaudi.org\/es\/wp-json\/wp\/v2\/media\/31268"}],"wp:attachment":[{"href":"https:\/\/exaudi.org\/es\/wp-json\/wp\/v2\/media?parent=34028"}],"wp:term":[{"taxonomy":"category","embeddable":true,"href":"https:\/\/exaudi.org\/es\/wp-json\/wp\/v2\/categories?post=34028"},{"taxonomy":"post_tag","embeddable":true,"href":"https:\/\/exaudi.org\/es\/wp-json\/wp\/v2\/tags?post=34028"}],"curies":[{"name":"wp","href":"https:\/\/api.w.org\/{rel}","templated":true}]}}