{"id":34018,"date":"2021-09-19T11:25:05","date_gmt":"2021-09-19T09:25:05","guid":{"rendered":"https:\/\/exaudi.wpengine.com\/?p=34018"},"modified":"2021-09-20T16:03:00","modified_gmt":"2021-09-20T14:03:00","slug":"papa-escuchar-llamada-victimas-abuso","status":"publish","type":"post","link":"https:\/\/exaudi.org\/es\/papa-escuchar-llamada-victimas-abuso\/","title":{"rendered":"El Papa: \u201cEscuchar llamada de v\u00edctimas\u201d de abusos"},"content":{"rendered":"<p>A trav\u00e9s de un videomensaje, el <a href=\"https:\/\/exaudi.wpengine.com\/es\/eslovaquia-papa-anima-ser-mas-comprensivos\/\" target=\"_blank\" rel=\"noopener\">Papa Francisco<\/a> se dirigi\u00f3 este s\u00e1bado, 18 de septiembre de 2021, a los representantes de los episcopados, las \u00f3rdenes religiosas y los profesionales laicos en la Conferencia Internacional sobre la Protecci\u00f3n de menores y los adultos vulnerables para las Iglesias de Europa Central y Oriental. En su escrito, el Santo Padre hace una llamada a escuchar a las v\u00edctimas de abusos.<\/p>\n<p>A continuaci\u00f3n, sigue el videomensaje del Papa, ofrecido por la <a href=\"https:\/\/www.vatican.va\/news_services\/press\/index_sp.htm\" target=\"_blank\" rel=\"noopener\">Santa Sede<\/a>:<\/p>\n<p>***<\/p>\n<p><iframe loading=\"lazy\" title=\"Abusi su minori, il Papa: al servizio delle vittime per affrontare le sfide future\" width=\"500\" height=\"281\" src=\"https:\/\/www.youtube.com\/embed\/KZ_yYA168XY?feature=oembed\" frameborder=\"0\" allow=\"accelerometer; autoplay; clipboard-write; encrypted-media; gyroscope; picture-in-picture; web-share\" referrerpolicy=\"strict-origin-when-cross-origin\" allowfullscreen><\/iframe><\/p>\n<h4><strong>Videomensaje del Papa<\/strong><\/h4>\n<p>Queridos hermanos y hermanas, me alegra daros la bienvenida ahora que est\u00e1is reunidos para reflexionar sobre la respuesta que la Iglesia est\u00e1 dando a la crisis de los abusos sexuales a menores por parte de miembros de la Iglesia, y sobre los modos en que puede responder m\u00e1s adecuadamente a esta grav\u00edsima situaci\u00f3n a la que nos enfrentamos.<\/p>\n<p>Al dirigirme a los l\u00edderes de las conferencias episcopales del mundo, <a href=\"https:\/\/press.vatican.va\/content\/salastampa\/es\/bollettino\/pubblico\/2019\/02\/21\/sant.html\" target=\"_blank\" rel=\"noopener\">reunidos en Roma en febrero de 2019<\/a>, expres\u00e9 mi aliento para que se asegurasen de que el bienestar de las v\u00edctimas no se dejase de lado en favor de una preocupaci\u00f3n malentendida por la reputaci\u00f3n de la Iglesia como instituci\u00f3n. Por el contrario, s\u00f3lo afrontando la verdad de estos comportamientos crueles y buscando humildemente el perd\u00f3n de las v\u00edctimas y de los supervivientes, la Iglesia podr\u00e1 encontrar el camino para volver a ser vista con confianza como un lugar de acogida y de seguridad para los necesitados. Nuestras manifestaciones de contrici\u00f3n deben convertirse en una v\u00eda concreta de reforma, tanto para evitar nuevos abusos como para garantizar a los dem\u00e1s la confianza en que nuestros esfuerzos conducir\u00e1n a un cambio real y fiable.<\/p>\n<p>Os animo a escuchar la llamada de las v\u00edctimas y a comprometeros, los unos con los otros y con la sociedad en general, en estos importantes debates porque ata\u00f1en verdaderamente al futuro de la Iglesia en Europa Central y Oriental, no s\u00f3lo al futuro de la Iglesia, sino tambi\u00e9n al coraz\u00f3n del cristiano, ata\u00f1en a nuestra responsabilidad.<\/p>\n<p>No sois los primeros que hab\u00e9is tenido la responsabilidad de tomar estas medidas, tan necesarias, y es poco probable que se\u00e1is los \u00faltimos. Pero sabed que no est\u00e1is solos en estos momentos dif\u00edciles.<\/p>\n<p>Reconocer nuestros errores y fracasos puede hacernos sentir vulnerables y fr\u00e1giles, eso es seguro. Pero tambi\u00e9n puede ser un tiempo de gracia maravillosa, un tiempo de vaciamiento, que abre nuevos horizontes de amor y de servicio mutuo. Si reconocemos nuestros errores, no tendremos nada que temer, porque ser\u00e1 el Se\u00f1or mismo quien nos habr\u00e1 llevado hasta all\u00ed.<\/p>\n<p>\u201cSin malicia hacia nadie y con caridad hacia todos\u201d. (A. Lincoln), os exhorto a ser humildes instrumentos del Se\u00f1or, al servicio de las v\u00edctimas de los abusos, vi\u00e9ndolas como compa\u00f1eras y protagonistas de un futuro com\u00fan, aprendiendo unos de otros a ser m\u00e1s fieles y m\u00e1s resilientes para que, juntos, podamos afrontar los retos del futuro. Que el Se\u00f1or os bendiga, que la Virgen os proteja y, por favor, no os olvid\u00e9is de rezar por m\u00ed. Gracias.<\/p>\n<p><strong>\u00a9 Librer\u00eda Editora Vaticana<\/strong><\/p>\n","protected":false},"excerpt":{"rendered":"<p>Conferencia internacional sobre la Protecci\u00f3n de menores y adultos vulnerables para las Iglesias de Europa Central y Oriental<\/p>\n","protected":false},"author":15,"featured_media":34019,"comment_status":"closed","ping_status":"closed","sticky":false,"template":"","format":"standard","meta":{"_acf_changed":false,"_crdt_document":"","inline_featured_image":false,"footnotes":""},"categories":[68,298],"tags":[4188,4189,158,1994],"class_list":["post-34018","post","type-post","status-publish","format-standard","has-post-thumbnail","hentry","category-leon-xiv","category-ultimas-noticias","tag-conferencia-proteccion-de-menores","tag-iglesias-de-europa","tag-papa-francisco","tag-trata-de-menores"],"acf":[],"yoast_head":"<!-- This site is optimized with the Yoast SEO plugin v27.5 - https:\/\/yoast.com\/product\/yoast-seo-wordpress\/ -->\n<title>El Papa: \u201cEscuchar llamada de v\u00edctimas\u201d de abusos - Exaudi<\/title>\n<meta name=\"description\" content=\"A trav\u00e9s de un videomensaje, el Papa Francisco hizo un llamamiento a \u201cescuchar la llamada de las v\u00edctimas\u201d de abusos.\" \/>\n<meta name=\"robots\" content=\"index, follow, max-snippet:-1, max-image-preview:large, max-video-preview:-1\" \/>\n<link rel=\"canonical\" href=\"https:\/\/exaudi.org\/es\/papa-escuchar-llamada-victimas-abuso\/\" \/>\n<meta property=\"og:locale\" content=\"es_ES\" \/>\n<meta property=\"og:type\" content=\"article\" \/>\n<meta property=\"og:title\" content=\"El Papa: \u201cEscuchar llamada de v\u00edctimas\u201d de abusos - Exaudi\" \/>\n<meta property=\"og:description\" content=\"A trav\u00e9s de un videomensaje, el Papa Francisco hizo un llamamiento a \u201cescuchar la llamada de las v\u00edctimas\u201d de abusos.\" \/>\n<meta property=\"og:url\" content=\"https:\/\/exaudi.org\/es\/papa-escuchar-llamada-victimas-abuso\/\" \/>\n<meta property=\"og:site_name\" content=\"Exaudi\" \/>\n<meta property=\"article:publisher\" content=\"https:\/\/www.facebook.com\/ExaudiNews\" \/>\n<meta property=\"article:author\" content=\"https:\/\/www.facebook.com\/ExaudiNoticias\/\" \/>\n<meta property=\"article:published_time\" content=\"2021-09-19T09:25:05+00:00\" \/>\n<meta property=\"article:modified_time\" content=\"2021-09-20T14:03:00+00:00\" \/>\n<meta property=\"og:image\" content=\"https:\/\/exaudi.org\/wp-content\/uploads\/2021\/09\/El-Papa-Francisco-en-oracion.jpeg\" \/>\n\t<meta property=\"og:image:width\" content=\"1000\" \/>\n\t<meta property=\"og:image:height\" content=\"562\" \/>\n\t<meta property=\"og:image:type\" content=\"image\/jpeg\" \/>\n<meta name=\"author\" content=\"Exaudi Redacci\u00f3n\" \/>\n<meta name=\"twitter:card\" content=\"summary_large_image\" \/>\n<meta name=\"twitter:creator\" content=\"@Exaudi_noticias\" \/>\n<meta name=\"twitter:site\" content=\"@Exaudi_News\" \/>\n<meta name=\"twitter:label1\" content=\"Escrito por\" \/>\n\t<meta name=\"twitter:data1\" content=\"Exaudi Redacci\u00f3n\" \/>\n\t<meta name=\"twitter:label2\" content=\"Tiempo de lectura\" \/>\n\t<meta name=\"twitter:data2\" content=\"3 minutos\" \/>\n<script type=\"application\/ld+json\" class=\"yoast-schema-graph\">{\"@context\":\"https:\\\/\\\/schema.org\",\"@graph\":[{\"@type\":\"Article\",\"@id\":\"https:\\\/\\\/exaudi.org\\\/es\\\/papa-escuchar-llamada-victimas-abuso\\\/#article\",\"isPartOf\":{\"@id\":\"https:\\\/\\\/exaudi.org\\\/es\\\/papa-escuchar-llamada-victimas-abuso\\\/\"},\"author\":{\"name\":\"Exaudi Redacci\u00f3n\",\"@id\":\"https:\\\/\\\/exaudi.org\\\/#\\\/schema\\\/person\\\/f5fc8f063065e38742da7afe15f25df7\"},\"headline\":\"El Papa: \u201cEscuchar llamada de v\u00edctimas\u201d de abusos\",\"datePublished\":\"2021-09-19T09:25:05+00:00\",\"dateModified\":\"2021-09-20T14:03:00+00:00\",\"mainEntityOfPage\":{\"@id\":\"https:\\\/\\\/exaudi.org\\\/es\\\/papa-escuchar-llamada-victimas-abuso\\\/\"},\"wordCount\":562,\"image\":{\"@id\":\"https:\\\/\\\/exaudi.org\\\/es\\\/papa-escuchar-llamada-victimas-abuso\\\/#primaryimage\"},\"thumbnailUrl\":\"https:\\\/\\\/exaudi.org\\\/wp-content\\\/uploads\\\/2021\\\/09\\\/El-Papa-Francisco-en-oracion.jpeg\",\"keywords\":[\"Conferencia protecci\u00f3n de menores\",\"Iglesias de Europa\",\"papa francisco\",\"Trata de menores\"],\"articleSection\":[\"Le\u00f3n XIV\",\"\u00daltimas noticias\"],\"inLanguage\":\"es\"},{\"@type\":\"WebPage\",\"@id\":\"https:\\\/\\\/exaudi.org\\\/es\\\/papa-escuchar-llamada-victimas-abuso\\\/\",\"url\":\"https:\\\/\\\/exaudi.org\\\/es\\\/papa-escuchar-llamada-victimas-abuso\\\/\",\"name\":\"El Papa: \u201cEscuchar llamada de v\u00edctimas\u201d de abusos - Exaudi\",\"isPartOf\":{\"@id\":\"https:\\\/\\\/exaudi.org\\\/#website\"},\"primaryImageOfPage\":{\"@id\":\"https:\\\/\\\/exaudi.org\\\/es\\\/papa-escuchar-llamada-victimas-abuso\\\/#primaryimage\"},\"image\":{\"@id\":\"https:\\\/\\\/exaudi.org\\\/es\\\/papa-escuchar-llamada-victimas-abuso\\\/#primaryimage\"},\"thumbnailUrl\":\"https:\\\/\\\/exaudi.org\\\/wp-content\\\/uploads\\\/2021\\\/09\\\/El-Papa-Francisco-en-oracion.jpeg\",\"datePublished\":\"2021-09-19T09:25:05+00:00\",\"dateModified\":\"2021-09-20T14:03:00+00:00\",\"author\":{\"@id\":\"https:\\\/\\\/exaudi.org\\\/#\\\/schema\\\/person\\\/f5fc8f063065e38742da7afe15f25df7\"},\"description\":\"A trav\u00e9s de un videomensaje, el Papa Francisco hizo un llamamiento a \u201cescuchar la llamada de las v\u00edctimas\u201d de abusos.\",\"breadcrumb\":{\"@id\":\"https:\\\/\\\/exaudi.org\\\/es\\\/papa-escuchar-llamada-victimas-abuso\\\/#breadcrumb\"},\"inLanguage\":\"es\",\"potentialAction\":[{\"@type\":\"ReadAction\",\"target\":[\"https:\\\/\\\/exaudi.org\\\/es\\\/papa-escuchar-llamada-victimas-abuso\\\/\"]}]},{\"@type\":\"ImageObject\",\"inLanguage\":\"es\",\"@id\":\"https:\\\/\\\/exaudi.org\\\/es\\\/papa-escuchar-llamada-victimas-abuso\\\/#primaryimage\",\"url\":\"https:\\\/\\\/exaudi.org\\\/wp-content\\\/uploads\\\/2021\\\/09\\\/El-Papa-Francisco-en-oracion.jpeg\",\"contentUrl\":\"https:\\\/\\\/exaudi.org\\\/wp-content\\\/uploads\\\/2021\\\/09\\\/El-Papa-Francisco-en-oracion.jpeg\",\"width\":1000,\"height\":562,\"caption\":\"El Papa Francisco en oraci\u00f3n \u00a9 Vatican Media\"},{\"@type\":\"BreadcrumbList\",\"@id\":\"https:\\\/\\\/exaudi.org\\\/es\\\/papa-escuchar-llamada-victimas-abuso\\\/#breadcrumb\",\"itemListElement\":[{\"@type\":\"ListItem\",\"position\":1,\"name\":\"Portada\",\"item\":\"https:\\\/\\\/exaudi.org\\\/es\\\/\"},{\"@type\":\"ListItem\",\"position\":2,\"name\":\"El Papa: \u201cEscuchar llamada de v\u00edctimas\u201d de abusos\"}]},{\"@type\":\"WebSite\",\"@id\":\"https:\\\/\\\/exaudi.org\\\/#website\",\"url\":\"https:\\\/\\\/exaudi.org\\\/\",\"name\":\"Exaudi\",\"description\":\"News\",\"potentialAction\":[{\"@type\":\"SearchAction\",\"target\":{\"@type\":\"EntryPoint\",\"urlTemplate\":\"https:\\\/\\\/exaudi.org\\\/?s={search_term_string}\"},\"query-input\":{\"@type\":\"PropertyValueSpecification\",\"valueRequired\":true,\"valueName\":\"search_term_string\"}}],\"inLanguage\":\"es\"},{\"@type\":\"Person\",\"@id\":\"https:\\\/\\\/exaudi.org\\\/#\\\/schema\\\/person\\\/f5fc8f063065e38742da7afe15f25df7\",\"name\":\"Exaudi Redacci\u00f3n\",\"image\":{\"@type\":\"ImageObject\",\"inLanguage\":\"es\",\"@id\":\"https:\\\/\\\/secure.gravatar.com\\\/avatar\\\/fe0f6a059fb68d9b3e11bc5850dd4899b1c7492091a3cb6dd9b01b56ad828be2?s=96&d=mm&r=g\",\"url\":\"https:\\\/\\\/secure.gravatar.com\\\/avatar\\\/fe0f6a059fb68d9b3e11bc5850dd4899b1c7492091a3cb6dd9b01b56ad828be2?s=96&d=mm&r=g\",\"contentUrl\":\"https:\\\/\\\/secure.gravatar.com\\\/avatar\\\/fe0f6a059fb68d9b3e11bc5850dd4899b1c7492091a3cb6dd9b01b56ad828be2?s=96&d=mm&r=g\",\"caption\":\"Exaudi Redacci\u00f3n\"},\"description\":\"\u00bfQu\u00e9 es Exaudi News? Exaudi News es un medio de comunicaci\u00f3n cat\u00f3lico internacional que informa, forma y transforma, diariamente en espa\u00f1ol, ingl\u00e9s e italiano. A trav\u00e9s de noticias, art\u00edculos de an\u00e1lisis y transmisiones en directo de los eventos del Papa, Exaudi busca fortalecer la unidad de los cristianos y contribuir a la evangelizaci\u00f3n del mundo, siempre guiados por la doctrina social de la Iglesia. Trabajamos para acercar la verdad y los valores cristianos a cada rinc\u00f3n del planeta. \u00a1Ay\u00fadanos a transformar el mundo con Exaudi! En Exaudi creemos que la evangelizaci\u00f3n y la informaci\u00f3n de calidad pueden cambiar vidas. Para continuar con nuestra misi\u00f3n y expandir nuestro alcance, necesitamos tu ayuda. Adem\u00e1s, buscamos personas comprometidas que deseen unirse a nuestro equipo. Con tu apoyo, lograremos llegar a m\u00e1s personas, difundir el mensaje de Cristo y reforzar la unidad de los cristianos. \u00bfTe unes a nuestra misi\u00f3n? Para m\u00e1s informaci\u00f3n sobre c\u00f3mo colaborar, visita Exaudi.org\\\/es o cont\u00e1ctanos directamente: info@exaudi.org Exaudi: Informa, forma y transforma.\",\"sameAs\":[\"https:\\\/\\\/www.facebook.com\\\/ExaudiNoticias\\\/\",\"https:\\\/\\\/www.instagram.com\\\/exaudi_noticias\\\/\",\"https:\\\/\\\/x.com\\\/Exaudi_noticias\",\"https:\\\/\\\/www.youtube.com\\\/@exaudicatholicnews\"],\"url\":\"https:\\\/\\\/exaudi.org\\\/es\\\/author\\\/redaccionexaudi\\\/\"}]}<\/script>\n<!-- \/ Yoast SEO plugin. -->","yoast_head_json":{"title":"El Papa: \u201cEscuchar llamada de v\u00edctimas\u201d de abusos - Exaudi","description":"A trav\u00e9s de un videomensaje, el Papa Francisco hizo un llamamiento a \u201cescuchar la llamada de las v\u00edctimas\u201d de abusos.","robots":{"index":"index","follow":"follow","max-snippet":"max-snippet:-1","max-image-preview":"max-image-preview:large","max-video-preview":"max-video-preview:-1"},"canonical":"https:\/\/exaudi.org\/es\/papa-escuchar-llamada-victimas-abuso\/","og_locale":"es_ES","og_type":"article","og_title":"El Papa: \u201cEscuchar llamada de v\u00edctimas\u201d de abusos - Exaudi","og_description":"A trav\u00e9s de un videomensaje, el Papa Francisco hizo un llamamiento a \u201cescuchar la llamada de las v\u00edctimas\u201d de abusos.","og_url":"https:\/\/exaudi.org\/es\/papa-escuchar-llamada-victimas-abuso\/","og_site_name":"Exaudi","article_publisher":"https:\/\/www.facebook.com\/ExaudiNews","article_author":"https:\/\/www.facebook.com\/ExaudiNoticias\/","article_published_time":"2021-09-19T09:25:05+00:00","article_modified_time":"2021-09-20T14:03:00+00:00","og_image":[{"width":1000,"height":562,"url":"https:\/\/exaudi.org\/wp-content\/uploads\/2021\/09\/El-Papa-Francisco-en-oracion.jpeg","type":"image\/jpeg"}],"author":"Exaudi Redacci\u00f3n","twitter_card":"summary_large_image","twitter_creator":"@Exaudi_noticias","twitter_site":"@Exaudi_News","twitter_misc":{"Escrito por":"Exaudi Redacci\u00f3n","Tiempo de lectura":"3 minutos"},"schema":{"@context":"https:\/\/schema.org","@graph":[{"@type":"Article","@id":"https:\/\/exaudi.org\/es\/papa-escuchar-llamada-victimas-abuso\/#article","isPartOf":{"@id":"https:\/\/exaudi.org\/es\/papa-escuchar-llamada-victimas-abuso\/"},"author":{"name":"Exaudi Redacci\u00f3n","@id":"https:\/\/exaudi.org\/#\/schema\/person\/f5fc8f063065e38742da7afe15f25df7"},"headline":"El Papa: \u201cEscuchar llamada de v\u00edctimas\u201d de abusos","datePublished":"2021-09-19T09:25:05+00:00","dateModified":"2021-09-20T14:03:00+00:00","mainEntityOfPage":{"@id":"https:\/\/exaudi.org\/es\/papa-escuchar-llamada-victimas-abuso\/"},"wordCount":562,"image":{"@id":"https:\/\/exaudi.org\/es\/papa-escuchar-llamada-victimas-abuso\/#primaryimage"},"thumbnailUrl":"https:\/\/exaudi.org\/wp-content\/uploads\/2021\/09\/El-Papa-Francisco-en-oracion.jpeg","keywords":["Conferencia protecci\u00f3n de menores","Iglesias de Europa","papa francisco","Trata de menores"],"articleSection":["Le\u00f3n XIV","\u00daltimas noticias"],"inLanguage":"es"},{"@type":"WebPage","@id":"https:\/\/exaudi.org\/es\/papa-escuchar-llamada-victimas-abuso\/","url":"https:\/\/exaudi.org\/es\/papa-escuchar-llamada-victimas-abuso\/","name":"El Papa: \u201cEscuchar llamada de v\u00edctimas\u201d de abusos - Exaudi","isPartOf":{"@id":"https:\/\/exaudi.org\/#website"},"primaryImageOfPage":{"@id":"https:\/\/exaudi.org\/es\/papa-escuchar-llamada-victimas-abuso\/#primaryimage"},"image":{"@id":"https:\/\/exaudi.org\/es\/papa-escuchar-llamada-victimas-abuso\/#primaryimage"},"thumbnailUrl":"https:\/\/exaudi.org\/wp-content\/uploads\/2021\/09\/El-Papa-Francisco-en-oracion.jpeg","datePublished":"2021-09-19T09:25:05+00:00","dateModified":"2021-09-20T14:03:00+00:00","author":{"@id":"https:\/\/exaudi.org\/#\/schema\/person\/f5fc8f063065e38742da7afe15f25df7"},"description":"A trav\u00e9s de un videomensaje, el Papa Francisco hizo un llamamiento a \u201cescuchar la llamada de las v\u00edctimas\u201d de abusos.","breadcrumb":{"@id":"https:\/\/exaudi.org\/es\/papa-escuchar-llamada-victimas-abuso\/#breadcrumb"},"inLanguage":"es","potentialAction":[{"@type":"ReadAction","target":["https:\/\/exaudi.org\/es\/papa-escuchar-llamada-victimas-abuso\/"]}]},{"@type":"ImageObject","inLanguage":"es","@id":"https:\/\/exaudi.org\/es\/papa-escuchar-llamada-victimas-abuso\/#primaryimage","url":"https:\/\/exaudi.org\/wp-content\/uploads\/2021\/09\/El-Papa-Francisco-en-oracion.jpeg","contentUrl":"https:\/\/exaudi.org\/wp-content\/uploads\/2021\/09\/El-Papa-Francisco-en-oracion.jpeg","width":1000,"height":562,"caption":"El Papa Francisco en oraci\u00f3n \u00a9 Vatican Media"},{"@type":"BreadcrumbList","@id":"https:\/\/exaudi.org\/es\/papa-escuchar-llamada-victimas-abuso\/#breadcrumb","itemListElement":[{"@type":"ListItem","position":1,"name":"Portada","item":"https:\/\/exaudi.org\/es\/"},{"@type":"ListItem","position":2,"name":"El Papa: \u201cEscuchar llamada de v\u00edctimas\u201d de abusos"}]},{"@type":"WebSite","@id":"https:\/\/exaudi.org\/#website","url":"https:\/\/exaudi.org\/","name":"Exaudi","description":"News","potentialAction":[{"@type":"SearchAction","target":{"@type":"EntryPoint","urlTemplate":"https:\/\/exaudi.org\/?s={search_term_string}"},"query-input":{"@type":"PropertyValueSpecification","valueRequired":true,"valueName":"search_term_string"}}],"inLanguage":"es"},{"@type":"Person","@id":"https:\/\/exaudi.org\/#\/schema\/person\/f5fc8f063065e38742da7afe15f25df7","name":"Exaudi Redacci\u00f3n","image":{"@type":"ImageObject","inLanguage":"es","@id":"https:\/\/secure.gravatar.com\/avatar\/fe0f6a059fb68d9b3e11bc5850dd4899b1c7492091a3cb6dd9b01b56ad828be2?s=96&d=mm&r=g","url":"https:\/\/secure.gravatar.com\/avatar\/fe0f6a059fb68d9b3e11bc5850dd4899b1c7492091a3cb6dd9b01b56ad828be2?s=96&d=mm&r=g","contentUrl":"https:\/\/secure.gravatar.com\/avatar\/fe0f6a059fb68d9b3e11bc5850dd4899b1c7492091a3cb6dd9b01b56ad828be2?s=96&d=mm&r=g","caption":"Exaudi Redacci\u00f3n"},"description":"\u00bfQu\u00e9 es Exaudi News? Exaudi News es un medio de comunicaci\u00f3n cat\u00f3lico internacional que informa, forma y transforma, diariamente en espa\u00f1ol, ingl\u00e9s e italiano. A trav\u00e9s de noticias, art\u00edculos de an\u00e1lisis y transmisiones en directo de los eventos del Papa, Exaudi busca fortalecer la unidad de los cristianos y contribuir a la evangelizaci\u00f3n del mundo, siempre guiados por la doctrina social de la Iglesia. Trabajamos para acercar la verdad y los valores cristianos a cada rinc\u00f3n del planeta. \u00a1Ay\u00fadanos a transformar el mundo con Exaudi! En Exaudi creemos que la evangelizaci\u00f3n y la informaci\u00f3n de calidad pueden cambiar vidas. Para continuar con nuestra misi\u00f3n y expandir nuestro alcance, necesitamos tu ayuda. Adem\u00e1s, buscamos personas comprometidas que deseen unirse a nuestro equipo. Con tu apoyo, lograremos llegar a m\u00e1s personas, difundir el mensaje de Cristo y reforzar la unidad de los cristianos. \u00bfTe unes a nuestra misi\u00f3n? Para m\u00e1s informaci\u00f3n sobre c\u00f3mo colaborar, visita Exaudi.org\/es o cont\u00e1ctanos directamente: info@exaudi.org Exaudi: Informa, forma y transforma.","sameAs":["https:\/\/www.facebook.com\/ExaudiNoticias\/","https:\/\/www.instagram.com\/exaudi_noticias\/","https:\/\/x.com\/Exaudi_noticias","https:\/\/www.youtube.com\/@exaudicatholicnews"],"url":"https:\/\/exaudi.org\/es\/author\/redaccionexaudi\/"}]}},"jetpack_featured_media_url":"https:\/\/exaudi.org\/wp-content\/uploads\/2021\/09\/El-Papa-Francisco-en-oracion.jpeg","jetpack_shortlink":"https:\/\/wp.me\/pgKjF2-8QG","_links":{"self":[{"href":"https:\/\/exaudi.org\/es\/wp-json\/wp\/v2\/posts\/34018","targetHints":{"allow":["GET"]}}],"collection":[{"href":"https:\/\/exaudi.org\/es\/wp-json\/wp\/v2\/posts"}],"about":[{"href":"https:\/\/exaudi.org\/es\/wp-json\/wp\/v2\/types\/post"}],"author":[{"embeddable":true,"href":"https:\/\/exaudi.org\/es\/wp-json\/wp\/v2\/users\/15"}],"replies":[{"embeddable":true,"href":"https:\/\/exaudi.org\/es\/wp-json\/wp\/v2\/comments?post=34018"}],"version-history":[{"count":0,"href":"https:\/\/exaudi.org\/es\/wp-json\/wp\/v2\/posts\/34018\/revisions"}],"wp:featuredmedia":[{"embeddable":true,"href":"https:\/\/exaudi.org\/es\/wp-json\/wp\/v2\/media\/34019"}],"wp:attachment":[{"href":"https:\/\/exaudi.org\/es\/wp-json\/wp\/v2\/media?parent=34018"}],"wp:term":[{"taxonomy":"category","embeddable":true,"href":"https:\/\/exaudi.org\/es\/wp-json\/wp\/v2\/categories?post=34018"},{"taxonomy":"post_tag","embeddable":true,"href":"https:\/\/exaudi.org\/es\/wp-json\/wp\/v2\/tags?post=34018"}],"curies":[{"name":"wp","href":"https:\/\/api.w.org\/{rel}","templated":true}]}}