{"id":33913,"date":"2021-09-17T10:15:34","date_gmt":"2021-09-17T08:15:34","guid":{"rendered":"https:\/\/exaudi.wpengine.com\/?p=33913"},"modified":"2021-09-20T08:33:27","modified_gmt":"2021-09-20T06:33:27","slug":"cambio-climatico-viaje-bicicleta-salvar-mundo","status":"publish","type":"post","link":"https:\/\/exaudi.org\/es\/cambio-climatico-viaje-bicicleta-salvar-mundo\/","title":{"rendered":"Cambio clim\u00e1tico: Viaje en bicicleta para salvar el mundo"},"content":{"rendered":"<p>\u00bfHas hecho algo para salvar el mundo en tus vacaciones de verano? La mayor\u00eda de nosotros probablemente no. Las vacaciones de verano nos recuerdan m\u00e1s bien a la playa, a una caba\u00f1a en los bosques del norte o a la lectura de ese libro que llevamos meses intentando descifrar.<\/p>\n<p>Yoram y Aaron Kannangara ten\u00edan un plan diferente: ir en bicicleta de \u00c1msterdam a Roma, publicando un <a href=\"https:\/\/www.instagram.com\/p\/CSylZQqos3z\/\" target=\"_blank\" rel=\"noopener\">blog de Instagram<\/a> por el camino y concienciando sobre el cambio clim\u00e1tico.<\/p>\n<p><img loading=\"lazy\" decoding=\"async\" class=\"size-full wp-image-33917 alignleft\" src=\"https:\/\/exaudi.wpengine.com\/wp-content\/uploads\/2021\/09\/bike2-300x288-1.jpg\" alt=\"\" width=\"300\" height=\"288\" srcset=\"https:\/\/exaudi.org\/wp-content\/uploads\/2021\/09\/bike2-300x288-1.jpg 300w, https:\/\/exaudi.org\/wp-content\/uploads\/2021\/09\/bike2-300x288-1-150x144.jpg 150w\" sizes=\"auto, (max-width: 300px) 100vw, 300px\" \/>Dos semanas de viaje, neum\u00e1ticos pinchados, m\u00fasculos doloridos y algunos golpes y magulladuras, y completaron el tipo de viaje que la mayor\u00eda de la gente pretende hacer, pero que probablemente nunca emprender\u00e1. Puedes ver todos sus posts (son muy divertidos) y ver una gran cantidad de fotos en el blog.<\/p>\n<p>(Y si te preguntas por qu\u00e9 Exaudi se interesar\u00eda por las actividades veraniegas de este d\u00fao en particular, la revelaci\u00f3n completa exige que los identifiquemos como los hijos de Caroline Weijers, la embajadora de los Pa\u00edses Bajos ante la Santa Sede).<\/p>\n<p>La cabalgata de los Hermanos Kannangara responde a la constante llamada del Papa Francisco al cuidado de la creaci\u00f3n. Por supuesto, Francisco fue el primero en escribir una enc\u00edclica sobre el medio ambiente. Persisten los informes -no confirmados por el Vaticano- de que har\u00e1 un breve viaje a Glasgow en el <a href=\"https:\/\/exaudi.wpengine.com\/es\/papa-rumores-renuncia-ni-se-me-paso-por-la-cabeza\/\" target=\"_blank\" rel=\"noopener\">COP26<\/a>.<\/p>\n<p>A continuaci\u00f3n, Yoram nos explica de qu\u00e9 se trata:<\/p>\n<p>\u201cMe llamo Yoram Kannangara y he cumplido 30 a\u00f1os durante el viaje. Soy asesor pol\u00edtico en el Ministerio de Justicia y Seguridad de los Pa\u00edses Bajos. Mi hermano, A\u00e4ron Kannangara, tiene 26 a\u00f1os y est\u00e1 terminando su m\u00e1ster como inform\u00e1tico en la Universidad de Leiden (TIC en la empresa y el sector p\u00fablico).<\/p>\n<p><img loading=\"lazy\" decoding=\"async\" class=\"size-full wp-image-33920 alignright\" src=\"https:\/\/exaudi.wpengine.com\/wp-content\/uploads\/2021\/09\/bike3-300x279-1.jpg\" alt=\"\" width=\"300\" height=\"279\" srcset=\"https:\/\/exaudi.org\/wp-content\/uploads\/2021\/09\/bike3-300x279-1.jpg 300w, https:\/\/exaudi.org\/wp-content\/uploads\/2021\/09\/bike3-300x279-1-150x140.jpg 150w\" sizes=\"auto, (max-width: 300px) 100vw, 300px\" \/>Yo (Yoram) me fui de \u00c1msterdam el 14 de agosto. Como mi hermano vive en La Haya, pas\u00e9 por all\u00ed a recogerle y el primer d\u00eda seguimos hasta Amberes. Finalmente llegamos a Roma el 31 de agosto\u201d.<\/p>\n<p>El objetivo de nuestro blog (de nuestro viaje y sobre cuestiones clim\u00e1ticas) era informar, expresar nuestras preocupaciones y transmitir el impacto que pueden tener nuestras acciones como individuos.<\/p>\n<p>Las pr\u00f3ximas tres d\u00e9cadas ser\u00e1n probablemente las m\u00e1s calurosas registradas en la historia de la humanidad. El reciente informe del IPCC ha aportado m\u00e1s pruebas al respecto. No voy a entrar en los detalles de los s\u00edntomas. Sin embargo, hay que hablar m\u00e1s de ello. No s\u00f3lo de que es un gran problema. Sobre c\u00f3mo pueden contribuir su sociedad, sus l\u00edderes, la pol\u00edtica, las empresas y ellos mismos. El cambio no suele ser popular. Sobre todo cuando el cambio significa una transformaci\u00f3n de la sociedad. Ciertamente, cuando el cambio afecta a nuestro nivel de vida. Nuestra forma de vida. En qu\u00e9 se centran todas nuestras normas y valores. C\u00f3mo nos han educado. Sin embargo, tenemos que cambiar nuestra forma de movernos, de comer, de calentar nuestras casas (o de enfriarlas), etc. No olvidemos las ventajas de estos cambios.<\/p>\n<p><img loading=\"lazy\" decoding=\"async\" class=\"size-medium wp-image-33923 alignleft\" src=\"https:\/\/exaudi.wpengine.com\/wp-content\/uploads\/2021\/09\/Captura-de-pantalla-2021-09-17-100935-300x300.png\" alt=\"\" width=\"300\" height=\"300\" srcset=\"https:\/\/exaudi.org\/wp-content\/uploads\/2021\/09\/Captura-de-pantalla-2021-09-17-100935-300x300.png 300w, https:\/\/exaudi.org\/wp-content\/uploads\/2021\/09\/Captura-de-pantalla-2021-09-17-100935-150x150.png 150w, https:\/\/exaudi.org\/wp-content\/uploads\/2021\/09\/Captura-de-pantalla-2021-09-17-100935-768x768.png 768w, https:\/\/exaudi.org\/wp-content\/uploads\/2021\/09\/Captura-de-pantalla-2021-09-17-100935-696x696.png 696w, https:\/\/exaudi.org\/wp-content\/uploads\/2021\/09\/Captura-de-pantalla-2021-09-17-100935-420x420.png 420w, https:\/\/exaudi.org\/wp-content\/uploads\/2021\/09\/Captura-de-pantalla-2021-09-17-100935.png 895w\" sizes=\"auto, (max-width: 300px) 100vw, 300px\" \/>S\u00f3lo por nombrar algunas: Al cambiar a una dieta predominantemente vegetal, mantenemos un estilo de vida m\u00e1s saludable. Aislando mejor las casas, podemos reducir significativamente nuestros costes energ\u00e9ticos a largo plazo. Al renunciar a los viajes en avi\u00f3n en favor de la bicicleta, mi hermano y yo pasamos m\u00e1s tiempo de calidad y vivimos una gran aventura. Al reducir la cantidad de gases de escape, proporcionamos un aire m\u00e1s limpio a las generaciones futuras, reduciendo la probabilidad de enfermedades en la siguiente generaci\u00f3n. Uno de los m\u00faltiples beneficios.<\/p>\n<p>Una vez m\u00e1s, estos son algunos ejemplos b\u00e1sicos en una larga lista de cosas que la gente puede hacer (menos) para asumir su propia responsabilidad y concienciarse. Iniciar un debate para trabajar colectivamente hacia un objetivo com\u00fan. Si nos limitamos a se\u00f1alar con el dedo a los dem\u00e1s para resolver nuestros problemas en la vida, es muy poco probable que desaparezcan sin m\u00e1s.<\/p>\n<p>Creo que eso es todo\u201d.<\/p>\n<p>Todas las fotos son de los hermanos Kannangara.<\/p>\n","protected":false},"excerpt":{"rendered":"<p>Yoram y Aaron Kannangara esperan concienciar sobre el cambio clim\u00e1tico<\/p>\n","protected":false},"author":4,"featured_media":33914,"comment_status":"closed","ping_status":"closed","sticky":false,"template":"","format":"standard","meta":{"_acf_changed":false,"_crdt_document":"","inline_featured_image":false,"footnotes":""},"categories":[80,98,298],"tags":[4180,2142,1533],"class_list":["post-33913","post","type-post","status-publish","format-standard","has-post-thumbnail","hentry","category-ecologia-es","category-testimonios","category-ultimas-noticias","tag-amsterdam","tag-cambio-climatico","tag-roma-es"],"acf":[],"yoast_head":"<!-- This site is optimized with the Yoast SEO plugin v27.5 - https:\/\/yoast.com\/product\/yoast-seo-wordpress\/ -->\n<title>Cambio clim\u00e1tico: Viaje en bicicleta para salvar el mundo &#8211; Exaudi<\/title>\n<meta name=\"description\" content=\"Yoram y Aaron Kannangara emprendieron un viaje en bicicleta de \u00c1msterdam a Roma para salvar al mundo, concienciando sobre el cambio clim\u00e1tico\" \/>\n<meta name=\"robots\" content=\"index, follow, max-snippet:-1, max-image-preview:large, max-video-preview:-1\" \/>\n<link rel=\"canonical\" href=\"https:\/\/exaudi.org\/es\/cambio-climatico-viaje-bicicleta-salvar-mundo\/\" \/>\n<meta property=\"og:locale\" content=\"es_ES\" \/>\n<meta property=\"og:type\" content=\"article\" \/>\n<meta property=\"og:title\" content=\"Cambio clim\u00e1tico: Viaje en bicicleta para salvar el mundo &#8211; Exaudi\" \/>\n<meta property=\"og:description\" content=\"Yoram y Aaron Kannangara emprendieron un viaje en bicicleta de \u00c1msterdam a Roma para salvar al mundo, concienciando sobre el cambio clim\u00e1tico\" \/>\n<meta property=\"og:url\" content=\"https:\/\/exaudi.org\/es\/cambio-climatico-viaje-bicicleta-salvar-mundo\/\" \/>\n<meta property=\"og:site_name\" content=\"Exaudi\" \/>\n<meta property=\"article:publisher\" content=\"https:\/\/www.facebook.com\/ExaudiNews\" \/>\n<meta property=\"article:published_time\" content=\"2021-09-17T08:15:34+00:00\" \/>\n<meta property=\"article:modified_time\" content=\"2021-09-20T06:33:27+00:00\" \/>\n<meta property=\"og:image\" content=\"https:\/\/exaudi.org\/wp-content\/uploads\/2021\/09\/Captura-de-pantalla-2021-09-17-095628-e1631866637288.png\" \/>\n\t<meta property=\"og:image:width\" content=\"843\" \/>\n\t<meta property=\"og:image:height\" content=\"602\" \/>\n\t<meta property=\"og:image:type\" content=\"image\/png\" \/>\n<meta name=\"author\" content=\"Jim Fair\" \/>\n<meta name=\"twitter:card\" content=\"summary_large_image\" \/>\n<meta name=\"twitter:creator\" content=\"@Exaudi_News\" \/>\n<meta name=\"twitter:site\" content=\"@Exaudi_News\" \/>\n<meta name=\"twitter:label1\" content=\"Escrito por\" \/>\n\t<meta name=\"twitter:data1\" content=\"Jim Fair\" \/>\n\t<meta name=\"twitter:label2\" content=\"Tiempo de lectura\" \/>\n\t<meta name=\"twitter:data2\" content=\"4 minutos\" \/>\n<script type=\"application\/ld+json\" class=\"yoast-schema-graph\">{\"@context\":\"https:\\\/\\\/schema.org\",\"@graph\":[{\"@type\":\"Article\",\"@id\":\"https:\\\/\\\/exaudi.org\\\/es\\\/cambio-climatico-viaje-bicicleta-salvar-mundo\\\/#article\",\"isPartOf\":{\"@id\":\"https:\\\/\\\/exaudi.org\\\/es\\\/cambio-climatico-viaje-bicicleta-salvar-mundo\\\/\"},\"author\":{\"name\":\"Jim Fair\",\"@id\":\"https:\\\/\\\/exaudi.org\\\/#\\\/schema\\\/person\\\/010bdf0d65f801cd06f263d9b37ae0f4\"},\"headline\":\"Cambio clim\u00e1tico: Viaje en bicicleta para salvar el mundo\",\"datePublished\":\"2021-09-17T08:15:34+00:00\",\"dateModified\":\"2021-09-20T06:33:27+00:00\",\"mainEntityOfPage\":{\"@id\":\"https:\\\/\\\/exaudi.org\\\/es\\\/cambio-climatico-viaje-bicicleta-salvar-mundo\\\/\"},\"wordCount\":708,\"image\":{\"@id\":\"https:\\\/\\\/exaudi.org\\\/es\\\/cambio-climatico-viaje-bicicleta-salvar-mundo\\\/#primaryimage\"},\"thumbnailUrl\":\"https:\\\/\\\/exaudi.org\\\/wp-content\\\/uploads\\\/2021\\\/09\\\/Captura-de-pantalla-2021-09-17-095628-e1631866637288.png\",\"keywords\":[\"\u00c1msterdam\",\"Cambio clim\u00e1tico\",\"Roma\"],\"articleSection\":[\"Ecolog\u00eda\",\"Testimonios\",\"\u00daltimas noticias\"],\"inLanguage\":\"es\"},{\"@type\":\"WebPage\",\"@id\":\"https:\\\/\\\/exaudi.org\\\/es\\\/cambio-climatico-viaje-bicicleta-salvar-mundo\\\/\",\"url\":\"https:\\\/\\\/exaudi.org\\\/es\\\/cambio-climatico-viaje-bicicleta-salvar-mundo\\\/\",\"name\":\"Cambio clim\u00e1tico: Viaje en bicicleta para salvar el mundo &#8211; Exaudi\",\"isPartOf\":{\"@id\":\"https:\\\/\\\/exaudi.org\\\/#website\"},\"primaryImageOfPage\":{\"@id\":\"https:\\\/\\\/exaudi.org\\\/es\\\/cambio-climatico-viaje-bicicleta-salvar-mundo\\\/#primaryimage\"},\"image\":{\"@id\":\"https:\\\/\\\/exaudi.org\\\/es\\\/cambio-climatico-viaje-bicicleta-salvar-mundo\\\/#primaryimage\"},\"thumbnailUrl\":\"https:\\\/\\\/exaudi.org\\\/wp-content\\\/uploads\\\/2021\\\/09\\\/Captura-de-pantalla-2021-09-17-095628-e1631866637288.png\",\"datePublished\":\"2021-09-17T08:15:34+00:00\",\"dateModified\":\"2021-09-20T06:33:27+00:00\",\"author\":{\"@id\":\"https:\\\/\\\/exaudi.org\\\/#\\\/schema\\\/person\\\/010bdf0d65f801cd06f263d9b37ae0f4\"},\"description\":\"Yoram y Aaron Kannangara emprendieron un viaje en bicicleta de \u00c1msterdam a Roma para salvar al mundo, concienciando sobre el cambio clim\u00e1tico\",\"breadcrumb\":{\"@id\":\"https:\\\/\\\/exaudi.org\\\/es\\\/cambio-climatico-viaje-bicicleta-salvar-mundo\\\/#breadcrumb\"},\"inLanguage\":\"es\",\"potentialAction\":[{\"@type\":\"ReadAction\",\"target\":[\"https:\\\/\\\/exaudi.org\\\/es\\\/cambio-climatico-viaje-bicicleta-salvar-mundo\\\/\"]}]},{\"@type\":\"ImageObject\",\"inLanguage\":\"es\",\"@id\":\"https:\\\/\\\/exaudi.org\\\/es\\\/cambio-climatico-viaje-bicicleta-salvar-mundo\\\/#primaryimage\",\"url\":\"https:\\\/\\\/exaudi.org\\\/wp-content\\\/uploads\\\/2021\\\/09\\\/Captura-de-pantalla-2021-09-17-095628-e1631866637288.png\",\"contentUrl\":\"https:\\\/\\\/exaudi.org\\\/wp-content\\\/uploads\\\/2021\\\/09\\\/Captura-de-pantalla-2021-09-17-095628-e1631866637288.png\",\"width\":843,\"height\":602,\"caption\":\"Yoram y Aaron Kannangara \u00a9 @kannangaras_for_climate\"},{\"@type\":\"BreadcrumbList\",\"@id\":\"https:\\\/\\\/exaudi.org\\\/es\\\/cambio-climatico-viaje-bicicleta-salvar-mundo\\\/#breadcrumb\",\"itemListElement\":[{\"@type\":\"ListItem\",\"position\":1,\"name\":\"Portada\",\"item\":\"https:\\\/\\\/exaudi.org\\\/es\\\/\"},{\"@type\":\"ListItem\",\"position\":2,\"name\":\"Cambio clim\u00e1tico: Viaje en bicicleta para salvar el mundo\"}]},{\"@type\":\"WebSite\",\"@id\":\"https:\\\/\\\/exaudi.org\\\/#website\",\"url\":\"https:\\\/\\\/exaudi.org\\\/\",\"name\":\"Exaudi\",\"description\":\"News\",\"potentialAction\":[{\"@type\":\"SearchAction\",\"target\":{\"@type\":\"EntryPoint\",\"urlTemplate\":\"https:\\\/\\\/exaudi.org\\\/?s={search_term_string}\"},\"query-input\":{\"@type\":\"PropertyValueSpecification\",\"valueRequired\":true,\"valueName\":\"search_term_string\"}}],\"inLanguage\":\"es\"},{\"@type\":\"Person\",\"@id\":\"https:\\\/\\\/exaudi.org\\\/#\\\/schema\\\/person\\\/010bdf0d65f801cd06f263d9b37ae0f4\",\"name\":\"Jim Fair\",\"image\":{\"@type\":\"ImageObject\",\"inLanguage\":\"es\",\"@id\":\"https:\\\/\\\/secure.gravatar.com\\\/avatar\\\/d9e9a2d31abad3e51c5d8f0279fc9b21b66199b8a85886455445ed562fd46934?s=96&d=mm&r=g\",\"url\":\"https:\\\/\\\/secure.gravatar.com\\\/avatar\\\/d9e9a2d31abad3e51c5d8f0279fc9b21b66199b8a85886455445ed562fd46934?s=96&d=mm&r=g\",\"contentUrl\":\"https:\\\/\\\/secure.gravatar.com\\\/avatar\\\/d9e9a2d31abad3e51c5d8f0279fc9b21b66199b8a85886455445ed562fd46934?s=96&d=mm&r=g\",\"caption\":\"Jim Fair\"},\"description\":\"Jim Fair has spent the past two decades as a communicator for Catholic organizations. He is a convert to the Catholic faith and is grateful to his wife, Charmaine, for her continuing efforts to save his soul. They have a son and daughter, both happily married, and four grandchildren. Before devoting his life full-time to things Catholic, Jim enjoyed a 23-year career in various communications roles for large corporations. Before that, he worked as a newspaper reporter, photographer, and editor. He has served as president of the Chicago Public Relations Forum, chairman of the American Petroleum Institute General Committee on Communications, and a fellow of Greater Leadership Chicago. He was a member of the founding committee of the chemical industry\u2019s Responsible Care Program. Jim is an active member of St. John Vianney Parish in Northlake, Illinois, where he chairs the finance council.\",\"url\":\"https:\\\/\\\/exaudi.org\\\/es\\\/author\\\/jfairexaudi-org\\\/\"}]}<\/script>\n<!-- \/ Yoast SEO plugin. -->","yoast_head_json":{"title":"Cambio clim\u00e1tico: Viaje en bicicleta para salvar el mundo &#8211; Exaudi","description":"Yoram y Aaron Kannangara emprendieron un viaje en bicicleta de \u00c1msterdam a Roma para salvar al mundo, concienciando sobre el cambio clim\u00e1tico","robots":{"index":"index","follow":"follow","max-snippet":"max-snippet:-1","max-image-preview":"max-image-preview:large","max-video-preview":"max-video-preview:-1"},"canonical":"https:\/\/exaudi.org\/es\/cambio-climatico-viaje-bicicleta-salvar-mundo\/","og_locale":"es_ES","og_type":"article","og_title":"Cambio clim\u00e1tico: Viaje en bicicleta para salvar el mundo &#8211; Exaudi","og_description":"Yoram y Aaron Kannangara emprendieron un viaje en bicicleta de \u00c1msterdam a Roma para salvar al mundo, concienciando sobre el cambio clim\u00e1tico","og_url":"https:\/\/exaudi.org\/es\/cambio-climatico-viaje-bicicleta-salvar-mundo\/","og_site_name":"Exaudi","article_publisher":"https:\/\/www.facebook.com\/ExaudiNews","article_published_time":"2021-09-17T08:15:34+00:00","article_modified_time":"2021-09-20T06:33:27+00:00","og_image":[{"width":843,"height":602,"url":"https:\/\/exaudi.org\/wp-content\/uploads\/2021\/09\/Captura-de-pantalla-2021-09-17-095628-e1631866637288.png","type":"image\/png"}],"author":"Jim Fair","twitter_card":"summary_large_image","twitter_creator":"@Exaudi_News","twitter_site":"@Exaudi_News","twitter_misc":{"Escrito por":"Jim Fair","Tiempo de lectura":"4 minutos"},"schema":{"@context":"https:\/\/schema.org","@graph":[{"@type":"Article","@id":"https:\/\/exaudi.org\/es\/cambio-climatico-viaje-bicicleta-salvar-mundo\/#article","isPartOf":{"@id":"https:\/\/exaudi.org\/es\/cambio-climatico-viaje-bicicleta-salvar-mundo\/"},"author":{"name":"Jim Fair","@id":"https:\/\/exaudi.org\/#\/schema\/person\/010bdf0d65f801cd06f263d9b37ae0f4"},"headline":"Cambio clim\u00e1tico: Viaje en bicicleta para salvar el mundo","datePublished":"2021-09-17T08:15:34+00:00","dateModified":"2021-09-20T06:33:27+00:00","mainEntityOfPage":{"@id":"https:\/\/exaudi.org\/es\/cambio-climatico-viaje-bicicleta-salvar-mundo\/"},"wordCount":708,"image":{"@id":"https:\/\/exaudi.org\/es\/cambio-climatico-viaje-bicicleta-salvar-mundo\/#primaryimage"},"thumbnailUrl":"https:\/\/exaudi.org\/wp-content\/uploads\/2021\/09\/Captura-de-pantalla-2021-09-17-095628-e1631866637288.png","keywords":["\u00c1msterdam","Cambio clim\u00e1tico","Roma"],"articleSection":["Ecolog\u00eda","Testimonios","\u00daltimas noticias"],"inLanguage":"es"},{"@type":"WebPage","@id":"https:\/\/exaudi.org\/es\/cambio-climatico-viaje-bicicleta-salvar-mundo\/","url":"https:\/\/exaudi.org\/es\/cambio-climatico-viaje-bicicleta-salvar-mundo\/","name":"Cambio clim\u00e1tico: Viaje en bicicleta para salvar el mundo &#8211; Exaudi","isPartOf":{"@id":"https:\/\/exaudi.org\/#website"},"primaryImageOfPage":{"@id":"https:\/\/exaudi.org\/es\/cambio-climatico-viaje-bicicleta-salvar-mundo\/#primaryimage"},"image":{"@id":"https:\/\/exaudi.org\/es\/cambio-climatico-viaje-bicicleta-salvar-mundo\/#primaryimage"},"thumbnailUrl":"https:\/\/exaudi.org\/wp-content\/uploads\/2021\/09\/Captura-de-pantalla-2021-09-17-095628-e1631866637288.png","datePublished":"2021-09-17T08:15:34+00:00","dateModified":"2021-09-20T06:33:27+00:00","author":{"@id":"https:\/\/exaudi.org\/#\/schema\/person\/010bdf0d65f801cd06f263d9b37ae0f4"},"description":"Yoram y Aaron Kannangara emprendieron un viaje en bicicleta de \u00c1msterdam a Roma para salvar al mundo, concienciando sobre el cambio clim\u00e1tico","breadcrumb":{"@id":"https:\/\/exaudi.org\/es\/cambio-climatico-viaje-bicicleta-salvar-mundo\/#breadcrumb"},"inLanguage":"es","potentialAction":[{"@type":"ReadAction","target":["https:\/\/exaudi.org\/es\/cambio-climatico-viaje-bicicleta-salvar-mundo\/"]}]},{"@type":"ImageObject","inLanguage":"es","@id":"https:\/\/exaudi.org\/es\/cambio-climatico-viaje-bicicleta-salvar-mundo\/#primaryimage","url":"https:\/\/exaudi.org\/wp-content\/uploads\/2021\/09\/Captura-de-pantalla-2021-09-17-095628-e1631866637288.png","contentUrl":"https:\/\/exaudi.org\/wp-content\/uploads\/2021\/09\/Captura-de-pantalla-2021-09-17-095628-e1631866637288.png","width":843,"height":602,"caption":"Yoram y Aaron Kannangara \u00a9 @kannangaras_for_climate"},{"@type":"BreadcrumbList","@id":"https:\/\/exaudi.org\/es\/cambio-climatico-viaje-bicicleta-salvar-mundo\/#breadcrumb","itemListElement":[{"@type":"ListItem","position":1,"name":"Portada","item":"https:\/\/exaudi.org\/es\/"},{"@type":"ListItem","position":2,"name":"Cambio clim\u00e1tico: Viaje en bicicleta para salvar el mundo"}]},{"@type":"WebSite","@id":"https:\/\/exaudi.org\/#website","url":"https:\/\/exaudi.org\/","name":"Exaudi","description":"News","potentialAction":[{"@type":"SearchAction","target":{"@type":"EntryPoint","urlTemplate":"https:\/\/exaudi.org\/?s={search_term_string}"},"query-input":{"@type":"PropertyValueSpecification","valueRequired":true,"valueName":"search_term_string"}}],"inLanguage":"es"},{"@type":"Person","@id":"https:\/\/exaudi.org\/#\/schema\/person\/010bdf0d65f801cd06f263d9b37ae0f4","name":"Jim Fair","image":{"@type":"ImageObject","inLanguage":"es","@id":"https:\/\/secure.gravatar.com\/avatar\/d9e9a2d31abad3e51c5d8f0279fc9b21b66199b8a85886455445ed562fd46934?s=96&d=mm&r=g","url":"https:\/\/secure.gravatar.com\/avatar\/d9e9a2d31abad3e51c5d8f0279fc9b21b66199b8a85886455445ed562fd46934?s=96&d=mm&r=g","contentUrl":"https:\/\/secure.gravatar.com\/avatar\/d9e9a2d31abad3e51c5d8f0279fc9b21b66199b8a85886455445ed562fd46934?s=96&d=mm&r=g","caption":"Jim Fair"},"description":"Jim Fair has spent the past two decades as a communicator for Catholic organizations. He is a convert to the Catholic faith and is grateful to his wife, Charmaine, for her continuing efforts to save his soul. They have a son and daughter, both happily married, and four grandchildren. Before devoting his life full-time to things Catholic, Jim enjoyed a 23-year career in various communications roles for large corporations. Before that, he worked as a newspaper reporter, photographer, and editor. He has served as president of the Chicago Public Relations Forum, chairman of the American Petroleum Institute General Committee on Communications, and a fellow of Greater Leadership Chicago. He was a member of the founding committee of the chemical industry\u2019s Responsible Care Program. Jim is an active member of St. John Vianney Parish in Northlake, Illinois, where he chairs the finance council.","url":"https:\/\/exaudi.org\/es\/author\/jfairexaudi-org\/"}]}},"jetpack_featured_media_url":"https:\/\/exaudi.org\/wp-content\/uploads\/2021\/09\/Captura-de-pantalla-2021-09-17-095628-e1631866637288.png","jetpack_shortlink":"https:\/\/wp.me\/pgKjF2-8OZ","_links":{"self":[{"href":"https:\/\/exaudi.org\/es\/wp-json\/wp\/v2\/posts\/33913","targetHints":{"allow":["GET"]}}],"collection":[{"href":"https:\/\/exaudi.org\/es\/wp-json\/wp\/v2\/posts"}],"about":[{"href":"https:\/\/exaudi.org\/es\/wp-json\/wp\/v2\/types\/post"}],"author":[{"embeddable":true,"href":"https:\/\/exaudi.org\/es\/wp-json\/wp\/v2\/users\/4"}],"replies":[{"embeddable":true,"href":"https:\/\/exaudi.org\/es\/wp-json\/wp\/v2\/comments?post=33913"}],"version-history":[{"count":0,"href":"https:\/\/exaudi.org\/es\/wp-json\/wp\/v2\/posts\/33913\/revisions"}],"wp:featuredmedia":[{"embeddable":true,"href":"https:\/\/exaudi.org\/es\/wp-json\/wp\/v2\/media\/33914"}],"wp:attachment":[{"href":"https:\/\/exaudi.org\/es\/wp-json\/wp\/v2\/media?parent=33913"}],"wp:term":[{"taxonomy":"category","embeddable":true,"href":"https:\/\/exaudi.org\/es\/wp-json\/wp\/v2\/categories?post=33913"},{"taxonomy":"post_tag","embeddable":true,"href":"https:\/\/exaudi.org\/es\/wp-json\/wp\/v2\/tags?post=33913"}],"curies":[{"name":"wp","href":"https:\/\/api.w.org\/{rel}","templated":true}]}}