{"id":33810,"date":"2025-09-17T07:30:40","date_gmt":"2025-09-17T05:30:40","guid":{"rendered":"https:\/\/exaudi.wpengine.com\/?p=33810"},"modified":"2025-09-16T14:19:54","modified_gmt":"2025-09-16T12:19:54","slug":"san-roberto-belarmino-17-septiembre","status":"publish","type":"post","link":"https:\/\/exaudi.org\/es\/san-roberto-belarmino-17-septiembre\/","title":{"rendered":"San Roberto Belarmino, 17 de septiembre"},"content":{"rendered":"<p><span style=\"font-weight: 400;\">Roberto Belarmino naci\u00f3 en Montepulciano, Italia, el 4 de octubre de 1542. El papa Marcelo II era t\u00edo materno suyo. Esta circunstancia, unida a su privilegiada inteligencia superior a lo ordinario, que presagiaba un futuro brillante para su vida, aunque no lleg\u00f3 a ser causa de tropiezo para \u00e9l, borde\u00f3 las tentaciones de la vanidad y el orgullo.<\/span><\/p>\n<p><iframe title=\"Spotify Embed: San Roberto Belarmino, 17 de septiembre\" style=\"border-radius: 12px\" width=\"100%\" height=\"152\" frameborder=\"0\" allowfullscreen allow=\"autoplay; clipboard-write; encrypted-media; fullscreen; picture-in-picture\" loading=\"lazy\" src=\"https:\/\/open.spotify.com\/embed\/episode\/0d6iBKnAx7qKDn048edhZe?si=fd32225e93de4ac6&#038;utm_source=oembed\"><\/iframe><\/p>\n<p><span style=\"font-weight: 400;\">Su madre le advirti\u00f3 de la gravedad de estas tendencias que le acechaban, no solo por ser familiar del pont\u00edfice sino por sus prodigiosas dotes intelectuales. De estas dio constancia el rector de los jesuitas de su ciudad natal, quien ya lo consideraba \u201cel m\u00e1s inteligente de los alumnos\u201d, vaticin\u00e1ndole una carrera prometedora.\u00a0<\/span><\/p>\n<p><span style=\"font-weight: 400;\">Roberto pod\u00eda haber dejado a un lado los consejos maternos, pero no lo hizo. Repar\u00f3 en la fugacidad de las glorias de este mundo: \u201cEstando durante mucho tiempo pensando en la dignidad a que pod\u00eda aspirar, me sobrevino de modo insistente el pensamiento de la brevedad de las cosas temporales. <\/span><\/p>\n<p><span style=\"font-weight: 400;\">Impresionado con estos sentimientos, llegu\u00e9 a concebir horror de tal vida y determin\u00e9 buscar una religi\u00f3n en que no hubiera peligro de tales dignidades\u201d. Y sabiendo que pod\u00eda ser designado obispo o cardenal, eligi\u00f3 ex profeso la Orden de los jesuitas para consagrar su vida a Cristo. Ingres\u00f3 en ella en 1560. Crey\u00f3 estar a salvo all\u00ed de ciertos honores, debido al veto impuesto por las constituciones que imped\u00edan a sus miembros aceptar tan altas misiones, pero se equivoc\u00f3.\u00a0<\/span><\/p>\n<p><span style=\"font-weight: 400;\">A pesar de su d\u00e9bil salud \u2014uno de sus m\u00e1s grandes sufrimientos, porque le obligaba a efectuar peri\u00f3dicos descansos cada dos meses para reponerse\u2014, lleg\u00f3 a la vida religiosa con una s\u00f3lida formaci\u00f3n filos\u00f3fica y teol\u00f3gica recibida en el Colegio Romano, en Padua y en Lovaina, donde imparti\u00f3 clases de teolog\u00eda despu\u00e9s de ser ordenado sacerdote en 1570. Luego se convirti\u00f3 en titular de la c\u00e1tedra de apolog\u00e9tica del Colegio Romano ejerciendo en \u00e9l la docencia desde 1576 a 1586. <\/span><\/p>\n<p><span style=\"font-weight: 400;\">Fue siendo rector de este prestigioso centro cuando tuvo bajo su direcci\u00f3n a san Luis Gonzaga, a quien admir\u00f3 por su excelsa virtud; quiso ser enterrado junto a su tumba. Tambi\u00e9n estim\u00f3 a su hermano jesuita san Bernardino Realino, aunque el afecto era mutuo. Cuando se vieron cara a cara en un viaje apost\u00f3lico efectuado por Roberto, los dos se abrazaron postrados de rodillas; era un signo del alt\u00edsimo concepto que ten\u00edan el uno del otro. Tras la despedida, Bernardino manifest\u00f3: \u201cse ha ido un gran santo\u201d.\u00a0<\/span><\/p>\n<p><span style=\"font-weight: 400;\">Fruto de las reflexiones de esa \u00e9poca en la que fue profesor del Colegio Romano surgieron las Controversiae, un \u00e9xito de ventas y objeto de constantes reediciones, texto de primera magnitud para defender la fe cat\u00f3lica frente a las tesis de los protestantes. Escribi\u00f3 la obra a petici\u00f3n del pont\u00edfice. Tan fulminantes fueron sus argumentos para destronar al protestantismo que Teodoro de Beza, el te\u00f3logo calvinista franc\u00e9s, reconoci\u00f3: \u201cHe aqu\u00ed el libro que nos ha derrotado\u201d. <\/span><\/p>\n<p><span style=\"font-weight: 400;\">Ese trabajo, junto con la Biblia, fue utilizado por san Francisco de Sales para combatirlos. En los escritos de Belarmino se advierten, junto a la Sagrada Escritura, referencias a los santos, destacando las alusiones a Jer\u00f3nimo, Agust\u00edn, Gregorio Nacianceno y Juan Cris\u00f3stomo. <\/span><\/p>\n<p><span style=\"font-weight: 400;\">No falta la presencia de otras glorias de la Iglesia como san Benito, san Francisco y santo Domingo. Distintas obras de este insigne jesuita, como Doctrina cristiana breve, al igual que ha sucedido con su Controversiae, han sido sucesivamente reeditadas y traducidas a varios idiomas.<\/span><\/p>\n<p><span style=\"font-weight: 400;\">Clemente VIII lo design\u00f3 sucesivamente te\u00f3logo pontificio, consultor del Santo Oficio, rector del Colegio de los Penitenciarios de la bas\u00edlica de San Pedro, miembro de los obispos, de los Ritos, del \u00cdndice y de la Propagaci\u00f3n de la Fe, as\u00ed como cardenal y arzobispo de Capua. <\/span><\/p>\n<p><span style=\"font-weight: 400;\">Respecto a esta \u00faltima misi\u00f3n, a\u00fan trat\u00e1ndose de la voluntad del Santo Padre, cuando se lo propuso dici\u00e9ndole: \u201cLe elegimos porque no hay en la Iglesia de Dios otro que se le equipare en ciencia y sabidur\u00eda\u201d, Roberto le record\u00f3 el veto impuesto a los jesuitas por sus constituciones para ostentar cargos. Pero el pont\u00edfice dej\u00f3 claro que pod\u00eda dispensarle del mismo. De modo, que para no incurrir en pecado mortal, tuvo que aceptar el cardenalato. <\/span><\/p>\n<p><span style=\"font-weight: 400;\">Al tomar posesi\u00f3n de sus aposentos, implant\u00f3 la austeridad que signaba su acontecer. \u201cLas paredes no sufren de fr\u00edo\u201d, manifest\u00f3 al rogar que retirasen las espl\u00e9ndidas cortinas para d\u00e1rselas a los pobres. Admirable predicador, aclamado y elogiado por su sabidur\u00eda y dotes oratorias, lleg\u00f3 al coraz\u00f3n de todos los que acud\u00edan a escucharle. Multitudes llenaban los templos esperando o\u00edr sus sermones, y similar acogida ten\u00edan sus palabras en las universidades por las que pas\u00f3.\u00a0<\/span><\/p>\n<p><span style=\"font-weight: 400;\">Se cuenta que mientras transmit\u00eda la Palabra de Dios su rostro mostraba un brillo especial. Como le ha sucedido a otros insignes predicadores, sufri\u00f3 una radical evoluci\u00f3n en el modo de exponer los sermones. As\u00ed, al ver que las gentes se sent\u00edan llamadas a la conversi\u00f3n, se decant\u00f3 por la sencillez y sobriedad del evangelio, despu\u00e9s de haber pasado por una etapa de recargamiento y uso de elementos literarios. Fue un hombre de oraci\u00f3n, reflexivo, humilde y obediente. <\/span><\/p>\n<p><span style=\"font-weight: 400;\">Sus peticiones al cielo para no ser elegido pont\u00edfice tuvieron eco, pero poco falt\u00f3 para recibir la designaci\u00f3n ya que fue votado por la mitad del c\u00f3nclave. Sus incursiones en el \u00e1mbito de la diplomacia en Venecia y en Inglaterra fueron de gran val\u00eda. Nunca hab\u00eda querido tener nada para \u00e9l, pero lo poco que le quedaba tras su muerte lo entregaron a los pobres cumpliendo lo que dej\u00f3 escrito en su testamento. <\/span><\/p>\n<p><span style=\"font-weight: 400;\">En \u00e9l rogaba tambi\u00e9n que sus funerales se oficiaran de noche desprovistos de solemnidad. As\u00ed se hizo despu\u00e9s de su fallecimiento sucedido el 17 de septiembre de 1621 con fama de santidad. Pero no se pudo evitar que un impresionante gent\u00edo lo despidiera. P\u00edo XI lo beatific\u00f3 el 13 de mayo de 1923. Tambi\u00e9n lo canoniz\u00f3 el 29 de junio de 1930, y en 1931 lo proclam\u00f3 doctor de la Iglesia.\u00a0<\/span><\/p>\n<p><img loading=\"lazy\" decoding=\"async\" class=\"size-full wp-image-108377 alignnone\" src=\"https:\/\/exaudi.org\/wp-content\/uploads\/2024\/09\/Santoral-1.jpg\" alt=\"\" width=\"1080\" height=\"1080\" srcset=\"https:\/\/exaudi.org\/wp-content\/uploads\/2024\/09\/Santoral-1.jpg 1080w, https:\/\/exaudi.org\/wp-content\/uploads\/2024\/09\/Santoral-1-300x300.jpg 300w, https:\/\/exaudi.org\/wp-content\/uploads\/2024\/09\/Santoral-1-1024x1024.jpg 1024w, https:\/\/exaudi.org\/wp-content\/uploads\/2024\/09\/Santoral-1-100x100.jpg?crop=1 100w, https:\/\/exaudi.org\/wp-content\/uploads\/2024\/09\/Santoral-1-770x770.jpg 770w, https:\/\/exaudi.org\/wp-content\/uploads\/2024\/09\/Santoral-1-500x500.jpg 500w, https:\/\/exaudi.org\/wp-content\/uploads\/2024\/09\/Santoral-1-293x293.jpg 293w, https:\/\/exaudi.org\/wp-content\/uploads\/2024\/09\/Santoral-1-390x390.jpg 390w, https:\/\/exaudi.org\/wp-content\/uploads\/2024\/09\/Santoral-1-585x585.jpg 585w, https:\/\/exaudi.org\/wp-content\/uploads\/2024\/09\/Santoral-1-900x900.jpg 900w\" sizes=\"auto, (max-width: 1080px) 100vw, 1080px\" \/><\/p>\n<p>&nbsp;<\/p>\n<h6><em>\u00a9 <a href=\"https:\/\/exaudi.wpengine.com\/es\/author\/isabelorellana\/\" target=\"_blank\" rel=\"noopener noreferrer\">Isabel Orellana Vilches<\/a>, 2018<\/em><\/h6>\n<h6><em>Autora vinculada a<\/em><\/h6>\n<h6><em><img loading=\"lazy\" decoding=\"async\" class=\"alignright wp-image-2208\" src=\"https:\/\/exaudi.org\/wp-content\/uploads\/2021\/02\/santoral-scaled-1-725x1024.jpg\" alt=\"santoral Isabel Orellana\" width=\"262\" height=\"370\" \/><\/em><img loading=\"lazy\" decoding=\"async\" class=\"alignnone size-full wp-image-41949\" src=\"https:\/\/www.idente.org\/wp-content\/uploads\/logo-cedro-v01-843x295-1-e1603384654546.png\" alt=\"\" width=\"80\" height=\"28\" \/><br \/>\nObra protegida por derechos de autor.<br \/>\nInscrita en el Registro de la Propiedad Intelectual el 24 de noviembre de 2014.<br \/>\n________________<br \/>\nDerechos de edici\u00f3n reservados:<br \/>\n<a href=\"https:\/\/rielo.com\/\" target=\"_blank\" rel=\"noopener noreferrer\">Fundaci\u00f3n Fernando Rielo<\/a><br \/>\nGoya 20, 4.\u00ba izq. int. 28001 Madrid<br \/>\nTlf.: (34) 91 575 40 91<br \/>\nCorreo electr\u00f3nico: fundacion@rielo.com<\/h6>\n<div class=\"page\" title=\"Page 4\">\n<div class=\"layoutArea\">\n<div class=\"column\">\n<h6>Dep\u00f3sito legal: M-18664-2020<br \/>\nISBN: 978-84-946646-6-3<\/h6>\n<\/div>\n<\/div>\n<\/div>\n","protected":false},"excerpt":{"rendered":"<p>Jesuita y cardenal<\/p>\n","protected":false},"author":23,"featured_media":33812,"comment_status":"closed","ping_status":"closed","sticky":false,"template":"","format":"standard","meta":{"_acf_changed":false,"_crdt_document":"","inline_featured_image":false,"footnotes":""},"categories":[74,2772],"tags":[388,4174,387,58880],"class_list":["post-33810","post","type-post","status-publish","format-standard","has-post-thumbnail","hentry","category-iglesia-y-mundo","category-santoral","tag-isabel-orellana-vilches","tag-san-roberto-belarmino","tag-santoral","tag-trending-es-151"],"acf":[],"yoast_head":"<!-- This site is optimized with the Yoast SEO plugin v27.4 - https:\/\/yoast.com\/product\/yoast-seo-wordpress\/ -->\n<title>San Roberto Belarmino, 17 de septiembre - Exaudi Catholic News<\/title>\n<meta name=\"description\" content=\"Santoral del 17 de septiembre, san Roberto Belarmino, escrito por Isabel Orellana y editado por la Fundaci\u00f3n Fernando Rielo\" \/>\n<meta name=\"robots\" content=\"index, follow, max-snippet:-1, max-image-preview:large, max-video-preview:-1\" \/>\n<link rel=\"canonical\" href=\"https:\/\/exaudi.org\/es\/san-roberto-belarmino-17-septiembre\/\" \/>\n<meta property=\"og:locale\" content=\"es_ES\" \/>\n<meta property=\"og:type\" content=\"article\" \/>\n<meta property=\"og:title\" content=\"San Roberto Belarmino, 17 de septiembre - Exaudi Catholic News\" \/>\n<meta property=\"og:description\" content=\"Santoral del 17 de septiembre, san Roberto Belarmino, escrito por Isabel Orellana y editado por la Fundaci\u00f3n Fernando Rielo\" \/>\n<meta property=\"og:url\" content=\"https:\/\/exaudi.org\/es\/san-roberto-belarmino-17-septiembre\/\" \/>\n<meta property=\"og:site_name\" content=\"Exaudi\" \/>\n<meta property=\"article:publisher\" content=\"https:\/\/www.facebook.com\/ExaudiNews\" \/>\n<meta property=\"article:published_time\" content=\"2025-09-17T05:30:40+00:00\" \/>\n<meta property=\"og:image\" content=\"https:\/\/exaudi.org\/wp-content\/uploads\/2021\/09\/News-Society-of-Jesus-Celebrates-Feast-of-St.-Robert-Bellarmine-SJ-bellarmine-large1.jpg\" \/>\n\t<meta property=\"og:image:width\" content=\"650\" \/>\n\t<meta property=\"og:image:height\" content=\"436\" \/>\n\t<meta property=\"og:image:type\" content=\"image\/jpeg\" \/>\n<meta name=\"author\" content=\"Isabel Orellana\" \/>\n<meta name=\"twitter:card\" content=\"summary_large_image\" \/>\n<meta name=\"twitter:creator\" content=\"@Exaudi_News\" \/>\n<meta name=\"twitter:site\" content=\"@Exaudi_News\" \/>\n<meta name=\"twitter:label1\" content=\"Escrito por\" \/>\n\t<meta name=\"twitter:data1\" content=\"Isabel Orellana\" \/>\n\t<meta name=\"twitter:label2\" content=\"Tiempo de lectura\" \/>\n\t<meta name=\"twitter:data2\" content=\"6 minutos\" \/>\n<script type=\"application\/ld+json\" class=\"yoast-schema-graph\">{\"@context\":\"https:\\\/\\\/schema.org\",\"@graph\":[{\"@type\":\"Article\",\"@id\":\"https:\\\/\\\/exaudi.org\\\/es\\\/san-roberto-belarmino-17-septiembre\\\/#article\",\"isPartOf\":{\"@id\":\"https:\\\/\\\/exaudi.org\\\/es\\\/san-roberto-belarmino-17-septiembre\\\/\"},\"author\":{\"name\":\"Isabel Orellana\",\"@id\":\"https:\\\/\\\/exaudi.org\\\/#\\\/schema\\\/person\\\/64e18b96fd6118559a9217b5b3375fdc\"},\"headline\":\"San Roberto Belarmino, 17 de septiembre\",\"datePublished\":\"2025-09-17T05:30:40+00:00\",\"mainEntityOfPage\":{\"@id\":\"https:\\\/\\\/exaudi.org\\\/es\\\/san-roberto-belarmino-17-septiembre\\\/\"},\"wordCount\":1117,\"image\":{\"@id\":\"https:\\\/\\\/exaudi.org\\\/es\\\/san-roberto-belarmino-17-septiembre\\\/#primaryimage\"},\"thumbnailUrl\":\"https:\\\/\\\/exaudi.org\\\/wp-content\\\/uploads\\\/2021\\\/09\\\/News-Society-of-Jesus-Celebrates-Feast-of-St.-Robert-Bellarmine-SJ-bellarmine-large1.jpg\",\"keywords\":[\"Isabel Orellana Vilches\",\"San Roberto Belarmino\",\"Santoral\",\"Trending\"],\"articleSection\":[\"Iglesia y Mundo\",\"Santoral\"],\"inLanguage\":\"es\"},{\"@type\":\"WebPage\",\"@id\":\"https:\\\/\\\/exaudi.org\\\/es\\\/san-roberto-belarmino-17-septiembre\\\/\",\"url\":\"https:\\\/\\\/exaudi.org\\\/es\\\/san-roberto-belarmino-17-septiembre\\\/\",\"name\":\"San Roberto Belarmino, 17 de septiembre - Exaudi Catholic News\",\"isPartOf\":{\"@id\":\"https:\\\/\\\/exaudi.org\\\/#website\"},\"primaryImageOfPage\":{\"@id\":\"https:\\\/\\\/exaudi.org\\\/es\\\/san-roberto-belarmino-17-septiembre\\\/#primaryimage\"},\"image\":{\"@id\":\"https:\\\/\\\/exaudi.org\\\/es\\\/san-roberto-belarmino-17-septiembre\\\/#primaryimage\"},\"thumbnailUrl\":\"https:\\\/\\\/exaudi.org\\\/wp-content\\\/uploads\\\/2021\\\/09\\\/News-Society-of-Jesus-Celebrates-Feast-of-St.-Robert-Bellarmine-SJ-bellarmine-large1.jpg\",\"datePublished\":\"2025-09-17T05:30:40+00:00\",\"author\":{\"@id\":\"https:\\\/\\\/exaudi.org\\\/#\\\/schema\\\/person\\\/64e18b96fd6118559a9217b5b3375fdc\"},\"description\":\"Santoral del 17 de septiembre, san Roberto Belarmino, escrito por Isabel Orellana y editado por la Fundaci\u00f3n Fernando Rielo\",\"breadcrumb\":{\"@id\":\"https:\\\/\\\/exaudi.org\\\/es\\\/san-roberto-belarmino-17-septiembre\\\/#breadcrumb\"},\"inLanguage\":\"es\",\"potentialAction\":[{\"@type\":\"ReadAction\",\"target\":[\"https:\\\/\\\/exaudi.org\\\/es\\\/san-roberto-belarmino-17-septiembre\\\/\"]}]},{\"@type\":\"ImageObject\",\"inLanguage\":\"es\",\"@id\":\"https:\\\/\\\/exaudi.org\\\/es\\\/san-roberto-belarmino-17-septiembre\\\/#primaryimage\",\"url\":\"https:\\\/\\\/exaudi.org\\\/wp-content\\\/uploads\\\/2021\\\/09\\\/News-Society-of-Jesus-Celebrates-Feast-of-St.-Robert-Bellarmine-SJ-bellarmine-large1.jpg\",\"contentUrl\":\"https:\\\/\\\/exaudi.org\\\/wp-content\\\/uploads\\\/2021\\\/09\\\/News-Society-of-Jesus-Celebrates-Feast-of-St.-Robert-Bellarmine-SJ-bellarmine-large1.jpg\",\"width\":650,\"height\":436,\"caption\":\"San Roberto Belarmino \u00a9 Web jesuitas\"},{\"@type\":\"BreadcrumbList\",\"@id\":\"https:\\\/\\\/exaudi.org\\\/es\\\/san-roberto-belarmino-17-septiembre\\\/#breadcrumb\",\"itemListElement\":[{\"@type\":\"ListItem\",\"position\":1,\"name\":\"Portada\",\"item\":\"https:\\\/\\\/exaudi.org\\\/es\\\/\"},{\"@type\":\"ListItem\",\"position\":2,\"name\":\"San Roberto Belarmino, 17 de septiembre\"}]},{\"@type\":\"WebSite\",\"@id\":\"https:\\\/\\\/exaudi.org\\\/#website\",\"url\":\"https:\\\/\\\/exaudi.org\\\/\",\"name\":\"Exaudi\",\"description\":\"News\",\"potentialAction\":[{\"@type\":\"SearchAction\",\"target\":{\"@type\":\"EntryPoint\",\"urlTemplate\":\"https:\\\/\\\/exaudi.org\\\/?s={search_term_string}\"},\"query-input\":{\"@type\":\"PropertyValueSpecification\",\"valueRequired\":true,\"valueName\":\"search_term_string\"}}],\"inLanguage\":\"es\"},{\"@type\":\"Person\",\"@id\":\"https:\\\/\\\/exaudi.org\\\/#\\\/schema\\\/person\\\/64e18b96fd6118559a9217b5b3375fdc\",\"name\":\"Isabel Orellana\",\"image\":{\"@type\":\"ImageObject\",\"inLanguage\":\"es\",\"@id\":\"https:\\\/\\\/secure.gravatar.com\\\/avatar\\\/51968380bbb6b22ae85c605634860366fd9a2a611c6341125115bca32cd6c171?s=96&d=mm&r=g\",\"url\":\"https:\\\/\\\/secure.gravatar.com\\\/avatar\\\/51968380bbb6b22ae85c605634860366fd9a2a611c6341125115bca32cd6c171?s=96&d=mm&r=g\",\"contentUrl\":\"https:\\\/\\\/secure.gravatar.com\\\/avatar\\\/51968380bbb6b22ae85c605634860366fd9a2a611c6341125115bca32cd6c171?s=96&d=mm&r=g\",\"caption\":\"Isabel Orellana\"},\"description\":\"Isabel Orellana Vilches Misionera idente. Doctora en Filosof\u00eda por la Universidad Aut\u00f3noma de Barcelona con la tesis Realismo y progreso cient\u00edfico en la epistemolog\u00eda popperiana. Ha cursado estudios de teolog\u00eda en la Universidad Pontificia de Salamanca. Con amplia actividad docente desde 1986, ha publicado libros como: Realismo y progreso cient\u00edfico en la epistemolog\u00eda popperiana, Universitat Aut\u00f2noma de Barcelona, 1993; El evangelio habla a los j\u00f3venes, Atenas, Madrid, 1997; Qu\u00e9 es... LA TOLERANCIA, Paulinas, Madrid, 1999; Pedagog\u00eda del dolor. Ensayo antropol\u00f3gico, Palabra, Madrid, 1999; En colaboraci\u00f3n con Enrique Rivera de Ventosa (\u2020) OFM. Cap. San Francisco de As\u00eds y Fernando Rielo: Convergencias. Respuestas desde la fe a los interrogantes del hombre de hoy, Universidad Pontificia, Salamanca, 2001; La \\\"mirada\\\" del cine. Recursos did\u00e1cticos del s\u00e9ptimo arte. Librer\u00eda Cervantes, Salamanca, 2001; Paradojas de la convivencia, San Pablo, Madrid, 2002; En la Universidad T\u00e9cnica Particular de Loja, Ecuador, ha publicado: La confianza. El arte de amar, 2002; Educar para la responsabilidad, 2003; Apuntes de \u00e9tica en Karl R. Popper, 2003; De soledades y comunicaci\u00f3n, 2005; Yo educo; t\u00fa respondes, 2008; Humanismo y fe en un crisol de culturas, 2008; Repensar lo cotidiano, 2008; Convivir: un constante desaf\u00edo, 2009; La l\u00f3gica del amor, 2010; El dolor del amor. Apuntes sobre la enfermedad y el dolor en relaci\u00f3n con la virtud heroica, el martirio y la vida santa. Seminario Diocesano de M\u00e1laga, 2006 y Universidad T\u00e9cnica Particular de Loja, Ecuador (2007). Cuenta con numerosas colaboraciones en obras colectivas, as\u00ed como relatos, cuentos, f\u00e1bula y novela juvenil, adem\u00e1s de art\u00edculos de tem\u00e1tica cient\u00edfica, pedag\u00f3gica y espiritual, que viene publicando en distintas revistas nacionales e internacionales. En 2012 culmin\u00f3 el santoral Llamados a ser santos y poco m\u00e1s tarde Epopeyas de amor prologado por mons. Fernando Sebasti\u00e1n. Es la bi\u00f3grafa oficial del fundador de su familia espiritual, autora de Fernando Rielo Pardal. Fundador de los Misioneros Identes, Descl\u00e9e de Brouwer, Bilbao, 2009. Culmina la biograf\u00eda completa. Encargada del santoral de ZENIT desde 2012 a 2020 y ahora en Exaudi\",\"url\":\"https:\\\/\\\/exaudi.org\\\/es\\\/author\\\/isabelorellana\\\/\"}]}<\/script>\n<!-- \/ Yoast SEO plugin. -->","yoast_head_json":{"title":"San Roberto Belarmino, 17 de septiembre - Exaudi Catholic News","description":"Santoral del 17 de septiembre, san Roberto Belarmino, escrito por Isabel Orellana y editado por la Fundaci\u00f3n Fernando Rielo","robots":{"index":"index","follow":"follow","max-snippet":"max-snippet:-1","max-image-preview":"max-image-preview:large","max-video-preview":"max-video-preview:-1"},"canonical":"https:\/\/exaudi.org\/es\/san-roberto-belarmino-17-septiembre\/","og_locale":"es_ES","og_type":"article","og_title":"San Roberto Belarmino, 17 de septiembre - Exaudi Catholic News","og_description":"Santoral del 17 de septiembre, san Roberto Belarmino, escrito por Isabel Orellana y editado por la Fundaci\u00f3n Fernando Rielo","og_url":"https:\/\/exaudi.org\/es\/san-roberto-belarmino-17-septiembre\/","og_site_name":"Exaudi","article_publisher":"https:\/\/www.facebook.com\/ExaudiNews","article_published_time":"2025-09-17T05:30:40+00:00","og_image":[{"width":650,"height":436,"url":"https:\/\/exaudi.org\/wp-content\/uploads\/2021\/09\/News-Society-of-Jesus-Celebrates-Feast-of-St.-Robert-Bellarmine-SJ-bellarmine-large1.jpg","type":"image\/jpeg"}],"author":"Isabel Orellana","twitter_card":"summary_large_image","twitter_creator":"@Exaudi_News","twitter_site":"@Exaudi_News","twitter_misc":{"Escrito por":"Isabel Orellana","Tiempo de lectura":"6 minutos"},"schema":{"@context":"https:\/\/schema.org","@graph":[{"@type":"Article","@id":"https:\/\/exaudi.org\/es\/san-roberto-belarmino-17-septiembre\/#article","isPartOf":{"@id":"https:\/\/exaudi.org\/es\/san-roberto-belarmino-17-septiembre\/"},"author":{"name":"Isabel Orellana","@id":"https:\/\/exaudi.org\/#\/schema\/person\/64e18b96fd6118559a9217b5b3375fdc"},"headline":"San Roberto Belarmino, 17 de septiembre","datePublished":"2025-09-17T05:30:40+00:00","mainEntityOfPage":{"@id":"https:\/\/exaudi.org\/es\/san-roberto-belarmino-17-septiembre\/"},"wordCount":1117,"image":{"@id":"https:\/\/exaudi.org\/es\/san-roberto-belarmino-17-septiembre\/#primaryimage"},"thumbnailUrl":"https:\/\/exaudi.org\/wp-content\/uploads\/2021\/09\/News-Society-of-Jesus-Celebrates-Feast-of-St.-Robert-Bellarmine-SJ-bellarmine-large1.jpg","keywords":["Isabel Orellana Vilches","San Roberto Belarmino","Santoral","Trending"],"articleSection":["Iglesia y Mundo","Santoral"],"inLanguage":"es"},{"@type":"WebPage","@id":"https:\/\/exaudi.org\/es\/san-roberto-belarmino-17-septiembre\/","url":"https:\/\/exaudi.org\/es\/san-roberto-belarmino-17-septiembre\/","name":"San Roberto Belarmino, 17 de septiembre - Exaudi Catholic News","isPartOf":{"@id":"https:\/\/exaudi.org\/#website"},"primaryImageOfPage":{"@id":"https:\/\/exaudi.org\/es\/san-roberto-belarmino-17-septiembre\/#primaryimage"},"image":{"@id":"https:\/\/exaudi.org\/es\/san-roberto-belarmino-17-septiembre\/#primaryimage"},"thumbnailUrl":"https:\/\/exaudi.org\/wp-content\/uploads\/2021\/09\/News-Society-of-Jesus-Celebrates-Feast-of-St.-Robert-Bellarmine-SJ-bellarmine-large1.jpg","datePublished":"2025-09-17T05:30:40+00:00","author":{"@id":"https:\/\/exaudi.org\/#\/schema\/person\/64e18b96fd6118559a9217b5b3375fdc"},"description":"Santoral del 17 de septiembre, san Roberto Belarmino, escrito por Isabel Orellana y editado por la Fundaci\u00f3n Fernando Rielo","breadcrumb":{"@id":"https:\/\/exaudi.org\/es\/san-roberto-belarmino-17-septiembre\/#breadcrumb"},"inLanguage":"es","potentialAction":[{"@type":"ReadAction","target":["https:\/\/exaudi.org\/es\/san-roberto-belarmino-17-septiembre\/"]}]},{"@type":"ImageObject","inLanguage":"es","@id":"https:\/\/exaudi.org\/es\/san-roberto-belarmino-17-septiembre\/#primaryimage","url":"https:\/\/exaudi.org\/wp-content\/uploads\/2021\/09\/News-Society-of-Jesus-Celebrates-Feast-of-St.-Robert-Bellarmine-SJ-bellarmine-large1.jpg","contentUrl":"https:\/\/exaudi.org\/wp-content\/uploads\/2021\/09\/News-Society-of-Jesus-Celebrates-Feast-of-St.-Robert-Bellarmine-SJ-bellarmine-large1.jpg","width":650,"height":436,"caption":"San Roberto Belarmino \u00a9 Web jesuitas"},{"@type":"BreadcrumbList","@id":"https:\/\/exaudi.org\/es\/san-roberto-belarmino-17-septiembre\/#breadcrumb","itemListElement":[{"@type":"ListItem","position":1,"name":"Portada","item":"https:\/\/exaudi.org\/es\/"},{"@type":"ListItem","position":2,"name":"San Roberto Belarmino, 17 de septiembre"}]},{"@type":"WebSite","@id":"https:\/\/exaudi.org\/#website","url":"https:\/\/exaudi.org\/","name":"Exaudi","description":"News","potentialAction":[{"@type":"SearchAction","target":{"@type":"EntryPoint","urlTemplate":"https:\/\/exaudi.org\/?s={search_term_string}"},"query-input":{"@type":"PropertyValueSpecification","valueRequired":true,"valueName":"search_term_string"}}],"inLanguage":"es"},{"@type":"Person","@id":"https:\/\/exaudi.org\/#\/schema\/person\/64e18b96fd6118559a9217b5b3375fdc","name":"Isabel Orellana","image":{"@type":"ImageObject","inLanguage":"es","@id":"https:\/\/secure.gravatar.com\/avatar\/51968380bbb6b22ae85c605634860366fd9a2a611c6341125115bca32cd6c171?s=96&d=mm&r=g","url":"https:\/\/secure.gravatar.com\/avatar\/51968380bbb6b22ae85c605634860366fd9a2a611c6341125115bca32cd6c171?s=96&d=mm&r=g","contentUrl":"https:\/\/secure.gravatar.com\/avatar\/51968380bbb6b22ae85c605634860366fd9a2a611c6341125115bca32cd6c171?s=96&d=mm&r=g","caption":"Isabel Orellana"},"description":"Isabel Orellana Vilches Misionera idente. Doctora en Filosof\u00eda por la Universidad Aut\u00f3noma de Barcelona con la tesis Realismo y progreso cient\u00edfico en la epistemolog\u00eda popperiana. Ha cursado estudios de teolog\u00eda en la Universidad Pontificia de Salamanca. Con amplia actividad docente desde 1986, ha publicado libros como: Realismo y progreso cient\u00edfico en la epistemolog\u00eda popperiana, Universitat Aut\u00f2noma de Barcelona, 1993; El evangelio habla a los j\u00f3venes, Atenas, Madrid, 1997; Qu\u00e9 es... LA TOLERANCIA, Paulinas, Madrid, 1999; Pedagog\u00eda del dolor. Ensayo antropol\u00f3gico, Palabra, Madrid, 1999; En colaboraci\u00f3n con Enrique Rivera de Ventosa (\u2020) OFM. Cap. San Francisco de As\u00eds y Fernando Rielo: Convergencias. Respuestas desde la fe a los interrogantes del hombre de hoy, Universidad Pontificia, Salamanca, 2001; La \"mirada\" del cine. Recursos did\u00e1cticos del s\u00e9ptimo arte. Librer\u00eda Cervantes, Salamanca, 2001; Paradojas de la convivencia, San Pablo, Madrid, 2002; En la Universidad T\u00e9cnica Particular de Loja, Ecuador, ha publicado: La confianza. El arte de amar, 2002; Educar para la responsabilidad, 2003; Apuntes de \u00e9tica en Karl R. Popper, 2003; De soledades y comunicaci\u00f3n, 2005; Yo educo; t\u00fa respondes, 2008; Humanismo y fe en un crisol de culturas, 2008; Repensar lo cotidiano, 2008; Convivir: un constante desaf\u00edo, 2009; La l\u00f3gica del amor, 2010; El dolor del amor. Apuntes sobre la enfermedad y el dolor en relaci\u00f3n con la virtud heroica, el martirio y la vida santa. Seminario Diocesano de M\u00e1laga, 2006 y Universidad T\u00e9cnica Particular de Loja, Ecuador (2007). Cuenta con numerosas colaboraciones en obras colectivas, as\u00ed como relatos, cuentos, f\u00e1bula y novela juvenil, adem\u00e1s de art\u00edculos de tem\u00e1tica cient\u00edfica, pedag\u00f3gica y espiritual, que viene publicando en distintas revistas nacionales e internacionales. En 2012 culmin\u00f3 el santoral Llamados a ser santos y poco m\u00e1s tarde Epopeyas de amor prologado por mons. Fernando Sebasti\u00e1n. Es la bi\u00f3grafa oficial del fundador de su familia espiritual, autora de Fernando Rielo Pardal. Fundador de los Misioneros Identes, Descl\u00e9e de Brouwer, Bilbao, 2009. Culmina la biograf\u00eda completa. Encargada del santoral de ZENIT desde 2012 a 2020 y ahora en Exaudi","url":"https:\/\/exaudi.org\/es\/author\/isabelorellana\/"}]}},"jetpack_featured_media_url":"https:\/\/exaudi.org\/wp-content\/uploads\/2021\/09\/News-Society-of-Jesus-Celebrates-Feast-of-St.-Robert-Bellarmine-SJ-bellarmine-large1.jpg","jetpack_shortlink":"https:\/\/wp.me\/pgKjF2-8Nk","_links":{"self":[{"href":"https:\/\/exaudi.org\/es\/wp-json\/wp\/v2\/posts\/33810","targetHints":{"allow":["GET"]}}],"collection":[{"href":"https:\/\/exaudi.org\/es\/wp-json\/wp\/v2\/posts"}],"about":[{"href":"https:\/\/exaudi.org\/es\/wp-json\/wp\/v2\/types\/post"}],"author":[{"embeddable":true,"href":"https:\/\/exaudi.org\/es\/wp-json\/wp\/v2\/users\/23"}],"replies":[{"embeddable":true,"href":"https:\/\/exaudi.org\/es\/wp-json\/wp\/v2\/comments?post=33810"}],"version-history":[{"count":3,"href":"https:\/\/exaudi.org\/es\/wp-json\/wp\/v2\/posts\/33810\/revisions"}],"predecessor-version":[{"id":135095,"href":"https:\/\/exaudi.org\/es\/wp-json\/wp\/v2\/posts\/33810\/revisions\/135095"}],"wp:featuredmedia":[{"embeddable":true,"href":"https:\/\/exaudi.org\/es\/wp-json\/wp\/v2\/media\/33812"}],"wp:attachment":[{"href":"https:\/\/exaudi.org\/es\/wp-json\/wp\/v2\/media?parent=33810"}],"wp:term":[{"taxonomy":"category","embeddable":true,"href":"https:\/\/exaudi.org\/es\/wp-json\/wp\/v2\/categories?post=33810"},{"taxonomy":"post_tag","embeddable":true,"href":"https:\/\/exaudi.org\/es\/wp-json\/wp\/v2\/tags?post=33810"}],"curies":[{"name":"wp","href":"https:\/\/api.w.org\/{rel}","templated":true}]}}