{"id":33802,"date":"2021-09-16T16:35:26","date_gmt":"2021-09-16T14:35:26","guid":{"rendered":"https:\/\/exaudi.wpengine.com\/?p=33802"},"modified":"2021-09-17T12:24:54","modified_gmt":"2021-09-17T10:24:54","slug":"vaticano-libro-francisco-pastor-teologo","status":"publish","type":"post","link":"https:\/\/exaudi.org\/es\/vaticano-libro-francisco-pastor-teologo\/","title":{"rendered":"El Vaticano presentar\u00e1 el libro &#8216;Francisco, pastor y te\u00f3logo&#8217;"},"content":{"rendered":"<p>El libro <em>Francisco, pastor y te\u00f3logo<\/em>, publicado por la <a href=\"https:\/\/www.libreriaeditricevaticana.va\/it\/\" target=\"_blank\" rel=\"noopener\">Librer\u00eda Editora Vaticana<\/a> y editado por Daniel Palau Valero, se presentar\u00e1 a las 16 horas del pr\u00f3ximo mi\u00e9rcoles 22 de septiembre de 2021 en la Sala Marconi del Palacio P\u00edo de Roma. Seg\u00fan ha informado el Dicasterio para la Comunicaci\u00f3n del Vaticano, el volumen re\u00fane las contribuciones de los especialistas que intervinieron en el conferencia celebrada en Barcelona en noviembre de 2019, en el Ateneo Universitario <em>Sant Paci\u00e0<\/em>.<\/p>\n<p>\u201cEs una buena oportunidad para acercarse a la propuesta misionera del <a href=\"https:\/\/exaudi.wpengine.com\/es\/papa-8-consejos-vivir-bien-asociacion-movimiento-comunidad\/\" target=\"_blank\" rel=\"noopener\">Papa Francisco<\/a> y entender mejor c\u00f3mo se recibe al Pont\u00edfice en diferentes continentes y \u00e1reas culturales. En el centro de estas p\u00e1ginas est\u00e1 la necesidad de dar respuestas a las preguntas m\u00e1s urgentes sobre el cristianismo de hoy y, sobre todo, hacer una buena correlaci\u00f3n entre pastoral y teolog\u00eda, en el sentido de una propuesta misionera que necesita de la complementariedad entre las dos dimensiones\u201d, se lee en la nota vaticana.<\/p>\n<p>El libro sobre el Santo Padre contiene el contribuciones de Luis F. Ladaria; Matteo Maria Zuppi, Margarita Bofarull i Bu\u00f1uel, Armand Puig i T\u00e0rrech, Walter Kasper, Joan Planellas i Barnosell, Maurizio Gronchi, Carlos Mar\u00eda Galli, Andrea Tornielli, Prem Xalxo, Felix A. Machado, Catherine Cornille, Adolfo Gonz\u00e1lez Montes, Carlos Osoro Sierra.<\/p>\n<h4><strong>Presentaci\u00f3n<\/strong><\/h4>\n<p>Los oradores de la presentaci\u00f3n de <em>Francisco, pastor y te\u00f3logo<\/em> ser\u00e1n <a href=\"https:\/\/exaudi.wpengine.com\/es\/andrea-tornielli-editorial-papa-martires-cristianos-irak\/\" target=\"_blank\" rel=\"noopener\">Andrea Tornielli<\/a>, director editorial del Dicasterio de Comunicaci\u00f3n; el <a href=\"https:\/\/exaudi.wpengine.com\/es\/cardenal-juan-j-omella-tiempo-fraternidad\/\" target=\"_blank\" rel=\"noopener\">cardenal Juan Jos\u00e9 Omella y Omella<\/a>, arzobispo de Barcelona, monse\u00f1or Aurelio Garc\u00eda, subsecretario de la Congregaci\u00f3n para el Culto Divino y la Disciplina de los Sacramentos, Armand Puig i T\u00e0rrech, rector del Ateneo Universitario Sant Paci\u00e0 (Barcelona), y el profesor Daniel Palau, editor del volumen y director de la C\u00e1tedra de Teolog\u00eda Pastoral \u201carquebisbe Josep Pont i Gol\u201d.<\/p>\n<p>La entrada a la Sala Marconi est\u00e1 reservada a un total de 30 personas. Para ser\u00e1 necesario tener un Pase Verde. Es posible acreditarse enviando confirmaci\u00f3n a la direcci\u00f3n de correo electr\u00f3nico: ufficiostampa.lev@spc.va. El acto se retransmitir\u00e1 por streaming a trav\u00e9s del enlace <a href=\"https:\/\/www.youtube.com\/watch?v=qOd4q3qSPQY\" target=\"_blank\" rel=\"noopener\">https:\/\/www.youtube.com\/watch?v=qOd4q3qSPQY<\/a>.<\/p>\n","protected":false},"excerpt":{"rendered":"<p>El pr\u00f3ximo 22 de septiembre<\/p>\n","protected":false},"author":6,"featured_media":33804,"comment_status":"closed","ping_status":"closed","sticky":false,"template":"","format":"standard","meta":{"_acf_changed":false,"_crdt_document":"","inline_featured_image":false,"footnotes":""},"categories":[68,298],"tags":[1179,158],"class_list":["post-33802","post","type-post","status-publish","format-standard","has-post-thumbnail","hentry","category-leon-xiv","category-ultimas-noticias","tag-libro","tag-papa-francisco"],"acf":[],"yoast_head":"<!-- This site is optimized with the Yoast SEO plugin v27.5 - https:\/\/yoast.com\/product\/yoast-seo-wordpress\/ -->\n<title>El Vaticano presentar\u00e1 el libro &#039;Francisco, pastor y te\u00f3logo&#039; - Exaudi<\/title>\n<meta name=\"description\" content=\"El libro \u201cFrancisco, pastor y te\u00f3logo, publicado por la Librer\u00eda Editora Vaticana, se presentar\u00e1 el 22 de septiembre de 2021 en el Vaticano.\" \/>\n<meta name=\"robots\" content=\"index, follow, max-snippet:-1, max-image-preview:large, max-video-preview:-1\" \/>\n<link rel=\"canonical\" href=\"https:\/\/exaudi.org\/es\/vaticano-libro-francisco-pastor-teologo\/\" \/>\n<meta property=\"og:locale\" content=\"es_ES\" \/>\n<meta property=\"og:type\" content=\"article\" \/>\n<meta property=\"og:title\" content=\"El Vaticano presentar\u00e1 el libro &#039;Francisco, pastor y te\u00f3logo&#039; - Exaudi\" \/>\n<meta property=\"og:description\" content=\"El libro \u201cFrancisco, pastor y te\u00f3logo, publicado por la Librer\u00eda Editora Vaticana, se presentar\u00e1 el 22 de septiembre de 2021 en el Vaticano.\" \/>\n<meta property=\"og:url\" content=\"https:\/\/exaudi.org\/es\/vaticano-libro-francisco-pastor-teologo\/\" \/>\n<meta property=\"og:site_name\" content=\"Exaudi\" \/>\n<meta property=\"article:publisher\" content=\"https:\/\/www.facebook.com\/ExaudiNews\" \/>\n<meta property=\"article:published_time\" content=\"2021-09-16T14:35:26+00:00\" \/>\n<meta property=\"article:modified_time\" content=\"2021-09-17T10:24:54+00:00\" \/>\n<meta property=\"og:image\" content=\"https:\/\/exaudi.org\/wp-content\/uploads\/2021\/09\/23c423c432c333-1024x664.png\" \/>\n\t<meta property=\"og:image:width\" content=\"1024\" \/>\n\t<meta property=\"og:image:height\" content=\"664\" \/>\n\t<meta property=\"og:image:type\" content=\"image\/png\" \/>\n<meta name=\"author\" content=\"Gabriel Sales\" \/>\n<meta name=\"twitter:card\" content=\"summary_large_image\" \/>\n<meta name=\"twitter:creator\" content=\"@habemusman\" \/>\n<meta name=\"twitter:site\" content=\"@Exaudi_News\" \/>\n<meta name=\"twitter:label1\" content=\"Escrito por\" \/>\n\t<meta name=\"twitter:data1\" content=\"Gabriel Sales\" \/>\n\t<meta name=\"twitter:label2\" content=\"Tiempo de lectura\" \/>\n\t<meta name=\"twitter:data2\" content=\"2 minutos\" \/>\n<script type=\"application\/ld+json\" class=\"yoast-schema-graph\">{\"@context\":\"https:\\\/\\\/schema.org\",\"@graph\":[{\"@type\":\"Article\",\"@id\":\"https:\\\/\\\/exaudi.org\\\/es\\\/vaticano-libro-francisco-pastor-teologo\\\/#article\",\"isPartOf\":{\"@id\":\"https:\\\/\\\/exaudi.org\\\/es\\\/vaticano-libro-francisco-pastor-teologo\\\/\"},\"author\":{\"name\":\"Gabriel Sales\",\"@id\":\"https:\\\/\\\/exaudi.org\\\/#\\\/schema\\\/person\\\/d134b96438278131ce90c90c03fda6cd\"},\"headline\":\"El Vaticano presentar\u00e1 el libro &#8216;Francisco, pastor y te\u00f3logo&#8217;\",\"datePublished\":\"2021-09-16T14:35:26+00:00\",\"dateModified\":\"2021-09-17T10:24:54+00:00\",\"mainEntityOfPage\":{\"@id\":\"https:\\\/\\\/exaudi.org\\\/es\\\/vaticano-libro-francisco-pastor-teologo\\\/\"},\"wordCount\":381,\"image\":{\"@id\":\"https:\\\/\\\/exaudi.org\\\/es\\\/vaticano-libro-francisco-pastor-teologo\\\/#primaryimage\"},\"thumbnailUrl\":\"https:\\\/\\\/exaudi.org\\\/wp-content\\\/uploads\\\/2021\\\/09\\\/23c423c432c333.png\",\"keywords\":[\"Libro\",\"papa francisco\"],\"articleSection\":[\"Le\u00f3n XIV\",\"\u00daltimas noticias\"],\"inLanguage\":\"es\"},{\"@type\":\"WebPage\",\"@id\":\"https:\\\/\\\/exaudi.org\\\/es\\\/vaticano-libro-francisco-pastor-teologo\\\/\",\"url\":\"https:\\\/\\\/exaudi.org\\\/es\\\/vaticano-libro-francisco-pastor-teologo\\\/\",\"name\":\"El Vaticano presentar\u00e1 el libro 'Francisco, pastor y te\u00f3logo' - Exaudi\",\"isPartOf\":{\"@id\":\"https:\\\/\\\/exaudi.org\\\/#website\"},\"primaryImageOfPage\":{\"@id\":\"https:\\\/\\\/exaudi.org\\\/es\\\/vaticano-libro-francisco-pastor-teologo\\\/#primaryimage\"},\"image\":{\"@id\":\"https:\\\/\\\/exaudi.org\\\/es\\\/vaticano-libro-francisco-pastor-teologo\\\/#primaryimage\"},\"thumbnailUrl\":\"https:\\\/\\\/exaudi.org\\\/wp-content\\\/uploads\\\/2021\\\/09\\\/23c423c432c333.png\",\"datePublished\":\"2021-09-16T14:35:26+00:00\",\"dateModified\":\"2021-09-17T10:24:54+00:00\",\"author\":{\"@id\":\"https:\\\/\\\/exaudi.org\\\/#\\\/schema\\\/person\\\/d134b96438278131ce90c90c03fda6cd\"},\"description\":\"El libro \u201cFrancisco, pastor y te\u00f3logo, publicado por la Librer\u00eda Editora Vaticana, se presentar\u00e1 el 22 de septiembre de 2021 en el Vaticano.\",\"breadcrumb\":{\"@id\":\"https:\\\/\\\/exaudi.org\\\/es\\\/vaticano-libro-francisco-pastor-teologo\\\/#breadcrumb\"},\"inLanguage\":\"es\",\"potentialAction\":[{\"@type\":\"ReadAction\",\"target\":[\"https:\\\/\\\/exaudi.org\\\/es\\\/vaticano-libro-francisco-pastor-teologo\\\/\"]}]},{\"@type\":\"ImageObject\",\"inLanguage\":\"es\",\"@id\":\"https:\\\/\\\/exaudi.org\\\/es\\\/vaticano-libro-francisco-pastor-teologo\\\/#primaryimage\",\"url\":\"https:\\\/\\\/exaudi.org\\\/wp-content\\\/uploads\\\/2021\\\/09\\\/23c423c432c333.png\",\"contentUrl\":\"https:\\\/\\\/exaudi.org\\\/wp-content\\\/uploads\\\/2021\\\/09\\\/23c423c432c333.png\",\"width\":4955,\"height\":3211,\"caption\":\"Papa Francisco \u00a9 Vatican Media\"},{\"@type\":\"BreadcrumbList\",\"@id\":\"https:\\\/\\\/exaudi.org\\\/es\\\/vaticano-libro-francisco-pastor-teologo\\\/#breadcrumb\",\"itemListElement\":[{\"@type\":\"ListItem\",\"position\":1,\"name\":\"Portada\",\"item\":\"https:\\\/\\\/exaudi.org\\\/es\\\/\"},{\"@type\":\"ListItem\",\"position\":2,\"name\":\"El Vaticano presentar\u00e1 el libro &#8216;Francisco, pastor y te\u00f3logo&#8217;\"}]},{\"@type\":\"WebSite\",\"@id\":\"https:\\\/\\\/exaudi.org\\\/#website\",\"url\":\"https:\\\/\\\/exaudi.org\\\/\",\"name\":\"Exaudi\",\"description\":\"News\",\"potentialAction\":[{\"@type\":\"SearchAction\",\"target\":{\"@type\":\"EntryPoint\",\"urlTemplate\":\"https:\\\/\\\/exaudi.org\\\/?s={search_term_string}\"},\"query-input\":{\"@type\":\"PropertyValueSpecification\",\"valueRequired\":true,\"valueName\":\"search_term_string\"}}],\"inLanguage\":\"es\"},{\"@type\":\"Person\",\"@id\":\"https:\\\/\\\/exaudi.org\\\/#\\\/schema\\\/person\\\/d134b96438278131ce90c90c03fda6cd\",\"name\":\"Gabriel Sales\",\"image\":{\"@type\":\"ImageObject\",\"inLanguage\":\"es\",\"@id\":\"https:\\\/\\\/secure.gravatar.com\\\/avatar\\\/9b1269566f6a063ed26ffb3532b66a373cdde231ce5d0effb266167437fdaffd?s=96&d=mm&r=g\",\"url\":\"https:\\\/\\\/secure.gravatar.com\\\/avatar\\\/9b1269566f6a063ed26ffb3532b66a373cdde231ce5d0effb266167437fdaffd?s=96&d=mm&r=g\",\"contentUrl\":\"https:\\\/\\\/secure.gravatar.com\\\/avatar\\\/9b1269566f6a063ed26ffb3532b66a373cdde231ce5d0effb266167437fdaffd?s=96&d=mm&r=g\",\"caption\":\"Gabriel Sales\"},\"description\":\"Periodista y especialista en Comunicaci\u00f3n y Branding digital. Cin\u00e9filo y cr\u00edtico de cine y series de televisi\u00f3n.\",\"sameAs\":[\"https:\\\/\\\/www.instagram.com\\\/cine90segundos\\\/\",\"www.linkedin.com\\\/in\\\/habemusman\",\"https:\\\/\\\/x.com\\\/habemusman\",\"https:\\\/\\\/www.youtube.com\\\/channel\\\/UCVfCiOMkJ_C7T7OpyjuaLDg\"],\"url\":\"https:\\\/\\\/exaudi.org\\\/es\\\/author\\\/gsalesexaudi-org\\\/\"}]}<\/script>\n<!-- \/ Yoast SEO plugin. -->","yoast_head_json":{"title":"El Vaticano presentar\u00e1 el libro 'Francisco, pastor y te\u00f3logo' - Exaudi","description":"El libro \u201cFrancisco, pastor y te\u00f3logo, publicado por la Librer\u00eda Editora Vaticana, se presentar\u00e1 el 22 de septiembre de 2021 en el Vaticano.","robots":{"index":"index","follow":"follow","max-snippet":"max-snippet:-1","max-image-preview":"max-image-preview:large","max-video-preview":"max-video-preview:-1"},"canonical":"https:\/\/exaudi.org\/es\/vaticano-libro-francisco-pastor-teologo\/","og_locale":"es_ES","og_type":"article","og_title":"El Vaticano presentar\u00e1 el libro 'Francisco, pastor y te\u00f3logo' - Exaudi","og_description":"El libro \u201cFrancisco, pastor y te\u00f3logo, publicado por la Librer\u00eda Editora Vaticana, se presentar\u00e1 el 22 de septiembre de 2021 en el Vaticano.","og_url":"https:\/\/exaudi.org\/es\/vaticano-libro-francisco-pastor-teologo\/","og_site_name":"Exaudi","article_publisher":"https:\/\/www.facebook.com\/ExaudiNews","article_published_time":"2021-09-16T14:35:26+00:00","article_modified_time":"2021-09-17T10:24:54+00:00","og_image":[{"width":1024,"height":664,"url":"https:\/\/exaudi.org\/wp-content\/uploads\/2021\/09\/23c423c432c333-1024x664.png","type":"image\/png"}],"author":"Gabriel Sales","twitter_card":"summary_large_image","twitter_creator":"@habemusman","twitter_site":"@Exaudi_News","twitter_misc":{"Escrito por":"Gabriel Sales","Tiempo de lectura":"2 minutos"},"schema":{"@context":"https:\/\/schema.org","@graph":[{"@type":"Article","@id":"https:\/\/exaudi.org\/es\/vaticano-libro-francisco-pastor-teologo\/#article","isPartOf":{"@id":"https:\/\/exaudi.org\/es\/vaticano-libro-francisco-pastor-teologo\/"},"author":{"name":"Gabriel Sales","@id":"https:\/\/exaudi.org\/#\/schema\/person\/d134b96438278131ce90c90c03fda6cd"},"headline":"El Vaticano presentar\u00e1 el libro &#8216;Francisco, pastor y te\u00f3logo&#8217;","datePublished":"2021-09-16T14:35:26+00:00","dateModified":"2021-09-17T10:24:54+00:00","mainEntityOfPage":{"@id":"https:\/\/exaudi.org\/es\/vaticano-libro-francisco-pastor-teologo\/"},"wordCount":381,"image":{"@id":"https:\/\/exaudi.org\/es\/vaticano-libro-francisco-pastor-teologo\/#primaryimage"},"thumbnailUrl":"https:\/\/exaudi.org\/wp-content\/uploads\/2021\/09\/23c423c432c333.png","keywords":["Libro","papa francisco"],"articleSection":["Le\u00f3n XIV","\u00daltimas noticias"],"inLanguage":"es"},{"@type":"WebPage","@id":"https:\/\/exaudi.org\/es\/vaticano-libro-francisco-pastor-teologo\/","url":"https:\/\/exaudi.org\/es\/vaticano-libro-francisco-pastor-teologo\/","name":"El Vaticano presentar\u00e1 el libro 'Francisco, pastor y te\u00f3logo' - Exaudi","isPartOf":{"@id":"https:\/\/exaudi.org\/#website"},"primaryImageOfPage":{"@id":"https:\/\/exaudi.org\/es\/vaticano-libro-francisco-pastor-teologo\/#primaryimage"},"image":{"@id":"https:\/\/exaudi.org\/es\/vaticano-libro-francisco-pastor-teologo\/#primaryimage"},"thumbnailUrl":"https:\/\/exaudi.org\/wp-content\/uploads\/2021\/09\/23c423c432c333.png","datePublished":"2021-09-16T14:35:26+00:00","dateModified":"2021-09-17T10:24:54+00:00","author":{"@id":"https:\/\/exaudi.org\/#\/schema\/person\/d134b96438278131ce90c90c03fda6cd"},"description":"El libro \u201cFrancisco, pastor y te\u00f3logo, publicado por la Librer\u00eda Editora Vaticana, se presentar\u00e1 el 22 de septiembre de 2021 en el Vaticano.","breadcrumb":{"@id":"https:\/\/exaudi.org\/es\/vaticano-libro-francisco-pastor-teologo\/#breadcrumb"},"inLanguage":"es","potentialAction":[{"@type":"ReadAction","target":["https:\/\/exaudi.org\/es\/vaticano-libro-francisco-pastor-teologo\/"]}]},{"@type":"ImageObject","inLanguage":"es","@id":"https:\/\/exaudi.org\/es\/vaticano-libro-francisco-pastor-teologo\/#primaryimage","url":"https:\/\/exaudi.org\/wp-content\/uploads\/2021\/09\/23c423c432c333.png","contentUrl":"https:\/\/exaudi.org\/wp-content\/uploads\/2021\/09\/23c423c432c333.png","width":4955,"height":3211,"caption":"Papa Francisco \u00a9 Vatican Media"},{"@type":"BreadcrumbList","@id":"https:\/\/exaudi.org\/es\/vaticano-libro-francisco-pastor-teologo\/#breadcrumb","itemListElement":[{"@type":"ListItem","position":1,"name":"Portada","item":"https:\/\/exaudi.org\/es\/"},{"@type":"ListItem","position":2,"name":"El Vaticano presentar\u00e1 el libro &#8216;Francisco, pastor y te\u00f3logo&#8217;"}]},{"@type":"WebSite","@id":"https:\/\/exaudi.org\/#website","url":"https:\/\/exaudi.org\/","name":"Exaudi","description":"News","potentialAction":[{"@type":"SearchAction","target":{"@type":"EntryPoint","urlTemplate":"https:\/\/exaudi.org\/?s={search_term_string}"},"query-input":{"@type":"PropertyValueSpecification","valueRequired":true,"valueName":"search_term_string"}}],"inLanguage":"es"},{"@type":"Person","@id":"https:\/\/exaudi.org\/#\/schema\/person\/d134b96438278131ce90c90c03fda6cd","name":"Gabriel Sales","image":{"@type":"ImageObject","inLanguage":"es","@id":"https:\/\/secure.gravatar.com\/avatar\/9b1269566f6a063ed26ffb3532b66a373cdde231ce5d0effb266167437fdaffd?s=96&d=mm&r=g","url":"https:\/\/secure.gravatar.com\/avatar\/9b1269566f6a063ed26ffb3532b66a373cdde231ce5d0effb266167437fdaffd?s=96&d=mm&r=g","contentUrl":"https:\/\/secure.gravatar.com\/avatar\/9b1269566f6a063ed26ffb3532b66a373cdde231ce5d0effb266167437fdaffd?s=96&d=mm&r=g","caption":"Gabriel Sales"},"description":"Periodista y especialista en Comunicaci\u00f3n y Branding digital. Cin\u00e9filo y cr\u00edtico de cine y series de televisi\u00f3n.","sameAs":["https:\/\/www.instagram.com\/cine90segundos\/","www.linkedin.com\/in\/habemusman","https:\/\/x.com\/habemusman","https:\/\/www.youtube.com\/channel\/UCVfCiOMkJ_C7T7OpyjuaLDg"],"url":"https:\/\/exaudi.org\/es\/author\/gsalesexaudi-org\/"}]}},"jetpack_featured_media_url":"https:\/\/exaudi.org\/wp-content\/uploads\/2021\/09\/23c423c432c333.png","jetpack_shortlink":"https:\/\/wp.me\/pgKjF2-8Nc","_links":{"self":[{"href":"https:\/\/exaudi.org\/es\/wp-json\/wp\/v2\/posts\/33802","targetHints":{"allow":["GET"]}}],"collection":[{"href":"https:\/\/exaudi.org\/es\/wp-json\/wp\/v2\/posts"}],"about":[{"href":"https:\/\/exaudi.org\/es\/wp-json\/wp\/v2\/types\/post"}],"author":[{"embeddable":true,"href":"https:\/\/exaudi.org\/es\/wp-json\/wp\/v2\/users\/6"}],"replies":[{"embeddable":true,"href":"https:\/\/exaudi.org\/es\/wp-json\/wp\/v2\/comments?post=33802"}],"version-history":[{"count":0,"href":"https:\/\/exaudi.org\/es\/wp-json\/wp\/v2\/posts\/33802\/revisions"}],"wp:featuredmedia":[{"embeddable":true,"href":"https:\/\/exaudi.org\/es\/wp-json\/wp\/v2\/media\/33804"}],"wp:attachment":[{"href":"https:\/\/exaudi.org\/es\/wp-json\/wp\/v2\/media?parent=33802"}],"wp:term":[{"taxonomy":"category","embeddable":true,"href":"https:\/\/exaudi.org\/es\/wp-json\/wp\/v2\/categories?post=33802"},{"taxonomy":"post_tag","embeddable":true,"href":"https:\/\/exaudi.org\/es\/wp-json\/wp\/v2\/tags?post=33802"}],"curies":[{"name":"wp","href":"https:\/\/api.w.org\/{rel}","templated":true}]}}