{"id":33740,"date":"2021-09-16T13:33:34","date_gmt":"2021-09-16T11:33:34","guid":{"rendered":"https:\/\/exaudi.wpengine.com\/?p=33740"},"modified":"2021-09-16T14:08:44","modified_gmt":"2021-09-16T12:08:44","slug":"espana-san-francisco-borja-valencia-reliquia-santo-titular","status":"publish","type":"post","link":"https:\/\/exaudi.org\/es\/espana-san-francisco-borja-valencia-reliquia-santo-titular\/","title":{"rendered":"Espa\u00f1a: San Francisco Borja de Valencia acoge nueva reliquia"},"content":{"rendered":"<p>La <a href=\"https:\/\/www.parroquiasanfranciscodeborjavalencia.com\/\" target=\"_blank\" rel=\"noopener\">comunidad parroquial de san Francisco de Borja de Valencia<\/a>, Espa\u00f1a, acoge \u201ccon gran alegr\u00eda\u201d la concesi\u00f3n de una reliquia de primera clase <em>ex ossibus<\/em> de su titular, san Francisco de Borja, ofrecida por el superior general de la Compa\u00f1\u00eda de Jes\u00fas, el padre Arturo Sosa Abascal, con motivo de la celebraci\u00f3n del A\u00f1o Jubilar concedido por el <a href=\"https:\/\/exaudi.wpengine.com\/es\/rueda-prensa-papa-aborto-homicidio-pastoral-cercana\/\" target=\"_blank\" rel=\"noopener\">Papa Francisco.<\/a><\/p>\n<p>Tal y como ha informado la propia parroquia en un comunicado, la reliquia fue solicitada por su p\u00e1rroco, el reverendo Pedro Miret Giner, al superior general de los jesuitas tras el anuncio por parte de la Penitenciar\u00eda Apost\u00f3lica de la concesi\u00f3n del A\u00f1o Santo. Sosa Abascal afirm\u00f3 que \u201cofrece dicha reliquia para contribuir al conocimiento y la devoci\u00f3n\u201d al que un d\u00eda fuere su predecesor y III Superior de la congregaci\u00f3n, el santo duque.<\/p>\n<p>Asimismo, con afecto hace llegar a la comunidad parroquial su m\u00e1s sincera felicitaci\u00f3n y su deseo de que \u201c\u00e9ste sea un a\u00f1o lleno de gracia en el que no falte la divulgaci\u00f3n de las virtudes, espiritualidad y servicio eclesial\u00bb de tan gran santo\u201d. La reliquia ser\u00e1 entregada en la parroquia valenciana por un jesuita delegado por padre Sosa, estando la fecha todav\u00eda por determinar.<\/p>\n<div>\n<div id=\"m_-7998800680402734785h.2e5867fb0819e3a3_10\">\n<p dir=\"ltr\">El Cura-P\u00e1rroco, el consejo de pastoral y toda la comunidad parroquial \u201cagradecen enormemente el gesto que la Compa\u00f1\u00eda de Jes\u00fas ha tenido\u201d con ellos. Seg\u00fan declaraciones de don Pedro Miret, \u201cla entrega de esta reliquia, contribuir\u00e1 en gran medida a acrecentar la devoci\u00f3n y a divulgar las virtudes y el ejemplo de vida familiar, pol\u00edtico, social y evangelizador del santo gandiense a toda nuestra comunidad parroquial\u201d.<\/p>\n<p dir=\"ltr\">\u201c\u00c9ste es un nuevo hecho que marcar\u00e1 para siempre nuestra historia y que contin\u00faa estrechando los v\u00ednculos creados por el paso del tiempo entre los Compa\u00f1\u00eda de Jes\u00fas y nuestra comunidad parroquial\u201d, indica la nota. \u201cYa desde los or\u00edgenes de nuestra parroquia, en diversos acontecimientos hist\u00f3ricos fuimos acompa\u00f1ados por padres jesuitas, tales como en la bendici\u00f3n del templo parroquial, en la visita del arca de las reliquias de San Francisco de Borja, en la dedicaci\u00f3n del templo y en m\u00faltiples ejercicios espirituales practicados por miembros de la Compa\u00f1\u00eda, entre otros hechos\u201d, concluye.<\/p>\n<\/div>\n<\/div>\n","protected":false},"excerpt":{"rendered":"<p>Objeto de primera clase &#8216;ex ossibus&#8217;<\/p>\n","protected":false},"author":6,"featured_media":33741,"comment_status":"closed","ping_status":"closed","sticky":false,"template":"","format":"standard","meta":{"_acf_changed":false,"_crdt_document":"","inline_featured_image":false,"footnotes":""},"categories":[86,298],"tags":[4164,4165],"class_list":["post-33740","post","type-post","status-publish","format-standard","has-post-thumbnail","hentry","category-iglesia-local","category-ultimas-noticias","tag-parroquia-san-francisco-de-borja-de-valencia","tag-reliquia"],"acf":[],"yoast_head":"<!-- This site is optimized with the Yoast SEO plugin v27.5 - https:\/\/yoast.com\/product\/yoast-seo-wordpress\/ -->\n<title>Espa\u00f1a: San Francisco Borja de Valencia acoge nueva reliquia<\/title>\n<meta name=\"description\" content=\"La parroquia San Francisco de Borja de Valencia, Espa\u00f1a, acoger\u00e1 una nueva reliquia de primera orden de su santo titular.\" \/>\n<meta name=\"robots\" content=\"index, follow, max-snippet:-1, max-image-preview:large, max-video-preview:-1\" \/>\n<link rel=\"canonical\" href=\"https:\/\/exaudi.org\/es\/espana-san-francisco-borja-valencia-reliquia-santo-titular\/\" \/>\n<meta property=\"og:locale\" content=\"es_ES\" \/>\n<meta property=\"og:type\" content=\"article\" \/>\n<meta property=\"og:title\" content=\"Espa\u00f1a: San Francisco Borja de Valencia acoge nueva reliquia\" \/>\n<meta property=\"og:description\" content=\"La parroquia San Francisco de Borja de Valencia, Espa\u00f1a, acoger\u00e1 una nueva reliquia de primera orden de su santo titular.\" \/>\n<meta property=\"og:url\" content=\"https:\/\/exaudi.org\/es\/espana-san-francisco-borja-valencia-reliquia-santo-titular\/\" \/>\n<meta property=\"og:site_name\" content=\"Exaudi\" \/>\n<meta property=\"article:publisher\" content=\"https:\/\/www.facebook.com\/ExaudiNews\" \/>\n<meta property=\"article:published_time\" content=\"2021-09-16T11:33:34+00:00\" \/>\n<meta property=\"article:modified_time\" content=\"2021-09-16T12:08:44+00:00\" \/>\n<meta property=\"og:image\" content=\"https:\/\/exaudi.org\/wp-content\/uploads\/2021\/09\/b55b45b.jpg\" \/>\n\t<meta property=\"og:image:width\" content=\"1352\" \/>\n\t<meta property=\"og:image:height\" content=\"755\" \/>\n\t<meta property=\"og:image:type\" content=\"image\/jpeg\" \/>\n<meta name=\"author\" content=\"Gabriel Sales\" \/>\n<meta name=\"twitter:card\" content=\"summary_large_image\" \/>\n<meta name=\"twitter:creator\" content=\"@habemusman\" \/>\n<meta name=\"twitter:site\" content=\"@Exaudi_News\" \/>\n<meta name=\"twitter:label1\" content=\"Escrito por\" \/>\n\t<meta name=\"twitter:data1\" content=\"Gabriel Sales\" \/>\n\t<meta name=\"twitter:label2\" content=\"Tiempo de lectura\" \/>\n\t<meta name=\"twitter:data2\" content=\"2 minutos\" \/>\n<script type=\"application\/ld+json\" class=\"yoast-schema-graph\">{\"@context\":\"https:\\\/\\\/schema.org\",\"@graph\":[{\"@type\":\"Article\",\"@id\":\"https:\\\/\\\/exaudi.org\\\/es\\\/espana-san-francisco-borja-valencia-reliquia-santo-titular\\\/#article\",\"isPartOf\":{\"@id\":\"https:\\\/\\\/exaudi.org\\\/es\\\/espana-san-francisco-borja-valencia-reliquia-santo-titular\\\/\"},\"author\":{\"name\":\"Gabriel Sales\",\"@id\":\"https:\\\/\\\/exaudi.org\\\/#\\\/schema\\\/person\\\/d134b96438278131ce90c90c03fda6cd\"},\"headline\":\"Espa\u00f1a: San Francisco Borja de Valencia acoge nueva reliquia\",\"datePublished\":\"2021-09-16T11:33:34+00:00\",\"dateModified\":\"2021-09-16T12:08:44+00:00\",\"mainEntityOfPage\":{\"@id\":\"https:\\\/\\\/exaudi.org\\\/es\\\/espana-san-francisco-borja-valencia-reliquia-santo-titular\\\/\"},\"wordCount\":403,\"image\":{\"@id\":\"https:\\\/\\\/exaudi.org\\\/es\\\/espana-san-francisco-borja-valencia-reliquia-santo-titular\\\/#primaryimage\"},\"thumbnailUrl\":\"https:\\\/\\\/exaudi.org\\\/wp-content\\\/uploads\\\/2021\\\/09\\\/b55b45b.jpg\",\"keywords\":[\"Parroquia San Francisco de Borja de Valencia\",\"Reliquia\"],\"articleSection\":[\"Iglesia Local\",\"\u00daltimas noticias\"],\"inLanguage\":\"es\"},{\"@type\":\"WebPage\",\"@id\":\"https:\\\/\\\/exaudi.org\\\/es\\\/espana-san-francisco-borja-valencia-reliquia-santo-titular\\\/\",\"url\":\"https:\\\/\\\/exaudi.org\\\/es\\\/espana-san-francisco-borja-valencia-reliquia-santo-titular\\\/\",\"name\":\"Espa\u00f1a: San Francisco Borja de Valencia acoge nueva reliquia\",\"isPartOf\":{\"@id\":\"https:\\\/\\\/exaudi.org\\\/#website\"},\"primaryImageOfPage\":{\"@id\":\"https:\\\/\\\/exaudi.org\\\/es\\\/espana-san-francisco-borja-valencia-reliquia-santo-titular\\\/#primaryimage\"},\"image\":{\"@id\":\"https:\\\/\\\/exaudi.org\\\/es\\\/espana-san-francisco-borja-valencia-reliquia-santo-titular\\\/#primaryimage\"},\"thumbnailUrl\":\"https:\\\/\\\/exaudi.org\\\/wp-content\\\/uploads\\\/2021\\\/09\\\/b55b45b.jpg\",\"datePublished\":\"2021-09-16T11:33:34+00:00\",\"dateModified\":\"2021-09-16T12:08:44+00:00\",\"author\":{\"@id\":\"https:\\\/\\\/exaudi.org\\\/#\\\/schema\\\/person\\\/d134b96438278131ce90c90c03fda6cd\"},\"description\":\"La parroquia San Francisco de Borja de Valencia, Espa\u00f1a, acoger\u00e1 una nueva reliquia de primera orden de su santo titular.\",\"breadcrumb\":{\"@id\":\"https:\\\/\\\/exaudi.org\\\/es\\\/espana-san-francisco-borja-valencia-reliquia-santo-titular\\\/#breadcrumb\"},\"inLanguage\":\"es\",\"potentialAction\":[{\"@type\":\"ReadAction\",\"target\":[\"https:\\\/\\\/exaudi.org\\\/es\\\/espana-san-francisco-borja-valencia-reliquia-santo-titular\\\/\"]}]},{\"@type\":\"ImageObject\",\"inLanguage\":\"es\",\"@id\":\"https:\\\/\\\/exaudi.org\\\/es\\\/espana-san-francisco-borja-valencia-reliquia-santo-titular\\\/#primaryimage\",\"url\":\"https:\\\/\\\/exaudi.org\\\/wp-content\\\/uploads\\\/2021\\\/09\\\/b55b45b.jpg\",\"contentUrl\":\"https:\\\/\\\/exaudi.org\\\/wp-content\\\/uploads\\\/2021\\\/09\\\/b55b45b.jpg\",\"width\":1352,\"height\":755,\"caption\":\"Celebraci\u00f3n solemne de del Sant\u00edsimo Cristo de la Providencia \u00a9 Facebook Parroquia San Francisco de Borja de Valencia\"},{\"@type\":\"BreadcrumbList\",\"@id\":\"https:\\\/\\\/exaudi.org\\\/es\\\/espana-san-francisco-borja-valencia-reliquia-santo-titular\\\/#breadcrumb\",\"itemListElement\":[{\"@type\":\"ListItem\",\"position\":1,\"name\":\"Portada\",\"item\":\"https:\\\/\\\/exaudi.org\\\/es\\\/\"},{\"@type\":\"ListItem\",\"position\":2,\"name\":\"Espa\u00f1a: San Francisco Borja de Valencia acoge nueva reliquia\"}]},{\"@type\":\"WebSite\",\"@id\":\"https:\\\/\\\/exaudi.org\\\/#website\",\"url\":\"https:\\\/\\\/exaudi.org\\\/\",\"name\":\"Exaudi\",\"description\":\"News\",\"potentialAction\":[{\"@type\":\"SearchAction\",\"target\":{\"@type\":\"EntryPoint\",\"urlTemplate\":\"https:\\\/\\\/exaudi.org\\\/?s={search_term_string}\"},\"query-input\":{\"@type\":\"PropertyValueSpecification\",\"valueRequired\":true,\"valueName\":\"search_term_string\"}}],\"inLanguage\":\"es\"},{\"@type\":\"Person\",\"@id\":\"https:\\\/\\\/exaudi.org\\\/#\\\/schema\\\/person\\\/d134b96438278131ce90c90c03fda6cd\",\"name\":\"Gabriel Sales\",\"image\":{\"@type\":\"ImageObject\",\"inLanguage\":\"es\",\"@id\":\"https:\\\/\\\/secure.gravatar.com\\\/avatar\\\/9b1269566f6a063ed26ffb3532b66a373cdde231ce5d0effb266167437fdaffd?s=96&d=mm&r=g\",\"url\":\"https:\\\/\\\/secure.gravatar.com\\\/avatar\\\/9b1269566f6a063ed26ffb3532b66a373cdde231ce5d0effb266167437fdaffd?s=96&d=mm&r=g\",\"contentUrl\":\"https:\\\/\\\/secure.gravatar.com\\\/avatar\\\/9b1269566f6a063ed26ffb3532b66a373cdde231ce5d0effb266167437fdaffd?s=96&d=mm&r=g\",\"caption\":\"Gabriel Sales\"},\"description\":\"Periodista y especialista en Comunicaci\u00f3n y Branding digital. Cin\u00e9filo y cr\u00edtico de cine y series de televisi\u00f3n.\",\"sameAs\":[\"https:\\\/\\\/www.instagram.com\\\/cine90segundos\\\/\",\"www.linkedin.com\\\/in\\\/habemusman\",\"https:\\\/\\\/x.com\\\/habemusman\",\"https:\\\/\\\/www.youtube.com\\\/channel\\\/UCVfCiOMkJ_C7T7OpyjuaLDg\"],\"url\":\"https:\\\/\\\/exaudi.org\\\/es\\\/author\\\/gsalesexaudi-org\\\/\"}]}<\/script>\n<!-- \/ Yoast SEO plugin. -->","yoast_head_json":{"title":"Espa\u00f1a: San Francisco Borja de Valencia acoge nueva reliquia","description":"La parroquia San Francisco de Borja de Valencia, Espa\u00f1a, acoger\u00e1 una nueva reliquia de primera orden de su santo titular.","robots":{"index":"index","follow":"follow","max-snippet":"max-snippet:-1","max-image-preview":"max-image-preview:large","max-video-preview":"max-video-preview:-1"},"canonical":"https:\/\/exaudi.org\/es\/espana-san-francisco-borja-valencia-reliquia-santo-titular\/","og_locale":"es_ES","og_type":"article","og_title":"Espa\u00f1a: San Francisco Borja de Valencia acoge nueva reliquia","og_description":"La parroquia San Francisco de Borja de Valencia, Espa\u00f1a, acoger\u00e1 una nueva reliquia de primera orden de su santo titular.","og_url":"https:\/\/exaudi.org\/es\/espana-san-francisco-borja-valencia-reliquia-santo-titular\/","og_site_name":"Exaudi","article_publisher":"https:\/\/www.facebook.com\/ExaudiNews","article_published_time":"2021-09-16T11:33:34+00:00","article_modified_time":"2021-09-16T12:08:44+00:00","og_image":[{"width":1352,"height":755,"url":"https:\/\/exaudi.org\/wp-content\/uploads\/2021\/09\/b55b45b.jpg","type":"image\/jpeg"}],"author":"Gabriel Sales","twitter_card":"summary_large_image","twitter_creator":"@habemusman","twitter_site":"@Exaudi_News","twitter_misc":{"Escrito por":"Gabriel Sales","Tiempo de lectura":"2 minutos"},"schema":{"@context":"https:\/\/schema.org","@graph":[{"@type":"Article","@id":"https:\/\/exaudi.org\/es\/espana-san-francisco-borja-valencia-reliquia-santo-titular\/#article","isPartOf":{"@id":"https:\/\/exaudi.org\/es\/espana-san-francisco-borja-valencia-reliquia-santo-titular\/"},"author":{"name":"Gabriel Sales","@id":"https:\/\/exaudi.org\/#\/schema\/person\/d134b96438278131ce90c90c03fda6cd"},"headline":"Espa\u00f1a: San Francisco Borja de Valencia acoge nueva reliquia","datePublished":"2021-09-16T11:33:34+00:00","dateModified":"2021-09-16T12:08:44+00:00","mainEntityOfPage":{"@id":"https:\/\/exaudi.org\/es\/espana-san-francisco-borja-valencia-reliquia-santo-titular\/"},"wordCount":403,"image":{"@id":"https:\/\/exaudi.org\/es\/espana-san-francisco-borja-valencia-reliquia-santo-titular\/#primaryimage"},"thumbnailUrl":"https:\/\/exaudi.org\/wp-content\/uploads\/2021\/09\/b55b45b.jpg","keywords":["Parroquia San Francisco de Borja de Valencia","Reliquia"],"articleSection":["Iglesia Local","\u00daltimas noticias"],"inLanguage":"es"},{"@type":"WebPage","@id":"https:\/\/exaudi.org\/es\/espana-san-francisco-borja-valencia-reliquia-santo-titular\/","url":"https:\/\/exaudi.org\/es\/espana-san-francisco-borja-valencia-reliquia-santo-titular\/","name":"Espa\u00f1a: San Francisco Borja de Valencia acoge nueva reliquia","isPartOf":{"@id":"https:\/\/exaudi.org\/#website"},"primaryImageOfPage":{"@id":"https:\/\/exaudi.org\/es\/espana-san-francisco-borja-valencia-reliquia-santo-titular\/#primaryimage"},"image":{"@id":"https:\/\/exaudi.org\/es\/espana-san-francisco-borja-valencia-reliquia-santo-titular\/#primaryimage"},"thumbnailUrl":"https:\/\/exaudi.org\/wp-content\/uploads\/2021\/09\/b55b45b.jpg","datePublished":"2021-09-16T11:33:34+00:00","dateModified":"2021-09-16T12:08:44+00:00","author":{"@id":"https:\/\/exaudi.org\/#\/schema\/person\/d134b96438278131ce90c90c03fda6cd"},"description":"La parroquia San Francisco de Borja de Valencia, Espa\u00f1a, acoger\u00e1 una nueva reliquia de primera orden de su santo titular.","breadcrumb":{"@id":"https:\/\/exaudi.org\/es\/espana-san-francisco-borja-valencia-reliquia-santo-titular\/#breadcrumb"},"inLanguage":"es","potentialAction":[{"@type":"ReadAction","target":["https:\/\/exaudi.org\/es\/espana-san-francisco-borja-valencia-reliquia-santo-titular\/"]}]},{"@type":"ImageObject","inLanguage":"es","@id":"https:\/\/exaudi.org\/es\/espana-san-francisco-borja-valencia-reliquia-santo-titular\/#primaryimage","url":"https:\/\/exaudi.org\/wp-content\/uploads\/2021\/09\/b55b45b.jpg","contentUrl":"https:\/\/exaudi.org\/wp-content\/uploads\/2021\/09\/b55b45b.jpg","width":1352,"height":755,"caption":"Celebraci\u00f3n solemne de del Sant\u00edsimo Cristo de la Providencia \u00a9 Facebook Parroquia San Francisco de Borja de Valencia"},{"@type":"BreadcrumbList","@id":"https:\/\/exaudi.org\/es\/espana-san-francisco-borja-valencia-reliquia-santo-titular\/#breadcrumb","itemListElement":[{"@type":"ListItem","position":1,"name":"Portada","item":"https:\/\/exaudi.org\/es\/"},{"@type":"ListItem","position":2,"name":"Espa\u00f1a: San Francisco Borja de Valencia acoge nueva reliquia"}]},{"@type":"WebSite","@id":"https:\/\/exaudi.org\/#website","url":"https:\/\/exaudi.org\/","name":"Exaudi","description":"News","potentialAction":[{"@type":"SearchAction","target":{"@type":"EntryPoint","urlTemplate":"https:\/\/exaudi.org\/?s={search_term_string}"},"query-input":{"@type":"PropertyValueSpecification","valueRequired":true,"valueName":"search_term_string"}}],"inLanguage":"es"},{"@type":"Person","@id":"https:\/\/exaudi.org\/#\/schema\/person\/d134b96438278131ce90c90c03fda6cd","name":"Gabriel Sales","image":{"@type":"ImageObject","inLanguage":"es","@id":"https:\/\/secure.gravatar.com\/avatar\/9b1269566f6a063ed26ffb3532b66a373cdde231ce5d0effb266167437fdaffd?s=96&d=mm&r=g","url":"https:\/\/secure.gravatar.com\/avatar\/9b1269566f6a063ed26ffb3532b66a373cdde231ce5d0effb266167437fdaffd?s=96&d=mm&r=g","contentUrl":"https:\/\/secure.gravatar.com\/avatar\/9b1269566f6a063ed26ffb3532b66a373cdde231ce5d0effb266167437fdaffd?s=96&d=mm&r=g","caption":"Gabriel Sales"},"description":"Periodista y especialista en Comunicaci\u00f3n y Branding digital. Cin\u00e9filo y cr\u00edtico de cine y series de televisi\u00f3n.","sameAs":["https:\/\/www.instagram.com\/cine90segundos\/","www.linkedin.com\/in\/habemusman","https:\/\/x.com\/habemusman","https:\/\/www.youtube.com\/channel\/UCVfCiOMkJ_C7T7OpyjuaLDg"],"url":"https:\/\/exaudi.org\/es\/author\/gsalesexaudi-org\/"}]}},"jetpack_featured_media_url":"https:\/\/exaudi.org\/wp-content\/uploads\/2021\/09\/b55b45b.jpg","jetpack_shortlink":"https:\/\/wp.me\/pgKjF2-8Mc","_links":{"self":[{"href":"https:\/\/exaudi.org\/es\/wp-json\/wp\/v2\/posts\/33740","targetHints":{"allow":["GET"]}}],"collection":[{"href":"https:\/\/exaudi.org\/es\/wp-json\/wp\/v2\/posts"}],"about":[{"href":"https:\/\/exaudi.org\/es\/wp-json\/wp\/v2\/types\/post"}],"author":[{"embeddable":true,"href":"https:\/\/exaudi.org\/es\/wp-json\/wp\/v2\/users\/6"}],"replies":[{"embeddable":true,"href":"https:\/\/exaudi.org\/es\/wp-json\/wp\/v2\/comments?post=33740"}],"version-history":[{"count":0,"href":"https:\/\/exaudi.org\/es\/wp-json\/wp\/v2\/posts\/33740\/revisions"}],"wp:featuredmedia":[{"embeddable":true,"href":"https:\/\/exaudi.org\/es\/wp-json\/wp\/v2\/media\/33741"}],"wp:attachment":[{"href":"https:\/\/exaudi.org\/es\/wp-json\/wp\/v2\/media?parent=33740"}],"wp:term":[{"taxonomy":"category","embeddable":true,"href":"https:\/\/exaudi.org\/es\/wp-json\/wp\/v2\/categories?post=33740"},{"taxonomy":"post_tag","embeddable":true,"href":"https:\/\/exaudi.org\/es\/wp-json\/wp\/v2\/tags?post=33740"}],"curies":[{"name":"wp","href":"https:\/\/api.w.org\/{rel}","templated":true}]}}