{"id":33718,"date":"2021-09-16T11:24:20","date_gmt":"2021-09-16T09:24:20","guid":{"rendered":"https:\/\/exaudi.wpengine.com\/?p=33718"},"modified":"2021-09-17T14:19:50","modified_gmt":"2021-09-17T12:19:50","slug":"rueda-prensa-papa-aborto-homicidio-pastoral-cercana","status":"publish","type":"post","link":"https:\/\/exaudi.org\/es\/rueda-prensa-papa-aborto-homicidio-pastoral-cercana\/","title":{"rendered":"Rueda de prensa del Papa: Aborto, pastoral cercana, uniones civiles"},"content":{"rendered":"<p>Ayer, 16 de septiembre de 2021, en su <a href=\"https:\/\/exaudi.wpengine.com\/es\/34-viaje-apostolico-papa-regresado-roma\/\" target=\"_blank\" rel=\"noopener\">viaje de regreso de Eslovaquia<\/a>, como es habitual, el Papa Francisco ofreci\u00f3 una rueda de prensa con los periodistas a bordo del vuelo papal. Le hicieron un total de cinco preguntas sobre temas como su participaci\u00f3n en el Congreso Eucar\u00edstico de Budapest y su reuni\u00f3n con el primer ministro Orban, la vacunaci\u00f3n, la comuni\u00f3n a los pol\u00edticos pro-aborto, el aborto como homicidio, la pastoral cercana o la regulaci\u00f3n de las uniones civiles de personas homosexuales.<\/p>\n<h4><strong>Comuni\u00f3n a pol\u00edticos pro-aborto<\/strong><\/h4>\n<p>Respecto a una pregunta sobre la discusi\u00f3n episcopal en Estados Unidos sobre dar o no la comuni\u00f3n a los pol\u00edticos que est\u00e1n a favor del aborto, el Santo Padre se\u00f1al\u00f3 que \u201cla comuni\u00f3n no es un premio para los perfectos\u201d, sino \u201cun don, un regalo, es la presencia de Jes\u00fas en la Iglesia y en la comunidad\u201d. Sobre aquella persona que no est\u00e1 en la comunidad y no puede comulgar, indica que \u201cno es un castigo, est\u00e1 fuera\u201d. El problema, apunta, no es teol\u00f3gico sino pastoral: \u201cC\u00f3mo gestionamos los obispos este principio pastoralmente, y si miramos la historia de la Iglesia veremos que cada vez que los obispos no han gestionado un problema como pastores han tomado partido por el lado pol\u00edtico\u201d.<\/p>\n<p>Cuando la Iglesia, contin\u00faa, \u201cpara defender un principio, lo hace de forma no pastoral, toma partido en el plano pol\u00edtico, y as\u00ed esto ha sido siempre as\u00ed, basta con mirar la historia. \u00bfQu\u00e9 debe hacer el pastor? Ser pastor, no condenar. S\u00e9 un pastor, porque es un pastor tambi\u00e9n para los excomulgados. Pastores con el estilo de Dios, que es cercan\u00eda, compasi\u00f3n y ternura\u201d.<\/p>\n<h4><strong>Aborto es homicidio<\/strong><\/h4>\n<p>En esta l\u00ednea, el Pont\u00edfice aprovech\u00f3 para hablar del gran problema del aborto: \u201cEs m\u00e1s que un problema, es un homicidio, quien aborta mata, sin medias palabras. Tomen cualquier libro de embriolog\u00eda para estudiantes de medicina. La tercera semana despu\u00e9s de la concepci\u00f3n, todos los \u00f3rganos ya est\u00e1n ah\u00ed, incluso el ADN&#8230; es una vida humana, esta vida humana debe ser respetada, \u00a1este principio es tan claro!\u201d.<\/p>\n<p>Y lanz\u00f3 una pregunta a los que no son capaces de entender esta cuesti\u00f3n: \u201c\u00bfEs correcto matar una vida humana para resolver un problema? \u00bfEs correcto contratar a un sicario para matar una vida humana? Cient\u00edficamente es una vida humana. \u00bfEs correcto sacarlo para resolver un problema? Por eso la Iglesia es tan dura en este tema porque si acepta esto es como si aceptara el homicidio diario\u201d.<\/p>\n<h4><strong>Acompa\u00f1ar a todos<\/strong><\/h4>\n<p>Acerca de la resoluci\u00f3n de Estrasburgo que invita a reconocer las uniones de personas del mismo sexo como matrimonio, el Papa aclar\u00f3 que \u201cel matrimonio es un sacramento, la Iglesia no tiene poder para cambiar los sacramentos tal y como el Se\u00f1or los ha instituido. Hay leyes que intentan ayudar a las situaciones de muchas personas que tienen una orientaci\u00f3n sexual diferente. Es importante, los Estados tienen la posibilidad de apoyarlos civilmente, darles seguridad de herencia, salud, etc., no solo a los homosexuales, sino a todas las personas que quieran asociarse\u201d.<\/p>\n<p>\u201cPero el matrimonio es el matrimonio. Esto no significa condenarlos, son nuestros hermanos y hermanas, debemos acompa\u00f1arlos. Hay leyes civiles, para las viudas, por ejemplo, que quieren asociarse con una ley para tener servicios (&#8230;) A veces crean confusi\u00f3n. Todos son iguales hermanos y hermanas, el Se\u00f1or es bueno, quiere la salvaci\u00f3n de todos, pero por favor no hagan que la Iglesia niegue su verdad. Muchas personas con orientaci\u00f3n homosexual se acercan a la penitencia, piden consejo al sacerdote, la Iglesia les ayuda, pero el sacramento del matrimonio es otra cosa\u201d, argumenta.<\/p>\n<h4><strong>Congreso, vacunaci\u00f3n y reuni\u00f3n con Orban<\/strong><\/h4>\n<p>Respondiendo a una pregunta sobre su participaci\u00f3n en el Congreso Eucar\u00edstico de Budapest, Francisco asegur\u00f3 los muchos valores del pueblo h\u00fangaro y su \u201csentido del ecumenismo con una gran profundidad\u201d. Asimismo, llamo a Europa a recuperar los sue\u00f1os de sus padres fundadores, y advirti\u00f3 un peligro sobre la Uni\u00f3n Europea: \u201cEs cierto que algunos intereses, quiz\u00e1 no europeos, intentan utilizar la Uni\u00f3n Europea para la colonizaci\u00f3n ideol\u00f3gica, y eso no es bueno\u201d.<\/p>\n<p>Un periodista le pregunt\u00f3 sobre la divisi\u00f3n de opiniones en la Iglesia sobre la vacunaci\u00f3n, a lo que \u00e9l respondi\u00f3 no poder explicar bien la causa de la incertidumbre en la gente. Eso s\u00ed, dej\u00f3 claro que \u201cen el Vaticano todos est\u00e1n vacunados, excepto un peque\u00f1o grupo que se est\u00e1 estudiando como ayudarlos\u201d.<\/p>\n<p>Otro periodista del vuelo aludi\u00f3 a su encuentro con el presidente y primer ministro de Hungr\u00eda. \u00c9l contesto que en una reuni\u00f3n \u201cde unos 40 minutos\u201d trataron temas como la ecolog\u00eda (alab\u00f3 la conciencia ecol\u00f3gica de los h\u00fangaros), el invierno demogr\u00e1fico (\u201cel presidente me explic\u00f3 la ley que tienen para ayudar a las parejas j\u00f3venes a casarse y tener hijos\u201d), y la demograf\u00eda (reto de crear puestos de trabajo para los j\u00f3venes y evitar que se vayan fuera). Dej\u00f3 claro que no hablaron de inmigraci\u00f3n.<\/p>\n<p>A continuaci\u00f3n, ofrecemos la <a href=\"https:\/\/www.vatican.va\/content\/francesco\/it\/speeches\/2021\/september\/documents\/20210915-bratislava-volo-ritorno.html\" target=\"_blank\" rel=\"noopener\">rueda de prensa \u00edntegra con el Sucesor de Pedro, traducida de la versi\u00f3n italiana<\/a> de la Oficina de Prensa de la Santa Sede y publicada por Vatican News.<\/p>\n<p>***<\/p>\n<h4><strong>Rueda de prensa del Papa en el <\/strong><strong>vuelo de regreso de Eslovaquia<\/strong><\/h4>\n<p><strong>Matteo Bruni:\u00a0<\/strong>Buenos d\u00edas, Su Santidad. Gracias por estos d\u00edas que comenzaron con la adoraci\u00f3n eucar\u00edstica en Budapest y terminaron con la celebraci\u00f3n y la oraci\u00f3n unida esta ma\u00f1ana en \u0160a\u0161tin. Entre ambos momentos, muchas im\u00e1genes, muchas palabras, muchos encuentros, y es hermoso que hayamos podido reencontrarnos en persona. Tambi\u00e9n fue hermosa la participaci\u00f3n y la alegr\u00eda del pueblo de Dios durante estos d\u00edas.<\/p>\n<p>Recordamos estos d\u00edas a trav\u00e9s de las preguntas de los periodistas.\u00a0La primera viene de un periodista h\u00fangaro Istv\u00e1n K\u00e1roly Kuzm\u00e1nyi, de <em>Magyar Kur\u00edr<\/em>.<\/p>\n<p><b>Istv\u00e1n K\u00e1roly Kuzm\u00e1nyi (<em>Magyar Kur\u00edr<\/em>): Santo Padre le agradecemos por su visita a Budapest, donde cit\u00f3 al cardenal Mindszenty, que dijo: \u201cSi hay un mill\u00f3n de h\u00fangaros que rezan, no tengo miedo del futuro&#8230;\u201d. \u00bfPor qu\u00e9 decidi\u00f3 participar despu\u00e9s de 21 a\u00f1os en el Congreso Eucar\u00edstico de Budapest y c\u00f3mo ve el cristianismo en Europa?<\/b><\/p>\n<p><strong>Papa Francisco: <\/strong>Algunos pensaban mal de la visita a Budapest, as\u00ed estaba previsto, pero le promet\u00ed a su presidente que el a\u00f1o que viene o el siguiente podr\u00eda venir. Son muchos los valores de los h\u00fangaros, me llam\u00f3 la atenci\u00f3n el sentido del ecumenismo con una gran profundidad. En general, Europa \u2013 siempre lo digo \u2013 debe retomar los sue\u00f1os de sus padres fundadores. La Uni\u00f3n Europea no es una reuni\u00f3n para hacer cosas, hay un esp\u00edritu detr\u00e1s de la UE que so\u00f1aron Schumann, Adenauer, De Gasperi. Existe el peligro de que sea s\u00f3lo una oficina de gesti\u00f3n, y esto no es bueno, tiene que ir directamente a la m\u00edstica, buscar las ra\u00edces de Europa y llevarlas adelante. Y todos los pa\u00edses deben ir adelante. Es cierto que algunos intereses, quiz\u00e1 no europeos, intentan utilizar la Uni\u00f3n Europea para la colonizaci\u00f3n ideol\u00f3gica, y eso no es bueno. Estuve con ustedes en Transilvania, esa Misa fue hermosa.<\/p>\n<p><strong>Bruni: <\/strong>Gracias, Dr. Kuzm\u00e1nyi. La segunda pregunta es de Bohumil Petrik, de <em>Dennik Standard.<\/em><\/p>\n<p><b>Bohumil Petrik (<em>Dennik Standard<\/em>):\u00a0<\/b><b>La vacunaci\u00f3n ha dividido a los cristianos en Eslovaquia. Usted dice que es un acto de amor vacunarse, pero ha habido diferentes enfoques en las di\u00f3cesis. \u00bfC\u00f3mo podemos reconciliarnos sobre este tema?<\/b><\/p>\n<p><strong>Papa: <\/strong>Es un poco extra\u00f1o porque la humanidad tiene una historia de amistad con las vacunas: sarampi\u00f3n, poliomielitis&#8230; quiz\u00e1s esta virulencia se deba a la incertidumbre, no s\u00f3lo de la pandemia. Existe la diversidad de las vacunas y tambi\u00e9n la fama de algunas vacunas que son un poco m\u00e1s que el agua destilada, esto ha creado un temor. Hay otros que dicen que es un peligro porque dicen que con la vacuna se te mete el virus dentro, incluso en el Colegio de Cardenales hay algunos negacionistas y uno de ellos, pobrecito, est\u00e1 hospitalizado con el virus. La iron\u00eda de la vida. No puedo explicarlo bien, algunos dicen que porque las vacunas no est\u00e1n suficientemente probadas. Hay que dejarlo claro: en el Vaticano todos est\u00e1n vacunados, excepto un peque\u00f1o grupo que se est\u00e1 estudiando como ayudarlos.<\/p>\n<p><strong>Bruni:\u00a0<\/strong>Gracias, Bohumil, gracias Santidad. La tercera pregunta es de Daniel Verd\u00fa Palay, de El Pa\u00eds.<\/p>\n<p><b>Daniel Verd\u00fa (El Pa\u00eds): <\/b><b>El domingo por la ma\u00f1ana se reuni\u00f3 con Orban y se puede entender algunas de las divergencias. Quer\u00edamos preguntarle c\u00f3mo fue la reuni\u00f3n, si tocaron los temas de los migrantes y qu\u00e9 opina de las leyes sobre los homosexuales que ha promulgado.<\/b><\/p>\n<p><strong>Papa: <\/strong>Yo recib\u00ed la visita, el presidente vino a verme, tuvo esta cortes\u00eda, es la tercera vez que me encuentro con \u00e9l, y vino con el primer Ministro y el viceministro. El presidente ha hablado. El primer tema ha sido la ecolog\u00eda, de verdad <i>chapeau<\/i> a ustedes h\u00fangaros, la conciencia ecol\u00f3gica que ustedes tienen: me explic\u00f3 c\u00f3mo purifican los r\u00edos, cosas que yo no sab\u00eda. Luego pregunt\u00e9 por la edad promedio, porque me preocupa el invierno demogr\u00e1fico, en Italia la edad promedio es de 47 a\u00f1os, Espa\u00f1a creo que es a\u00fan peor, muchos pueblos est\u00e1n vac\u00edos o con mucha gente mayor. \u00bfC\u00f3mo se puede resolver esto? El presidente me explic\u00f3 la ley que tienen para ayudar a las parejas j\u00f3venes a casarse y tener hijos. Interesante, es una ley bastante parecida a la francesa, pero m\u00e1s desarrollada. Me lo explicaron, all\u00ed a\u00f1adieron algo, el Primer Ministro y el Viceministro sobre c\u00f3mo era esta ley. Sobre la inmigraci\u00f3n, nada. Luego volvimos a la ecolog\u00eda tambi\u00e9n. La familia, en el sentido de la demograf\u00eda: se ve que hay muchos j\u00f3venes, muchos ni\u00f1os. Tambi\u00e9n en Eslovaquia hay muchas parejas j\u00f3venes. Ahora el reto es crear puestos de trabajo, para que no salgan a buscarlo afuera. Pero estas han sido las cosas&#8230; Ha hablado siempre el presidente, ambos Ministros a\u00f1adieron algunos datos. La reuni\u00f3n dur\u00f3 bastante tiempo, unos 40 minutos.<\/p>\n<p><strong>Bruni: <\/strong>Gracias, Su Santidad; gracias Daniel. La cuarta pregunta viene de Jerry O&#8217;Connell, que hace una pregunta para <em>American Magazine.<\/em><\/p>\n<p><b>Gerard O&#8217;Connell <em>(Am\u00e9rica):\u00a0<\/em><\/b><b>En primer lugar, quer\u00eda decirle que estamos todos contentos con la operaci\u00f3n, que ha dado un resultado espl\u00e9ndido, \u00a1Usted ha rejuvenecido!<\/b><\/p>\n<p><strong>Papa: <\/strong>Me han dicho que alguien quer\u00eda hacerse la operaci\u00f3n&#8230;. Pero no era una cosa est\u00e9tica.<\/p>\n<p><b>Usted ha dicho a menudo que todos somos pecadores, y que la Eucarist\u00eda no es un premio para los virtuosos, sino una medicina y un alimento para los d\u00e9biles. Como Usted sabe, en los Estados Unidos, tras las \u00faltimas elecciones, hubo una discusi\u00f3n entre los obispos sobre dar la comuni\u00f3n a los pol\u00edticos que apoyaban las leyes del aborto, y hay obispos que quieren negar la comuni\u00f3n al presidente y a otros funcionarios. Otros obispos est\u00e1n a favor, otros dicen que no hay que usar la Eucarist\u00eda como arma. \u00bfQu\u00e9 opina y qu\u00e9 aconseja a los obispos? \u00bfY usted, como obispo, en todos estos a\u00f1os ha negado p\u00fablicamente la Eucarist\u00eda a alguien?<\/b><\/p>\n<p><strong>Papa: <\/strong>Nunca he negado la Eucarist\u00eda a nadie, \u00a1no s\u00e9 si alguien ha venido en estas condiciones! Esto como sacerdote. Nunca he sido consciente de tener delante a una persona como la que describes, eso es cierto. La \u00fanica vez que me ha pasado algo bonito fue cuando fui a celebrar la Misa en una residencia de ancianos, estaba en la sala y dije: \u00bfqui\u00e9n quiere la comuni\u00f3n? Todos los ancianos levantaron la mano. Una ancianita levant\u00f3 la mano y tom\u00f3 la comuni\u00f3n y dijo: \u201cGracias, soy jud\u00eda\u201d. Y le dije: \u201c\u00a1Lo que te he dado tambi\u00e9n es jud\u00edo!\u201d. La comuni\u00f3n no es un premio para los perfectos \u2013 pensemos en el jansenismo \u2013, la comuni\u00f3n es un don, un regalo, es la presencia de Jes\u00fas en la Iglesia y en la comunidad. Entonces, los que no est\u00e1n en la comunidad no pueden comulgar, como esta se\u00f1ora jud\u00eda, pero el Se\u00f1or quiso premiarla sin que yo lo supiera. Fuera de la comunidad \u2013 excomulgados \u2013 porque no est\u00e1n bautizados o se han alejado. El segundo problema, el del aborto: es m\u00e1s que un problema, es un homicidio, quien aborta mata, sin medias palabras. Tomen cualquier libro de embriolog\u00eda para estudiantes de medicina. La tercera semana despu\u00e9s de la concepci\u00f3n, todos los \u00f3rganos ya est\u00e1n ah\u00ed, incluso el ADN&#8230; es una vida humana, esta vida humana debe ser respetada, \u00a1este principio es tan claro! A los que no pueden entenderlo, les har\u00eda esta pregunta: \u00bfes correcto matar una vida humana para resolver un problema? \u00bfEs correcto contratar a un sicario para matar una vida humana? Cient\u00edficamente es una vida humana. \u00bfEs correcto sacarlo para resolver un problema? Por eso la Iglesia es tan dura en este tema porque si acepta esto es como si aceptara el homicidio diario. Un Jefe de Estado me dec\u00eda que el declive demogr\u00e1fico comenz\u00f3 porque en aquellos a\u00f1os hab\u00eda una ley tan fuerte sobre el aborto que se realizaron seis millones de abortos y esto dej\u00f3 una ca\u00edda de los nacimientos en la sociedad de ese pa\u00eds. Ahora vamos a esa persona que no est\u00e1 en la comunidad, no puede comulgar. Y esto no es un castigo, est\u00e1 fuera. Pero el problema no es teol\u00f3gico, es pastoral, c\u00f3mo gestionamos los Obispos este principio pastoralmente, y si miramos la historia de la Iglesia veremos que cada vez que los Obispos no han gestionado un problema como pastores han tomado partido por el lado pol\u00edtico. Pensemos en la noche de San Bartolom\u00e9, herejes, s\u00ed, degoll\u00e9moslos a todos&#8230;. Pensemos en la cacer\u00eda de brujas&#8230;. en Campo di Fiori a Savonarola. Cuando la Iglesia para defender un principio, lo hace de forma no pastoral, toma partido en el plano pol\u00edtico, y as\u00ed esto ha sido siempre as\u00ed, basta con mirar la historia. \u00bfQu\u00e9 debe hacer el pastor? Ser pastor, no condenar. S\u00e9 un pastor, porque es un pastor tambi\u00e9n para los excomulgados. Pastores con el estilo de Dios, que es cercan\u00eda, compasi\u00f3n y ternura. Toda la Biblia lo dice. Un pastor que no sabe ser pastor&#8230; No conozco los detalles de los Estados Unidos&#8230; \u00bfPero si usted es cercano, tierno y das la comuni\u00f3n? Es una hip\u00f3tesis. El pastor sabe qu\u00e9 hacer en todo momento. Pero si te sales de la pastoral de la Iglesia te conviertes en un pol\u00edtico, y eso se ve en todas las condenas no pastorales de la Iglesia&#8230; Si dices que puedes dar o no dar, esto es casu\u00edstica&#8230; \u00bfRecuerdas la tormenta que se arm\u00f3 con Amoris laetitia? \u00a1Herej\u00eda, herej\u00eda! Afortunadamente estaba el Cardenal Schoenborn, un gran te\u00f3logo, que aclar\u00f3 las cosas&#8230; Son hijos de Dios y necesitan nuestra cercan\u00eda pastoral, luego el pastor resuelve las cosas como el Esp\u00edritu le indica&#8230;<\/p>\n<p><strong>Bruni: <\/strong>Gracias Santo Padre. Gracias Gerry. Siguiente pregunta, quiz\u00e1s tengamos tiempo para otra pregunta de Stefano Maria Paci de <em>SkyTg24<\/em>. Por favor, Stefano.<\/p>\n<p><b>Stefano Maria Paci (<em>SkyTg24<\/em>):\u00a0<\/b><b>Creo que este mensaje que le estoy por anunciar lo considerar\u00e1 como un regalo, me lo pidi\u00f3 de entreg\u00e1rselo Edith Bruck, la escritora jud\u00eda que visit\u00f3 en su casa, un largo mensaje firmado \u201csu hermana Edith\u201d, en el que le agradece sus gestos y llamamientos contra el antisemitismo durante este viaje.<\/b><\/p>\n<p><strong>Papa: <\/strong>El antisemitismo est\u00e1 resurgiendo, est\u00e1 de moda, es algo muy, muy feo&#8230;.<\/p>\n<p><b>Usted ha hablado de ello con las autoridades h\u00fangaras y lleg\u00f3 una resoluci\u00f3n de Estrasburgo que invita a reconocer los matrimonios homosexuales. \u00bfQu\u00e9 opina sobre esto?<\/b><\/p>\n<p><strong>Papa: <\/strong>El matrimonio es un sacramento, la Iglesia no tiene poder para cambiar los sacramentos tal y como el Se\u00f1or los ha instituido. Hay leyes que intentan ayudar a las situaciones de muchas personas que tienen una orientaci\u00f3n sexual diferente. Es importante, los Estados tienen la posibilidad de apoyarlos civilmente, darles seguridad de herencia, salud, etc., no solo a los homosexuales, sino a todas las personas que quieran asociarse. Pero el matrimonio es el matrimonio. Esto no significa condenarlos, son nuestros hermanos y hermanas, debemos acompa\u00f1arlos. Hay leyes civiles, para las viudas, por ejemplo, que quieren asociarse con una ley para tener servicios&#8230; existe el PACS franc\u00e9s, pero nada que ver con el matrimonio como sacramento, que es entre un hombre y una mujer. A veces crean confusi\u00f3n. Todos son iguales hermanos y hermanas, el Se\u00f1or es bueno, quiere la salvaci\u00f3n de todos, pero por favor no hagan que la Iglesia niegue su verdad. Muchas personas con orientaci\u00f3n homosexual se acercan a la penitencia, piden consejo al sacerdote, la Iglesia les ayuda, pero el sacramento del matrimonio es otra cosa.<\/p>\n<p><strong>Luego el Papa a\u00f1adi\u00f3:<\/strong><\/p>\n<p>He le\u00eddo una cosa muy bonita sobre uno de ustedes. Se dec\u00eda que esta periodista est\u00e1 disponible las 24 horas del d\u00eda para trabajar y que siempre deja que los dem\u00e1s vayan primero y ella detr\u00e1s, da la palabra a los dem\u00e1s y ella se calla. Esto lo dice Manuel Beltr\u00e1n, sobre nuestra Eva Fern\u00e1ndez, \u00a1gracias!<\/p>\n","protected":false},"excerpt":{"rendered":"<p>Palabras a los periodistas en el vuelo de vuelta de Eslovaquia<\/p>\n","protected":false},"author":6,"featured_media":33720,"comment_status":"closed","ping_status":"closed","sticky":false,"template":"","format":"standard","meta":{"_acf_changed":false,"inline_featured_image":false,"_wpcom_ai_launchpad_first_post":false,"footnotes":"","jetpack_post_was_ever_published":false},"categories":[2158,298,120,126],"tags":[158,748,3430],"class_list":["post-33718","post","type-post","status-publish","format-standard","has-post-thumbnail","hentry","category-top-ultimas-noticias","category-ultimas-noticias","category-viajes","category-viajes-papales","tag-papa-francisco","tag-rueda-de-prensa","tag-viaje-apostolico-del-papa-a-budapest-y-eslovaquia"],"acf":[],"yoast_head":"<!-- This site is optimized with the Yoast SEO plugin v28.4 - https:\/\/yoast.com\/product\/yoast-seo-wordpress\/ -->\n<title>Rueda de prensa del Papa: Aborto, pastoral cercana, uniones civiles<\/title>\n<meta name=\"description\" content=\"En la rueda de prensa de vuelta del viaje apost\u00f3lico a Eslovaquia, el Papa habl\u00f3 del aborto, la pastoral cercana y las uniones civiles.\" \/>\n<meta name=\"robots\" content=\"index, follow, max-snippet:-1, max-image-preview:large, max-video-preview:-1\" \/>\n<link rel=\"canonical\" href=\"https:\/\/exaudi.org\/es\/rueda-prensa-papa-aborto-homicidio-pastoral-cercana\/\" \/>\n<meta property=\"og:locale\" content=\"es_ES\" \/>\n<meta property=\"og:type\" content=\"article\" \/>\n<meta property=\"og:title\" content=\"Rueda de prensa del Papa: Aborto, pastoral cercana, uniones civiles\" \/>\n<meta property=\"og:description\" content=\"En la rueda de prensa de vuelta del viaje apost\u00f3lico a Eslovaquia, el Papa habl\u00f3 del aborto, la pastoral cercana y las uniones civiles.\" \/>\n<meta property=\"og:url\" content=\"https:\/\/exaudi.org\/es\/rueda-prensa-papa-aborto-homicidio-pastoral-cercana\/\" \/>\n<meta property=\"og:site_name\" content=\"Exaudi\" \/>\n<meta property=\"article:publisher\" content=\"https:\/\/www.facebook.com\/ExaudiNews\" \/>\n<meta property=\"article:published_time\" content=\"2021-09-16T09:24:20+00:00\" \/>\n<meta property=\"article:modified_time\" content=\"2021-09-17T12:19:50+00:00\" \/>\n<meta property=\"og:image\" content=\"https:\/\/exaudi.org\/wp-content\/uploads\/2021\/09\/243c3224324c.jpeg\" \/>\n\t<meta property=\"og:image:width\" content=\"1432\" \/>\n\t<meta property=\"og:image:height\" content=\"805\" \/>\n\t<meta property=\"og:image:type\" content=\"image\/jpeg\" \/>\n<meta name=\"author\" content=\"Gabriel Sales\" \/>\n<meta name=\"twitter:card\" content=\"summary_large_image\" \/>\n<meta name=\"twitter:creator\" content=\"@habemusman\" \/>\n<meta name=\"twitter:site\" content=\"@Exaudi_News\" \/>\n<meta name=\"twitter:label1\" content=\"Escrito por\" \/>\n\t<meta name=\"twitter:data1\" content=\"Gabriel Sales\" \/>\n\t<meta name=\"twitter:label2\" content=\"Tiempo de lectura\" \/>\n\t<meta name=\"twitter:data2\" content=\"13 minutos\" \/>\n<script type=\"application\/ld+json\" class=\"yoast-schema-graph\">{\"@context\":\"https:\\\/\\\/schema.org\",\"@graph\":[{\"@type\":\"Article\",\"@id\":\"https:\\\/\\\/exaudi.org\\\/es\\\/rueda-prensa-papa-aborto-homicidio-pastoral-cercana\\\/#article\",\"isPartOf\":{\"@id\":\"https:\\\/\\\/exaudi.org\\\/es\\\/rueda-prensa-papa-aborto-homicidio-pastoral-cercana\\\/\"},\"author\":{\"name\":\"Gabriel Sales\",\"@id\":\"https:\\\/\\\/exaudi.org\\\/#\\\/schema\\\/person\\\/d134b96438278131ce90c90c03fda6cd\"},\"headline\":\"Rueda de prensa del Papa: Aborto, pastoral cercana, uniones civiles\",\"datePublished\":\"2021-09-16T09:24:20+00:00\",\"dateModified\":\"2021-09-17T12:19:50+00:00\",\"mainEntityOfPage\":{\"@id\":\"https:\\\/\\\/exaudi.org\\\/es\\\/rueda-prensa-papa-aborto-homicidio-pastoral-cercana\\\/\"},\"wordCount\":3024,\"image\":{\"@id\":\"https:\\\/\\\/exaudi.org\\\/es\\\/rueda-prensa-papa-aborto-homicidio-pastoral-cercana\\\/#primaryimage\"},\"thumbnailUrl\":\"https:\\\/\\\/i0.wp.com\\\/exaudi.org\\\/wp-content\\\/uploads\\\/2021\\\/09\\\/243c3224324c.jpeg?fit=1432%2C805&ssl=1\",\"keywords\":[\"papa francisco\",\"rueda de prensa\",\"Viaje Apost\u00f3lico del Papa a Budapest y Eslovaquia\"],\"articleSection\":[\"Top Ultimas Noticias\",\"\u00daltimas noticias\",\"Viajes\",\"Viajes Papales\"],\"inLanguage\":\"es\"},{\"@type\":\"WebPage\",\"@id\":\"https:\\\/\\\/exaudi.org\\\/es\\\/rueda-prensa-papa-aborto-homicidio-pastoral-cercana\\\/\",\"url\":\"https:\\\/\\\/exaudi.org\\\/es\\\/rueda-prensa-papa-aborto-homicidio-pastoral-cercana\\\/\",\"name\":\"Rueda de prensa del Papa: Aborto, pastoral cercana, uniones civiles\",\"isPartOf\":{\"@id\":\"https:\\\/\\\/exaudi.org\\\/#website\"},\"primaryImageOfPage\":{\"@id\":\"https:\\\/\\\/exaudi.org\\\/es\\\/rueda-prensa-papa-aborto-homicidio-pastoral-cercana\\\/#primaryimage\"},\"image\":{\"@id\":\"https:\\\/\\\/exaudi.org\\\/es\\\/rueda-prensa-papa-aborto-homicidio-pastoral-cercana\\\/#primaryimage\"},\"thumbnailUrl\":\"https:\\\/\\\/i0.wp.com\\\/exaudi.org\\\/wp-content\\\/uploads\\\/2021\\\/09\\\/243c3224324c.jpeg?fit=1432%2C805&ssl=1\",\"datePublished\":\"2021-09-16T09:24:20+00:00\",\"dateModified\":\"2021-09-17T12:19:50+00:00\",\"author\":{\"@id\":\"https:\\\/\\\/exaudi.org\\\/#\\\/schema\\\/person\\\/d134b96438278131ce90c90c03fda6cd\"},\"description\":\"En la rueda de prensa de vuelta del viaje apost\u00f3lico a Eslovaquia, el Papa habl\u00f3 del aborto, la pastoral cercana y las uniones civiles.\",\"breadcrumb\":{\"@id\":\"https:\\\/\\\/exaudi.org\\\/es\\\/rueda-prensa-papa-aborto-homicidio-pastoral-cercana\\\/#breadcrumb\"},\"inLanguage\":\"es\",\"potentialAction\":[{\"@type\":\"ReadAction\",\"target\":[\"https:\\\/\\\/exaudi.org\\\/es\\\/rueda-prensa-papa-aborto-homicidio-pastoral-cercana\\\/\"]}]},{\"@type\":\"ImageObject\",\"inLanguage\":\"es\",\"@id\":\"https:\\\/\\\/exaudi.org\\\/es\\\/rueda-prensa-papa-aborto-homicidio-pastoral-cercana\\\/#primaryimage\",\"url\":\"https:\\\/\\\/i0.wp.com\\\/exaudi.org\\\/wp-content\\\/uploads\\\/2021\\\/09\\\/243c3224324c.jpeg?fit=1432%2C805&ssl=1\",\"contentUrl\":\"https:\\\/\\\/i0.wp.com\\\/exaudi.org\\\/wp-content\\\/uploads\\\/2021\\\/09\\\/243c3224324c.jpeg?fit=1432%2C805&ssl=1\",\"width\":1432,\"height\":805,\"caption\":\"El Papa en la rueda de prensa de vuelta de Eslovaquia \u00a9 Vatican Media\"},{\"@type\":\"BreadcrumbList\",\"@id\":\"https:\\\/\\\/exaudi.org\\\/es\\\/rueda-prensa-papa-aborto-homicidio-pastoral-cercana\\\/#breadcrumb\",\"itemListElement\":[{\"@type\":\"ListItem\",\"position\":1,\"name\":\"Portada\",\"item\":\"https:\\\/\\\/exaudi.org\\\/es\\\/\"},{\"@type\":\"ListItem\",\"position\":2,\"name\":\"Rueda de prensa del Papa: Aborto, pastoral cercana, uniones civiles\"}]},{\"@type\":\"WebSite\",\"@id\":\"https:\\\/\\\/exaudi.org\\\/#website\",\"url\":\"https:\\\/\\\/exaudi.org\\\/\",\"name\":\"Exaudi\",\"description\":\"News\",\"potentialAction\":[{\"@type\":\"SearchAction\",\"target\":{\"@type\":\"EntryPoint\",\"urlTemplate\":\"https:\\\/\\\/exaudi.org\\\/?s={search_term_string}\"},\"query-input\":{\"@type\":\"PropertyValueSpecification\",\"valueRequired\":true,\"valueName\":\"search_term_string\"}}],\"inLanguage\":\"es\"},{\"@type\":\"Person\",\"@id\":\"https:\\\/\\\/exaudi.org\\\/#\\\/schema\\\/person\\\/d134b96438278131ce90c90c03fda6cd\",\"name\":\"Gabriel Sales\",\"image\":{\"@type\":\"ImageObject\",\"inLanguage\":\"es\",\"@id\":\"https:\\\/\\\/secure.gravatar.com\\\/avatar\\\/9b1269566f6a063ed26ffb3532b66a373cdde231ce5d0effb266167437fdaffd?s=96&d=mm&r=g\",\"url\":\"https:\\\/\\\/secure.gravatar.com\\\/avatar\\\/9b1269566f6a063ed26ffb3532b66a373cdde231ce5d0effb266167437fdaffd?s=96&d=mm&r=g\",\"contentUrl\":\"https:\\\/\\\/secure.gravatar.com\\\/avatar\\\/9b1269566f6a063ed26ffb3532b66a373cdde231ce5d0effb266167437fdaffd?s=96&d=mm&r=g\",\"caption\":\"Gabriel Sales\"},\"description\":\"Periodista y especialista en Comunicaci\u00f3n y Branding digital. Cin\u00e9filo y cr\u00edtico de cine y series de televisi\u00f3n.\",\"sameAs\":[\"https:\\\/\\\/www.instagram.com\\\/cine90segundos\\\/\",\"www.linkedin.com\\\/in\\\/habemusman\",\"https:\\\/\\\/x.com\\\/habemusman\",\"https:\\\/\\\/www.youtube.com\\\/channel\\\/UCVfCiOMkJ_C7T7OpyjuaLDg\"],\"url\":\"https:\\\/\\\/exaudi.org\\\/es\\\/author\\\/gsalesexaudi-org\\\/\"}]}<\/script>\n<!-- \/ Yoast SEO plugin. -->","yoast_head_json":{"title":"Rueda de prensa del Papa: Aborto, pastoral cercana, uniones civiles","description":"En la rueda de prensa de vuelta del viaje apost\u00f3lico a Eslovaquia, el Papa habl\u00f3 del aborto, la pastoral cercana y las uniones civiles.","robots":{"index":"index","follow":"follow","max-snippet":"max-snippet:-1","max-image-preview":"max-image-preview:large","max-video-preview":"max-video-preview:-1"},"canonical":"https:\/\/exaudi.org\/es\/rueda-prensa-papa-aborto-homicidio-pastoral-cercana\/","og_locale":"es_ES","og_type":"article","og_title":"Rueda de prensa del Papa: Aborto, pastoral cercana, uniones civiles","og_description":"En la rueda de prensa de vuelta del viaje apost\u00f3lico a Eslovaquia, el Papa habl\u00f3 del aborto, la pastoral cercana y las uniones civiles.","og_url":"https:\/\/exaudi.org\/es\/rueda-prensa-papa-aborto-homicidio-pastoral-cercana\/","og_site_name":"Exaudi","article_publisher":"https:\/\/www.facebook.com\/ExaudiNews","article_published_time":"2021-09-16T09:24:20+00:00","article_modified_time":"2021-09-17T12:19:50+00:00","og_image":[{"width":1432,"height":805,"url":"https:\/\/exaudi.org\/wp-content\/uploads\/2021\/09\/243c3224324c.jpeg","type":"image\/jpeg"}],"author":"Gabriel Sales","twitter_card":"summary_large_image","twitter_creator":"@habemusman","twitter_site":"@Exaudi_News","twitter_misc":{"Escrito por":"Gabriel Sales","Tiempo de lectura":"13 minutos"},"schema":{"@context":"https:\/\/schema.org","@graph":[{"@type":"Article","@id":"https:\/\/exaudi.org\/es\/rueda-prensa-papa-aborto-homicidio-pastoral-cercana\/#article","isPartOf":{"@id":"https:\/\/exaudi.org\/es\/rueda-prensa-papa-aborto-homicidio-pastoral-cercana\/"},"author":{"name":"Gabriel Sales","@id":"https:\/\/exaudi.org\/#\/schema\/person\/d134b96438278131ce90c90c03fda6cd"},"headline":"Rueda de prensa del Papa: Aborto, pastoral cercana, uniones civiles","datePublished":"2021-09-16T09:24:20+00:00","dateModified":"2021-09-17T12:19:50+00:00","mainEntityOfPage":{"@id":"https:\/\/exaudi.org\/es\/rueda-prensa-papa-aborto-homicidio-pastoral-cercana\/"},"wordCount":3024,"image":{"@id":"https:\/\/exaudi.org\/es\/rueda-prensa-papa-aborto-homicidio-pastoral-cercana\/#primaryimage"},"thumbnailUrl":"https:\/\/i0.wp.com\/exaudi.org\/wp-content\/uploads\/2021\/09\/243c3224324c.jpeg?fit=1432%2C805&ssl=1","keywords":["papa francisco","rueda de prensa","Viaje Apost\u00f3lico del Papa a Budapest y Eslovaquia"],"articleSection":["Top Ultimas Noticias","\u00daltimas noticias","Viajes","Viajes Papales"],"inLanguage":"es"},{"@type":"WebPage","@id":"https:\/\/exaudi.org\/es\/rueda-prensa-papa-aborto-homicidio-pastoral-cercana\/","url":"https:\/\/exaudi.org\/es\/rueda-prensa-papa-aborto-homicidio-pastoral-cercana\/","name":"Rueda de prensa del Papa: Aborto, pastoral cercana, uniones civiles","isPartOf":{"@id":"https:\/\/exaudi.org\/#website"},"primaryImageOfPage":{"@id":"https:\/\/exaudi.org\/es\/rueda-prensa-papa-aborto-homicidio-pastoral-cercana\/#primaryimage"},"image":{"@id":"https:\/\/exaudi.org\/es\/rueda-prensa-papa-aborto-homicidio-pastoral-cercana\/#primaryimage"},"thumbnailUrl":"https:\/\/i0.wp.com\/exaudi.org\/wp-content\/uploads\/2021\/09\/243c3224324c.jpeg?fit=1432%2C805&ssl=1","datePublished":"2021-09-16T09:24:20+00:00","dateModified":"2021-09-17T12:19:50+00:00","author":{"@id":"https:\/\/exaudi.org\/#\/schema\/person\/d134b96438278131ce90c90c03fda6cd"},"description":"En la rueda de prensa de vuelta del viaje apost\u00f3lico a Eslovaquia, el Papa habl\u00f3 del aborto, la pastoral cercana y las uniones civiles.","breadcrumb":{"@id":"https:\/\/exaudi.org\/es\/rueda-prensa-papa-aborto-homicidio-pastoral-cercana\/#breadcrumb"},"inLanguage":"es","potentialAction":[{"@type":"ReadAction","target":["https:\/\/exaudi.org\/es\/rueda-prensa-papa-aborto-homicidio-pastoral-cercana\/"]}]},{"@type":"ImageObject","inLanguage":"es","@id":"https:\/\/exaudi.org\/es\/rueda-prensa-papa-aborto-homicidio-pastoral-cercana\/#primaryimage","url":"https:\/\/i0.wp.com\/exaudi.org\/wp-content\/uploads\/2021\/09\/243c3224324c.jpeg?fit=1432%2C805&ssl=1","contentUrl":"https:\/\/i0.wp.com\/exaudi.org\/wp-content\/uploads\/2021\/09\/243c3224324c.jpeg?fit=1432%2C805&ssl=1","width":1432,"height":805,"caption":"El Papa en la rueda de prensa de vuelta de Eslovaquia \u00a9 Vatican Media"},{"@type":"BreadcrumbList","@id":"https:\/\/exaudi.org\/es\/rueda-prensa-papa-aborto-homicidio-pastoral-cercana\/#breadcrumb","itemListElement":[{"@type":"ListItem","position":1,"name":"Portada","item":"https:\/\/exaudi.org\/es\/"},{"@type":"ListItem","position":2,"name":"Rueda de prensa del Papa: Aborto, pastoral cercana, uniones civiles"}]},{"@type":"WebSite","@id":"https:\/\/exaudi.org\/#website","url":"https:\/\/exaudi.org\/","name":"Exaudi","description":"News","potentialAction":[{"@type":"SearchAction","target":{"@type":"EntryPoint","urlTemplate":"https:\/\/exaudi.org\/?s={search_term_string}"},"query-input":{"@type":"PropertyValueSpecification","valueRequired":true,"valueName":"search_term_string"}}],"inLanguage":"es"},{"@type":"Person","@id":"https:\/\/exaudi.org\/#\/schema\/person\/d134b96438278131ce90c90c03fda6cd","name":"Gabriel Sales","image":{"@type":"ImageObject","inLanguage":"es","@id":"https:\/\/secure.gravatar.com\/avatar\/9b1269566f6a063ed26ffb3532b66a373cdde231ce5d0effb266167437fdaffd?s=96&d=mm&r=g","url":"https:\/\/secure.gravatar.com\/avatar\/9b1269566f6a063ed26ffb3532b66a373cdde231ce5d0effb266167437fdaffd?s=96&d=mm&r=g","contentUrl":"https:\/\/secure.gravatar.com\/avatar\/9b1269566f6a063ed26ffb3532b66a373cdde231ce5d0effb266167437fdaffd?s=96&d=mm&r=g","caption":"Gabriel Sales"},"description":"Periodista y especialista en Comunicaci\u00f3n y Branding digital. Cin\u00e9filo y cr\u00edtico de cine y series de televisi\u00f3n.","sameAs":["https:\/\/www.instagram.com\/cine90segundos\/","www.linkedin.com\/in\/habemusman","https:\/\/x.com\/habemusman","https:\/\/www.youtube.com\/channel\/UCVfCiOMkJ_C7T7OpyjuaLDg"],"url":"https:\/\/exaudi.org\/es\/author\/gsalesexaudi-org\/"}]}},"jetpack_shortlink":"https:\/\/wp.me\/pgKjF2-8LQ","jetpack_featured_media_url":"https:\/\/i0.wp.com\/exaudi.org\/wp-content\/uploads\/2021\/09\/243c3224324c.jpeg?fit=1432%2C805&ssl=1","_links":{"self":[{"href":"https:\/\/exaudi.org\/es\/wp-json\/wp\/v2\/posts\/33718","targetHints":{"allow":["GET"]}}],"collection":[{"href":"https:\/\/exaudi.org\/es\/wp-json\/wp\/v2\/posts"}],"about":[{"href":"https:\/\/exaudi.org\/es\/wp-json\/wp\/v2\/types\/post"}],"author":[{"embeddable":true,"href":"https:\/\/exaudi.org\/es\/wp-json\/wp\/v2\/users\/6"}],"replies":[{"embeddable":true,"href":"https:\/\/exaudi.org\/es\/wp-json\/wp\/v2\/comments?post=33718"}],"version-history":[{"count":0,"href":"https:\/\/exaudi.org\/es\/wp-json\/wp\/v2\/posts\/33718\/revisions"}],"wp:featuredmedia":[{"embeddable":true,"href":"https:\/\/exaudi.org\/es\/wp-json\/wp\/v2\/media\/33720"}],"wp:attachment":[{"href":"https:\/\/exaudi.org\/es\/wp-json\/wp\/v2\/media?parent=33718"}],"wp:term":[{"taxonomy":"category","embeddable":true,"href":"https:\/\/exaudi.org\/es\/wp-json\/wp\/v2\/categories?post=33718"},{"taxonomy":"post_tag","embeddable":true,"href":"https:\/\/exaudi.org\/es\/wp-json\/wp\/v2\/tags?post=33718"}],"curies":[{"name":"wp","href":"https:\/\/api.w.org\/{rel}","templated":true}]}}