{"id":33581,"date":"2021-09-15T11:36:33","date_gmt":"2021-09-15T09:36:33","guid":{"rendered":"https:\/\/exaudi.wpengine.com\/?p=33581"},"modified":"2021-09-17T09:37:43","modified_gmt":"2021-09-17T07:37:43","slug":"misa-sastin-papa-gracias-visita-eslovaquia","status":"publish","type":"post","link":"https:\/\/exaudi.org\/es\/misa-sastin-papa-gracias-visita-eslovaquia\/","title":{"rendered":"Misa en \u0160a\u0161tin: Papa agradece su visita a Eslovaquia"},"content":{"rendered":"<p>Como acto de clausura de su <a href=\"https:\/\/www.vatican.va\/content\/francesco\/es\/travels\/2021\/outside\/documents\/budapest-slovacchia-2021.html\" target=\"_blank\" rel=\"noopener\">34\u00ba Viaje Apost\u00f3lico<\/a>, el Papa Francisco ha presidido <a href=\"https:\/\/exaudi.wpengine.com\/es\/papa-maria-modelo-camino-profecia-compasion\/\" target=\"_blank\" rel=\"noopener\">Santa Misa en la Solemnidad de la Beata Virgen de los Siete Dolores<\/a>, Patrona de Eslovaquia, en la explanada del Santuario Nacional de \u0160a\u0161tin. Despu\u00e9s del saludo de monse\u00f1or Stanislav Zvolensk\u00fd, arzobispo metropolitano de Bratislava, el Santo Padre se ha despedido de Eslovaquia y ha dado las gracias por su Viaje Apost\u00f3lico al pa\u00eds.<\/p>\n<p>Sobre las 9.30 horas, el Pont\u00edfice ha terminado con su <a href=\"https:\/\/exaudi.wpengine.com\/es\/eslovaquia-oracion-papa-basilica-siete-dolores\/\" target=\"_blank\" rel=\"noopener\">encuentro privado con los obispos eslovacos<\/a> y ha permanecido un tiempo con los fieles presentes en la explanada del Santuario. Despu\u00e9s, tras su paso por la sacrist\u00eda, ha comenzado a las 10 h la Santa Misa de rito latino que ha servido como cierre de su paso por la naci\u00f3n eslava. Al finalizar, se ha trasladado al Aeropuerto de Bratislava para estar en la ceremonia de despedida del pa\u00eds.<\/p>\n<h4><strong>Agradecimiento del Papa<\/strong><\/h4>\n<p>Justo antes de la bendici\u00f3n final en la Eucarist\u00eda, el Papa ha dicho lo siguiente: \u201cQueridos hermanos y hermanas. Ha llegado el momento de despedirme de vuestro pa\u00eds. En esta Eucarist\u00eda he dado gracias a Dios que me ha permitido estar entre ustedes y concluir mi peregrinaci\u00f3n en el abrazo devoto de vuestro pueblo, celebrando juntos la gran fiesta religiosa y nacional de vuestra Patrona, la Virgen Dolorosa\u201d.<\/p>\n<p>\u201cQueridos hermanos obispos, les agradezco de coraz\u00f3n la preparaci\u00f3n y la acogida. Renuevo mi gratitud a la se\u00f1ora presidenta de la Rep\u00fablica y a las autoridades civiles, y agradezco a todos los que han colaborado de diversas maneras, sobre todo con la oraci\u00f3n. Tambi\u00e9n mi agradecimiento al Consejo Ecum\u00e9nico de las Iglesias.\u00a0Les llevo en el coraz\u00f3n. \u010eakujem v\u0161etk\u00fdm! Gracias a todos\u201d, ha concluido.<\/p>\n<h4><strong>Mantener viva la llama de la fe<\/strong><\/h4>\n<p>En su saludo de acci\u00f3n de gracias a Francisco, Mons. Zvolensk\u00fd le ha manifestado la alegr\u00eda del Santuario, la di\u00f3cesis y toda la naci\u00f3n por su presencia en el pa\u00eds: \u201cEstoy muy contento de que, guiado por usted, hayamos podido expresar nuestra gran devoci\u00f3n y amor a nuestra Madre celestial\u201d, la Sant\u00edsima Virgen de los Siete Dolores.<\/p>\n<p>\u201cNo s\u00f3lo visit\u00f3 nuestra capital, Bratislava, sino tambi\u00e9n Ko\u0161ice y Pre\u0161ov. Y tambi\u00e9n hizo realidad nuestro sue\u00f1o: pudimos conocerlo en \u0160a\u0161t\u00ed. Viva el Santo Padre! Recorri\u00f3 las calles de Eslovaquia para mostrarnos, con Mar\u00eda y Jos\u00e9, el camino que lleva a Jes\u00fas\u201d, ha compartido el arzobispo local.<\/p>\n<p>\u201cGracias, Santidad, por habernos recordado que debemos cuidar a los pobres, que no podemos ignorar a los que se han quedado atr\u00e1s y necesitan nuestra ayuda. Gracias por apoyarnos en respeto mutuo, latinos y bizantinos que pertenecen a la misma Iglesia cat\u00f3lica. Gracias por tener representantes de la religi\u00f3n jud\u00eda y de las Iglesias cristianas con los que todav\u00eda intentamos restablecer la plena comuni\u00f3n. Gracias por el <a href=\"https:\/\/exaudi.wpengine.com\/es\/papa-jovenes-eslovacos-deseo-alegria-abrazar-jesus\/\" target=\"_blank\" rel=\"noopener\">encuentro con nuestros j\u00f3venes<\/a>: nos ha abierto su coraz\u00f3n de padre, y nos record\u00f3 la importancia de sorprenderse y de so\u00f1ar\u201d, ha a\u00f1adido.<\/p>\n<p>Del mismo modo, ha agradecido al Obispo de Roma haber reavivado la fe de muchas personas: \u201cLes has brindado la oportunidad de pensar en Dios y en su relaci\u00f3n con \u00c9l. Estamos muy agradecidos por esta oportunidad, para toda la naci\u00f3n eslovaca. Ahora nos corresponde a nosotros seguir manteniendo viva la llama, para que m\u00e1s personas conozcan y amen al Se\u00f1or Dios y se preocupen por su pr\u00f3jimo\u201d.<\/p>\n<h4><strong>\u0160a\u0161t\u00edn<\/strong><\/h4>\n<p>\u0160a\u0161t\u00edn (4.965 habitantes) es una peque\u00f1a ciudad situada en la regi\u00f3n de Trnava, en el distrito de Senica, y atravesada por el r\u00edo Myjava, que divide en dos distritos \u0160a\u0161t\u00edn y Str\u00e1\u017ee, anta\u00f1o pueblos separados. La historia de \u0160a\u0161t\u00edn se remonta a la llegada de los santos Cirilo y Metodio a Eslovaquia. Se menciona por primera vez en un documento de 1218. El pueblo fue antiguamente una fortaleza que proteg\u00eda una encrucijada de varias rutas comerciales &#8211; hacia el Danubio, Bohemia y Znojmo; era la sede de los jefes de condado y de los representantes del obispo.<\/p>\n<p>El arcedianato de \u0160a\u0161t\u00edn supervisaba los decanatos desde Moravsk\u00fd Sv\u00e4t\u00fd J\u00e1n hasta \u010cachtice. En el castillo de \u0160a\u0161t\u00edn hab\u00eda siempre un de\u00e1n y un archidi\u00e1cono. Cabe suponer que la capilla del castillo fue la primera iglesia del asentamiento.El pueblo no obtuvo el estatus de ciudad hasta el 1 de septiembre de 2001.<\/p>\n<p>Cada a\u00f1o, \u0160a\u0161t\u00edn acoge a miles de peregrinos en la bas\u00edlica de los Siete Dolores de la Virgen Mar\u00eda, uno de los santuarios marianos m\u00e1s importantes del pa\u00eds, dedicado a Nuestra Se\u00f1ora de los Siete Dolores, patrona de Eslovaquia. La ciudad de \u0160a\u0161t\u00edn forma parte de la archidi\u00f3cesis de Bratislava.<\/p>\n<h4><strong>Santuario Nacional de \u0160a\u0161t\u00edn<\/strong><\/h4>\n<p>La historia del santuario Nacional de \u0160a\u0161t\u00edn, o bas\u00edlica de los Siete Dolores de la Virgen Mar\u00eda, tiene su origen en el siglo XVI, cuando una peque\u00f1a capilla situada en un cruce de caminos recibi\u00f3 una estatua de Nuestra Se\u00f1ora de los Dolores (de 85 cm de alto y 91 cm de ancho) con el Cristo muerto en su regazo.<\/p>\n<p>Se fabric\u00f3 con madera de peral de la regi\u00f3n del Danubio y fue encargado en 1564 por Angelika Baki\u010dov\u00e1, esposa del conde Imrich Czobor, gobernante de la regi\u00f3n de \u0160a\u0161t\u00edn, en cumplimiento de un voto. La noble hab\u00eda pedido la intercesi\u00f3n de la Virgen Mar\u00eda para que su temperamental marido cambiara de opini\u00f3n, y su oraci\u00f3n fue atendida.<\/p>\n<p>Muchos creyentes se deten\u00edan a rezar frente a la capilla, hasta el punto de que la devoci\u00f3n a la Virgen creci\u00f3 y en 1710, tras los informes de curaciones prodigiosas, se cre\u00f3 una comisi\u00f3n de investigaci\u00f3n. Se investigaron 726 casos y el 10 de noviembre de 1732 la estatua fue declarada milagrosa y confiada a la custodia del p\u00e1rroco de \u0160a\u0161t\u00edn.<\/p>\n<p>El 8 de septiembre de 1864, el arzobispo de Esztergom, el cardenal J\u00e1n Scitovsk\u00fd, coron\u00f3 la estatua con objetos de oro consagrados por P\u00edo IX. El 22 de abril de 1927, P\u00edo XI declar\u00f3 a la Virgen de los Siete Dolores patrona de Eslovaquia, y el 23 de noviembre de 1964, Pablo VI elev\u00f3 la iglesia a la categor\u00eda de bas\u00edlica menor.<\/p>\n<p>M\u00e1s tarde, El 6 de junio de 1987, la Madre Teresa de Calcuta visit\u00f3 la iglesia y el 1 de julio de 1995, Juan Pablo II, en peregrinaci\u00f3n apost\u00f3lica a Eslovaquia, celebr\u00f3 una Misa ante el santuario en presencia de m\u00e1s de 200.000 fieles. Eslovaquia conmemora a su patrona el 15 de septiembre y cada a\u00f1o, seg\u00fan la costumbre nacida en 1732, se organiza una peregrinaci\u00f3n nacional.<\/p>\n<p><img loading=\"lazy\" decoding=\"async\" class=\"alignleft wp-image-33582 size-medium\" src=\"https:\/\/exaudi.wpengine.com\/wp-content\/uploads\/2021\/09\/WhatsApp-Image-2021-09-15-at-09.40.59-200x300.jpeg\" alt=\"\" width=\"200\" height=\"300\" srcset=\"https:\/\/exaudi.org\/wp-content\/uploads\/2021\/09\/WhatsApp-Image-2021-09-15-at-09.40.59-200x300.jpeg 200w, https:\/\/exaudi.org\/wp-content\/uploads\/2021\/09\/WhatsApp-Image-2021-09-15-at-09.40.59-681x1024.jpeg 681w, https:\/\/exaudi.org\/wp-content\/uploads\/2021\/09\/WhatsApp-Image-2021-09-15-at-09.40.59-150x226.jpeg 150w, https:\/\/exaudi.org\/wp-content\/uploads\/2021\/09\/WhatsApp-Image-2021-09-15-at-09.40.59-300x451.jpeg 300w, https:\/\/exaudi.org\/wp-content\/uploads\/2021\/09\/WhatsApp-Image-2021-09-15-at-09.40.59-696x1046.jpeg 696w, https:\/\/exaudi.org\/wp-content\/uploads\/2021\/09\/WhatsApp-Image-2021-09-15-at-09.40.59-279x420.jpeg 279w, https:\/\/exaudi.org\/wp-content\/uploads\/2021\/09\/WhatsApp-Image-2021-09-15-at-09.40.59.jpeg 705w\" sizes=\"auto, (max-width: 200px) 100vw, 200px\" \/><\/p>\n<p>La bas\u00edlica tambi\u00e9n ha sido declarada lugar de peregrinaci\u00f3n para la Eparqu\u00eda de Bratislava de la Iglesia greco-cat\u00f3lica, que rinde homenaje a la Virgen Mar\u00eda en la Fiesta de la Compasi\u00f3n de la Madre de Dios desde 2009.\u00a0A lo largo de los siglos, la bas\u00edlica ha sido embellecida y restaurada varias veces, incluso recientemente. Los frescos del interior datan de 1757 y fueron pintados por Jean Joseph Chamant.<\/p>\n<p><strong>Regalo del Papa al Santuario: Rosa de oro<\/strong><\/p>\n<p>Se trata de un regalo exclusivo que ofrecen los Sumos Pont\u00edfices al visitar un Santuario Mariano. El objeto consiste en una base de m\u00e1rmol coronada por un jarr\u00f3n de plata con el escudo papal, del que salen ramas con cuatro rosas y hojas.<\/p>\n","protected":false},"excerpt":{"rendered":"<p>Palabras de despedida antes de su marcha al aeropuerto<\/p>\n","protected":false},"author":6,"featured_media":33602,"comment_status":"closed","ping_status":"closed","sticky":false,"template":"","format":"standard","meta":{"_acf_changed":false,"_crdt_document":"","inline_featured_image":false,"footnotes":""},"categories":[298,120,126],"tags":[158,3430],"class_list":["post-33581","post","type-post","status-publish","format-standard","has-post-thumbnail","hentry","category-ultimas-noticias","category-viajes","category-viajes-papales","tag-papa-francisco","tag-viaje-apostolico-del-papa-a-budapest-y-eslovaquia"],"acf":[],"yoast_head":"<!-- This site is optimized with the Yoast SEO plugin v27.5 - https:\/\/yoast.com\/product\/yoast-seo-wordpress\/ -->\n<title>Misa en \u0160a\u0161tin: Papa agradece su visita a Eslovaquia - Exaudi<\/title>\n<meta name=\"description\" content=\"Al terminar la Misa en \u0160a\u0161tin, el Papa ha dado las gracias a todo el pueblo de Eslovaquia por su visita apost\u00f3lica al pa\u00eds eslavo.\" \/>\n<meta name=\"robots\" content=\"index, follow, max-snippet:-1, max-image-preview:large, max-video-preview:-1\" \/>\n<link rel=\"canonical\" href=\"https:\/\/exaudi.org\/es\/misa-sastin-papa-gracias-visita-eslovaquia\/\" \/>\n<meta property=\"og:locale\" content=\"es_ES\" \/>\n<meta property=\"og:type\" content=\"article\" \/>\n<meta property=\"og:title\" content=\"Misa en \u0160a\u0161tin: Papa agradece su visita a Eslovaquia - Exaudi\" \/>\n<meta property=\"og:description\" content=\"Al terminar la Misa en \u0160a\u0161tin, el Papa ha dado las gracias a todo el pueblo de Eslovaquia por su visita apost\u00f3lica al pa\u00eds eslavo.\" \/>\n<meta property=\"og:url\" content=\"https:\/\/exaudi.org\/es\/misa-sastin-papa-gracias-visita-eslovaquia\/\" \/>\n<meta property=\"og:site_name\" content=\"Exaudi\" \/>\n<meta property=\"article:publisher\" content=\"https:\/\/www.facebook.com\/ExaudiNews\" \/>\n<meta property=\"article:published_time\" content=\"2021-09-15T09:36:33+00:00\" \/>\n<meta property=\"article:modified_time\" content=\"2021-09-17T07:37:43+00:00\" \/>\n<meta property=\"og:image\" content=\"https:\/\/exaudi.org\/wp-content\/uploads\/2021\/09\/SFO2153-scaled.jpg\" \/>\n\t<meta property=\"og:image:width\" content=\"2560\" \/>\n\t<meta property=\"og:image:height\" content=\"1707\" \/>\n\t<meta property=\"og:image:type\" content=\"image\/jpeg\" \/>\n<meta name=\"author\" content=\"Gabriel Sales\" \/>\n<meta name=\"twitter:card\" content=\"summary_large_image\" \/>\n<meta name=\"twitter:creator\" content=\"@habemusman\" \/>\n<meta name=\"twitter:site\" content=\"@Exaudi_News\" \/>\n<meta name=\"twitter:label1\" content=\"Escrito por\" \/>\n\t<meta name=\"twitter:data1\" content=\"Gabriel Sales\" \/>\n\t<meta name=\"twitter:label2\" content=\"Tiempo de lectura\" \/>\n\t<meta name=\"twitter:data2\" content=\"6 minutos\" \/>\n<script type=\"application\/ld+json\" class=\"yoast-schema-graph\">{\"@context\":\"https:\\\/\\\/schema.org\",\"@graph\":[{\"@type\":\"Article\",\"@id\":\"https:\\\/\\\/exaudi.org\\\/es\\\/misa-sastin-papa-gracias-visita-eslovaquia\\\/#article\",\"isPartOf\":{\"@id\":\"https:\\\/\\\/exaudi.org\\\/es\\\/misa-sastin-papa-gracias-visita-eslovaquia\\\/\"},\"author\":{\"name\":\"Gabriel Sales\",\"@id\":\"https:\\\/\\\/exaudi.org\\\/#\\\/schema\\\/person\\\/d134b96438278131ce90c90c03fda6cd\"},\"headline\":\"Misa en \u0160a\u0161tin: Papa agradece su visita a Eslovaquia\",\"datePublished\":\"2021-09-15T09:36:33+00:00\",\"dateModified\":\"2021-09-17T07:37:43+00:00\",\"mainEntityOfPage\":{\"@id\":\"https:\\\/\\\/exaudi.org\\\/es\\\/misa-sastin-papa-gracias-visita-eslovaquia\\\/\"},\"wordCount\":1304,\"image\":{\"@id\":\"https:\\\/\\\/exaudi.org\\\/es\\\/misa-sastin-papa-gracias-visita-eslovaquia\\\/#primaryimage\"},\"thumbnailUrl\":\"https:\\\/\\\/exaudi.org\\\/wp-content\\\/uploads\\\/2021\\\/09\\\/SFO2153-scaled.jpg\",\"keywords\":[\"papa francisco\",\"Viaje Apost\u00f3lico del Papa a Budapest y Eslovaquia\"],\"articleSection\":[\"\u00daltimas noticias\",\"Viajes\",\"Viajes Papales\"],\"inLanguage\":\"es\"},{\"@type\":\"WebPage\",\"@id\":\"https:\\\/\\\/exaudi.org\\\/es\\\/misa-sastin-papa-gracias-visita-eslovaquia\\\/\",\"url\":\"https:\\\/\\\/exaudi.org\\\/es\\\/misa-sastin-papa-gracias-visita-eslovaquia\\\/\",\"name\":\"Misa en \u0160a\u0161tin: Papa agradece su visita a Eslovaquia - Exaudi\",\"isPartOf\":{\"@id\":\"https:\\\/\\\/exaudi.org\\\/#website\"},\"primaryImageOfPage\":{\"@id\":\"https:\\\/\\\/exaudi.org\\\/es\\\/misa-sastin-papa-gracias-visita-eslovaquia\\\/#primaryimage\"},\"image\":{\"@id\":\"https:\\\/\\\/exaudi.org\\\/es\\\/misa-sastin-papa-gracias-visita-eslovaquia\\\/#primaryimage\"},\"thumbnailUrl\":\"https:\\\/\\\/exaudi.org\\\/wp-content\\\/uploads\\\/2021\\\/09\\\/SFO2153-scaled.jpg\",\"datePublished\":\"2021-09-15T09:36:33+00:00\",\"dateModified\":\"2021-09-17T07:37:43+00:00\",\"author\":{\"@id\":\"https:\\\/\\\/exaudi.org\\\/#\\\/schema\\\/person\\\/d134b96438278131ce90c90c03fda6cd\"},\"description\":\"Al terminar la Misa en \u0160a\u0161tin, el Papa ha dado las gracias a todo el pueblo de Eslovaquia por su visita apost\u00f3lica al pa\u00eds eslavo.\",\"breadcrumb\":{\"@id\":\"https:\\\/\\\/exaudi.org\\\/es\\\/misa-sastin-papa-gracias-visita-eslovaquia\\\/#breadcrumb\"},\"inLanguage\":\"es\",\"potentialAction\":[{\"@type\":\"ReadAction\",\"target\":[\"https:\\\/\\\/exaudi.org\\\/es\\\/misa-sastin-papa-gracias-visita-eslovaquia\\\/\"]}]},{\"@type\":\"ImageObject\",\"inLanguage\":\"es\",\"@id\":\"https:\\\/\\\/exaudi.org\\\/es\\\/misa-sastin-papa-gracias-visita-eslovaquia\\\/#primaryimage\",\"url\":\"https:\\\/\\\/exaudi.org\\\/wp-content\\\/uploads\\\/2021\\\/09\\\/SFO2153-scaled.jpg\",\"contentUrl\":\"https:\\\/\\\/exaudi.org\\\/wp-content\\\/uploads\\\/2021\\\/09\\\/SFO2153-scaled.jpg\",\"width\":2560,\"height\":1707,\"caption\":\"El Papa en la Misa de \u0160a\u0161t\u00edn, 15 de septiembre de 2021 \u00a9 Vatican Media\"},{\"@type\":\"BreadcrumbList\",\"@id\":\"https:\\\/\\\/exaudi.org\\\/es\\\/misa-sastin-papa-gracias-visita-eslovaquia\\\/#breadcrumb\",\"itemListElement\":[{\"@type\":\"ListItem\",\"position\":1,\"name\":\"Portada\",\"item\":\"https:\\\/\\\/exaudi.org\\\/es\\\/\"},{\"@type\":\"ListItem\",\"position\":2,\"name\":\"Misa en \u0160a\u0161tin: Papa agradece su visita a Eslovaquia\"}]},{\"@type\":\"WebSite\",\"@id\":\"https:\\\/\\\/exaudi.org\\\/#website\",\"url\":\"https:\\\/\\\/exaudi.org\\\/\",\"name\":\"Exaudi\",\"description\":\"News\",\"potentialAction\":[{\"@type\":\"SearchAction\",\"target\":{\"@type\":\"EntryPoint\",\"urlTemplate\":\"https:\\\/\\\/exaudi.org\\\/?s={search_term_string}\"},\"query-input\":{\"@type\":\"PropertyValueSpecification\",\"valueRequired\":true,\"valueName\":\"search_term_string\"}}],\"inLanguage\":\"es\"},{\"@type\":\"Person\",\"@id\":\"https:\\\/\\\/exaudi.org\\\/#\\\/schema\\\/person\\\/d134b96438278131ce90c90c03fda6cd\",\"name\":\"Gabriel Sales\",\"image\":{\"@type\":\"ImageObject\",\"inLanguage\":\"es\",\"@id\":\"https:\\\/\\\/secure.gravatar.com\\\/avatar\\\/9b1269566f6a063ed26ffb3532b66a373cdde231ce5d0effb266167437fdaffd?s=96&d=mm&r=g\",\"url\":\"https:\\\/\\\/secure.gravatar.com\\\/avatar\\\/9b1269566f6a063ed26ffb3532b66a373cdde231ce5d0effb266167437fdaffd?s=96&d=mm&r=g\",\"contentUrl\":\"https:\\\/\\\/secure.gravatar.com\\\/avatar\\\/9b1269566f6a063ed26ffb3532b66a373cdde231ce5d0effb266167437fdaffd?s=96&d=mm&r=g\",\"caption\":\"Gabriel Sales\"},\"description\":\"Periodista y especialista en Comunicaci\u00f3n y Branding digital. Cin\u00e9filo y cr\u00edtico de cine y series de televisi\u00f3n.\",\"sameAs\":[\"https:\\\/\\\/www.instagram.com\\\/cine90segundos\\\/\",\"www.linkedin.com\\\/in\\\/habemusman\",\"https:\\\/\\\/x.com\\\/habemusman\",\"https:\\\/\\\/www.youtube.com\\\/channel\\\/UCVfCiOMkJ_C7T7OpyjuaLDg\"],\"url\":\"https:\\\/\\\/exaudi.org\\\/es\\\/author\\\/gsalesexaudi-org\\\/\"}]}<\/script>\n<!-- \/ Yoast SEO plugin. -->","yoast_head_json":{"title":"Misa en \u0160a\u0161tin: Papa agradece su visita a Eslovaquia - Exaudi","description":"Al terminar la Misa en \u0160a\u0161tin, el Papa ha dado las gracias a todo el pueblo de Eslovaquia por su visita apost\u00f3lica al pa\u00eds eslavo.","robots":{"index":"index","follow":"follow","max-snippet":"max-snippet:-1","max-image-preview":"max-image-preview:large","max-video-preview":"max-video-preview:-1"},"canonical":"https:\/\/exaudi.org\/es\/misa-sastin-papa-gracias-visita-eslovaquia\/","og_locale":"es_ES","og_type":"article","og_title":"Misa en \u0160a\u0161tin: Papa agradece su visita a Eslovaquia - Exaudi","og_description":"Al terminar la Misa en \u0160a\u0161tin, el Papa ha dado las gracias a todo el pueblo de Eslovaquia por su visita apost\u00f3lica al pa\u00eds eslavo.","og_url":"https:\/\/exaudi.org\/es\/misa-sastin-papa-gracias-visita-eslovaquia\/","og_site_name":"Exaudi","article_publisher":"https:\/\/www.facebook.com\/ExaudiNews","article_published_time":"2021-09-15T09:36:33+00:00","article_modified_time":"2021-09-17T07:37:43+00:00","og_image":[{"width":2560,"height":1707,"url":"https:\/\/exaudi.org\/wp-content\/uploads\/2021\/09\/SFO2153-scaled.jpg","type":"image\/jpeg"}],"author":"Gabriel Sales","twitter_card":"summary_large_image","twitter_creator":"@habemusman","twitter_site":"@Exaudi_News","twitter_misc":{"Escrito por":"Gabriel Sales","Tiempo de lectura":"6 minutos"},"schema":{"@context":"https:\/\/schema.org","@graph":[{"@type":"Article","@id":"https:\/\/exaudi.org\/es\/misa-sastin-papa-gracias-visita-eslovaquia\/#article","isPartOf":{"@id":"https:\/\/exaudi.org\/es\/misa-sastin-papa-gracias-visita-eslovaquia\/"},"author":{"name":"Gabriel Sales","@id":"https:\/\/exaudi.org\/#\/schema\/person\/d134b96438278131ce90c90c03fda6cd"},"headline":"Misa en \u0160a\u0161tin: Papa agradece su visita a Eslovaquia","datePublished":"2021-09-15T09:36:33+00:00","dateModified":"2021-09-17T07:37:43+00:00","mainEntityOfPage":{"@id":"https:\/\/exaudi.org\/es\/misa-sastin-papa-gracias-visita-eslovaquia\/"},"wordCount":1304,"image":{"@id":"https:\/\/exaudi.org\/es\/misa-sastin-papa-gracias-visita-eslovaquia\/#primaryimage"},"thumbnailUrl":"https:\/\/exaudi.org\/wp-content\/uploads\/2021\/09\/SFO2153-scaled.jpg","keywords":["papa francisco","Viaje Apost\u00f3lico del Papa a Budapest y Eslovaquia"],"articleSection":["\u00daltimas noticias","Viajes","Viajes Papales"],"inLanguage":"es"},{"@type":"WebPage","@id":"https:\/\/exaudi.org\/es\/misa-sastin-papa-gracias-visita-eslovaquia\/","url":"https:\/\/exaudi.org\/es\/misa-sastin-papa-gracias-visita-eslovaquia\/","name":"Misa en \u0160a\u0161tin: Papa agradece su visita a Eslovaquia - Exaudi","isPartOf":{"@id":"https:\/\/exaudi.org\/#website"},"primaryImageOfPage":{"@id":"https:\/\/exaudi.org\/es\/misa-sastin-papa-gracias-visita-eslovaquia\/#primaryimage"},"image":{"@id":"https:\/\/exaudi.org\/es\/misa-sastin-papa-gracias-visita-eslovaquia\/#primaryimage"},"thumbnailUrl":"https:\/\/exaudi.org\/wp-content\/uploads\/2021\/09\/SFO2153-scaled.jpg","datePublished":"2021-09-15T09:36:33+00:00","dateModified":"2021-09-17T07:37:43+00:00","author":{"@id":"https:\/\/exaudi.org\/#\/schema\/person\/d134b96438278131ce90c90c03fda6cd"},"description":"Al terminar la Misa en \u0160a\u0161tin, el Papa ha dado las gracias a todo el pueblo de Eslovaquia por su visita apost\u00f3lica al pa\u00eds eslavo.","breadcrumb":{"@id":"https:\/\/exaudi.org\/es\/misa-sastin-papa-gracias-visita-eslovaquia\/#breadcrumb"},"inLanguage":"es","potentialAction":[{"@type":"ReadAction","target":["https:\/\/exaudi.org\/es\/misa-sastin-papa-gracias-visita-eslovaquia\/"]}]},{"@type":"ImageObject","inLanguage":"es","@id":"https:\/\/exaudi.org\/es\/misa-sastin-papa-gracias-visita-eslovaquia\/#primaryimage","url":"https:\/\/exaudi.org\/wp-content\/uploads\/2021\/09\/SFO2153-scaled.jpg","contentUrl":"https:\/\/exaudi.org\/wp-content\/uploads\/2021\/09\/SFO2153-scaled.jpg","width":2560,"height":1707,"caption":"El Papa en la Misa de \u0160a\u0161t\u00edn, 15 de septiembre de 2021 \u00a9 Vatican Media"},{"@type":"BreadcrumbList","@id":"https:\/\/exaudi.org\/es\/misa-sastin-papa-gracias-visita-eslovaquia\/#breadcrumb","itemListElement":[{"@type":"ListItem","position":1,"name":"Portada","item":"https:\/\/exaudi.org\/es\/"},{"@type":"ListItem","position":2,"name":"Misa en \u0160a\u0161tin: Papa agradece su visita a Eslovaquia"}]},{"@type":"WebSite","@id":"https:\/\/exaudi.org\/#website","url":"https:\/\/exaudi.org\/","name":"Exaudi","description":"News","potentialAction":[{"@type":"SearchAction","target":{"@type":"EntryPoint","urlTemplate":"https:\/\/exaudi.org\/?s={search_term_string}"},"query-input":{"@type":"PropertyValueSpecification","valueRequired":true,"valueName":"search_term_string"}}],"inLanguage":"es"},{"@type":"Person","@id":"https:\/\/exaudi.org\/#\/schema\/person\/d134b96438278131ce90c90c03fda6cd","name":"Gabriel Sales","image":{"@type":"ImageObject","inLanguage":"es","@id":"https:\/\/secure.gravatar.com\/avatar\/9b1269566f6a063ed26ffb3532b66a373cdde231ce5d0effb266167437fdaffd?s=96&d=mm&r=g","url":"https:\/\/secure.gravatar.com\/avatar\/9b1269566f6a063ed26ffb3532b66a373cdde231ce5d0effb266167437fdaffd?s=96&d=mm&r=g","contentUrl":"https:\/\/secure.gravatar.com\/avatar\/9b1269566f6a063ed26ffb3532b66a373cdde231ce5d0effb266167437fdaffd?s=96&d=mm&r=g","caption":"Gabriel Sales"},"description":"Periodista y especialista en Comunicaci\u00f3n y Branding digital. Cin\u00e9filo y cr\u00edtico de cine y series de televisi\u00f3n.","sameAs":["https:\/\/www.instagram.com\/cine90segundos\/","www.linkedin.com\/in\/habemusman","https:\/\/x.com\/habemusman","https:\/\/www.youtube.com\/channel\/UCVfCiOMkJ_C7T7OpyjuaLDg"],"url":"https:\/\/exaudi.org\/es\/author\/gsalesexaudi-org\/"}]}},"jetpack_featured_media_url":"https:\/\/exaudi.org\/wp-content\/uploads\/2021\/09\/SFO2153-scaled.jpg","jetpack_shortlink":"https:\/\/wp.me\/pgKjF2-8JD","_links":{"self":[{"href":"https:\/\/exaudi.org\/es\/wp-json\/wp\/v2\/posts\/33581","targetHints":{"allow":["GET"]}}],"collection":[{"href":"https:\/\/exaudi.org\/es\/wp-json\/wp\/v2\/posts"}],"about":[{"href":"https:\/\/exaudi.org\/es\/wp-json\/wp\/v2\/types\/post"}],"author":[{"embeddable":true,"href":"https:\/\/exaudi.org\/es\/wp-json\/wp\/v2\/users\/6"}],"replies":[{"embeddable":true,"href":"https:\/\/exaudi.org\/es\/wp-json\/wp\/v2\/comments?post=33581"}],"version-history":[{"count":0,"href":"https:\/\/exaudi.org\/es\/wp-json\/wp\/v2\/posts\/33581\/revisions"}],"wp:featuredmedia":[{"embeddable":true,"href":"https:\/\/exaudi.org\/es\/wp-json\/wp\/v2\/media\/33602"}],"wp:attachment":[{"href":"https:\/\/exaudi.org\/es\/wp-json\/wp\/v2\/media?parent=33581"}],"wp:term":[{"taxonomy":"category","embeddable":true,"href":"https:\/\/exaudi.org\/es\/wp-json\/wp\/v2\/categories?post=33581"},{"taxonomy":"post_tag","embeddable":true,"href":"https:\/\/exaudi.org\/es\/wp-json\/wp\/v2\/tags?post=33581"}],"curies":[{"name":"wp","href":"https:\/\/api.w.org\/{rel}","templated":true}]}}