{"id":33563,"date":"2021-09-15T09:19:04","date_gmt":"2021-09-15T07:19:04","guid":{"rendered":"https:\/\/exaudi.wpengine.com\/?p=33563"},"modified":"2021-09-16T11:24:23","modified_gmt":"2021-09-16T09:24:23","slug":"cardenal-arizmendi-pais-respete-vida","status":"publish","type":"post","link":"https:\/\/exaudi.org\/es\/cardenal-arizmendi-pais-respete-vida\/","title":{"rendered":"Cardenal Arizmendi: Otro pa\u00eds, donde se respete la vida"},"content":{"rendered":"<p>El <a href=\"https:\/\/exaudi.wpengine.com\/es\/author\/felipearizmendi\/\" target=\"_blank\" rel=\"noopener\">cardenal Felipe Arizmendi Esquivel<\/a>, obispo em\u00e9rito de San Crist\u00f3bal de Las Casas y responsable de la Doctrina de la Fe en la <a href=\"https:\/\/www.cem.org.mx\/\" target=\"_blank\" rel=\"noopener\">Conferencia del Episcopado Mexicano (CEM)<\/a>, ofrece a los lectores de Exaudi su art\u00edculo semanal titulado \u201cOtro pa\u00eds, donde se respete la vida\u201d.<\/p>\n<p>***<\/p>\n<h4><strong>Ver<\/strong><\/h4>\n<p><span style=\"font-weight: 400\">La Suprema Corte de Justicia de nuestro pa\u00eds nuevamente ha demostrado que no es de justicia, sino s\u00f3lo de constitucionalidad, de legalidad; es decir, que sus decisiones no son para implantar justicia, sino s\u00f3lo para declarar que las leyes o normas de un Estado o de un cuerpo legislativo son o no son acordes con la Constituci\u00f3n. Eso, por tanto, significa que sus decisiones son s\u00f3lo expresi\u00f3n de legalidad, no necesariamente de justicia. \u00a1Deber\u00edan cambiar el nombre de la Corte!<\/span><\/p>\n<p><span style=\"font-weight: 400\">Lo mismo hicieron cuando ordenaron excarcelar a asesinos materiales confesos de la masacre de Acteal. Adujeron que el proceso jur\u00eddico adolec\u00eda de algunas deficiencias, y cometieron la injusticia de declarar inocentes a culpables comprobados de asesinatos. Y lo hicieron dizque en nombre de la justicia. \u00a1Qu\u00e9 pena y qu\u00e9 verg\u00fcenza!<\/span><\/p>\n<p><span style=\"font-weight: 400\">Ahora han declarado que es inconstitucional castigar el aborto, y tambi\u00e9n que es contrario a la Constituci\u00f3n que una legislatura estatal blinde el derecho a la vida de los reci\u00e9n concebidos, y que, por tanto, no es delito matar a un ser humano, a un inocente e indefenso. Es insignificante, es embrionario, pero es un ser humano en proceso de crecimiento, una aut\u00e9ntica vida humana. En consecuencia, seg\u00fan la Corte, \u00a1se puede matar impunemente! \u00bfEso es justicia?<\/span><\/p>\n<p><span style=\"font-weight: 400\">S\u00f3lo se han fijado en defender a la mujer, en legitimar su derecho a decidir, en protegerlas para que hagan lo que quieran con su cuerpo, pero no pusieron atenci\u00f3n al ser humano en gestaci\u00f3n. Hay que defender los derechos de las mujeres, hay que darles una atenci\u00f3n integral en las situaciones dif\u00edciles de su gestaci\u00f3n, hay que evitar victimizarlas. Eso est\u00e1 muy bien y se aplaude. <\/span><\/p>\n<p><span style=\"font-weight: 400\">Pero, \u00bfel ni\u00f1o no tiene derechos? Y si es una ni\u00f1a la que est\u00e1 en el seno materno, \u00bfno tiene derechos, ni siquiera el m\u00e1s fundamental, que es el derecho a la vida? T\u00fa no puedes aducir que tienes derecho a hacer lo que quieras, si est\u00e1 en juego el derecho de un tercero. Por ejemplo, no puedes poner tu m\u00fasica al volumen que quieras, si con ello da\u00f1as el derecho del vecino a descansar. <\/span><\/p>\n<p><span style=\"font-weight: 400\">No hay que ser parciales en la aplicaci\u00f3n de los derechos, defendiendo unos y violando otros con la misma acci\u00f3n. Adem\u00e1s, nada se dice sobre los varones que son responsables tambi\u00e9n de un embarazo. Un gobernador, hace a\u00f1os, propon\u00eda que se les castrara, para que no siguieran sembrando hijos irresponsablemente\u2026<\/span><\/p>\n<p><span style=\"font-weight: 400\">Por otra parte, es muy lamentable que algunos ministros de la Corte se reconozcan creyentes y cat\u00f3licos, pero que digan que su creencia no debe mezclarse con asuntos p\u00fablicos y jur\u00eddicos; alegan que estamos en una Estado laico y que su religi\u00f3n nada tiene que ver en esas cosas.<\/span><\/p>\n<p><span style=\"font-weight: 400\"> \u00a1Qu\u00e9 ignorantes! Esa no es una fe aut\u00e9ntica; es, si acaso, una religiosidad tradicionalista, mocha, incompleta y hasta contradictoria. Qui\u00e9n cree en el Dios de la Vida, manifestado en Jesucristo, respeta la vida, aunque sea incipiente en el seno materno. Y este asunto no es primariamente de religi\u00f3n, sino de ciencia, de medicina, de microbiolog\u00eda, de antropolog\u00eda. <\/span><\/p>\n<p><span style=\"font-weight: 400\">D\u00e9jense iluminar por expertos en estos campos, y ver\u00e1n que la vida humana empieza en la concepci\u00f3n, en cualquier parte del mundo. Lo que est\u00e1 en gestaci\u00f3n no es un tumor, un mont\u00f3n de c\u00e9lulas, sino un ser humano en proceso de formaci\u00f3n. La fe cristiana ayuda a descubrir la verdad cient\u00edfica, y el proceder de los ministros de la Corte es totalmente contrario a la ciencia y a su confesi\u00f3n religiosa.<\/span><\/p>\n<h4><strong>Pensar<\/strong><\/h4>\n<p><span style=\"font-weight: 400\">El Papa Francisco ha dicho: \u201cA veces escuchamos: \u2018Ustedes los cat\u00f3licos no aceptan el aborto; es un problema de su fe\u2019. No. Es un problema pre-religioso. La fe no tiene nada que ver con eso. Viene m\u00e1s tarde, pero no tiene nada que ver con eso; es un problema humano. Es un problema pre-religioso. No carguemos a la fe algo que no le pertenece desde el principio. Es un problema humano. Solo dos cosas nos ayudar\u00e1n a entender esto: dos preguntas. <\/span><\/p>\n<p><span style=\"font-weight: 400\">Primera pregunta: \u00bfes leg\u00edtimo eliminar una vida humana para resolver un problema? Segunda pregunta: \u00bfes permisible alquilar un sicario para resolver un problema? La respuesta es tuya. Este es el punto. No vayas a lo religioso en algo que concierne a lo humano. No es l\u00edcito. Nunca, nunca elimines una vida humana o rentes a un sicario para resolver un problema. El aborto nunca es la respuesta que buscan las mujeres y las familias. <\/span><\/p>\n<p><span style=\"font-weight: 400\">M\u00e1s bien, es el miedo a la enfermedad y la soledad lo que hace que los padres vacilen. Las dificultades pr\u00e1cticas, humanas y espirituales son innegables, pero precisamente por esta raz\u00f3n son urgentes y necesarias acciones pastorales m\u00e1s incisivas. Es decir, es necesario crear espacios, lugares y \u2018redes de amor\u2019 a los que las parejas puedan recurrir, as\u00ed como dedicar tiempo al acompa\u00f1amiento de estas familias\u201d (25-V-2019).\u00a0<\/span><\/p>\n<p><span style=\"font-weight: 400\">El Papa nos invita a defender los derechos de las mujeres y de los ni\u00f1os:<\/span><\/p>\n<p><span style=\"font-weight: 400\">\u201cDoblemente pobres son las mujeres que sufren situaciones de exclusi\u00f3n, maltrato y violencia, porque frecuentemente se encuentran con menores posibilidades de defender sus derechos. Sin embargo, tambi\u00e9n entre ellas encontramos constantemente los m\u00e1s admirables gestos de hero\u00edsmo cotidiano en la defensa y el cuidado de la fragilidad de sus familias\u201d (EG 212).<\/span><\/p>\n<p><span style=\"font-weight: 400\">\u201cEntre esos d\u00e9biles, que la Iglesia quiere cuidar con predilecci\u00f3n, est\u00e1n tambi\u00e9n los ni\u00f1os por nacer, que son los m\u00e1s indefensos e inocentes de todos, a quienes hoy se les quiere negar su dignidad humana en orden a hacer con ellos lo que se quiera, quit\u00e1ndoles la vida y promoviendo legislaciones para que nadie pueda impedirlo. Frecuentemente, para ridiculizar alegremente la defensa que la Iglesia hace de sus vidas, se procura presentar su postura como algo ideol\u00f3gico, oscurantista y conservador. <\/span><\/p>\n<p><span style=\"font-weight: 400\">Sin embargo, esta defensa de la vida por nacer est\u00e1 \u00edntimamente ligada a la defensa de cualquier derecho humano. Supone la convicci\u00f3n de que un ser humano es siempre sagrado e inviolable, en cualquier situaci\u00f3n y en cada etapa de su desarrollo. Es un fin en s\u00ed mismo y nunca un medio para resolver otras dificultades. <\/span><\/p>\n<p><span style=\"font-weight: 400\">Si esta convicci\u00f3n cae, no quedan fundamentos s\u00f3lidos y permanentes para defender los derechos humanos, que siempre estar\u00edan sometidos a conveniencias circunstanciales de los poderosos de turno. La sola raz\u00f3n es suficiente para reconocer el valor inviolable de cualquier vida humana, pero si adem\u00e1s la miramos desde la fe, toda violaci\u00f3n de la dignidad personal del ser humano grita venganza delante de Dios y se configura como ofensa al Creador del hombre\u201d (EG 213).<\/span><\/p>\n<h4><strong>Actuar<\/strong><\/h4>\n<p><span style=\"font-weight: 400\">Tratemos de comprender las situaciones dif\u00edciles y complicadas de las mujeres que piensan abortar. Se les acumulan angustias econ\u00f3micas, familiares, profesionales, laborales, y se sienten tentadas de recurrir al aborto como \u00fanica soluci\u00f3n. Ayud\u00e9mosles a encontrar otras alternativas.<\/span><\/p>\n<p><span style=\"font-weight: 400\"> Protejamos sus derechos, seamos solidarios con sus sufrimientos, acompa\u00f1\u00e9moslas con un coraz\u00f3n cercano, pero tambi\u00e9n hag\u00e1mosles ver que hay otros caminos para salir adelante, siendo responsables tambi\u00e9n de una vida humana incipiente. Seamos solidarios con su embarazo, no c\u00f3mplices de un asesinato. La Corte dice: Se puede matar. Dios dice: No matar\u00e1s. Cada quien sabe a qui\u00e9n hacer caso.<\/span><\/p>\n<audio class=\"wp-audio-shortcode\" id=\"audio-33563-1\" preload=\"none\" style=\"width: 100%;\" controls=\"controls\"><source type=\"audio\/mpeg\" src=\"https:\/\/exaudi.wpengine.com\/wp-content\/uploads\/2021\/09\/Articulo-15-septiembre.mp3?_=1\" \/><a href=\"https:\/\/exaudi.wpengine.com\/wp-content\/uploads\/2021\/09\/Articulo-15-septiembre.mp3\">https:\/\/exaudi.wpengine.com\/wp-content\/uploads\/2021\/09\/Articulo-15-septiembre.mp3<\/a><\/audio>\n","protected":false},"excerpt":{"rendered":"<p>Legalidad vs justicia<\/p>\n","protected":false},"author":24,"featured_media":33568,"comment_status":"closed","ping_status":"closed","sticky":false,"template":"","format":"standard","meta":{"_acf_changed":false,"_crdt_document":"","inline_featured_image":false,"footnotes":""},"categories":[298,130],"tags":[413,1313],"class_list":["post-33563","post","type-post","status-publish","format-standard","has-post-thumbnail","hentry","category-ultimas-noticias","category-voces","tag-cardenal-felipe-arizmendi-esquivel","tag-vida"],"acf":[],"yoast_head":"<!-- This site is optimized with the Yoast SEO plugin v27.5 - https:\/\/yoast.com\/product\/yoast-seo-wordpress\/ -->\n<title>Cardenal Arizmendi: Otro pa\u00eds, donde se respete la vida - Exaudi<\/title>\n<meta name=\"description\" content=\"El cardenal Felipe Arizmendi, obispo em\u00e9rito de San Crist\u00f3bal de Las Casas, ofrece su art\u00edculo semanal \u201cOtro pa\u00eds, donde se respete la vida\u201d.\" \/>\n<meta name=\"robots\" content=\"index, follow, max-snippet:-1, max-image-preview:large, max-video-preview:-1\" \/>\n<link rel=\"canonical\" href=\"https:\/\/exaudi.org\/es\/cardenal-arizmendi-pais-respete-vida\/\" \/>\n<meta property=\"og:locale\" content=\"es_ES\" \/>\n<meta property=\"og:type\" content=\"article\" \/>\n<meta property=\"og:title\" content=\"Cardenal Arizmendi: Otro pa\u00eds, donde se respete la vida - Exaudi\" \/>\n<meta property=\"og:description\" content=\"El cardenal Felipe Arizmendi, obispo em\u00e9rito de San Crist\u00f3bal de Las Casas, ofrece su art\u00edculo semanal \u201cOtro pa\u00eds, donde se respete la vida\u201d.\" \/>\n<meta property=\"og:url\" content=\"https:\/\/exaudi.org\/es\/cardenal-arizmendi-pais-respete-vida\/\" \/>\n<meta property=\"og:site_name\" content=\"Exaudi\" \/>\n<meta property=\"article:publisher\" content=\"https:\/\/www.facebook.com\/ExaudiNews\" \/>\n<meta property=\"article:published_time\" content=\"2021-09-15T07:19:04+00:00\" \/>\n<meta property=\"article:modified_time\" content=\"2021-09-16T09:24:23+00:00\" \/>\n<meta property=\"og:image\" content=\"https:\/\/exaudi.org\/wp-content\/uploads\/2021\/09\/213c3c2-scaled.jpg\" \/>\n\t<meta property=\"og:image:width\" content=\"2560\" \/>\n\t<meta property=\"og:image:height\" content=\"2190\" \/>\n\t<meta property=\"og:image:type\" content=\"image\/jpeg\" \/>\n<meta name=\"author\" content=\"Cardenal Felipe Arizmendi\" \/>\n<meta name=\"twitter:card\" content=\"summary_large_image\" \/>\n<meta name=\"twitter:creator\" content=\"@Exaudi_News\" \/>\n<meta name=\"twitter:site\" content=\"@Exaudi_News\" \/>\n<meta name=\"twitter:label1\" content=\"Escrito por\" \/>\n\t<meta name=\"twitter:data1\" content=\"Cardenal Felipe Arizmendi\" \/>\n\t<meta name=\"twitter:label2\" content=\"Tiempo de lectura\" \/>\n\t<meta name=\"twitter:data2\" content=\"6 minutos\" \/>\n<script type=\"application\/ld+json\" class=\"yoast-schema-graph\">{\"@context\":\"https:\\\/\\\/schema.org\",\"@graph\":[{\"@type\":\"Article\",\"@id\":\"https:\\\/\\\/exaudi.org\\\/es\\\/cardenal-arizmendi-pais-respete-vida\\\/#article\",\"isPartOf\":{\"@id\":\"https:\\\/\\\/exaudi.org\\\/es\\\/cardenal-arizmendi-pais-respete-vida\\\/\"},\"author\":{\"name\":\"Cardenal Felipe Arizmendi\",\"@id\":\"https:\\\/\\\/exaudi.org\\\/#\\\/schema\\\/person\\\/c7d223f87e58f1105d044d8da1439102\"},\"headline\":\"Cardenal Arizmendi: Otro pa\u00eds, donde se respete la vida\",\"datePublished\":\"2021-09-15T07:19:04+00:00\",\"dateModified\":\"2021-09-16T09:24:23+00:00\",\"mainEntityOfPage\":{\"@id\":\"https:\\\/\\\/exaudi.org\\\/es\\\/cardenal-arizmendi-pais-respete-vida\\\/\"},\"wordCount\":1338,\"image\":{\"@id\":\"https:\\\/\\\/exaudi.org\\\/es\\\/cardenal-arizmendi-pais-respete-vida\\\/#primaryimage\"},\"thumbnailUrl\":\"https:\\\/\\\/exaudi.org\\\/wp-content\\\/uploads\\\/2021\\\/09\\\/213c3c2-scaled.jpg\",\"keywords\":[\"Cardenal Felipe Arizmendi Esquivel\",\"Vida\"],\"articleSection\":[\"\u00daltimas noticias\",\"Voces\"],\"inLanguage\":\"es\"},{\"@type\":\"WebPage\",\"@id\":\"https:\\\/\\\/exaudi.org\\\/es\\\/cardenal-arizmendi-pais-respete-vida\\\/\",\"url\":\"https:\\\/\\\/exaudi.org\\\/es\\\/cardenal-arizmendi-pais-respete-vida\\\/\",\"name\":\"Cardenal Arizmendi: Otro pa\u00eds, donde se respete la vida - Exaudi\",\"isPartOf\":{\"@id\":\"https:\\\/\\\/exaudi.org\\\/#website\"},\"primaryImageOfPage\":{\"@id\":\"https:\\\/\\\/exaudi.org\\\/es\\\/cardenal-arizmendi-pais-respete-vida\\\/#primaryimage\"},\"image\":{\"@id\":\"https:\\\/\\\/exaudi.org\\\/es\\\/cardenal-arizmendi-pais-respete-vida\\\/#primaryimage\"},\"thumbnailUrl\":\"https:\\\/\\\/exaudi.org\\\/wp-content\\\/uploads\\\/2021\\\/09\\\/213c3c2-scaled.jpg\",\"datePublished\":\"2021-09-15T07:19:04+00:00\",\"dateModified\":\"2021-09-16T09:24:23+00:00\",\"author\":{\"@id\":\"https:\\\/\\\/exaudi.org\\\/#\\\/schema\\\/person\\\/c7d223f87e58f1105d044d8da1439102\"},\"description\":\"El cardenal Felipe Arizmendi, obispo em\u00e9rito de San Crist\u00f3bal de Las Casas, ofrece su art\u00edculo semanal \u201cOtro pa\u00eds, donde se respete la vida\u201d.\",\"breadcrumb\":{\"@id\":\"https:\\\/\\\/exaudi.org\\\/es\\\/cardenal-arizmendi-pais-respete-vida\\\/#breadcrumb\"},\"inLanguage\":\"es\",\"potentialAction\":[{\"@type\":\"ReadAction\",\"target\":[\"https:\\\/\\\/exaudi.org\\\/es\\\/cardenal-arizmendi-pais-respete-vida\\\/\"]}]},{\"@type\":\"ImageObject\",\"inLanguage\":\"es\",\"@id\":\"https:\\\/\\\/exaudi.org\\\/es\\\/cardenal-arizmendi-pais-respete-vida\\\/#primaryimage\",\"url\":\"https:\\\/\\\/exaudi.org\\\/wp-content\\\/uploads\\\/2021\\\/09\\\/213c3c2-scaled.jpg\",\"contentUrl\":\"https:\\\/\\\/exaudi.org\\\/wp-content\\\/uploads\\\/2021\\\/09\\\/213c3c2-scaled.jpg\",\"width\":2560,\"height\":2190,\"caption\":\"Madre con su hijo \u00a9 Cathopic\"},{\"@type\":\"BreadcrumbList\",\"@id\":\"https:\\\/\\\/exaudi.org\\\/es\\\/cardenal-arizmendi-pais-respete-vida\\\/#breadcrumb\",\"itemListElement\":[{\"@type\":\"ListItem\",\"position\":1,\"name\":\"Portada\",\"item\":\"https:\\\/\\\/exaudi.org\\\/es\\\/\"},{\"@type\":\"ListItem\",\"position\":2,\"name\":\"Cardenal Arizmendi: Otro pa\u00eds, donde se respete la vida\"}]},{\"@type\":\"WebSite\",\"@id\":\"https:\\\/\\\/exaudi.org\\\/#website\",\"url\":\"https:\\\/\\\/exaudi.org\\\/\",\"name\":\"Exaudi\",\"description\":\"News\",\"potentialAction\":[{\"@type\":\"SearchAction\",\"target\":{\"@type\":\"EntryPoint\",\"urlTemplate\":\"https:\\\/\\\/exaudi.org\\\/?s={search_term_string}\"},\"query-input\":{\"@type\":\"PropertyValueSpecification\",\"valueRequired\":true,\"valueName\":\"search_term_string\"}}],\"inLanguage\":\"es\"},{\"@type\":\"Person\",\"@id\":\"https:\\\/\\\/exaudi.org\\\/#\\\/schema\\\/person\\\/c7d223f87e58f1105d044d8da1439102\",\"name\":\"Cardenal Felipe Arizmendi\",\"image\":{\"@type\":\"ImageObject\",\"inLanguage\":\"es\",\"@id\":\"https:\\\/\\\/secure.gravatar.com\\\/avatar\\\/4ffc5520d896b86d39346168903de33a17ef0f23d16de0ff45062c1ff422ed2f?s=96&d=mm&r=g\",\"url\":\"https:\\\/\\\/secure.gravatar.com\\\/avatar\\\/4ffc5520d896b86d39346168903de33a17ef0f23d16de0ff45062c1ff422ed2f?s=96&d=mm&r=g\",\"contentUrl\":\"https:\\\/\\\/secure.gravatar.com\\\/avatar\\\/4ffc5520d896b86d39346168903de33a17ef0f23d16de0ff45062c1ff422ed2f?s=96&d=mm&r=g\",\"caption\":\"Cardenal Felipe Arizmendi\"},\"description\":\"Nacido en Chiltepec el 1 de mayo de 1940. Estudi\u00f3 Humanidades y Filosof\u00eda en el Seminario de Toluca, de 1952 a 1959. Curs\u00f3 la Teolog\u00eda en la Universidad Pontificia de Salamanca, Espa\u00f1a, de 1959 a 1963, obteniendo la licenciatura en Teolog\u00eda Dogm\u00e1tica. Por su cuenta, se especializ\u00f3 en Liturgia. Fue ordenado sacerdote el 25 de agosto de 1963 en Toluca. Sirvi\u00f3 como Vicario Parroquial en tres parroquias por tres a\u00f1os y medio y fue p\u00e1rroco de una comunidad ind\u00edgena otom\u00ed, de 1967 a 1970. Fue Director Espiritual del Seminario de Toluca por diez a\u00f1os, y Rector del mismo de 1981 a 1991. El 7 de marzo de 1991, fue ordenado obispo de la di\u00f3cesis de Tapachula, donde estuvo hasta el 30 de abril del a\u00f1o 2000. El 1 de mayo del 2000, inici\u00f3 su ministerio episcopal como XLVI obispo de la di\u00f3cesis de San Crist\u00f3bal de las Casas, Chiapas, una de las di\u00f3cesis m\u00e1s antiguas de M\u00e9xico, erigida en 1539; all\u00ed sirvi\u00f3 por casi 18 a\u00f1os. Ha ocupado diversos cargos en la Conferencia del Episcopado Mexicano y en el CELAM. El 3 de noviembre de 2017, el Papa Francisco le acept\u00f3, por edad, su renuncia al servicio episcopal en esta di\u00f3cesis, que entreg\u00f3 a su sucesor el 3 de enero de 2018. Desde entonces, reside en la ciudad de Toluca. Desde 1979, escribe art\u00edculos de actualidad en varios medios religiosos y civiles. Es autor de varias publicaciones.\",\"url\":\"https:\\\/\\\/exaudi.org\\\/es\\\/author\\\/felipearizmendi\\\/\"}]}<\/script>\n<!-- \/ Yoast SEO plugin. -->","yoast_head_json":{"title":"Cardenal Arizmendi: Otro pa\u00eds, donde se respete la vida - Exaudi","description":"El cardenal Felipe Arizmendi, obispo em\u00e9rito de San Crist\u00f3bal de Las Casas, ofrece su art\u00edculo semanal \u201cOtro pa\u00eds, donde se respete la vida\u201d.","robots":{"index":"index","follow":"follow","max-snippet":"max-snippet:-1","max-image-preview":"max-image-preview:large","max-video-preview":"max-video-preview:-1"},"canonical":"https:\/\/exaudi.org\/es\/cardenal-arizmendi-pais-respete-vida\/","og_locale":"es_ES","og_type":"article","og_title":"Cardenal Arizmendi: Otro pa\u00eds, donde se respete la vida - Exaudi","og_description":"El cardenal Felipe Arizmendi, obispo em\u00e9rito de San Crist\u00f3bal de Las Casas, ofrece su art\u00edculo semanal \u201cOtro pa\u00eds, donde se respete la vida\u201d.","og_url":"https:\/\/exaudi.org\/es\/cardenal-arizmendi-pais-respete-vida\/","og_site_name":"Exaudi","article_publisher":"https:\/\/www.facebook.com\/ExaudiNews","article_published_time":"2021-09-15T07:19:04+00:00","article_modified_time":"2021-09-16T09:24:23+00:00","og_image":[{"width":2560,"height":2190,"url":"https:\/\/exaudi.org\/wp-content\/uploads\/2021\/09\/213c3c2-scaled.jpg","type":"image\/jpeg"}],"author":"Cardenal Felipe Arizmendi","twitter_card":"summary_large_image","twitter_creator":"@Exaudi_News","twitter_site":"@Exaudi_News","twitter_misc":{"Escrito por":"Cardenal Felipe Arizmendi","Tiempo de lectura":"6 minutos"},"schema":{"@context":"https:\/\/schema.org","@graph":[{"@type":"Article","@id":"https:\/\/exaudi.org\/es\/cardenal-arizmendi-pais-respete-vida\/#article","isPartOf":{"@id":"https:\/\/exaudi.org\/es\/cardenal-arizmendi-pais-respete-vida\/"},"author":{"name":"Cardenal Felipe Arizmendi","@id":"https:\/\/exaudi.org\/#\/schema\/person\/c7d223f87e58f1105d044d8da1439102"},"headline":"Cardenal Arizmendi: Otro pa\u00eds, donde se respete la vida","datePublished":"2021-09-15T07:19:04+00:00","dateModified":"2021-09-16T09:24:23+00:00","mainEntityOfPage":{"@id":"https:\/\/exaudi.org\/es\/cardenal-arizmendi-pais-respete-vida\/"},"wordCount":1338,"image":{"@id":"https:\/\/exaudi.org\/es\/cardenal-arizmendi-pais-respete-vida\/#primaryimage"},"thumbnailUrl":"https:\/\/exaudi.org\/wp-content\/uploads\/2021\/09\/213c3c2-scaled.jpg","keywords":["Cardenal Felipe Arizmendi Esquivel","Vida"],"articleSection":["\u00daltimas noticias","Voces"],"inLanguage":"es"},{"@type":"WebPage","@id":"https:\/\/exaudi.org\/es\/cardenal-arizmendi-pais-respete-vida\/","url":"https:\/\/exaudi.org\/es\/cardenal-arizmendi-pais-respete-vida\/","name":"Cardenal Arizmendi: Otro pa\u00eds, donde se respete la vida - Exaudi","isPartOf":{"@id":"https:\/\/exaudi.org\/#website"},"primaryImageOfPage":{"@id":"https:\/\/exaudi.org\/es\/cardenal-arizmendi-pais-respete-vida\/#primaryimage"},"image":{"@id":"https:\/\/exaudi.org\/es\/cardenal-arizmendi-pais-respete-vida\/#primaryimage"},"thumbnailUrl":"https:\/\/exaudi.org\/wp-content\/uploads\/2021\/09\/213c3c2-scaled.jpg","datePublished":"2021-09-15T07:19:04+00:00","dateModified":"2021-09-16T09:24:23+00:00","author":{"@id":"https:\/\/exaudi.org\/#\/schema\/person\/c7d223f87e58f1105d044d8da1439102"},"description":"El cardenal Felipe Arizmendi, obispo em\u00e9rito de San Crist\u00f3bal de Las Casas, ofrece su art\u00edculo semanal \u201cOtro pa\u00eds, donde se respete la vida\u201d.","breadcrumb":{"@id":"https:\/\/exaudi.org\/es\/cardenal-arizmendi-pais-respete-vida\/#breadcrumb"},"inLanguage":"es","potentialAction":[{"@type":"ReadAction","target":["https:\/\/exaudi.org\/es\/cardenal-arizmendi-pais-respete-vida\/"]}]},{"@type":"ImageObject","inLanguage":"es","@id":"https:\/\/exaudi.org\/es\/cardenal-arizmendi-pais-respete-vida\/#primaryimage","url":"https:\/\/exaudi.org\/wp-content\/uploads\/2021\/09\/213c3c2-scaled.jpg","contentUrl":"https:\/\/exaudi.org\/wp-content\/uploads\/2021\/09\/213c3c2-scaled.jpg","width":2560,"height":2190,"caption":"Madre con su hijo \u00a9 Cathopic"},{"@type":"BreadcrumbList","@id":"https:\/\/exaudi.org\/es\/cardenal-arizmendi-pais-respete-vida\/#breadcrumb","itemListElement":[{"@type":"ListItem","position":1,"name":"Portada","item":"https:\/\/exaudi.org\/es\/"},{"@type":"ListItem","position":2,"name":"Cardenal Arizmendi: Otro pa\u00eds, donde se respete la vida"}]},{"@type":"WebSite","@id":"https:\/\/exaudi.org\/#website","url":"https:\/\/exaudi.org\/","name":"Exaudi","description":"News","potentialAction":[{"@type":"SearchAction","target":{"@type":"EntryPoint","urlTemplate":"https:\/\/exaudi.org\/?s={search_term_string}"},"query-input":{"@type":"PropertyValueSpecification","valueRequired":true,"valueName":"search_term_string"}}],"inLanguage":"es"},{"@type":"Person","@id":"https:\/\/exaudi.org\/#\/schema\/person\/c7d223f87e58f1105d044d8da1439102","name":"Cardenal Felipe Arizmendi","image":{"@type":"ImageObject","inLanguage":"es","@id":"https:\/\/secure.gravatar.com\/avatar\/4ffc5520d896b86d39346168903de33a17ef0f23d16de0ff45062c1ff422ed2f?s=96&d=mm&r=g","url":"https:\/\/secure.gravatar.com\/avatar\/4ffc5520d896b86d39346168903de33a17ef0f23d16de0ff45062c1ff422ed2f?s=96&d=mm&r=g","contentUrl":"https:\/\/secure.gravatar.com\/avatar\/4ffc5520d896b86d39346168903de33a17ef0f23d16de0ff45062c1ff422ed2f?s=96&d=mm&r=g","caption":"Cardenal Felipe Arizmendi"},"description":"Nacido en Chiltepec el 1 de mayo de 1940. Estudi\u00f3 Humanidades y Filosof\u00eda en el Seminario de Toluca, de 1952 a 1959. Curs\u00f3 la Teolog\u00eda en la Universidad Pontificia de Salamanca, Espa\u00f1a, de 1959 a 1963, obteniendo la licenciatura en Teolog\u00eda Dogm\u00e1tica. Por su cuenta, se especializ\u00f3 en Liturgia. Fue ordenado sacerdote el 25 de agosto de 1963 en Toluca. Sirvi\u00f3 como Vicario Parroquial en tres parroquias por tres a\u00f1os y medio y fue p\u00e1rroco de una comunidad ind\u00edgena otom\u00ed, de 1967 a 1970. Fue Director Espiritual del Seminario de Toluca por diez a\u00f1os, y Rector del mismo de 1981 a 1991. El 7 de marzo de 1991, fue ordenado obispo de la di\u00f3cesis de Tapachula, donde estuvo hasta el 30 de abril del a\u00f1o 2000. El 1 de mayo del 2000, inici\u00f3 su ministerio episcopal como XLVI obispo de la di\u00f3cesis de San Crist\u00f3bal de las Casas, Chiapas, una de las di\u00f3cesis m\u00e1s antiguas de M\u00e9xico, erigida en 1539; all\u00ed sirvi\u00f3 por casi 18 a\u00f1os. Ha ocupado diversos cargos en la Conferencia del Episcopado Mexicano y en el CELAM. El 3 de noviembre de 2017, el Papa Francisco le acept\u00f3, por edad, su renuncia al servicio episcopal en esta di\u00f3cesis, que entreg\u00f3 a su sucesor el 3 de enero de 2018. Desde entonces, reside en la ciudad de Toluca. Desde 1979, escribe art\u00edculos de actualidad en varios medios religiosos y civiles. Es autor de varias publicaciones.","url":"https:\/\/exaudi.org\/es\/author\/felipearizmendi\/"}]}},"jetpack_featured_media_url":"https:\/\/exaudi.org\/wp-content\/uploads\/2021\/09\/213c3c2-scaled.jpg","jetpack_shortlink":"https:\/\/wp.me\/pgKjF2-8Jl","_links":{"self":[{"href":"https:\/\/exaudi.org\/es\/wp-json\/wp\/v2\/posts\/33563","targetHints":{"allow":["GET"]}}],"collection":[{"href":"https:\/\/exaudi.org\/es\/wp-json\/wp\/v2\/posts"}],"about":[{"href":"https:\/\/exaudi.org\/es\/wp-json\/wp\/v2\/types\/post"}],"author":[{"embeddable":true,"href":"https:\/\/exaudi.org\/es\/wp-json\/wp\/v2\/users\/24"}],"replies":[{"embeddable":true,"href":"https:\/\/exaudi.org\/es\/wp-json\/wp\/v2\/comments?post=33563"}],"version-history":[{"count":0,"href":"https:\/\/exaudi.org\/es\/wp-json\/wp\/v2\/posts\/33563\/revisions"}],"wp:featuredmedia":[{"embeddable":true,"href":"https:\/\/exaudi.org\/es\/wp-json\/wp\/v2\/media\/33568"}],"wp:attachment":[{"href":"https:\/\/exaudi.org\/es\/wp-json\/wp\/v2\/media?parent=33563"}],"wp:term":[{"taxonomy":"category","embeddable":true,"href":"https:\/\/exaudi.org\/es\/wp-json\/wp\/v2\/categories?post=33563"},{"taxonomy":"post_tag","embeddable":true,"href":"https:\/\/exaudi.org\/es\/wp-json\/wp\/v2\/tags?post=33563"}],"curies":[{"name":"wp","href":"https:\/\/api.w.org\/{rel}","templated":true}]}}