{"id":33413,"date":"2021-09-14T18:01:06","date_gmt":"2021-09-14T16:01:06","guid":{"rendered":"https:\/\/exaudi.wpengine.com\/?p=33413"},"modified":"2021-09-15T11:27:20","modified_gmt":"2021-09-15T09:27:20","slug":"familia-salesiana-en-lunik-ix-integracion-asistencia-y-evangelizacion","status":"publish","type":"post","link":"https:\/\/exaudi.org\/es\/familia-salesiana-en-lunik-ix-integracion-asistencia-y-evangelizacion\/","title":{"rendered":"Familia Salesiana en Lun\u00edk IX: Integraci\u00f3n, asistencia y evangelizaci\u00f3n"},"content":{"rendered":"<p>El Papa Francisco ha presidido en torno a las 16 (hora local y de Roma) de hoy, 14 de septiembre de 2021, un encuentro con la comunidad gitana en Lun\u00edk IX, uno de los 22 distritos de la ciudad de Ko\u0161ice, en el cual vive la mayor densidad de poblaci\u00f3n roman\u00ed de Eslovaquia, asistida por la Familia Salesiana.<\/p>\n<p><img loading=\"lazy\" decoding=\"async\" class=\"size-medium wp-image-33416 alignleft\" src=\"https:\/\/exaudi.wpengine.com\/wp-content\/uploads\/2021\/09\/rom1-300x200.jpg\" alt=\"rom\" width=\"300\" height=\"200\" srcset=\"https:\/\/exaudi.org\/wp-content\/uploads\/2021\/09\/rom1-300x200.jpg 300w, https:\/\/exaudi.org\/wp-content\/uploads\/2021\/09\/rom1-1024x683.jpg 1024w, https:\/\/exaudi.org\/wp-content\/uploads\/2021\/09\/rom1-768x512.jpg 768w, https:\/\/exaudi.org\/wp-content\/uploads\/2021\/09\/rom1-1536x1024.jpg 1536w, https:\/\/exaudi.org\/wp-content\/uploads\/2021\/09\/rom1-2048x1365.jpg 2048w, https:\/\/exaudi.org\/wp-content\/uploads\/2021\/09\/rom1-150x100.jpg 150w, https:\/\/exaudi.org\/wp-content\/uploads\/2021\/09\/rom1-696x464.jpg 696w, https:\/\/exaudi.org\/wp-content\/uploads\/2021\/09\/rom1-1068x712.jpg 1068w, https:\/\/exaudi.org\/wp-content\/uploads\/2021\/09\/rom1-1920x1280.jpg 1920w, https:\/\/exaudi.org\/wp-content\/uploads\/2021\/09\/rom1-630x420.jpg 630w\" sizes=\"auto, (max-width: 300px) 100vw, 300px\" \/>La construcci\u00f3n del barrio comenz\u00f3 a finales de los a\u00f1os 70 y los primeros inquilinos se instalaron en 1978. Concebida inicialmente como una urbanizaci\u00f3n para miembros del ej\u00e9rcito y las fuerzas de seguridad, entre 1981 y 1989 este espacio acogi\u00f3 a una proporci\u00f3n cada vez mayor de gitanos. El 1 de octubre de 1990, una ley del Consejo Nacional de la Rep\u00fablica Eslovaca estableci\u00f3 Lun\u00edk IX como un distrito urbano separado con su propio gobierno aut\u00f3nomo.<\/p>\n<p>En la actualidad, la zona est\u00e1 habitada por unos 4.300 gitanos, aunque el n\u00famero exacto es dif\u00edcil de establecer. Los problemas de infraestructura son considerables: las casas no tienen gas ni agua corriente, que s\u00f3lo est\u00e1 disponible durante unas horas al d\u00eda, y no hay un sistema de calefacci\u00f3n adecuado. La precaria construcci\u00f3n de muchos edificios ha llevado a su demolici\u00f3n por razones de seguridad.<\/p>\n<h4><strong>Familia Salesiana en el barrio<\/strong><\/h4>\n<p>En este dif\u00edcil contexto, la Familia Salesiana decidi\u00f3 llevar a cabo su misi\u00f3n el 1 de julio de 2008. Al principio, s\u00f3lo hab\u00eda dos sacerdotes en Lun\u00edk IX, pero con los a\u00f1os su presencia se ha duplicado. En particular, ha habido dos acontecimientos pastorales significativos: en noviembre de 2009, los sucesores de Don Bosco organizaron un congreso internacional dedicado al Sistema Preventivo (el m\u00e9todo educativo ideado por san Juan Bosco), integrado en la pastoral de los gitanos. El 30 de noviembre de 2010, monse\u00f1or Bernard Bober, arzobispo Metropolitano de Ko\u0161ice, consagr\u00f3 la Iglesia de Cristo Resucitado.<\/p>\n<p><img loading=\"lazy\" decoding=\"async\" class=\"size-medium wp-image-33447 alignright\" src=\"https:\/\/exaudi.wpengine.com\/wp-content\/uploads\/2021\/09\/cq5dam.web_.800.800-11-3-300x200.jpeg\" alt=\"\" width=\"300\" height=\"200\" srcset=\"https:\/\/exaudi.org\/wp-content\/uploads\/2021\/09\/cq5dam.web_.800.800-11-3-300x200.jpeg 300w, https:\/\/exaudi.org\/wp-content\/uploads\/2021\/09\/cq5dam.web_.800.800-11-3-768x512.jpeg 768w, https:\/\/exaudi.org\/wp-content\/uploads\/2021\/09\/cq5dam.web_.800.800-11-3-150x100.jpeg 150w, https:\/\/exaudi.org\/wp-content\/uploads\/2021\/09\/cq5dam.web_.800.800-11-3-696x464.jpeg 696w, https:\/\/exaudi.org\/wp-content\/uploads\/2021\/09\/cq5dam.web_.800.800-11-3-630x420.jpeg 630w, https:\/\/exaudi.org\/wp-content\/uploads\/2021\/09\/cq5dam.web_.800.800-11-3.jpeg 800w\" sizes=\"auto, (max-width: 300px) 100vw, 300px\" \/>El lugar de culto forma parte del Centro Pastoral Salesiano del distrito, construido gracias al ayuntamiento, que aport\u00f3 el 40% de los costes. Se inaugur\u00f3 en 2012 durante la visita del entonces rector mayor de los Salesianos, el padre Pascual Ch\u00e0vez. Se trata de un proyecto ejemplar de integraci\u00f3n, asistencia y evangelizaci\u00f3n de la comunidad gitana, el centro consta de una casa para los sacerdotes, un gimnasio, un espacio para reuniones de grupo y la Iglesia de Cristo Resucitado.<\/p>\n<h4><strong>Lograr una mayor integraci\u00f3n<\/strong><\/h4>\n<p>El trabajo de los sacerdotes, ayudados por las hermanas Salesianas y numerosos voluntarios, comienza en la calle, donde entran en contacto con los ni\u00f1os y las mujeres del lugar, implicando a los primeros en actividades de oratoria y a las segundas en servicios de lavander\u00eda. Luego pasan a las actividades de grupo y, al cabo de un a\u00f1o aproximadamente, ofrecen a los gitanos la posibilidad de una mayor integraci\u00f3n: para los j\u00f3venes, se centra en la escolarizaci\u00f3n; para sus padres, se establecen contactos con la oficina de empleo para que puedan encontrar trabajo.<\/p>\n<p><img loading=\"lazy\" decoding=\"async\" class=\"size-medium wp-image-33441 alignleft\" src=\"https:\/\/exaudi.wpengine.com\/wp-content\/uploads\/2021\/09\/cq5dam.web_.800.800-10-4-300x200.jpeg\" alt=\"\" width=\"300\" height=\"200\" srcset=\"https:\/\/exaudi.org\/wp-content\/uploads\/2021\/09\/cq5dam.web_.800.800-10-4-300x200.jpeg 300w, https:\/\/exaudi.org\/wp-content\/uploads\/2021\/09\/cq5dam.web_.800.800-10-4-768x512.jpeg 768w, https:\/\/exaudi.org\/wp-content\/uploads\/2021\/09\/cq5dam.web_.800.800-10-4-150x100.jpeg 150w, https:\/\/exaudi.org\/wp-content\/uploads\/2021\/09\/cq5dam.web_.800.800-10-4-696x464.jpeg 696w, https:\/\/exaudi.org\/wp-content\/uploads\/2021\/09\/cq5dam.web_.800.800-10-4-630x420.jpeg 630w, https:\/\/exaudi.org\/wp-content\/uploads\/2021\/09\/cq5dam.web_.800.800-10-4.jpeg 800w\" sizes=\"auto, (max-width: 300px) 100vw, 300px\" \/>El director del centro es el padre Peter Be\u0161enyei, que ha dedicado toda su vida pastoral a los gitanos. Su rica experiencia misionera ha sido recogida en dos vol\u00famenes: <em>El silencio de los gitanos<\/em> y <em>Matemos al racista que llevamos dentro<\/em>.<\/p>\n<p>El encuentro con la comunidad gitana tuvo lugar en la plaza frente al centro salesiano. El Papa fue recibido a la entrada del centro por el director, 3 hermanos Salesianos y 2 ni\u00f1os gitanos. El acto ha comenzado con el breve saludo del padre Peter Be\u0161enyei, secretario del Consejo de la Conferencia Episcopal de Eslovaquia para los gitanos y las minor\u00edas, y director del centro. El sacerdote ha manifestado que la presencia del Obispo de Roma en Lun\u00edk IX \u201ccontribuye a que todos logremos una mayor unidad a pesar de nuestras diferencias y a que alcancemos el camino hacia una convivencia m\u00e1s pac\u00edfica, mediante la estima mutua, la reconciliaci\u00f3n y el perd\u00f3n\u201d.<\/p>\n<p>Asimismo, resalt\u00f3 que actualmente 4 hermanos Salesianos viven en este barrio y otros misioneros en otras localidades de la periferia y que \u201cse han comprometido a llevar a estos hermanos y hermanas nuestros la paz, la amistad y la esperanza de Dios\u201d. Asimismo, como expresi\u00f3n de gratitud, le ha presentado una reproducci\u00f3n de la escultura de Cristo resucitado de su iglesia y las im\u00e1genes de los beatos m\u00e1rtires romanos Emilia y Zefferino.<\/p>\n<h4><strong>J\u00e1n Hero<\/strong><\/h4>\n<p><img loading=\"lazy\" decoding=\"async\" class=\"size-medium wp-image-33444 alignright\" src=\"https:\/\/exaudi.wpengine.com\/wp-content\/uploads\/2021\/09\/cq5dam.web_.800.800-9-3-300x200.jpeg\" alt=\"\" width=\"300\" height=\"200\" srcset=\"https:\/\/exaudi.org\/wp-content\/uploads\/2021\/09\/cq5dam.web_.800.800-9-3-300x200.jpeg 300w, https:\/\/exaudi.org\/wp-content\/uploads\/2021\/09\/cq5dam.web_.800.800-9-3-768x512.jpeg 768w, https:\/\/exaudi.org\/wp-content\/uploads\/2021\/09\/cq5dam.web_.800.800-9-3-150x100.jpeg 150w, https:\/\/exaudi.org\/wp-content\/uploads\/2021\/09\/cq5dam.web_.800.800-9-3-696x464.jpeg 696w, https:\/\/exaudi.org\/wp-content\/uploads\/2021\/09\/cq5dam.web_.800.800-9-3-630x420.jpeg 630w, https:\/\/exaudi.org\/wp-content\/uploads\/2021\/09\/cq5dam.web_.800.800-9-3.jpeg 800w\" sizes=\"auto, (max-width: 300px) 100vw, 300px\" \/>Despu\u00e9s, ha hablado el ingeniero J\u00e1n Hero, de 61 a\u00f1os, procedente de un asentamiento roman\u00ed de Medovarce, en la regi\u00f3n de Krupina, es padre de cinco hijos y su esposa Be\u00e1ta es eslovaca.<\/p>\n<p>J\u00e1n se refiri\u00f3 a que muchos de los gitanos de Eslovaquia y algunos de ese barrio a\u00fan recuerdan v\u00edvidamente el encuentro que mantuvieron con Francisco durante la peregrinaci\u00f3n de la comunidad gitana a Roma hace seis a\u00f1os. En aquella ocasi\u00f3n, Su Santidad les asegur\u00f3 el amor de la Iglesia y les remiti\u00f3 a las palabras de san Pablo VI en su encuentro con los gitanos hace 56 a\u00f1os: \u201cEn la Iglesia no est\u00e1is en la periferia, sino que, en cierto sentido, est\u00e1is en el centro, est\u00e1is en el coraz\u00f3n. Est\u00e1is en el coraz\u00f3n de la Iglesia\u201d.<\/p>\n<p>La visita del Papa hoy, describi\u00f3, es una reiteraci\u00f3n de esa afirmaci\u00f3n, \u201cuna manifestaci\u00f3n de inter\u00e9s y una confirmaci\u00f3n del amor incondicional de Dios por la comunidad gitana de Eslovaquia y por los gitanos de todo el mundo\u201d. \u201cLe damos una cordial bienvenida en medio de nosotros con la expectativa de que sus palabras y oraciones nos traigan la certeza interna de que el camino de la fe ser\u00e1 un punto de partida para nuestras vidas, para nuestras relaciones en nuestras familias y para mejorar el nivel de vida social y comunitario. Creemos que Jesucristo nos ayuda a superar las tensiones en la convivencia con la mayor\u00eda y con otros grupos \u00e9tnicos\u201d, apunt\u00f3.<\/p>\n<p>Al final de sus palabras, J\u00e1n y su mujer entregaron al Pont\u00edfice un ramillete de flores y este, a su vez, les dio un Rosario.<\/p>\n<h4><strong>Nikola y Ren\u00e9<\/strong><\/h4>\n<p><img loading=\"lazy\" decoding=\"async\" class=\"size-medium wp-image-33451 alignleft\" src=\"https:\/\/exaudi.wpengine.com\/wp-content\/uploads\/2021\/09\/cq5dam.web_.800.800-12-3-300x200.jpeg\" alt=\"\" width=\"300\" height=\"200\" srcset=\"https:\/\/exaudi.org\/wp-content\/uploads\/2021\/09\/cq5dam.web_.800.800-12-3-300x200.jpeg 300w, https:\/\/exaudi.org\/wp-content\/uploads\/2021\/09\/cq5dam.web_.800.800-12-3-768x512.jpeg 768w, https:\/\/exaudi.org\/wp-content\/uploads\/2021\/09\/cq5dam.web_.800.800-12-3-150x100.jpeg 150w, https:\/\/exaudi.org\/wp-content\/uploads\/2021\/09\/cq5dam.web_.800.800-12-3-696x464.jpeg 696w, https:\/\/exaudi.org\/wp-content\/uploads\/2021\/09\/cq5dam.web_.800.800-12-3-630x420.jpeg 630w, https:\/\/exaudi.org\/wp-content\/uploads\/2021\/09\/cq5dam.web_.800.800-12-3.jpeg 800w\" sizes=\"auto, (max-width: 300px) 100vw, 300px\" \/>Despu\u00e9s, Nikola (28 a\u00f1os) y Ren\u00e9 Harakal (29 a\u00f1os), matrimonio de etnia gitana criados en el barrio roman\u00ed Lunik IX, compartieron su testimonio. La pareja tiene dos hijos: Filip (3) y Simon (1,5).<\/p>\n<p>Nikola ha contado que los crecieron en ese barrio, \u201cjugamos y fuimos a la escuela aqu\u00ed\u201d, indicando que \u201ccrecer en este barrio es dif\u00edcil\u201d, pero gracias a la Iglesia y a los Salesianos vivieron una adolescencia \u201cde una manera m\u00e1s bella y significativa\u201d. \u201cSe dedicaron a nosotros, confiaron en nosotros, y esto influy\u00f3 en nuestro deseo de obtener una educaci\u00f3n\u201d, aunque a menudo fuera complicado. contracorriente.<\/p>\n<p>Los sacerdotes los prepararon para la Primera Comuni\u00f3n, la Confirmaci\u00f3n y el Matrimonio, bautizaron a sus dos hijos y tambi\u00e9n \u201cnos dirigieron al servicio desinteresado\u201d hacia los dem\u00e1s. Los dos encontraron trabajo y Nikola se gradu\u00f3 en Pedagog\u00eda. Consiguieron salir de ese barrio, viven en otra zona de la ciudad, ofreciendo a sus hijos una vida \u201cm\u00e1s feliz, m\u00e1s digna y m\u00e1s tranquila\u201d. No obstante, la madre de familia record\u00f3 que sus padres, hermanos y amigos siguen viviendo en este barrio y esperan que la visita del Papa \u201ctraiga una nueva esperanza y pasi\u00f3n por la transformaci\u00f3n interna\u201d.<\/p>\n<h4><strong>\u201cLa Iglesia es su casa\u201d<\/strong><\/h4>\n<p><img loading=\"lazy\" decoding=\"async\" class=\"size-medium wp-image-33454 alignright\" src=\"https:\/\/exaudi.wpengine.com\/wp-content\/uploads\/2021\/09\/cq5dam.web_.800.800-13-2-300x200.jpeg\" alt=\"\" width=\"300\" height=\"200\" srcset=\"https:\/\/exaudi.org\/wp-content\/uploads\/2021\/09\/cq5dam.web_.800.800-13-2-300x200.jpeg 300w, https:\/\/exaudi.org\/wp-content\/uploads\/2021\/09\/cq5dam.web_.800.800-13-2-768x512.jpeg 768w, https:\/\/exaudi.org\/wp-content\/uploads\/2021\/09\/cq5dam.web_.800.800-13-2-150x100.jpeg 150w, https:\/\/exaudi.org\/wp-content\/uploads\/2021\/09\/cq5dam.web_.800.800-13-2-696x464.jpeg 696w, https:\/\/exaudi.org\/wp-content\/uploads\/2021\/09\/cq5dam.web_.800.800-13-2-630x420.jpeg 630w, https:\/\/exaudi.org\/wp-content\/uploads\/2021\/09\/cq5dam.web_.800.800-13-2.jpeg 800w\" sizes=\"auto, (max-width: 300px) 100vw, 300px\" \/>A continuaci\u00f3n, el Santo Padre ha pronunciado su <a href=\"https:\/\/exaudi.wpengine.com\/es\/francisco-a-la-comunidad-gitana-donde-se-cuida-a-la-persona-llegan-los-frutos\/\" target=\"_blank\" rel=\"noopener\">saludo<\/a> en el que ha se\u00f1alado las palabras de J\u00e1n que pronunci\u00f3 <a href=\"https:\/\/www.vatican.va\/content\/paul-vi\/it\/homilies\/1965\/documents\/hf_p-vi_hom_19650926_intmeeting-nomads.html\" target=\"_blank\" rel=\"noopener\">san Pablo VI en 1965<\/a>, subrayando que \u201cnadie en la Iglesia debe sentirse fuera de lugar o dejado de lado. No es s\u00f3lo un modo de decir, es el modo de ser de la Iglesia (\u2026). S\u00ed, porque Dios nos desea as\u00ed, cada uno diferente pero todos reunidos en torno a \u00c9l. El Se\u00f1or nos ve <em>juntos\u201d<\/em>.<\/p>\n<p>Dios tambi\u00e9n \u201cnos ve hijos. Tiene mirada de Padre, mirada de predilecci\u00f3n por cada hijo\u201d. Esta \u201ces la Iglesia, una familia de hermanos y hermanas con el mismo Padre, que nos ha dado a Jes\u00fas como hermano, para que comprendamos cu\u00e1nto ama la fraternidad. Y anhela que toda la humanidad llegue a ser una familia universal\u201d.<\/p>\n<p>En este sentido, el Papa ha subrayado c\u00f3mo \u201custedes albergan gran amor y respeto por la familia, y miran a la Iglesia a partir de esta experiencia\u201d, afirmando: \u201cS\u00ed, la Iglesia es casa, es su casa\u201d y, por ello, \u201c\u2014quisiera decirles con el coraz\u00f3n\u2014 ustedes son bienvenidos, si\u00e9ntanse siempre en casa en la Iglesia y nunca tengan miedo de estar aqu\u00ed. \u00a1Que ninguno los deje, a ustedes o a cualquier otra persona, fuera de la Iglesia!\u201d<\/p>\n<p>El acto ha concluido con el rezo del Padre Nuestro y la bendici\u00f3n final del Papa.<\/p>\n","protected":false},"excerpt":{"rendered":"<p>Encuentro con la comunidad gitana en Ko\u0161ice, Bratislava<\/p>\n","protected":false},"author":5,"featured_media":33423,"comment_status":"closed","ping_status":"closed","sticky":false,"template":"","format":"standard","meta":{"_acf_changed":false,"_crdt_document":"","inline_featured_image":false,"footnotes":""},"categories":[298,120,126],"tags":[4151,3127,4152,158],"class_list":["post-33413","post","type-post","status-publish","format-standard","has-post-thumbnail","hentry","category-ultimas-noticias","category-viajes","category-viajes-papales","tag-comunidad-gitana","tag-eslovaquia","tag-kosice","tag-papa-francisco"],"acf":[],"yoast_head":"<!-- This site is optimized with the Yoast SEO plugin v27.4 - https:\/\/yoast.com\/product\/yoast-seo-wordpress\/ -->\n<title>Familia Salesiana en Lun\u00edk IX: Integraci\u00f3n, asistencia y evangelizaci\u00f3n &#8211; Exaudi<\/title>\n<meta name=\"description\" content=\"El Papa Francisco se reuni\u00f3 un con la comunidad gitana en Lun\u00edk IX, en Ko\u0161ice, Eslovaquia, distrito asistido por la Familia Salesiana\" \/>\n<meta name=\"robots\" content=\"index, follow, max-snippet:-1, max-image-preview:large, max-video-preview:-1\" \/>\n<link rel=\"canonical\" href=\"https:\/\/exaudi.org\/es\/familia-salesiana-en-lunik-ix-integracion-asistencia-y-evangelizacion\/\" \/>\n<meta property=\"og:locale\" content=\"es_ES\" \/>\n<meta property=\"og:type\" content=\"article\" \/>\n<meta property=\"og:title\" content=\"Familia Salesiana en Lun\u00edk IX: Integraci\u00f3n, asistencia y evangelizaci\u00f3n &#8211; Exaudi\" \/>\n<meta property=\"og:description\" content=\"El Papa Francisco se reuni\u00f3 un con la comunidad gitana en Lun\u00edk IX, en Ko\u0161ice, Eslovaquia, distrito asistido por la Familia Salesiana\" \/>\n<meta property=\"og:url\" content=\"https:\/\/exaudi.org\/es\/familia-salesiana-en-lunik-ix-integracion-asistencia-y-evangelizacion\/\" \/>\n<meta property=\"og:site_name\" content=\"Exaudi\" \/>\n<meta property=\"article:publisher\" content=\"https:\/\/www.facebook.com\/ExaudiNews\" \/>\n<meta property=\"article:published_time\" content=\"2021-09-14T16:01:06+00:00\" \/>\n<meta property=\"article:modified_time\" content=\"2021-09-15T09:27:20+00:00\" \/>\n<meta property=\"og:image\" content=\"https:\/\/exaudi.org\/wp-content\/uploads\/2021\/09\/rom2-scaled.jpg\" \/>\n\t<meta property=\"og:image:width\" content=\"2560\" \/>\n\t<meta property=\"og:image:height\" content=\"1707\" \/>\n\t<meta property=\"og:image:type\" content=\"image\/jpeg\" \/>\n<meta name=\"author\" content=\"Larissa I. L\u00f3pez\" \/>\n<meta name=\"twitter:card\" content=\"summary_large_image\" \/>\n<meta name=\"twitter:creator\" content=\"@Exaudi_News\" \/>\n<meta name=\"twitter:site\" content=\"@Exaudi_News\" \/>\n<meta name=\"twitter:label1\" content=\"Escrito por\" \/>\n\t<meta name=\"twitter:data1\" content=\"Larissa I. L\u00f3pez\" \/>\n\t<meta name=\"twitter:label2\" content=\"Tiempo de lectura\" \/>\n\t<meta name=\"twitter:data2\" content=\"8 minutos\" \/>\n<script type=\"application\/ld+json\" class=\"yoast-schema-graph\">{\"@context\":\"https:\\\/\\\/schema.org\",\"@graph\":[{\"@type\":\"Article\",\"@id\":\"https:\\\/\\\/exaudi.org\\\/es\\\/familia-salesiana-en-lunik-ix-integracion-asistencia-y-evangelizacion\\\/#article\",\"isPartOf\":{\"@id\":\"https:\\\/\\\/exaudi.org\\\/es\\\/familia-salesiana-en-lunik-ix-integracion-asistencia-y-evangelizacion\\\/\"},\"author\":{\"name\":\"Larissa I. L\u00f3pez\",\"@id\":\"https:\\\/\\\/exaudi.org\\\/#\\\/schema\\\/person\\\/7d2f77db033c2c0929edfab6dbe8c588\"},\"headline\":\"Familia Salesiana en Lun\u00edk IX: Integraci\u00f3n, asistencia y evangelizaci\u00f3n\",\"datePublished\":\"2021-09-14T16:01:06+00:00\",\"dateModified\":\"2021-09-15T09:27:20+00:00\",\"mainEntityOfPage\":{\"@id\":\"https:\\\/\\\/exaudi.org\\\/es\\\/familia-salesiana-en-lunik-ix-integracion-asistencia-y-evangelizacion\\\/\"},\"wordCount\":1490,\"image\":{\"@id\":\"https:\\\/\\\/exaudi.org\\\/es\\\/familia-salesiana-en-lunik-ix-integracion-asistencia-y-evangelizacion\\\/#primaryimage\"},\"thumbnailUrl\":\"https:\\\/\\\/exaudi.org\\\/wp-content\\\/uploads\\\/2021\\\/09\\\/rom2-scaled.jpg\",\"keywords\":[\"Comunidad gitana\",\"Eslovaquia\",\"Ko\u0161ice\",\"papa francisco\"],\"articleSection\":[\"\u00daltimas noticias\",\"Viajes\",\"Viajes Papales\"],\"inLanguage\":\"es\"},{\"@type\":\"WebPage\",\"@id\":\"https:\\\/\\\/exaudi.org\\\/es\\\/familia-salesiana-en-lunik-ix-integracion-asistencia-y-evangelizacion\\\/\",\"url\":\"https:\\\/\\\/exaudi.org\\\/es\\\/familia-salesiana-en-lunik-ix-integracion-asistencia-y-evangelizacion\\\/\",\"name\":\"Familia Salesiana en Lun\u00edk IX: Integraci\u00f3n, asistencia y evangelizaci\u00f3n &#8211; Exaudi\",\"isPartOf\":{\"@id\":\"https:\\\/\\\/exaudi.org\\\/#website\"},\"primaryImageOfPage\":{\"@id\":\"https:\\\/\\\/exaudi.org\\\/es\\\/familia-salesiana-en-lunik-ix-integracion-asistencia-y-evangelizacion\\\/#primaryimage\"},\"image\":{\"@id\":\"https:\\\/\\\/exaudi.org\\\/es\\\/familia-salesiana-en-lunik-ix-integracion-asistencia-y-evangelizacion\\\/#primaryimage\"},\"thumbnailUrl\":\"https:\\\/\\\/exaudi.org\\\/wp-content\\\/uploads\\\/2021\\\/09\\\/rom2-scaled.jpg\",\"datePublished\":\"2021-09-14T16:01:06+00:00\",\"dateModified\":\"2021-09-15T09:27:20+00:00\",\"author\":{\"@id\":\"https:\\\/\\\/exaudi.org\\\/#\\\/schema\\\/person\\\/7d2f77db033c2c0929edfab6dbe8c588\"},\"description\":\"El Papa Francisco se reuni\u00f3 un con la comunidad gitana en Lun\u00edk IX, en Ko\u0161ice, Eslovaquia, distrito asistido por la Familia Salesiana\",\"breadcrumb\":{\"@id\":\"https:\\\/\\\/exaudi.org\\\/es\\\/familia-salesiana-en-lunik-ix-integracion-asistencia-y-evangelizacion\\\/#breadcrumb\"},\"inLanguage\":\"es\",\"potentialAction\":[{\"@type\":\"ReadAction\",\"target\":[\"https:\\\/\\\/exaudi.org\\\/es\\\/familia-salesiana-en-lunik-ix-integracion-asistencia-y-evangelizacion\\\/\"]}]},{\"@type\":\"ImageObject\",\"inLanguage\":\"es\",\"@id\":\"https:\\\/\\\/exaudi.org\\\/es\\\/familia-salesiana-en-lunik-ix-integracion-asistencia-y-evangelizacion\\\/#primaryimage\",\"url\":\"https:\\\/\\\/exaudi.org\\\/wp-content\\\/uploads\\\/2021\\\/09\\\/rom2-scaled.jpg\",\"contentUrl\":\"https:\\\/\\\/exaudi.org\\\/wp-content\\\/uploads\\\/2021\\\/09\\\/rom2-scaled.jpg\",\"width\":2560,\"height\":1707,\"caption\":\"Encuentro con la comunidad gitana en Ko\u0161ice, Eslovaquia, 14 sept. 2021\u00a9 Vatican Media\"},{\"@type\":\"BreadcrumbList\",\"@id\":\"https:\\\/\\\/exaudi.org\\\/es\\\/familia-salesiana-en-lunik-ix-integracion-asistencia-y-evangelizacion\\\/#breadcrumb\",\"itemListElement\":[{\"@type\":\"ListItem\",\"position\":1,\"name\":\"Portada\",\"item\":\"https:\\\/\\\/exaudi.org\\\/es\\\/\"},{\"@type\":\"ListItem\",\"position\":2,\"name\":\"Familia Salesiana en Lun\u00edk IX: Integraci\u00f3n, asistencia y evangelizaci\u00f3n\"}]},{\"@type\":\"WebSite\",\"@id\":\"https:\\\/\\\/exaudi.org\\\/#website\",\"url\":\"https:\\\/\\\/exaudi.org\\\/\",\"name\":\"Exaudi\",\"description\":\"News\",\"potentialAction\":[{\"@type\":\"SearchAction\",\"target\":{\"@type\":\"EntryPoint\",\"urlTemplate\":\"https:\\\/\\\/exaudi.org\\\/?s={search_term_string}\"},\"query-input\":{\"@type\":\"PropertyValueSpecification\",\"valueRequired\":true,\"valueName\":\"search_term_string\"}}],\"inLanguage\":\"es\"},{\"@type\":\"Person\",\"@id\":\"https:\\\/\\\/exaudi.org\\\/#\\\/schema\\\/person\\\/7d2f77db033c2c0929edfab6dbe8c588\",\"name\":\"Larissa I. L\u00f3pez\",\"image\":{\"@type\":\"ImageObject\",\"inLanguage\":\"es\",\"@id\":\"https:\\\/\\\/secure.gravatar.com\\\/avatar\\\/db3ef399ff343d0bb9d25dc5198bc8ece5ac6d621eca79876697a354dabc1e3f?s=96&d=mm&r=g\",\"url\":\"https:\\\/\\\/secure.gravatar.com\\\/avatar\\\/db3ef399ff343d0bb9d25dc5198bc8ece5ac6d621eca79876697a354dabc1e3f?s=96&d=mm&r=g\",\"contentUrl\":\"https:\\\/\\\/secure.gravatar.com\\\/avatar\\\/db3ef399ff343d0bb9d25dc5198bc8ece5ac6d621eca79876697a354dabc1e3f?s=96&d=mm&r=g\",\"caption\":\"Larissa I. L\u00f3pez\"},\"description\":\"Doctora en Comunicaci\u00f3n. Mi trayectoria profesional ha transcurrido entre el \u00e1mbito de la comunicaci\u00f3n y el de la docencia. En los \u00faltimos a\u00f1os, he trabajado como coordinadora y redactora de la edici\u00f3n de ZENIT en espa\u00f1ol. Como profesora, he impartido clases en la universidad y en centros de FP y bachillerato. Cordobesa de nacimiento, tambi\u00e9n he vivido en Sevilla, Madrid y Roma\",\"url\":\"https:\\\/\\\/exaudi.org\\\/es\\\/author\\\/llopezexaudi-org\\\/\"}]}<\/script>\n<!-- \/ Yoast SEO plugin. -->","yoast_head_json":{"title":"Familia Salesiana en Lun\u00edk IX: Integraci\u00f3n, asistencia y evangelizaci\u00f3n &#8211; Exaudi","description":"El Papa Francisco se reuni\u00f3 un con la comunidad gitana en Lun\u00edk IX, en Ko\u0161ice, Eslovaquia, distrito asistido por la Familia Salesiana","robots":{"index":"index","follow":"follow","max-snippet":"max-snippet:-1","max-image-preview":"max-image-preview:large","max-video-preview":"max-video-preview:-1"},"canonical":"https:\/\/exaudi.org\/es\/familia-salesiana-en-lunik-ix-integracion-asistencia-y-evangelizacion\/","og_locale":"es_ES","og_type":"article","og_title":"Familia Salesiana en Lun\u00edk IX: Integraci\u00f3n, asistencia y evangelizaci\u00f3n &#8211; Exaudi","og_description":"El Papa Francisco se reuni\u00f3 un con la comunidad gitana en Lun\u00edk IX, en Ko\u0161ice, Eslovaquia, distrito asistido por la Familia Salesiana","og_url":"https:\/\/exaudi.org\/es\/familia-salesiana-en-lunik-ix-integracion-asistencia-y-evangelizacion\/","og_site_name":"Exaudi","article_publisher":"https:\/\/www.facebook.com\/ExaudiNews","article_published_time":"2021-09-14T16:01:06+00:00","article_modified_time":"2021-09-15T09:27:20+00:00","og_image":[{"width":2560,"height":1707,"url":"https:\/\/exaudi.org\/wp-content\/uploads\/2021\/09\/rom2-scaled.jpg","type":"image\/jpeg"}],"author":"Larissa I. L\u00f3pez","twitter_card":"summary_large_image","twitter_creator":"@Exaudi_News","twitter_site":"@Exaudi_News","twitter_misc":{"Escrito por":"Larissa I. L\u00f3pez","Tiempo de lectura":"8 minutos"},"schema":{"@context":"https:\/\/schema.org","@graph":[{"@type":"Article","@id":"https:\/\/exaudi.org\/es\/familia-salesiana-en-lunik-ix-integracion-asistencia-y-evangelizacion\/#article","isPartOf":{"@id":"https:\/\/exaudi.org\/es\/familia-salesiana-en-lunik-ix-integracion-asistencia-y-evangelizacion\/"},"author":{"name":"Larissa I. L\u00f3pez","@id":"https:\/\/exaudi.org\/#\/schema\/person\/7d2f77db033c2c0929edfab6dbe8c588"},"headline":"Familia Salesiana en Lun\u00edk IX: Integraci\u00f3n, asistencia y evangelizaci\u00f3n","datePublished":"2021-09-14T16:01:06+00:00","dateModified":"2021-09-15T09:27:20+00:00","mainEntityOfPage":{"@id":"https:\/\/exaudi.org\/es\/familia-salesiana-en-lunik-ix-integracion-asistencia-y-evangelizacion\/"},"wordCount":1490,"image":{"@id":"https:\/\/exaudi.org\/es\/familia-salesiana-en-lunik-ix-integracion-asistencia-y-evangelizacion\/#primaryimage"},"thumbnailUrl":"https:\/\/exaudi.org\/wp-content\/uploads\/2021\/09\/rom2-scaled.jpg","keywords":["Comunidad gitana","Eslovaquia","Ko\u0161ice","papa francisco"],"articleSection":["\u00daltimas noticias","Viajes","Viajes Papales"],"inLanguage":"es"},{"@type":"WebPage","@id":"https:\/\/exaudi.org\/es\/familia-salesiana-en-lunik-ix-integracion-asistencia-y-evangelizacion\/","url":"https:\/\/exaudi.org\/es\/familia-salesiana-en-lunik-ix-integracion-asistencia-y-evangelizacion\/","name":"Familia Salesiana en Lun\u00edk IX: Integraci\u00f3n, asistencia y evangelizaci\u00f3n &#8211; Exaudi","isPartOf":{"@id":"https:\/\/exaudi.org\/#website"},"primaryImageOfPage":{"@id":"https:\/\/exaudi.org\/es\/familia-salesiana-en-lunik-ix-integracion-asistencia-y-evangelizacion\/#primaryimage"},"image":{"@id":"https:\/\/exaudi.org\/es\/familia-salesiana-en-lunik-ix-integracion-asistencia-y-evangelizacion\/#primaryimage"},"thumbnailUrl":"https:\/\/exaudi.org\/wp-content\/uploads\/2021\/09\/rom2-scaled.jpg","datePublished":"2021-09-14T16:01:06+00:00","dateModified":"2021-09-15T09:27:20+00:00","author":{"@id":"https:\/\/exaudi.org\/#\/schema\/person\/7d2f77db033c2c0929edfab6dbe8c588"},"description":"El Papa Francisco se reuni\u00f3 un con la comunidad gitana en Lun\u00edk IX, en Ko\u0161ice, Eslovaquia, distrito asistido por la Familia Salesiana","breadcrumb":{"@id":"https:\/\/exaudi.org\/es\/familia-salesiana-en-lunik-ix-integracion-asistencia-y-evangelizacion\/#breadcrumb"},"inLanguage":"es","potentialAction":[{"@type":"ReadAction","target":["https:\/\/exaudi.org\/es\/familia-salesiana-en-lunik-ix-integracion-asistencia-y-evangelizacion\/"]}]},{"@type":"ImageObject","inLanguage":"es","@id":"https:\/\/exaudi.org\/es\/familia-salesiana-en-lunik-ix-integracion-asistencia-y-evangelizacion\/#primaryimage","url":"https:\/\/exaudi.org\/wp-content\/uploads\/2021\/09\/rom2-scaled.jpg","contentUrl":"https:\/\/exaudi.org\/wp-content\/uploads\/2021\/09\/rom2-scaled.jpg","width":2560,"height":1707,"caption":"Encuentro con la comunidad gitana en Ko\u0161ice, Eslovaquia, 14 sept. 2021\u00a9 Vatican Media"},{"@type":"BreadcrumbList","@id":"https:\/\/exaudi.org\/es\/familia-salesiana-en-lunik-ix-integracion-asistencia-y-evangelizacion\/#breadcrumb","itemListElement":[{"@type":"ListItem","position":1,"name":"Portada","item":"https:\/\/exaudi.org\/es\/"},{"@type":"ListItem","position":2,"name":"Familia Salesiana en Lun\u00edk IX: Integraci\u00f3n, asistencia y evangelizaci\u00f3n"}]},{"@type":"WebSite","@id":"https:\/\/exaudi.org\/#website","url":"https:\/\/exaudi.org\/","name":"Exaudi","description":"News","potentialAction":[{"@type":"SearchAction","target":{"@type":"EntryPoint","urlTemplate":"https:\/\/exaudi.org\/?s={search_term_string}"},"query-input":{"@type":"PropertyValueSpecification","valueRequired":true,"valueName":"search_term_string"}}],"inLanguage":"es"},{"@type":"Person","@id":"https:\/\/exaudi.org\/#\/schema\/person\/7d2f77db033c2c0929edfab6dbe8c588","name":"Larissa I. L\u00f3pez","image":{"@type":"ImageObject","inLanguage":"es","@id":"https:\/\/secure.gravatar.com\/avatar\/db3ef399ff343d0bb9d25dc5198bc8ece5ac6d621eca79876697a354dabc1e3f?s=96&d=mm&r=g","url":"https:\/\/secure.gravatar.com\/avatar\/db3ef399ff343d0bb9d25dc5198bc8ece5ac6d621eca79876697a354dabc1e3f?s=96&d=mm&r=g","contentUrl":"https:\/\/secure.gravatar.com\/avatar\/db3ef399ff343d0bb9d25dc5198bc8ece5ac6d621eca79876697a354dabc1e3f?s=96&d=mm&r=g","caption":"Larissa I. L\u00f3pez"},"description":"Doctora en Comunicaci\u00f3n. Mi trayectoria profesional ha transcurrido entre el \u00e1mbito de la comunicaci\u00f3n y el de la docencia. En los \u00faltimos a\u00f1os, he trabajado como coordinadora y redactora de la edici\u00f3n de ZENIT en espa\u00f1ol. Como profesora, he impartido clases en la universidad y en centros de FP y bachillerato. Cordobesa de nacimiento, tambi\u00e9n he vivido en Sevilla, Madrid y Roma","url":"https:\/\/exaudi.org\/es\/author\/llopezexaudi-org\/"}]}},"jetpack_featured_media_url":"https:\/\/exaudi.org\/wp-content\/uploads\/2021\/09\/rom2-scaled.jpg","jetpack_shortlink":"https:\/\/wp.me\/pgKjF2-8GV","_links":{"self":[{"href":"https:\/\/exaudi.org\/es\/wp-json\/wp\/v2\/posts\/33413","targetHints":{"allow":["GET"]}}],"collection":[{"href":"https:\/\/exaudi.org\/es\/wp-json\/wp\/v2\/posts"}],"about":[{"href":"https:\/\/exaudi.org\/es\/wp-json\/wp\/v2\/types\/post"}],"author":[{"embeddable":true,"href":"https:\/\/exaudi.org\/es\/wp-json\/wp\/v2\/users\/5"}],"replies":[{"embeddable":true,"href":"https:\/\/exaudi.org\/es\/wp-json\/wp\/v2\/comments?post=33413"}],"version-history":[{"count":0,"href":"https:\/\/exaudi.org\/es\/wp-json\/wp\/v2\/posts\/33413\/revisions"}],"wp:featuredmedia":[{"embeddable":true,"href":"https:\/\/exaudi.org\/es\/wp-json\/wp\/v2\/media\/33423"}],"wp:attachment":[{"href":"https:\/\/exaudi.org\/es\/wp-json\/wp\/v2\/media?parent=33413"}],"wp:term":[{"taxonomy":"category","embeddable":true,"href":"https:\/\/exaudi.org\/es\/wp-json\/wp\/v2\/categories?post=33413"},{"taxonomy":"post_tag","embeddable":true,"href":"https:\/\/exaudi.org\/es\/wp-json\/wp\/v2\/tags?post=33413"}],"curies":[{"name":"wp","href":"https:\/\/api.w.org\/{rel}","templated":true}]}}