{"id":33390,"date":"2021-09-14T16:09:48","date_gmt":"2021-09-14T14:09:48","guid":{"rendered":"https:\/\/exaudi.wpengine.com\/?p=33390"},"modified":"2021-09-14T16:13:15","modified_gmt":"2021-09-14T14:13:15","slug":"turquia-nuevo-vicario-apostolico-de-estambul","status":"publish","type":"post","link":"https:\/\/exaudi.org\/es\/turquia-nuevo-vicario-apostolico-de-estambul\/","title":{"rendered":"Turqu\u00eda: Nuevo administrador apost\u00f3lico para fieles de rito bizantino"},"content":{"rendered":"<p>El\u00a0<a href=\"https:\/\/exaudi.wpengine.com\/es\/papa-contemplar-cruz-dar-testimonio\/\" target=\"_blank\" rel=\"noopener\">Papa Francisco<\/a> ha nombrado vicario apost\u00f3lico de Estambul y administrador apost\u00f3lico del exarcado para los fieles de rito bizantino residentes en Turqu\u00eda al reverendo Massimiliano Palinuro, sacerdote <em>fidei donum<\/em> de la di\u00f3cesis de Ariano Irpino-Lacedonia, hasta ahora p\u00e1rroco en Trabzon. As\u00ed ha informado hoy, martes 14 de septiembre de 2021, la <a href=\"https:\/\/www.vatican.va\/news_services\/press\/index_sp.htm\" target=\"_blank\" rel=\"noopener\">Oficina de Prensa de la Santa Sede.<\/a><\/p>\n<h4><strong>Reverendo Massimiliano Palinuro<\/strong><\/h4>\n<p>Naci\u00f3 en Ariano Irpino el 10 de junio de 1974. En 1993 ingres\u00f3 en el Seminario Arzobispal Cardenal <i>Alessio Ascalesi\u00a0<\/i>en N\u00e1poles y en 1998 fue ordenado di\u00e1cono y enviado a Roma al Pontificio Instituto B\u00edblico, donde obtuvo la Licenciatura en Sagrada Escritura. Fue ordenado sacerdote el 24 de abril de 1999 para la di\u00f3cesis de Ariano Irpino-Lacedonia y nombrado vicario parroquial del Santuario de Nuestra Se\u00f1ora de F\u00e1tima en Ariano.<\/p>\n<p>Desde el a\u00f1o 2000 es p\u00e1rroco de<i>\u00a0SS. Annunziata<\/i> en San Nicola Baronia. Tras obtener el doctorado en Teolog\u00eda B\u00edblica en la\u00a0Pontificia Facultad de Teolog\u00eda del Sur de Italia, es profesor de Nuevo Testamento y responsable de Filolog\u00eda Griega del Nuevo Testamento en la misma universidad desde 2004.<\/p>\n<p>Ha sido sacerdote <i>fidei dounum<\/i> en Turqu\u00eda durante nueve a\u00f1os, primero en la archidi\u00f3cesis metropolitana de Izmir y m\u00e1s recientemente en el vicariato apost\u00f3lico de Anatolia como p\u00e1rroco en Trabzon. Adem\u00e1s de italiano, habla turco e ingl\u00e9s.<\/p>\n<h4><strong>Fallecimiento del anterior vicario apost\u00f3lico<\/strong><\/h4>\n<p>Monse\u00f1or Rub\u00e9n Tierrablanca Gonz\u00e1lez, vicario apost\u00f3lico de Estambul hasta su muerte, falleci\u00f3 en la noche del martes 22 de diciembre de 2020 por efectos de la COVID-19, seg\u00fan inform\u00f3 la Agencia\u00a0<em>Fides <\/em>en una nota. Seg\u00fan se inform\u00f3 en su momento, se encontraba en estado grave y cuidados intensivos en el Hospital Universitario de Koc, Estambul.<\/p>\n<p>Su funeral se celebr\u00f3 el martes 29 del mismo mes en la Catedral Cat\u00f3lica dedicada al Esp\u00edritu Santo, en el distrito de Harbiye. La liturgia f\u00fanebre del vicario apost\u00f3lico para los cat\u00f3licos de rito latino se celebr\u00f3 de acuerdo con las reglas establecidas debido a la pandemia. El cuerpo del obispo repos\u00f3 en el cementerio cat\u00f3lico latino de Ferik\u00f6y.<\/p>\n","protected":false},"excerpt":{"rendered":"<p>Y vicario apost\u00f3lico de Estambul<\/p>\n","protected":false},"author":6,"featured_media":33391,"comment_status":"closed","ping_status":"closed","sticky":false,"template":"","format":"standard","meta":{"_acf_changed":false,"_crdt_document":"","inline_featured_image":false,"footnotes":""},"categories":[86,298],"tags":[292,158,4150,4149],"class_list":["post-33390","post","type-post","status-publish","format-standard","has-post-thumbnail","hentry","category-iglesia-local","category-ultimas-noticias","tag-nombramiento","tag-papa-francisco","tag-turquia","tag-vicariato-apostolico-de-estambul"],"acf":[],"yoast_head":"<!-- This site is optimized with the Yoast SEO plugin v27.4 - https:\/\/yoast.com\/product\/yoast-seo-wordpress\/ -->\n<title>Turqu\u00eda: Nuevo administrador apost\u00f3lico para fieles de rito bizantino<\/title>\n<meta name=\"description\" content=\"El\u00a0Papa Francisco ha nombrado administrador apost\u00f3lico del exarcado para los fieles de rito bizantino residentes en Turqu\u00eda.\" \/>\n<meta name=\"robots\" content=\"index, follow, max-snippet:-1, max-image-preview:large, max-video-preview:-1\" \/>\n<link rel=\"canonical\" href=\"https:\/\/exaudi.org\/es\/turquia-nuevo-vicario-apostolico-de-estambul\/\" \/>\n<meta property=\"og:locale\" content=\"es_ES\" \/>\n<meta property=\"og:type\" content=\"article\" \/>\n<meta property=\"og:title\" content=\"Turqu\u00eda: Nuevo administrador apost\u00f3lico para fieles de rito bizantino\" \/>\n<meta property=\"og:description\" content=\"El\u00a0Papa Francisco ha nombrado administrador apost\u00f3lico del exarcado para los fieles de rito bizantino residentes en Turqu\u00eda.\" \/>\n<meta property=\"og:url\" content=\"https:\/\/exaudi.org\/es\/turquia-nuevo-vicario-apostolico-de-estambul\/\" \/>\n<meta property=\"og:site_name\" content=\"Exaudi\" \/>\n<meta property=\"article:publisher\" content=\"https:\/\/www.facebook.com\/ExaudiNews\" \/>\n<meta property=\"article:published_time\" content=\"2021-09-14T14:09:48+00:00\" \/>\n<meta property=\"article:modified_time\" content=\"2021-09-14T14:13:15+00:00\" \/>\n<meta property=\"og:image\" content=\"https:\/\/exaudi.org\/wp-content\/uploads\/2021\/09\/3c2432c432c3-scaled.jpg\" \/>\n\t<meta property=\"og:image:width\" content=\"2560\" \/>\n\t<meta property=\"og:image:height\" content=\"1438\" \/>\n\t<meta property=\"og:image:type\" content=\"image\/jpeg\" \/>\n<meta name=\"author\" content=\"Gabriel Sales\" \/>\n<meta name=\"twitter:card\" content=\"summary_large_image\" \/>\n<meta name=\"twitter:creator\" content=\"@habemusman\" \/>\n<meta name=\"twitter:site\" content=\"@Exaudi_News\" \/>\n<meta name=\"twitter:label1\" content=\"Escrito por\" \/>\n\t<meta name=\"twitter:data1\" content=\"Gabriel Sales\" \/>\n\t<meta name=\"twitter:label2\" content=\"Tiempo de lectura\" \/>\n\t<meta name=\"twitter:data2\" content=\"2 minutos\" \/>\n<script type=\"application\/ld+json\" class=\"yoast-schema-graph\">{\"@context\":\"https:\\\/\\\/schema.org\",\"@graph\":[{\"@type\":\"Article\",\"@id\":\"https:\\\/\\\/exaudi.org\\\/es\\\/turquia-nuevo-vicario-apostolico-de-estambul\\\/#article\",\"isPartOf\":{\"@id\":\"https:\\\/\\\/exaudi.org\\\/es\\\/turquia-nuevo-vicario-apostolico-de-estambul\\\/\"},\"author\":{\"name\":\"Gabriel Sales\",\"@id\":\"https:\\\/\\\/exaudi.org\\\/#\\\/schema\\\/person\\\/d134b96438278131ce90c90c03fda6cd\"},\"headline\":\"Turqu\u00eda: Nuevo administrador apost\u00f3lico para fieles de rito bizantino\",\"datePublished\":\"2021-09-14T14:09:48+00:00\",\"dateModified\":\"2021-09-14T14:13:15+00:00\",\"mainEntityOfPage\":{\"@id\":\"https:\\\/\\\/exaudi.org\\\/es\\\/turquia-nuevo-vicario-apostolico-de-estambul\\\/\"},\"wordCount\":376,\"image\":{\"@id\":\"https:\\\/\\\/exaudi.org\\\/es\\\/turquia-nuevo-vicario-apostolico-de-estambul\\\/#primaryimage\"},\"thumbnailUrl\":\"https:\\\/\\\/exaudi.org\\\/wp-content\\\/uploads\\\/2021\\\/09\\\/3c2432c432c3-scaled.jpg\",\"keywords\":[\"Nombramiento\",\"papa francisco\",\"Turqu\u00eda\",\"Vicariato apost\u00f3lico de Estambul\"],\"articleSection\":[\"Iglesia Local\",\"\u00daltimas noticias\"],\"inLanguage\":\"es\"},{\"@type\":\"WebPage\",\"@id\":\"https:\\\/\\\/exaudi.org\\\/es\\\/turquia-nuevo-vicario-apostolico-de-estambul\\\/\",\"url\":\"https:\\\/\\\/exaudi.org\\\/es\\\/turquia-nuevo-vicario-apostolico-de-estambul\\\/\",\"name\":\"Turqu\u00eda: Nuevo administrador apost\u00f3lico para fieles de rito bizantino\",\"isPartOf\":{\"@id\":\"https:\\\/\\\/exaudi.org\\\/#website\"},\"primaryImageOfPage\":{\"@id\":\"https:\\\/\\\/exaudi.org\\\/es\\\/turquia-nuevo-vicario-apostolico-de-estambul\\\/#primaryimage\"},\"image\":{\"@id\":\"https:\\\/\\\/exaudi.org\\\/es\\\/turquia-nuevo-vicario-apostolico-de-estambul\\\/#primaryimage\"},\"thumbnailUrl\":\"https:\\\/\\\/exaudi.org\\\/wp-content\\\/uploads\\\/2021\\\/09\\\/3c2432c432c3-scaled.jpg\",\"datePublished\":\"2021-09-14T14:09:48+00:00\",\"dateModified\":\"2021-09-14T14:13:15+00:00\",\"author\":{\"@id\":\"https:\\\/\\\/exaudi.org\\\/#\\\/schema\\\/person\\\/d134b96438278131ce90c90c03fda6cd\"},\"description\":\"El\u00a0Papa Francisco ha nombrado administrador apost\u00f3lico del exarcado para los fieles de rito bizantino residentes en Turqu\u00eda.\",\"breadcrumb\":{\"@id\":\"https:\\\/\\\/exaudi.org\\\/es\\\/turquia-nuevo-vicario-apostolico-de-estambul\\\/#breadcrumb\"},\"inLanguage\":\"es\",\"potentialAction\":[{\"@type\":\"ReadAction\",\"target\":[\"https:\\\/\\\/exaudi.org\\\/es\\\/turquia-nuevo-vicario-apostolico-de-estambul\\\/\"]}]},{\"@type\":\"ImageObject\",\"inLanguage\":\"es\",\"@id\":\"https:\\\/\\\/exaudi.org\\\/es\\\/turquia-nuevo-vicario-apostolico-de-estambul\\\/#primaryimage\",\"url\":\"https:\\\/\\\/exaudi.org\\\/wp-content\\\/uploads\\\/2021\\\/09\\\/3c2432c432c3-scaled.jpg\",\"contentUrl\":\"https:\\\/\\\/exaudi.org\\\/wp-content\\\/uploads\\\/2021\\\/09\\\/3c2432c432c3-scaled.jpg\",\"width\":2560,\"height\":1438,\"caption\":\"Santa Sof\u00eda de Estambul \u00a9 Pxhere\"},{\"@type\":\"BreadcrumbList\",\"@id\":\"https:\\\/\\\/exaudi.org\\\/es\\\/turquia-nuevo-vicario-apostolico-de-estambul\\\/#breadcrumb\",\"itemListElement\":[{\"@type\":\"ListItem\",\"position\":1,\"name\":\"Portada\",\"item\":\"https:\\\/\\\/exaudi.org\\\/es\\\/\"},{\"@type\":\"ListItem\",\"position\":2,\"name\":\"Turqu\u00eda: Nuevo administrador apost\u00f3lico para fieles de rito bizantino\"}]},{\"@type\":\"WebSite\",\"@id\":\"https:\\\/\\\/exaudi.org\\\/#website\",\"url\":\"https:\\\/\\\/exaudi.org\\\/\",\"name\":\"Exaudi\",\"description\":\"News\",\"potentialAction\":[{\"@type\":\"SearchAction\",\"target\":{\"@type\":\"EntryPoint\",\"urlTemplate\":\"https:\\\/\\\/exaudi.org\\\/?s={search_term_string}\"},\"query-input\":{\"@type\":\"PropertyValueSpecification\",\"valueRequired\":true,\"valueName\":\"search_term_string\"}}],\"inLanguage\":\"es\"},{\"@type\":\"Person\",\"@id\":\"https:\\\/\\\/exaudi.org\\\/#\\\/schema\\\/person\\\/d134b96438278131ce90c90c03fda6cd\",\"name\":\"Gabriel Sales\",\"image\":{\"@type\":\"ImageObject\",\"inLanguage\":\"es\",\"@id\":\"https:\\\/\\\/secure.gravatar.com\\\/avatar\\\/9b1269566f6a063ed26ffb3532b66a373cdde231ce5d0effb266167437fdaffd?s=96&d=mm&r=g\",\"url\":\"https:\\\/\\\/secure.gravatar.com\\\/avatar\\\/9b1269566f6a063ed26ffb3532b66a373cdde231ce5d0effb266167437fdaffd?s=96&d=mm&r=g\",\"contentUrl\":\"https:\\\/\\\/secure.gravatar.com\\\/avatar\\\/9b1269566f6a063ed26ffb3532b66a373cdde231ce5d0effb266167437fdaffd?s=96&d=mm&r=g\",\"caption\":\"Gabriel Sales\"},\"description\":\"Periodista y especialista en Comunicaci\u00f3n y Branding digital. Cin\u00e9filo y cr\u00edtico de cine y series de televisi\u00f3n.\",\"sameAs\":[\"https:\\\/\\\/www.instagram.com\\\/cine90segundos\\\/\",\"www.linkedin.com\\\/in\\\/habemusman\",\"https:\\\/\\\/x.com\\\/habemusman\",\"https:\\\/\\\/www.youtube.com\\\/channel\\\/UCVfCiOMkJ_C7T7OpyjuaLDg\"],\"url\":\"https:\\\/\\\/exaudi.org\\\/es\\\/author\\\/gsalesexaudi-org\\\/\"}]}<\/script>\n<!-- \/ Yoast SEO plugin. -->","yoast_head_json":{"title":"Turqu\u00eda: Nuevo administrador apost\u00f3lico para fieles de rito bizantino","description":"El\u00a0Papa Francisco ha nombrado administrador apost\u00f3lico del exarcado para los fieles de rito bizantino residentes en Turqu\u00eda.","robots":{"index":"index","follow":"follow","max-snippet":"max-snippet:-1","max-image-preview":"max-image-preview:large","max-video-preview":"max-video-preview:-1"},"canonical":"https:\/\/exaudi.org\/es\/turquia-nuevo-vicario-apostolico-de-estambul\/","og_locale":"es_ES","og_type":"article","og_title":"Turqu\u00eda: Nuevo administrador apost\u00f3lico para fieles de rito bizantino","og_description":"El\u00a0Papa Francisco ha nombrado administrador apost\u00f3lico del exarcado para los fieles de rito bizantino residentes en Turqu\u00eda.","og_url":"https:\/\/exaudi.org\/es\/turquia-nuevo-vicario-apostolico-de-estambul\/","og_site_name":"Exaudi","article_publisher":"https:\/\/www.facebook.com\/ExaudiNews","article_published_time":"2021-09-14T14:09:48+00:00","article_modified_time":"2021-09-14T14:13:15+00:00","og_image":[{"width":2560,"height":1438,"url":"https:\/\/exaudi.org\/wp-content\/uploads\/2021\/09\/3c2432c432c3-scaled.jpg","type":"image\/jpeg"}],"author":"Gabriel Sales","twitter_card":"summary_large_image","twitter_creator":"@habemusman","twitter_site":"@Exaudi_News","twitter_misc":{"Escrito por":"Gabriel Sales","Tiempo de lectura":"2 minutos"},"schema":{"@context":"https:\/\/schema.org","@graph":[{"@type":"Article","@id":"https:\/\/exaudi.org\/es\/turquia-nuevo-vicario-apostolico-de-estambul\/#article","isPartOf":{"@id":"https:\/\/exaudi.org\/es\/turquia-nuevo-vicario-apostolico-de-estambul\/"},"author":{"name":"Gabriel Sales","@id":"https:\/\/exaudi.org\/#\/schema\/person\/d134b96438278131ce90c90c03fda6cd"},"headline":"Turqu\u00eda: Nuevo administrador apost\u00f3lico para fieles de rito bizantino","datePublished":"2021-09-14T14:09:48+00:00","dateModified":"2021-09-14T14:13:15+00:00","mainEntityOfPage":{"@id":"https:\/\/exaudi.org\/es\/turquia-nuevo-vicario-apostolico-de-estambul\/"},"wordCount":376,"image":{"@id":"https:\/\/exaudi.org\/es\/turquia-nuevo-vicario-apostolico-de-estambul\/#primaryimage"},"thumbnailUrl":"https:\/\/exaudi.org\/wp-content\/uploads\/2021\/09\/3c2432c432c3-scaled.jpg","keywords":["Nombramiento","papa francisco","Turqu\u00eda","Vicariato apost\u00f3lico de Estambul"],"articleSection":["Iglesia Local","\u00daltimas noticias"],"inLanguage":"es"},{"@type":"WebPage","@id":"https:\/\/exaudi.org\/es\/turquia-nuevo-vicario-apostolico-de-estambul\/","url":"https:\/\/exaudi.org\/es\/turquia-nuevo-vicario-apostolico-de-estambul\/","name":"Turqu\u00eda: Nuevo administrador apost\u00f3lico para fieles de rito bizantino","isPartOf":{"@id":"https:\/\/exaudi.org\/#website"},"primaryImageOfPage":{"@id":"https:\/\/exaudi.org\/es\/turquia-nuevo-vicario-apostolico-de-estambul\/#primaryimage"},"image":{"@id":"https:\/\/exaudi.org\/es\/turquia-nuevo-vicario-apostolico-de-estambul\/#primaryimage"},"thumbnailUrl":"https:\/\/exaudi.org\/wp-content\/uploads\/2021\/09\/3c2432c432c3-scaled.jpg","datePublished":"2021-09-14T14:09:48+00:00","dateModified":"2021-09-14T14:13:15+00:00","author":{"@id":"https:\/\/exaudi.org\/#\/schema\/person\/d134b96438278131ce90c90c03fda6cd"},"description":"El\u00a0Papa Francisco ha nombrado administrador apost\u00f3lico del exarcado para los fieles de rito bizantino residentes en Turqu\u00eda.","breadcrumb":{"@id":"https:\/\/exaudi.org\/es\/turquia-nuevo-vicario-apostolico-de-estambul\/#breadcrumb"},"inLanguage":"es","potentialAction":[{"@type":"ReadAction","target":["https:\/\/exaudi.org\/es\/turquia-nuevo-vicario-apostolico-de-estambul\/"]}]},{"@type":"ImageObject","inLanguage":"es","@id":"https:\/\/exaudi.org\/es\/turquia-nuevo-vicario-apostolico-de-estambul\/#primaryimage","url":"https:\/\/exaudi.org\/wp-content\/uploads\/2021\/09\/3c2432c432c3-scaled.jpg","contentUrl":"https:\/\/exaudi.org\/wp-content\/uploads\/2021\/09\/3c2432c432c3-scaled.jpg","width":2560,"height":1438,"caption":"Santa Sof\u00eda de Estambul \u00a9 Pxhere"},{"@type":"BreadcrumbList","@id":"https:\/\/exaudi.org\/es\/turquia-nuevo-vicario-apostolico-de-estambul\/#breadcrumb","itemListElement":[{"@type":"ListItem","position":1,"name":"Portada","item":"https:\/\/exaudi.org\/es\/"},{"@type":"ListItem","position":2,"name":"Turqu\u00eda: Nuevo administrador apost\u00f3lico para fieles de rito bizantino"}]},{"@type":"WebSite","@id":"https:\/\/exaudi.org\/#website","url":"https:\/\/exaudi.org\/","name":"Exaudi","description":"News","potentialAction":[{"@type":"SearchAction","target":{"@type":"EntryPoint","urlTemplate":"https:\/\/exaudi.org\/?s={search_term_string}"},"query-input":{"@type":"PropertyValueSpecification","valueRequired":true,"valueName":"search_term_string"}}],"inLanguage":"es"},{"@type":"Person","@id":"https:\/\/exaudi.org\/#\/schema\/person\/d134b96438278131ce90c90c03fda6cd","name":"Gabriel Sales","image":{"@type":"ImageObject","inLanguage":"es","@id":"https:\/\/secure.gravatar.com\/avatar\/9b1269566f6a063ed26ffb3532b66a373cdde231ce5d0effb266167437fdaffd?s=96&d=mm&r=g","url":"https:\/\/secure.gravatar.com\/avatar\/9b1269566f6a063ed26ffb3532b66a373cdde231ce5d0effb266167437fdaffd?s=96&d=mm&r=g","contentUrl":"https:\/\/secure.gravatar.com\/avatar\/9b1269566f6a063ed26ffb3532b66a373cdde231ce5d0effb266167437fdaffd?s=96&d=mm&r=g","caption":"Gabriel Sales"},"description":"Periodista y especialista en Comunicaci\u00f3n y Branding digital. Cin\u00e9filo y cr\u00edtico de cine y series de televisi\u00f3n.","sameAs":["https:\/\/www.instagram.com\/cine90segundos\/","www.linkedin.com\/in\/habemusman","https:\/\/x.com\/habemusman","https:\/\/www.youtube.com\/channel\/UCVfCiOMkJ_C7T7OpyjuaLDg"],"url":"https:\/\/exaudi.org\/es\/author\/gsalesexaudi-org\/"}]}},"jetpack_featured_media_url":"https:\/\/exaudi.org\/wp-content\/uploads\/2021\/09\/3c2432c432c3-scaled.jpg","jetpack_shortlink":"https:\/\/wp.me\/pgKjF2-8Gy","_links":{"self":[{"href":"https:\/\/exaudi.org\/es\/wp-json\/wp\/v2\/posts\/33390","targetHints":{"allow":["GET"]}}],"collection":[{"href":"https:\/\/exaudi.org\/es\/wp-json\/wp\/v2\/posts"}],"about":[{"href":"https:\/\/exaudi.org\/es\/wp-json\/wp\/v2\/types\/post"}],"author":[{"embeddable":true,"href":"https:\/\/exaudi.org\/es\/wp-json\/wp\/v2\/users\/6"}],"replies":[{"embeddable":true,"href":"https:\/\/exaudi.org\/es\/wp-json\/wp\/v2\/comments?post=33390"}],"version-history":[{"count":0,"href":"https:\/\/exaudi.org\/es\/wp-json\/wp\/v2\/posts\/33390\/revisions"}],"wp:featuredmedia":[{"embeddable":true,"href":"https:\/\/exaudi.org\/es\/wp-json\/wp\/v2\/media\/33391"}],"wp:attachment":[{"href":"https:\/\/exaudi.org\/es\/wp-json\/wp\/v2\/media?parent=33390"}],"wp:term":[{"taxonomy":"category","embeddable":true,"href":"https:\/\/exaudi.org\/es\/wp-json\/wp\/v2\/categories?post=33390"},{"taxonomy":"post_tag","embeddable":true,"href":"https:\/\/exaudi.org\/es\/wp-json\/wp\/v2\/tags?post=33390"}],"curies":[{"name":"wp","href":"https:\/\/api.w.org\/{rel}","templated":true}]}}