{"id":33313,"date":"2021-09-14T11:59:54","date_gmt":"2021-09-14T09:59:54","guid":{"rendered":"https:\/\/exaudi.wpengine.com\/?p=33313"},"modified":"2021-09-14T18:29:10","modified_gmt":"2021-09-14T16:29:10","slug":"costa-rica-carta-obispos-200-anos-independencia","status":"publish","type":"post","link":"https:\/\/exaudi.org\/es\/costa-rica-carta-obispos-200-anos-independencia\/","title":{"rendered":"Costa Rica: Carta por 200 a\u00f1os de la Independencia"},"content":{"rendered":"<p>Los obispos de la <a href=\"https:\/\/www.facebook.com\/Comunicaci%C3%B3n-Conferencia-Episcopal-de-Costa-Rica-341869476147600\/\" target=\"_blank\" rel=\"noopener\">Conferencia Episcopal de Costa Rica<\/a> han enviado una \u201cCarta al Pueblo de Dios que peregrina en nuestra naci\u00f3n y a todas las personas de buena voluntad\u201d, con motivo de la celebraci\u00f3n de los 200 a\u00f1os de la independencia del pa\u00eds. En la misma, los prelados se\u00f1alan que \u201cson herencia cat\u00f3lica la defensa de la libertad y de los derechos de los ind\u00edgenas y de los afrodescendientes, la abolici\u00f3n de la pena de muerte, el valor de la vida, el rechazo al <a href=\"https:\/\/exaudi.wpengine.com\/es\/espana-inconstitucionalidad-de-la-ley-del-aborto\/\" target=\"_blank\" rel=\"noopener\">aborto<\/a> y a la eutanasia\u201d.<\/p>\n<p>En el escrito episcopal, los pastores costarricenses realizan un an\u00e1lisis de la actualidad nacional a la luz del bicentenario de la Independencia del pa\u00eds, que tendr\u00e1 lugar el pr\u00f3ximo 15 de septiembre de 2021, fiesta que, aseguran, les permite \u201c, con humildad y con gratitud a Dios, redescubrir las luces que se han manifestado con claridad a la largo de nuestra historia\u201d, as\u00ed como \u201creconocer las sombras que las han acompa\u00f1ado, tambi\u00e9n en la tarea de la Iglesia, por lo que hacemos nuestro humilde reconocimiento\u201d.<\/p>\n<h4><strong>La Virgen, signo de fraternidad<\/strong><\/h4>\n<p>El Episcopado resalta tambi\u00e9n el papel clave de la devoci\u00f3n a <a href=\"https:\/\/exaudi.wpengine.com\/es\/costa-rica-saludo-papa-entronizacion-virgen-angeles\/\" target=\"_blank\" rel=\"noopener\">Nuestra Se\u00f1ora de los \u00c1ngeles<\/a>, desde su descubrimiento en 1635, siendo \u201creferente del ser nacional y punto de confluencia de todos los costarricenses\u201d, poblaci\u00f3n que cuenta con afrodescendientes, mulatos, ind\u00edgenas, mestizos, ladinos, espa\u00f1oles, ricos y pobres.<\/p>\n<p>Ellos, contin\u00faa, han podido \u201cver en ella a quien les protege y su culto ha sido determinante en nuestra configuraci\u00f3n fraterna e igualitaria, sin injustas distinciones raciales o sociales de nuestra sociedad\u201d.<\/p>\n<h4><strong>Di\u00e1logo, paz y concordia<\/strong><\/h4>\n<p>Del mismo modo, los obispos de Costa Rica relatan que el pa\u00eds \u201ccomparti\u00f3 con las dem\u00e1s naciones centroamericanas su experiencia de di\u00e1logo, paz y concordia, cuando en los a\u00f1os ochenta del siglo pasado llev\u00f3 el liderazgo en los acuerdos de paz que acabaron con las cruentas guerras que azotaban la regi\u00f3n\u201d.<\/p>\n<p>Por ello se muestran agradecidos a Dios, \u201cpues a\u00fan en medio de luces y sombras propias de la realidad humana, dado el contexto de esos momentos, la Iglesia cat\u00f3lica estuvo presente en cada uno de ellos con un papel proactivo, como agente constructor y constitutivo de la nacionalidad costarricense\u201d.<\/p>\n<p>Por \u00faltimo, hacen \u00e9nfasis en los otros logros eclesiales en la historia de la naci\u00f3n como \u201cel valor de la familia como c\u00e9lula fundamental de la sociedad costarricense, el matrimonio seg\u00fan el proyecto de Dios, la defensa de los valores humanos como la paz, la justicia y la solidaridad y de los derechos humanos como la educaci\u00f3n, la salud y el cuidado del medio ambiente y de los m\u00e1s vulnerables\u201d.<\/p>\n<p>Es posible leer la carta \u00edntegra, de 17 p\u00e1ginas, <a href=\"https:\/\/www.facebook.com\/Comunicaci%C3%B3n-Conferencia-Episcopal-de-Costa-Rica-341869476147600\/photos\/pcb.1502544613413408\/1502543636746839\/\" target=\"_blank\" rel=\"noopener\">a trav\u00e9s de la publicaci\u00f3n de la misma en la p\u00e1gina de\u00a0<em>Facebook\u00a0<\/em>del Episcopado costarricense.<\/a><\/p>\n","protected":false},"excerpt":{"rendered":"<p>Defienden la la vida, la libertad y los derechos. Rechazan la pena de muerte, el aborto y a la eutanasia<\/p>\n","protected":false},"author":6,"featured_media":33314,"comment_status":"closed","ping_status":"closed","sticky":false,"template":"","format":"standard","meta":{"_acf_changed":false,"_crdt_document":"","inline_featured_image":false,"footnotes":""},"categories":[86,298],"tags":[164,806,4141],"class_list":["post-33313","post","type-post","status-publish","format-standard","has-post-thumbnail","hentry","category-iglesia-local","category-ultimas-noticias","tag-carta","tag-conferencia-episcopal-de-costa-rica","tag-independencia"],"acf":[],"yoast_head":"<!-- This site is optimized with the Yoast SEO plugin v27.4 - https:\/\/yoast.com\/product\/yoast-seo-wordpress\/ -->\n<title>Costa Rica: Carta por 200 a\u00f1os de la Independencia - Exaudi<\/title>\n<meta name=\"description\" content=\"Los obispos de Costa Rica han enviado una carta por los 200 a\u00f1os de la Independencia del pa\u00eds, en la que defienden la vida y la libertad.\" \/>\n<meta name=\"robots\" content=\"index, follow, max-snippet:-1, max-image-preview:large, max-video-preview:-1\" \/>\n<link rel=\"canonical\" href=\"https:\/\/exaudi.org\/es\/costa-rica-carta-obispos-200-anos-independencia\/\" \/>\n<meta property=\"og:locale\" content=\"es_ES\" \/>\n<meta property=\"og:type\" content=\"article\" \/>\n<meta property=\"og:title\" content=\"Costa Rica: Carta por 200 a\u00f1os de la Independencia - Exaudi\" \/>\n<meta property=\"og:description\" content=\"Los obispos de Costa Rica han enviado una carta por los 200 a\u00f1os de la Independencia del pa\u00eds, en la que defienden la vida y la libertad.\" \/>\n<meta property=\"og:url\" content=\"https:\/\/exaudi.org\/es\/costa-rica-carta-obispos-200-anos-independencia\/\" \/>\n<meta property=\"og:site_name\" content=\"Exaudi\" \/>\n<meta property=\"article:publisher\" content=\"https:\/\/www.facebook.com\/ExaudiNews\" \/>\n<meta property=\"article:published_time\" content=\"2021-09-14T09:59:54+00:00\" \/>\n<meta property=\"article:modified_time\" content=\"2021-09-14T16:29:10+00:00\" \/>\n<meta property=\"og:image\" content=\"https:\/\/exaudi.org\/wp-content\/uploads\/2021\/09\/2c3432c3333.jpg\" \/>\n\t<meta property=\"og:image:width\" content=\"1157\" \/>\n\t<meta property=\"og:image:height\" content=\"639\" \/>\n\t<meta property=\"og:image:type\" content=\"image\/jpeg\" \/>\n<meta name=\"author\" content=\"Gabriel Sales\" \/>\n<meta name=\"twitter:card\" content=\"summary_large_image\" \/>\n<meta name=\"twitter:creator\" content=\"@habemusman\" \/>\n<meta name=\"twitter:site\" content=\"@Exaudi_News\" \/>\n<meta name=\"twitter:label1\" content=\"Escrito por\" \/>\n\t<meta name=\"twitter:data1\" content=\"Gabriel Sales\" \/>\n\t<meta name=\"twitter:label2\" content=\"Tiempo de lectura\" \/>\n\t<meta name=\"twitter:data2\" content=\"3 minutos\" \/>\n<script type=\"application\/ld+json\" class=\"yoast-schema-graph\">{\"@context\":\"https:\\\/\\\/schema.org\",\"@graph\":[{\"@type\":\"Article\",\"@id\":\"https:\\\/\\\/exaudi.org\\\/es\\\/costa-rica-carta-obispos-200-anos-independencia\\\/#article\",\"isPartOf\":{\"@id\":\"https:\\\/\\\/exaudi.org\\\/es\\\/costa-rica-carta-obispos-200-anos-independencia\\\/\"},\"author\":{\"name\":\"Gabriel Sales\",\"@id\":\"https:\\\/\\\/exaudi.org\\\/#\\\/schema\\\/person\\\/d134b96438278131ce90c90c03fda6cd\"},\"headline\":\"Costa Rica: Carta por 200 a\u00f1os de la Independencia\",\"datePublished\":\"2021-09-14T09:59:54+00:00\",\"dateModified\":\"2021-09-14T16:29:10+00:00\",\"mainEntityOfPage\":{\"@id\":\"https:\\\/\\\/exaudi.org\\\/es\\\/costa-rica-carta-obispos-200-anos-independencia\\\/\"},\"wordCount\":499,\"image\":{\"@id\":\"https:\\\/\\\/exaudi.org\\\/es\\\/costa-rica-carta-obispos-200-anos-independencia\\\/#primaryimage\"},\"thumbnailUrl\":\"https:\\\/\\\/exaudi.org\\\/wp-content\\\/uploads\\\/2021\\\/09\\\/2c3432c3333.jpg\",\"keywords\":[\"carta\",\"Conferencia Episcopal de Costa Rica\",\"Independencia\"],\"articleSection\":[\"Iglesia Local\",\"\u00daltimas noticias\"],\"inLanguage\":\"es\"},{\"@type\":\"WebPage\",\"@id\":\"https:\\\/\\\/exaudi.org\\\/es\\\/costa-rica-carta-obispos-200-anos-independencia\\\/\",\"url\":\"https:\\\/\\\/exaudi.org\\\/es\\\/costa-rica-carta-obispos-200-anos-independencia\\\/\",\"name\":\"Costa Rica: Carta por 200 a\u00f1os de la Independencia - Exaudi\",\"isPartOf\":{\"@id\":\"https:\\\/\\\/exaudi.org\\\/#website\"},\"primaryImageOfPage\":{\"@id\":\"https:\\\/\\\/exaudi.org\\\/es\\\/costa-rica-carta-obispos-200-anos-independencia\\\/#primaryimage\"},\"image\":{\"@id\":\"https:\\\/\\\/exaudi.org\\\/es\\\/costa-rica-carta-obispos-200-anos-independencia\\\/#primaryimage\"},\"thumbnailUrl\":\"https:\\\/\\\/exaudi.org\\\/wp-content\\\/uploads\\\/2021\\\/09\\\/2c3432c3333.jpg\",\"datePublished\":\"2021-09-14T09:59:54+00:00\",\"dateModified\":\"2021-09-14T16:29:10+00:00\",\"author\":{\"@id\":\"https:\\\/\\\/exaudi.org\\\/#\\\/schema\\\/person\\\/d134b96438278131ce90c90c03fda6cd\"},\"description\":\"Los obispos de Costa Rica han enviado una carta por los 200 a\u00f1os de la Independencia del pa\u00eds, en la que defienden la vida y la libertad.\",\"breadcrumb\":{\"@id\":\"https:\\\/\\\/exaudi.org\\\/es\\\/costa-rica-carta-obispos-200-anos-independencia\\\/#breadcrumb\"},\"inLanguage\":\"es\",\"potentialAction\":[{\"@type\":\"ReadAction\",\"target\":[\"https:\\\/\\\/exaudi.org\\\/es\\\/costa-rica-carta-obispos-200-anos-independencia\\\/\"]}]},{\"@type\":\"ImageObject\",\"inLanguage\":\"es\",\"@id\":\"https:\\\/\\\/exaudi.org\\\/es\\\/costa-rica-carta-obispos-200-anos-independencia\\\/#primaryimage\",\"url\":\"https:\\\/\\\/exaudi.org\\\/wp-content\\\/uploads\\\/2021\\\/09\\\/2c3432c3333.jpg\",\"contentUrl\":\"https:\\\/\\\/exaudi.org\\\/wp-content\\\/uploads\\\/2021\\\/09\\\/2c3432c3333.jpg\",\"width\":1157,\"height\":639,\"caption\":\"Banderas de Costa Rica \u00a9 CELAM\"},{\"@type\":\"BreadcrumbList\",\"@id\":\"https:\\\/\\\/exaudi.org\\\/es\\\/costa-rica-carta-obispos-200-anos-independencia\\\/#breadcrumb\",\"itemListElement\":[{\"@type\":\"ListItem\",\"position\":1,\"name\":\"Portada\",\"item\":\"https:\\\/\\\/exaudi.org\\\/es\\\/\"},{\"@type\":\"ListItem\",\"position\":2,\"name\":\"Costa Rica: Carta por 200 a\u00f1os de la Independencia\"}]},{\"@type\":\"WebSite\",\"@id\":\"https:\\\/\\\/exaudi.org\\\/#website\",\"url\":\"https:\\\/\\\/exaudi.org\\\/\",\"name\":\"Exaudi\",\"description\":\"News\",\"potentialAction\":[{\"@type\":\"SearchAction\",\"target\":{\"@type\":\"EntryPoint\",\"urlTemplate\":\"https:\\\/\\\/exaudi.org\\\/?s={search_term_string}\"},\"query-input\":{\"@type\":\"PropertyValueSpecification\",\"valueRequired\":true,\"valueName\":\"search_term_string\"}}],\"inLanguage\":\"es\"},{\"@type\":\"Person\",\"@id\":\"https:\\\/\\\/exaudi.org\\\/#\\\/schema\\\/person\\\/d134b96438278131ce90c90c03fda6cd\",\"name\":\"Gabriel Sales\",\"image\":{\"@type\":\"ImageObject\",\"inLanguage\":\"es\",\"@id\":\"https:\\\/\\\/secure.gravatar.com\\\/avatar\\\/9b1269566f6a063ed26ffb3532b66a373cdde231ce5d0effb266167437fdaffd?s=96&d=mm&r=g\",\"url\":\"https:\\\/\\\/secure.gravatar.com\\\/avatar\\\/9b1269566f6a063ed26ffb3532b66a373cdde231ce5d0effb266167437fdaffd?s=96&d=mm&r=g\",\"contentUrl\":\"https:\\\/\\\/secure.gravatar.com\\\/avatar\\\/9b1269566f6a063ed26ffb3532b66a373cdde231ce5d0effb266167437fdaffd?s=96&d=mm&r=g\",\"caption\":\"Gabriel Sales\"},\"description\":\"Periodista y especialista en Comunicaci\u00f3n y Branding digital. Cin\u00e9filo y cr\u00edtico de cine y series de televisi\u00f3n.\",\"sameAs\":[\"https:\\\/\\\/www.instagram.com\\\/cine90segundos\\\/\",\"www.linkedin.com\\\/in\\\/habemusman\",\"https:\\\/\\\/x.com\\\/habemusman\",\"https:\\\/\\\/www.youtube.com\\\/channel\\\/UCVfCiOMkJ_C7T7OpyjuaLDg\"],\"url\":\"https:\\\/\\\/exaudi.org\\\/es\\\/author\\\/gsalesexaudi-org\\\/\"}]}<\/script>\n<!-- \/ Yoast SEO plugin. -->","yoast_head_json":{"title":"Costa Rica: Carta por 200 a\u00f1os de la Independencia - Exaudi","description":"Los obispos de Costa Rica han enviado una carta por los 200 a\u00f1os de la Independencia del pa\u00eds, en la que defienden la vida y la libertad.","robots":{"index":"index","follow":"follow","max-snippet":"max-snippet:-1","max-image-preview":"max-image-preview:large","max-video-preview":"max-video-preview:-1"},"canonical":"https:\/\/exaudi.org\/es\/costa-rica-carta-obispos-200-anos-independencia\/","og_locale":"es_ES","og_type":"article","og_title":"Costa Rica: Carta por 200 a\u00f1os de la Independencia - Exaudi","og_description":"Los obispos de Costa Rica han enviado una carta por los 200 a\u00f1os de la Independencia del pa\u00eds, en la que defienden la vida y la libertad.","og_url":"https:\/\/exaudi.org\/es\/costa-rica-carta-obispos-200-anos-independencia\/","og_site_name":"Exaudi","article_publisher":"https:\/\/www.facebook.com\/ExaudiNews","article_published_time":"2021-09-14T09:59:54+00:00","article_modified_time":"2021-09-14T16:29:10+00:00","og_image":[{"width":1157,"height":639,"url":"https:\/\/exaudi.org\/wp-content\/uploads\/2021\/09\/2c3432c3333.jpg","type":"image\/jpeg"}],"author":"Gabriel Sales","twitter_card":"summary_large_image","twitter_creator":"@habemusman","twitter_site":"@Exaudi_News","twitter_misc":{"Escrito por":"Gabriel Sales","Tiempo de lectura":"3 minutos"},"schema":{"@context":"https:\/\/schema.org","@graph":[{"@type":"Article","@id":"https:\/\/exaudi.org\/es\/costa-rica-carta-obispos-200-anos-independencia\/#article","isPartOf":{"@id":"https:\/\/exaudi.org\/es\/costa-rica-carta-obispos-200-anos-independencia\/"},"author":{"name":"Gabriel Sales","@id":"https:\/\/exaudi.org\/#\/schema\/person\/d134b96438278131ce90c90c03fda6cd"},"headline":"Costa Rica: Carta por 200 a\u00f1os de la Independencia","datePublished":"2021-09-14T09:59:54+00:00","dateModified":"2021-09-14T16:29:10+00:00","mainEntityOfPage":{"@id":"https:\/\/exaudi.org\/es\/costa-rica-carta-obispos-200-anos-independencia\/"},"wordCount":499,"image":{"@id":"https:\/\/exaudi.org\/es\/costa-rica-carta-obispos-200-anos-independencia\/#primaryimage"},"thumbnailUrl":"https:\/\/exaudi.org\/wp-content\/uploads\/2021\/09\/2c3432c3333.jpg","keywords":["carta","Conferencia Episcopal de Costa Rica","Independencia"],"articleSection":["Iglesia Local","\u00daltimas noticias"],"inLanguage":"es"},{"@type":"WebPage","@id":"https:\/\/exaudi.org\/es\/costa-rica-carta-obispos-200-anos-independencia\/","url":"https:\/\/exaudi.org\/es\/costa-rica-carta-obispos-200-anos-independencia\/","name":"Costa Rica: Carta por 200 a\u00f1os de la Independencia - Exaudi","isPartOf":{"@id":"https:\/\/exaudi.org\/#website"},"primaryImageOfPage":{"@id":"https:\/\/exaudi.org\/es\/costa-rica-carta-obispos-200-anos-independencia\/#primaryimage"},"image":{"@id":"https:\/\/exaudi.org\/es\/costa-rica-carta-obispos-200-anos-independencia\/#primaryimage"},"thumbnailUrl":"https:\/\/exaudi.org\/wp-content\/uploads\/2021\/09\/2c3432c3333.jpg","datePublished":"2021-09-14T09:59:54+00:00","dateModified":"2021-09-14T16:29:10+00:00","author":{"@id":"https:\/\/exaudi.org\/#\/schema\/person\/d134b96438278131ce90c90c03fda6cd"},"description":"Los obispos de Costa Rica han enviado una carta por los 200 a\u00f1os de la Independencia del pa\u00eds, en la que defienden la vida y la libertad.","breadcrumb":{"@id":"https:\/\/exaudi.org\/es\/costa-rica-carta-obispos-200-anos-independencia\/#breadcrumb"},"inLanguage":"es","potentialAction":[{"@type":"ReadAction","target":["https:\/\/exaudi.org\/es\/costa-rica-carta-obispos-200-anos-independencia\/"]}]},{"@type":"ImageObject","inLanguage":"es","@id":"https:\/\/exaudi.org\/es\/costa-rica-carta-obispos-200-anos-independencia\/#primaryimage","url":"https:\/\/exaudi.org\/wp-content\/uploads\/2021\/09\/2c3432c3333.jpg","contentUrl":"https:\/\/exaudi.org\/wp-content\/uploads\/2021\/09\/2c3432c3333.jpg","width":1157,"height":639,"caption":"Banderas de Costa Rica \u00a9 CELAM"},{"@type":"BreadcrumbList","@id":"https:\/\/exaudi.org\/es\/costa-rica-carta-obispos-200-anos-independencia\/#breadcrumb","itemListElement":[{"@type":"ListItem","position":1,"name":"Portada","item":"https:\/\/exaudi.org\/es\/"},{"@type":"ListItem","position":2,"name":"Costa Rica: Carta por 200 a\u00f1os de la Independencia"}]},{"@type":"WebSite","@id":"https:\/\/exaudi.org\/#website","url":"https:\/\/exaudi.org\/","name":"Exaudi","description":"News","potentialAction":[{"@type":"SearchAction","target":{"@type":"EntryPoint","urlTemplate":"https:\/\/exaudi.org\/?s={search_term_string}"},"query-input":{"@type":"PropertyValueSpecification","valueRequired":true,"valueName":"search_term_string"}}],"inLanguage":"es"},{"@type":"Person","@id":"https:\/\/exaudi.org\/#\/schema\/person\/d134b96438278131ce90c90c03fda6cd","name":"Gabriel Sales","image":{"@type":"ImageObject","inLanguage":"es","@id":"https:\/\/secure.gravatar.com\/avatar\/9b1269566f6a063ed26ffb3532b66a373cdde231ce5d0effb266167437fdaffd?s=96&d=mm&r=g","url":"https:\/\/secure.gravatar.com\/avatar\/9b1269566f6a063ed26ffb3532b66a373cdde231ce5d0effb266167437fdaffd?s=96&d=mm&r=g","contentUrl":"https:\/\/secure.gravatar.com\/avatar\/9b1269566f6a063ed26ffb3532b66a373cdde231ce5d0effb266167437fdaffd?s=96&d=mm&r=g","caption":"Gabriel Sales"},"description":"Periodista y especialista en Comunicaci\u00f3n y Branding digital. Cin\u00e9filo y cr\u00edtico de cine y series de televisi\u00f3n.","sameAs":["https:\/\/www.instagram.com\/cine90segundos\/","www.linkedin.com\/in\/habemusman","https:\/\/x.com\/habemusman","https:\/\/www.youtube.com\/channel\/UCVfCiOMkJ_C7T7OpyjuaLDg"],"url":"https:\/\/exaudi.org\/es\/author\/gsalesexaudi-org\/"}]}},"jetpack_featured_media_url":"https:\/\/exaudi.org\/wp-content\/uploads\/2021\/09\/2c3432c3333.jpg","jetpack_shortlink":"https:\/\/wp.me\/pgKjF2-8Fj","_links":{"self":[{"href":"https:\/\/exaudi.org\/es\/wp-json\/wp\/v2\/posts\/33313","targetHints":{"allow":["GET"]}}],"collection":[{"href":"https:\/\/exaudi.org\/es\/wp-json\/wp\/v2\/posts"}],"about":[{"href":"https:\/\/exaudi.org\/es\/wp-json\/wp\/v2\/types\/post"}],"author":[{"embeddable":true,"href":"https:\/\/exaudi.org\/es\/wp-json\/wp\/v2\/users\/6"}],"replies":[{"embeddable":true,"href":"https:\/\/exaudi.org\/es\/wp-json\/wp\/v2\/comments?post=33313"}],"version-history":[{"count":0,"href":"https:\/\/exaudi.org\/es\/wp-json\/wp\/v2\/posts\/33313\/revisions"}],"wp:featuredmedia":[{"embeddable":true,"href":"https:\/\/exaudi.org\/es\/wp-json\/wp\/v2\/media\/33314"}],"wp:attachment":[{"href":"https:\/\/exaudi.org\/es\/wp-json\/wp\/v2\/media?parent=33313"}],"wp:term":[{"taxonomy":"category","embeddable":true,"href":"https:\/\/exaudi.org\/es\/wp-json\/wp\/v2\/categories?post=33313"},{"taxonomy":"post_tag","embeddable":true,"href":"https:\/\/exaudi.org\/es\/wp-json\/wp\/v2\/tags?post=33313"}],"curies":[{"name":"wp","href":"https:\/\/api.w.org\/{rel}","templated":true}]}}