{"id":33277,"date":"2021-09-14T11:28:33","date_gmt":"2021-09-14T09:28:33","guid":{"rendered":"https:\/\/exaudi.wpengine.com\/?p=33277"},"modified":"2021-09-15T11:36:10","modified_gmt":"2021-09-15T09:36:10","slug":"papa-contemplar-cruz-dar-testimonio","status":"publish","type":"post","link":"https:\/\/exaudi.org\/es\/papa-contemplar-cruz-dar-testimonio\/","title":{"rendered":"El Papa en Pre\u0161ov: Contemplar Cruz y dar testimonio"},"content":{"rendered":"<p>Dentro de su 34\u00ba Viaje Apost\u00f3lico, tras haber aterrizado en la ciudad de Ko\u0161ice, Eslovaquia, el Papa Francisco ha presidido la Divina liturgia de <a href=\"https:\/\/exaudi.wpengine.com\/es\/san-juan-crisostomo-13-septiembre-2021\/\" target=\"_blank\" rel=\"noopener\">san Juan Cris\u00f3stomo<\/a> en la plaza del <em>Mestsk\u00e1 \u0161portov\u00e1 hala<\/em> de <a href=\"https:\/\/exaudi.wpengine.com\/es\/cruz-cristo-mejor-pulpito-mundo\/\" target=\"_blank\" rel=\"noopener\">Pre\u0161ov<\/a>. En su homil\u00eda, el Santo Padre ha mostrado los dos pasos para ver la gloria de la Cruz: Contemplar a Cristo en el madero y dar testimonio de ello.<\/p>\n<h4><strong>La Cruz, Gloria de Dios<\/strong><\/h4>\n<p>Al comienzo de sus palabras, el Papa ha se\u00f1alado el fracaso que supone la Cruz para el mundo: \u201cY tambi\u00e9n nosotros corremos el riesgo de detenernos ante esta primera mirada, superficial, de no aceptar la l\u00f3gica de la cruz; de no aceptar que Dios nos salve dejando que se desate sobre s\u00ed el mal del mundo (&#8230;) Cu\u00e1ntas veces aspiramos a un cristianismo de vencedores, a un cristianismo triunfador que tenga relevancia e importancia, que reciba gloria y honor\u201d.<\/p>\n<p><img loading=\"lazy\" decoding=\"async\" class=\"alignleft size-medium wp-image-33301\" src=\"https:\/\/exaudi.wpengine.com\/wp-content\/uploads\/2021\/09\/DSC0004-300x200.jpg\" alt=\"Papa contemplar Cruz testimonio\" width=\"300\" height=\"200\" srcset=\"https:\/\/exaudi.org\/wp-content\/uploads\/2021\/09\/DSC0004-300x200.jpg 300w, https:\/\/exaudi.org\/wp-content\/uploads\/2021\/09\/DSC0004-1024x683.jpg 1024w, https:\/\/exaudi.org\/wp-content\/uploads\/2021\/09\/DSC0004-768x512.jpg 768w, https:\/\/exaudi.org\/wp-content\/uploads\/2021\/09\/DSC0004-1536x1024.jpg 1536w, https:\/\/exaudi.org\/wp-content\/uploads\/2021\/09\/DSC0004-2048x1366.jpg 2048w, https:\/\/exaudi.org\/wp-content\/uploads\/2021\/09\/DSC0004-150x100.jpg 150w, https:\/\/exaudi.org\/wp-content\/uploads\/2021\/09\/DSC0004-696x464.jpg 696w, https:\/\/exaudi.org\/wp-content\/uploads\/2021\/09\/DSC0004-1068x712.jpg 1068w, https:\/\/exaudi.org\/wp-content\/uploads\/2021\/09\/DSC0004-1920x1280.jpg 1920w, https:\/\/exaudi.org\/wp-content\/uploads\/2021\/09\/DSC0004-630x420.jpg 630w\" sizes=\"auto, (max-width: 300px) 100vw, 300px\" \/>En cambio, san Juan, \u201creconoci\u00f3 en Cristo crucificado la gloria de Dios. Vio que \u00c9l, a pesar de las apariencias, no era un fracasado, sino que era Dios que voluntariamente se ofrec\u00eda por todos los hombres\u201d. \u00bfPor qu\u00e9 lo hizo?, pregunta el Pont\u00edfice, y responde diciendo que \u201celigi\u00f3 el camino m\u00e1s dif\u00edcil: la cruz. Porque no debe haber en la tierra ninguna persona tan desesperada que no lo pueda encontrar, aun all\u00ed, en la angustia, en la oscuridad, en el abandono, en el esc\u00e1ndalo de la propia miseria y de los propios errores\u201d.<\/p>\n<h4><strong>Contemplar y dar testimonio<\/strong><\/h4>\n<p>\u201c\u00bfC\u00f3mo podemos aprender a ver la gloria en la cruz?\u201d. Francisco asegura que, al igual que con un libro, la Cruz ha de ser contemplada sin superficialidad: \u201cSi no hacemos esto, la cruz se queda como un libro no le\u00eddo, del que se conoce bien el t\u00edtulo y el autor, pero que no repercute en la vida. No reduzcamos la cruz a un objeto de devoci\u00f3n, mucho menos a un s\u00edmbolo pol\u00edtico, a un signo de importancia religiosa y social\u201d.<\/p>\n<p>El siguiente paso, argumenta, es dar testimonio: \u201cSi se ahonda la mirada en Jes\u00fas, su rostro comienza a reflejarse en el nuestro, sus rasgos se vuelven los nuestros, el amor de Cristo nos conquista y nos transforma (&#8230;) \u00a1Cu\u00e1ntas personas generosas aqu\u00ed en Eslovaquia sufrieron y murieron a causa del nombre de Jes\u00fas! Un testimonio realizado por amor a Aquel que hab\u00edan contemplado largamente. Tanto, hasta el punto de asemejarse a \u00c9l, incluso en la muerte\u201d.<\/p>\n<p><img loading=\"lazy\" decoding=\"async\" class=\"alignright size-medium wp-image-33304\" src=\"https:\/\/exaudi.wpengine.com\/wp-content\/uploads\/2021\/09\/RIP6581-300x200.jpg\" alt=\"\" width=\"300\" height=\"200\" srcset=\"https:\/\/exaudi.org\/wp-content\/uploads\/2021\/09\/RIP6581-300x200.jpg 300w, https:\/\/exaudi.org\/wp-content\/uploads\/2021\/09\/RIP6581-1024x683.jpg 1024w, https:\/\/exaudi.org\/wp-content\/uploads\/2021\/09\/RIP6581-768x512.jpg 768w, https:\/\/exaudi.org\/wp-content\/uploads\/2021\/09\/RIP6581-1536x1024.jpg 1536w, https:\/\/exaudi.org\/wp-content\/uploads\/2021\/09\/RIP6581-2048x1365.jpg 2048w, https:\/\/exaudi.org\/wp-content\/uploads\/2021\/09\/RIP6581-150x100.jpg 150w, https:\/\/exaudi.org\/wp-content\/uploads\/2021\/09\/RIP6581-696x464.jpg 696w, https:\/\/exaudi.org\/wp-content\/uploads\/2021\/09\/RIP6581-1068x712.jpg 1068w, https:\/\/exaudi.org\/wp-content\/uploads\/2021\/09\/RIP6581-1920x1280.jpg 1920w, https:\/\/exaudi.org\/wp-content\/uploads\/2021\/09\/RIP6581-630x420.jpg 630w\" sizes=\"auto, (max-width: 300px) 100vw, 300px\" \/><\/p>\n<p>Asimismo, ha advertido del peligro de un testimonio que \u201cpuede ser socavado por la mundanidad o la mediocridad. La cruz en cambio exige un testimonio l\u00edmpido. Porque la cruz no quiere ser una bandera que enarbolar, sino la fuente pura de un nuevo modo de vivir. \u00bfCu\u00e1l? El del Evangelio, el de las Bienaventuranzas\u201d.<\/p>\n<p>\u201cEl testigo de la cruz persigue una sola estrategia, la del Maestro, que es el amor humilde. No espera triunfos aqu\u00ed abajo, porque sabe que el amor de Cristo es fecundo en lo cotidiano y hace nuevas todas las cosas desde dentro, como semilla ca\u00edda en tierra, que muere y da fruto\u201d, concluye el Obispo de Roma.<\/p>\n<p>A continuaci\u00f3n, sigue la homil\u00eda completa de Su Santidad, ofrecida por la <a href=\"https:\/\/www.vatican.va\/news_services\/press\/index_sp.htm\" target=\"_blank\" rel=\"noopener\">Oficina de Prensa de la Santa Sede.<\/a><\/p>\n<p>***<\/p>\n<h4><strong>Homil\u00eda del Papa Francisco<\/strong><\/h4>\n<p>\u201cNosotros \u2014declara san Pablo\u2014 proclamamos a un Mes\u00edas crucificado (&#8230;), fuerza y sabidur\u00eda de Dios\u201d. Por otra parte, el Ap\u00f3stol no esconde que la cruz, a los ojos de la sabidur\u00eda humana, representa todo lo contrario: es \u201cesc\u00e1ndalo\u201d y \u201clocura\u201d (1 Co 1,23-24). La cruz era instrumento de muerte, y sin embargo de all\u00ed ha venido la vida. Era lo que nadie quer\u00eda mirar, y aun as\u00ed nos ha revelado la belleza del amor de Dios. Por eso el santo Pueblo de Dios la venera y la liturgia la celebra en la fiesta de hoy. El Evangelio de san Juan nos toma de la mano y nos ayuda a entrar en este misterio. El evangelista, de hecho, estaba justo all\u00ed, al pie de la cruz. Contempla a Jes\u00fas, ya muerto, colgado del madero, y escribe: \u201cEl que lo vio da testimonio\u201d (Jn 19,35). San Juan ve y da testimonio.<\/p>\n<p><img loading=\"lazy\" decoding=\"async\" class=\"alignleft size-medium wp-image-33326\" src=\"https:\/\/exaudi.wpengine.com\/wp-content\/uploads\/2021\/09\/DSC0114-200x300.jpg\" alt=\"Papa contemplar Cruz testimonio\" width=\"200\" height=\"300\" srcset=\"https:\/\/exaudi.org\/wp-content\/uploads\/2021\/09\/DSC0114-200x300.jpg 200w, https:\/\/exaudi.org\/wp-content\/uploads\/2021\/09\/DSC0114-683x1024.jpg 683w, https:\/\/exaudi.org\/wp-content\/uploads\/2021\/09\/DSC0114-768x1152.jpg 768w, https:\/\/exaudi.org\/wp-content\/uploads\/2021\/09\/DSC0114-1024x1536.jpg 1024w, https:\/\/exaudi.org\/wp-content\/uploads\/2021\/09\/DSC0114-1365x2048.jpg 1365w, https:\/\/exaudi.org\/wp-content\/uploads\/2021\/09\/DSC0114-150x225.jpg 150w, https:\/\/exaudi.org\/wp-content\/uploads\/2021\/09\/DSC0114-300x450.jpg 300w, https:\/\/exaudi.org\/wp-content\/uploads\/2021\/09\/DSC0114-696x1044.jpg 696w, https:\/\/exaudi.org\/wp-content\/uploads\/2021\/09\/DSC0114-1068x1602.jpg 1068w, https:\/\/exaudi.org\/wp-content\/uploads\/2021\/09\/DSC0114-1920x2880.jpg 1920w, https:\/\/exaudi.org\/wp-content\/uploads\/2021\/09\/DSC0114-280x420.jpg 280w, https:\/\/exaudi.org\/wp-content\/uploads\/2021\/09\/DSC0114-scaled.jpg 1707w\" sizes=\"auto, (max-width: 200px) 100vw, 200px\" \/><\/p>\n<p>Ante todo est\u00e1 el ver. Pero, \u00bfqu\u00e9 ha visto Juan al pie de la cruz? Ciertamente lo que han visto los dem\u00e1s: Jes\u00fas, inocente y bueno, muere brutalmente entre dos malhechores. Una de las tantas injusticias, uno de los tantos sacrificios cruentos que no cambian la historia, la en\u00e9sima demostraci\u00f3n de que el curso de los acontecimientos en el mundo no se modifica: a los buenos se los quita del medio y los malvados vencen y prosperan. A los ojos del mundo la cruz es un fracaso. Y tambi\u00e9n nosotros corremos el riesgo de detenernos ante esta primera mirada, superficial, de no aceptar la l\u00f3gica de la cruz; de no aceptar que Dios nos salve dejando que se desate sobre s\u00ed el mal del mundo. No aceptar, sino s\u00f3lo con palabras, al Dios d\u00e9bil y crucificado, es so\u00f1ar con un Dios fuerte y triunfante. Es una gran tentaci\u00f3n. Cu\u00e1ntas veces aspiramos a un cristianismo de vencedores, a un cristianismo triunfador que tenga relevancia e importancia, que reciba gloria y honor. Pero un cristianismo sin cruz es mundano y se vuelve est\u00e9ril.<\/p>\n<p>San Juan, en cambio, vio en la cruz la obra de Dios. Reconoci\u00f3 en Cristo crucificado la gloria de Dios. Vio que \u00c9l, a pesar de las apariencias, no era un fracasado, sino que era Dios que voluntariamente se ofrec\u00eda por todos los hombres. \u00bfPor qu\u00e9 lo hizo? Hubiera podido conservar la vida, hubiera podido mantenerse a distancia de nuestra historia m\u00e1s miserable y cruda. En cambio, quiso entrar dentro, ahondar en ella. Por eso eligi\u00f3 el camino m\u00e1s dif\u00edcil: la cruz. Porque no debe haber en la tierra ninguna persona tan desesperada que no lo pueda encontrar, aun all\u00ed, en la angustia, en la oscuridad, en el abandono, en el esc\u00e1ndalo de la propia miseria y de los propios errores. Precisamente all\u00ed, donde se piensa que Dios no pueda estar, Dios ha llegado. Para salvar a cualquier persona que est\u00e9 desesperada quiso rozar la desesperaci\u00f3n, para hacer suyo nuestro m\u00e1s amargo desaliento grit\u00f3 en la cruz: \u201c\u00a1Dios m\u00edo, Dios m\u00edo!, \u00bfpor qu\u00e9 me has abandonado?\u201d (Mt 27,46; Sal 22,1). Un grito que salva. Salva porque Dios hizo suyo incluso nuestro abandono. Y nosotros, ahora, con \u00c9l, ya no estamos solos, nunca.<\/p>\n<p><img loading=\"lazy\" decoding=\"async\" class=\"alignright size-medium wp-image-33332\" src=\"https:\/\/exaudi.wpengine.com\/wp-content\/uploads\/2021\/09\/SFO7645-200x300.jpg\" alt=\"\" width=\"200\" height=\"300\" srcset=\"https:\/\/exaudi.org\/wp-content\/uploads\/2021\/09\/SFO7645-200x300.jpg 200w, https:\/\/exaudi.org\/wp-content\/uploads\/2021\/09\/SFO7645-683x1024.jpg 683w, https:\/\/exaudi.org\/wp-content\/uploads\/2021\/09\/SFO7645-768x1152.jpg 768w, https:\/\/exaudi.org\/wp-content\/uploads\/2021\/09\/SFO7645-1024x1536.jpg 1024w, https:\/\/exaudi.org\/wp-content\/uploads\/2021\/09\/SFO7645-1365x2048.jpg 1365w, https:\/\/exaudi.org\/wp-content\/uploads\/2021\/09\/SFO7645-150x225.jpg 150w, https:\/\/exaudi.org\/wp-content\/uploads\/2021\/09\/SFO7645-300x450.jpg 300w, https:\/\/exaudi.org\/wp-content\/uploads\/2021\/09\/SFO7645-696x1044.jpg 696w, https:\/\/exaudi.org\/wp-content\/uploads\/2021\/09\/SFO7645-1068x1602.jpg 1068w, https:\/\/exaudi.org\/wp-content\/uploads\/2021\/09\/SFO7645-1920x2880.jpg 1920w, https:\/\/exaudi.org\/wp-content\/uploads\/2021\/09\/SFO7645-280x420.jpg 280w, https:\/\/exaudi.org\/wp-content\/uploads\/2021\/09\/SFO7645-scaled.jpg 1706w\" sizes=\"auto, (max-width: 200px) 100vw, 200px\" \/><\/p>\n<p>\u00bfC\u00f3mo podemos aprender a ver la gloria en la cruz? Algunos santos han ense\u00f1ado que la cruz es como un libro que, para conocerlo, es necesario abrir y leer. No basta adquirir un libro, darle un vistazo y colocarlo en un lugar visible de la casa. Lo mismo vale para la cruz: est\u00e1 pintada o esculpida en cada rinc\u00f3n de nuestras iglesias. Son incontables los crucifijos: en el cuello, en casa, en el auto, en el bolsillo. Pero no sirve de nada si no nos detenemos a mirar al Crucificado y no le abrimos el coraz\u00f3n, si no nos dejamos sorprender por sus llagas abiertas por nosotros, si el coraz\u00f3n no se llena de conmoci\u00f3n y no lloramos delante del Dios herido de amor por nosotros. Si no hacemos esto, la cruz se queda como un libro no le\u00eddo, del que se conoce bien el t\u00edtulo y el autor, pero que no repercute en la vida. No reduzcamos la cruz a un objeto de devoci\u00f3n, mucho menos a un s\u00edmbolo pol\u00edtico, a un signo de importancia religiosa y social.<\/p>\n<p>De la contemplaci\u00f3n del Crucificado brota el segundo paso: dar testimonio. Si se ahonda la mirada en Jes\u00fas, su rostro comienza a reflejarse en el nuestro, sus rasgos se vuelven los nuestros, el amor de Cristo nos conquista y nos transforma. Pienso en los m\u00e1rtires, que testimoniaron el amor de Cristo en tiempos muy dif\u00edciles de esta naci\u00f3n, cuando todo aconsejaba callar, resguardarse, no profesar la fe. Pero no pod\u00edan dejar de dar testimonio. \u00a1Cu\u00e1ntas personas generosas aqu\u00ed en Eslovaquia sufrieron y murieron a causa del nombre de Jes\u00fas! Un testimonio realizado por amor a Aquel que hab\u00edan contemplado largamente. Tanto, hasta el punto de asemejarse a \u00c9l, incluso en la muerte.<\/p>\n<p><img loading=\"lazy\" decoding=\"async\" class=\"alignleft size-medium wp-image-33329\" src=\"https:\/\/exaudi.wpengine.com\/wp-content\/uploads\/2021\/09\/DSC0185-300x200.jpg\" alt=\"\" width=\"300\" height=\"200\" srcset=\"https:\/\/exaudi.org\/wp-content\/uploads\/2021\/09\/DSC0185-300x200.jpg 300w, https:\/\/exaudi.org\/wp-content\/uploads\/2021\/09\/DSC0185-1024x683.jpg 1024w, https:\/\/exaudi.org\/wp-content\/uploads\/2021\/09\/DSC0185-768x512.jpg 768w, https:\/\/exaudi.org\/wp-content\/uploads\/2021\/09\/DSC0185-1536x1024.jpg 1536w, https:\/\/exaudi.org\/wp-content\/uploads\/2021\/09\/DSC0185-2048x1365.jpg 2048w, https:\/\/exaudi.org\/wp-content\/uploads\/2021\/09\/DSC0185-150x100.jpg 150w, https:\/\/exaudi.org\/wp-content\/uploads\/2021\/09\/DSC0185-696x464.jpg 696w, https:\/\/exaudi.org\/wp-content\/uploads\/2021\/09\/DSC0185-1068x712.jpg 1068w, https:\/\/exaudi.org\/wp-content\/uploads\/2021\/09\/DSC0185-1920x1280.jpg 1920w, https:\/\/exaudi.org\/wp-content\/uploads\/2021\/09\/DSC0185-630x420.jpg 630w\" sizes=\"auto, (max-width: 300px) 100vw, 300px\" \/><\/p>\n<p>Pero pienso tambi\u00e9n en nuestro tiempo, en el que no faltan ocasiones para dar testimonio. Aqu\u00ed, gracias a Dios, no hay quien persiga a los cristianos como en tantas otras partes del mundo. Pero el testimonio puede ser socavado por la mundanidad o la mediocridad. La cruz en cambio exige un testimonio l\u00edmpido. Porque la cruz no quiere ser una bandera que enarbolar, sino la fuente pura de un nuevo modo de vivir. \u00bfCu\u00e1l? El del Evangelio, el de las Bienaventuranzas. El testigo que tiene la cruz en el coraz\u00f3n y no solamente en el cuello no ve a nadie como enemigo, sino que ve a todos como hermanos y hermanas por los que Jes\u00fas ha dado la vida. El testigo de la cruz no recuerda los agravios del pasado y no se lamenta del presente. El testigo de la cruz no usa los caminos del enga\u00f1o y del poder mundano, no quiere imponerse a s\u00ed mismo y a los suyos, sino dar la propia vida por los dem\u00e1s. No busca los propios beneficios para despu\u00e9s mostrarse devoto, esta ser\u00eda una religi\u00f3n del doblez, no el testimonio del Dios crucificado. El testigo de la cruz persigue una sola estrategia, la del Maestro, que es el amor humilde. No espera triunfos aqu\u00ed abajo, porque sabe que el amor de Cristo es fecundo en lo cotidiano y hace nuevas todas las cosas desde dentro, como semilla ca\u00edda en tierra, que muere y da fruto.<\/p>\n<p>Queridos hermanos y hermanas, ustedes han visto testigos. Conserven el amado recuerdo de las personas que los han amamantado y criado en la fe. Personas humildes, sencillas, que han dado la vida amando hasta el extremo. Ellos son nuestros h\u00e9roes, los h\u00e9roes de la cotidianidad, y sus vidas son las que cambian la historia. Los testigos engendran otros testigos, porque son dadores de vida. Y as\u00ed se difunde la fe. No con el poder del mundo, sino con la sabidur\u00eda de la cruz; no con las estructuras, sino con el testimonio. Y hoy el Se\u00f1or, desde el silencio vibrante de la cruz, te dice tambi\u00e9n a ti: \u201c\u00bfQuieres ser mi testigo?\u201d.<\/p>\n<p><img loading=\"lazy\" decoding=\"async\" class=\"alignright size-medium wp-image-33335\" src=\"https:\/\/exaudi.wpengine.com\/wp-content\/uploads\/2021\/09\/DSC4741-300x200.jpg\" alt=\"Papa contemplar Cruz testimonio\" width=\"300\" height=\"200\" srcset=\"https:\/\/exaudi.org\/wp-content\/uploads\/2021\/09\/DSC4741-300x200.jpg 300w, https:\/\/exaudi.org\/wp-content\/uploads\/2021\/09\/DSC4741-1024x683.jpg 1024w, https:\/\/exaudi.org\/wp-content\/uploads\/2021\/09\/DSC4741-768x512.jpg 768w, https:\/\/exaudi.org\/wp-content\/uploads\/2021\/09\/DSC4741-1536x1024.jpg 1536w, https:\/\/exaudi.org\/wp-content\/uploads\/2021\/09\/DSC4741-2048x1365.jpg 2048w, https:\/\/exaudi.org\/wp-content\/uploads\/2021\/09\/DSC4741-150x100.jpg 150w, https:\/\/exaudi.org\/wp-content\/uploads\/2021\/09\/DSC4741-696x464.jpg 696w, https:\/\/exaudi.org\/wp-content\/uploads\/2021\/09\/DSC4741-1068x712.jpg 1068w, https:\/\/exaudi.org\/wp-content\/uploads\/2021\/09\/DSC4741-1920x1280.jpg 1920w, https:\/\/exaudi.org\/wp-content\/uploads\/2021\/09\/DSC4741-630x420.jpg 630w\" sizes=\"auto, (max-width: 300px) 100vw, 300px\" \/><\/p>\n<p>Con Juan, en el Calvario, estaba la Santa Madre de Dios. Nadie como ella vio abierto el libro de la cruz y lo testimoni\u00f3 por medio del amor humilde. Por su intercesi\u00f3n, pidamos la gracia de convertir la mirada del coraz\u00f3n al Crucificado. Entonces nuestra fe podr\u00e1 florecer en plenitud, entonces los frutos de nuestro testimonio madurar\u00e1n.<\/p>\n<p><strong>\u00a9 Librer\u00eda Editora Vaticana<\/strong><\/p>\n","protected":false},"excerpt":{"rendered":"<p>Homil\u00eda en la Divina liturgia de San Juan Cris\u00f3stomo en Pre\u0161ov<\/p>\n","protected":false},"author":6,"featured_media":33298,"comment_status":"closed","ping_status":"closed","sticky":false,"template":"","format":"standard","meta":{"_acf_changed":false,"_crdt_document":"","inline_featured_image":false,"footnotes":""},"categories":[114,298,120,126],"tags":[4138,158,3430],"class_list":["post-33277","post","type-post","status-publish","format-standard","has-post-thumbnail","hentry","category-homilias","category-ultimas-noticias","category-viajes","category-viajes-papales","tag-divina-liturgia","tag-papa-francisco","tag-viaje-apostolico-del-papa-a-budapest-y-eslovaquia"],"acf":[],"yoast_head":"<!-- This site is optimized with the Yoast SEO plugin v27.5 - https:\/\/yoast.com\/product\/yoast-seo-wordpress\/ -->\n<title>El Papa en Pre\u0161ov: Contemplar Cruz y dar testimonio - Exaudi<\/title>\n<meta name=\"description\" content=\"En su homil\u00eda en la Divina Liturgia de San Juan Cris\u00f3stomo de Pre\u0161ov, el Papa ha llamado a contemplar profundamente la Cruz y dar testimonio.\" \/>\n<meta name=\"robots\" content=\"index, follow, max-snippet:-1, max-image-preview:large, max-video-preview:-1\" \/>\n<link rel=\"canonical\" href=\"https:\/\/exaudi.org\/es\/papa-contemplar-cruz-dar-testimonio\/\" \/>\n<meta property=\"og:locale\" content=\"es_ES\" \/>\n<meta property=\"og:type\" content=\"article\" \/>\n<meta property=\"og:title\" content=\"El Papa en Pre\u0161ov: Contemplar Cruz y dar testimonio - Exaudi\" \/>\n<meta property=\"og:description\" content=\"En su homil\u00eda en la Divina Liturgia de San Juan Cris\u00f3stomo de Pre\u0161ov, el Papa ha llamado a contemplar profundamente la Cruz y dar testimonio.\" \/>\n<meta property=\"og:url\" content=\"https:\/\/exaudi.org\/es\/papa-contemplar-cruz-dar-testimonio\/\" \/>\n<meta property=\"og:site_name\" content=\"Exaudi\" \/>\n<meta property=\"article:publisher\" content=\"https:\/\/www.facebook.com\/ExaudiNews\" \/>\n<meta property=\"article:published_time\" content=\"2021-09-14T09:28:33+00:00\" \/>\n<meta property=\"article:modified_time\" content=\"2021-09-15T09:36:10+00:00\" \/>\n<meta property=\"og:image\" content=\"https:\/\/exaudi.org\/wp-content\/uploads\/2021\/09\/3v45v543.jpg\" \/>\n\t<meta property=\"og:image:width\" content=\"2080\" \/>\n\t<meta property=\"og:image:height\" content=\"1849\" \/>\n\t<meta property=\"og:image:type\" content=\"image\/jpeg\" \/>\n<meta name=\"author\" content=\"Gabriel Sales\" \/>\n<meta name=\"twitter:card\" content=\"summary_large_image\" \/>\n<meta name=\"twitter:creator\" content=\"@habemusman\" \/>\n<meta name=\"twitter:site\" content=\"@Exaudi_News\" \/>\n<meta name=\"twitter:label1\" content=\"Escrito por\" \/>\n\t<meta name=\"twitter:data1\" content=\"Gabriel Sales\" \/>\n\t<meta name=\"twitter:label2\" content=\"Tiempo de lectura\" \/>\n\t<meta name=\"twitter:data2\" content=\"9 minutos\" \/>\n<script type=\"application\/ld+json\" class=\"yoast-schema-graph\">{\"@context\":\"https:\\\/\\\/schema.org\",\"@graph\":[{\"@type\":\"Article\",\"@id\":\"https:\\\/\\\/exaudi.org\\\/es\\\/papa-contemplar-cruz-dar-testimonio\\\/#article\",\"isPartOf\":{\"@id\":\"https:\\\/\\\/exaudi.org\\\/es\\\/papa-contemplar-cruz-dar-testimonio\\\/\"},\"author\":{\"name\":\"Gabriel Sales\",\"@id\":\"https:\\\/\\\/exaudi.org\\\/#\\\/schema\\\/person\\\/d134b96438278131ce90c90c03fda6cd\"},\"headline\":\"El Papa en Pre\u0161ov: Contemplar Cruz y dar testimonio\",\"datePublished\":\"2021-09-14T09:28:33+00:00\",\"dateModified\":\"2021-09-15T09:36:10+00:00\",\"mainEntityOfPage\":{\"@id\":\"https:\\\/\\\/exaudi.org\\\/es\\\/papa-contemplar-cruz-dar-testimonio\\\/\"},\"wordCount\":1862,\"image\":{\"@id\":\"https:\\\/\\\/exaudi.org\\\/es\\\/papa-contemplar-cruz-dar-testimonio\\\/#primaryimage\"},\"thumbnailUrl\":\"https:\\\/\\\/exaudi.org\\\/wp-content\\\/uploads\\\/2021\\\/09\\\/3v45v543.jpg\",\"keywords\":[\"Divina Liturgia\",\"papa francisco\",\"Viaje Apost\u00f3lico del Papa a Budapest y Eslovaquia\"],\"articleSection\":[\"Homilias\",\"\u00daltimas noticias\",\"Viajes\",\"Viajes Papales\"],\"inLanguage\":\"es\"},{\"@type\":\"WebPage\",\"@id\":\"https:\\\/\\\/exaudi.org\\\/es\\\/papa-contemplar-cruz-dar-testimonio\\\/\",\"url\":\"https:\\\/\\\/exaudi.org\\\/es\\\/papa-contemplar-cruz-dar-testimonio\\\/\",\"name\":\"El Papa en Pre\u0161ov: Contemplar Cruz y dar testimonio - Exaudi\",\"isPartOf\":{\"@id\":\"https:\\\/\\\/exaudi.org\\\/#website\"},\"primaryImageOfPage\":{\"@id\":\"https:\\\/\\\/exaudi.org\\\/es\\\/papa-contemplar-cruz-dar-testimonio\\\/#primaryimage\"},\"image\":{\"@id\":\"https:\\\/\\\/exaudi.org\\\/es\\\/papa-contemplar-cruz-dar-testimonio\\\/#primaryimage\"},\"thumbnailUrl\":\"https:\\\/\\\/exaudi.org\\\/wp-content\\\/uploads\\\/2021\\\/09\\\/3v45v543.jpg\",\"datePublished\":\"2021-09-14T09:28:33+00:00\",\"dateModified\":\"2021-09-15T09:36:10+00:00\",\"author\":{\"@id\":\"https:\\\/\\\/exaudi.org\\\/#\\\/schema\\\/person\\\/d134b96438278131ce90c90c03fda6cd\"},\"description\":\"En su homil\u00eda en la Divina Liturgia de San Juan Cris\u00f3stomo de Pre\u0161ov, el Papa ha llamado a contemplar profundamente la Cruz y dar testimonio.\",\"breadcrumb\":{\"@id\":\"https:\\\/\\\/exaudi.org\\\/es\\\/papa-contemplar-cruz-dar-testimonio\\\/#breadcrumb\"},\"inLanguage\":\"es\",\"potentialAction\":[{\"@type\":\"ReadAction\",\"target\":[\"https:\\\/\\\/exaudi.org\\\/es\\\/papa-contemplar-cruz-dar-testimonio\\\/\"]}]},{\"@type\":\"ImageObject\",\"inLanguage\":\"es\",\"@id\":\"https:\\\/\\\/exaudi.org\\\/es\\\/papa-contemplar-cruz-dar-testimonio\\\/#primaryimage\",\"url\":\"https:\\\/\\\/exaudi.org\\\/wp-content\\\/uploads\\\/2021\\\/09\\\/3v45v543.jpg\",\"contentUrl\":\"https:\\\/\\\/exaudi.org\\\/wp-content\\\/uploads\\\/2021\\\/09\\\/3v45v543.jpg\",\"width\":2080,\"height\":1849,\"caption\":\"El Papa en la Divina Liturgia de Pre\u0161ov, 14 de septiembre de 2021 \u00a9 Vatican Media\"},{\"@type\":\"BreadcrumbList\",\"@id\":\"https:\\\/\\\/exaudi.org\\\/es\\\/papa-contemplar-cruz-dar-testimonio\\\/#breadcrumb\",\"itemListElement\":[{\"@type\":\"ListItem\",\"position\":1,\"name\":\"Portada\",\"item\":\"https:\\\/\\\/exaudi.org\\\/es\\\/\"},{\"@type\":\"ListItem\",\"position\":2,\"name\":\"El Papa en Pre\u0161ov: Contemplar Cruz y dar testimonio\"}]},{\"@type\":\"WebSite\",\"@id\":\"https:\\\/\\\/exaudi.org\\\/#website\",\"url\":\"https:\\\/\\\/exaudi.org\\\/\",\"name\":\"Exaudi\",\"description\":\"News\",\"potentialAction\":[{\"@type\":\"SearchAction\",\"target\":{\"@type\":\"EntryPoint\",\"urlTemplate\":\"https:\\\/\\\/exaudi.org\\\/?s={search_term_string}\"},\"query-input\":{\"@type\":\"PropertyValueSpecification\",\"valueRequired\":true,\"valueName\":\"search_term_string\"}}],\"inLanguage\":\"es\"},{\"@type\":\"Person\",\"@id\":\"https:\\\/\\\/exaudi.org\\\/#\\\/schema\\\/person\\\/d134b96438278131ce90c90c03fda6cd\",\"name\":\"Gabriel Sales\",\"image\":{\"@type\":\"ImageObject\",\"inLanguage\":\"es\",\"@id\":\"https:\\\/\\\/secure.gravatar.com\\\/avatar\\\/9b1269566f6a063ed26ffb3532b66a373cdde231ce5d0effb266167437fdaffd?s=96&d=mm&r=g\",\"url\":\"https:\\\/\\\/secure.gravatar.com\\\/avatar\\\/9b1269566f6a063ed26ffb3532b66a373cdde231ce5d0effb266167437fdaffd?s=96&d=mm&r=g\",\"contentUrl\":\"https:\\\/\\\/secure.gravatar.com\\\/avatar\\\/9b1269566f6a063ed26ffb3532b66a373cdde231ce5d0effb266167437fdaffd?s=96&d=mm&r=g\",\"caption\":\"Gabriel Sales\"},\"description\":\"Periodista y especialista en Comunicaci\u00f3n y Branding digital. Cin\u00e9filo y cr\u00edtico de cine y series de televisi\u00f3n.\",\"sameAs\":[\"https:\\\/\\\/www.instagram.com\\\/cine90segundos\\\/\",\"www.linkedin.com\\\/in\\\/habemusman\",\"https:\\\/\\\/x.com\\\/habemusman\",\"https:\\\/\\\/www.youtube.com\\\/channel\\\/UCVfCiOMkJ_C7T7OpyjuaLDg\"],\"url\":\"https:\\\/\\\/exaudi.org\\\/es\\\/author\\\/gsalesexaudi-org\\\/\"}]}<\/script>\n<!-- \/ Yoast SEO plugin. -->","yoast_head_json":{"title":"El Papa en Pre\u0161ov: Contemplar Cruz y dar testimonio - Exaudi","description":"En su homil\u00eda en la Divina Liturgia de San Juan Cris\u00f3stomo de Pre\u0161ov, el Papa ha llamado a contemplar profundamente la Cruz y dar testimonio.","robots":{"index":"index","follow":"follow","max-snippet":"max-snippet:-1","max-image-preview":"max-image-preview:large","max-video-preview":"max-video-preview:-1"},"canonical":"https:\/\/exaudi.org\/es\/papa-contemplar-cruz-dar-testimonio\/","og_locale":"es_ES","og_type":"article","og_title":"El Papa en Pre\u0161ov: Contemplar Cruz y dar testimonio - Exaudi","og_description":"En su homil\u00eda en la Divina Liturgia de San Juan Cris\u00f3stomo de Pre\u0161ov, el Papa ha llamado a contemplar profundamente la Cruz y dar testimonio.","og_url":"https:\/\/exaudi.org\/es\/papa-contemplar-cruz-dar-testimonio\/","og_site_name":"Exaudi","article_publisher":"https:\/\/www.facebook.com\/ExaudiNews","article_published_time":"2021-09-14T09:28:33+00:00","article_modified_time":"2021-09-15T09:36:10+00:00","og_image":[{"width":2080,"height":1849,"url":"https:\/\/exaudi.org\/wp-content\/uploads\/2021\/09\/3v45v543.jpg","type":"image\/jpeg"}],"author":"Gabriel Sales","twitter_card":"summary_large_image","twitter_creator":"@habemusman","twitter_site":"@Exaudi_News","twitter_misc":{"Escrito por":"Gabriel Sales","Tiempo de lectura":"9 minutos"},"schema":{"@context":"https:\/\/schema.org","@graph":[{"@type":"Article","@id":"https:\/\/exaudi.org\/es\/papa-contemplar-cruz-dar-testimonio\/#article","isPartOf":{"@id":"https:\/\/exaudi.org\/es\/papa-contemplar-cruz-dar-testimonio\/"},"author":{"name":"Gabriel Sales","@id":"https:\/\/exaudi.org\/#\/schema\/person\/d134b96438278131ce90c90c03fda6cd"},"headline":"El Papa en Pre\u0161ov: Contemplar Cruz y dar testimonio","datePublished":"2021-09-14T09:28:33+00:00","dateModified":"2021-09-15T09:36:10+00:00","mainEntityOfPage":{"@id":"https:\/\/exaudi.org\/es\/papa-contemplar-cruz-dar-testimonio\/"},"wordCount":1862,"image":{"@id":"https:\/\/exaudi.org\/es\/papa-contemplar-cruz-dar-testimonio\/#primaryimage"},"thumbnailUrl":"https:\/\/exaudi.org\/wp-content\/uploads\/2021\/09\/3v45v543.jpg","keywords":["Divina Liturgia","papa francisco","Viaje Apost\u00f3lico del Papa a Budapest y Eslovaquia"],"articleSection":["Homilias","\u00daltimas noticias","Viajes","Viajes Papales"],"inLanguage":"es"},{"@type":"WebPage","@id":"https:\/\/exaudi.org\/es\/papa-contemplar-cruz-dar-testimonio\/","url":"https:\/\/exaudi.org\/es\/papa-contemplar-cruz-dar-testimonio\/","name":"El Papa en Pre\u0161ov: Contemplar Cruz y dar testimonio - Exaudi","isPartOf":{"@id":"https:\/\/exaudi.org\/#website"},"primaryImageOfPage":{"@id":"https:\/\/exaudi.org\/es\/papa-contemplar-cruz-dar-testimonio\/#primaryimage"},"image":{"@id":"https:\/\/exaudi.org\/es\/papa-contemplar-cruz-dar-testimonio\/#primaryimage"},"thumbnailUrl":"https:\/\/exaudi.org\/wp-content\/uploads\/2021\/09\/3v45v543.jpg","datePublished":"2021-09-14T09:28:33+00:00","dateModified":"2021-09-15T09:36:10+00:00","author":{"@id":"https:\/\/exaudi.org\/#\/schema\/person\/d134b96438278131ce90c90c03fda6cd"},"description":"En su homil\u00eda en la Divina Liturgia de San Juan Cris\u00f3stomo de Pre\u0161ov, el Papa ha llamado a contemplar profundamente la Cruz y dar testimonio.","breadcrumb":{"@id":"https:\/\/exaudi.org\/es\/papa-contemplar-cruz-dar-testimonio\/#breadcrumb"},"inLanguage":"es","potentialAction":[{"@type":"ReadAction","target":["https:\/\/exaudi.org\/es\/papa-contemplar-cruz-dar-testimonio\/"]}]},{"@type":"ImageObject","inLanguage":"es","@id":"https:\/\/exaudi.org\/es\/papa-contemplar-cruz-dar-testimonio\/#primaryimage","url":"https:\/\/exaudi.org\/wp-content\/uploads\/2021\/09\/3v45v543.jpg","contentUrl":"https:\/\/exaudi.org\/wp-content\/uploads\/2021\/09\/3v45v543.jpg","width":2080,"height":1849,"caption":"El Papa en la Divina Liturgia de Pre\u0161ov, 14 de septiembre de 2021 \u00a9 Vatican Media"},{"@type":"BreadcrumbList","@id":"https:\/\/exaudi.org\/es\/papa-contemplar-cruz-dar-testimonio\/#breadcrumb","itemListElement":[{"@type":"ListItem","position":1,"name":"Portada","item":"https:\/\/exaudi.org\/es\/"},{"@type":"ListItem","position":2,"name":"El Papa en Pre\u0161ov: Contemplar Cruz y dar testimonio"}]},{"@type":"WebSite","@id":"https:\/\/exaudi.org\/#website","url":"https:\/\/exaudi.org\/","name":"Exaudi","description":"News","potentialAction":[{"@type":"SearchAction","target":{"@type":"EntryPoint","urlTemplate":"https:\/\/exaudi.org\/?s={search_term_string}"},"query-input":{"@type":"PropertyValueSpecification","valueRequired":true,"valueName":"search_term_string"}}],"inLanguage":"es"},{"@type":"Person","@id":"https:\/\/exaudi.org\/#\/schema\/person\/d134b96438278131ce90c90c03fda6cd","name":"Gabriel Sales","image":{"@type":"ImageObject","inLanguage":"es","@id":"https:\/\/secure.gravatar.com\/avatar\/9b1269566f6a063ed26ffb3532b66a373cdde231ce5d0effb266167437fdaffd?s=96&d=mm&r=g","url":"https:\/\/secure.gravatar.com\/avatar\/9b1269566f6a063ed26ffb3532b66a373cdde231ce5d0effb266167437fdaffd?s=96&d=mm&r=g","contentUrl":"https:\/\/secure.gravatar.com\/avatar\/9b1269566f6a063ed26ffb3532b66a373cdde231ce5d0effb266167437fdaffd?s=96&d=mm&r=g","caption":"Gabriel Sales"},"description":"Periodista y especialista en Comunicaci\u00f3n y Branding digital. Cin\u00e9filo y cr\u00edtico de cine y series de televisi\u00f3n.","sameAs":["https:\/\/www.instagram.com\/cine90segundos\/","www.linkedin.com\/in\/habemusman","https:\/\/x.com\/habemusman","https:\/\/www.youtube.com\/channel\/UCVfCiOMkJ_C7T7OpyjuaLDg"],"url":"https:\/\/exaudi.org\/es\/author\/gsalesexaudi-org\/"}]}},"jetpack_featured_media_url":"https:\/\/exaudi.org\/wp-content\/uploads\/2021\/09\/3v45v543.jpg","jetpack_shortlink":"https:\/\/wp.me\/pgKjF2-8EJ","_links":{"self":[{"href":"https:\/\/exaudi.org\/es\/wp-json\/wp\/v2\/posts\/33277","targetHints":{"allow":["GET"]}}],"collection":[{"href":"https:\/\/exaudi.org\/es\/wp-json\/wp\/v2\/posts"}],"about":[{"href":"https:\/\/exaudi.org\/es\/wp-json\/wp\/v2\/types\/post"}],"author":[{"embeddable":true,"href":"https:\/\/exaudi.org\/es\/wp-json\/wp\/v2\/users\/6"}],"replies":[{"embeddable":true,"href":"https:\/\/exaudi.org\/es\/wp-json\/wp\/v2\/comments?post=33277"}],"version-history":[{"count":0,"href":"https:\/\/exaudi.org\/es\/wp-json\/wp\/v2\/posts\/33277\/revisions"}],"wp:featuredmedia":[{"embeddable":true,"href":"https:\/\/exaudi.org\/es\/wp-json\/wp\/v2\/media\/33298"}],"wp:attachment":[{"href":"https:\/\/exaudi.org\/es\/wp-json\/wp\/v2\/media?parent=33277"}],"wp:term":[{"taxonomy":"category","embeddable":true,"href":"https:\/\/exaudi.org\/es\/wp-json\/wp\/v2\/categories?post=33277"},{"taxonomy":"post_tag","embeddable":true,"href":"https:\/\/exaudi.org\/es\/wp-json\/wp\/v2\/tags?post=33277"}],"curies":[{"name":"wp","href":"https:\/\/api.w.org\/{rel}","templated":true}]}}