{"id":33118,"date":"2021-09-13T12:38:39","date_gmt":"2021-09-13T10:38:39","guid":{"rendered":"https:\/\/exaudi.wpengine.com\/?p=33118"},"modified":"2021-09-14T11:28:34","modified_gmt":"2021-09-14T09:28:34","slug":"encuentro-familiar-papa-jesuitas-eslovaquia","status":"publish","type":"post","link":"https:\/\/exaudi.org\/es\/encuentro-familiar-papa-jesuitas-eslovaquia\/","title":{"rendered":"\u201cEncuentro familiar\u201d del Papa con hermanos jesuitas de Eslovaquia"},"content":{"rendered":"<p>Al final de la jornada de ayer, 12 de septiembre de 2021, el Papa Francisco se reuni\u00f3 en privado durante 1 y media con 53 hermanos jesuitas de toda Eslovaquia en la Nunciatura Apost\u00f3lica de Bratislava.<\/p>\n<figure id=\"attachment_33128\" aria-describedby=\"caption-attachment-33128\" style=\"width: 225px\" class=\"wp-caption alignleft\"><img loading=\"lazy\" decoding=\"async\" class=\"wp-image-33128 size-medium\" src=\"https:\/\/exaudi.wpengine.com\/wp-content\/uploads\/2021\/09\/E_GTwTbXIAER8vq-225x300.jpg\" alt=\"\" width=\"225\" height=\"300\" srcset=\"https:\/\/exaudi.org\/wp-content\/uploads\/2021\/09\/E_GTwTbXIAER8vq-225x300.jpg 225w, https:\/\/exaudi.org\/wp-content\/uploads\/2021\/09\/E_GTwTbXIAER8vq-768x1024.jpg 768w, https:\/\/exaudi.org\/wp-content\/uploads\/2021\/09\/E_GTwTbXIAER8vq-1152x1536.jpg 1152w, https:\/\/exaudi.org\/wp-content\/uploads\/2021\/09\/E_GTwTbXIAER8vq-1536x2048.jpg 1536w, https:\/\/exaudi.org\/wp-content\/uploads\/2021\/09\/E_GTwTbXIAER8vq-150x200.jpg?crop=1 150w, https:\/\/exaudi.org\/wp-content\/uploads\/2021\/09\/E_GTwTbXIAER8vq-300x400.jpg?crop=1 300w, https:\/\/exaudi.org\/wp-content\/uploads\/2021\/09\/E_GTwTbXIAER8vq-696x928.jpg 696w, https:\/\/exaudi.org\/wp-content\/uploads\/2021\/09\/E_GTwTbXIAER8vq-1068x1424.jpg 1068w, https:\/\/exaudi.org\/wp-content\/uploads\/2021\/09\/E_GTwTbXIAER8vq-scaled.jpg 1920w, https:\/\/exaudi.org\/wp-content\/uploads\/2021\/09\/E_GTwTbXIAER8vq-315x420.jpg 315w\" sizes=\"auto, (max-width: 225px) 100vw, 225px\" \/><figcaption id=\"caption-attachment-33128\" class=\"wp-caption-text\">El Papa Francisco con jesuitas en Eslovaquia, 12 septiembre 2021 \u00a9 Twitter.Antonio Spadaro<\/figcaption><\/figure>\n<p><span style=\"color: #222222;font-size: 15px\">El encuentro con los miembros de la Compa\u00f1\u00eda de Jes\u00fas de la Iglesia local es una tradici\u00f3n en los viajes del actual Pont\u00edfice. <\/span>Seg\u00fan informa Vatican News, el Santo Padre escuch\u00f3 las preguntas de los jesuitas, hizo algunas \u00e9l mismo, \u201calent\u00f3 su misi\u00f3n en una \u00e9poca de secularizaci\u00f3n y ca\u00edda de las vocaciones\u201d y \u201cno pareci\u00f3 cansado ni una sola vez, como cuentan los presentes\u201d<\/p>\n<p>Todo ello, a pesar del intenso programa del primer d\u00eda de su 32\u00ba viaje apost\u00f3lico internacional, que le llev\u00f3 a presidir la Misa de <a href=\"https:\/\/exaudi.wpengine.com\/es\/papa-clausura-52-congreso-eucaristico-budapest\/\" target=\"_blank\" rel=\"noopener\">clausura<\/a> del <a href=\"https:\/\/www.iec2020.hu\/es\" target=\"_blank\" rel=\"noopener\">52\u00ba Congreso Eucar\u00edstico Internacional<\/a> y distintos actos en Budapest, Hungr\u00eda, y despu\u00e9s a continuar con actividades en la capital de <a href=\"https:\/\/exaudi.wpengine.com\/es\/viaje-eslovaquia-papa-francisco-bratislava\/\" target=\"_blank\" rel=\"noopener\">Eslovaquia<\/a>.<\/p>\n<p><strong>\u201cUn encuentro familiar\u201d<\/strong><\/p>\n<p>\u201cHa ido muy bien, en un ambiente de serenidad\u201d, cont\u00f3 el padre Jozef Bartkovjak, jefe de la secci\u00f3n eslovaca de Radio Vaticano Noticias y corresponsal en Bratislava, que estuvo presente en esta cita, descrita como \u201cun encuentro familiar\u201d.<\/p>\n<p>Aunque Francisco acababa de participar en la reuni\u00f3n con el <a href=\"https:\/\/exaudi.wpengine.com\/es\/papa-lideres-cristianos-eslovacos-contemplacion-caridad-pobres\/\" target=\"_blank\" rel=\"noopener\">Consejo Ecum\u00e9nico de las Iglesias<\/a> de Eslovaquia y todav\u00eda no hab\u00eda cenado, \u201cestaba bastante fresco\u201d. \u201cYa hab\u00eda hecho varias cosas, pero estaba totalmente presente, bromeaba, estaba animado. Nos dio la impresi\u00f3n de que nos hab\u00edamos reunido con una persona muy querida, con la que es un placer estar juntos. Una persona a la que conocemos, pero a la que no conoc\u00edamos de cerca. Escuchamos sus palabras y pudimos decirle lo que deseamos, lo que hacemos\u201d, relata el padre.<\/p>\n<h4><strong>Continuar la misi\u00f3n en Eslovaquia<\/strong><\/h4>\n<p>El Papa anim\u00f3 a los 53 jesuitas presentes, de los 80 que viven en Eslovaquia, a continuar su misi\u00f3n en el pa\u00eds. Esta es llevada a cabo a trav\u00e9s de diversos apostolados, con un especial enfoque en la educaci\u00f3n y la formaci\u00f3n, en una Facultad de Teolog\u00eda y en dos Casas de Ejercicios Espirituales, que permanecieron activas incluso durante los a\u00f1os del r\u00e9gimen comunista.<\/p>\n<figure id=\"attachment_33125\" aria-describedby=\"caption-attachment-33125\" style=\"width: 300px\" class=\"wp-caption alignright\"><img loading=\"lazy\" decoding=\"async\" class=\"wp-image-33125 size-medium\" src=\"https:\/\/exaudi.wpengine.com\/wp-content\/uploads\/2021\/09\/E_GHkyQXEAMe6cv-300x225.jpg\" alt=\"\" width=\"300\" height=\"225\" srcset=\"https:\/\/exaudi.org\/wp-content\/uploads\/2021\/09\/E_GHkyQXEAMe6cv-300x225.jpg 300w, https:\/\/exaudi.org\/wp-content\/uploads\/2021\/09\/E_GHkyQXEAMe6cv-1024x768.jpg 1024w, https:\/\/exaudi.org\/wp-content\/uploads\/2021\/09\/E_GHkyQXEAMe6cv-768x576.jpg 768w, https:\/\/exaudi.org\/wp-content\/uploads\/2021\/09\/E_GHkyQXEAMe6cv-1536x1152.jpg 1536w, https:\/\/exaudi.org\/wp-content\/uploads\/2021\/09\/E_GHkyQXEAMe6cv-2048x1536.jpg 2048w, https:\/\/exaudi.org\/wp-content\/uploads\/2021\/09\/E_GHkyQXEAMe6cv-150x113.jpg 150w, https:\/\/exaudi.org\/wp-content\/uploads\/2021\/09\/E_GHkyQXEAMe6cv-696x522.jpg 696w, https:\/\/exaudi.org\/wp-content\/uploads\/2021\/09\/E_GHkyQXEAMe6cv-1068x801.jpg 1068w, https:\/\/exaudi.org\/wp-content\/uploads\/2021\/09\/E_GHkyQXEAMe6cv-1920x1440.jpg 1920w, https:\/\/exaudi.org\/wp-content\/uploads\/2021\/09\/E_GHkyQXEAMe6cv-560x420.jpg 560w, https:\/\/exaudi.org\/wp-content\/uploads\/2021\/09\/E_GHkyQXEAMe6cv-80x60.jpg 80w, https:\/\/exaudi.org\/wp-content\/uploads\/2021\/09\/E_GHkyQXEAMe6cv-265x198.jpg 265w\" sizes=\"auto, (max-width: 300px) 100vw, 300px\" \/><figcaption id=\"caption-attachment-33125\" class=\"wp-caption-text\">El Papa Francisco con jesuitas en Eslovaquia, 12 septiembre 2021 \u00a9 Twitter.Antonio Spadaro<\/figcaption><\/figure>\n<p>Esto supone un gran est\u00edmulo en los dif\u00edciles tiempos actuales, marcados por la pandemia del COVID-19, por la secularizaci\u00f3n que impregna toda Europa y el descenso de la poblaci\u00f3n y de las vocaciones. \u201cEn el pasado\u201d, explica el padre Jozef, \u201cen la Iglesia clandestina durante el r\u00e9gimen comunista, los jesuitas daban formaci\u00f3n a los nuevos miembros, casi como un noviciado oculto. De este modo, en nuestra provincia no se salt\u00f3 ninguna generaci\u00f3n, se cubrieron todos los a\u00f1os, incluso durante el comunismo\u201d.<\/p>\n<h4><strong>El aliento del Santo Padre<\/strong><\/h4>\n<p>El religioso no niega los grandes retos a los que se enfrentan en este momento, sin embargo, \u201ctener tanto aliento del Papa, que realmente nos hizo sentir su presencia, que apreci\u00f3 lo que hacemos a pesar de las dificultades, nos ayud\u00f3 a no desfallecer\u201d. \u201cTodos los jesuitas, de hecho\u201d, explic\u00f3 Bartkovjak, \u201cque vinculan su vocaci\u00f3n a la del Sucesor de Pedro sentimos reforzada nuestra identidad. Estar cerca del Papa y no sentir ning\u00fan bloqueo fue como una caricia\u201d.<\/p>\n<p>El medio Vaticano se\u00f1ala que el que esta reuni\u00f3n se celebrara con car\u00e1cter confidencial, a puerta cerrada y sin la presencia de los medios, permiti\u00f3 que fuera a\u00fan m\u00e1s libre y familiar. Los asistentes, por su parte, no compartieron el contenido de la misma, pero s\u00ed comentaron el estado de \u00e1nimo de Su Santidad.<\/p>\n<p>\u201cComo ya he dicho, todo fue muy espont\u00e1neo. Los jesuitas presentes, pero tambi\u00e9n el Santo Padre, formularon varias preguntas. Pod\u00edamos hablar de todo, con mucha libertad\u201d. Tras una foto de grupo, el encuentro finaliz\u00f3 y si \u201cel Santo Padre parec\u00eda satisfecho\u201d, los jesuitas manifestaron estar \u201c100% satisfechos, de hecho 200% satisfechos\u201d.<\/p>\n","protected":false},"excerpt":{"rendered":"<p>Tradici\u00f3n en los viajes del Francisco, visitar a sus hermanos<\/p>\n","protected":false},"author":5,"featured_media":33122,"comment_status":"closed","ping_status":"closed","sticky":false,"template":"","format":"standard","meta":{"_acf_changed":false,"_crdt_document":"","inline_featured_image":false,"footnotes":""},"categories":[298,120,126],"tags":[4118,3127,2576,158,3430],"class_list":["post-33118","post","type-post","status-publish","format-standard","has-post-thumbnail","hentry","category-ultimas-noticias","category-viajes","category-viajes-papales","tag-bratislava","tag-eslovaquia","tag-jesuitas","tag-papa-francisco","tag-viaje-apostolico-del-papa-a-budapest-y-eslovaquia"],"acf":[],"yoast_head":"<!-- This site is optimized with the Yoast SEO plugin v27.4 - https:\/\/yoast.com\/product\/yoast-seo-wordpress\/ -->\n<title>\u201cEncuentro familiar\u201d del Papa con hermanos jesuitas de Eslovaquia &#8211; Exaudi<\/title>\n<meta name=\"description\" content=\"Al final de la jornada de ayer el Papa Francisco se reuni\u00f3 en privado con 53 hermanos jesuitas de toda Eslovaquia en Bratislava\" \/>\n<meta name=\"robots\" content=\"index, follow, max-snippet:-1, max-image-preview:large, max-video-preview:-1\" \/>\n<link rel=\"canonical\" href=\"https:\/\/exaudi.org\/es\/encuentro-familiar-papa-jesuitas-eslovaquia\/\" \/>\n<meta property=\"og:locale\" content=\"es_ES\" \/>\n<meta property=\"og:type\" content=\"article\" \/>\n<meta property=\"og:title\" content=\"\u201cEncuentro familiar\u201d del Papa con hermanos jesuitas de Eslovaquia &#8211; Exaudi\" \/>\n<meta property=\"og:description\" content=\"Al final de la jornada de ayer el Papa Francisco se reuni\u00f3 en privado con 53 hermanos jesuitas de toda Eslovaquia en Bratislava\" \/>\n<meta property=\"og:url\" content=\"https:\/\/exaudi.org\/es\/encuentro-familiar-papa-jesuitas-eslovaquia\/\" \/>\n<meta property=\"og:site_name\" content=\"Exaudi\" \/>\n<meta property=\"article:publisher\" content=\"https:\/\/www.facebook.com\/ExaudiNews\" \/>\n<meta property=\"article:published_time\" content=\"2021-09-13T10:38:39+00:00\" \/>\n<meta property=\"article:modified_time\" content=\"2021-09-14T09:28:34+00:00\" \/>\n<meta property=\"og:image\" content=\"https:\/\/exaudi.org\/wp-content\/uploads\/2021\/09\/El-Papa-Francisco-se-reune-con-sus-hermanos-jesuitas-en-Eslovaquia.jpeg\" \/>\n\t<meta property=\"og:image:width\" content=\"1500\" \/>\n\t<meta property=\"og:image:height\" content=\"844\" \/>\n\t<meta property=\"og:image:type\" content=\"image\/jpeg\" \/>\n<meta name=\"author\" content=\"Larissa I. L\u00f3pez\" \/>\n<meta name=\"twitter:card\" content=\"summary_large_image\" \/>\n<meta name=\"twitter:creator\" content=\"@Exaudi_News\" \/>\n<meta name=\"twitter:site\" content=\"@Exaudi_News\" \/>\n<meta name=\"twitter:label1\" content=\"Escrito por\" \/>\n\t<meta name=\"twitter:data1\" content=\"Larissa I. L\u00f3pez\" \/>\n\t<meta name=\"twitter:label2\" content=\"Tiempo de lectura\" \/>\n\t<meta name=\"twitter:data2\" content=\"4 minutos\" \/>\n<script type=\"application\/ld+json\" class=\"yoast-schema-graph\">{\"@context\":\"https:\\\/\\\/schema.org\",\"@graph\":[{\"@type\":\"Article\",\"@id\":\"https:\\\/\\\/exaudi.org\\\/es\\\/encuentro-familiar-papa-jesuitas-eslovaquia\\\/#article\",\"isPartOf\":{\"@id\":\"https:\\\/\\\/exaudi.org\\\/es\\\/encuentro-familiar-papa-jesuitas-eslovaquia\\\/\"},\"author\":{\"name\":\"Larissa I. L\u00f3pez\",\"@id\":\"https:\\\/\\\/exaudi.org\\\/#\\\/schema\\\/person\\\/7d2f77db033c2c0929edfab6dbe8c588\"},\"headline\":\"\u201cEncuentro familiar\u201d del Papa con hermanos jesuitas de Eslovaquia\",\"datePublished\":\"2021-09-13T10:38:39+00:00\",\"dateModified\":\"2021-09-14T09:28:34+00:00\",\"mainEntityOfPage\":{\"@id\":\"https:\\\/\\\/exaudi.org\\\/es\\\/encuentro-familiar-papa-jesuitas-eslovaquia\\\/\"},\"wordCount\":701,\"image\":{\"@id\":\"https:\\\/\\\/exaudi.org\\\/es\\\/encuentro-familiar-papa-jesuitas-eslovaquia\\\/#primaryimage\"},\"thumbnailUrl\":\"https:\\\/\\\/exaudi.org\\\/wp-content\\\/uploads\\\/2021\\\/09\\\/El-Papa-Francisco-se-reune-con-sus-hermanos-jesuitas-en-Eslovaquia.jpeg\",\"keywords\":[\"Bratislava\",\"Eslovaquia\",\"Jesuitas\",\"papa francisco\",\"Viaje Apost\u00f3lico del Papa a Budapest y Eslovaquia\"],\"articleSection\":[\"\u00daltimas noticias\",\"Viajes\",\"Viajes Papales\"],\"inLanguage\":\"es\"},{\"@type\":\"WebPage\",\"@id\":\"https:\\\/\\\/exaudi.org\\\/es\\\/encuentro-familiar-papa-jesuitas-eslovaquia\\\/\",\"url\":\"https:\\\/\\\/exaudi.org\\\/es\\\/encuentro-familiar-papa-jesuitas-eslovaquia\\\/\",\"name\":\"\u201cEncuentro familiar\u201d del Papa con hermanos jesuitas de Eslovaquia &#8211; Exaudi\",\"isPartOf\":{\"@id\":\"https:\\\/\\\/exaudi.org\\\/#website\"},\"primaryImageOfPage\":{\"@id\":\"https:\\\/\\\/exaudi.org\\\/es\\\/encuentro-familiar-papa-jesuitas-eslovaquia\\\/#primaryimage\"},\"image\":{\"@id\":\"https:\\\/\\\/exaudi.org\\\/es\\\/encuentro-familiar-papa-jesuitas-eslovaquia\\\/#primaryimage\"},\"thumbnailUrl\":\"https:\\\/\\\/exaudi.org\\\/wp-content\\\/uploads\\\/2021\\\/09\\\/El-Papa-Francisco-se-reune-con-sus-hermanos-jesuitas-en-Eslovaquia.jpeg\",\"datePublished\":\"2021-09-13T10:38:39+00:00\",\"dateModified\":\"2021-09-14T09:28:34+00:00\",\"author\":{\"@id\":\"https:\\\/\\\/exaudi.org\\\/#\\\/schema\\\/person\\\/7d2f77db033c2c0929edfab6dbe8c588\"},\"description\":\"Al final de la jornada de ayer el Papa Francisco se reuni\u00f3 en privado con 53 hermanos jesuitas de toda Eslovaquia en Bratislava\",\"breadcrumb\":{\"@id\":\"https:\\\/\\\/exaudi.org\\\/es\\\/encuentro-familiar-papa-jesuitas-eslovaquia\\\/#breadcrumb\"},\"inLanguage\":\"es\",\"potentialAction\":[{\"@type\":\"ReadAction\",\"target\":[\"https:\\\/\\\/exaudi.org\\\/es\\\/encuentro-familiar-papa-jesuitas-eslovaquia\\\/\"]}]},{\"@type\":\"ImageObject\",\"inLanguage\":\"es\",\"@id\":\"https:\\\/\\\/exaudi.org\\\/es\\\/encuentro-familiar-papa-jesuitas-eslovaquia\\\/#primaryimage\",\"url\":\"https:\\\/\\\/exaudi.org\\\/wp-content\\\/uploads\\\/2021\\\/09\\\/El-Papa-Francisco-se-reune-con-sus-hermanos-jesuitas-en-Eslovaquia.jpeg\",\"contentUrl\":\"https:\\\/\\\/exaudi.org\\\/wp-content\\\/uploads\\\/2021\\\/09\\\/El-Papa-Francisco-se-reune-con-sus-hermanos-jesuitas-en-Eslovaquia.jpeg\",\"width\":1500,\"height\":844,\"caption\":\"El Papa Francisco se re\u00fane con sus hermanos jesuitas en Eslovaquia, 12 septiembre 2021 \u00a9 Vatican Media\"},{\"@type\":\"BreadcrumbList\",\"@id\":\"https:\\\/\\\/exaudi.org\\\/es\\\/encuentro-familiar-papa-jesuitas-eslovaquia\\\/#breadcrumb\",\"itemListElement\":[{\"@type\":\"ListItem\",\"position\":1,\"name\":\"Portada\",\"item\":\"https:\\\/\\\/exaudi.org\\\/es\\\/\"},{\"@type\":\"ListItem\",\"position\":2,\"name\":\"\u201cEncuentro familiar\u201d del Papa con hermanos jesuitas de Eslovaquia\"}]},{\"@type\":\"WebSite\",\"@id\":\"https:\\\/\\\/exaudi.org\\\/#website\",\"url\":\"https:\\\/\\\/exaudi.org\\\/\",\"name\":\"Exaudi\",\"description\":\"News\",\"potentialAction\":[{\"@type\":\"SearchAction\",\"target\":{\"@type\":\"EntryPoint\",\"urlTemplate\":\"https:\\\/\\\/exaudi.org\\\/?s={search_term_string}\"},\"query-input\":{\"@type\":\"PropertyValueSpecification\",\"valueRequired\":true,\"valueName\":\"search_term_string\"}}],\"inLanguage\":\"es\"},{\"@type\":\"Person\",\"@id\":\"https:\\\/\\\/exaudi.org\\\/#\\\/schema\\\/person\\\/7d2f77db033c2c0929edfab6dbe8c588\",\"name\":\"Larissa I. L\u00f3pez\",\"image\":{\"@type\":\"ImageObject\",\"inLanguage\":\"es\",\"@id\":\"https:\\\/\\\/secure.gravatar.com\\\/avatar\\\/db3ef399ff343d0bb9d25dc5198bc8ece5ac6d621eca79876697a354dabc1e3f?s=96&d=mm&r=g\",\"url\":\"https:\\\/\\\/secure.gravatar.com\\\/avatar\\\/db3ef399ff343d0bb9d25dc5198bc8ece5ac6d621eca79876697a354dabc1e3f?s=96&d=mm&r=g\",\"contentUrl\":\"https:\\\/\\\/secure.gravatar.com\\\/avatar\\\/db3ef399ff343d0bb9d25dc5198bc8ece5ac6d621eca79876697a354dabc1e3f?s=96&d=mm&r=g\",\"caption\":\"Larissa I. L\u00f3pez\"},\"description\":\"Doctora en Comunicaci\u00f3n. Mi trayectoria profesional ha transcurrido entre el \u00e1mbito de la comunicaci\u00f3n y el de la docencia. En los \u00faltimos a\u00f1os, he trabajado como coordinadora y redactora de la edici\u00f3n de ZENIT en espa\u00f1ol. Como profesora, he impartido clases en la universidad y en centros de FP y bachillerato. Cordobesa de nacimiento, tambi\u00e9n he vivido en Sevilla, Madrid y Roma\",\"url\":\"https:\\\/\\\/exaudi.org\\\/es\\\/author\\\/llopezexaudi-org\\\/\"}]}<\/script>\n<!-- \/ Yoast SEO plugin. -->","yoast_head_json":{"title":"\u201cEncuentro familiar\u201d del Papa con hermanos jesuitas de Eslovaquia &#8211; Exaudi","description":"Al final de la jornada de ayer el Papa Francisco se reuni\u00f3 en privado con 53 hermanos jesuitas de toda Eslovaquia en Bratislava","robots":{"index":"index","follow":"follow","max-snippet":"max-snippet:-1","max-image-preview":"max-image-preview:large","max-video-preview":"max-video-preview:-1"},"canonical":"https:\/\/exaudi.org\/es\/encuentro-familiar-papa-jesuitas-eslovaquia\/","og_locale":"es_ES","og_type":"article","og_title":"\u201cEncuentro familiar\u201d del Papa con hermanos jesuitas de Eslovaquia &#8211; Exaudi","og_description":"Al final de la jornada de ayer el Papa Francisco se reuni\u00f3 en privado con 53 hermanos jesuitas de toda Eslovaquia en Bratislava","og_url":"https:\/\/exaudi.org\/es\/encuentro-familiar-papa-jesuitas-eslovaquia\/","og_site_name":"Exaudi","article_publisher":"https:\/\/www.facebook.com\/ExaudiNews","article_published_time":"2021-09-13T10:38:39+00:00","article_modified_time":"2021-09-14T09:28:34+00:00","og_image":[{"width":1500,"height":844,"url":"https:\/\/exaudi.org\/wp-content\/uploads\/2021\/09\/El-Papa-Francisco-se-reune-con-sus-hermanos-jesuitas-en-Eslovaquia.jpeg","type":"image\/jpeg"}],"author":"Larissa I. L\u00f3pez","twitter_card":"summary_large_image","twitter_creator":"@Exaudi_News","twitter_site":"@Exaudi_News","twitter_misc":{"Escrito por":"Larissa I. L\u00f3pez","Tiempo de lectura":"4 minutos"},"schema":{"@context":"https:\/\/schema.org","@graph":[{"@type":"Article","@id":"https:\/\/exaudi.org\/es\/encuentro-familiar-papa-jesuitas-eslovaquia\/#article","isPartOf":{"@id":"https:\/\/exaudi.org\/es\/encuentro-familiar-papa-jesuitas-eslovaquia\/"},"author":{"name":"Larissa I. L\u00f3pez","@id":"https:\/\/exaudi.org\/#\/schema\/person\/7d2f77db033c2c0929edfab6dbe8c588"},"headline":"\u201cEncuentro familiar\u201d del Papa con hermanos jesuitas de Eslovaquia","datePublished":"2021-09-13T10:38:39+00:00","dateModified":"2021-09-14T09:28:34+00:00","mainEntityOfPage":{"@id":"https:\/\/exaudi.org\/es\/encuentro-familiar-papa-jesuitas-eslovaquia\/"},"wordCount":701,"image":{"@id":"https:\/\/exaudi.org\/es\/encuentro-familiar-papa-jesuitas-eslovaquia\/#primaryimage"},"thumbnailUrl":"https:\/\/exaudi.org\/wp-content\/uploads\/2021\/09\/El-Papa-Francisco-se-reune-con-sus-hermanos-jesuitas-en-Eslovaquia.jpeg","keywords":["Bratislava","Eslovaquia","Jesuitas","papa francisco","Viaje Apost\u00f3lico del Papa a Budapest y Eslovaquia"],"articleSection":["\u00daltimas noticias","Viajes","Viajes Papales"],"inLanguage":"es"},{"@type":"WebPage","@id":"https:\/\/exaudi.org\/es\/encuentro-familiar-papa-jesuitas-eslovaquia\/","url":"https:\/\/exaudi.org\/es\/encuentro-familiar-papa-jesuitas-eslovaquia\/","name":"\u201cEncuentro familiar\u201d del Papa con hermanos jesuitas de Eslovaquia &#8211; Exaudi","isPartOf":{"@id":"https:\/\/exaudi.org\/#website"},"primaryImageOfPage":{"@id":"https:\/\/exaudi.org\/es\/encuentro-familiar-papa-jesuitas-eslovaquia\/#primaryimage"},"image":{"@id":"https:\/\/exaudi.org\/es\/encuentro-familiar-papa-jesuitas-eslovaquia\/#primaryimage"},"thumbnailUrl":"https:\/\/exaudi.org\/wp-content\/uploads\/2021\/09\/El-Papa-Francisco-se-reune-con-sus-hermanos-jesuitas-en-Eslovaquia.jpeg","datePublished":"2021-09-13T10:38:39+00:00","dateModified":"2021-09-14T09:28:34+00:00","author":{"@id":"https:\/\/exaudi.org\/#\/schema\/person\/7d2f77db033c2c0929edfab6dbe8c588"},"description":"Al final de la jornada de ayer el Papa Francisco se reuni\u00f3 en privado con 53 hermanos jesuitas de toda Eslovaquia en Bratislava","breadcrumb":{"@id":"https:\/\/exaudi.org\/es\/encuentro-familiar-papa-jesuitas-eslovaquia\/#breadcrumb"},"inLanguage":"es","potentialAction":[{"@type":"ReadAction","target":["https:\/\/exaudi.org\/es\/encuentro-familiar-papa-jesuitas-eslovaquia\/"]}]},{"@type":"ImageObject","inLanguage":"es","@id":"https:\/\/exaudi.org\/es\/encuentro-familiar-papa-jesuitas-eslovaquia\/#primaryimage","url":"https:\/\/exaudi.org\/wp-content\/uploads\/2021\/09\/El-Papa-Francisco-se-reune-con-sus-hermanos-jesuitas-en-Eslovaquia.jpeg","contentUrl":"https:\/\/exaudi.org\/wp-content\/uploads\/2021\/09\/El-Papa-Francisco-se-reune-con-sus-hermanos-jesuitas-en-Eslovaquia.jpeg","width":1500,"height":844,"caption":"El Papa Francisco se re\u00fane con sus hermanos jesuitas en Eslovaquia, 12 septiembre 2021 \u00a9 Vatican Media"},{"@type":"BreadcrumbList","@id":"https:\/\/exaudi.org\/es\/encuentro-familiar-papa-jesuitas-eslovaquia\/#breadcrumb","itemListElement":[{"@type":"ListItem","position":1,"name":"Portada","item":"https:\/\/exaudi.org\/es\/"},{"@type":"ListItem","position":2,"name":"\u201cEncuentro familiar\u201d del Papa con hermanos jesuitas de Eslovaquia"}]},{"@type":"WebSite","@id":"https:\/\/exaudi.org\/#website","url":"https:\/\/exaudi.org\/","name":"Exaudi","description":"News","potentialAction":[{"@type":"SearchAction","target":{"@type":"EntryPoint","urlTemplate":"https:\/\/exaudi.org\/?s={search_term_string}"},"query-input":{"@type":"PropertyValueSpecification","valueRequired":true,"valueName":"search_term_string"}}],"inLanguage":"es"},{"@type":"Person","@id":"https:\/\/exaudi.org\/#\/schema\/person\/7d2f77db033c2c0929edfab6dbe8c588","name":"Larissa I. L\u00f3pez","image":{"@type":"ImageObject","inLanguage":"es","@id":"https:\/\/secure.gravatar.com\/avatar\/db3ef399ff343d0bb9d25dc5198bc8ece5ac6d621eca79876697a354dabc1e3f?s=96&d=mm&r=g","url":"https:\/\/secure.gravatar.com\/avatar\/db3ef399ff343d0bb9d25dc5198bc8ece5ac6d621eca79876697a354dabc1e3f?s=96&d=mm&r=g","contentUrl":"https:\/\/secure.gravatar.com\/avatar\/db3ef399ff343d0bb9d25dc5198bc8ece5ac6d621eca79876697a354dabc1e3f?s=96&d=mm&r=g","caption":"Larissa I. L\u00f3pez"},"description":"Doctora en Comunicaci\u00f3n. Mi trayectoria profesional ha transcurrido entre el \u00e1mbito de la comunicaci\u00f3n y el de la docencia. En los \u00faltimos a\u00f1os, he trabajado como coordinadora y redactora de la edici\u00f3n de ZENIT en espa\u00f1ol. Como profesora, he impartido clases en la universidad y en centros de FP y bachillerato. Cordobesa de nacimiento, tambi\u00e9n he vivido en Sevilla, Madrid y Roma","url":"https:\/\/exaudi.org\/es\/author\/llopezexaudi-org\/"}]}},"jetpack_featured_media_url":"https:\/\/exaudi.org\/wp-content\/uploads\/2021\/09\/El-Papa-Francisco-se-reune-con-sus-hermanos-jesuitas-en-Eslovaquia.jpeg","jetpack_shortlink":"https:\/\/wp.me\/pgKjF2-8Ca","_links":{"self":[{"href":"https:\/\/exaudi.org\/es\/wp-json\/wp\/v2\/posts\/33118","targetHints":{"allow":["GET"]}}],"collection":[{"href":"https:\/\/exaudi.org\/es\/wp-json\/wp\/v2\/posts"}],"about":[{"href":"https:\/\/exaudi.org\/es\/wp-json\/wp\/v2\/types\/post"}],"author":[{"embeddable":true,"href":"https:\/\/exaudi.org\/es\/wp-json\/wp\/v2\/users\/5"}],"replies":[{"embeddable":true,"href":"https:\/\/exaudi.org\/es\/wp-json\/wp\/v2\/comments?post=33118"}],"version-history":[{"count":0,"href":"https:\/\/exaudi.org\/es\/wp-json\/wp\/v2\/posts\/33118\/revisions"}],"wp:featuredmedia":[{"embeddable":true,"href":"https:\/\/exaudi.org\/es\/wp-json\/wp\/v2\/media\/33122"}],"wp:attachment":[{"href":"https:\/\/exaudi.org\/es\/wp-json\/wp\/v2\/media?parent=33118"}],"wp:term":[{"taxonomy":"category","embeddable":true,"href":"https:\/\/exaudi.org\/es\/wp-json\/wp\/v2\/categories?post=33118"},{"taxonomy":"post_tag","embeddable":true,"href":"https:\/\/exaudi.org\/es\/wp-json\/wp\/v2\/tags?post=33118"}],"curies":[{"name":"wp","href":"https:\/\/api.w.org\/{rel}","templated":true}]}}