{"id":33053,"date":"2021-09-13T19:27:25","date_gmt":"2021-09-13T17:27:25","guid":{"rendered":"https:\/\/exaudi.wpengine.com\/?p=33053"},"modified":"2021-09-14T10:37:50","modified_gmt":"2021-09-14T08:37:50","slug":"papa-clero-eslovaco-crecer-libres-religiosidad-rigida","status":"publish","type":"post","link":"https:\/\/exaudi.org\/es\/papa-clero-eslovaco-crecer-libres-religiosidad-rigida\/","title":{"rendered":"El Papa al clero eslovaco: Creced \u201clibres de una religiosidad r\u00edgida\u201d"},"content":{"rendered":"<p>El Papa Francisco ha animado al clero eslovaco a \u201ccrecer libres de una religiosidad r\u00edgida\u201d, y les ha pedido no ceder \u201ca la tentaci\u00f3n de la magnificencia, de la grandeza mundana. La Iglesia debe ser humilde como Jes\u00fas, que se despoj\u00f3 de todo, que se hizo pobre para enriquecernos\u201d.<\/p>\n<p>Tras <a href=\"https:\/\/exaudi.wpengine.com\/es\/papa-reune-zuzana-caputova-presidenta-eslovaquia\/\" target=\"_blank\" rel=\"noopener\">reunirse con la presidenta de Eslovaquia<\/a>, las autoridades, la <a href=\"https:\/\/exaudi.wpengine.com\/es\/papa-francisco-eslovaquia-mensaje-paz-corazon-europa\/\" target=\"_blank\" rel=\"noopener\">sociedad civil y el Cuerpo Diplom\u00e1tico<\/a>, el Santo Padre se traslad\u00f3 a la <a href=\"https:\/\/exaudi.wpengine.com\/es\/alegria-evangelio-transmitio-san-martin\/\" target=\"_blank\" rel=\"noopener\">Catedral de San Mart\u00edn<\/a> de Bratislava para mantener un encuentro con los obispos, sacerdotes, religiosos, seminaristas y catequesis de Eslovaquia en la ma\u00f1ana de hoy, 13 de septiembre de 2021.<\/p>\n<h4><strong>Iglesia unida sin autorreferencialidad<\/strong><\/h4>\n<p><img loading=\"lazy\" decoding=\"async\" class=\"alignleft size-medium wp-image-33228\" src=\"https:\/\/exaudi.wpengine.com\/wp-content\/uploads\/2021\/09\/cq5dam.web_.800.800-1-3-300x200.jpeg\" alt=\"Papa clero religiosidad r\u00edgida\" width=\"300\" height=\"200\" srcset=\"https:\/\/exaudi.org\/wp-content\/uploads\/2021\/09\/cq5dam.web_.800.800-1-3-300x200.jpeg 300w, https:\/\/exaudi.org\/wp-content\/uploads\/2021\/09\/cq5dam.web_.800.800-1-3-768x512.jpeg 768w, https:\/\/exaudi.org\/wp-content\/uploads\/2021\/09\/cq5dam.web_.800.800-1-3-150x100.jpeg 150w, https:\/\/exaudi.org\/wp-content\/uploads\/2021\/09\/cq5dam.web_.800.800-1-3-696x464.jpeg 696w, https:\/\/exaudi.org\/wp-content\/uploads\/2021\/09\/cq5dam.web_.800.800-1-3-630x420.jpeg 630w, https:\/\/exaudi.org\/wp-content\/uploads\/2021\/09\/cq5dam.web_.800.800-1-3.jpeg 800w\" sizes=\"auto, (max-width: 300px) 100vw, 300px\" \/>Despu\u00e9s de saludar al arzobispo de Bratislava, el Papa ha ilustrado que la necesidad actual es \u201cuna Iglesia que camina unida, que recorre los caminos de la vida con la llama del Evangelio encendida\u201d, una que debe \u201cser humilde como era Jes\u00fas, que se despoj\u00f3 de todo, que se hizo pobre para enriquecernos\u201d y que \u201cno se separa del mundo y no mira la vida con desapego, sino que la\u00a0habita desde dentro\u201d.<\/p>\n<p>Por ello, ha dicho que el centro de la Iglesia no es ella misma, \u201cy cuando la Iglesia se mira a s\u00ed misma acaba como la mujer del Evangelio: encorvada, mir\u00e1ndose el ombligo\u201d, y ha llamado a salir \u201cde la preocupaci\u00f3n excesiva por nosotros mismos, por nuestras estructuras, por c\u00f3mo nos mira la sociedad\u201d, y adentrarnos \u201cen cambio en la vida real, la vida real de la gente\u201d.<\/p>\n<h4><strong>Libertad que predica Cristo<\/strong><\/h4>\n<p>\u00bfQu\u00e9 se espera de la Iglesia? El Pont\u00edfice ha querido responder a esta pregunta a trav\u00e9s de tres palabras. La primera es libertad, sin la cual \u201cno hay verdadera humanidad, porque el ser humano ha sido creado libre y para ser libre\u201d. Es la que, contin\u00faa, \u201cllama a ser responsables de las propias decisiones, a discernir, a llevar adelante los procesos de la vida en primera persona\u201d.<\/p>\n<p><img loading=\"lazy\" decoding=\"async\" class=\"alignright size-medium wp-image-33231\" src=\"https:\/\/exaudi.wpengine.com\/wp-content\/uploads\/2021\/09\/cq5dam.web_.800.800-2-3-300x200.jpeg\" alt=\"\" width=\"300\" height=\"200\" srcset=\"https:\/\/exaudi.org\/wp-content\/uploads\/2021\/09\/cq5dam.web_.800.800-2-3-300x200.jpeg 300w, https:\/\/exaudi.org\/wp-content\/uploads\/2021\/09\/cq5dam.web_.800.800-2-3-768x512.jpeg 768w, https:\/\/exaudi.org\/wp-content\/uploads\/2021\/09\/cq5dam.web_.800.800-2-3-150x100.jpeg 150w, https:\/\/exaudi.org\/wp-content\/uploads\/2021\/09\/cq5dam.web_.800.800-2-3-696x464.jpeg 696w, https:\/\/exaudi.org\/wp-content\/uploads\/2021\/09\/cq5dam.web_.800.800-2-3-630x420.jpeg 630w, https:\/\/exaudi.org\/wp-content\/uploads\/2021\/09\/cq5dam.web_.800.800-2-3.jpeg 800w\" sizes=\"auto, (max-width: 300px) 100vw, 300px\" \/><\/p>\n<p>En esta l\u00ednea, ha recordado el peligro que corre la Iglesia: \u201cTener todo predefinido, las leyes que deben observarse, seguridad y uniformidad, m\u00e1s que ser cristianos responsables y adultos que piensan, interrogan la propia conciencia y se dejan cuestionar. Es el comienzo de la casu\u00edstica, todo controlado\u201d. Pero \u201cuna Iglesia que no deja espacio a la aventura de la libertad, incluso en la vida espiritual, corre el riesgo de convertirse en un lugar r\u00edgido y cerrado\u201d.<\/p>\n<p>\u201cQueridos amigos, no tengan miedo de formar a las personas en una relaci\u00f3n madura y libre con Dios. Esta relaci\u00f3n es importante. Esto quiz\u00e1 nos dar\u00e1 la impresi\u00f3n de no poder controlarlo todo, de perder fuerza y autoridad; pero la Iglesia de Cristo no quiere dominar las conciencias y ocupar los espacios, quiere ser una &#8216;fuente&#8217; de esperanza en la vida de las personas\u201d, ha advertido.<\/p>\n<h4><strong>Creatividad para anunciar el Evangelio<\/strong><\/h4>\n<p>Para Francisco, la segunda clave es la creatividad, ense\u00f1anza que hicieron los santos Cirilo y Metodio: \u201cEllos nos ense\u00f1an que la evangelizaci\u00f3n no es nunca una simple repetici\u00f3n del pasado. La alegr\u00eda del Evangelio siempre es Cristo, pero las sendas para que esta buena noticia pueda abrirse camino en el tiempo y en la historia son diversas\u201d.<\/p>\n<p><img loading=\"lazy\" decoding=\"async\" class=\"alignleft size-medium wp-image-33237\" src=\"https:\/\/exaudi.wpengine.com\/wp-content\/uploads\/2021\/09\/cq5dam.web_.800.800-4-4-300x200.jpeg\" alt=\"Papa clero religiosidad r\u00edgida\" width=\"300\" height=\"200\" srcset=\"https:\/\/exaudi.org\/wp-content\/uploads\/2021\/09\/cq5dam.web_.800.800-4-4-300x200.jpeg 300w, https:\/\/exaudi.org\/wp-content\/uploads\/2021\/09\/cq5dam.web_.800.800-4-4-768x512.jpeg 768w, https:\/\/exaudi.org\/wp-content\/uploads\/2021\/09\/cq5dam.web_.800.800-4-4-150x100.jpeg 150w, https:\/\/exaudi.org\/wp-content\/uploads\/2021\/09\/cq5dam.web_.800.800-4-4-696x464.jpeg 696w, https:\/\/exaudi.org\/wp-content\/uploads\/2021\/09\/cq5dam.web_.800.800-4-4-630x420.jpeg 630w, https:\/\/exaudi.org\/wp-content\/uploads\/2021\/09\/cq5dam.web_.800.800-4-4.jpeg 800w\" sizes=\"auto, (max-width: 300px) 100vw, 300px\" \/><\/p>\n<p>\u201cTenemos de trasfondo una rica tradici\u00f3n cristiana, pero hoy, en la vida de muchas personas, esta permanece en el recuerdo de un pasado que ya no habla ni orienta m\u00e1s las decisiones de la existencia. Ante la p\u00e9rdida del sentido de Dios y de la alegr\u00eda de la fe no sirve lamentarse, atrincherarse en un catolicismo defensivo, juzgar y acusar al mundo malo, no; es necesaria la creatividad del Evangelio\u201d, ha exhortado.<\/p>\n<p>Haciendo un par\u00e9ntesis, el Obispo de Roma ha querido llamar la atenci\u00f3n a los pastores sobre la extensi\u00f3n de la homil\u00eda: \u201cPensemos en los fieles, que tienen que escuchar homil\u00edas de 40, de 50 minutos, sobre temas que no comprenden, que no les tocan. Por favor, sacerdotes y obispos, piensen bien c\u00f3mo preparar la homil\u00eda, c\u00f3mo hacerla para que contacte con la gente, e insp\u00edrense en el texto b\u00edblico. Una homil\u00eda, normalmente, no tiene que durar m\u00e1s de diez minutos\u201d.<\/p>\n<p><img loading=\"lazy\" decoding=\"async\" class=\"alignright size-medium wp-image-33240\" src=\"https:\/\/exaudi.wpengine.com\/wp-content\/uploads\/2021\/09\/cq5dam.web_.800.800-5-2-300x200.jpeg\" alt=\"\" width=\"300\" height=\"200\" srcset=\"https:\/\/exaudi.org\/wp-content\/uploads\/2021\/09\/cq5dam.web_.800.800-5-2-300x200.jpeg 300w, https:\/\/exaudi.org\/wp-content\/uploads\/2021\/09\/cq5dam.web_.800.800-5-2-768x512.jpeg 768w, https:\/\/exaudi.org\/wp-content\/uploads\/2021\/09\/cq5dam.web_.800.800-5-2-150x100.jpeg 150w, https:\/\/exaudi.org\/wp-content\/uploads\/2021\/09\/cq5dam.web_.800.800-5-2-696x464.jpeg 696w, https:\/\/exaudi.org\/wp-content\/uploads\/2021\/09\/cq5dam.web_.800.800-5-2-630x420.jpeg 630w, https:\/\/exaudi.org\/wp-content\/uploads\/2021\/09\/cq5dam.web_.800.800-5-2.jpeg 800w\" sizes=\"auto, (max-width: 300px) 100vw, 300px\" \/><\/p>\n<p>Siguiendo con su discurso, ha se\u00f1alado que \u201cdetr\u00e1s de querer ser uniformes hay una ideolog\u00eda.<b>\u00a0<\/b>Pero la evangelizaci\u00f3n es un proceso de inculturaci\u00f3n, es semilla fecunda de novedad, es la novedad del Esp\u00edritu que renueva todas las cosas\u201d, y que \u201cDios es el que hace crecer. En este sentido, no hay que controlar demasiado la vida, hay que dejar que la vida crezca, como hicieron Cirilo y Metodio\u201d.<\/p>\n<h4><strong>Di\u00e1logo unitivo<\/strong><\/h4>\n<p><img loading=\"lazy\" decoding=\"async\" class=\"alignleft size-medium wp-image-33243\" src=\"https:\/\/exaudi.wpengine.com\/wp-content\/uploads\/2021\/09\/cq5dam.web_.800.800-6-2-300x200.jpeg\" alt=\"\" width=\"300\" height=\"200\" srcset=\"https:\/\/exaudi.org\/wp-content\/uploads\/2021\/09\/cq5dam.web_.800.800-6-2-300x200.jpeg 300w, https:\/\/exaudi.org\/wp-content\/uploads\/2021\/09\/cq5dam.web_.800.800-6-2-768x512.jpeg 768w, https:\/\/exaudi.org\/wp-content\/uploads\/2021\/09\/cq5dam.web_.800.800-6-2-150x100.jpeg 150w, https:\/\/exaudi.org\/wp-content\/uploads\/2021\/09\/cq5dam.web_.800.800-6-2-696x464.jpeg 696w, https:\/\/exaudi.org\/wp-content\/uploads\/2021\/09\/cq5dam.web_.800.800-6-2-630x420.jpeg 630w, https:\/\/exaudi.org\/wp-content\/uploads\/2021\/09\/cq5dam.web_.800.800-6-2.jpeg 800w\" sizes=\"auto, (max-width: 300px) 100vw, 300px\" \/><\/p>\n<p>El Sucesor de Pedro tambi\u00e9n ha invitado a ser una Iglesia \u201cque sabe dialogar con el mundo, con el que confiesa a Cristo sin que sea &#8216;de los nuestros&#8217;, con el que vive la fatiga de una b\u00fasqueda religiosa, tambi\u00e9n con el que no cree. No es selectiva de un grupito, no, dialoga con todos, con los creyentes, con los que progresan en la santidad, con los tibios y con los no creyentes\u201d.<\/p>\n<p>\u201cHabla con todos. Es una Iglesia que, siguiendo el ejemplo de Cirilo y Metodio, re\u00fane y mantiene unido el Oriente y el Occidente, tradiciones y sensibilidades diversas. Una comunidad que, anunciando el Evangelio del amor, hace brotar la comuni\u00f3n, la amistad y el di\u00e1logo entre los creyentes, entre las diferentes confesiones cristianas y entre los pueblos\u201d, ha a\u00f1adido.<\/p>\n<p>Y concluye diciendo que \u201cla unidad, la comuni\u00f3n y el di\u00e1logo siempre son fr\u00e1giles, especialmente cuando en el pasado hay una historia de dolor que ha dejado cicatrices. El recuerdo de las heridas puede hacer caer en el resentimiento, en la desconfianza, incluso en el desprecio, induciendo a levantar barreras ante el que es distinto de nosotros. Pero las heridas pueden ser accesos, aberturas que, imitando las llagas del Se\u00f1or, dejan pasar la misericordia de Dios, su gracia que cambia la vida y nos transforma en agentes de paz y de reconciliaci\u00f3n\u201d.<\/p>\n<p><img loading=\"lazy\" decoding=\"async\" class=\"alignright size-medium wp-image-33246\" src=\"https:\/\/exaudi.wpengine.com\/wp-content\/uploads\/2021\/09\/cq5dam.web_.800.800-7-2-300x200.jpeg\" alt=\"Papa clero religiosidad r\u00edgida\" width=\"300\" height=\"200\" srcset=\"https:\/\/exaudi.org\/wp-content\/uploads\/2021\/09\/cq5dam.web_.800.800-7-2-300x200.jpeg 300w, https:\/\/exaudi.org\/wp-content\/uploads\/2021\/09\/cq5dam.web_.800.800-7-2-768x512.jpeg 768w, https:\/\/exaudi.org\/wp-content\/uploads\/2021\/09\/cq5dam.web_.800.800-7-2-150x100.jpeg 150w, https:\/\/exaudi.org\/wp-content\/uploads\/2021\/09\/cq5dam.web_.800.800-7-2-696x464.jpeg 696w, https:\/\/exaudi.org\/wp-content\/uploads\/2021\/09\/cq5dam.web_.800.800-7-2-630x420.jpeg 630w, https:\/\/exaudi.org\/wp-content\/uploads\/2021\/09\/cq5dam.web_.800.800-7-2.jpeg 800w\" sizes=\"auto, (max-width: 300px) 100vw, 300px\" \/><\/p>\n<p>A continuaci\u00f3n, sigue el discurso completo de Su Santidad, ofrecido por la <a href=\"https:\/\/www.vatican.va\/news_services\/press\/index_sp.htm\" target=\"_blank\" rel=\"noopener\">Oficina de Prensa de la Santa Sede.<\/a><\/p>\n<p>***<\/p>\n<h4><strong>Discurso del Santo Padre<\/strong><\/h4>\n<p><i>Queridos hermanos obispos,<br \/>\nqueridos sacerdotes, religiosas, religiosos y seminaristas,<br \/>\nqueridos catequistas, hermanas y hermanos, \u00a1buenos d\u00edas!<\/i><\/p>\n<p>Los saludo con alegr\u00eda y agradezco a Mons. Stanislav Zvolensk\u00fd las palabras que me ha dirigido. Gracias por la invitaci\u00f3n a sentirme en casa. Vengo como vuestro hermano y por eso me siento uno de ustedes. Estoy aqu\u00ed para compartir su camino \u2014esto debe hacer el obispo, el Papa\u2014, sus preguntas, los anhelos y las esperanzas de esta Iglesia y de este pa\u00eds. Y, hablando del pa\u00eds, le acabo de decir a la se\u00f1ora Presidenta que Eslovaquia es una poes\u00eda. Compartir era el estilo de la primera comunidad cristiana: eran perseverantes y estaban unidos, caminaban juntos (cf.\u00a0<i>Hch<\/i>\u00a01,12-14). Tambi\u00e9n<b>\u00a0<\/b>discut\u00edan, pero caminaban juntos.<\/p>\n<p><img loading=\"lazy\" decoding=\"async\" class=\"alignleft size-medium wp-image-33249\" src=\"https:\/\/exaudi.wpengine.com\/wp-content\/uploads\/2021\/09\/cq5dam.web_.800.800-9-1-300x200.jpeg\" alt=\"\" width=\"300\" height=\"200\" srcset=\"https:\/\/exaudi.org\/wp-content\/uploads\/2021\/09\/cq5dam.web_.800.800-9-1-300x200.jpeg 300w, https:\/\/exaudi.org\/wp-content\/uploads\/2021\/09\/cq5dam.web_.800.800-9-1-768x512.jpeg 768w, https:\/\/exaudi.org\/wp-content\/uploads\/2021\/09\/cq5dam.web_.800.800-9-1-150x100.jpeg 150w, https:\/\/exaudi.org\/wp-content\/uploads\/2021\/09\/cq5dam.web_.800.800-9-1-696x464.jpeg 696w, https:\/\/exaudi.org\/wp-content\/uploads\/2021\/09\/cq5dam.web_.800.800-9-1-630x420.jpeg 630w, https:\/\/exaudi.org\/wp-content\/uploads\/2021\/09\/cq5dam.web_.800.800-9-1.jpeg 800w\" sizes=\"auto, (max-width: 300px) 100vw, 300px\" \/><\/p>\n<p>Es lo primero que necesitamos: una Iglesia que camina unida, que recorre los caminos de la vida con la llama del Evangelio encendida. La Iglesia no es una fortaleza, no es una potencia, un castillo situado en alto que mira el mundo con distancia y suficiencia. Aqu\u00ed en Bratislava el castillo ya existe, \u00a1y es muy hermoso! Pero la Iglesia es la comunidad que desea atraer hacia Cristo con la alegr\u00eda del Evangelio \u2014\u00a1no el castillo!\u2014, es la levadura que hace fermentar el Reino del amor y de la paz en la masa del mundo. Por favor, no cedamos a la tentaci\u00f3n de la magnificencia, de la grandeza mundana. La Iglesia debe ser humilde como era Jes\u00fas, que se despoj\u00f3 de todo, que se hizo pobre para enriquecernos (cf.\u00a0<i>2 Co<\/i>\u00a08,9). As\u00ed vino a habitar entre nosotros y a curar nuestra humanidad herida.<\/p>\n<p>S\u00ed, es hermosa una Iglesia humilde que no se separa del mundo y no mira la vida con desapego, sino que la\u00a0<i>habita desde dentro<\/i>. Habitar desde dentro, no lo olvidemos: compartir, caminar juntos, acoger las preguntas y las expectativas de la gente. Esto nos ayuda a salir de la autorreferencialidad. El centro de la Iglesia \u2014\u00bfqui\u00e9n es el centro de la Iglesia?\u2014 no es la Iglesia, y cuando la Iglesia se mira a s\u00ed misma acaba como la mujer del Evangelio: encorvada, mir\u00e1ndose el ombligo (cf.\u00a0<i>Lc<\/i>\u00a013,10-13). El centro de la Iglesia no es ella misma.<b>\u00a0<\/b>Salgamos de la preocupaci\u00f3n excesiva por nosotros mismos, por nuestras estructuras, por c\u00f3mo nos mira la sociedad. Y esto al final nos llevar\u00e1 a una \u201cteolog\u00eda del maquillaje\u201d, de c\u00f3mo nos maquillamos mejor. Adentr\u00e9monos en cambio en la vida real, la vida real de la gente, y pregunt\u00e9monos: \u00bfcu\u00e1les son las necesidades y las expectativas espirituales de nuestro pueblo? \u00bfQu\u00e9 se espera de la Iglesia? A m\u00ed me parece importante intentar responder a estas preguntas y me vienen a la mente tres palabras.<\/p>\n<p>La primera es\u00a0<i>libertad<\/i>. Sin libertad no hay verdadera humanidad, porque el ser humano ha sido creado libre y para ser libre. Los periodos dram\u00e1ticos de la historia de su pa\u00eds son una gran ense\u00f1anza: cuando la libertad fue herida, violada y asesinada; la humanidad fue degradada y se abatieron sobre ella las tormentas de la violencia, de la coacci\u00f3n y de la privaci\u00f3n de los derechos.<\/p>\n<p><img loading=\"lazy\" decoding=\"async\" class=\"alignright size-medium wp-image-33252\" src=\"https:\/\/exaudi.wpengine.com\/wp-content\/uploads\/2021\/09\/cq5dam.web_.800.800-10-2-300x200.jpeg\" alt=\"\" width=\"300\" height=\"200\" srcset=\"https:\/\/exaudi.org\/wp-content\/uploads\/2021\/09\/cq5dam.web_.800.800-10-2-300x200.jpeg 300w, https:\/\/exaudi.org\/wp-content\/uploads\/2021\/09\/cq5dam.web_.800.800-10-2-768x512.jpeg 768w, https:\/\/exaudi.org\/wp-content\/uploads\/2021\/09\/cq5dam.web_.800.800-10-2-150x100.jpeg 150w, https:\/\/exaudi.org\/wp-content\/uploads\/2021\/09\/cq5dam.web_.800.800-10-2-696x464.jpeg 696w, https:\/\/exaudi.org\/wp-content\/uploads\/2021\/09\/cq5dam.web_.800.800-10-2-630x420.jpeg 630w, https:\/\/exaudi.org\/wp-content\/uploads\/2021\/09\/cq5dam.web_.800.800-10-2.jpeg 800w\" sizes=\"auto, (max-width: 300px) 100vw, 300px\" \/><\/p>\n<p>Pero, al mismo tiempo, la libertad no es una conquista autom\u00e1tica, que permanece igual una vez para siempre. \u00a1No! La libertad siempre es un camino, a veces fatigoso, que hay que renovar continuamente, luchar por ella cada d\u00eda. No basta ser libres exteriormente o en las estructuras de la sociedad para serlo de verdad. La libertad llama a ser responsables de las propias decisiones, a discernir, a llevar adelante los procesos de la vida en primera persona. Y esto es arduo, esto nos da miedo. A veces es m\u00e1s c\u00f3modo no dejarse provocar por las situaciones concretas y seguir adelante repitiendo el pasado, sin poner nuestro coraz\u00f3n, sin el riesgo de la decisi\u00f3n. Mejor arrastrar la vida haciendo lo que otros deciden por nosotros \u2014quiz\u00e1 la masa o la opini\u00f3n p\u00fablica o lo que nos venden los medios de comunicaci\u00f3n social\u2014. Esto no puede ser. Y hoy, mucho de lo que hacemos lo deciden los medios por nosotros. Y se pierde la libertad. Recordemos la historia del pueblo de Israel: sufr\u00eda bajo la tiran\u00eda del fara\u00f3n, era esclavo; luego fue liberado por el Se\u00f1or, pero para llegar a ser verdaderamente libre, no s\u00f3lo liberado de los enemigos, deb\u00eda atravesar el desierto, un camino dif\u00edcil. Y les llevaba a pensar: \u201cCasi, casi era mejor antes, al menos ten\u00edamos algunas cebollas para comer\u2026\u201d. Una gran tentaci\u00f3n: mejor algunas cebollas que la fatiga y el riesgo de la libertad. Esta es una de las tentaciones.\u00a0<a href=\"https:\/\/www.vatican.va\/content\/francesco\/es\/speeches\/2021\/september\/documents\/20210912-bratislava-incontroecumenico.html\">Ayer, hablando al grupo ecum\u00e9nico<\/a>, recordaba a Dostoyevski en \u201cEl Gran Inquisidor\u201d. Cristo regresa de inc\u00f3gnito a la tierra y el inquisidor le reprocha que haya dado la libertad a los hombres. Basta algo de pan y poquito m\u00e1s; basta un poco de pan y cualquier otra cosa. Siempre est\u00e1 esa tentaci\u00f3n, la tentaci\u00f3n de las cebollas. Mejor un poco de cebolla y pan que la fatiga y el riesgo de la libertad. Les dejo a ustedes que piensen estas cosas.<\/p>\n<p>A veces tambi\u00e9n en la Iglesia nos puede acechar esta idea: es mejor tener todo predefinido \u00ad\u2014las leyes que deben observarse, seguridad y uniformidad\u2014, m\u00e1s que ser cristianos responsables y adultos que piensan, interrogan la propia conciencia y se dejan cuestionar. Es el comienzo de la casu\u00edstica, todo controlado. En la vida espiritual y eclesial existe la tentaci\u00f3n de buscar una falsa paz que nos deja tranquilos, en vez del fuego del Evangelio que nos inquieta, que nos transforma. Las seguras cebollas de Egipto son m\u00e1s c\u00f3modas que las incertidumbres del desierto. Pero una Iglesia que no deja espacio a la aventura de la libertad, incluso en la vida espiritual, corre el riesgo de convertirse en un lugar r\u00edgido y cerrado. Tal vez algunos est\u00e1n acostumbrados a esto; pero a muchos otros \u2014sobre todo en las nuevas generaciones\u2014 no les atrae una propuesta de fe que no les deje su libertad interior, no les atrae una Iglesia en la que sea necesario que todos piensen del mismo modo y obedezcan ciegamente.<\/p>\n<p>Queridos amigos, no tengan miedo de formar a las personas en una relaci\u00f3n madura y libre con Dios. Esta relaci\u00f3n es importante. Esto quiz\u00e1 nos dar\u00e1 la impresi\u00f3n de no poder controlarlo todo, de perder fuerza y autoridad; pero la Iglesia de Cristo no quiere dominar las conciencias y ocupar los espacios, quiere ser una \u201cfuente\u201d de esperanza en la vida de las personas. Es un riesgo. Es un desaf\u00edo. Lo digo sobre todo a los Pastores: ustedes ejercitan el ministerio en un pa\u00eds en el que muchas cosas han cambiado r\u00e1pidamente y muchos procesos democr\u00e1ticos se han iniciado, pero la libertad todav\u00eda es fr\u00e1gil. Lo es sobre todo en el coraz\u00f3n y en la mente de las personas. Por eso los animo a hacerlas crecer libres de una religiosidad r\u00edgida. Salir de esto, y que crezcan libres. Que ninguno se sienta presionado. Que cada uno pueda descubrir la libertad del Evangelio, entrando gradualmente en relaci\u00f3n con Dios, con la confianza de quien sabe que, ante \u00c9l, puede llevar la propia historia y las propias heridas sin miedo y sin fingimientos, sin preocuparse de defender la propia imagen. Poder decir: \u201csoy pecador\u201d, pero decirlo con sinceridad, no golpearnos el pecho y despu\u00e9s seguir crey\u00e9ndonos justos. La libertad. Que el anuncio del Evangelio sea liberador, nunca opresor. \u00a1Y que la Iglesia sea signo de libertad y de acogida!<\/p>\n<p><img loading=\"lazy\" decoding=\"async\" class=\"alignleft size-medium wp-image-33255\" src=\"https:\/\/exaudi.wpengine.com\/wp-content\/uploads\/2021\/09\/cq5dam.web_.800.800-11-1-300x200.jpeg\" alt=\"Papa clero religiosidad r\u00edgida\" width=\"300\" height=\"200\" srcset=\"https:\/\/exaudi.org\/wp-content\/uploads\/2021\/09\/cq5dam.web_.800.800-11-1-300x200.jpeg 300w, https:\/\/exaudi.org\/wp-content\/uploads\/2021\/09\/cq5dam.web_.800.800-11-1-768x512.jpeg 768w, https:\/\/exaudi.org\/wp-content\/uploads\/2021\/09\/cq5dam.web_.800.800-11-1-150x100.jpeg 150w, https:\/\/exaudi.org\/wp-content\/uploads\/2021\/09\/cq5dam.web_.800.800-11-1-696x464.jpeg 696w, https:\/\/exaudi.org\/wp-content\/uploads\/2021\/09\/cq5dam.web_.800.800-11-1-630x420.jpeg 630w, https:\/\/exaudi.org\/wp-content\/uploads\/2021\/09\/cq5dam.web_.800.800-11-1.jpeg 800w\" sizes=\"auto, (max-width: 300px) 100vw, 300px\" \/><\/p>\n<p>Estoy seguro de que nunca se sabr\u00e1 de donde viene esto. Les digo algo que pas\u00f3 hace tiempo. La carta de un obispo, hablando de un nuncio. Dec\u00eda: \u201cBueno, nosotros estuvimos 400 a\u00f1os sometidos por los turcos y sufrimos. Despu\u00e9s 50 sometidos por el comunismo y sufrimos. \u00a1Pero los siete a\u00f1os con este nuncio han sido peor que las otras dos veces!\u201d. En ocasiones me pregunto, \u00bfcu\u00e1nta gente puede decir lo mismo del obispo o del p\u00e1rroco que tiene? \u00bfCu\u00e1nta gente? No. Sin libertad, sin paternidad las cosas no funcionan.<\/p>\n<p>La segunda palabra \u2014la primera era libertad\u2014 es\u00a0<i>creatividad<\/i>. Ustedes son hijos de una gran tradici\u00f3n. Su experiencia religiosa encuentra un manantial en la predicaci\u00f3n y el ministerio de las figuras luminosas de los santos Cirilo y Metodio. Ellos nos ense\u00f1an que la evangelizaci\u00f3n no es nunca una simple repetici\u00f3n del pasado. La alegr\u00eda del Evangelio siempre es Cristo, pero las sendas para que esta buena noticia pueda abrirse camino en el tiempo y en la historia son diversas. Las sendas son todas diversas. Cirilo y Metodio recorrieron juntos esta parte del continente europeo y, ardientes de pasi\u00f3n por el anuncio del Evangelio, llegaron a inventar un nuevo alfabeto para la traducci\u00f3n de la Biblia, de los textos lit\u00fargicos y de la doctrina cristiana. Fue as\u00ed que se convirtieron en ap\u00f3stoles de la inculturaci\u00f3n de la fe entre ustedes. Fueron inventores de nuevos lenguajes para transmitir el Evangelio, fueron creativos en la traducci\u00f3n del mensaje cristiano, estuvieron tan cerca de la historia de los pueblos que encontraban, que hasta llegaron a hablar su lengua y asimilar su cultura. \u00bfNo necesita esto Eslovaquia tambi\u00e9n hoy? Me pregunto. \u00bfNo es esta quiz\u00e1 la tarea m\u00e1s urgente de la Iglesia en los pueblos de Europa: encontrar nuevos \u201calfabetos\u201d para anunciar la fe? Tenemos de trasfondo una rica tradici\u00f3n cristiana, pero hoy, en la vida de muchas personas, esta permanece en el recuerdo de un pasado que ya no habla ni orienta m\u00e1s las decisiones de la existencia. Ante la p\u00e9rdida del sentido de Dios y de la alegr\u00eda de la fe no sirve lamentarse, atrincherarse en un catolicismo defensivo, juzgar y acusar al mundo malo, no; es necesaria la creatividad del Evangelio. \u00a1Estemos atentos! El Evangelio a\u00fan no est\u00e1 cerrado, est\u00e1 abierto. Est\u00e1 vigente, est\u00e1 vigente, sigue adelante. Recordemos lo que hicieron esos hombres que quer\u00edan llevar a un paral\u00edtico ante Jes\u00fas y no lograban atravesar la puerta de entrada. Hicieron una abertura en el techo y lo bajaron desde lo alto (cf.\u00a0<i>Mc<\/i>\u00a02,1-5). \u00a1Fueron creativos! Frente a las dificultades \u2014\u201cPero, \u00bfc\u00f3mo hacemos? Ah, hagamos as\u00ed\u201d\u2014, frente, quiz\u00e1, a una generaci\u00f3n que no cree, que ha perdido el sentido de la fe, o que ha reducido la fe a una costumbre o a una cultura m\u00e1s o menos aceptable, tratemos de hacer una abertura y seamos creativos. Libertad, creatividad.<b>\u00a0<\/b>\u00a1Qu\u00e9 hermoso cuando sabemos encontrar caminos, modos y lenguajes nuevos para anunciar el Evangelio! Y nosotros podemos ayudar con la creatividad humana, tambi\u00e9n cada uno de nosotros puede serlo, pero el gran creativo es el Esp\u00edritu Santo, es \u00c9l quien nos impulsa a ser creativos. Si con nuestra predicaci\u00f3n y nuestra pastoral no logramos entrar m\u00e1s por la v\u00eda ordinaria, intentemos abrir espacios diferentes, experimentemos otros caminos.<\/p>\n<p>Y aqu\u00ed hago un par\u00e9ntesis. La predicaci\u00f3n. Alguno me ha dicho que en \u201c<i><a href=\"https:\/\/www.vatican.va\/content\/francesco\/es\/apost_exhortations\/documents\/papa-francesco_esortazione-ap_20131124_evangelii-gaudium.html\">Evangelii gaudium<\/a><\/i>\u201d me detuve demasiado en el tema de la homil\u00eda, porque es uno de los problemas de este tiempo. S\u00ed, la homil\u00eda no es un sacramento, como pretend\u00edan algunos protestantes, pero es un sacramental. No es una predicaci\u00f3n de cuaresma, no, es otra cosa. Est\u00e1 en el coraz\u00f3n de la Eucarist\u00eda. Y pensemos en los fieles, que tienen que escuchar homil\u00edas de 40, de 50 minutos, sobre temas que no comprenden, que no les tocan. Por favor, sacerdotes y obispos, piensen bien c\u00f3mo preparar la homil\u00eda, c\u00f3mo hacerla para que contacte con la gente, e insp\u00edrense en el texto b\u00edblico. Una homil\u00eda, normalmente, no tiene que durar m\u00e1s de diez minutos, porque la gente despu\u00e9s de ocho minutos pierde la atenci\u00f3n, a no ser que sea muy interesante. Pero el tiempo deber\u00eda ser 10-15 minutos, no m\u00e1s. Un profesor de homil\u00e9tica que tuve dec\u00eda que una homil\u00eda debe tener coherencia interna, debe tener una idea, una imagen y un afecto; que la gente se vaya con una idea, con una imagen y con algo que les haya movido el coraz\u00f3n. \u00a1As\u00ed de sencillo es el anuncio del Evangelio! Y as\u00ed predicaba Jes\u00fas, que tomaba los p\u00e1jaros, los campos, que tomaba esto o lo otro, las cosas concretas, lo que la gente pod\u00eda entender. Disculpen si vuelvo sobre esto, pero a m\u00ed me preocupa\u2026\u00a0<i>[aplauso]<\/i>\u00a0Me permito una maldad, \u00a1el aplauso lo empezaron las religiosas, que son v\u00edctimas de nuestras homil\u00edas!<\/p>\n<p><img loading=\"lazy\" decoding=\"async\" class=\"alignright size-medium wp-image-33258\" src=\"https:\/\/exaudi.wpengine.com\/wp-content\/uploads\/2021\/09\/cq5dam.web_.800.800-12-1-300x200.jpeg\" alt=\"\" width=\"300\" height=\"200\" srcset=\"https:\/\/exaudi.org\/wp-content\/uploads\/2021\/09\/cq5dam.web_.800.800-12-1-300x200.jpeg 300w, https:\/\/exaudi.org\/wp-content\/uploads\/2021\/09\/cq5dam.web_.800.800-12-1-768x512.jpeg 768w, https:\/\/exaudi.org\/wp-content\/uploads\/2021\/09\/cq5dam.web_.800.800-12-1-150x100.jpeg 150w, https:\/\/exaudi.org\/wp-content\/uploads\/2021\/09\/cq5dam.web_.800.800-12-1-696x464.jpeg 696w, https:\/\/exaudi.org\/wp-content\/uploads\/2021\/09\/cq5dam.web_.800.800-12-1-630x420.jpeg 630w, https:\/\/exaudi.org\/wp-content\/uploads\/2021\/09\/cq5dam.web_.800.800-12-1.jpeg 800w\" sizes=\"auto, (max-width: 300px) 100vw, 300px\" \/><\/p>\n<p>Cirilo y Metodio desplegaron esta creatividad nueva, lo hicieron y nos dicen esto: el Evangelio no puede crecer si no est\u00e1 radicado en la cultura de un pueblo, es decir, en sus s\u00edmbolos, en sus preguntas, en sus palabras, en su modo de ser. Los dos hermanos tuvieron muchos obst\u00e1culos y persecuciones, ustedes lo saben. Fueron acusados de herej\u00eda porque se hab\u00edan atrevido a traducir la lengua de la fe. As\u00ed es la ideolog\u00eda que nace de la tentaci\u00f3n de uniformar. Detr\u00e1s de querer ser uniformes hay una ideolog\u00eda.<b>\u00a0<\/b>Pero la evangelizaci\u00f3n es un proceso de inculturaci\u00f3n, es semilla fecunda de novedad, es la novedad del Esp\u00edritu que renueva todas las cosas. El labrador siembra \u2014dice Jes\u00fas\u2014, despu\u00e9s se va a su casa y duerme. No se levanta para ver si crece, si brota. Dios es el que hace crecer. En este sentido, no hay que controlar demasiado la vida, hay que dejar que la vida crezca, como hicieron Cirilo y Metodio. A nosotros nos corresponde sembrar bien y cuidar como padres, eso s\u00ed. El labrador cuida, pero no va all\u00ed a ver todos los d\u00edas c\u00f3mo crece. Si hace esto, mata la planta.<b><\/b><\/p>\n<p><i>Libertad<\/i>,\u00a0<i>creatividad<\/i>\u00a0y, finalmente,\u00a0<i>el di\u00e1logo<\/i>. Una Iglesia que forma en la libertad interior y responsable, que sabe ser creativa adentr\u00e1ndose en la historia y en la cultura, es tambi\u00e9n una Iglesia que sabe dialogar con el mundo, con el que confiesa a Cristo sin que sea \u201cde los nuestros\u201d, con el que vive la fatiga de una b\u00fasqueda religiosa, tambi\u00e9n con el que no cree. No es selectiva de un grupito, no, dialoga con todos, con los creyentes, con los que progresan en la santidad, con los tibios y con los no creyentes. Habla con todos. Es una Iglesia que, siguiendo el ejemplo de Cirilo y Metodio, re\u00fane y mantiene unido el Oriente y el Occidente, tradiciones y sensibilidades diversas. Una comunidad que, anunciando el Evangelio del amor, hace brotar la comuni\u00f3n, la amistad y el di\u00e1logo entre los creyentes, entre las diferentes confesiones cristianas y entre los pueblos.<\/p>\n<p><img loading=\"lazy\" decoding=\"async\" class=\"alignleft size-medium wp-image-33261\" src=\"https:\/\/exaudi.wpengine.com\/wp-content\/uploads\/2021\/09\/DSC7068-300x200.jpg\" alt=\"Papa clero religiosidad r\u00edgida\" width=\"300\" height=\"200\" srcset=\"https:\/\/exaudi.org\/wp-content\/uploads\/2021\/09\/DSC7068-300x200.jpg 300w, https:\/\/exaudi.org\/wp-content\/uploads\/2021\/09\/DSC7068-1024x683.jpg 1024w, https:\/\/exaudi.org\/wp-content\/uploads\/2021\/09\/DSC7068-768x512.jpg 768w, https:\/\/exaudi.org\/wp-content\/uploads\/2021\/09\/DSC7068-1536x1024.jpg 1536w, https:\/\/exaudi.org\/wp-content\/uploads\/2021\/09\/DSC7068-2048x1366.jpg 2048w, https:\/\/exaudi.org\/wp-content\/uploads\/2021\/09\/DSC7068-150x100.jpg 150w, https:\/\/exaudi.org\/wp-content\/uploads\/2021\/09\/DSC7068-696x464.jpg 696w, https:\/\/exaudi.org\/wp-content\/uploads\/2021\/09\/DSC7068-1068x712.jpg 1068w, https:\/\/exaudi.org\/wp-content\/uploads\/2021\/09\/DSC7068-1920x1280.jpg 1920w, https:\/\/exaudi.org\/wp-content\/uploads\/2021\/09\/DSC7068-630x420.jpg 630w\" sizes=\"auto, (max-width: 300px) 100vw, 300px\" \/><\/p>\n<p>La unidad, la comuni\u00f3n y el di\u00e1logo siempre son fr\u00e1giles, especialmente cuando en el pasado hay una historia de dolor que ha dejado cicatrices. El recuerdo de las heridas puede hacer caer en el resentimiento, en la desconfianza, incluso en el desprecio, induciendo a levantar barreras ante el que es distinto de nosotros. Pero las heridas pueden ser accesos, aberturas que, imitando las llagas del Se\u00f1or, dejan pasar la misericordia de Dios, su gracia que cambia la vida y nos transforma en agentes de paz y de reconciliaci\u00f3n. S\u00e9 que ustedes tienen un proverbio: \u201cA quien te tire una piedra, t\u00fa reg\u00e1lale un pan\u201d. Esto nos inspira. \u00a1Esto es muy evang\u00e9lico! Es la invitaci\u00f3n de Jes\u00fas a romper el c\u00edrculo vicioso y destructivo de la violencia, poniendo la otra mejilla a quien nos golpea, para vencer el mal con el bien (cf. <i>Rm<\/i>\u00a012,21). Me impresiona un detalle de la historia del cardenal Korec. Era un cardenal jesuita, perseguido por el r\u00e9gimen, encarcelado, obligado a trabajar duramente hasta que se enferm\u00f3. Cuando vino a Roma para el Jubileo del a\u00f1o 2000, fue a las catacumbas y encendi\u00f3 una vela por sus perseguidores, pidiendo misericordia para ellos. \u00a1Este es el Evangelio! \u00a1Este es el Evangelio! Crece en la vida y en la historia por medio del amor humilde<b>,\u00a0<\/b>por medio del amor paciente.<\/p>\n<p>Queridas amigas y queridos<b>\u00a0<\/b>amigos, agradezco a Dios estar entre ustedes, y les agradezco de coraz\u00f3n todo lo que hacen y lo que son, y lo que har\u00e1n inspir\u00e1ndose en esta homil\u00eda, que es tambi\u00e9n una semilla que yo estoy sembrando&#8230; \u00a1Veamos si crecen las plantas! Me gustar\u00eda que contin\u00faen su camino en la libertad del Evangelio, en la creatividad de la fe y en el di\u00e1logo que brota de la misericordia de Dios, que nos ha hecho hermanos y hermanas, y que nos llama a ser artesanos de paz y de concordia. Los bendigo de coraz\u00f3n. Y, por favor, recen por m\u00ed. \u00a1Gracias!<\/p>\n<p><strong>\u00a9 Librer\u00eda Editora Vaticana<\/strong><\/p>\n","protected":false},"excerpt":{"rendered":"<p>Encuentro con obispos, sacerdotes, religiosos, seminaristas y catequistas eslovacos<\/p>\n","protected":false},"author":6,"featured_media":33119,"comment_status":"closed","ping_status":"closed","sticky":false,"template":"","format":"standard","meta":{"_acf_changed":false,"_crdt_document":"","inline_featured_image":false,"footnotes":""},"categories":[124,120,126],"tags":[4122,2419,158,3430],"class_list":["post-33053","post","type-post","status-publish","format-standard","has-post-thumbnail","hentry","category-discursos","category-viajes","category-viajes-papales","tag-conferencia-episcopal-de-eslovaquia","tag-featured","tag-papa-francisco","tag-viaje-apostolico-del-papa-a-budapest-y-eslovaquia"],"acf":[],"yoast_head":"<!-- This site is optimized with the Yoast SEO plugin v27.4 - https:\/\/yoast.com\/product\/yoast-seo-wordpress\/ -->\n<title>El Papa al clero eslovaco: Creced \u201clibres de una religiosidad r\u00edgida\u201d<\/title>\n<meta name=\"description\" content=\"En su discurso al clero eslovaco, el Papa Francisco ha animado a vivir fuera de una religiosidad r\u00edgida y a vivir como lo hac\u00eda Cristo.\" \/>\n<meta name=\"robots\" content=\"index, follow, max-snippet:-1, max-image-preview:large, max-video-preview:-1\" \/>\n<link rel=\"canonical\" href=\"https:\/\/exaudi.org\/es\/papa-clero-eslovaco-crecer-libres-religiosidad-rigida\/\" \/>\n<meta property=\"og:locale\" content=\"es_ES\" \/>\n<meta property=\"og:type\" content=\"article\" \/>\n<meta property=\"og:title\" content=\"El Papa al clero eslovaco: Creced \u201clibres de una religiosidad r\u00edgida\u201d\" \/>\n<meta property=\"og:description\" content=\"En su discurso al clero eslovaco, el Papa Francisco ha animado a vivir fuera de una religiosidad r\u00edgida y a vivir como lo hac\u00eda Cristo.\" \/>\n<meta property=\"og:url\" content=\"https:\/\/exaudi.org\/es\/papa-clero-eslovaco-crecer-libres-religiosidad-rigida\/\" \/>\n<meta property=\"og:site_name\" content=\"Exaudi\" \/>\n<meta property=\"article:publisher\" content=\"https:\/\/www.facebook.com\/ExaudiNews\" \/>\n<meta property=\"article:published_time\" content=\"2021-09-13T17:27:25+00:00\" \/>\n<meta property=\"article:modified_time\" content=\"2021-09-14T08:37:50+00:00\" \/>\n<meta property=\"og:image\" content=\"https:\/\/exaudi.org\/wp-content\/uploads\/2021\/09\/c234333b-scaled.jpg\" \/>\n\t<meta property=\"og:image:width\" content=\"2560\" \/>\n\t<meta property=\"og:image:height\" content=\"1637\" \/>\n\t<meta property=\"og:image:type\" content=\"image\/jpeg\" \/>\n<meta name=\"author\" content=\"Gabriel Sales\" \/>\n<meta name=\"twitter:card\" content=\"summary_large_image\" \/>\n<meta name=\"twitter:creator\" content=\"@habemusman\" \/>\n<meta name=\"twitter:site\" content=\"@Exaudi_News\" \/>\n<meta name=\"twitter:label1\" content=\"Escrito por\" \/>\n\t<meta name=\"twitter:data1\" content=\"Gabriel Sales\" \/>\n\t<meta name=\"twitter:label2\" content=\"Tiempo de lectura\" \/>\n\t<meta name=\"twitter:data2\" content=\"19 minutos\" \/>\n<script type=\"application\/ld+json\" class=\"yoast-schema-graph\">{\"@context\":\"https:\\\/\\\/schema.org\",\"@graph\":[{\"@type\":\"Article\",\"@id\":\"https:\\\/\\\/exaudi.org\\\/es\\\/papa-clero-eslovaco-crecer-libres-religiosidad-rigida\\\/#article\",\"isPartOf\":{\"@id\":\"https:\\\/\\\/exaudi.org\\\/es\\\/papa-clero-eslovaco-crecer-libres-religiosidad-rigida\\\/\"},\"author\":{\"name\":\"Gabriel Sales\",\"@id\":\"https:\\\/\\\/exaudi.org\\\/#\\\/schema\\\/person\\\/d134b96438278131ce90c90c03fda6cd\"},\"headline\":\"El Papa al clero eslovaco: Creced \u201clibres de una religiosidad r\u00edgida\u201d\",\"datePublished\":\"2021-09-13T17:27:25+00:00\",\"dateModified\":\"2021-09-14T08:37:50+00:00\",\"mainEntityOfPage\":{\"@id\":\"https:\\\/\\\/exaudi.org\\\/es\\\/papa-clero-eslovaco-crecer-libres-religiosidad-rigida\\\/\"},\"wordCount\":3938,\"image\":{\"@id\":\"https:\\\/\\\/exaudi.org\\\/es\\\/papa-clero-eslovaco-crecer-libres-religiosidad-rigida\\\/#primaryimage\"},\"thumbnailUrl\":\"https:\\\/\\\/exaudi.org\\\/wp-content\\\/uploads\\\/2021\\\/09\\\/c234333b-scaled.jpg\",\"keywords\":[\"Conferencia Episcopal de Eslovaquia\",\"Featured\",\"papa francisco\",\"Viaje Apost\u00f3lico del Papa a Budapest y Eslovaquia\"],\"articleSection\":[\"Discursos\",\"Viajes\",\"Viajes Papales\"],\"inLanguage\":\"es\"},{\"@type\":\"WebPage\",\"@id\":\"https:\\\/\\\/exaudi.org\\\/es\\\/papa-clero-eslovaco-crecer-libres-religiosidad-rigida\\\/\",\"url\":\"https:\\\/\\\/exaudi.org\\\/es\\\/papa-clero-eslovaco-crecer-libres-religiosidad-rigida\\\/\",\"name\":\"El Papa al clero eslovaco: Creced \u201clibres de una religiosidad r\u00edgida\u201d\",\"isPartOf\":{\"@id\":\"https:\\\/\\\/exaudi.org\\\/#website\"},\"primaryImageOfPage\":{\"@id\":\"https:\\\/\\\/exaudi.org\\\/es\\\/papa-clero-eslovaco-crecer-libres-religiosidad-rigida\\\/#primaryimage\"},\"image\":{\"@id\":\"https:\\\/\\\/exaudi.org\\\/es\\\/papa-clero-eslovaco-crecer-libres-religiosidad-rigida\\\/#primaryimage\"},\"thumbnailUrl\":\"https:\\\/\\\/exaudi.org\\\/wp-content\\\/uploads\\\/2021\\\/09\\\/c234333b-scaled.jpg\",\"datePublished\":\"2021-09-13T17:27:25+00:00\",\"dateModified\":\"2021-09-14T08:37:50+00:00\",\"author\":{\"@id\":\"https:\\\/\\\/exaudi.org\\\/#\\\/schema\\\/person\\\/d134b96438278131ce90c90c03fda6cd\"},\"description\":\"En su discurso al clero eslovaco, el Papa Francisco ha animado a vivir fuera de una religiosidad r\u00edgida y a vivir como lo hac\u00eda Cristo.\",\"breadcrumb\":{\"@id\":\"https:\\\/\\\/exaudi.org\\\/es\\\/papa-clero-eslovaco-crecer-libres-religiosidad-rigida\\\/#breadcrumb\"},\"inLanguage\":\"es\",\"potentialAction\":[{\"@type\":\"ReadAction\",\"target\":[\"https:\\\/\\\/exaudi.org\\\/es\\\/papa-clero-eslovaco-crecer-libres-religiosidad-rigida\\\/\"]}]},{\"@type\":\"ImageObject\",\"inLanguage\":\"es\",\"@id\":\"https:\\\/\\\/exaudi.org\\\/es\\\/papa-clero-eslovaco-crecer-libres-religiosidad-rigida\\\/#primaryimage\",\"url\":\"https:\\\/\\\/exaudi.org\\\/wp-content\\\/uploads\\\/2021\\\/09\\\/c234333b-scaled.jpg\",\"contentUrl\":\"https:\\\/\\\/exaudi.org\\\/wp-content\\\/uploads\\\/2021\\\/09\\\/c234333b-scaled.jpg\",\"width\":2560,\"height\":1637,\"caption\":\"El Papa con el clero eslovaco, 13 de septiembre de 2021 \u00a9 Vatican Media\"},{\"@type\":\"BreadcrumbList\",\"@id\":\"https:\\\/\\\/exaudi.org\\\/es\\\/papa-clero-eslovaco-crecer-libres-religiosidad-rigida\\\/#breadcrumb\",\"itemListElement\":[{\"@type\":\"ListItem\",\"position\":1,\"name\":\"Portada\",\"item\":\"https:\\\/\\\/exaudi.org\\\/es\\\/\"},{\"@type\":\"ListItem\",\"position\":2,\"name\":\"El Papa al clero eslovaco: Creced \u201clibres de una religiosidad r\u00edgida\u201d\"}]},{\"@type\":\"WebSite\",\"@id\":\"https:\\\/\\\/exaudi.org\\\/#website\",\"url\":\"https:\\\/\\\/exaudi.org\\\/\",\"name\":\"Exaudi\",\"description\":\"News\",\"potentialAction\":[{\"@type\":\"SearchAction\",\"target\":{\"@type\":\"EntryPoint\",\"urlTemplate\":\"https:\\\/\\\/exaudi.org\\\/?s={search_term_string}\"},\"query-input\":{\"@type\":\"PropertyValueSpecification\",\"valueRequired\":true,\"valueName\":\"search_term_string\"}}],\"inLanguage\":\"es\"},{\"@type\":\"Person\",\"@id\":\"https:\\\/\\\/exaudi.org\\\/#\\\/schema\\\/person\\\/d134b96438278131ce90c90c03fda6cd\",\"name\":\"Gabriel Sales\",\"image\":{\"@type\":\"ImageObject\",\"inLanguage\":\"es\",\"@id\":\"https:\\\/\\\/secure.gravatar.com\\\/avatar\\\/9b1269566f6a063ed26ffb3532b66a373cdde231ce5d0effb266167437fdaffd?s=96&d=mm&r=g\",\"url\":\"https:\\\/\\\/secure.gravatar.com\\\/avatar\\\/9b1269566f6a063ed26ffb3532b66a373cdde231ce5d0effb266167437fdaffd?s=96&d=mm&r=g\",\"contentUrl\":\"https:\\\/\\\/secure.gravatar.com\\\/avatar\\\/9b1269566f6a063ed26ffb3532b66a373cdde231ce5d0effb266167437fdaffd?s=96&d=mm&r=g\",\"caption\":\"Gabriel Sales\"},\"description\":\"Periodista y especialista en Comunicaci\u00f3n y Branding digital. Cin\u00e9filo y cr\u00edtico de cine y series de televisi\u00f3n.\",\"sameAs\":[\"https:\\\/\\\/www.instagram.com\\\/cine90segundos\\\/\",\"www.linkedin.com\\\/in\\\/habemusman\",\"https:\\\/\\\/x.com\\\/habemusman\",\"https:\\\/\\\/www.youtube.com\\\/channel\\\/UCVfCiOMkJ_C7T7OpyjuaLDg\"],\"url\":\"https:\\\/\\\/exaudi.org\\\/es\\\/author\\\/gsalesexaudi-org\\\/\"}]}<\/script>\n<!-- \/ Yoast SEO plugin. -->","yoast_head_json":{"title":"El Papa al clero eslovaco: Creced \u201clibres de una religiosidad r\u00edgida\u201d","description":"En su discurso al clero eslovaco, el Papa Francisco ha animado a vivir fuera de una religiosidad r\u00edgida y a vivir como lo hac\u00eda Cristo.","robots":{"index":"index","follow":"follow","max-snippet":"max-snippet:-1","max-image-preview":"max-image-preview:large","max-video-preview":"max-video-preview:-1"},"canonical":"https:\/\/exaudi.org\/es\/papa-clero-eslovaco-crecer-libres-religiosidad-rigida\/","og_locale":"es_ES","og_type":"article","og_title":"El Papa al clero eslovaco: Creced \u201clibres de una religiosidad r\u00edgida\u201d","og_description":"En su discurso al clero eslovaco, el Papa Francisco ha animado a vivir fuera de una religiosidad r\u00edgida y a vivir como lo hac\u00eda Cristo.","og_url":"https:\/\/exaudi.org\/es\/papa-clero-eslovaco-crecer-libres-religiosidad-rigida\/","og_site_name":"Exaudi","article_publisher":"https:\/\/www.facebook.com\/ExaudiNews","article_published_time":"2021-09-13T17:27:25+00:00","article_modified_time":"2021-09-14T08:37:50+00:00","og_image":[{"width":2560,"height":1637,"url":"https:\/\/exaudi.org\/wp-content\/uploads\/2021\/09\/c234333b-scaled.jpg","type":"image\/jpeg"}],"author":"Gabriel Sales","twitter_card":"summary_large_image","twitter_creator":"@habemusman","twitter_site":"@Exaudi_News","twitter_misc":{"Escrito por":"Gabriel Sales","Tiempo de lectura":"19 minutos"},"schema":{"@context":"https:\/\/schema.org","@graph":[{"@type":"Article","@id":"https:\/\/exaudi.org\/es\/papa-clero-eslovaco-crecer-libres-religiosidad-rigida\/#article","isPartOf":{"@id":"https:\/\/exaudi.org\/es\/papa-clero-eslovaco-crecer-libres-religiosidad-rigida\/"},"author":{"name":"Gabriel Sales","@id":"https:\/\/exaudi.org\/#\/schema\/person\/d134b96438278131ce90c90c03fda6cd"},"headline":"El Papa al clero eslovaco: Creced \u201clibres de una religiosidad r\u00edgida\u201d","datePublished":"2021-09-13T17:27:25+00:00","dateModified":"2021-09-14T08:37:50+00:00","mainEntityOfPage":{"@id":"https:\/\/exaudi.org\/es\/papa-clero-eslovaco-crecer-libres-religiosidad-rigida\/"},"wordCount":3938,"image":{"@id":"https:\/\/exaudi.org\/es\/papa-clero-eslovaco-crecer-libres-religiosidad-rigida\/#primaryimage"},"thumbnailUrl":"https:\/\/exaudi.org\/wp-content\/uploads\/2021\/09\/c234333b-scaled.jpg","keywords":["Conferencia Episcopal de Eslovaquia","Featured","papa francisco","Viaje Apost\u00f3lico del Papa a Budapest y Eslovaquia"],"articleSection":["Discursos","Viajes","Viajes Papales"],"inLanguage":"es"},{"@type":"WebPage","@id":"https:\/\/exaudi.org\/es\/papa-clero-eslovaco-crecer-libres-religiosidad-rigida\/","url":"https:\/\/exaudi.org\/es\/papa-clero-eslovaco-crecer-libres-religiosidad-rigida\/","name":"El Papa al clero eslovaco: Creced \u201clibres de una religiosidad r\u00edgida\u201d","isPartOf":{"@id":"https:\/\/exaudi.org\/#website"},"primaryImageOfPage":{"@id":"https:\/\/exaudi.org\/es\/papa-clero-eslovaco-crecer-libres-religiosidad-rigida\/#primaryimage"},"image":{"@id":"https:\/\/exaudi.org\/es\/papa-clero-eslovaco-crecer-libres-religiosidad-rigida\/#primaryimage"},"thumbnailUrl":"https:\/\/exaudi.org\/wp-content\/uploads\/2021\/09\/c234333b-scaled.jpg","datePublished":"2021-09-13T17:27:25+00:00","dateModified":"2021-09-14T08:37:50+00:00","author":{"@id":"https:\/\/exaudi.org\/#\/schema\/person\/d134b96438278131ce90c90c03fda6cd"},"description":"En su discurso al clero eslovaco, el Papa Francisco ha animado a vivir fuera de una religiosidad r\u00edgida y a vivir como lo hac\u00eda Cristo.","breadcrumb":{"@id":"https:\/\/exaudi.org\/es\/papa-clero-eslovaco-crecer-libres-religiosidad-rigida\/#breadcrumb"},"inLanguage":"es","potentialAction":[{"@type":"ReadAction","target":["https:\/\/exaudi.org\/es\/papa-clero-eslovaco-crecer-libres-religiosidad-rigida\/"]}]},{"@type":"ImageObject","inLanguage":"es","@id":"https:\/\/exaudi.org\/es\/papa-clero-eslovaco-crecer-libres-religiosidad-rigida\/#primaryimage","url":"https:\/\/exaudi.org\/wp-content\/uploads\/2021\/09\/c234333b-scaled.jpg","contentUrl":"https:\/\/exaudi.org\/wp-content\/uploads\/2021\/09\/c234333b-scaled.jpg","width":2560,"height":1637,"caption":"El Papa con el clero eslovaco, 13 de septiembre de 2021 \u00a9 Vatican Media"},{"@type":"BreadcrumbList","@id":"https:\/\/exaudi.org\/es\/papa-clero-eslovaco-crecer-libres-religiosidad-rigida\/#breadcrumb","itemListElement":[{"@type":"ListItem","position":1,"name":"Portada","item":"https:\/\/exaudi.org\/es\/"},{"@type":"ListItem","position":2,"name":"El Papa al clero eslovaco: Creced \u201clibres de una religiosidad r\u00edgida\u201d"}]},{"@type":"WebSite","@id":"https:\/\/exaudi.org\/#website","url":"https:\/\/exaudi.org\/","name":"Exaudi","description":"News","potentialAction":[{"@type":"SearchAction","target":{"@type":"EntryPoint","urlTemplate":"https:\/\/exaudi.org\/?s={search_term_string}"},"query-input":{"@type":"PropertyValueSpecification","valueRequired":true,"valueName":"search_term_string"}}],"inLanguage":"es"},{"@type":"Person","@id":"https:\/\/exaudi.org\/#\/schema\/person\/d134b96438278131ce90c90c03fda6cd","name":"Gabriel Sales","image":{"@type":"ImageObject","inLanguage":"es","@id":"https:\/\/secure.gravatar.com\/avatar\/9b1269566f6a063ed26ffb3532b66a373cdde231ce5d0effb266167437fdaffd?s=96&d=mm&r=g","url":"https:\/\/secure.gravatar.com\/avatar\/9b1269566f6a063ed26ffb3532b66a373cdde231ce5d0effb266167437fdaffd?s=96&d=mm&r=g","contentUrl":"https:\/\/secure.gravatar.com\/avatar\/9b1269566f6a063ed26ffb3532b66a373cdde231ce5d0effb266167437fdaffd?s=96&d=mm&r=g","caption":"Gabriel Sales"},"description":"Periodista y especialista en Comunicaci\u00f3n y Branding digital. Cin\u00e9filo y cr\u00edtico de cine y series de televisi\u00f3n.","sameAs":["https:\/\/www.instagram.com\/cine90segundos\/","www.linkedin.com\/in\/habemusman","https:\/\/x.com\/habemusman","https:\/\/www.youtube.com\/channel\/UCVfCiOMkJ_C7T7OpyjuaLDg"],"url":"https:\/\/exaudi.org\/es\/author\/gsalesexaudi-org\/"}]}},"jetpack_featured_media_url":"https:\/\/exaudi.org\/wp-content\/uploads\/2021\/09\/c234333b-scaled.jpg","jetpack_shortlink":"https:\/\/wp.me\/pgKjF2-8B7","_links":{"self":[{"href":"https:\/\/exaudi.org\/es\/wp-json\/wp\/v2\/posts\/33053","targetHints":{"allow":["GET"]}}],"collection":[{"href":"https:\/\/exaudi.org\/es\/wp-json\/wp\/v2\/posts"}],"about":[{"href":"https:\/\/exaudi.org\/es\/wp-json\/wp\/v2\/types\/post"}],"author":[{"embeddable":true,"href":"https:\/\/exaudi.org\/es\/wp-json\/wp\/v2\/users\/6"}],"replies":[{"embeddable":true,"href":"https:\/\/exaudi.org\/es\/wp-json\/wp\/v2\/comments?post=33053"}],"version-history":[{"count":0,"href":"https:\/\/exaudi.org\/es\/wp-json\/wp\/v2\/posts\/33053\/revisions"}],"wp:featuredmedia":[{"embeddable":true,"href":"https:\/\/exaudi.org\/es\/wp-json\/wp\/v2\/media\/33119"}],"wp:attachment":[{"href":"https:\/\/exaudi.org\/es\/wp-json\/wp\/v2\/media?parent=33053"}],"wp:term":[{"taxonomy":"category","embeddable":true,"href":"https:\/\/exaudi.org\/es\/wp-json\/wp\/v2\/categories?post=33053"},{"taxonomy":"post_tag","embeddable":true,"href":"https:\/\/exaudi.org\/es\/wp-json\/wp\/v2\/tags?post=33053"}],"curies":[{"name":"wp","href":"https:\/\/api.w.org\/{rel}","templated":true}]}}