{"id":32721,"date":"2021-09-12T09:29:29","date_gmt":"2021-09-12T07:29:29","guid":{"rendered":"https:\/\/exaudi.wpengine.com\/?p=32721"},"modified":"2021-09-12T17:44:59","modified_gmt":"2021-09-12T15:44:59","slug":"papa-francisco-presidente-primer-ministro-hungria","status":"publish","type":"post","link":"https:\/\/exaudi.org\/es\/papa-francisco-presidente-primer-ministro-hungria\/","title":{"rendered":"El Papa se re\u00fane con el presidente de Hungr\u00eda"},"content":{"rendered":"<figure id=\"attachment_32769\" aria-describedby=\"caption-attachment-32769\" style=\"width: 200px\" class=\"wp-caption alignleft\"><img loading=\"lazy\" decoding=\"async\" class=\"size-medium wp-image-32769\" src=\"https:\/\/exaudi.wpengine.com\/wp-content\/uploads\/2021\/09\/SFO5935-200x300.jpg\" alt=\"Budapest Eslovaquia Papa presidente\" width=\"200\" height=\"300\" srcset=\"https:\/\/exaudi.org\/wp-content\/uploads\/2021\/09\/SFO5935-200x300.jpg 200w, https:\/\/exaudi.org\/wp-content\/uploads\/2021\/09\/SFO5935-683x1024.jpg 683w, https:\/\/exaudi.org\/wp-content\/uploads\/2021\/09\/SFO5935-768x1152.jpg 768w, https:\/\/exaudi.org\/wp-content\/uploads\/2021\/09\/SFO5935-1024x1536.jpg 1024w, https:\/\/exaudi.org\/wp-content\/uploads\/2021\/09\/SFO5935-1365x2048.jpg 1365w, https:\/\/exaudi.org\/wp-content\/uploads\/2021\/09\/SFO5935-150x225.jpg 150w, https:\/\/exaudi.org\/wp-content\/uploads\/2021\/09\/SFO5935-300x450.jpg 300w, https:\/\/exaudi.org\/wp-content\/uploads\/2021\/09\/SFO5935-696x1044.jpg 696w, https:\/\/exaudi.org\/wp-content\/uploads\/2021\/09\/SFO5935-1068x1602.jpg 1068w, https:\/\/exaudi.org\/wp-content\/uploads\/2021\/09\/SFO5935-1920x2880.jpg 1920w, https:\/\/exaudi.org\/wp-content\/uploads\/2021\/09\/SFO5935-280x420.jpg 280w, https:\/\/exaudi.org\/wp-content\/uploads\/2021\/09\/SFO5935-scaled.jpg 1707w\" sizes=\"auto, (max-width: 200px) 100vw, 200px\" \/><figcaption id=\"caption-attachment-32769\" class=\"wp-caption-text\">El Papa con el presidente de Hungr\u00eda \u00a9 Vatican Media<\/figcaption><\/figure>\n<p>Despu\u00e9s de\u00a0<a href=\"https:\/\/exaudi.wpengine.com\/es\/papa-budapest-clausurar-52-congreso-eucaristico\/\" target=\"_blank\" rel=\"noopener\">ser acogido en el Aeropuerto Internacional de Budapest, Hungr\u00eda<\/a>, el Papa Francisco se ha dirigido en coche al <a href=\"https:\/\/www.budapest.org\/es\/museos-budapest\/\" target=\"_blank\" rel=\"noopener\">Museo de Bellas Artes de la capital<\/a>, donde fue recibido a la entrada del mismo por el presidente de la Rep\u00fablica, J\u00e1nos \u00c1der, y el primer ministro, <a href=\"https:\/\/exaudi.wpengine.com\/es\/budapest-el-papa-se-reunira-con-orban-en-el-congreso-eucaristico\/\" target=\"_blank\" rel=\"noopener\">Viktor Orb\u00e1n<\/a>. A la reuni\u00f3n privada, situada en la sala rom\u00e1nica del museo, tambi\u00e9n han asistido el secretario de Estado y el secretario de Relaciones con los Estados.<\/p>\n<p>El encuentro, por ser privado, no se ha transmitido en directo. Tras la foto oficial del presidente y el primer ministro h\u00fangaros y el Papa, los tres se han dirigido al interior del edificio para la reuni\u00f3n de cortes\u00eda y el intercambio de regalos.<\/p>\n<figure id=\"attachment_32766\" aria-describedby=\"caption-attachment-32766\" style=\"width: 300px\" class=\"wp-caption alignright\"><img loading=\"lazy\" decoding=\"async\" class=\"size-medium wp-image-32766\" src=\"https:\/\/exaudi.wpengine.com\/wp-content\/uploads\/2021\/09\/SFO5949-300x200.jpg\" alt=\"Budapest Eslovaquia Papa presidente\" width=\"300\" height=\"200\" srcset=\"https:\/\/exaudi.org\/wp-content\/uploads\/2021\/09\/SFO5949-300x200.jpg 300w, https:\/\/exaudi.org\/wp-content\/uploads\/2021\/09\/SFO5949-1024x683.jpg 1024w, https:\/\/exaudi.org\/wp-content\/uploads\/2021\/09\/SFO5949-768x512.jpg 768w, https:\/\/exaudi.org\/wp-content\/uploads\/2021\/09\/SFO5949-1536x1024.jpg 1536w, https:\/\/exaudi.org\/wp-content\/uploads\/2021\/09\/SFO5949-2048x1365.jpg 2048w, https:\/\/exaudi.org\/wp-content\/uploads\/2021\/09\/SFO5949-150x100.jpg 150w, https:\/\/exaudi.org\/wp-content\/uploads\/2021\/09\/SFO5949-696x464.jpg 696w, https:\/\/exaudi.org\/wp-content\/uploads\/2021\/09\/SFO5949-1068x712.jpg 1068w, https:\/\/exaudi.org\/wp-content\/uploads\/2021\/09\/SFO5949-1920x1280.jpg 1920w, https:\/\/exaudi.org\/wp-content\/uploads\/2021\/09\/SFO5949-630x420.jpg 630w\" sizes=\"auto, (max-width: 300px) 100vw, 300px\" \/><figcaption id=\"caption-attachment-32766\" class=\"wp-caption-text\">El Papa con el primer ministro h\u00fangaro \u00a9 Vatican Media<\/figcaption><\/figure>\n<p>De acuerdo a un comunicado de la Oficina de Prensa de la Santa Sede, \u201centre los diversos temas que se trataron se encuentran el papel de la Iglesia en el pa\u00eds, el compromiso con el medio ambiente, y la defensa y promoci\u00f3n de la familia\u201d. \u201cJunto al Santo Padre estuvieron presentes Su Eminencia el Cardenal Parolin, Secretario de Estado, y Su Excelencia Mons. Gallagher, secretario de Relaciones con los Estados\u201d, indica la nota. \u201cEl encuentro entre el primer ministro y el viceprimer Ministro de Hungr\u00eda se desarroll\u00f3 seg\u00fan lo previsto en un ambiente cordial, termin\u00f3 a las 9:25 horas\u201d, a\u00f1ade el texto.<\/p>\n<p>Finalmente, el Papa se ha despedido de las dos altas autoridades nacionales y se ha dirigido a la Sala del Renacimiento, donde se ha celebrado la reuni\u00f3n con 35 obispos locales. El Obispo de Roma ha regalado al presidente h\u00fangaro un mosaico en el que se refleja la plaza de San Pedro.<\/p>\n<h4><strong>Regalo del Santo Padre al presidente<\/strong><\/h4>\n<p><img loading=\"lazy\" decoding=\"async\" class=\"size-medium wp-image-32776 alignleft\" src=\"https:\/\/exaudi.wpengine.com\/wp-content\/uploads\/2021\/09\/DSC2842-300x200.jpg\" alt=\"\" width=\"300\" height=\"200\" srcset=\"https:\/\/exaudi.org\/wp-content\/uploads\/2021\/09\/DSC2842-300x200.jpg 300w, https:\/\/exaudi.org\/wp-content\/uploads\/2021\/09\/DSC2842-1024x683.jpg 1024w, https:\/\/exaudi.org\/wp-content\/uploads\/2021\/09\/DSC2842-768x512.jpg 768w, https:\/\/exaudi.org\/wp-content\/uploads\/2021\/09\/DSC2842-1536x1024.jpg 1536w, https:\/\/exaudi.org\/wp-content\/uploads\/2021\/09\/DSC2842-2048x1365.jpg 2048w, https:\/\/exaudi.org\/wp-content\/uploads\/2021\/09\/DSC2842-150x100.jpg 150w, https:\/\/exaudi.org\/wp-content\/uploads\/2021\/09\/DSC2842-696x464.jpg 696w, https:\/\/exaudi.org\/wp-content\/uploads\/2021\/09\/DSC2842-1068x712.jpg 1068w, https:\/\/exaudi.org\/wp-content\/uploads\/2021\/09\/DSC2842-1920x1280.jpg 1920w, https:\/\/exaudi.org\/wp-content\/uploads\/2021\/09\/DSC2842-630x420.jpg 630w\" sizes=\"auto, (max-width: 300px) 100vw, 300px\" \/>A la izquierda, el regalo que Francisco ha hecho al presidente de la rep\u00fablica h\u00fangara. Se trata de un panel de mosaico titulado \u201cBendici\u00f3n papal en la Plaza de San Pedro\u201d, que est\u00e1 tomado de un \u00f3leo de de Ippolito Caffi pintado a mediados del siglo XIX y que se encuentra en el Museo de Roma. Muestra una plaza de San Pedro inundada de la luz de la ma\u00f1ana, con mucha gente esperando la bendici\u00f3n papal desde la Bas\u00edlica, protegida por una gran tela blanca.<\/p>\n<p>Caffi naci\u00f3 en Belluno en 1809 y fue uno de los m\u00e1s grandes y originales vedutistas del siglo XIX en Italia. La pintura en mosaico, de 35 por 60 cent\u00edmetros, fue realizada por los mosaicistas del <em>Studio del Mosaico Vaticano <\/em>de enero a abril de 2020. Se utilizaban esmaltes policromados, aplicados con estuco oleoso sobre una base met\u00e1lica. El estuco tiene la misma f\u00f3rmula que la utilizada en siglos pasados para aplicar los mosaicos de la Bas\u00edlica de San Pedro.\u00a0En la creaci\u00f3n de la obra se utiliz\u00f3 la t\u00e9cnica de los esmaltes hilados, t\u00edpica del Estudio de Mosaicos del Vaticano.<\/p>\n<h4><strong>J\u00e1nos \u00c1der<\/strong><\/h4>\n<figure id=\"attachment_32796\" aria-describedby=\"caption-attachment-32796\" style=\"width: 300px\" class=\"wp-caption alignright\"><img loading=\"lazy\" decoding=\"async\" class=\"size-medium wp-image-32796\" src=\"https:\/\/exaudi.wpengine.com\/wp-content\/uploads\/2021\/09\/SFO6066-300x200.jpg\" alt=\"\" width=\"300\" height=\"200\" srcset=\"https:\/\/exaudi.org\/wp-content\/uploads\/2021\/09\/SFO6066-300x200.jpg 300w, https:\/\/exaudi.org\/wp-content\/uploads\/2021\/09\/SFO6066-1024x683.jpg 1024w, https:\/\/exaudi.org\/wp-content\/uploads\/2021\/09\/SFO6066-768x512.jpg 768w, https:\/\/exaudi.org\/wp-content\/uploads\/2021\/09\/SFO6066-1536x1024.jpg 1536w, https:\/\/exaudi.org\/wp-content\/uploads\/2021\/09\/SFO6066-2048x1365.jpg 2048w, https:\/\/exaudi.org\/wp-content\/uploads\/2021\/09\/SFO6066-150x100.jpg 150w, https:\/\/exaudi.org\/wp-content\/uploads\/2021\/09\/SFO6066-696x464.jpg 696w, https:\/\/exaudi.org\/wp-content\/uploads\/2021\/09\/SFO6066-1068x712.jpg 1068w, https:\/\/exaudi.org\/wp-content\/uploads\/2021\/09\/SFO6066-1920x1280.jpg 1920w, https:\/\/exaudi.org\/wp-content\/uploads\/2021\/09\/SFO6066-630x420.jpg 630w\" sizes=\"auto, (max-width: 300px) 100vw, 300px\" \/><figcaption id=\"caption-attachment-32796\" class=\"wp-caption-text\">El Papa con el presidente de Hungr\u00eda \u00a9 Vatican Media<\/figcaption><\/figure>\n<p>El presidente de la rep\u00fablica J\u00e1nos \u00c1der, naci\u00f3 en Csoma, noroeste de Hungr\u00eda, en 1959. Es licenciado en Derecho por la Universidad de E\u00f6tv\u00f6s, Budapest, en 1983. Trabaj\u00f3 en el Instituto de Investigaciones Sociol\u00f3gicas de la Academia H\u00fangara de Ciencias de 1986 a 1990. Se uni\u00f3 a la fiesta Fidesz, Partido de la Uni\u00f3n C\u00edvica H\u00fangara en 1988. Representante de Fidesz en la Asamblea Nacional de 1990 a 2009.<\/p>\n<p>Fue presidente de la Asamblea Nacional en el momento del primer Gobierno de Orb\u00e1n, de 1998 a 2002, presidente de Fidesz, de 2002 a 2003, presidente de la Asamblea Nacional durante todo el ciclo parlamentario 2006-2010, miembro del Parlamento Europeo desde 2009 hasta 2012, cuando fue elegido presidente de la Rep\u00fablica. \u00c1der est\u00e1 casado y tiene cuatro hijos.<\/p>\n<h4><strong>Viktor Orb\u00e1n<\/strong><\/h4>\n<figure id=\"attachment_32799\" aria-describedby=\"caption-attachment-32799\" style=\"width: 300px\" class=\"wp-caption alignleft\"><img loading=\"lazy\" decoding=\"async\" class=\"size-medium wp-image-32799\" src=\"https:\/\/exaudi.wpengine.com\/wp-content\/uploads\/2021\/09\/DSC2857-300x200.jpg\" alt=\"\" width=\"300\" height=\"200\" srcset=\"https:\/\/exaudi.org\/wp-content\/uploads\/2021\/09\/DSC2857-300x200.jpg 300w, https:\/\/exaudi.org\/wp-content\/uploads\/2021\/09\/DSC2857-1024x683.jpg 1024w, https:\/\/exaudi.org\/wp-content\/uploads\/2021\/09\/DSC2857-768x512.jpg 768w, https:\/\/exaudi.org\/wp-content\/uploads\/2021\/09\/DSC2857-1536x1024.jpg 1536w, https:\/\/exaudi.org\/wp-content\/uploads\/2021\/09\/DSC2857-2048x1365.jpg 2048w, https:\/\/exaudi.org\/wp-content\/uploads\/2021\/09\/DSC2857-150x100.jpg 150w, https:\/\/exaudi.org\/wp-content\/uploads\/2021\/09\/DSC2857-696x464.jpg 696w, https:\/\/exaudi.org\/wp-content\/uploads\/2021\/09\/DSC2857-1068x712.jpg 1068w, https:\/\/exaudi.org\/wp-content\/uploads\/2021\/09\/DSC2857-1920x1280.jpg 1920w, https:\/\/exaudi.org\/wp-content\/uploads\/2021\/09\/DSC2857-630x420.jpg 630w\" sizes=\"auto, (max-width: 300px) 100vw, 300px\" \/><figcaption id=\"caption-attachment-32799\" class=\"wp-caption-text\">El Papa con el primer ministro h\u00fangaro \u00a9 Vatican Media<\/figcaption><\/figure>\n<p>El primer ministro de Hungr\u00eda Viktor Orb\u00e1n naci\u00f3 en Sz\u00e9kesfeh\u00e9rv\u00e1r en 1963. Se licenci\u00f3 en la Facultad de Derecho de la Universidad Lor\u00e1nd E\u00f6tv\u00f6s de Budapest en 1987. En 1988 fund\u00f3 el grupo estudiantil reformista conocido como Alianza de J\u00f3venes Dem\u00f3cratas, ahora Fidesz &#8211; Uni\u00f3n C\u00edvica H\u00fangara, un partido nacional-conservador. Fue elegido diputado en 1990 y en 1998 fue nombrado primer ministro por primera vez.<\/p>\n<p>Fue reelegido en el gobierno en 2010, 2014 y 2018. Orban est\u00e1 casado con Aniko Levai y tiene cinco hijos.<\/p>\n<p><strong style=\"color: #111111;font-family: Roboto, sans-serif;font-size: 19px\">Museo de Bellas Artes<\/strong><\/p>\n<p>El <em>Sz\u00e9pm\u0171v\u00e9szeti M\u00fazeum<\/em> se inaugur\u00f3 en 1906, pero fue dise\u00f1ado en 1896, el a\u00f1o del milenio de la fundaci\u00f3n del Estado h\u00fangaro. Se encuentra en un edificio monumental en el lado occidental de la Plaza de los H\u00e9roes. Construido en un estilo que recuerda al neocl\u00e1sico, tiene un exterior porticado de ocho columnas y un front\u00f3n que recuerda al Templo de Zeus en Olimpia.\u00a0El interior est\u00e1 formado por salas de m\u00e1rmol, con techos estucados e imponentes escaleras.<\/p>\n<p>El Museo se abri\u00f3 al p\u00fablico el 5 de diciembre de 1906. Las colecciones existentes se han ido enriqueciendo a lo largo de los a\u00f1os, incluso bajo el gobierno comunista. Durante la Segunda Guerra Mundial, el Museo fue bombardeado y saqueado por las tropas nazis, pero las obras robadas fueron devueltas. En 1957, las obras h\u00fangaras se trasladaron a la Galer\u00eda Nacional del pa\u00eds.<\/p>\n<p>En 2012, los dos museos volvieron a unirse administrativamente, a la espera del traslado de todas sus colecciones a la nueva localizaci\u00f3n, que se construir\u00e1 en una nueva zona muse\u00edstica, a\u00fan en fase de planificaci\u00f3n, junto al Parque Municipal de Budapest. El Centro de Exposiciones ha sido renovado recientemente, incluyendo calefacci\u00f3n y accesibilidad y las instalaciones de restauraci\u00f3n. La apertura al p\u00fablico tuvo lugar entre finales de 2018 y mediados de 2019.<\/p>\n<h4><strong>Sala Rom\u00e1nica<\/strong><\/h4>\n<p>La sala rom\u00e1nica del Museo de Bellas Artes es la zona art\u00edstica m\u00e1s rica de todo el museo: dividida por altos pilares, su estructura recuerda a una bas\u00edlica rom\u00e1nica. Las columnas se inspiran en las que se encuentran en la Catedral de P\u00e9cs, al sur de Hungr\u00eda, mientras que las paredes est\u00e1n decoradas por los pintores K\u00e1roly Miksa Reissmann y J\u00e1nos Glaser.<\/p>\n<p>Adem\u00e1s de los elementos y ornamentos her\u00e1ldicos, las figuras representadas fueron seleccionadas de la iconograf\u00eda de la ciudad,\u00a0 la iconograf\u00eda cristiana y la historia h\u00fangara, como los santos h\u00fangaros Esteban Esteban, Isabel y Margarita; Cristo Buen Pastor y la Virgen con el Ni\u00f1o y los \u00c1ngeles, el Profeta Daniel y la Reina de Saba.<\/p>\n<p>Gravemente da\u00f1ada durante la Segunda Guerra Mundial, la sala rom\u00e1nica estuvo cerrada a los visitantes durante m\u00e1s de 70 a\u00f1os y ha sido restaurada recientemente.<\/p>\n","protected":false},"excerpt":{"rendered":"<p>Y con el primer ministro<\/p>\n","protected":false},"author":6,"featured_media":32763,"comment_status":"closed","ping_status":"closed","sticky":false,"template":"","format":"standard","meta":{"_acf_changed":false,"_crdt_document":"","inline_featured_image":false,"footnotes":""},"categories":[298,120,126],"tags":[158,4105,3430],"class_list":["post-32721","post","type-post","status-publish","format-standard","has-post-thumbnail","hentry","category-ultimas-noticias","category-viajes","category-viajes-papales","tag-papa-francisco","tag-presidente-de-hungria","tag-viaje-apostolico-del-papa-a-budapest-y-eslovaquia"],"acf":[],"yoast_head":"<!-- This site is optimized with the Yoast SEO plugin v27.5 - https:\/\/yoast.com\/product\/yoast-seo-wordpress\/ -->\n<title>El Papa se re\u00fane con el presidente de Hungr\u00eda - Exaudi Catholic News<\/title>\n<meta name=\"description\" content=\"El Papa Francisco se ha reunido con el presidente de la Rep\u00fablica de Hungr\u00eda, J\u00e1nos \u00c1der, y el primer ministro del pa\u00eds.\" \/>\n<meta name=\"robots\" content=\"index, follow, max-snippet:-1, max-image-preview:large, max-video-preview:-1\" \/>\n<link rel=\"canonical\" href=\"https:\/\/exaudi.org\/es\/papa-francisco-presidente-primer-ministro-hungria\/\" \/>\n<meta property=\"og:locale\" content=\"es_ES\" \/>\n<meta property=\"og:type\" content=\"article\" \/>\n<meta property=\"og:title\" content=\"El Papa se re\u00fane con el presidente de Hungr\u00eda - Exaudi Catholic News\" \/>\n<meta property=\"og:description\" content=\"El Papa Francisco se ha reunido con el presidente de la Rep\u00fablica de Hungr\u00eda, J\u00e1nos \u00c1der, y el primer ministro del pa\u00eds.\" \/>\n<meta property=\"og:url\" content=\"https:\/\/exaudi.org\/es\/papa-francisco-presidente-primer-ministro-hungria\/\" \/>\n<meta property=\"og:site_name\" content=\"Exaudi\" \/>\n<meta property=\"article:publisher\" content=\"https:\/\/www.facebook.com\/ExaudiNews\" \/>\n<meta property=\"article:published_time\" content=\"2021-09-12T07:29:29+00:00\" \/>\n<meta property=\"article:modified_time\" content=\"2021-09-12T15:44:59+00:00\" \/>\n<meta property=\"og:image\" content=\"https:\/\/exaudi.org\/wp-content\/uploads\/2021\/09\/23c4234c342-scaled.jpg\" \/>\n\t<meta property=\"og:image:width\" content=\"2560\" \/>\n\t<meta property=\"og:image:height\" content=\"1707\" \/>\n\t<meta property=\"og:image:type\" content=\"image\/jpeg\" \/>\n<meta name=\"author\" content=\"Gabriel Sales\" \/>\n<meta name=\"twitter:card\" content=\"summary_large_image\" \/>\n<meta name=\"twitter:creator\" content=\"@habemusman\" \/>\n<meta name=\"twitter:site\" content=\"@Exaudi_News\" \/>\n<meta name=\"twitter:label1\" content=\"Escrito por\" \/>\n\t<meta name=\"twitter:data1\" content=\"Gabriel Sales\" \/>\n\t<meta name=\"twitter:label2\" content=\"Tiempo de lectura\" \/>\n\t<meta name=\"twitter:data2\" content=\"6 minutos\" \/>\n<script type=\"application\/ld+json\" class=\"yoast-schema-graph\">{\"@context\":\"https:\\\/\\\/schema.org\",\"@graph\":[{\"@type\":\"Article\",\"@id\":\"https:\\\/\\\/exaudi.org\\\/es\\\/papa-francisco-presidente-primer-ministro-hungria\\\/#article\",\"isPartOf\":{\"@id\":\"https:\\\/\\\/exaudi.org\\\/es\\\/papa-francisco-presidente-primer-ministro-hungria\\\/\"},\"author\":{\"name\":\"Gabriel Sales\",\"@id\":\"https:\\\/\\\/exaudi.org\\\/#\\\/schema\\\/person\\\/d134b96438278131ce90c90c03fda6cd\"},\"headline\":\"El Papa se re\u00fane con el presidente de Hungr\u00eda\",\"datePublished\":\"2021-09-12T07:29:29+00:00\",\"dateModified\":\"2021-09-12T15:44:59+00:00\",\"mainEntityOfPage\":{\"@id\":\"https:\\\/\\\/exaudi.org\\\/es\\\/papa-francisco-presidente-primer-ministro-hungria\\\/\"},\"wordCount\":1190,\"image\":{\"@id\":\"https:\\\/\\\/exaudi.org\\\/es\\\/papa-francisco-presidente-primer-ministro-hungria\\\/#primaryimage\"},\"thumbnailUrl\":\"https:\\\/\\\/exaudi.org\\\/wp-content\\\/uploads\\\/2021\\\/09\\\/23c4234c342-scaled.jpg\",\"keywords\":[\"papa francisco\",\"Presidente de Hungr\u00eda\",\"Viaje Apost\u00f3lico del Papa a Budapest y Eslovaquia\"],\"articleSection\":[\"\u00daltimas noticias\",\"Viajes\",\"Viajes Papales\"],\"inLanguage\":\"es\"},{\"@type\":\"WebPage\",\"@id\":\"https:\\\/\\\/exaudi.org\\\/es\\\/papa-francisco-presidente-primer-ministro-hungria\\\/\",\"url\":\"https:\\\/\\\/exaudi.org\\\/es\\\/papa-francisco-presidente-primer-ministro-hungria\\\/\",\"name\":\"El Papa se re\u00fane con el presidente de Hungr\u00eda - Exaudi Catholic News\",\"isPartOf\":{\"@id\":\"https:\\\/\\\/exaudi.org\\\/#website\"},\"primaryImageOfPage\":{\"@id\":\"https:\\\/\\\/exaudi.org\\\/es\\\/papa-francisco-presidente-primer-ministro-hungria\\\/#primaryimage\"},\"image\":{\"@id\":\"https:\\\/\\\/exaudi.org\\\/es\\\/papa-francisco-presidente-primer-ministro-hungria\\\/#primaryimage\"},\"thumbnailUrl\":\"https:\\\/\\\/exaudi.org\\\/wp-content\\\/uploads\\\/2021\\\/09\\\/23c4234c342-scaled.jpg\",\"datePublished\":\"2021-09-12T07:29:29+00:00\",\"dateModified\":\"2021-09-12T15:44:59+00:00\",\"author\":{\"@id\":\"https:\\\/\\\/exaudi.org\\\/#\\\/schema\\\/person\\\/d134b96438278131ce90c90c03fda6cd\"},\"description\":\"El Papa Francisco se ha reunido con el presidente de la Rep\u00fablica de Hungr\u00eda, J\u00e1nos \u00c1der, y el primer ministro del pa\u00eds.\",\"breadcrumb\":{\"@id\":\"https:\\\/\\\/exaudi.org\\\/es\\\/papa-francisco-presidente-primer-ministro-hungria\\\/#breadcrumb\"},\"inLanguage\":\"es\",\"potentialAction\":[{\"@type\":\"ReadAction\",\"target\":[\"https:\\\/\\\/exaudi.org\\\/es\\\/papa-francisco-presidente-primer-ministro-hungria\\\/\"]}]},{\"@type\":\"ImageObject\",\"inLanguage\":\"es\",\"@id\":\"https:\\\/\\\/exaudi.org\\\/es\\\/papa-francisco-presidente-primer-ministro-hungria\\\/#primaryimage\",\"url\":\"https:\\\/\\\/exaudi.org\\\/wp-content\\\/uploads\\\/2021\\\/09\\\/23c4234c342-scaled.jpg\",\"contentUrl\":\"https:\\\/\\\/exaudi.org\\\/wp-content\\\/uploads\\\/2021\\\/09\\\/23c4234c342-scaled.jpg\",\"width\":2560,\"height\":1707,\"caption\":\"Reuni\u00f3n del Papa con autoridades del gobierno de Hungr\u00eda, 12 de septiembre de 2021 \u00a9 Vatican Media\"},{\"@type\":\"BreadcrumbList\",\"@id\":\"https:\\\/\\\/exaudi.org\\\/es\\\/papa-francisco-presidente-primer-ministro-hungria\\\/#breadcrumb\",\"itemListElement\":[{\"@type\":\"ListItem\",\"position\":1,\"name\":\"Portada\",\"item\":\"https:\\\/\\\/exaudi.org\\\/es\\\/\"},{\"@type\":\"ListItem\",\"position\":2,\"name\":\"El Papa se re\u00fane con el presidente de Hungr\u00eda\"}]},{\"@type\":\"WebSite\",\"@id\":\"https:\\\/\\\/exaudi.org\\\/#website\",\"url\":\"https:\\\/\\\/exaudi.org\\\/\",\"name\":\"Exaudi\",\"description\":\"News\",\"potentialAction\":[{\"@type\":\"SearchAction\",\"target\":{\"@type\":\"EntryPoint\",\"urlTemplate\":\"https:\\\/\\\/exaudi.org\\\/?s={search_term_string}\"},\"query-input\":{\"@type\":\"PropertyValueSpecification\",\"valueRequired\":true,\"valueName\":\"search_term_string\"}}],\"inLanguage\":\"es\"},{\"@type\":\"Person\",\"@id\":\"https:\\\/\\\/exaudi.org\\\/#\\\/schema\\\/person\\\/d134b96438278131ce90c90c03fda6cd\",\"name\":\"Gabriel Sales\",\"image\":{\"@type\":\"ImageObject\",\"inLanguage\":\"es\",\"@id\":\"https:\\\/\\\/secure.gravatar.com\\\/avatar\\\/9b1269566f6a063ed26ffb3532b66a373cdde231ce5d0effb266167437fdaffd?s=96&d=mm&r=g\",\"url\":\"https:\\\/\\\/secure.gravatar.com\\\/avatar\\\/9b1269566f6a063ed26ffb3532b66a373cdde231ce5d0effb266167437fdaffd?s=96&d=mm&r=g\",\"contentUrl\":\"https:\\\/\\\/secure.gravatar.com\\\/avatar\\\/9b1269566f6a063ed26ffb3532b66a373cdde231ce5d0effb266167437fdaffd?s=96&d=mm&r=g\",\"caption\":\"Gabriel Sales\"},\"description\":\"Periodista y especialista en Comunicaci\u00f3n y Branding digital. Cin\u00e9filo y cr\u00edtico de cine y series de televisi\u00f3n.\",\"sameAs\":[\"https:\\\/\\\/www.instagram.com\\\/cine90segundos\\\/\",\"www.linkedin.com\\\/in\\\/habemusman\",\"https:\\\/\\\/x.com\\\/habemusman\",\"https:\\\/\\\/www.youtube.com\\\/channel\\\/UCVfCiOMkJ_C7T7OpyjuaLDg\"],\"url\":\"https:\\\/\\\/exaudi.org\\\/es\\\/author\\\/gsalesexaudi-org\\\/\"}]}<\/script>\n<!-- \/ Yoast SEO plugin. -->","yoast_head_json":{"title":"El Papa se re\u00fane con el presidente de Hungr\u00eda - Exaudi Catholic News","description":"El Papa Francisco se ha reunido con el presidente de la Rep\u00fablica de Hungr\u00eda, J\u00e1nos \u00c1der, y el primer ministro del pa\u00eds.","robots":{"index":"index","follow":"follow","max-snippet":"max-snippet:-1","max-image-preview":"max-image-preview:large","max-video-preview":"max-video-preview:-1"},"canonical":"https:\/\/exaudi.org\/es\/papa-francisco-presidente-primer-ministro-hungria\/","og_locale":"es_ES","og_type":"article","og_title":"El Papa se re\u00fane con el presidente de Hungr\u00eda - Exaudi Catholic News","og_description":"El Papa Francisco se ha reunido con el presidente de la Rep\u00fablica de Hungr\u00eda, J\u00e1nos \u00c1der, y el primer ministro del pa\u00eds.","og_url":"https:\/\/exaudi.org\/es\/papa-francisco-presidente-primer-ministro-hungria\/","og_site_name":"Exaudi","article_publisher":"https:\/\/www.facebook.com\/ExaudiNews","article_published_time":"2021-09-12T07:29:29+00:00","article_modified_time":"2021-09-12T15:44:59+00:00","og_image":[{"width":2560,"height":1707,"url":"https:\/\/exaudi.org\/wp-content\/uploads\/2021\/09\/23c4234c342-scaled.jpg","type":"image\/jpeg"}],"author":"Gabriel Sales","twitter_card":"summary_large_image","twitter_creator":"@habemusman","twitter_site":"@Exaudi_News","twitter_misc":{"Escrito por":"Gabriel Sales","Tiempo de lectura":"6 minutos"},"schema":{"@context":"https:\/\/schema.org","@graph":[{"@type":"Article","@id":"https:\/\/exaudi.org\/es\/papa-francisco-presidente-primer-ministro-hungria\/#article","isPartOf":{"@id":"https:\/\/exaudi.org\/es\/papa-francisco-presidente-primer-ministro-hungria\/"},"author":{"name":"Gabriel Sales","@id":"https:\/\/exaudi.org\/#\/schema\/person\/d134b96438278131ce90c90c03fda6cd"},"headline":"El Papa se re\u00fane con el presidente de Hungr\u00eda","datePublished":"2021-09-12T07:29:29+00:00","dateModified":"2021-09-12T15:44:59+00:00","mainEntityOfPage":{"@id":"https:\/\/exaudi.org\/es\/papa-francisco-presidente-primer-ministro-hungria\/"},"wordCount":1190,"image":{"@id":"https:\/\/exaudi.org\/es\/papa-francisco-presidente-primer-ministro-hungria\/#primaryimage"},"thumbnailUrl":"https:\/\/exaudi.org\/wp-content\/uploads\/2021\/09\/23c4234c342-scaled.jpg","keywords":["papa francisco","Presidente de Hungr\u00eda","Viaje Apost\u00f3lico del Papa a Budapest y Eslovaquia"],"articleSection":["\u00daltimas noticias","Viajes","Viajes Papales"],"inLanguage":"es"},{"@type":"WebPage","@id":"https:\/\/exaudi.org\/es\/papa-francisco-presidente-primer-ministro-hungria\/","url":"https:\/\/exaudi.org\/es\/papa-francisco-presidente-primer-ministro-hungria\/","name":"El Papa se re\u00fane con el presidente de Hungr\u00eda - Exaudi Catholic News","isPartOf":{"@id":"https:\/\/exaudi.org\/#website"},"primaryImageOfPage":{"@id":"https:\/\/exaudi.org\/es\/papa-francisco-presidente-primer-ministro-hungria\/#primaryimage"},"image":{"@id":"https:\/\/exaudi.org\/es\/papa-francisco-presidente-primer-ministro-hungria\/#primaryimage"},"thumbnailUrl":"https:\/\/exaudi.org\/wp-content\/uploads\/2021\/09\/23c4234c342-scaled.jpg","datePublished":"2021-09-12T07:29:29+00:00","dateModified":"2021-09-12T15:44:59+00:00","author":{"@id":"https:\/\/exaudi.org\/#\/schema\/person\/d134b96438278131ce90c90c03fda6cd"},"description":"El Papa Francisco se ha reunido con el presidente de la Rep\u00fablica de Hungr\u00eda, J\u00e1nos \u00c1der, y el primer ministro del pa\u00eds.","breadcrumb":{"@id":"https:\/\/exaudi.org\/es\/papa-francisco-presidente-primer-ministro-hungria\/#breadcrumb"},"inLanguage":"es","potentialAction":[{"@type":"ReadAction","target":["https:\/\/exaudi.org\/es\/papa-francisco-presidente-primer-ministro-hungria\/"]}]},{"@type":"ImageObject","inLanguage":"es","@id":"https:\/\/exaudi.org\/es\/papa-francisco-presidente-primer-ministro-hungria\/#primaryimage","url":"https:\/\/exaudi.org\/wp-content\/uploads\/2021\/09\/23c4234c342-scaled.jpg","contentUrl":"https:\/\/exaudi.org\/wp-content\/uploads\/2021\/09\/23c4234c342-scaled.jpg","width":2560,"height":1707,"caption":"Reuni\u00f3n del Papa con autoridades del gobierno de Hungr\u00eda, 12 de septiembre de 2021 \u00a9 Vatican Media"},{"@type":"BreadcrumbList","@id":"https:\/\/exaudi.org\/es\/papa-francisco-presidente-primer-ministro-hungria\/#breadcrumb","itemListElement":[{"@type":"ListItem","position":1,"name":"Portada","item":"https:\/\/exaudi.org\/es\/"},{"@type":"ListItem","position":2,"name":"El Papa se re\u00fane con el presidente de Hungr\u00eda"}]},{"@type":"WebSite","@id":"https:\/\/exaudi.org\/#website","url":"https:\/\/exaudi.org\/","name":"Exaudi","description":"News","potentialAction":[{"@type":"SearchAction","target":{"@type":"EntryPoint","urlTemplate":"https:\/\/exaudi.org\/?s={search_term_string}"},"query-input":{"@type":"PropertyValueSpecification","valueRequired":true,"valueName":"search_term_string"}}],"inLanguage":"es"},{"@type":"Person","@id":"https:\/\/exaudi.org\/#\/schema\/person\/d134b96438278131ce90c90c03fda6cd","name":"Gabriel Sales","image":{"@type":"ImageObject","inLanguage":"es","@id":"https:\/\/secure.gravatar.com\/avatar\/9b1269566f6a063ed26ffb3532b66a373cdde231ce5d0effb266167437fdaffd?s=96&d=mm&r=g","url":"https:\/\/secure.gravatar.com\/avatar\/9b1269566f6a063ed26ffb3532b66a373cdde231ce5d0effb266167437fdaffd?s=96&d=mm&r=g","contentUrl":"https:\/\/secure.gravatar.com\/avatar\/9b1269566f6a063ed26ffb3532b66a373cdde231ce5d0effb266167437fdaffd?s=96&d=mm&r=g","caption":"Gabriel Sales"},"description":"Periodista y especialista en Comunicaci\u00f3n y Branding digital. Cin\u00e9filo y cr\u00edtico de cine y series de televisi\u00f3n.","sameAs":["https:\/\/www.instagram.com\/cine90segundos\/","www.linkedin.com\/in\/habemusman","https:\/\/x.com\/habemusman","https:\/\/www.youtube.com\/channel\/UCVfCiOMkJ_C7T7OpyjuaLDg"],"url":"https:\/\/exaudi.org\/es\/author\/gsalesexaudi-org\/"}]}},"jetpack_featured_media_url":"https:\/\/exaudi.org\/wp-content\/uploads\/2021\/09\/23c4234c342-scaled.jpg","jetpack_shortlink":"https:\/\/wp.me\/pgKjF2-8vL","_links":{"self":[{"href":"https:\/\/exaudi.org\/es\/wp-json\/wp\/v2\/posts\/32721","targetHints":{"allow":["GET"]}}],"collection":[{"href":"https:\/\/exaudi.org\/es\/wp-json\/wp\/v2\/posts"}],"about":[{"href":"https:\/\/exaudi.org\/es\/wp-json\/wp\/v2\/types\/post"}],"author":[{"embeddable":true,"href":"https:\/\/exaudi.org\/es\/wp-json\/wp\/v2\/users\/6"}],"replies":[{"embeddable":true,"href":"https:\/\/exaudi.org\/es\/wp-json\/wp\/v2\/comments?post=32721"}],"version-history":[{"count":0,"href":"https:\/\/exaudi.org\/es\/wp-json\/wp\/v2\/posts\/32721\/revisions"}],"wp:featuredmedia":[{"embeddable":true,"href":"https:\/\/exaudi.org\/es\/wp-json\/wp\/v2\/media\/32763"}],"wp:attachment":[{"href":"https:\/\/exaudi.org\/es\/wp-json\/wp\/v2\/media?parent=32721"}],"wp:term":[{"taxonomy":"category","embeddable":true,"href":"https:\/\/exaudi.org\/es\/wp-json\/wp\/v2\/categories?post=32721"},{"taxonomy":"post_tag","embeddable":true,"href":"https:\/\/exaudi.org\/es\/wp-json\/wp\/v2\/tags?post=32721"}],"curies":[{"name":"wp","href":"https:\/\/api.w.org\/{rel}","templated":true}]}}