{"id":32709,"date":"2021-09-12T06:39:48","date_gmt":"2021-09-12T04:39:48","guid":{"rendered":"https:\/\/exaudi.wpengine.com\/?p=32709"},"modified":"2021-09-12T13:28:49","modified_gmt":"2021-09-12T11:28:49","slug":"evangelio-12-septiembre-quien-decis-que-soy-yo","status":"publish","type":"post","link":"https:\/\/exaudi.org\/es\/evangelio-12-septiembre-quien-decis-que-soy-yo\/","title":{"rendered":"Evangelio, 12 de septiembre: \u201c\u00bfQui\u00e9n dec\u00eds que soy yo?\u201d"},"content":{"rendered":"<p>El <a href=\"https:\/\/exaudi.wpengine.com\/es\/author\/jorgemiro\/\" target=\"_blank\" rel=\"noopener\">padre Jorge Mir\u00f3<\/a> comparte con los lectores de Exaudi su comentario sobre el <a href=\"http:\/\/El padre Jorge Mir\u00f3 comparte con los lectores de Exaudi su comentario sobre el Evangelio de hoy, 5 de septiembre de 2021, XXIII Domingo del Tiempo Ordinario, titulado \u201cEffet\u00e1\u201d.\" target=\"_blank\" rel=\"noopener\">Evangelio de hoy, 12 de septiembre de 2021<\/a>, XXIV Domingo del Tiempo Ordinario, titulado \u201cY vosotros, \u00bfQui\u00e9n dec\u00eds que soy yo?\u201d<em>.<\/em><\/p>\n<p>***<\/p>\n<p><span style=\"font-weight: 400\">El Se\u00f1or nos dirige hoy, como a los disc\u00edpulos, dos preguntas importantes, especialmente la segunda: \u00ab\u00bfQui\u00e9n dice la gente que es el Hijo del hombre?\u00bb, \u00ab\u00bfY vosotros qui\u00e9n dec\u00eds que soy yo?\u00bb.\u00a0<\/span><\/p>\n<p><span style=\"font-weight: 400\">Ante la primera pregunta, hoy tambi\u00e9n escuchar\u00edamos repuestas dispares.\u00a0<\/span><\/p>\n<p><span style=\"font-weight: 400\">Pero la pregunta fundamental es \u00bfqui\u00e9n es Jes\u00fas para ti? En la respuesta que des a esta pregunta, te va la vida.<\/span><\/p>\n<p><span style=\"font-weight: 400\">\u00bfQu\u00e9 relaci\u00f3n tienes con Jesucristo? Porque ante el Se\u00f1or, podemos ser curiosos, espectadores entusiastas de las obras que hace, pero sin responder a la llamada a seguirle; simpatizantes que escuchamos con gusto, pero sin atrevernos a dar el paso del seguimiento; eruditos, que lo sabemos todo sobre Jes\u00fas, pero no le abrimos el coraz\u00f3n para tener un encuentro con un Cristo vivo; interesados, que le buscamos para que nos arregle problemas, pero no queremos nada m\u00e1s\u2026 Y as\u00ed, tantas veces nos quedamos con las migajas y nos perdemos lo m\u00e1s sabroso que el Se\u00f1or quiere darnos.<\/span><\/p>\n<p><span style=\"font-weight: 400\">Pero s\u00f3lo hay una respuesta que, de verdad, merece la pena y cambia tu vida para bien. Es la respuesta que da Pedro: T\u00fa eres el Cristo, el Hijo del Dios vivo.\u00a0<\/span><\/p>\n<p><span style=\"font-weight: 400\">Y que hoy puedas decirle al Se\u00f1or que eres mucho m\u00e1s que un simpatizante: soy disc\u00edpulo; es decir, un \u2018aprendiz\u2019 que estoy a tus pies, escuchando cada d\u00eda tu voz y sigui\u00e9ndote a donde quiera que vayas.<\/span><\/p>\n<p><span style=\"font-weight: 400\">Jesucristo es el tesoro por el que vale la pena venderlo todo. \u00c9l es el Salvador, el Mes\u00edas, el \u00fanico que puede llenar del todo tu coraz\u00f3n sediento de felicidad y de vida.<\/span><\/p>\n<p><span style=\"font-weight: 400\">Pero eso s\u00f3lo lo puede decir aqu\u00e9l que tiene el Esp\u00edritu Santo en el coraz\u00f3n. Por eso, \u00a1pide cada d\u00eda el don del Esp\u00edritu Santo! P\u00eddele que te enamore de Jesucristo.<\/span><\/p>\n<p><span style=\"font-weight: 400\">Adem\u00e1s, Jes\u00fas nos muestra el c\u00f3mo del discipulado: Si alguno quiere venir en pos de m\u00ed, que se niegue a s\u00ed mismo, tome su cruz y me siga.\u00a0<\/span><\/p>\n<p><span style=\"font-weight: 400\">Ser cristiano es seguir a Jes\u00fas. S\u00ed, seguir a Jes\u00fas. No seguirte a ti mismo, ni seguir el estilo de vida del mundo: El cristiano est\u00e1 en el mundo, pero no es del mundo.\u00a0<\/span><\/p>\n<p><span style=\"font-weight: 400\">Para ello, has de empezar por negarte a ti mismo, descubriendo que la fuente de tu actuar no est\u00e1 en tus gustos y apetencias, sino en la voluntad de Dios.<\/span><\/p>\n<p><span style=\"font-weight: 400\">Por ello has de discernir cada d\u00eda si lo que pide tu coraz\u00f3n es lo que Dios quiere. \u00a1Dios te ama! \u00a1Nadie te ama como \u00c9l!\u00a0<\/span><\/p>\n<p><span style=\"font-weight: 400\">Invoca cada d\u00eda al Esp\u00edritu Santo y p\u00eddele el don de consejo; y preg\u00fantale: \u00bfc\u00f3mo quieres que viva hoy? \u00bfc\u00f3mo quieres que viva mi matrimonio, o mi sacerdocio o mi consagraci\u00f3n religiosa? \u00bfC\u00f3mo quieres que trabaje o estudie? \u00bfC\u00f3mo quieres que viva mi diversi\u00f3n? \u00bfC\u00f3mo quieres que\u2026?<\/span><\/p>\n<p><span style=\"font-weight: 400\">El que quiera salvar su vida la perder\u00e1; pero el que pierda su vida por m\u00ed y por el Evangelio la salvar\u00e1. Pues \u00bfde qu\u00e9 le sirve a un hombre ganar el mundo entero y perder su alma?<\/span><\/p>\n<p><span style=\"font-weight: 400\">\u00a1Feliz Domingo! \u00a1Feliz Eucarist\u00eda!<\/span><\/p>\n","protected":false},"excerpt":{"rendered":"<p>\u201cEl que pierda su vida por m\u00ed y por el Evangelio la salvar\u00e1 \u201d<\/p>\n","protected":false},"author":20,"featured_media":32711,"comment_status":"closed","ping_status":"closed","sticky":false,"template":"","format":"standard","meta":{"_acf_changed":false,"_crdt_document":"","inline_featured_image":false,"footnotes":""},"categories":[96,298],"tags":[368,369,4104],"class_list":["post-32709","post","type-post","status-publish","format-standard","has-post-thumbnail","hentry","category-espiritualidad","category-ultimas-noticias","tag-comentario-del-evangelio","tag-padre-jorge-miro","tag-xxiv-domingo-del-tiempo-ordinario"],"acf":[],"yoast_head":"<!-- This site is optimized with the Yoast SEO plugin v27.4 - https:\/\/yoast.com\/product\/yoast-seo-wordpress\/ -->\n<title>Evangelio, 12 de septiembre: \u201c\u00bfQui\u00e9n dec\u00eds que soy yo?\u201d - Exaudi<\/title>\n<meta name=\"description\" content=\"Aqu\u00ed est\u00e1 el comentario sobre el Evangelio de hoy, 12 de septiembre de 2021, XXIV Domingo del Tiempo Ordinario.\" \/>\n<meta name=\"robots\" content=\"index, follow, max-snippet:-1, max-image-preview:large, max-video-preview:-1\" \/>\n<link rel=\"canonical\" href=\"https:\/\/exaudi.org\/es\/evangelio-12-septiembre-quien-decis-que-soy-yo\/\" \/>\n<meta property=\"og:locale\" content=\"es_ES\" \/>\n<meta property=\"og:type\" content=\"article\" \/>\n<meta property=\"og:title\" content=\"Evangelio, 12 de septiembre: \u201c\u00bfQui\u00e9n dec\u00eds que soy yo?\u201d - Exaudi\" \/>\n<meta property=\"og:description\" content=\"Aqu\u00ed est\u00e1 el comentario sobre el Evangelio de hoy, 12 de septiembre de 2021, XXIV Domingo del Tiempo Ordinario.\" \/>\n<meta property=\"og:url\" content=\"https:\/\/exaudi.org\/es\/evangelio-12-septiembre-quien-decis-que-soy-yo\/\" \/>\n<meta property=\"og:site_name\" content=\"Exaudi\" \/>\n<meta property=\"article:publisher\" content=\"https:\/\/www.facebook.com\/ExaudiNews\" \/>\n<meta property=\"article:published_time\" content=\"2021-09-12T04:39:48+00:00\" \/>\n<meta property=\"article:modified_time\" content=\"2021-09-12T11:28:49+00:00\" \/>\n<meta property=\"og:image\" content=\"https:\/\/exaudi.org\/wp-content\/uploads\/2021\/09\/2c34c432-scaled.jpg\" \/>\n\t<meta property=\"og:image:width\" content=\"2560\" \/>\n\t<meta property=\"og:image:height\" content=\"1707\" \/>\n\t<meta property=\"og:image:type\" content=\"image\/jpeg\" \/>\n<meta name=\"author\" content=\"Jorge Mir\u00f3\" \/>\n<meta name=\"twitter:card\" content=\"summary_large_image\" \/>\n<meta name=\"twitter:creator\" content=\"@Exaudi_News\" \/>\n<meta name=\"twitter:site\" content=\"@Exaudi_News\" \/>\n<meta name=\"twitter:label1\" content=\"Escrito por\" \/>\n\t<meta name=\"twitter:data1\" content=\"Jorge Mir\u00f3\" \/>\n\t<meta name=\"twitter:label2\" content=\"Tiempo de lectura\" \/>\n\t<meta name=\"twitter:data2\" content=\"3 minutos\" \/>\n<script type=\"application\/ld+json\" class=\"yoast-schema-graph\">{\"@context\":\"https:\\\/\\\/schema.org\",\"@graph\":[{\"@type\":\"Article\",\"@id\":\"https:\\\/\\\/exaudi.org\\\/es\\\/evangelio-12-septiembre-quien-decis-que-soy-yo\\\/#article\",\"isPartOf\":{\"@id\":\"https:\\\/\\\/exaudi.org\\\/es\\\/evangelio-12-septiembre-quien-decis-que-soy-yo\\\/\"},\"author\":{\"name\":\"Jorge Mir\u00f3\",\"@id\":\"https:\\\/\\\/exaudi.org\\\/#\\\/schema\\\/person\\\/a258c56b05e63b2b367bdca29e0ed3e3\"},\"headline\":\"Evangelio, 12 de septiembre: \u201c\u00bfQui\u00e9n dec\u00eds que soy yo?\u201d\",\"datePublished\":\"2021-09-12T04:39:48+00:00\",\"dateModified\":\"2021-09-12T11:28:49+00:00\",\"mainEntityOfPage\":{\"@id\":\"https:\\\/\\\/exaudi.org\\\/es\\\/evangelio-12-septiembre-quien-decis-que-soy-yo\\\/\"},\"wordCount\":594,\"image\":{\"@id\":\"https:\\\/\\\/exaudi.org\\\/es\\\/evangelio-12-septiembre-quien-decis-que-soy-yo\\\/#primaryimage\"},\"thumbnailUrl\":\"https:\\\/\\\/exaudi.org\\\/wp-content\\\/uploads\\\/2021\\\/09\\\/2c34c432-scaled.jpg\",\"keywords\":[\"Comentario del Evangelio\",\"Padre Jorge Mir\u00f3\",\"XXIV Domingo del Tiempo Ordinario\"],\"articleSection\":[\"Espiritualidad\",\"\u00daltimas noticias\"],\"inLanguage\":\"es\"},{\"@type\":\"WebPage\",\"@id\":\"https:\\\/\\\/exaudi.org\\\/es\\\/evangelio-12-septiembre-quien-decis-que-soy-yo\\\/\",\"url\":\"https:\\\/\\\/exaudi.org\\\/es\\\/evangelio-12-septiembre-quien-decis-que-soy-yo\\\/\",\"name\":\"Evangelio, 12 de septiembre: \u201c\u00bfQui\u00e9n dec\u00eds que soy yo?\u201d - Exaudi\",\"isPartOf\":{\"@id\":\"https:\\\/\\\/exaudi.org\\\/#website\"},\"primaryImageOfPage\":{\"@id\":\"https:\\\/\\\/exaudi.org\\\/es\\\/evangelio-12-septiembre-quien-decis-que-soy-yo\\\/#primaryimage\"},\"image\":{\"@id\":\"https:\\\/\\\/exaudi.org\\\/es\\\/evangelio-12-septiembre-quien-decis-que-soy-yo\\\/#primaryimage\"},\"thumbnailUrl\":\"https:\\\/\\\/exaudi.org\\\/wp-content\\\/uploads\\\/2021\\\/09\\\/2c34c432-scaled.jpg\",\"datePublished\":\"2021-09-12T04:39:48+00:00\",\"dateModified\":\"2021-09-12T11:28:49+00:00\",\"author\":{\"@id\":\"https:\\\/\\\/exaudi.org\\\/#\\\/schema\\\/person\\\/a258c56b05e63b2b367bdca29e0ed3e3\"},\"description\":\"Aqu\u00ed est\u00e1 el comentario sobre el Evangelio de hoy, 12 de septiembre de 2021, XXIV Domingo del Tiempo Ordinario.\",\"breadcrumb\":{\"@id\":\"https:\\\/\\\/exaudi.org\\\/es\\\/evangelio-12-septiembre-quien-decis-que-soy-yo\\\/#breadcrumb\"},\"inLanguage\":\"es\",\"potentialAction\":[{\"@type\":\"ReadAction\",\"target\":[\"https:\\\/\\\/exaudi.org\\\/es\\\/evangelio-12-septiembre-quien-decis-que-soy-yo\\\/\"]}]},{\"@type\":\"ImageObject\",\"inLanguage\":\"es\",\"@id\":\"https:\\\/\\\/exaudi.org\\\/es\\\/evangelio-12-septiembre-quien-decis-que-soy-yo\\\/#primaryimage\",\"url\":\"https:\\\/\\\/exaudi.org\\\/wp-content\\\/uploads\\\/2021\\\/09\\\/2c34c432-scaled.jpg\",\"contentUrl\":\"https:\\\/\\\/exaudi.org\\\/wp-content\\\/uploads\\\/2021\\\/09\\\/2c34c432-scaled.jpg\",\"width\":2560,\"height\":1707,\"caption\":\"Cristo en la Cruz \u00a9 Cathopic\"},{\"@type\":\"BreadcrumbList\",\"@id\":\"https:\\\/\\\/exaudi.org\\\/es\\\/evangelio-12-septiembre-quien-decis-que-soy-yo\\\/#breadcrumb\",\"itemListElement\":[{\"@type\":\"ListItem\",\"position\":1,\"name\":\"Portada\",\"item\":\"https:\\\/\\\/exaudi.org\\\/es\\\/\"},{\"@type\":\"ListItem\",\"position\":2,\"name\":\"Evangelio, 12 de septiembre: \u201c\u00bfQui\u00e9n dec\u00eds que soy yo?\u201d\"}]},{\"@type\":\"WebSite\",\"@id\":\"https:\\\/\\\/exaudi.org\\\/#website\",\"url\":\"https:\\\/\\\/exaudi.org\\\/\",\"name\":\"Exaudi\",\"description\":\"News\",\"potentialAction\":[{\"@type\":\"SearchAction\",\"target\":{\"@type\":\"EntryPoint\",\"urlTemplate\":\"https:\\\/\\\/exaudi.org\\\/?s={search_term_string}\"},\"query-input\":{\"@type\":\"PropertyValueSpecification\",\"valueRequired\":true,\"valueName\":\"search_term_string\"}}],\"inLanguage\":\"es\"},{\"@type\":\"Person\",\"@id\":\"https:\\\/\\\/exaudi.org\\\/#\\\/schema\\\/person\\\/a258c56b05e63b2b367bdca29e0ed3e3\",\"name\":\"Jorge Mir\u00f3\",\"image\":{\"@type\":\"ImageObject\",\"inLanguage\":\"es\",\"@id\":\"https:\\\/\\\/secure.gravatar.com\\\/avatar\\\/f5ea26c436669b01b7b02124bf13596df002525d6f392707d301543be365bd44?s=96&d=mm&r=g\",\"url\":\"https:\\\/\\\/secure.gravatar.com\\\/avatar\\\/f5ea26c436669b01b7b02124bf13596df002525d6f392707d301543be365bd44?s=96&d=mm&r=g\",\"contentUrl\":\"https:\\\/\\\/secure.gravatar.com\\\/avatar\\\/f5ea26c436669b01b7b02124bf13596df002525d6f392707d301543be365bd44?s=96&d=mm&r=g\",\"caption\":\"Jorge Mir\u00f3\"},\"description\":\"Sacerdote de la archidi\u00f3cesis de Valencia y profesor en la Facultad de Ciencias Jur\u00eddicas, Econ\u00f3micas y Sociales de la Universidad Cat\u00f3lica de Valencia\",\"url\":\"https:\\\/\\\/exaudi.org\\\/es\\\/author\\\/jorgemiro\\\/\"}]}<\/script>\n<!-- \/ Yoast SEO plugin. -->","yoast_head_json":{"title":"Evangelio, 12 de septiembre: \u201c\u00bfQui\u00e9n dec\u00eds que soy yo?\u201d - Exaudi","description":"Aqu\u00ed est\u00e1 el comentario sobre el Evangelio de hoy, 12 de septiembre de 2021, XXIV Domingo del Tiempo Ordinario.","robots":{"index":"index","follow":"follow","max-snippet":"max-snippet:-1","max-image-preview":"max-image-preview:large","max-video-preview":"max-video-preview:-1"},"canonical":"https:\/\/exaudi.org\/es\/evangelio-12-septiembre-quien-decis-que-soy-yo\/","og_locale":"es_ES","og_type":"article","og_title":"Evangelio, 12 de septiembre: \u201c\u00bfQui\u00e9n dec\u00eds que soy yo?\u201d - Exaudi","og_description":"Aqu\u00ed est\u00e1 el comentario sobre el Evangelio de hoy, 12 de septiembre de 2021, XXIV Domingo del Tiempo Ordinario.","og_url":"https:\/\/exaudi.org\/es\/evangelio-12-septiembre-quien-decis-que-soy-yo\/","og_site_name":"Exaudi","article_publisher":"https:\/\/www.facebook.com\/ExaudiNews","article_published_time":"2021-09-12T04:39:48+00:00","article_modified_time":"2021-09-12T11:28:49+00:00","og_image":[{"width":2560,"height":1707,"url":"https:\/\/exaudi.org\/wp-content\/uploads\/2021\/09\/2c34c432-scaled.jpg","type":"image\/jpeg"}],"author":"Jorge Mir\u00f3","twitter_card":"summary_large_image","twitter_creator":"@Exaudi_News","twitter_site":"@Exaudi_News","twitter_misc":{"Escrito por":"Jorge Mir\u00f3","Tiempo de lectura":"3 minutos"},"schema":{"@context":"https:\/\/schema.org","@graph":[{"@type":"Article","@id":"https:\/\/exaudi.org\/es\/evangelio-12-septiembre-quien-decis-que-soy-yo\/#article","isPartOf":{"@id":"https:\/\/exaudi.org\/es\/evangelio-12-septiembre-quien-decis-que-soy-yo\/"},"author":{"name":"Jorge Mir\u00f3","@id":"https:\/\/exaudi.org\/#\/schema\/person\/a258c56b05e63b2b367bdca29e0ed3e3"},"headline":"Evangelio, 12 de septiembre: \u201c\u00bfQui\u00e9n dec\u00eds que soy yo?\u201d","datePublished":"2021-09-12T04:39:48+00:00","dateModified":"2021-09-12T11:28:49+00:00","mainEntityOfPage":{"@id":"https:\/\/exaudi.org\/es\/evangelio-12-septiembre-quien-decis-que-soy-yo\/"},"wordCount":594,"image":{"@id":"https:\/\/exaudi.org\/es\/evangelio-12-septiembre-quien-decis-que-soy-yo\/#primaryimage"},"thumbnailUrl":"https:\/\/exaudi.org\/wp-content\/uploads\/2021\/09\/2c34c432-scaled.jpg","keywords":["Comentario del Evangelio","Padre Jorge Mir\u00f3","XXIV Domingo del Tiempo Ordinario"],"articleSection":["Espiritualidad","\u00daltimas noticias"],"inLanguage":"es"},{"@type":"WebPage","@id":"https:\/\/exaudi.org\/es\/evangelio-12-septiembre-quien-decis-que-soy-yo\/","url":"https:\/\/exaudi.org\/es\/evangelio-12-septiembre-quien-decis-que-soy-yo\/","name":"Evangelio, 12 de septiembre: \u201c\u00bfQui\u00e9n dec\u00eds que soy yo?\u201d - Exaudi","isPartOf":{"@id":"https:\/\/exaudi.org\/#website"},"primaryImageOfPage":{"@id":"https:\/\/exaudi.org\/es\/evangelio-12-septiembre-quien-decis-que-soy-yo\/#primaryimage"},"image":{"@id":"https:\/\/exaudi.org\/es\/evangelio-12-septiembre-quien-decis-que-soy-yo\/#primaryimage"},"thumbnailUrl":"https:\/\/exaudi.org\/wp-content\/uploads\/2021\/09\/2c34c432-scaled.jpg","datePublished":"2021-09-12T04:39:48+00:00","dateModified":"2021-09-12T11:28:49+00:00","author":{"@id":"https:\/\/exaudi.org\/#\/schema\/person\/a258c56b05e63b2b367bdca29e0ed3e3"},"description":"Aqu\u00ed est\u00e1 el comentario sobre el Evangelio de hoy, 12 de septiembre de 2021, XXIV Domingo del Tiempo Ordinario.","breadcrumb":{"@id":"https:\/\/exaudi.org\/es\/evangelio-12-septiembre-quien-decis-que-soy-yo\/#breadcrumb"},"inLanguage":"es","potentialAction":[{"@type":"ReadAction","target":["https:\/\/exaudi.org\/es\/evangelio-12-septiembre-quien-decis-que-soy-yo\/"]}]},{"@type":"ImageObject","inLanguage":"es","@id":"https:\/\/exaudi.org\/es\/evangelio-12-septiembre-quien-decis-que-soy-yo\/#primaryimage","url":"https:\/\/exaudi.org\/wp-content\/uploads\/2021\/09\/2c34c432-scaled.jpg","contentUrl":"https:\/\/exaudi.org\/wp-content\/uploads\/2021\/09\/2c34c432-scaled.jpg","width":2560,"height":1707,"caption":"Cristo en la Cruz \u00a9 Cathopic"},{"@type":"BreadcrumbList","@id":"https:\/\/exaudi.org\/es\/evangelio-12-septiembre-quien-decis-que-soy-yo\/#breadcrumb","itemListElement":[{"@type":"ListItem","position":1,"name":"Portada","item":"https:\/\/exaudi.org\/es\/"},{"@type":"ListItem","position":2,"name":"Evangelio, 12 de septiembre: \u201c\u00bfQui\u00e9n dec\u00eds que soy yo?\u201d"}]},{"@type":"WebSite","@id":"https:\/\/exaudi.org\/#website","url":"https:\/\/exaudi.org\/","name":"Exaudi","description":"News","potentialAction":[{"@type":"SearchAction","target":{"@type":"EntryPoint","urlTemplate":"https:\/\/exaudi.org\/?s={search_term_string}"},"query-input":{"@type":"PropertyValueSpecification","valueRequired":true,"valueName":"search_term_string"}}],"inLanguage":"es"},{"@type":"Person","@id":"https:\/\/exaudi.org\/#\/schema\/person\/a258c56b05e63b2b367bdca29e0ed3e3","name":"Jorge Mir\u00f3","image":{"@type":"ImageObject","inLanguage":"es","@id":"https:\/\/secure.gravatar.com\/avatar\/f5ea26c436669b01b7b02124bf13596df002525d6f392707d301543be365bd44?s=96&d=mm&r=g","url":"https:\/\/secure.gravatar.com\/avatar\/f5ea26c436669b01b7b02124bf13596df002525d6f392707d301543be365bd44?s=96&d=mm&r=g","contentUrl":"https:\/\/secure.gravatar.com\/avatar\/f5ea26c436669b01b7b02124bf13596df002525d6f392707d301543be365bd44?s=96&d=mm&r=g","caption":"Jorge Mir\u00f3"},"description":"Sacerdote de la archidi\u00f3cesis de Valencia y profesor en la Facultad de Ciencias Jur\u00eddicas, Econ\u00f3micas y Sociales de la Universidad Cat\u00f3lica de Valencia","url":"https:\/\/exaudi.org\/es\/author\/jorgemiro\/"}]}},"jetpack_featured_media_url":"https:\/\/exaudi.org\/wp-content\/uploads\/2021\/09\/2c34c432-scaled.jpg","jetpack_shortlink":"https:\/\/wp.me\/pgKjF2-8vz","_links":{"self":[{"href":"https:\/\/exaudi.org\/es\/wp-json\/wp\/v2\/posts\/32709","targetHints":{"allow":["GET"]}}],"collection":[{"href":"https:\/\/exaudi.org\/es\/wp-json\/wp\/v2\/posts"}],"about":[{"href":"https:\/\/exaudi.org\/es\/wp-json\/wp\/v2\/types\/post"}],"author":[{"embeddable":true,"href":"https:\/\/exaudi.org\/es\/wp-json\/wp\/v2\/users\/20"}],"replies":[{"embeddable":true,"href":"https:\/\/exaudi.org\/es\/wp-json\/wp\/v2\/comments?post=32709"}],"version-history":[{"count":0,"href":"https:\/\/exaudi.org\/es\/wp-json\/wp\/v2\/posts\/32709\/revisions"}],"wp:featuredmedia":[{"embeddable":true,"href":"https:\/\/exaudi.org\/es\/wp-json\/wp\/v2\/media\/32711"}],"wp:attachment":[{"href":"https:\/\/exaudi.org\/es\/wp-json\/wp\/v2\/media?parent=32709"}],"wp:term":[{"taxonomy":"category","embeddable":true,"href":"https:\/\/exaudi.org\/es\/wp-json\/wp\/v2\/categories?post=32709"},{"taxonomy":"post_tag","embeddable":true,"href":"https:\/\/exaudi.org\/es\/wp-json\/wp\/v2\/tags?post=32709"}],"curies":[{"name":"wp","href":"https:\/\/api.w.org\/{rel}","templated":true}]}}