{"id":32701,"date":"2021-09-12T06:33:34","date_gmt":"2021-09-12T04:33:34","guid":{"rendered":"https:\/\/exaudi.wpengine.com\/?p=32701"},"modified":"2021-09-12T18:21:51","modified_gmt":"2021-09-12T16:21:51","slug":"viaje-budapest-eslovaquia-papa-capital-hungara","status":"publish","type":"post","link":"https:\/\/exaudi.org\/es\/viaje-budapest-eslovaquia-papa-capital-hungara\/","title":{"rendered":"Budapest y Eslovaquia: El Papa vuela hacia capital h\u00fangara"},"content":{"rendered":"<p>Esta ma\u00f1ana ha comenzado el 34\u00ba viaje apost\u00f3lico internacional del Papa Francisco, con destino Budapest, Hungr\u00eda. El Santo Padre visita hoy, domingo 12 de septiembre de 2021, la capital centroeuropea para asistir a la Misa de clausura del <a href=\"https:\/\/www.iec2020.hu\/es\" target=\"_blank\" rel=\"noopener\">52\u00ba Congreso Eucar\u00edstico Internacional<\/a>, para luego ir a Eslovaquia y alargar all\u00ed su viaje apost\u00f3lico hasta el mi\u00e9rcoles 15 de septiembre.<\/p>\n<p>Bajo el lema \u201cCon Mar\u00eda y Jos\u00e9 en el camino hacia Jes\u00fas\u201d, est\u00e1 previsto que Francisco visite ciudades como Bratislava, Ko\u0161ice, Pre\u0161ov y \u0160a\u0161tin, y mantendr\u00e1 encuentros con j\u00f3venes, obispos, gitanos y una Divina Liturgia bizantina. El viaje incluye cuatro encuentros ecum\u00e9nicos, 12 discursos y dos celebraciones eucar\u00edsticas, adem\u00e1s de una liturgia de rito bizantino presidida por el Obispo de Roma.<\/p>\n<p>El Papa lanz\u00f3 ayer un\u00a0<em>tweet<\/em>\u00a0a trav\u00e9s de su cuenta oficial\u00a0<a href=\"https:\/\/twitter.com\/Pontifex_es\">@Pontifex<\/a> en el que expres\u00f3 lo siguiente: \u201c<span class=\"css-901oao css-16my406 r-poiln3 r-bcqeeo r-qvutc0\">Ma\u00f1ana iniciar\u00e9 mi <\/span><span class=\"r-18u37iz\"><a class=\"css-4rbku5 css-18t94o4 css-901oao css-16my406 r-1n1174f r-1loqt21 r-poiln3 r-bcqeeo r-qvutc0\" role=\"link\" href=\"https:\/\/twitter.com\/hashtag\/ViajeApost%C3%B3lico?src=hashtag_click\">#ViajeApost\u00f3lico<\/a><\/span><span class=\"css-901oao css-16my406 r-poiln3 r-bcqeeo r-qvutc0\"> a Budapest y Eslovaquia. Pido a todos que me acompa\u00f1en con la oraci\u00f3n, y conf\u00edo esta visita a la intercesi\u00f3n de tantos heroicos confesores de la Fe que dieron testimonio del Evangelio en aquellos lugares, en medio hostilidades y persecuciones<\/span>\u201d.<\/p>\n<figure id=\"attachment_32715\" aria-describedby=\"caption-attachment-32715\" style=\"width: 300px\" class=\"wp-caption alignleft\"><img loading=\"lazy\" decoding=\"async\" class=\"size-medium wp-image-32715\" src=\"https:\/\/exaudi.wpengine.com\/wp-content\/uploads\/2021\/09\/23c44c32-300x169.jpeg\" alt=\"Viaje Budapest Eslovaquia Papa\" width=\"300\" height=\"169\" srcset=\"https:\/\/exaudi.org\/wp-content\/uploads\/2021\/09\/23c44c32-300x169.jpeg 300w, https:\/\/exaudi.org\/wp-content\/uploads\/2021\/09\/23c44c32-1024x577.jpeg 1024w, https:\/\/exaudi.org\/wp-content\/uploads\/2021\/09\/23c44c32-768x433.jpeg 768w, https:\/\/exaudi.org\/wp-content\/uploads\/2021\/09\/23c44c32-150x84.jpeg 150w, https:\/\/exaudi.org\/wp-content\/uploads\/2021\/09\/23c44c32-696x392.jpeg 696w, https:\/\/exaudi.org\/wp-content\/uploads\/2021\/09\/23c44c32-1068x602.jpeg 1068w, https:\/\/exaudi.org\/wp-content\/uploads\/2021\/09\/23c44c32-746x420.jpeg 746w, https:\/\/exaudi.org\/wp-content\/uploads\/2021\/09\/23c44c32.jpeg 1241w\" sizes=\"auto, (max-width: 300px) 100vw, 300px\" \/><figcaption id=\"caption-attachment-32715\" class=\"wp-caption-text\">Avi\u00f3n del Papa a Budapest \u00a9 Vatican Media<\/figcaption><\/figure>\n<p>Como es habitual, en v\u00edsperas de su partida a Budapest y Eslovaquia, el Pont\u00edfice acudi\u00f3 a la <a href=\"https:\/\/exaudi.wpengine.com\/es\/papa-reza-en-santa-maria-mayor-por-viaje-budapest-eslovaquia\/\" target=\"_blank\" rel=\"noopener noreferrer\">bas\u00edlica de Santa Mar\u00eda la Mayor<\/a>\u00a0para un momento de oraci\u00f3n ante el icono de la Virgen\u00a0<em>Salus Populi Romani\u00a0<\/em>(Protectora del pueblo romano), \u201cpara encomendar en oraci\u00f3n su pr\u00f3ximo viaje a Budapest y Eslovaquia a la Virgen\u201d.<\/p>\n<h4><strong>Vuelo a Budapest<\/strong><\/h4>\n<p>Seg\u00fan informa la Oficina de Prensa de la Santa Sede, al salir de la Casa Santa Marta, sobre las 5.20 horas, Francisco ha recorrido 29 kil\u00f3metros en coche hasta llegar al Aeropuerto de Roma-Fiumicino. El avi\u00f3n, un Airbus 320 de la compa\u00f1\u00eda Alitalia, ha salido alrededor de las 6 h en direcci\u00f3n Budapest, capital de Hungr\u00eda.<\/p>\n<p>El trayecto supone un recorrido de 991 kil\u00f3metros hasta el Aeropuerto Internacional de Budapest, aproximadamente una hora y cuarenta y cinco minutos de viaje. El avi\u00f3n sobrevolar\u00e1 una porci\u00f3n de Italia y tambi\u00e9n Croacia. Se prev\u00e9 que la llegada a la capital h\u00fangara tendr\u00e1 lugar en torno a las 7.45, hora local.<\/p>\n<h4><strong>Telegrama al presidente de la Rep\u00fablica<\/strong><\/h4>\n<p>Como es habitual, el Obispo de Roma, al abandonar el territorio italiano, ha enviado un telegrama al presidente de la Rep\u00fablica de Italia, Sergio Mattarella.<\/p>\n<p>\u201cYa que estoy a punto de salir hacia Budapest para el \u00faltimo d\u00eda de la Jornada de clausura del Congreso Eucar\u00edstico Internacional, luego en camino a Eslovaquia para encontrarme con mis hermanos en la fe y otros habitantes de esa naci\u00f3n, me complace dirigir a usted, se\u00f1or presidente, y a todo el pueblo italiano mis cordiales pensamientos, que acompa\u00f1o con sinceros deseos de serenidad y generoso compromiso para el bien com\u00fan\u201d, se lee en el texto.<\/p>\n<h4><strong>Telegrama al presidente de Croacia<\/strong><\/h4>\n<p>Durante el vuelo a Budapest, mientras sobrevolaba Croacia, el Santo Padre ha enviado el siguiente mensaje telegr\u00e1fico al presidente de la Rep\u00fablica, Zoran Milanovi\u0107: \u201cLe expreso mis mejores deseos a su excelencia y a sus compa\u00f1eros ciudadanos mientras viajo por el espacio a\u00e9reo croata en mi viaje a Budapest y Eslovaquia. Invocando las bendiciones divinas de paz y bienestar sobre la naci\u00f3n, ofrezco la seguridad de mis oraciones\u201d.<\/p>\n","protected":false},"excerpt":{"rendered":"<p>34\u00aa visita internacional<\/p>\n","protected":false},"author":6,"featured_media":32725,"comment_status":"closed","ping_status":"closed","sticky":false,"template":"","format":"standard","meta":{"_acf_changed":false,"_crdt_document":"","inline_featured_image":false,"footnotes":""},"categories":[298,120,126],"tags":[158,3430],"class_list":["post-32701","post","type-post","status-publish","format-standard","has-post-thumbnail","hentry","category-ultimas-noticias","category-viajes","category-viajes-papales","tag-papa-francisco","tag-viaje-apostolico-del-papa-a-budapest-y-eslovaquia"],"acf":[],"yoast_head":"<!-- This site is optimized with the Yoast SEO plugin v27.5 - https:\/\/yoast.com\/product\/yoast-seo-wordpress\/ -->\n<title>Budapest y Eslovaquia: El Papa vuela hacia capital h\u00fangara<\/title>\n<meta name=\"description\" content=\"Hoy ha comenzado el 34\u00ba viaje apost\u00f3lico internacional del Papa Francisco, con destino Budapest y Eslovaquia, del 12 al 15 de septiembre.\" \/>\n<meta name=\"robots\" content=\"index, follow, max-snippet:-1, max-image-preview:large, max-video-preview:-1\" \/>\n<link rel=\"canonical\" href=\"https:\/\/exaudi.org\/es\/viaje-budapest-eslovaquia-papa-capital-hungara\/\" \/>\n<meta property=\"og:locale\" content=\"es_ES\" \/>\n<meta property=\"og:type\" content=\"article\" \/>\n<meta property=\"og:title\" content=\"Budapest y Eslovaquia: El Papa vuela hacia capital h\u00fangara\" \/>\n<meta property=\"og:description\" content=\"Hoy ha comenzado el 34\u00ba viaje apost\u00f3lico internacional del Papa Francisco, con destino Budapest y Eslovaquia, del 12 al 15 de septiembre.\" \/>\n<meta property=\"og:url\" content=\"https:\/\/exaudi.org\/es\/viaje-budapest-eslovaquia-papa-capital-hungara\/\" \/>\n<meta property=\"og:site_name\" content=\"Exaudi\" \/>\n<meta property=\"article:publisher\" content=\"https:\/\/www.facebook.com\/ExaudiNews\" \/>\n<meta property=\"article:published_time\" content=\"2021-09-12T04:33:34+00:00\" \/>\n<meta property=\"article:modified_time\" content=\"2021-09-12T16:21:51+00:00\" \/>\n<meta property=\"og:image\" content=\"https:\/\/exaudi.org\/wp-content\/uploads\/2021\/09\/324c234.jpeg\" \/>\n\t<meta property=\"og:image:width\" content=\"1455\" \/>\n\t<meta property=\"og:image:height\" content=\"819\" \/>\n\t<meta property=\"og:image:type\" content=\"image\/jpeg\" \/>\n<meta name=\"author\" content=\"Gabriel Sales\" \/>\n<meta name=\"twitter:card\" content=\"summary_large_image\" \/>\n<meta name=\"twitter:creator\" content=\"@habemusman\" \/>\n<meta name=\"twitter:site\" content=\"@Exaudi_News\" \/>\n<meta name=\"twitter:label1\" content=\"Escrito por\" \/>\n\t<meta name=\"twitter:data1\" content=\"Gabriel Sales\" \/>\n\t<meta name=\"twitter:label2\" content=\"Tiempo de lectura\" \/>\n\t<meta name=\"twitter:data2\" content=\"3 minutos\" \/>\n<script type=\"application\/ld+json\" class=\"yoast-schema-graph\">{\"@context\":\"https:\\\/\\\/schema.org\",\"@graph\":[{\"@type\":\"Article\",\"@id\":\"https:\\\/\\\/exaudi.org\\\/es\\\/viaje-budapest-eslovaquia-papa-capital-hungara\\\/#article\",\"isPartOf\":{\"@id\":\"https:\\\/\\\/exaudi.org\\\/es\\\/viaje-budapest-eslovaquia-papa-capital-hungara\\\/\"},\"author\":{\"name\":\"Gabriel Sales\",\"@id\":\"https:\\\/\\\/exaudi.org\\\/#\\\/schema\\\/person\\\/d134b96438278131ce90c90c03fda6cd\"},\"headline\":\"Budapest y Eslovaquia: El Papa vuela hacia capital h\u00fangara\",\"datePublished\":\"2021-09-12T04:33:34+00:00\",\"dateModified\":\"2021-09-12T16:21:51+00:00\",\"mainEntityOfPage\":{\"@id\":\"https:\\\/\\\/exaudi.org\\\/es\\\/viaje-budapest-eslovaquia-papa-capital-hungara\\\/\"},\"wordCount\":595,\"image\":{\"@id\":\"https:\\\/\\\/exaudi.org\\\/es\\\/viaje-budapest-eslovaquia-papa-capital-hungara\\\/#primaryimage\"},\"thumbnailUrl\":\"https:\\\/\\\/exaudi.org\\\/wp-content\\\/uploads\\\/2021\\\/09\\\/324c234.jpeg\",\"keywords\":[\"papa francisco\",\"Viaje Apost\u00f3lico del Papa a Budapest y Eslovaquia\"],\"articleSection\":[\"\u00daltimas noticias\",\"Viajes\",\"Viajes Papales\"],\"inLanguage\":\"es\"},{\"@type\":\"WebPage\",\"@id\":\"https:\\\/\\\/exaudi.org\\\/es\\\/viaje-budapest-eslovaquia-papa-capital-hungara\\\/\",\"url\":\"https:\\\/\\\/exaudi.org\\\/es\\\/viaje-budapest-eslovaquia-papa-capital-hungara\\\/\",\"name\":\"Budapest y Eslovaquia: El Papa vuela hacia capital h\u00fangara\",\"isPartOf\":{\"@id\":\"https:\\\/\\\/exaudi.org\\\/#website\"},\"primaryImageOfPage\":{\"@id\":\"https:\\\/\\\/exaudi.org\\\/es\\\/viaje-budapest-eslovaquia-papa-capital-hungara\\\/#primaryimage\"},\"image\":{\"@id\":\"https:\\\/\\\/exaudi.org\\\/es\\\/viaje-budapest-eslovaquia-papa-capital-hungara\\\/#primaryimage\"},\"thumbnailUrl\":\"https:\\\/\\\/exaudi.org\\\/wp-content\\\/uploads\\\/2021\\\/09\\\/324c234.jpeg\",\"datePublished\":\"2021-09-12T04:33:34+00:00\",\"dateModified\":\"2021-09-12T16:21:51+00:00\",\"author\":{\"@id\":\"https:\\\/\\\/exaudi.org\\\/#\\\/schema\\\/person\\\/d134b96438278131ce90c90c03fda6cd\"},\"description\":\"Hoy ha comenzado el 34\u00ba viaje apost\u00f3lico internacional del Papa Francisco, con destino Budapest y Eslovaquia, del 12 al 15 de septiembre.\",\"breadcrumb\":{\"@id\":\"https:\\\/\\\/exaudi.org\\\/es\\\/viaje-budapest-eslovaquia-papa-capital-hungara\\\/#breadcrumb\"},\"inLanguage\":\"es\",\"potentialAction\":[{\"@type\":\"ReadAction\",\"target\":[\"https:\\\/\\\/exaudi.org\\\/es\\\/viaje-budapest-eslovaquia-papa-capital-hungara\\\/\"]}]},{\"@type\":\"ImageObject\",\"inLanguage\":\"es\",\"@id\":\"https:\\\/\\\/exaudi.org\\\/es\\\/viaje-budapest-eslovaquia-papa-capital-hungara\\\/#primaryimage\",\"url\":\"https:\\\/\\\/exaudi.org\\\/wp-content\\\/uploads\\\/2021\\\/09\\\/324c234.jpeg\",\"contentUrl\":\"https:\\\/\\\/exaudi.org\\\/wp-content\\\/uploads\\\/2021\\\/09\\\/324c234.jpeg\",\"width\":1455,\"height\":819,\"caption\":\"El Papa subiendo al avi\u00f3n hacia Budapest, 12 septiembre 2021 \u00a9 Vatican Media\"},{\"@type\":\"BreadcrumbList\",\"@id\":\"https:\\\/\\\/exaudi.org\\\/es\\\/viaje-budapest-eslovaquia-papa-capital-hungara\\\/#breadcrumb\",\"itemListElement\":[{\"@type\":\"ListItem\",\"position\":1,\"name\":\"Portada\",\"item\":\"https:\\\/\\\/exaudi.org\\\/es\\\/\"},{\"@type\":\"ListItem\",\"position\":2,\"name\":\"Budapest y Eslovaquia: El Papa vuela hacia capital h\u00fangara\"}]},{\"@type\":\"WebSite\",\"@id\":\"https:\\\/\\\/exaudi.org\\\/#website\",\"url\":\"https:\\\/\\\/exaudi.org\\\/\",\"name\":\"Exaudi\",\"description\":\"News\",\"potentialAction\":[{\"@type\":\"SearchAction\",\"target\":{\"@type\":\"EntryPoint\",\"urlTemplate\":\"https:\\\/\\\/exaudi.org\\\/?s={search_term_string}\"},\"query-input\":{\"@type\":\"PropertyValueSpecification\",\"valueRequired\":true,\"valueName\":\"search_term_string\"}}],\"inLanguage\":\"es\"},{\"@type\":\"Person\",\"@id\":\"https:\\\/\\\/exaudi.org\\\/#\\\/schema\\\/person\\\/d134b96438278131ce90c90c03fda6cd\",\"name\":\"Gabriel Sales\",\"image\":{\"@type\":\"ImageObject\",\"inLanguage\":\"es\",\"@id\":\"https:\\\/\\\/secure.gravatar.com\\\/avatar\\\/9b1269566f6a063ed26ffb3532b66a373cdde231ce5d0effb266167437fdaffd?s=96&d=mm&r=g\",\"url\":\"https:\\\/\\\/secure.gravatar.com\\\/avatar\\\/9b1269566f6a063ed26ffb3532b66a373cdde231ce5d0effb266167437fdaffd?s=96&d=mm&r=g\",\"contentUrl\":\"https:\\\/\\\/secure.gravatar.com\\\/avatar\\\/9b1269566f6a063ed26ffb3532b66a373cdde231ce5d0effb266167437fdaffd?s=96&d=mm&r=g\",\"caption\":\"Gabriel Sales\"},\"description\":\"Periodista y especialista en Comunicaci\u00f3n y Branding digital. Cin\u00e9filo y cr\u00edtico de cine y series de televisi\u00f3n.\",\"sameAs\":[\"https:\\\/\\\/www.instagram.com\\\/cine90segundos\\\/\",\"www.linkedin.com\\\/in\\\/habemusman\",\"https:\\\/\\\/x.com\\\/habemusman\",\"https:\\\/\\\/www.youtube.com\\\/channel\\\/UCVfCiOMkJ_C7T7OpyjuaLDg\"],\"url\":\"https:\\\/\\\/exaudi.org\\\/es\\\/author\\\/gsalesexaudi-org\\\/\"}]}<\/script>\n<!-- \/ Yoast SEO plugin. -->","yoast_head_json":{"title":"Budapest y Eslovaquia: El Papa vuela hacia capital h\u00fangara","description":"Hoy ha comenzado el 34\u00ba viaje apost\u00f3lico internacional del Papa Francisco, con destino Budapest y Eslovaquia, del 12 al 15 de septiembre.","robots":{"index":"index","follow":"follow","max-snippet":"max-snippet:-1","max-image-preview":"max-image-preview:large","max-video-preview":"max-video-preview:-1"},"canonical":"https:\/\/exaudi.org\/es\/viaje-budapest-eslovaquia-papa-capital-hungara\/","og_locale":"es_ES","og_type":"article","og_title":"Budapest y Eslovaquia: El Papa vuela hacia capital h\u00fangara","og_description":"Hoy ha comenzado el 34\u00ba viaje apost\u00f3lico internacional del Papa Francisco, con destino Budapest y Eslovaquia, del 12 al 15 de septiembre.","og_url":"https:\/\/exaudi.org\/es\/viaje-budapest-eslovaquia-papa-capital-hungara\/","og_site_name":"Exaudi","article_publisher":"https:\/\/www.facebook.com\/ExaudiNews","article_published_time":"2021-09-12T04:33:34+00:00","article_modified_time":"2021-09-12T16:21:51+00:00","og_image":[{"width":1455,"height":819,"url":"https:\/\/exaudi.org\/wp-content\/uploads\/2021\/09\/324c234.jpeg","type":"image\/jpeg"}],"author":"Gabriel Sales","twitter_card":"summary_large_image","twitter_creator":"@habemusman","twitter_site":"@Exaudi_News","twitter_misc":{"Escrito por":"Gabriel Sales","Tiempo de lectura":"3 minutos"},"schema":{"@context":"https:\/\/schema.org","@graph":[{"@type":"Article","@id":"https:\/\/exaudi.org\/es\/viaje-budapest-eslovaquia-papa-capital-hungara\/#article","isPartOf":{"@id":"https:\/\/exaudi.org\/es\/viaje-budapest-eslovaquia-papa-capital-hungara\/"},"author":{"name":"Gabriel Sales","@id":"https:\/\/exaudi.org\/#\/schema\/person\/d134b96438278131ce90c90c03fda6cd"},"headline":"Budapest y Eslovaquia: El Papa vuela hacia capital h\u00fangara","datePublished":"2021-09-12T04:33:34+00:00","dateModified":"2021-09-12T16:21:51+00:00","mainEntityOfPage":{"@id":"https:\/\/exaudi.org\/es\/viaje-budapest-eslovaquia-papa-capital-hungara\/"},"wordCount":595,"image":{"@id":"https:\/\/exaudi.org\/es\/viaje-budapest-eslovaquia-papa-capital-hungara\/#primaryimage"},"thumbnailUrl":"https:\/\/exaudi.org\/wp-content\/uploads\/2021\/09\/324c234.jpeg","keywords":["papa francisco","Viaje Apost\u00f3lico del Papa a Budapest y Eslovaquia"],"articleSection":["\u00daltimas noticias","Viajes","Viajes Papales"],"inLanguage":"es"},{"@type":"WebPage","@id":"https:\/\/exaudi.org\/es\/viaje-budapest-eslovaquia-papa-capital-hungara\/","url":"https:\/\/exaudi.org\/es\/viaje-budapest-eslovaquia-papa-capital-hungara\/","name":"Budapest y Eslovaquia: El Papa vuela hacia capital h\u00fangara","isPartOf":{"@id":"https:\/\/exaudi.org\/#website"},"primaryImageOfPage":{"@id":"https:\/\/exaudi.org\/es\/viaje-budapest-eslovaquia-papa-capital-hungara\/#primaryimage"},"image":{"@id":"https:\/\/exaudi.org\/es\/viaje-budapest-eslovaquia-papa-capital-hungara\/#primaryimage"},"thumbnailUrl":"https:\/\/exaudi.org\/wp-content\/uploads\/2021\/09\/324c234.jpeg","datePublished":"2021-09-12T04:33:34+00:00","dateModified":"2021-09-12T16:21:51+00:00","author":{"@id":"https:\/\/exaudi.org\/#\/schema\/person\/d134b96438278131ce90c90c03fda6cd"},"description":"Hoy ha comenzado el 34\u00ba viaje apost\u00f3lico internacional del Papa Francisco, con destino Budapest y Eslovaquia, del 12 al 15 de septiembre.","breadcrumb":{"@id":"https:\/\/exaudi.org\/es\/viaje-budapest-eslovaquia-papa-capital-hungara\/#breadcrumb"},"inLanguage":"es","potentialAction":[{"@type":"ReadAction","target":["https:\/\/exaudi.org\/es\/viaje-budapest-eslovaquia-papa-capital-hungara\/"]}]},{"@type":"ImageObject","inLanguage":"es","@id":"https:\/\/exaudi.org\/es\/viaje-budapest-eslovaquia-papa-capital-hungara\/#primaryimage","url":"https:\/\/exaudi.org\/wp-content\/uploads\/2021\/09\/324c234.jpeg","contentUrl":"https:\/\/exaudi.org\/wp-content\/uploads\/2021\/09\/324c234.jpeg","width":1455,"height":819,"caption":"El Papa subiendo al avi\u00f3n hacia Budapest, 12 septiembre 2021 \u00a9 Vatican Media"},{"@type":"BreadcrumbList","@id":"https:\/\/exaudi.org\/es\/viaje-budapest-eslovaquia-papa-capital-hungara\/#breadcrumb","itemListElement":[{"@type":"ListItem","position":1,"name":"Portada","item":"https:\/\/exaudi.org\/es\/"},{"@type":"ListItem","position":2,"name":"Budapest y Eslovaquia: El Papa vuela hacia capital h\u00fangara"}]},{"@type":"WebSite","@id":"https:\/\/exaudi.org\/#website","url":"https:\/\/exaudi.org\/","name":"Exaudi","description":"News","potentialAction":[{"@type":"SearchAction","target":{"@type":"EntryPoint","urlTemplate":"https:\/\/exaudi.org\/?s={search_term_string}"},"query-input":{"@type":"PropertyValueSpecification","valueRequired":true,"valueName":"search_term_string"}}],"inLanguage":"es"},{"@type":"Person","@id":"https:\/\/exaudi.org\/#\/schema\/person\/d134b96438278131ce90c90c03fda6cd","name":"Gabriel Sales","image":{"@type":"ImageObject","inLanguage":"es","@id":"https:\/\/secure.gravatar.com\/avatar\/9b1269566f6a063ed26ffb3532b66a373cdde231ce5d0effb266167437fdaffd?s=96&d=mm&r=g","url":"https:\/\/secure.gravatar.com\/avatar\/9b1269566f6a063ed26ffb3532b66a373cdde231ce5d0effb266167437fdaffd?s=96&d=mm&r=g","contentUrl":"https:\/\/secure.gravatar.com\/avatar\/9b1269566f6a063ed26ffb3532b66a373cdde231ce5d0effb266167437fdaffd?s=96&d=mm&r=g","caption":"Gabriel Sales"},"description":"Periodista y especialista en Comunicaci\u00f3n y Branding digital. Cin\u00e9filo y cr\u00edtico de cine y series de televisi\u00f3n.","sameAs":["https:\/\/www.instagram.com\/cine90segundos\/","www.linkedin.com\/in\/habemusman","https:\/\/x.com\/habemusman","https:\/\/www.youtube.com\/channel\/UCVfCiOMkJ_C7T7OpyjuaLDg"],"url":"https:\/\/exaudi.org\/es\/author\/gsalesexaudi-org\/"}]}},"jetpack_featured_media_url":"https:\/\/exaudi.org\/wp-content\/uploads\/2021\/09\/324c234.jpeg","jetpack_shortlink":"https:\/\/wp.me\/pgKjF2-8vr","_links":{"self":[{"href":"https:\/\/exaudi.org\/es\/wp-json\/wp\/v2\/posts\/32701","targetHints":{"allow":["GET"]}}],"collection":[{"href":"https:\/\/exaudi.org\/es\/wp-json\/wp\/v2\/posts"}],"about":[{"href":"https:\/\/exaudi.org\/es\/wp-json\/wp\/v2\/types\/post"}],"author":[{"embeddable":true,"href":"https:\/\/exaudi.org\/es\/wp-json\/wp\/v2\/users\/6"}],"replies":[{"embeddable":true,"href":"https:\/\/exaudi.org\/es\/wp-json\/wp\/v2\/comments?post=32701"}],"version-history":[{"count":0,"href":"https:\/\/exaudi.org\/es\/wp-json\/wp\/v2\/posts\/32701\/revisions"}],"wp:featuredmedia":[{"embeddable":true,"href":"https:\/\/exaudi.org\/es\/wp-json\/wp\/v2\/media\/32725"}],"wp:attachment":[{"href":"https:\/\/exaudi.org\/es\/wp-json\/wp\/v2\/media?parent=32701"}],"wp:term":[{"taxonomy":"category","embeddable":true,"href":"https:\/\/exaudi.org\/es\/wp-json\/wp\/v2\/categories?post=32701"},{"taxonomy":"post_tag","embeddable":true,"href":"https:\/\/exaudi.org\/es\/wp-json\/wp\/v2\/tags?post=32701"}],"curies":[{"name":"wp","href":"https:\/\/api.w.org\/{rel}","templated":true}]}}