{"id":32624,"date":"2021-09-10T21:09:23","date_gmt":"2021-09-10T19:09:23","guid":{"rendered":"https:\/\/exaudi.wpengine.com\/?p=32624"},"modified":"2021-09-12T09:29:31","modified_gmt":"2021-09-12T07:29:31","slug":"papa-reza-en-santa-maria-mayor-por-viaje-budapest-eslovaquia","status":"publish","type":"post","link":"https:\/\/exaudi.org\/es\/papa-reza-en-santa-maria-mayor-por-viaje-budapest-eslovaquia\/","title":{"rendered":"El Papa reza en Santa Mar\u00eda la Mayor por su viaje a Budapest y Eslovaquia"},"content":{"rendered":"<p>El Papa Francisco ha rezado esta tarde en la <a href=\"https:\/\/www.facebook.com\/Basilica-Papale-di-Santa-Maria-Maggiore-109157834049624\/\" target=\"_blank\" rel=\"noopener\">bas\u00edlica papal de Santa Mar\u00eda la Mayor<\/a> por su pr\u00f3ximo viaje a Budapest y Eslovaquia, que comienza el pr\u00f3ximo domingo 12 de septiembre y se prolongar\u00e1 hasta el 15 de septiembre.<\/p>\n<p>En la tarde de hoy, 10 de septiembre de 2021, a las 19 horas, el Santo Padre \u201cha acudido a la Bas\u00edlica de Santa Mar\u00eda la Mayor para encomendar en oraci\u00f3n su pr\u00f3ximo viaje a Budapest y Eslovaquia a la Virgen, Salus Populi Romani. Despu\u00e9s regres\u00f3 a Santa Marta\u201d, informa la Oficina de Prensa de la Santa Sede.<\/p>\n<h4><strong><img loading=\"lazy\" decoding=\"async\" class=\"size-medium wp-image-32625 alignleft\" src=\"https:\/\/exaudi.wpengine.com\/wp-content\/uploads\/2021\/09\/foto2-e1631300574672-297x300.jpeg\" alt=\"Papa Mar\u00eda Budapest Eslovaquia\" width=\"297\" height=\"300\" srcset=\"https:\/\/exaudi.org\/wp-content\/uploads\/2021\/09\/foto2-e1631300574672-297x300.jpeg 297w, https:\/\/exaudi.org\/wp-content\/uploads\/2021\/09\/foto2-e1631300574672-150x151.jpeg 150w, https:\/\/exaudi.org\/wp-content\/uploads\/2021\/09\/foto2-e1631300574672-300x303.jpeg 300w, https:\/\/exaudi.org\/wp-content\/uploads\/2021\/09\/foto2-e1631300574672-696x702.jpeg 696w, https:\/\/exaudi.org\/wp-content\/uploads\/2021\/09\/foto2-e1631300574672-416x420.jpeg 416w, https:\/\/exaudi.org\/wp-content\/uploads\/2021\/09\/foto2-e1631300574672.jpeg 768w\" sizes=\"auto, (max-width: 297px) 100vw, 297px\" \/>Lugar especial para el Papa<\/strong><\/h4>\n<p>La bas\u00edlica de Santa Mar\u00eda la Mayor, donde se encuentra la imagen de Nuestra Se\u00f1ora de las Nieves, es un lugar especial para Francisco. Se trata de una visita obligada antes de emprender un viaje apost\u00f3lico y a su regreso.<\/p>\n<p>Asimismo, en marzo de 2020, en medio de la pandemia de la COVID-19, el Papa acudi\u00f3 a la bas\u00edlica para orar ante este icono y a la iglesia de San Marcello, en el Corso, donde se encuentra el milagroso Crucifijo que salv\u00f3 a la Ciudad Eterna de la peste en el siglo XVI.<\/p>\n<p>El pasado 15 de julio, al ser dado de alta tras una\u00a0<a href=\"https:\/\/exaudi.wpengine.com\/es\/papa-francisco-hospital-gemelli-operacion-programada\/\" target=\"_blank\" rel=\"noopener\">operaci\u00f3n de colon programada<\/a> y antes de regresar al Vaticano, el Pont\u00edfice se dirigi\u00f3 a la bas\u00edlica de Santa Mar\u00eda la Mayor donde, ante el icono de la Virgen Mar\u00eda <em>Salus populi romani<\/em>, \u201c<a href=\"https:\/\/exaudi.wpengine.com\/es\/papa-regresa-vaticano\/\" target=\"_blank\" rel=\"noopener\">agradeci\u00f3 el \u00e9xito de su intervenci\u00f3n quir\u00fargica<\/a>\u00a0y elev\u00f3 una oraci\u00f3n por todos los enfermos, especialmente por los que hab\u00eda encontrado durante su estancia en el hospital\u201d.<\/p>\n","protected":false},"excerpt":{"rendered":"<p>Del 12 al 15 de septiembre<\/p>\n","protected":false},"author":5,"featured_media":32628,"comment_status":"closed","ping_status":"closed","sticky":false,"template":"","format":"standard","meta":{"_acf_changed":false,"_crdt_document":"","inline_featured_image":false,"footnotes":""},"categories":[68,298,120,126],"tags":[3615,158,3430],"class_list":["post-32624","post","type-post","status-publish","format-standard","has-post-thumbnail","hentry","category-leon-xiv","category-ultimas-noticias","category-viajes","category-viajes-papales","tag-basilica-santa-maria-la-mayor","tag-papa-francisco","tag-viaje-apostolico-del-papa-a-budapest-y-eslovaquia"],"acf":[],"yoast_head":"<!-- This site is optimized with the Yoast SEO plugin v27.4 - https:\/\/yoast.com\/product\/yoast-seo-wordpress\/ -->\n<title>El Papa reza en Santa Mar\u00eda la Mayor por su viaje a Budapest y Eslovaquia &#8211; Exaudi<\/title>\n<meta name=\"description\" content=\"El Papa ha rezado esta tarde en la bas\u00edlica de Santa Mar\u00eda la Mayor por su pr\u00f3ximo viaje a Budapest y Eslovaquia, del 12 al 15 de septiembre\" \/>\n<meta name=\"robots\" content=\"index, follow, max-snippet:-1, max-image-preview:large, max-video-preview:-1\" \/>\n<link rel=\"canonical\" href=\"https:\/\/exaudi.org\/es\/papa-reza-en-santa-maria-mayor-por-viaje-budapest-eslovaquia\/\" \/>\n<meta property=\"og:locale\" content=\"es_ES\" \/>\n<meta property=\"og:type\" content=\"article\" \/>\n<meta property=\"og:title\" content=\"El Papa reza en Santa Mar\u00eda la Mayor por su viaje a Budapest y Eslovaquia &#8211; Exaudi\" \/>\n<meta property=\"og:description\" content=\"El Papa ha rezado esta tarde en la bas\u00edlica de Santa Mar\u00eda la Mayor por su pr\u00f3ximo viaje a Budapest y Eslovaquia, del 12 al 15 de septiembre\" \/>\n<meta property=\"og:url\" content=\"https:\/\/exaudi.org\/es\/papa-reza-en-santa-maria-mayor-por-viaje-budapest-eslovaquia\/\" \/>\n<meta property=\"og:site_name\" content=\"Exaudi\" \/>\n<meta property=\"article:publisher\" content=\"https:\/\/www.facebook.com\/ExaudiNews\" \/>\n<meta property=\"article:published_time\" content=\"2021-09-10T19:09:23+00:00\" \/>\n<meta property=\"article:modified_time\" content=\"2021-09-12T07:29:31+00:00\" \/>\n<meta property=\"og:image\" content=\"https:\/\/exaudi.org\/wp-content\/uploads\/2021\/09\/foto1.jpeg\" \/>\n\t<meta property=\"og:image:width\" content=\"768\" \/>\n\t<meta property=\"og:image:height\" content=\"1024\" \/>\n\t<meta property=\"og:image:type\" content=\"image\/jpeg\" \/>\n<meta name=\"author\" content=\"Larissa I. L\u00f3pez\" \/>\n<meta name=\"twitter:card\" content=\"summary_large_image\" \/>\n<meta name=\"twitter:creator\" content=\"@Exaudi_News\" \/>\n<meta name=\"twitter:site\" content=\"@Exaudi_News\" \/>\n<meta name=\"twitter:label1\" content=\"Escrito por\" \/>\n\t<meta name=\"twitter:data1\" content=\"Larissa I. L\u00f3pez\" \/>\n\t<meta name=\"twitter:label2\" content=\"Tiempo de lectura\" \/>\n\t<meta name=\"twitter:data2\" content=\"2 minutos\" \/>\n<script type=\"application\/ld+json\" class=\"yoast-schema-graph\">{\"@context\":\"https:\\\/\\\/schema.org\",\"@graph\":[{\"@type\":\"Article\",\"@id\":\"https:\\\/\\\/exaudi.org\\\/es\\\/papa-reza-en-santa-maria-mayor-por-viaje-budapest-eslovaquia\\\/#article\",\"isPartOf\":{\"@id\":\"https:\\\/\\\/exaudi.org\\\/es\\\/papa-reza-en-santa-maria-mayor-por-viaje-budapest-eslovaquia\\\/\"},\"author\":{\"name\":\"Larissa I. L\u00f3pez\",\"@id\":\"https:\\\/\\\/exaudi.org\\\/#\\\/schema\\\/person\\\/7d2f77db033c2c0929edfab6dbe8c588\"},\"headline\":\"El Papa reza en Santa Mar\u00eda la Mayor por su viaje a Budapest y Eslovaquia\",\"datePublished\":\"2021-09-10T19:09:23+00:00\",\"dateModified\":\"2021-09-12T07:29:31+00:00\",\"mainEntityOfPage\":{\"@id\":\"https:\\\/\\\/exaudi.org\\\/es\\\/papa-reza-en-santa-maria-mayor-por-viaje-budapest-eslovaquia\\\/\"},\"wordCount\":300,\"image\":{\"@id\":\"https:\\\/\\\/exaudi.org\\\/es\\\/papa-reza-en-santa-maria-mayor-por-viaje-budapest-eslovaquia\\\/#primaryimage\"},\"thumbnailUrl\":\"https:\\\/\\\/exaudi.org\\\/wp-content\\\/uploads\\\/2021\\\/09\\\/foto1.jpeg\",\"keywords\":[\"Bas\u00edlica Santa Mar\u00eda la Mayor\",\"papa francisco\",\"Viaje Apost\u00f3lico del Papa a Budapest y Eslovaquia\"],\"articleSection\":[\"Le\u00f3n XIV\",\"\u00daltimas noticias\",\"Viajes\",\"Viajes Papales\"],\"inLanguage\":\"es\"},{\"@type\":\"WebPage\",\"@id\":\"https:\\\/\\\/exaudi.org\\\/es\\\/papa-reza-en-santa-maria-mayor-por-viaje-budapest-eslovaquia\\\/\",\"url\":\"https:\\\/\\\/exaudi.org\\\/es\\\/papa-reza-en-santa-maria-mayor-por-viaje-budapest-eslovaquia\\\/\",\"name\":\"El Papa reza en Santa Mar\u00eda la Mayor por su viaje a Budapest y Eslovaquia &#8211; Exaudi\",\"isPartOf\":{\"@id\":\"https:\\\/\\\/exaudi.org\\\/#website\"},\"primaryImageOfPage\":{\"@id\":\"https:\\\/\\\/exaudi.org\\\/es\\\/papa-reza-en-santa-maria-mayor-por-viaje-budapest-eslovaquia\\\/#primaryimage\"},\"image\":{\"@id\":\"https:\\\/\\\/exaudi.org\\\/es\\\/papa-reza-en-santa-maria-mayor-por-viaje-budapest-eslovaquia\\\/#primaryimage\"},\"thumbnailUrl\":\"https:\\\/\\\/exaudi.org\\\/wp-content\\\/uploads\\\/2021\\\/09\\\/foto1.jpeg\",\"datePublished\":\"2021-09-10T19:09:23+00:00\",\"dateModified\":\"2021-09-12T07:29:31+00:00\",\"author\":{\"@id\":\"https:\\\/\\\/exaudi.org\\\/#\\\/schema\\\/person\\\/7d2f77db033c2c0929edfab6dbe8c588\"},\"description\":\"El Papa ha rezado esta tarde en la bas\u00edlica de Santa Mar\u00eda la Mayor por su pr\u00f3ximo viaje a Budapest y Eslovaquia, del 12 al 15 de septiembre\",\"breadcrumb\":{\"@id\":\"https:\\\/\\\/exaudi.org\\\/es\\\/papa-reza-en-santa-maria-mayor-por-viaje-budapest-eslovaquia\\\/#breadcrumb\"},\"inLanguage\":\"es\",\"potentialAction\":[{\"@type\":\"ReadAction\",\"target\":[\"https:\\\/\\\/exaudi.org\\\/es\\\/papa-reza-en-santa-maria-mayor-por-viaje-budapest-eslovaquia\\\/\"]}]},{\"@type\":\"ImageObject\",\"inLanguage\":\"es\",\"@id\":\"https:\\\/\\\/exaudi.org\\\/es\\\/papa-reza-en-santa-maria-mayor-por-viaje-budapest-eslovaquia\\\/#primaryimage\",\"url\":\"https:\\\/\\\/exaudi.org\\\/wp-content\\\/uploads\\\/2021\\\/09\\\/foto1.jpeg\",\"contentUrl\":\"https:\\\/\\\/exaudi.org\\\/wp-content\\\/uploads\\\/2021\\\/09\\\/foto1.jpeg\",\"width\":768,\"height\":1024,\"caption\":\"El Papa reza en Santa Mar\u00eda la Mayor por su viaje a Budapest y Eslovaquia \u00a9 Sala Stampa Santa Sede\"},{\"@type\":\"BreadcrumbList\",\"@id\":\"https:\\\/\\\/exaudi.org\\\/es\\\/papa-reza-en-santa-maria-mayor-por-viaje-budapest-eslovaquia\\\/#breadcrumb\",\"itemListElement\":[{\"@type\":\"ListItem\",\"position\":1,\"name\":\"Portada\",\"item\":\"https:\\\/\\\/exaudi.org\\\/es\\\/\"},{\"@type\":\"ListItem\",\"position\":2,\"name\":\"El Papa reza en Santa Mar\u00eda la Mayor por su viaje a Budapest y Eslovaquia\"}]},{\"@type\":\"WebSite\",\"@id\":\"https:\\\/\\\/exaudi.org\\\/#website\",\"url\":\"https:\\\/\\\/exaudi.org\\\/\",\"name\":\"Exaudi\",\"description\":\"News\",\"potentialAction\":[{\"@type\":\"SearchAction\",\"target\":{\"@type\":\"EntryPoint\",\"urlTemplate\":\"https:\\\/\\\/exaudi.org\\\/?s={search_term_string}\"},\"query-input\":{\"@type\":\"PropertyValueSpecification\",\"valueRequired\":true,\"valueName\":\"search_term_string\"}}],\"inLanguage\":\"es\"},{\"@type\":\"Person\",\"@id\":\"https:\\\/\\\/exaudi.org\\\/#\\\/schema\\\/person\\\/7d2f77db033c2c0929edfab6dbe8c588\",\"name\":\"Larissa I. L\u00f3pez\",\"image\":{\"@type\":\"ImageObject\",\"inLanguage\":\"es\",\"@id\":\"https:\\\/\\\/secure.gravatar.com\\\/avatar\\\/db3ef399ff343d0bb9d25dc5198bc8ece5ac6d621eca79876697a354dabc1e3f?s=96&d=mm&r=g\",\"url\":\"https:\\\/\\\/secure.gravatar.com\\\/avatar\\\/db3ef399ff343d0bb9d25dc5198bc8ece5ac6d621eca79876697a354dabc1e3f?s=96&d=mm&r=g\",\"contentUrl\":\"https:\\\/\\\/secure.gravatar.com\\\/avatar\\\/db3ef399ff343d0bb9d25dc5198bc8ece5ac6d621eca79876697a354dabc1e3f?s=96&d=mm&r=g\",\"caption\":\"Larissa I. L\u00f3pez\"},\"description\":\"Doctora en Comunicaci\u00f3n. Mi trayectoria profesional ha transcurrido entre el \u00e1mbito de la comunicaci\u00f3n y el de la docencia. En los \u00faltimos a\u00f1os, he trabajado como coordinadora y redactora de la edici\u00f3n de ZENIT en espa\u00f1ol. Como profesora, he impartido clases en la universidad y en centros de FP y bachillerato. Cordobesa de nacimiento, tambi\u00e9n he vivido en Sevilla, Madrid y Roma\",\"url\":\"https:\\\/\\\/exaudi.org\\\/es\\\/author\\\/llopezexaudi-org\\\/\"}]}<\/script>\n<!-- \/ Yoast SEO plugin. -->","yoast_head_json":{"title":"El Papa reza en Santa Mar\u00eda la Mayor por su viaje a Budapest y Eslovaquia &#8211; Exaudi","description":"El Papa ha rezado esta tarde en la bas\u00edlica de Santa Mar\u00eda la Mayor por su pr\u00f3ximo viaje a Budapest y Eslovaquia, del 12 al 15 de septiembre","robots":{"index":"index","follow":"follow","max-snippet":"max-snippet:-1","max-image-preview":"max-image-preview:large","max-video-preview":"max-video-preview:-1"},"canonical":"https:\/\/exaudi.org\/es\/papa-reza-en-santa-maria-mayor-por-viaje-budapest-eslovaquia\/","og_locale":"es_ES","og_type":"article","og_title":"El Papa reza en Santa Mar\u00eda la Mayor por su viaje a Budapest y Eslovaquia &#8211; Exaudi","og_description":"El Papa ha rezado esta tarde en la bas\u00edlica de Santa Mar\u00eda la Mayor por su pr\u00f3ximo viaje a Budapest y Eslovaquia, del 12 al 15 de septiembre","og_url":"https:\/\/exaudi.org\/es\/papa-reza-en-santa-maria-mayor-por-viaje-budapest-eslovaquia\/","og_site_name":"Exaudi","article_publisher":"https:\/\/www.facebook.com\/ExaudiNews","article_published_time":"2021-09-10T19:09:23+00:00","article_modified_time":"2021-09-12T07:29:31+00:00","og_image":[{"width":768,"height":1024,"url":"https:\/\/exaudi.org\/wp-content\/uploads\/2021\/09\/foto1.jpeg","type":"image\/jpeg"}],"author":"Larissa I. L\u00f3pez","twitter_card":"summary_large_image","twitter_creator":"@Exaudi_News","twitter_site":"@Exaudi_News","twitter_misc":{"Escrito por":"Larissa I. L\u00f3pez","Tiempo de lectura":"2 minutos"},"schema":{"@context":"https:\/\/schema.org","@graph":[{"@type":"Article","@id":"https:\/\/exaudi.org\/es\/papa-reza-en-santa-maria-mayor-por-viaje-budapest-eslovaquia\/#article","isPartOf":{"@id":"https:\/\/exaudi.org\/es\/papa-reza-en-santa-maria-mayor-por-viaje-budapest-eslovaquia\/"},"author":{"name":"Larissa I. L\u00f3pez","@id":"https:\/\/exaudi.org\/#\/schema\/person\/7d2f77db033c2c0929edfab6dbe8c588"},"headline":"El Papa reza en Santa Mar\u00eda la Mayor por su viaje a Budapest y Eslovaquia","datePublished":"2021-09-10T19:09:23+00:00","dateModified":"2021-09-12T07:29:31+00:00","mainEntityOfPage":{"@id":"https:\/\/exaudi.org\/es\/papa-reza-en-santa-maria-mayor-por-viaje-budapest-eslovaquia\/"},"wordCount":300,"image":{"@id":"https:\/\/exaudi.org\/es\/papa-reza-en-santa-maria-mayor-por-viaje-budapest-eslovaquia\/#primaryimage"},"thumbnailUrl":"https:\/\/exaudi.org\/wp-content\/uploads\/2021\/09\/foto1.jpeg","keywords":["Bas\u00edlica Santa Mar\u00eda la Mayor","papa francisco","Viaje Apost\u00f3lico del Papa a Budapest y Eslovaquia"],"articleSection":["Le\u00f3n XIV","\u00daltimas noticias","Viajes","Viajes Papales"],"inLanguage":"es"},{"@type":"WebPage","@id":"https:\/\/exaudi.org\/es\/papa-reza-en-santa-maria-mayor-por-viaje-budapest-eslovaquia\/","url":"https:\/\/exaudi.org\/es\/papa-reza-en-santa-maria-mayor-por-viaje-budapest-eslovaquia\/","name":"El Papa reza en Santa Mar\u00eda la Mayor por su viaje a Budapest y Eslovaquia &#8211; Exaudi","isPartOf":{"@id":"https:\/\/exaudi.org\/#website"},"primaryImageOfPage":{"@id":"https:\/\/exaudi.org\/es\/papa-reza-en-santa-maria-mayor-por-viaje-budapest-eslovaquia\/#primaryimage"},"image":{"@id":"https:\/\/exaudi.org\/es\/papa-reza-en-santa-maria-mayor-por-viaje-budapest-eslovaquia\/#primaryimage"},"thumbnailUrl":"https:\/\/exaudi.org\/wp-content\/uploads\/2021\/09\/foto1.jpeg","datePublished":"2021-09-10T19:09:23+00:00","dateModified":"2021-09-12T07:29:31+00:00","author":{"@id":"https:\/\/exaudi.org\/#\/schema\/person\/7d2f77db033c2c0929edfab6dbe8c588"},"description":"El Papa ha rezado esta tarde en la bas\u00edlica de Santa Mar\u00eda la Mayor por su pr\u00f3ximo viaje a Budapest y Eslovaquia, del 12 al 15 de septiembre","breadcrumb":{"@id":"https:\/\/exaudi.org\/es\/papa-reza-en-santa-maria-mayor-por-viaje-budapest-eslovaquia\/#breadcrumb"},"inLanguage":"es","potentialAction":[{"@type":"ReadAction","target":["https:\/\/exaudi.org\/es\/papa-reza-en-santa-maria-mayor-por-viaje-budapest-eslovaquia\/"]}]},{"@type":"ImageObject","inLanguage":"es","@id":"https:\/\/exaudi.org\/es\/papa-reza-en-santa-maria-mayor-por-viaje-budapest-eslovaquia\/#primaryimage","url":"https:\/\/exaudi.org\/wp-content\/uploads\/2021\/09\/foto1.jpeg","contentUrl":"https:\/\/exaudi.org\/wp-content\/uploads\/2021\/09\/foto1.jpeg","width":768,"height":1024,"caption":"El Papa reza en Santa Mar\u00eda la Mayor por su viaje a Budapest y Eslovaquia \u00a9 Sala Stampa Santa Sede"},{"@type":"BreadcrumbList","@id":"https:\/\/exaudi.org\/es\/papa-reza-en-santa-maria-mayor-por-viaje-budapest-eslovaquia\/#breadcrumb","itemListElement":[{"@type":"ListItem","position":1,"name":"Portada","item":"https:\/\/exaudi.org\/es\/"},{"@type":"ListItem","position":2,"name":"El Papa reza en Santa Mar\u00eda la Mayor por su viaje a Budapest y Eslovaquia"}]},{"@type":"WebSite","@id":"https:\/\/exaudi.org\/#website","url":"https:\/\/exaudi.org\/","name":"Exaudi","description":"News","potentialAction":[{"@type":"SearchAction","target":{"@type":"EntryPoint","urlTemplate":"https:\/\/exaudi.org\/?s={search_term_string}"},"query-input":{"@type":"PropertyValueSpecification","valueRequired":true,"valueName":"search_term_string"}}],"inLanguage":"es"},{"@type":"Person","@id":"https:\/\/exaudi.org\/#\/schema\/person\/7d2f77db033c2c0929edfab6dbe8c588","name":"Larissa I. L\u00f3pez","image":{"@type":"ImageObject","inLanguage":"es","@id":"https:\/\/secure.gravatar.com\/avatar\/db3ef399ff343d0bb9d25dc5198bc8ece5ac6d621eca79876697a354dabc1e3f?s=96&d=mm&r=g","url":"https:\/\/secure.gravatar.com\/avatar\/db3ef399ff343d0bb9d25dc5198bc8ece5ac6d621eca79876697a354dabc1e3f?s=96&d=mm&r=g","contentUrl":"https:\/\/secure.gravatar.com\/avatar\/db3ef399ff343d0bb9d25dc5198bc8ece5ac6d621eca79876697a354dabc1e3f?s=96&d=mm&r=g","caption":"Larissa I. L\u00f3pez"},"description":"Doctora en Comunicaci\u00f3n. Mi trayectoria profesional ha transcurrido entre el \u00e1mbito de la comunicaci\u00f3n y el de la docencia. En los \u00faltimos a\u00f1os, he trabajado como coordinadora y redactora de la edici\u00f3n de ZENIT en espa\u00f1ol. Como profesora, he impartido clases en la universidad y en centros de FP y bachillerato. Cordobesa de nacimiento, tambi\u00e9n he vivido en Sevilla, Madrid y Roma","url":"https:\/\/exaudi.org\/es\/author\/llopezexaudi-org\/"}]}},"jetpack_featured_media_url":"https:\/\/exaudi.org\/wp-content\/uploads\/2021\/09\/foto1.jpeg","jetpack_shortlink":"https:\/\/wp.me\/pgKjF2-8uc","_links":{"self":[{"href":"https:\/\/exaudi.org\/es\/wp-json\/wp\/v2\/posts\/32624","targetHints":{"allow":["GET"]}}],"collection":[{"href":"https:\/\/exaudi.org\/es\/wp-json\/wp\/v2\/posts"}],"about":[{"href":"https:\/\/exaudi.org\/es\/wp-json\/wp\/v2\/types\/post"}],"author":[{"embeddable":true,"href":"https:\/\/exaudi.org\/es\/wp-json\/wp\/v2\/users\/5"}],"replies":[{"embeddable":true,"href":"https:\/\/exaudi.org\/es\/wp-json\/wp\/v2\/comments?post=32624"}],"version-history":[{"count":0,"href":"https:\/\/exaudi.org\/es\/wp-json\/wp\/v2\/posts\/32624\/revisions"}],"wp:featuredmedia":[{"embeddable":true,"href":"https:\/\/exaudi.org\/es\/wp-json\/wp\/v2\/media\/32628"}],"wp:attachment":[{"href":"https:\/\/exaudi.org\/es\/wp-json\/wp\/v2\/media?parent=32624"}],"wp:term":[{"taxonomy":"category","embeddable":true,"href":"https:\/\/exaudi.org\/es\/wp-json\/wp\/v2\/categories?post=32624"},{"taxonomy":"post_tag","embeddable":true,"href":"https:\/\/exaudi.org\/es\/wp-json\/wp\/v2\/tags?post=32624"}],"curies":[{"name":"wp","href":"https:\/\/api.w.org\/{rel}","templated":true}]}}