{"id":32552,"date":"2021-09-10T10:27:13","date_gmt":"2021-09-10T08:27:13","guid":{"rendered":"https:\/\/exaudi.wpengine.com\/?p=32552"},"modified":"2021-09-11T21:59:04","modified_gmt":"2021-09-11T19:59:04","slug":"brasil-obispos-colaborar-pueblo-haiti","status":"publish","type":"post","link":"https:\/\/exaudi.org\/es\/brasil-obispos-colaborar-pueblo-haiti\/","title":{"rendered":"Brasil: Obispos llaman a colaborar con Hait\u00ed"},"content":{"rendered":"<p>En solidaridad con y para las v\u00edctimas del <a href=\"https:\/\/exaudi.wpengine.com\/es\/solidaridad-iglesia-latinoamericana-terremoto-haiti\/\" target=\"_blank\" rel=\"noopener\">terremoto que Hait\u00ed<\/a> sufri\u00f3 el pasado 14 de agosto de 2021, los obispos de la <a href=\"https:\/\/www.cnbb.org.br\/\" target=\"_blank\" rel=\"noopener\">Iglesia en Brasil<\/a> (CNBB) se est\u00e1n movilizando para recoger donaciones para ayudar al pa\u00eds y mostrar su cercan\u00eda con el pueblo haitiano. A trav\u00e9s de un v\u00eddeo, el arzobispo de Belo Horizonte y el presidente del Episcopado, y el presidente de C\u00e1ritas brasile\u00f1a, invitan a todos a tener un gesto de amor para colaborar con la campa\u00f1a SOS Hait\u00ed.<\/p>\n<p>\u201cNuestra Iglesia, fiel a lo que pide Jes\u00fas, se une a Hait\u00ed en solidaridad e invita a cada persona a ofrecer su gesto de amor al pueblo haitiano\u201d, expresa el obispo Walmor Oliveira de Azevedo en el v\u00eddeo Tambi\u00e9n recuerda que la iniciativa se inserta en el contexto de la acci\u00f3n solidaria \u201cEs tiempo de cuidar\u201d, \u201cesta vez a favor de la vida en Hait\u00ed\u201d. Las donaciones llegar\u00e1n \u201cen forma de solidaridad con las familias de las v\u00edctimas del terremoto y en forma de atenci\u00f3n a miles de heridos, personas sin hogar y desplazados\u201d.<\/p>\n<p>\u201cLos fondos recaudados se destinar\u00e1n a la compra de art\u00edculos de primera necesidad: alimentos, agua potable, tiendas de campa\u00f1a, lonas, material de higiene y limpieza, medicamentos, atenci\u00f3n m\u00e9dica, transporte, combustible, as\u00ed como otros art\u00edculos de apoyo a la poblaci\u00f3n haitiana\u201d, dijo el obispo Mario.<\/p>\n<p>Dom Walmor tambi\u00e9n recuerda en el v\u00eddeo que todos los pueblos forman parte de la misma familia humana. \u201cLas distancias territoriales, las diferencias entre culturas, etnias y religiones no pueden ocultar esta verdad: formamos una sola familia, la familia humana, y somos corresponsables unos de otros\u201d, subray\u00f3.<\/p>\n<p><iframe loading=\"lazy\" title=\"SOS Haiti - Um gesto de amor ao povo haitiano\" width=\"500\" height=\"281\" src=\"https:\/\/www.youtube.com\/embed\/tqEKjMaOkd0?feature=oembed\" frameborder=\"0\" allow=\"accelerometer; autoplay; clipboard-write; encrypted-media; gyroscope; picture-in-picture; web-share\" referrerpolicy=\"strict-origin-when-cross-origin\" allowfullscreen><\/iframe><\/p>\n","protected":false},"excerpt":{"rendered":"<p>Mensaje de v\u00eddeo llamando a colaborar<\/p>\n","protected":false},"author":6,"featured_media":32553,"comment_status":"closed","ping_status":"closed","sticky":false,"template":"","format":"standard","meta":{"_acf_changed":false,"_crdt_document":"","inline_featured_image":false,"footnotes":""},"categories":[86,94,298],"tags":[1728,793],"class_list":["post-32552","post","type-post","status-publish","format-standard","has-post-thumbnail","hentry","category-iglesia-local","category-justicia-y-paz","category-ultimas-noticias","tag-conferencia-nacional-de-obispos-de-brasil-cnbb","tag-haiti"],"acf":[],"yoast_head":"<!-- This site is optimized with the Yoast SEO plugin v27.5 - https:\/\/yoast.com\/product\/yoast-seo-wordpress\/ -->\n<title>Brasil: Obispos llaman a colaborar con Hait\u00ed - Exaudi Catholic News<\/title>\n<meta name=\"description\" content=\"A trav\u00e9s de un mensaje de v\u00eddeo, los obispos de Brasil han llamado a colaborar con la campa\u00f1a de ayuda al pueblo de Hait\u00ed.\" \/>\n<meta name=\"robots\" content=\"index, follow, max-snippet:-1, max-image-preview:large, max-video-preview:-1\" \/>\n<link rel=\"canonical\" href=\"https:\/\/exaudi.org\/es\/brasil-obispos-colaborar-pueblo-haiti\/\" \/>\n<meta property=\"og:locale\" content=\"es_ES\" \/>\n<meta property=\"og:type\" content=\"article\" \/>\n<meta property=\"og:title\" content=\"Brasil: Obispos llaman a colaborar con Hait\u00ed - Exaudi Catholic News\" \/>\n<meta property=\"og:description\" content=\"A trav\u00e9s de un mensaje de v\u00eddeo, los obispos de Brasil han llamado a colaborar con la campa\u00f1a de ayuda al pueblo de Hait\u00ed.\" \/>\n<meta property=\"og:url\" content=\"https:\/\/exaudi.org\/es\/brasil-obispos-colaborar-pueblo-haiti\/\" \/>\n<meta property=\"og:site_name\" content=\"Exaudi\" \/>\n<meta property=\"article:publisher\" content=\"https:\/\/www.facebook.com\/ExaudiNews\" \/>\n<meta property=\"article:published_time\" content=\"2021-09-10T08:27:13+00:00\" \/>\n<meta property=\"article:modified_time\" content=\"2021-09-11T19:59:04+00:00\" \/>\n<meta property=\"og:image\" content=\"https:\/\/exaudi.org\/wp-content\/uploads\/2021\/09\/2c34324c.jpg\" \/>\n\t<meta property=\"og:image:width\" content=\"1897\" \/>\n\t<meta property=\"og:image:height\" content=\"983\" \/>\n\t<meta property=\"og:image:type\" content=\"image\/jpeg\" \/>\n<meta name=\"author\" content=\"Gabriel Sales\" \/>\n<meta name=\"twitter:card\" content=\"summary_large_image\" \/>\n<meta name=\"twitter:creator\" content=\"@habemusman\" \/>\n<meta name=\"twitter:site\" content=\"@Exaudi_News\" \/>\n<meta name=\"twitter:label1\" content=\"Escrito por\" \/>\n\t<meta name=\"twitter:data1\" content=\"Gabriel Sales\" \/>\n\t<meta name=\"twitter:label2\" content=\"Tiempo de lectura\" \/>\n\t<meta name=\"twitter:data2\" content=\"2 minutos\" \/>\n<script type=\"application\/ld+json\" class=\"yoast-schema-graph\">{\"@context\":\"https:\\\/\\\/schema.org\",\"@graph\":[{\"@type\":\"Article\",\"@id\":\"https:\\\/\\\/exaudi.org\\\/es\\\/brasil-obispos-colaborar-pueblo-haiti\\\/#article\",\"isPartOf\":{\"@id\":\"https:\\\/\\\/exaudi.org\\\/es\\\/brasil-obispos-colaborar-pueblo-haiti\\\/\"},\"author\":{\"name\":\"Gabriel Sales\",\"@id\":\"https:\\\/\\\/exaudi.org\\\/#\\\/schema\\\/person\\\/d134b96438278131ce90c90c03fda6cd\"},\"headline\":\"Brasil: Obispos llaman a colaborar con Hait\u00ed\",\"datePublished\":\"2021-09-10T08:27:13+00:00\",\"dateModified\":\"2021-09-11T19:59:04+00:00\",\"mainEntityOfPage\":{\"@id\":\"https:\\\/\\\/exaudi.org\\\/es\\\/brasil-obispos-colaborar-pueblo-haiti\\\/\"},\"wordCount\":306,\"image\":{\"@id\":\"https:\\\/\\\/exaudi.org\\\/es\\\/brasil-obispos-colaborar-pueblo-haiti\\\/#primaryimage\"},\"thumbnailUrl\":\"https:\\\/\\\/exaudi.org\\\/wp-content\\\/uploads\\\/2021\\\/09\\\/2c34324c.jpg\",\"keywords\":[\"Conferencia Nacional de Obispos de Brasil (CNBB)\",\"Hait\u00ed\"],\"articleSection\":[\"Iglesia Local\",\"Justicia y Paz\",\"\u00daltimas noticias\"],\"inLanguage\":\"es\"},{\"@type\":\"WebPage\",\"@id\":\"https:\\\/\\\/exaudi.org\\\/es\\\/brasil-obispos-colaborar-pueblo-haiti\\\/\",\"url\":\"https:\\\/\\\/exaudi.org\\\/es\\\/brasil-obispos-colaborar-pueblo-haiti\\\/\",\"name\":\"Brasil: Obispos llaman a colaborar con Hait\u00ed - Exaudi Catholic News\",\"isPartOf\":{\"@id\":\"https:\\\/\\\/exaudi.org\\\/#website\"},\"primaryImageOfPage\":{\"@id\":\"https:\\\/\\\/exaudi.org\\\/es\\\/brasil-obispos-colaborar-pueblo-haiti\\\/#primaryimage\"},\"image\":{\"@id\":\"https:\\\/\\\/exaudi.org\\\/es\\\/brasil-obispos-colaborar-pueblo-haiti\\\/#primaryimage\"},\"thumbnailUrl\":\"https:\\\/\\\/exaudi.org\\\/wp-content\\\/uploads\\\/2021\\\/09\\\/2c34324c.jpg\",\"datePublished\":\"2021-09-10T08:27:13+00:00\",\"dateModified\":\"2021-09-11T19:59:04+00:00\",\"author\":{\"@id\":\"https:\\\/\\\/exaudi.org\\\/#\\\/schema\\\/person\\\/d134b96438278131ce90c90c03fda6cd\"},\"description\":\"A trav\u00e9s de un mensaje de v\u00eddeo, los obispos de Brasil han llamado a colaborar con la campa\u00f1a de ayuda al pueblo de Hait\u00ed.\",\"breadcrumb\":{\"@id\":\"https:\\\/\\\/exaudi.org\\\/es\\\/brasil-obispos-colaborar-pueblo-haiti\\\/#breadcrumb\"},\"inLanguage\":\"es\",\"potentialAction\":[{\"@type\":\"ReadAction\",\"target\":[\"https:\\\/\\\/exaudi.org\\\/es\\\/brasil-obispos-colaborar-pueblo-haiti\\\/\"]}]},{\"@type\":\"ImageObject\",\"inLanguage\":\"es\",\"@id\":\"https:\\\/\\\/exaudi.org\\\/es\\\/brasil-obispos-colaborar-pueblo-haiti\\\/#primaryimage\",\"url\":\"https:\\\/\\\/exaudi.org\\\/wp-content\\\/uploads\\\/2021\\\/09\\\/2c34324c.jpg\",\"contentUrl\":\"https:\\\/\\\/exaudi.org\\\/wp-content\\\/uploads\\\/2021\\\/09\\\/2c34324c.jpg\",\"width\":1897,\"height\":983,\"caption\":\"Casa destruida en Hait\u00ed \u00a9 CELAM\"},{\"@type\":\"BreadcrumbList\",\"@id\":\"https:\\\/\\\/exaudi.org\\\/es\\\/brasil-obispos-colaborar-pueblo-haiti\\\/#breadcrumb\",\"itemListElement\":[{\"@type\":\"ListItem\",\"position\":1,\"name\":\"Portada\",\"item\":\"https:\\\/\\\/exaudi.org\\\/es\\\/\"},{\"@type\":\"ListItem\",\"position\":2,\"name\":\"Brasil: Obispos llaman a colaborar con Hait\u00ed\"}]},{\"@type\":\"WebSite\",\"@id\":\"https:\\\/\\\/exaudi.org\\\/#website\",\"url\":\"https:\\\/\\\/exaudi.org\\\/\",\"name\":\"Exaudi\",\"description\":\"News\",\"potentialAction\":[{\"@type\":\"SearchAction\",\"target\":{\"@type\":\"EntryPoint\",\"urlTemplate\":\"https:\\\/\\\/exaudi.org\\\/?s={search_term_string}\"},\"query-input\":{\"@type\":\"PropertyValueSpecification\",\"valueRequired\":true,\"valueName\":\"search_term_string\"}}],\"inLanguage\":\"es\"},{\"@type\":\"Person\",\"@id\":\"https:\\\/\\\/exaudi.org\\\/#\\\/schema\\\/person\\\/d134b96438278131ce90c90c03fda6cd\",\"name\":\"Gabriel Sales\",\"image\":{\"@type\":\"ImageObject\",\"inLanguage\":\"es\",\"@id\":\"https:\\\/\\\/secure.gravatar.com\\\/avatar\\\/9b1269566f6a063ed26ffb3532b66a373cdde231ce5d0effb266167437fdaffd?s=96&d=mm&r=g\",\"url\":\"https:\\\/\\\/secure.gravatar.com\\\/avatar\\\/9b1269566f6a063ed26ffb3532b66a373cdde231ce5d0effb266167437fdaffd?s=96&d=mm&r=g\",\"contentUrl\":\"https:\\\/\\\/secure.gravatar.com\\\/avatar\\\/9b1269566f6a063ed26ffb3532b66a373cdde231ce5d0effb266167437fdaffd?s=96&d=mm&r=g\",\"caption\":\"Gabriel Sales\"},\"description\":\"Periodista y especialista en Comunicaci\u00f3n y Branding digital. Cin\u00e9filo y cr\u00edtico de cine y series de televisi\u00f3n.\",\"sameAs\":[\"https:\\\/\\\/www.instagram.com\\\/cine90segundos\\\/\",\"www.linkedin.com\\\/in\\\/habemusman\",\"https:\\\/\\\/x.com\\\/habemusman\",\"https:\\\/\\\/www.youtube.com\\\/channel\\\/UCVfCiOMkJ_C7T7OpyjuaLDg\"],\"url\":\"https:\\\/\\\/exaudi.org\\\/es\\\/author\\\/gsalesexaudi-org\\\/\"}]}<\/script>\n<!-- \/ Yoast SEO plugin. -->","yoast_head_json":{"title":"Brasil: Obispos llaman a colaborar con Hait\u00ed - Exaudi Catholic News","description":"A trav\u00e9s de un mensaje de v\u00eddeo, los obispos de Brasil han llamado a colaborar con la campa\u00f1a de ayuda al pueblo de Hait\u00ed.","robots":{"index":"index","follow":"follow","max-snippet":"max-snippet:-1","max-image-preview":"max-image-preview:large","max-video-preview":"max-video-preview:-1"},"canonical":"https:\/\/exaudi.org\/es\/brasil-obispos-colaborar-pueblo-haiti\/","og_locale":"es_ES","og_type":"article","og_title":"Brasil: Obispos llaman a colaborar con Hait\u00ed - Exaudi Catholic News","og_description":"A trav\u00e9s de un mensaje de v\u00eddeo, los obispos de Brasil han llamado a colaborar con la campa\u00f1a de ayuda al pueblo de Hait\u00ed.","og_url":"https:\/\/exaudi.org\/es\/brasil-obispos-colaborar-pueblo-haiti\/","og_site_name":"Exaudi","article_publisher":"https:\/\/www.facebook.com\/ExaudiNews","article_published_time":"2021-09-10T08:27:13+00:00","article_modified_time":"2021-09-11T19:59:04+00:00","og_image":[{"width":1897,"height":983,"url":"https:\/\/exaudi.org\/wp-content\/uploads\/2021\/09\/2c34324c.jpg","type":"image\/jpeg"}],"author":"Gabriel Sales","twitter_card":"summary_large_image","twitter_creator":"@habemusman","twitter_site":"@Exaudi_News","twitter_misc":{"Escrito por":"Gabriel Sales","Tiempo de lectura":"2 minutos"},"schema":{"@context":"https:\/\/schema.org","@graph":[{"@type":"Article","@id":"https:\/\/exaudi.org\/es\/brasil-obispos-colaborar-pueblo-haiti\/#article","isPartOf":{"@id":"https:\/\/exaudi.org\/es\/brasil-obispos-colaborar-pueblo-haiti\/"},"author":{"name":"Gabriel Sales","@id":"https:\/\/exaudi.org\/#\/schema\/person\/d134b96438278131ce90c90c03fda6cd"},"headline":"Brasil: Obispos llaman a colaborar con Hait\u00ed","datePublished":"2021-09-10T08:27:13+00:00","dateModified":"2021-09-11T19:59:04+00:00","mainEntityOfPage":{"@id":"https:\/\/exaudi.org\/es\/brasil-obispos-colaborar-pueblo-haiti\/"},"wordCount":306,"image":{"@id":"https:\/\/exaudi.org\/es\/brasil-obispos-colaborar-pueblo-haiti\/#primaryimage"},"thumbnailUrl":"https:\/\/exaudi.org\/wp-content\/uploads\/2021\/09\/2c34324c.jpg","keywords":["Conferencia Nacional de Obispos de Brasil (CNBB)","Hait\u00ed"],"articleSection":["Iglesia Local","Justicia y Paz","\u00daltimas noticias"],"inLanguage":"es"},{"@type":"WebPage","@id":"https:\/\/exaudi.org\/es\/brasil-obispos-colaborar-pueblo-haiti\/","url":"https:\/\/exaudi.org\/es\/brasil-obispos-colaborar-pueblo-haiti\/","name":"Brasil: Obispos llaman a colaborar con Hait\u00ed - Exaudi Catholic News","isPartOf":{"@id":"https:\/\/exaudi.org\/#website"},"primaryImageOfPage":{"@id":"https:\/\/exaudi.org\/es\/brasil-obispos-colaborar-pueblo-haiti\/#primaryimage"},"image":{"@id":"https:\/\/exaudi.org\/es\/brasil-obispos-colaborar-pueblo-haiti\/#primaryimage"},"thumbnailUrl":"https:\/\/exaudi.org\/wp-content\/uploads\/2021\/09\/2c34324c.jpg","datePublished":"2021-09-10T08:27:13+00:00","dateModified":"2021-09-11T19:59:04+00:00","author":{"@id":"https:\/\/exaudi.org\/#\/schema\/person\/d134b96438278131ce90c90c03fda6cd"},"description":"A trav\u00e9s de un mensaje de v\u00eddeo, los obispos de Brasil han llamado a colaborar con la campa\u00f1a de ayuda al pueblo de Hait\u00ed.","breadcrumb":{"@id":"https:\/\/exaudi.org\/es\/brasil-obispos-colaborar-pueblo-haiti\/#breadcrumb"},"inLanguage":"es","potentialAction":[{"@type":"ReadAction","target":["https:\/\/exaudi.org\/es\/brasil-obispos-colaborar-pueblo-haiti\/"]}]},{"@type":"ImageObject","inLanguage":"es","@id":"https:\/\/exaudi.org\/es\/brasil-obispos-colaborar-pueblo-haiti\/#primaryimage","url":"https:\/\/exaudi.org\/wp-content\/uploads\/2021\/09\/2c34324c.jpg","contentUrl":"https:\/\/exaudi.org\/wp-content\/uploads\/2021\/09\/2c34324c.jpg","width":1897,"height":983,"caption":"Casa destruida en Hait\u00ed \u00a9 CELAM"},{"@type":"BreadcrumbList","@id":"https:\/\/exaudi.org\/es\/brasil-obispos-colaborar-pueblo-haiti\/#breadcrumb","itemListElement":[{"@type":"ListItem","position":1,"name":"Portada","item":"https:\/\/exaudi.org\/es\/"},{"@type":"ListItem","position":2,"name":"Brasil: Obispos llaman a colaborar con Hait\u00ed"}]},{"@type":"WebSite","@id":"https:\/\/exaudi.org\/#website","url":"https:\/\/exaudi.org\/","name":"Exaudi","description":"News","potentialAction":[{"@type":"SearchAction","target":{"@type":"EntryPoint","urlTemplate":"https:\/\/exaudi.org\/?s={search_term_string}"},"query-input":{"@type":"PropertyValueSpecification","valueRequired":true,"valueName":"search_term_string"}}],"inLanguage":"es"},{"@type":"Person","@id":"https:\/\/exaudi.org\/#\/schema\/person\/d134b96438278131ce90c90c03fda6cd","name":"Gabriel Sales","image":{"@type":"ImageObject","inLanguage":"es","@id":"https:\/\/secure.gravatar.com\/avatar\/9b1269566f6a063ed26ffb3532b66a373cdde231ce5d0effb266167437fdaffd?s=96&d=mm&r=g","url":"https:\/\/secure.gravatar.com\/avatar\/9b1269566f6a063ed26ffb3532b66a373cdde231ce5d0effb266167437fdaffd?s=96&d=mm&r=g","contentUrl":"https:\/\/secure.gravatar.com\/avatar\/9b1269566f6a063ed26ffb3532b66a373cdde231ce5d0effb266167437fdaffd?s=96&d=mm&r=g","caption":"Gabriel Sales"},"description":"Periodista y especialista en Comunicaci\u00f3n y Branding digital. Cin\u00e9filo y cr\u00edtico de cine y series de televisi\u00f3n.","sameAs":["https:\/\/www.instagram.com\/cine90segundos\/","www.linkedin.com\/in\/habemusman","https:\/\/x.com\/habemusman","https:\/\/www.youtube.com\/channel\/UCVfCiOMkJ_C7T7OpyjuaLDg"],"url":"https:\/\/exaudi.org\/es\/author\/gsalesexaudi-org\/"}]}},"jetpack_featured_media_url":"https:\/\/exaudi.org\/wp-content\/uploads\/2021\/09\/2c34324c.jpg","jetpack_shortlink":"https:\/\/wp.me\/pgKjF2-8t2","_links":{"self":[{"href":"https:\/\/exaudi.org\/es\/wp-json\/wp\/v2\/posts\/32552","targetHints":{"allow":["GET"]}}],"collection":[{"href":"https:\/\/exaudi.org\/es\/wp-json\/wp\/v2\/posts"}],"about":[{"href":"https:\/\/exaudi.org\/es\/wp-json\/wp\/v2\/types\/post"}],"author":[{"embeddable":true,"href":"https:\/\/exaudi.org\/es\/wp-json\/wp\/v2\/users\/6"}],"replies":[{"embeddable":true,"href":"https:\/\/exaudi.org\/es\/wp-json\/wp\/v2\/comments?post=32552"}],"version-history":[{"count":0,"href":"https:\/\/exaudi.org\/es\/wp-json\/wp\/v2\/posts\/32552\/revisions"}],"wp:featuredmedia":[{"embeddable":true,"href":"https:\/\/exaudi.org\/es\/wp-json\/wp\/v2\/media\/32553"}],"wp:attachment":[{"href":"https:\/\/exaudi.org\/es\/wp-json\/wp\/v2\/media?parent=32552"}],"wp:term":[{"taxonomy":"category","embeddable":true,"href":"https:\/\/exaudi.org\/es\/wp-json\/wp\/v2\/categories?post=32552"},{"taxonomy":"post_tag","embeddable":true,"href":"https:\/\/exaudi.org\/es\/wp-json\/wp\/v2\/tags?post=32552"}],"curies":[{"name":"wp","href":"https:\/\/api.w.org\/{rel}","templated":true}]}}