{"id":32547,"date":"2021-09-10T10:10:37","date_gmt":"2021-09-10T08:10:37","guid":{"rendered":"https:\/\/exaudi.wpengine.com\/?p=32547"},"modified":"2021-09-11T21:10:06","modified_gmt":"2021-09-11T19:10:06","slug":"venezuela-celebra-369-anos-virgen-coromoto","status":"publish","type":"post","link":"https:\/\/exaudi.org\/es\/venezuela-celebra-369-anos-virgen-coromoto\/","title":{"rendered":"Venezuela celebra los 369 a\u00f1os de Virgen de Coromoto"},"content":{"rendered":"<p>La Iglesia de Venezuela celebr\u00f3 ayer, 9 de septiembre de 2021, los 369 a\u00f1os de su patrona, la Virgen de Coromoto, una ceremonia que no recib\u00eda cobertura nacional ni internacional desde hace 20 a\u00f1os. Por medio de una Eucarist\u00eda, a hombros de la Tribu Cospes de la parroquia de San Jos\u00e9 de Tost\u00f3s de Trujillo, la reliquia de la advocaci\u00f3n mariana entr\u00f3 en la Bas\u00edlica Menor Santuario Nacional de Trujillo.<\/p>\n<p>Seg\u00fan se\u00f1ala la <a href=\"https:\/\/conferenciaepiscopalvenezolana.com\/\" target=\"_blank\" rel=\"noopener\">Conferencia Episcopal Venezolana<\/a> (CEV) en una nota, el acto fue presidido por monse\u00f1or Jos\u00e9 de La Trinidad Valera Angulo, obispo de la di\u00f3cesis de Guanare, quien concelebr\u00f3 por el presbiterio local, sacerdotes de la arquidi\u00f3cesis de Caracas, Maracaibo, acompa\u00f1ados por la reliquia del primer beato venezolano laico, <a href=\"https:\/\/exaudi.wpengine.com\/es\/papa-reliquia-beato-jose-gregorio-hernandez\/\" target=\"_blank\" rel=\"noopener\">el doctor Jos\u00e9 Gregorio Hern\u00e1ndez.<\/a><\/p>\n<p>Fieles a la tradici\u00f3n, desde horas tempranas, caminantes, ciclistas, motoristas, maratonistas y jinetes\u00a0 se desplazaron desde diferentes lugares del pa\u00eds para participar de la solemnidad en conmemoraci\u00f3n de la \u00faltima aparici\u00f3n de la Bella Se\u00f1ora al Cacique de la Tribu Cospes y su familia, la noche del 8 de septiembre de 1652, a quien dej\u00f3 en su mano la Sagrada Reliquia que hoy se venera como Nuestra Se\u00f1ora de Coromoto.<\/p>\n<h4><strong>Bella mujer de altos ideales<\/strong><\/h4>\n<p>La CEV relata que Mons. Valera centr\u00f3 su homil\u00eda en la figura de Mar\u00eda presentada en el Evangelio: \u201cLa mujer bella y santa de altos ideales que supo escuchar la voz de Dios, la que comprendi\u00f3 y cumpli\u00f3 fiel y absolutamente las predicas de las bienaventuranza y fue elegida para ser la Madre de su Hijo Jes\u00fas, a quien los venezolanos piden con mucha fe, por la paz del mundo, el fin de la pandemia y en especial, por el bienestar de los venezolanos\u201d.<\/p>\n<p>Expres\u00f3 tambi\u00e9n que existen muchas advocaciones de la Virgen en Venezuela, pero la de Coromoto es la Patrona y como tal protege a todos. Ella congrega a todos sus hijos para dar testimonio de la vida cristiana que ense\u00f1\u00f3 el Redentor. La presencia de la Coromoto en esta tierra guanare\u00f1a, significa que este es un pa\u00eds creyente, un pa\u00eds que ama a Dios.<\/p>\n<p>Inst\u00f3 a todas las personas a trabajar por la hermandad entre venezolanos, por la diversidad de pensamientos pero en unidad de acci\u00f3n, con el fin de que Venezuela sea un pa\u00eds de paz y libertad, \u201choy la Virgen se comunica con nosotros para darnos esperanzas. No es magia, sino una gran oportunidad que Dios a trav\u00e9s de ella nos brinda a todos sus hijos para salir airosos de todas las dificultades que estamos viviendo\u201d y exhort\u00f3 a los venezolanos a avanzar en la fe en el \u00fanico Dios verdadero, Padre, Hijo y Esp\u00edritu Santo y a \u201cvivir en familia y como hermanos, poniendo siempre por adelante la luz del entendimiento y respeto hacia el pr\u00f3jimo\u201d.<\/p>\n<p>Durante la ceremonia, con el permiso del obispo de la di\u00f3cesis, el sacerdote Miguel Ospino, de la arquidi\u00f3cesis de Maracaibo, vicario episcopal para la Vida Consagrada, presente en la Bas\u00edlica y uno de los promotores de la Consagraci\u00f3n al Coraz\u00f3n Inmaculado de Nuestra Se\u00f1ora de Coromoto, ley\u00f3 la oraci\u00f3n con la que miles de coromotanos de manera presencial all\u00ed en el Santuario Mariano y de manera \u00a0virtual por los medios digitales renovaron y otros se consagraron por primera vez al coraz\u00f3n de la Madre de Dios en la advocaci\u00f3n de Coromoto.<\/p>\n<h4><strong>Cobertura Nacional<\/strong><\/h4>\n<p>Por primera vez en los \u00faltimos 20 a\u00f1os, se realiz\u00f3 la cobertura nacional e internacional de esta ceremonia en el d\u00eda de la Virgen de Coromoto, que cont\u00f3 con la presencia en la Bas\u00edlica de los equipos de periodistas enviados a Guanare por Televen, Televisi\u00f3n, TV Familia, Latina Televisi\u00f3n, la Televisora Regional de Portuguesa, radios y medios digitales.<\/p>\n<p>Al finalizar la ceremonia, las sagradas reliquias salieron en caravana a Guanare y a las 7 de la noche ingresaron a la Bas\u00edlica Catedral de Guanare para la segunda misa Solemne presidida por el Obispo en el templo que custodi\u00f3 con amor la Reliquia de Nuestra se\u00f1ora de Coromoto durante 342 a\u00f1os.<\/p>\n","protected":false},"excerpt":{"rendered":"<p>Cobertura nacional e internacional despu\u00e9s de 20 a\u00f1os<\/p>\n","protected":false},"author":6,"featured_media":32548,"comment_status":"closed","ping_status":"closed","sticky":false,"template":"","format":"standard","meta":{"_acf_changed":false,"_crdt_document":"","inline_featured_image":false,"footnotes":""},"categories":[96,86],"tags":[1772,966,4073],"class_list":["post-32547","post","type-post","status-publish","format-standard","has-post-thumbnail","hentry","category-espiritualidad","category-iglesia-local","tag-aniversario","tag-venezuela","tag-virgen-de-coromoto"],"acf":[],"yoast_head":"<!-- This site is optimized with the Yoast SEO plugin v27.4 - https:\/\/yoast.com\/product\/yoast-seo-wordpress\/ -->\n<title>Venezuela celebra los 369 a\u00f1os de Virgen de Coromoto - Exaudi<\/title>\n<meta name=\"description\" content=\"La solemne celebraci\u00f3n de los 369 a\u00f1os de la Virgen de Coromoto, Venezuela, recibi\u00f3 cobertura nacional e internacional de los medios.\" \/>\n<meta name=\"robots\" content=\"index, follow, max-snippet:-1, max-image-preview:large, max-video-preview:-1\" \/>\n<link rel=\"canonical\" href=\"https:\/\/exaudi.org\/es\/venezuela-celebra-369-anos-virgen-coromoto\/\" \/>\n<meta property=\"og:locale\" content=\"es_ES\" \/>\n<meta property=\"og:type\" content=\"article\" \/>\n<meta property=\"og:title\" content=\"Venezuela celebra los 369 a\u00f1os de Virgen de Coromoto - Exaudi\" \/>\n<meta property=\"og:description\" content=\"La solemne celebraci\u00f3n de los 369 a\u00f1os de la Virgen de Coromoto, Venezuela, recibi\u00f3 cobertura nacional e internacional de los medios.\" \/>\n<meta property=\"og:url\" content=\"https:\/\/exaudi.org\/es\/venezuela-celebra-369-anos-virgen-coromoto\/\" \/>\n<meta property=\"og:site_name\" content=\"Exaudi\" \/>\n<meta property=\"article:publisher\" content=\"https:\/\/www.facebook.com\/ExaudiNews\" \/>\n<meta property=\"article:published_time\" content=\"2021-09-10T08:10:37+00:00\" \/>\n<meta property=\"article:modified_time\" content=\"2021-09-11T19:10:06+00:00\" \/>\n<meta property=\"og:image\" content=\"https:\/\/exaudi.org\/wp-content\/uploads\/2021\/09\/23c4432c.jpg\" \/>\n\t<meta property=\"og:image:width\" content=\"799\" \/>\n\t<meta property=\"og:image:height\" content=\"529\" \/>\n\t<meta property=\"og:image:type\" content=\"image\/jpeg\" \/>\n<meta name=\"author\" content=\"Gabriel Sales\" \/>\n<meta name=\"twitter:card\" content=\"summary_large_image\" \/>\n<meta name=\"twitter:creator\" content=\"@habemusman\" \/>\n<meta name=\"twitter:site\" content=\"@Exaudi_News\" \/>\n<meta name=\"twitter:label1\" content=\"Escrito por\" \/>\n\t<meta name=\"twitter:data1\" content=\"Gabriel Sales\" \/>\n\t<meta name=\"twitter:label2\" content=\"Tiempo de lectura\" \/>\n\t<meta name=\"twitter:data2\" content=\"3 minutos\" \/>\n<script type=\"application\/ld+json\" class=\"yoast-schema-graph\">{\"@context\":\"https:\\\/\\\/schema.org\",\"@graph\":[{\"@type\":\"Article\",\"@id\":\"https:\\\/\\\/exaudi.org\\\/es\\\/venezuela-celebra-369-anos-virgen-coromoto\\\/#article\",\"isPartOf\":{\"@id\":\"https:\\\/\\\/exaudi.org\\\/es\\\/venezuela-celebra-369-anos-virgen-coromoto\\\/\"},\"author\":{\"name\":\"Gabriel Sales\",\"@id\":\"https:\\\/\\\/exaudi.org\\\/#\\\/schema\\\/person\\\/d134b96438278131ce90c90c03fda6cd\"},\"headline\":\"Venezuela celebra los 369 a\u00f1os de Virgen de Coromoto\",\"datePublished\":\"2021-09-10T08:10:37+00:00\",\"dateModified\":\"2021-09-11T19:10:06+00:00\",\"mainEntityOfPage\":{\"@id\":\"https:\\\/\\\/exaudi.org\\\/es\\\/venezuela-celebra-369-anos-virgen-coromoto\\\/\"},\"wordCount\":714,\"image\":{\"@id\":\"https:\\\/\\\/exaudi.org\\\/es\\\/venezuela-celebra-369-anos-virgen-coromoto\\\/#primaryimage\"},\"thumbnailUrl\":\"https:\\\/\\\/exaudi.org\\\/wp-content\\\/uploads\\\/2021\\\/09\\\/23c4432c.jpg\",\"keywords\":[\"Aniversario\",\"Venezuela\",\"Virgen de Coromoto\"],\"articleSection\":[\"Espiritualidad\",\"Iglesia Local\"],\"inLanguage\":\"es\"},{\"@type\":\"WebPage\",\"@id\":\"https:\\\/\\\/exaudi.org\\\/es\\\/venezuela-celebra-369-anos-virgen-coromoto\\\/\",\"url\":\"https:\\\/\\\/exaudi.org\\\/es\\\/venezuela-celebra-369-anos-virgen-coromoto\\\/\",\"name\":\"Venezuela celebra los 369 a\u00f1os de Virgen de Coromoto - Exaudi\",\"isPartOf\":{\"@id\":\"https:\\\/\\\/exaudi.org\\\/#website\"},\"primaryImageOfPage\":{\"@id\":\"https:\\\/\\\/exaudi.org\\\/es\\\/venezuela-celebra-369-anos-virgen-coromoto\\\/#primaryimage\"},\"image\":{\"@id\":\"https:\\\/\\\/exaudi.org\\\/es\\\/venezuela-celebra-369-anos-virgen-coromoto\\\/#primaryimage\"},\"thumbnailUrl\":\"https:\\\/\\\/exaudi.org\\\/wp-content\\\/uploads\\\/2021\\\/09\\\/23c4432c.jpg\",\"datePublished\":\"2021-09-10T08:10:37+00:00\",\"dateModified\":\"2021-09-11T19:10:06+00:00\",\"author\":{\"@id\":\"https:\\\/\\\/exaudi.org\\\/#\\\/schema\\\/person\\\/d134b96438278131ce90c90c03fda6cd\"},\"description\":\"La solemne celebraci\u00f3n de los 369 a\u00f1os de la Virgen de Coromoto, Venezuela, recibi\u00f3 cobertura nacional e internacional de los medios.\",\"breadcrumb\":{\"@id\":\"https:\\\/\\\/exaudi.org\\\/es\\\/venezuela-celebra-369-anos-virgen-coromoto\\\/#breadcrumb\"},\"inLanguage\":\"es\",\"potentialAction\":[{\"@type\":\"ReadAction\",\"target\":[\"https:\\\/\\\/exaudi.org\\\/es\\\/venezuela-celebra-369-anos-virgen-coromoto\\\/\"]}]},{\"@type\":\"ImageObject\",\"inLanguage\":\"es\",\"@id\":\"https:\\\/\\\/exaudi.org\\\/es\\\/venezuela-celebra-369-anos-virgen-coromoto\\\/#primaryimage\",\"url\":\"https:\\\/\\\/exaudi.org\\\/wp-content\\\/uploads\\\/2021\\\/09\\\/23c4432c.jpg\",\"contentUrl\":\"https:\\\/\\\/exaudi.org\\\/wp-content\\\/uploads\\\/2021\\\/09\\\/23c4432c.jpg\",\"width\":799,\"height\":529,\"caption\":\"Ceremonia por la Virgen de Coromoto \u00a9 CEV\"},{\"@type\":\"BreadcrumbList\",\"@id\":\"https:\\\/\\\/exaudi.org\\\/es\\\/venezuela-celebra-369-anos-virgen-coromoto\\\/#breadcrumb\",\"itemListElement\":[{\"@type\":\"ListItem\",\"position\":1,\"name\":\"Portada\",\"item\":\"https:\\\/\\\/exaudi.org\\\/es\\\/\"},{\"@type\":\"ListItem\",\"position\":2,\"name\":\"Venezuela celebra los 369 a\u00f1os de Virgen de Coromoto\"}]},{\"@type\":\"WebSite\",\"@id\":\"https:\\\/\\\/exaudi.org\\\/#website\",\"url\":\"https:\\\/\\\/exaudi.org\\\/\",\"name\":\"Exaudi\",\"description\":\"News\",\"potentialAction\":[{\"@type\":\"SearchAction\",\"target\":{\"@type\":\"EntryPoint\",\"urlTemplate\":\"https:\\\/\\\/exaudi.org\\\/?s={search_term_string}\"},\"query-input\":{\"@type\":\"PropertyValueSpecification\",\"valueRequired\":true,\"valueName\":\"search_term_string\"}}],\"inLanguage\":\"es\"},{\"@type\":\"Person\",\"@id\":\"https:\\\/\\\/exaudi.org\\\/#\\\/schema\\\/person\\\/d134b96438278131ce90c90c03fda6cd\",\"name\":\"Gabriel Sales\",\"image\":{\"@type\":\"ImageObject\",\"inLanguage\":\"es\",\"@id\":\"https:\\\/\\\/secure.gravatar.com\\\/avatar\\\/9b1269566f6a063ed26ffb3532b66a373cdde231ce5d0effb266167437fdaffd?s=96&d=mm&r=g\",\"url\":\"https:\\\/\\\/secure.gravatar.com\\\/avatar\\\/9b1269566f6a063ed26ffb3532b66a373cdde231ce5d0effb266167437fdaffd?s=96&d=mm&r=g\",\"contentUrl\":\"https:\\\/\\\/secure.gravatar.com\\\/avatar\\\/9b1269566f6a063ed26ffb3532b66a373cdde231ce5d0effb266167437fdaffd?s=96&d=mm&r=g\",\"caption\":\"Gabriel Sales\"},\"description\":\"Periodista y especialista en Comunicaci\u00f3n y Branding digital. Cin\u00e9filo y cr\u00edtico de cine y series de televisi\u00f3n.\",\"sameAs\":[\"https:\\\/\\\/www.instagram.com\\\/cine90segundos\\\/\",\"www.linkedin.com\\\/in\\\/habemusman\",\"https:\\\/\\\/x.com\\\/habemusman\",\"https:\\\/\\\/www.youtube.com\\\/channel\\\/UCVfCiOMkJ_C7T7OpyjuaLDg\"],\"url\":\"https:\\\/\\\/exaudi.org\\\/es\\\/author\\\/gsalesexaudi-org\\\/\"}]}<\/script>\n<!-- \/ Yoast SEO plugin. -->","yoast_head_json":{"title":"Venezuela celebra los 369 a\u00f1os de Virgen de Coromoto - Exaudi","description":"La solemne celebraci\u00f3n de los 369 a\u00f1os de la Virgen de Coromoto, Venezuela, recibi\u00f3 cobertura nacional e internacional de los medios.","robots":{"index":"index","follow":"follow","max-snippet":"max-snippet:-1","max-image-preview":"max-image-preview:large","max-video-preview":"max-video-preview:-1"},"canonical":"https:\/\/exaudi.org\/es\/venezuela-celebra-369-anos-virgen-coromoto\/","og_locale":"es_ES","og_type":"article","og_title":"Venezuela celebra los 369 a\u00f1os de Virgen de Coromoto - Exaudi","og_description":"La solemne celebraci\u00f3n de los 369 a\u00f1os de la Virgen de Coromoto, Venezuela, recibi\u00f3 cobertura nacional e internacional de los medios.","og_url":"https:\/\/exaudi.org\/es\/venezuela-celebra-369-anos-virgen-coromoto\/","og_site_name":"Exaudi","article_publisher":"https:\/\/www.facebook.com\/ExaudiNews","article_published_time":"2021-09-10T08:10:37+00:00","article_modified_time":"2021-09-11T19:10:06+00:00","og_image":[{"width":799,"height":529,"url":"https:\/\/exaudi.org\/wp-content\/uploads\/2021\/09\/23c4432c.jpg","type":"image\/jpeg"}],"author":"Gabriel Sales","twitter_card":"summary_large_image","twitter_creator":"@habemusman","twitter_site":"@Exaudi_News","twitter_misc":{"Escrito por":"Gabriel Sales","Tiempo de lectura":"3 minutos"},"schema":{"@context":"https:\/\/schema.org","@graph":[{"@type":"Article","@id":"https:\/\/exaudi.org\/es\/venezuela-celebra-369-anos-virgen-coromoto\/#article","isPartOf":{"@id":"https:\/\/exaudi.org\/es\/venezuela-celebra-369-anos-virgen-coromoto\/"},"author":{"name":"Gabriel Sales","@id":"https:\/\/exaudi.org\/#\/schema\/person\/d134b96438278131ce90c90c03fda6cd"},"headline":"Venezuela celebra los 369 a\u00f1os de Virgen de Coromoto","datePublished":"2021-09-10T08:10:37+00:00","dateModified":"2021-09-11T19:10:06+00:00","mainEntityOfPage":{"@id":"https:\/\/exaudi.org\/es\/venezuela-celebra-369-anos-virgen-coromoto\/"},"wordCount":714,"image":{"@id":"https:\/\/exaudi.org\/es\/venezuela-celebra-369-anos-virgen-coromoto\/#primaryimage"},"thumbnailUrl":"https:\/\/exaudi.org\/wp-content\/uploads\/2021\/09\/23c4432c.jpg","keywords":["Aniversario","Venezuela","Virgen de Coromoto"],"articleSection":["Espiritualidad","Iglesia Local"],"inLanguage":"es"},{"@type":"WebPage","@id":"https:\/\/exaudi.org\/es\/venezuela-celebra-369-anos-virgen-coromoto\/","url":"https:\/\/exaudi.org\/es\/venezuela-celebra-369-anos-virgen-coromoto\/","name":"Venezuela celebra los 369 a\u00f1os de Virgen de Coromoto - Exaudi","isPartOf":{"@id":"https:\/\/exaudi.org\/#website"},"primaryImageOfPage":{"@id":"https:\/\/exaudi.org\/es\/venezuela-celebra-369-anos-virgen-coromoto\/#primaryimage"},"image":{"@id":"https:\/\/exaudi.org\/es\/venezuela-celebra-369-anos-virgen-coromoto\/#primaryimage"},"thumbnailUrl":"https:\/\/exaudi.org\/wp-content\/uploads\/2021\/09\/23c4432c.jpg","datePublished":"2021-09-10T08:10:37+00:00","dateModified":"2021-09-11T19:10:06+00:00","author":{"@id":"https:\/\/exaudi.org\/#\/schema\/person\/d134b96438278131ce90c90c03fda6cd"},"description":"La solemne celebraci\u00f3n de los 369 a\u00f1os de la Virgen de Coromoto, Venezuela, recibi\u00f3 cobertura nacional e internacional de los medios.","breadcrumb":{"@id":"https:\/\/exaudi.org\/es\/venezuela-celebra-369-anos-virgen-coromoto\/#breadcrumb"},"inLanguage":"es","potentialAction":[{"@type":"ReadAction","target":["https:\/\/exaudi.org\/es\/venezuela-celebra-369-anos-virgen-coromoto\/"]}]},{"@type":"ImageObject","inLanguage":"es","@id":"https:\/\/exaudi.org\/es\/venezuela-celebra-369-anos-virgen-coromoto\/#primaryimage","url":"https:\/\/exaudi.org\/wp-content\/uploads\/2021\/09\/23c4432c.jpg","contentUrl":"https:\/\/exaudi.org\/wp-content\/uploads\/2021\/09\/23c4432c.jpg","width":799,"height":529,"caption":"Ceremonia por la Virgen de Coromoto \u00a9 CEV"},{"@type":"BreadcrumbList","@id":"https:\/\/exaudi.org\/es\/venezuela-celebra-369-anos-virgen-coromoto\/#breadcrumb","itemListElement":[{"@type":"ListItem","position":1,"name":"Portada","item":"https:\/\/exaudi.org\/es\/"},{"@type":"ListItem","position":2,"name":"Venezuela celebra los 369 a\u00f1os de Virgen de Coromoto"}]},{"@type":"WebSite","@id":"https:\/\/exaudi.org\/#website","url":"https:\/\/exaudi.org\/","name":"Exaudi","description":"News","potentialAction":[{"@type":"SearchAction","target":{"@type":"EntryPoint","urlTemplate":"https:\/\/exaudi.org\/?s={search_term_string}"},"query-input":{"@type":"PropertyValueSpecification","valueRequired":true,"valueName":"search_term_string"}}],"inLanguage":"es"},{"@type":"Person","@id":"https:\/\/exaudi.org\/#\/schema\/person\/d134b96438278131ce90c90c03fda6cd","name":"Gabriel Sales","image":{"@type":"ImageObject","inLanguage":"es","@id":"https:\/\/secure.gravatar.com\/avatar\/9b1269566f6a063ed26ffb3532b66a373cdde231ce5d0effb266167437fdaffd?s=96&d=mm&r=g","url":"https:\/\/secure.gravatar.com\/avatar\/9b1269566f6a063ed26ffb3532b66a373cdde231ce5d0effb266167437fdaffd?s=96&d=mm&r=g","contentUrl":"https:\/\/secure.gravatar.com\/avatar\/9b1269566f6a063ed26ffb3532b66a373cdde231ce5d0effb266167437fdaffd?s=96&d=mm&r=g","caption":"Gabriel Sales"},"description":"Periodista y especialista en Comunicaci\u00f3n y Branding digital. Cin\u00e9filo y cr\u00edtico de cine y series de televisi\u00f3n.","sameAs":["https:\/\/www.instagram.com\/cine90segundos\/","www.linkedin.com\/in\/habemusman","https:\/\/x.com\/habemusman","https:\/\/www.youtube.com\/channel\/UCVfCiOMkJ_C7T7OpyjuaLDg"],"url":"https:\/\/exaudi.org\/es\/author\/gsalesexaudi-org\/"}]}},"jetpack_featured_media_url":"https:\/\/exaudi.org\/wp-content\/uploads\/2021\/09\/23c4432c.jpg","jetpack_shortlink":"https:\/\/wp.me\/pgKjF2-8sX","_links":{"self":[{"href":"https:\/\/exaudi.org\/es\/wp-json\/wp\/v2\/posts\/32547","targetHints":{"allow":["GET"]}}],"collection":[{"href":"https:\/\/exaudi.org\/es\/wp-json\/wp\/v2\/posts"}],"about":[{"href":"https:\/\/exaudi.org\/es\/wp-json\/wp\/v2\/types\/post"}],"author":[{"embeddable":true,"href":"https:\/\/exaudi.org\/es\/wp-json\/wp\/v2\/users\/6"}],"replies":[{"embeddable":true,"href":"https:\/\/exaudi.org\/es\/wp-json\/wp\/v2\/comments?post=32547"}],"version-history":[{"count":0,"href":"https:\/\/exaudi.org\/es\/wp-json\/wp\/v2\/posts\/32547\/revisions"}],"wp:featuredmedia":[{"embeddable":true,"href":"https:\/\/exaudi.org\/es\/wp-json\/wp\/v2\/media\/32548"}],"wp:attachment":[{"href":"https:\/\/exaudi.org\/es\/wp-json\/wp\/v2\/media?parent=32547"}],"wp:term":[{"taxonomy":"category","embeddable":true,"href":"https:\/\/exaudi.org\/es\/wp-json\/wp\/v2\/categories?post=32547"},{"taxonomy":"post_tag","embeddable":true,"href":"https:\/\/exaudi.org\/es\/wp-json\/wp\/v2\/tags?post=32547"}],"curies":[{"name":"wp","href":"https:\/\/api.w.org\/{rel}","templated":true}]}}