{"id":32514,"date":"2021-09-10T09:07:48","date_gmt":"2021-09-10T07:07:48","guid":{"rendered":"https:\/\/exaudi.wpengine.com\/?p=32514"},"modified":"2021-09-10T16:42:47","modified_gmt":"2021-09-10T14:42:47","slug":"espana-omella-orientaciones-pastorales-cee","status":"publish","type":"post","link":"https:\/\/exaudi.org\/es\/espana-omella-orientaciones-pastorales-cee\/","title":{"rendered":"Espa\u00f1a: Cardenal Omella presenta Orientaciones pastorales de la CEE"},"content":{"rendered":"<p>El presidente de la <a href=\"https:\/\/www.conferenciaepiscopal.es\/\" target=\"_blank\" rel=\"noopener\">Conferencia Episcopal de Espa\u00f1a<\/a> (CEE) y arzobispo de Barcelona, <a href=\"https:\/\/exaudi.wpengine.com\/es\/cardenal-juan-j-omella-tiempo-fraternidad\/\" target=\"_blank\" rel=\"noopener\">cardenal Juan Jos\u00e9 Omella<\/a>, tuvo un encuentro de comienzo de curso con los directores, colaboradores y trabajadores del Episcopado. La cita comenz\u00f3 con la celebraci\u00f3n de la Eucarist\u00eda, presidida por Omella y concelebrada por el secretario general de la CEE, Mons. Arg\u00fcello, y despu\u00e9s presentaron las Orientaciones pastorales de la Conferencia para los pr\u00f3ximos cuatro a\u00f1os.<\/p>\n<p>Este documento, titulado \u201cFieles al env\u00edo misionero\u201d, fue aprobado por la Asamblea Plenaria de abril. Es fruto de un ejercicio de discernimiento compartido por los obispos, los \u00f3rganos colegiados de la CEE y los colaboradores, para aproximarse a la realidad social y eclesial y sugerir unas orientaciones pastorales que han realizado, a lo largo de varios meses de di\u00e1logo.<\/p>\n<h4 class=\"has-text-align-center\"><strong>Claves del documento<\/strong><\/h4>\n<p><img loading=\"lazy\" decoding=\"async\" class=\"alignleft size-medium wp-image-32518\" src=\"https:\/\/exaudi.wpengine.com\/wp-content\/uploads\/2021\/09\/DSC_8444-300x199.jpg\" alt=\"Espa\u00f1a Omella Orientaciones pastorales CEE\" width=\"300\" height=\"199\" srcset=\"https:\/\/exaudi.org\/wp-content\/uploads\/2021\/09\/DSC_8444-300x199.jpg 300w, https:\/\/exaudi.org\/wp-content\/uploads\/2021\/09\/DSC_8444-1024x681.jpg 1024w, https:\/\/exaudi.org\/wp-content\/uploads\/2021\/09\/DSC_8444-768x511.jpg 768w, https:\/\/exaudi.org\/wp-content\/uploads\/2021\/09\/DSC_8444-1536x1021.jpg 1536w, https:\/\/exaudi.org\/wp-content\/uploads\/2021\/09\/DSC_8444-2048x1362.jpg 2048w, https:\/\/exaudi.org\/wp-content\/uploads\/2021\/09\/DSC_8444-150x100.jpg 150w, https:\/\/exaudi.org\/wp-content\/uploads\/2021\/09\/DSC_8444-696x463.jpg 696w, https:\/\/exaudi.org\/wp-content\/uploads\/2021\/09\/DSC_8444-1068x710.jpg 1068w, https:\/\/exaudi.org\/wp-content\/uploads\/2021\/09\/DSC_8444-1920x1277.jpg 1920w, https:\/\/exaudi.org\/wp-content\/uploads\/2021\/09\/DSC_8444-632x420.jpg 632w\" sizes=\"auto, (max-width: 300px) 100vw, 300px\" \/><\/p>\n<p>&#8211; Ante los desaf\u00edos del cambio de \u00e9poca y el continuo dinamismo de este tiempo, los obispos proponen una din\u00e1mica de salida misionera que brota de la alegr\u00eda de la misericordia.<\/p>\n<p>&#8211; Se ha dado un gran cambio social que ha generado una sociedad desvinculada, desordenada e insegura en la que crece la desconfianza y el enfrentamiento.<\/p>\n<p>&#8211; En este contexto tan transformado, es necesario seguir afirmando que la vivencia religiosa, la fe en Dios, aporta claridad y firmeza a las valoraciones \u00e9ticas.<\/p>\n<p>&#8211; Esta situaci\u00f3n es un momento hist\u00f3rico de fuerte llamada a la renovaci\u00f3n para la humanidad y para la Iglesia.<\/p>\n<p>&#8211; La misi\u00f3n evangelizadora de la Iglesia en Espa\u00f1a se encuentra con dos tipos de dificultades: unas vienen de fuera de la cultura ambiental; otras vienen de dentro, de la secularizaci\u00f3n interna, la falta de comuni\u00f3n o de audacia misionera.<\/p>\n<p>&#8211; Es motivo de esperanza el testimonio de muchos laicos part\u00edcipes activos en la misi\u00f3n de la Iglesia asumiendo funciones y responsabilidades.<\/p>\n<p>&#8211; Esto nos pide salir al encuentro para la escucha y el di\u00e1logo y tambi\u00e9n acoger y generar \u00e1mbitos donde escuchar \u201ca los de fuera\u201d y trabajar conjuntamente \u201ccon los de dentro\u201d.<\/p>\n<p>&#8211; Hemos de hacer este anuncio con audacia y esperanza. Dios nos sale al encuentro, la fe en Dios es razonable y el coraz\u00f3n humano est\u00e1 inquieto y con sed.<\/p>\n<p>El documento comienza con\u00a0una reflexi\u00f3n sobre el modo de realizar el mandato del Se\u00f1or, \u201cid y anunciad el Evangelio\u201d, en la actual sociedad espa\u00f1ola, a la luz del impulso dado por el Papa Francisco para, en modo sinodal, descubrir el paso y la voluntad de Dios para este tiempo. Se trata de ofrecer, desde la colegialidad y el discernimiento de la Conferencia Episcopal, a las di\u00f3cesis espa\u00f1olas y a sus obispos\u00a0algunas claves del actual contexto, social y eclesial, criterios, prioridades y l\u00edneas de trabajo\u00a0para impulsar la conversi\u00f3n pastoral, personal e institucional que el papa pide.<\/p>\n<p>Ante los desaf\u00edos del cambio de \u00e9poca y el continuo dinamismo de este tiempo, los obispos proponen una din\u00e1mica de salida misionera que brota de la alegr\u00eda de la misericordia y exige conversi\u00f3n pastoral y que debe ser, para este tiempo, el paradigma de toda la obra de la Iglesia.<\/p>\n<p>La Iglesia vive en permanente fidelidad a un doble mandato, \u201cid y anunciad el Evangelio\u201d y \u201chaced esto en conmemoraci\u00f3n\u201d. Este mandato que, gracias a la eucarist\u00eda acontece hoy, ha de ser vivido en la novedad de cada momento hist\u00f3rico. Este coloquio entre <em>fidelidad y novedad<\/em>\u00a0marca la vida de la Iglesia, es causa de muchas de sus tensiones internas, entre quienes ponen el acento en uno u otro polo de este di\u00e1logo inevitable, y la sit\u00faa en permanente discernimiento para ser fiel al acontecimiento fundante y eterno en la novedad de cada tiempo. Pide\u00a0<em>discernimiento permanente<\/em>\u00a0de la voluntad de Dios en la vida y en la historia en cada momento.<\/p>\n<p>La llamada permanente a evangelizar y a la salida misionera se transforme en una pregunta, \u201c\u00bfc\u00f3mo evangelizar en la actual sociedad espa\u00f1ola?\u201d,\u00a0que hemos de responder invocando al Esp\u00edritu Santopara impulsar un gran discernimiento eclesial que nos ayude a descubrir la voluntad del Se\u00f1or.<\/p>\n<h4><strong>El momento presente<\/strong><\/h4>\n<p><img loading=\"lazy\" decoding=\"async\" class=\"alignright size-medium wp-image-32521\" src=\"https:\/\/exaudi.wpengine.com\/wp-content\/uploads\/2021\/09\/DSC_8456-300x199.jpg\" alt=\"\" width=\"300\" height=\"199\" srcset=\"https:\/\/exaudi.org\/wp-content\/uploads\/2021\/09\/DSC_8456-300x199.jpg 300w, https:\/\/exaudi.org\/wp-content\/uploads\/2021\/09\/DSC_8456-1024x681.jpg 1024w, https:\/\/exaudi.org\/wp-content\/uploads\/2021\/09\/DSC_8456-768x511.jpg 768w, https:\/\/exaudi.org\/wp-content\/uploads\/2021\/09\/DSC_8456-1536x1021.jpg 1536w, https:\/\/exaudi.org\/wp-content\/uploads\/2021\/09\/DSC_8456-2048x1362.jpg 2048w, https:\/\/exaudi.org\/wp-content\/uploads\/2021\/09\/DSC_8456-150x100.jpg 150w, https:\/\/exaudi.org\/wp-content\/uploads\/2021\/09\/DSC_8456-696x463.jpg 696w, https:\/\/exaudi.org\/wp-content\/uploads\/2021\/09\/DSC_8456-1068x710.jpg 1068w, https:\/\/exaudi.org\/wp-content\/uploads\/2021\/09\/DSC_8456-1920x1277.jpg 1920w, https:\/\/exaudi.org\/wp-content\/uploads\/2021\/09\/DSC_8456-632x420.jpg 632w\" sizes=\"auto, (max-width: 300px) 100vw, 300px\" \/><\/p>\n<p>El contexto actual muestra un gran cambio social que ha generado una sociedad desvinculada, desordenada e insegura en la que crece la desconfianza y el enfrentamiento. En este momento, las transformaciones tecnol\u00f3gicas, econ\u00f3micas y culturales que afectan a la existencia de las personas dan un salto adelante con la pretensi\u00f3n de una transformaci\u00f3n antropol\u00f3gica que encaje con el sistema econ\u00f3mico dominante. Se propone para ello un estilo de vida y de organizaci\u00f3n de la convivencia que hagan posible esa transformaci\u00f3n.<\/p>\n<p>La cultura relativista dominante abre el camino para un capitalismo moralista que no solo regula la producci\u00f3n y el consumo, sino que impone valores y estilos de vida. Los datos entregados por los usuarios digitales dan acceso a los deseos y pensamientos de la poblaci\u00f3n y a partir de ello, se ofrece una \u201cvoluntad artificial\u201d capaz de \u201chacer querer\u201d y \u201chacer decidir\u201d a los usuarios.<\/p>\n<p>El mismo relativismo disuelve los valores absolutos e impide los juicios universales, todo est\u00e1 en funci\u00f3n de la percepci\u00f3n subjetiva y de los intereses de los grupos de poder. En este contexto, los compromisos estables y la vivencia de la fe se hacen dif\u00edciles. La vida queda desarraigada de la verdad y el bien objetivos y pasa a depender del consenso social y, en \u00faltima instancia, de quienes pueden imponer su voluntad. Los m\u00e1s d\u00e9biles y los pobres quedan excluidos. La comunidad digital no llega a constituir un nosotros, un pueblo, sino que es una suma de individualidades aisladas.<\/p>\n<p>En el origen de este proceso transformador est\u00e1 un empobrecimiento espiritual y una p\u00e9rdida de sentido que lleva a vivir en un nihilismo sin drama. El olvido de Dios, la indiferencia religiosa, la despreocupaci\u00f3n por las cuestiones fundamentales sobre el origen y destino trascendente del ser<br \/>\nhumano, determinan el comportamiento moral y social de las personas. Incluso quienes se sienten creyentes viven y organizan su existencia \u201ccomo si Dios no existiera\u201d.<\/p>\n<p>Dos lugares donde el empobrecimiento espiritual tiene especial arraigo son la familia y la sociedad. La secularizaci\u00f3n ha influido notablemente en el deterioro de la familia llamada tradicional, y este deterioro ha impulsado el declive religioso, pues se quiebra la instituci\u00f3n b\u00e1sica en la transmisi\u00f3n de la fe y en la configuraci\u00f3n de la persona. Si en la familia se recibe la vida y se inician las experiencias elementales de la vida humana (amar y ser amado, hacer y colaborar, el descanso, la fiesta y el duelo), con el debilitamiento del v\u00ednculo familiar se provoca la p\u00e9rdida de v\u00ednculos sociales: el elogio de la autonom\u00eda individual y la permanente reclamaci\u00f3n del derecho a tener derechos entroniza al individuo y hace sospechoso cualquier v\u00ednculo.<\/p>\n<p><img loading=\"lazy\" decoding=\"async\" class=\"alignleft size-medium wp-image-32524\" src=\"https:\/\/exaudi.wpengine.com\/wp-content\/uploads\/2021\/09\/DSC_8493-300x199.jpg\" alt=\"Espa\u00f1a Omella Orientaciones pastorales CEE\" width=\"300\" height=\"199\" srcset=\"https:\/\/exaudi.org\/wp-content\/uploads\/2021\/09\/DSC_8493-300x199.jpg 300w, https:\/\/exaudi.org\/wp-content\/uploads\/2021\/09\/DSC_8493-1024x681.jpg 1024w, https:\/\/exaudi.org\/wp-content\/uploads\/2021\/09\/DSC_8493-768x511.jpg 768w, https:\/\/exaudi.org\/wp-content\/uploads\/2021\/09\/DSC_8493-1536x1021.jpg 1536w, https:\/\/exaudi.org\/wp-content\/uploads\/2021\/09\/DSC_8493-2048x1362.jpg 2048w, https:\/\/exaudi.org\/wp-content\/uploads\/2021\/09\/DSC_8493-150x100.jpg 150w, https:\/\/exaudi.org\/wp-content\/uploads\/2021\/09\/DSC_8493-696x463.jpg 696w, https:\/\/exaudi.org\/wp-content\/uploads\/2021\/09\/DSC_8493-1068x710.jpg 1068w, https:\/\/exaudi.org\/wp-content\/uploads\/2021\/09\/DSC_8493-1920x1277.jpg 1920w, https:\/\/exaudi.org\/wp-content\/uploads\/2021\/09\/DSC_8493-632x420.jpg 632w\" sizes=\"auto, (max-width: 300px) 100vw, 300px\" \/><\/p>\n<p>En este contexto tan transformado, es necesario seguir afirmando que:<\/p>\n<p>&#8211; La vivencia religiosa, la fe en Dios, aporta claridad y firmeza a las valoraciones \u00e9ticas.<\/p>\n<p>&#8211; La vida humana se enriquece con el conocimiento y aceptaci\u00f3n de Dios, que es Amor<br \/>\ny nos mueve a amar a todas las personas.<\/p>\n<p>&#8211; La experiencia de ser amados por Dios Padre nos conduce a la caridad fraterna<\/p>\n<p>&#8211; Al mismo tiempo, el amor fraterno nos acerca a Dios.<\/p>\n<p>&#8211; El matrimonio cristiano, un s\u00ed para siempre abierto a la vida, como fruto del amor, es la promesa cumplida de la necesidad y del deseo que todos tenemos de amar y de ser amados<\/p>\n<h4><strong>El contexto social y eclesial<\/strong><\/h4>\n<p>La pandemia ha puesto de manifiesto muchos problemas ya existentes personas sin hogar, ancianos solos y residencias con carencias, temporeros e inmigrantes en condiciones inhumanas, formas de vida y diversi\u00f3n. Tambi\u00e9n la crisis de la democracia representativa y los l\u00edmites del Estado auton\u00f3mico; populismos identitarios que tienden a exacerbarse. A la vista de todo ello, los obispos se\u00f1alan que esta situaci\u00f3n como un momento hist\u00f3rico de fuerte llamada a la renovaci\u00f3n<br \/>\npara la humanidad y para la Iglesia.<\/p>\n<p>Para salir al paso de esta situaci\u00f3n es preciso el concurso de todos. La sinodalidad y el discernimiento deben ser los ejes espirituales y metodol\u00f3gicos del proceso que permita afrontar los retos se\u00f1alados. La sinodalidad es caminar juntos, invocar al Esp\u00edritu, escuchar y acompa\u00f1ar. El discernimiento sinodal es la clave de fondo que sugiere las acciones que realizar, en la doble escucha del Se\u00f1or y de los deseos las personas de este tiempo, a los que se sale al paso en salida misionera.<\/p>\n<p><img loading=\"lazy\" decoding=\"async\" class=\"alignright size-medium wp-image-32527\" src=\"https:\/\/exaudi.wpengine.com\/wp-content\/uploads\/2021\/09\/DSC_8512-300x199.jpg\" alt=\"Espa\u00f1a Omella Orientaciones pastorales CEE\" width=\"300\" height=\"199\" srcset=\"https:\/\/exaudi.org\/wp-content\/uploads\/2021\/09\/DSC_8512-300x199.jpg 300w, https:\/\/exaudi.org\/wp-content\/uploads\/2021\/09\/DSC_8512-1024x681.jpg 1024w, https:\/\/exaudi.org\/wp-content\/uploads\/2021\/09\/DSC_8512-768x511.jpg 768w, https:\/\/exaudi.org\/wp-content\/uploads\/2021\/09\/DSC_8512-1536x1021.jpg 1536w, https:\/\/exaudi.org\/wp-content\/uploads\/2021\/09\/DSC_8512-2048x1362.jpg 2048w, https:\/\/exaudi.org\/wp-content\/uploads\/2021\/09\/DSC_8512-150x100.jpg 150w, https:\/\/exaudi.org\/wp-content\/uploads\/2021\/09\/DSC_8512-696x463.jpg 696w, https:\/\/exaudi.org\/wp-content\/uploads\/2021\/09\/DSC_8512-1068x710.jpg 1068w, https:\/\/exaudi.org\/wp-content\/uploads\/2021\/09\/DSC_8512-1920x1277.jpg 1920w, https:\/\/exaudi.org\/wp-content\/uploads\/2021\/09\/DSC_8512-632x420.jpg 632w\" sizes=\"auto, (max-width: 300px) 100vw, 300px\" \/><\/p>\n<p>La sinodalidad no es un tema para reflexionar, sino un modo de ser y de trabajar en la Iglesia, que nos lleva a vivir una aut\u00e9ntica comuni\u00f3n y corresponsabilidad entre pastores, consagrados y laicos. La Iglesia, Pueblo de Dios, est\u00e1 llamada a vivir la comuni\u00f3n, desde la vocaci\u00f3n y para la misi\u00f3n.<\/p>\n<p>Al mismo tiempo, es preciso acoger el desaf\u00edo misionero como llamada a dar testimonio: conversi\u00f3n pastoral para una salida misionera<\/p>\n<h4><strong>Plan de acci\u00f3n<\/strong><\/h4>\n<p>La mirada sobre el contexto cultural y social y la visi\u00f3n que nos ofrece la Palabra de Dios y el Magisterio de la Iglesia nos sit\u00faan como Iglesia que, a pesar de su peque\u00f1ez y miseria, se reconoce enviada por el Se\u00f1or a anunciar la Buena Nueva a nuestros contempor\u00e1neos. Somos los testigos de Jesucristo en la sociedad espa\u00f1ola del siglo xx.<\/p>\n","protected":false},"excerpt":{"rendered":"<p>Encuentro al comienzo de curso<\/p>\n","protected":false},"author":15,"featured_media":32515,"comment_status":"closed","ping_status":"closed","sticky":false,"template":"","format":"standard","meta":{"_acf_changed":false,"_crdt_document":"","inline_featured_image":false,"footnotes":""},"categories":[86,298],"tags":[931,370,2377],"class_list":["post-32514","post","type-post","status-publish","format-standard","has-post-thumbnail","hentry","category-iglesia-local","category-ultimas-noticias","tag-cardenal-juan-jose-omella","tag-conferencia-episcopal-espanola-cee","tag-orientaciones-pastorales"],"acf":[],"yoast_head":"<!-- This site is optimized with the Yoast SEO plugin v27.5 - https:\/\/yoast.com\/product\/yoast-seo-wordpress\/ -->\n<title>Espa\u00f1a: Cardenal Omella presenta Orientaciones pastorales de la CEE<\/title>\n<meta name=\"description\" content=\"El presidente de la CEE Omella present\u00f3 las Orientaciones Pastorales del Episcopado de Espa\u00f1a en un encuentro al comienzo de curso.\" \/>\n<meta name=\"robots\" content=\"index, follow, max-snippet:-1, max-image-preview:large, max-video-preview:-1\" \/>\n<link rel=\"canonical\" href=\"https:\/\/exaudi.org\/es\/espana-omella-orientaciones-pastorales-cee\/\" \/>\n<meta property=\"og:locale\" content=\"es_ES\" \/>\n<meta property=\"og:type\" content=\"article\" \/>\n<meta property=\"og:title\" content=\"Espa\u00f1a: Cardenal Omella presenta Orientaciones pastorales de la CEE\" \/>\n<meta property=\"og:description\" content=\"El presidente de la CEE Omella present\u00f3 las Orientaciones Pastorales del Episcopado de Espa\u00f1a en un encuentro al comienzo de curso.\" \/>\n<meta property=\"og:url\" content=\"https:\/\/exaudi.org\/es\/espana-omella-orientaciones-pastorales-cee\/\" \/>\n<meta property=\"og:site_name\" content=\"Exaudi\" \/>\n<meta property=\"article:publisher\" content=\"https:\/\/www.facebook.com\/ExaudiNews\" \/>\n<meta property=\"article:author\" content=\"https:\/\/www.facebook.com\/ExaudiNoticias\/\" \/>\n<meta property=\"article:published_time\" content=\"2021-09-10T07:07:48+00:00\" \/>\n<meta property=\"article:modified_time\" content=\"2021-09-10T14:42:47+00:00\" \/>\n<meta property=\"og:image\" content=\"https:\/\/exaudi.org\/wp-content\/uploads\/2021\/09\/2c3c423.jpg\" \/>\n\t<meta property=\"og:image:width\" content=\"2410\" \/>\n\t<meta property=\"og:image:height\" content=\"1402\" \/>\n\t<meta property=\"og:image:type\" content=\"image\/jpeg\" \/>\n<meta name=\"author\" content=\"Exaudi Redacci\u00f3n\" \/>\n<meta name=\"twitter:card\" content=\"summary_large_image\" \/>\n<meta name=\"twitter:creator\" content=\"@Exaudi_noticias\" \/>\n<meta name=\"twitter:site\" content=\"@Exaudi_News\" \/>\n<meta name=\"twitter:label1\" content=\"Escrito por\" \/>\n\t<meta name=\"twitter:data1\" content=\"Exaudi Redacci\u00f3n\" \/>\n\t<meta name=\"twitter:label2\" content=\"Tiempo de lectura\" \/>\n\t<meta name=\"twitter:data2\" content=\"8 minutos\" \/>\n<script type=\"application\/ld+json\" class=\"yoast-schema-graph\">{\"@context\":\"https:\\\/\\\/schema.org\",\"@graph\":[{\"@type\":\"Article\",\"@id\":\"https:\\\/\\\/exaudi.org\\\/es\\\/espana-omella-orientaciones-pastorales-cee\\\/#article\",\"isPartOf\":{\"@id\":\"https:\\\/\\\/exaudi.org\\\/es\\\/espana-omella-orientaciones-pastorales-cee\\\/\"},\"author\":{\"name\":\"Exaudi Redacci\u00f3n\",\"@id\":\"https:\\\/\\\/exaudi.org\\\/#\\\/schema\\\/person\\\/f5fc8f063065e38742da7afe15f25df7\"},\"headline\":\"Espa\u00f1a: Cardenal Omella presenta Orientaciones pastorales de la CEE\",\"datePublished\":\"2021-09-10T07:07:48+00:00\",\"dateModified\":\"2021-09-10T14:42:47+00:00\",\"mainEntityOfPage\":{\"@id\":\"https:\\\/\\\/exaudi.org\\\/es\\\/espana-omella-orientaciones-pastorales-cee\\\/\"},\"wordCount\":1629,\"image\":{\"@id\":\"https:\\\/\\\/exaudi.org\\\/es\\\/espana-omella-orientaciones-pastorales-cee\\\/#primaryimage\"},\"thumbnailUrl\":\"https:\\\/\\\/exaudi.org\\\/wp-content\\\/uploads\\\/2021\\\/09\\\/2c3c423.jpg\",\"keywords\":[\"Cardenal Juan Jos\u00e9 Omella\",\"Conferencia Episcopal Espa\u00f1ola (CEE)\",\"Orientaciones pastorales\"],\"articleSection\":[\"Iglesia Local\",\"\u00daltimas noticias\"],\"inLanguage\":\"es\"},{\"@type\":\"WebPage\",\"@id\":\"https:\\\/\\\/exaudi.org\\\/es\\\/espana-omella-orientaciones-pastorales-cee\\\/\",\"url\":\"https:\\\/\\\/exaudi.org\\\/es\\\/espana-omella-orientaciones-pastorales-cee\\\/\",\"name\":\"Espa\u00f1a: Cardenal Omella presenta Orientaciones pastorales de la CEE\",\"isPartOf\":{\"@id\":\"https:\\\/\\\/exaudi.org\\\/#website\"},\"primaryImageOfPage\":{\"@id\":\"https:\\\/\\\/exaudi.org\\\/es\\\/espana-omella-orientaciones-pastorales-cee\\\/#primaryimage\"},\"image\":{\"@id\":\"https:\\\/\\\/exaudi.org\\\/es\\\/espana-omella-orientaciones-pastorales-cee\\\/#primaryimage\"},\"thumbnailUrl\":\"https:\\\/\\\/exaudi.org\\\/wp-content\\\/uploads\\\/2021\\\/09\\\/2c3c423.jpg\",\"datePublished\":\"2021-09-10T07:07:48+00:00\",\"dateModified\":\"2021-09-10T14:42:47+00:00\",\"author\":{\"@id\":\"https:\\\/\\\/exaudi.org\\\/#\\\/schema\\\/person\\\/f5fc8f063065e38742da7afe15f25df7\"},\"description\":\"El presidente de la CEE Omella present\u00f3 las Orientaciones Pastorales del Episcopado de Espa\u00f1a en un encuentro al comienzo de curso.\",\"breadcrumb\":{\"@id\":\"https:\\\/\\\/exaudi.org\\\/es\\\/espana-omella-orientaciones-pastorales-cee\\\/#breadcrumb\"},\"inLanguage\":\"es\",\"potentialAction\":[{\"@type\":\"ReadAction\",\"target\":[\"https:\\\/\\\/exaudi.org\\\/es\\\/espana-omella-orientaciones-pastorales-cee\\\/\"]}]},{\"@type\":\"ImageObject\",\"inLanguage\":\"es\",\"@id\":\"https:\\\/\\\/exaudi.org\\\/es\\\/espana-omella-orientaciones-pastorales-cee\\\/#primaryimage\",\"url\":\"https:\\\/\\\/exaudi.org\\\/wp-content\\\/uploads\\\/2021\\\/09\\\/2c3c423.jpg\",\"contentUrl\":\"https:\\\/\\\/exaudi.org\\\/wp-content\\\/uploads\\\/2021\\\/09\\\/2c3c423.jpg\",\"width\":2410,\"height\":1402,\"caption\":\"Cardenal Omella presentando las Orientaciones pastorales \u00a9 CEE\"},{\"@type\":\"BreadcrumbList\",\"@id\":\"https:\\\/\\\/exaudi.org\\\/es\\\/espana-omella-orientaciones-pastorales-cee\\\/#breadcrumb\",\"itemListElement\":[{\"@type\":\"ListItem\",\"position\":1,\"name\":\"Portada\",\"item\":\"https:\\\/\\\/exaudi.org\\\/es\\\/\"},{\"@type\":\"ListItem\",\"position\":2,\"name\":\"Espa\u00f1a: Cardenal Omella presenta Orientaciones pastorales de la CEE\"}]},{\"@type\":\"WebSite\",\"@id\":\"https:\\\/\\\/exaudi.org\\\/#website\",\"url\":\"https:\\\/\\\/exaudi.org\\\/\",\"name\":\"Exaudi\",\"description\":\"News\",\"potentialAction\":[{\"@type\":\"SearchAction\",\"target\":{\"@type\":\"EntryPoint\",\"urlTemplate\":\"https:\\\/\\\/exaudi.org\\\/?s={search_term_string}\"},\"query-input\":{\"@type\":\"PropertyValueSpecification\",\"valueRequired\":true,\"valueName\":\"search_term_string\"}}],\"inLanguage\":\"es\"},{\"@type\":\"Person\",\"@id\":\"https:\\\/\\\/exaudi.org\\\/#\\\/schema\\\/person\\\/f5fc8f063065e38742da7afe15f25df7\",\"name\":\"Exaudi Redacci\u00f3n\",\"image\":{\"@type\":\"ImageObject\",\"inLanguage\":\"es\",\"@id\":\"https:\\\/\\\/secure.gravatar.com\\\/avatar\\\/fe0f6a059fb68d9b3e11bc5850dd4899b1c7492091a3cb6dd9b01b56ad828be2?s=96&d=mm&r=g\",\"url\":\"https:\\\/\\\/secure.gravatar.com\\\/avatar\\\/fe0f6a059fb68d9b3e11bc5850dd4899b1c7492091a3cb6dd9b01b56ad828be2?s=96&d=mm&r=g\",\"contentUrl\":\"https:\\\/\\\/secure.gravatar.com\\\/avatar\\\/fe0f6a059fb68d9b3e11bc5850dd4899b1c7492091a3cb6dd9b01b56ad828be2?s=96&d=mm&r=g\",\"caption\":\"Exaudi Redacci\u00f3n\"},\"description\":\"\u00bfQu\u00e9 es Exaudi News? Exaudi News es un medio de comunicaci\u00f3n cat\u00f3lico internacional que informa, forma y transforma, diariamente en espa\u00f1ol, ingl\u00e9s e italiano. A trav\u00e9s de noticias, art\u00edculos de an\u00e1lisis y transmisiones en directo de los eventos del Papa, Exaudi busca fortalecer la unidad de los cristianos y contribuir a la evangelizaci\u00f3n del mundo, siempre guiados por la doctrina social de la Iglesia. Trabajamos para acercar la verdad y los valores cristianos a cada rinc\u00f3n del planeta. \u00a1Ay\u00fadanos a transformar el mundo con Exaudi! En Exaudi creemos que la evangelizaci\u00f3n y la informaci\u00f3n de calidad pueden cambiar vidas. Para continuar con nuestra misi\u00f3n y expandir nuestro alcance, necesitamos tu ayuda. Adem\u00e1s, buscamos personas comprometidas que deseen unirse a nuestro equipo. Con tu apoyo, lograremos llegar a m\u00e1s personas, difundir el mensaje de Cristo y reforzar la unidad de los cristianos. \u00bfTe unes a nuestra misi\u00f3n? Para m\u00e1s informaci\u00f3n sobre c\u00f3mo colaborar, visita Exaudi.org\\\/es o cont\u00e1ctanos directamente: info@exaudi.org Exaudi: Informa, forma y transforma.\",\"sameAs\":[\"https:\\\/\\\/www.facebook.com\\\/ExaudiNoticias\\\/\",\"https:\\\/\\\/www.instagram.com\\\/exaudi_noticias\\\/\",\"https:\\\/\\\/x.com\\\/Exaudi_noticias\",\"https:\\\/\\\/www.youtube.com\\\/@exaudicatholicnews\"],\"url\":\"https:\\\/\\\/exaudi.org\\\/es\\\/author\\\/redaccionexaudi\\\/\"}]}<\/script>\n<!-- \/ Yoast SEO plugin. -->","yoast_head_json":{"title":"Espa\u00f1a: Cardenal Omella presenta Orientaciones pastorales de la CEE","description":"El presidente de la CEE Omella present\u00f3 las Orientaciones Pastorales del Episcopado de Espa\u00f1a en un encuentro al comienzo de curso.","robots":{"index":"index","follow":"follow","max-snippet":"max-snippet:-1","max-image-preview":"max-image-preview:large","max-video-preview":"max-video-preview:-1"},"canonical":"https:\/\/exaudi.org\/es\/espana-omella-orientaciones-pastorales-cee\/","og_locale":"es_ES","og_type":"article","og_title":"Espa\u00f1a: Cardenal Omella presenta Orientaciones pastorales de la CEE","og_description":"El presidente de la CEE Omella present\u00f3 las Orientaciones Pastorales del Episcopado de Espa\u00f1a en un encuentro al comienzo de curso.","og_url":"https:\/\/exaudi.org\/es\/espana-omella-orientaciones-pastorales-cee\/","og_site_name":"Exaudi","article_publisher":"https:\/\/www.facebook.com\/ExaudiNews","article_author":"https:\/\/www.facebook.com\/ExaudiNoticias\/","article_published_time":"2021-09-10T07:07:48+00:00","article_modified_time":"2021-09-10T14:42:47+00:00","og_image":[{"width":2410,"height":1402,"url":"https:\/\/exaudi.org\/wp-content\/uploads\/2021\/09\/2c3c423.jpg","type":"image\/jpeg"}],"author":"Exaudi Redacci\u00f3n","twitter_card":"summary_large_image","twitter_creator":"@Exaudi_noticias","twitter_site":"@Exaudi_News","twitter_misc":{"Escrito por":"Exaudi Redacci\u00f3n","Tiempo de lectura":"8 minutos"},"schema":{"@context":"https:\/\/schema.org","@graph":[{"@type":"Article","@id":"https:\/\/exaudi.org\/es\/espana-omella-orientaciones-pastorales-cee\/#article","isPartOf":{"@id":"https:\/\/exaudi.org\/es\/espana-omella-orientaciones-pastorales-cee\/"},"author":{"name":"Exaudi Redacci\u00f3n","@id":"https:\/\/exaudi.org\/#\/schema\/person\/f5fc8f063065e38742da7afe15f25df7"},"headline":"Espa\u00f1a: Cardenal Omella presenta Orientaciones pastorales de la CEE","datePublished":"2021-09-10T07:07:48+00:00","dateModified":"2021-09-10T14:42:47+00:00","mainEntityOfPage":{"@id":"https:\/\/exaudi.org\/es\/espana-omella-orientaciones-pastorales-cee\/"},"wordCount":1629,"image":{"@id":"https:\/\/exaudi.org\/es\/espana-omella-orientaciones-pastorales-cee\/#primaryimage"},"thumbnailUrl":"https:\/\/exaudi.org\/wp-content\/uploads\/2021\/09\/2c3c423.jpg","keywords":["Cardenal Juan Jos\u00e9 Omella","Conferencia Episcopal Espa\u00f1ola (CEE)","Orientaciones pastorales"],"articleSection":["Iglesia Local","\u00daltimas noticias"],"inLanguage":"es"},{"@type":"WebPage","@id":"https:\/\/exaudi.org\/es\/espana-omella-orientaciones-pastorales-cee\/","url":"https:\/\/exaudi.org\/es\/espana-omella-orientaciones-pastorales-cee\/","name":"Espa\u00f1a: Cardenal Omella presenta Orientaciones pastorales de la CEE","isPartOf":{"@id":"https:\/\/exaudi.org\/#website"},"primaryImageOfPage":{"@id":"https:\/\/exaudi.org\/es\/espana-omella-orientaciones-pastorales-cee\/#primaryimage"},"image":{"@id":"https:\/\/exaudi.org\/es\/espana-omella-orientaciones-pastorales-cee\/#primaryimage"},"thumbnailUrl":"https:\/\/exaudi.org\/wp-content\/uploads\/2021\/09\/2c3c423.jpg","datePublished":"2021-09-10T07:07:48+00:00","dateModified":"2021-09-10T14:42:47+00:00","author":{"@id":"https:\/\/exaudi.org\/#\/schema\/person\/f5fc8f063065e38742da7afe15f25df7"},"description":"El presidente de la CEE Omella present\u00f3 las Orientaciones Pastorales del Episcopado de Espa\u00f1a en un encuentro al comienzo de curso.","breadcrumb":{"@id":"https:\/\/exaudi.org\/es\/espana-omella-orientaciones-pastorales-cee\/#breadcrumb"},"inLanguage":"es","potentialAction":[{"@type":"ReadAction","target":["https:\/\/exaudi.org\/es\/espana-omella-orientaciones-pastorales-cee\/"]}]},{"@type":"ImageObject","inLanguage":"es","@id":"https:\/\/exaudi.org\/es\/espana-omella-orientaciones-pastorales-cee\/#primaryimage","url":"https:\/\/exaudi.org\/wp-content\/uploads\/2021\/09\/2c3c423.jpg","contentUrl":"https:\/\/exaudi.org\/wp-content\/uploads\/2021\/09\/2c3c423.jpg","width":2410,"height":1402,"caption":"Cardenal Omella presentando las Orientaciones pastorales \u00a9 CEE"},{"@type":"BreadcrumbList","@id":"https:\/\/exaudi.org\/es\/espana-omella-orientaciones-pastorales-cee\/#breadcrumb","itemListElement":[{"@type":"ListItem","position":1,"name":"Portada","item":"https:\/\/exaudi.org\/es\/"},{"@type":"ListItem","position":2,"name":"Espa\u00f1a: Cardenal Omella presenta Orientaciones pastorales de la CEE"}]},{"@type":"WebSite","@id":"https:\/\/exaudi.org\/#website","url":"https:\/\/exaudi.org\/","name":"Exaudi","description":"News","potentialAction":[{"@type":"SearchAction","target":{"@type":"EntryPoint","urlTemplate":"https:\/\/exaudi.org\/?s={search_term_string}"},"query-input":{"@type":"PropertyValueSpecification","valueRequired":true,"valueName":"search_term_string"}}],"inLanguage":"es"},{"@type":"Person","@id":"https:\/\/exaudi.org\/#\/schema\/person\/f5fc8f063065e38742da7afe15f25df7","name":"Exaudi Redacci\u00f3n","image":{"@type":"ImageObject","inLanguage":"es","@id":"https:\/\/secure.gravatar.com\/avatar\/fe0f6a059fb68d9b3e11bc5850dd4899b1c7492091a3cb6dd9b01b56ad828be2?s=96&d=mm&r=g","url":"https:\/\/secure.gravatar.com\/avatar\/fe0f6a059fb68d9b3e11bc5850dd4899b1c7492091a3cb6dd9b01b56ad828be2?s=96&d=mm&r=g","contentUrl":"https:\/\/secure.gravatar.com\/avatar\/fe0f6a059fb68d9b3e11bc5850dd4899b1c7492091a3cb6dd9b01b56ad828be2?s=96&d=mm&r=g","caption":"Exaudi Redacci\u00f3n"},"description":"\u00bfQu\u00e9 es Exaudi News? Exaudi News es un medio de comunicaci\u00f3n cat\u00f3lico internacional que informa, forma y transforma, diariamente en espa\u00f1ol, ingl\u00e9s e italiano. A trav\u00e9s de noticias, art\u00edculos de an\u00e1lisis y transmisiones en directo de los eventos del Papa, Exaudi busca fortalecer la unidad de los cristianos y contribuir a la evangelizaci\u00f3n del mundo, siempre guiados por la doctrina social de la Iglesia. Trabajamos para acercar la verdad y los valores cristianos a cada rinc\u00f3n del planeta. \u00a1Ay\u00fadanos a transformar el mundo con Exaudi! En Exaudi creemos que la evangelizaci\u00f3n y la informaci\u00f3n de calidad pueden cambiar vidas. Para continuar con nuestra misi\u00f3n y expandir nuestro alcance, necesitamos tu ayuda. Adem\u00e1s, buscamos personas comprometidas que deseen unirse a nuestro equipo. Con tu apoyo, lograremos llegar a m\u00e1s personas, difundir el mensaje de Cristo y reforzar la unidad de los cristianos. \u00bfTe unes a nuestra misi\u00f3n? Para m\u00e1s informaci\u00f3n sobre c\u00f3mo colaborar, visita Exaudi.org\/es o cont\u00e1ctanos directamente: info@exaudi.org Exaudi: Informa, forma y transforma.","sameAs":["https:\/\/www.facebook.com\/ExaudiNoticias\/","https:\/\/www.instagram.com\/exaudi_noticias\/","https:\/\/x.com\/Exaudi_noticias","https:\/\/www.youtube.com\/@exaudicatholicnews"],"url":"https:\/\/exaudi.org\/es\/author\/redaccionexaudi\/"}]}},"jetpack_featured_media_url":"https:\/\/exaudi.org\/wp-content\/uploads\/2021\/09\/2c3c423.jpg","jetpack_shortlink":"https:\/\/wp.me\/pgKjF2-8sq","_links":{"self":[{"href":"https:\/\/exaudi.org\/es\/wp-json\/wp\/v2\/posts\/32514","targetHints":{"allow":["GET"]}}],"collection":[{"href":"https:\/\/exaudi.org\/es\/wp-json\/wp\/v2\/posts"}],"about":[{"href":"https:\/\/exaudi.org\/es\/wp-json\/wp\/v2\/types\/post"}],"author":[{"embeddable":true,"href":"https:\/\/exaudi.org\/es\/wp-json\/wp\/v2\/users\/15"}],"replies":[{"embeddable":true,"href":"https:\/\/exaudi.org\/es\/wp-json\/wp\/v2\/comments?post=32514"}],"version-history":[{"count":0,"href":"https:\/\/exaudi.org\/es\/wp-json\/wp\/v2\/posts\/32514\/revisions"}],"wp:featuredmedia":[{"embeddable":true,"href":"https:\/\/exaudi.org\/es\/wp-json\/wp\/v2\/media\/32515"}],"wp:attachment":[{"href":"https:\/\/exaudi.org\/es\/wp-json\/wp\/v2\/media?parent=32514"}],"wp:term":[{"taxonomy":"category","embeddable":true,"href":"https:\/\/exaudi.org\/es\/wp-json\/wp\/v2\/categories?post=32514"},{"taxonomy":"post_tag","embeddable":true,"href":"https:\/\/exaudi.org\/es\/wp-json\/wp\/v2\/tags?post=32514"}],"curies":[{"name":"wp","href":"https:\/\/api.w.org\/{rel}","templated":true}]}}