{"id":32384,"date":"2021-09-09T09:15:10","date_gmt":"2021-09-09T07:15:10","guid":{"rendered":"https:\/\/exaudi.wpengine.com\/?p=32384"},"modified":"2021-09-09T09:32:14","modified_gmt":"2021-09-09T07:32:14","slug":"a-la-manera-de-melquisedec","status":"publish","type":"post","link":"https:\/\/exaudi.org\/es\/a-la-manera-de-melquisedec\/","title":{"rendered":"\u201cA la manera de Melquisedec\u201d"},"content":{"rendered":"<p>\u00bfC\u00f3mo deber\u00eda ser la Iglesia que quiere Jes\u00fas? Muchos debaten desde importantes tratados teol\u00f3gicos. Han estudiado muchos a\u00f1os y tienen importantes t\u00edtulos.<\/p>\n<p><img loading=\"lazy\" decoding=\"async\" class=\"size-medium wp-image-32385 alignleft\" src=\"https:\/\/exaudi.wpengine.com\/wp-content\/uploads\/2021\/09\/A-la-manera-de-Melquisedec-300x205.jpeg\" alt=\"\" width=\"300\" height=\"205\" srcset=\"https:\/\/exaudi.org\/wp-content\/uploads\/2021\/09\/A-la-manera-de-Melquisedec-300x205.jpeg 300w, https:\/\/exaudi.org\/wp-content\/uploads\/2021\/09\/A-la-manera-de-Melquisedec-768x525.jpeg 768w, https:\/\/exaudi.org\/wp-content\/uploads\/2021\/09\/A-la-manera-de-Melquisedec-150x103.jpeg 150w, https:\/\/exaudi.org\/wp-content\/uploads\/2021\/09\/A-la-manera-de-Melquisedec-218x150.jpeg 218w, https:\/\/exaudi.org\/wp-content\/uploads\/2021\/09\/A-la-manera-de-Melquisedec-696x476.jpeg 696w, https:\/\/exaudi.org\/wp-content\/uploads\/2021\/09\/A-la-manera-de-Melquisedec-614x420.jpeg 614w, https:\/\/exaudi.org\/wp-content\/uploads\/2021\/09\/A-la-manera-de-Melquisedec.jpeg 1024w\" sizes=\"auto, (max-width: 300px) 100vw, 300px\" \/>Me impacta el pensamiento del Papa Francisco: \u201cLa Teolog\u00eda solo es fecunda si se hace con la mente abierta y de rodillas\u201d. Sin quitar a la Teolog\u00eda, a la raz\u00f3n, al intelecto, la profunda importancia objetiva que tienen, quisiera <a href=\"https:\/\/exaudi.wpengine.com\/es\/author\/enriquesoros\/\" target=\"_blank\" rel=\"noopener\">compartir<\/a> un poema escrito por el P. Pablo Savoia, p\u00e1rroco de la parroquia Nuestra Se\u00f1ora de la Merced, en Villa Ballester, Gran Buenos Aires, Argentina, que considero, junto a la foto, un profundo tratado de eclesiolog\u00eda vivida.<\/p>\n<p>Del <a href=\"https:\/\/www.facebook.com\/ppablosavoia\" target=\"_blank\" rel=\"noopener\">P. Pablo Savoia<\/a> al padre obispo Miguel \u00c1ngel D\u2019Annibale, que parti\u00f3 a la Casa del Padre el 14 de abril 2020.<\/p>\n<p>***<\/p>\n<h4><strong>A la manera de Melquisedec<\/strong><\/h4>\n<p>Se cumplen tres a\u00f1os de aquel abrazo.<\/p>\n<p>Llegaste y todo era encuentro, esperanza, alegr\u00eda, profec\u00eda.<\/p>\n<p>Fuiste torbellino, pregunta, pastor.<\/p>\n<p>\u00bfPor qu\u00e9 se nos regal\u00f3 tan poco tiempo?<\/p>\n<p>Hoy, que ya puedo extra\u00f1arte sin llorarte, vuelvo a mirar tu tiempo con nosotros. Y se me viene aquel salmo 109 que a veces aparece en las ordenaciones: \u201ct\u00fa eres sacerdote para siempre, a la manera de Melquisedec\u201d. Encuentro luz pens\u00e1ndote con nosotros \u201ca la manera de Melquisedec\u201d.<\/p>\n<p>Melquisedec tiene una aparici\u00f3n fugaz en la Escritura: se encuentra con Abr\u00e1m para bendecirlo (Gn 14, 17-20). No se sabe mucho de \u00e9l; s\u00f3lo se lo describe como \u201csacerdote del Dios Alt\u00edsimo\u201d y que antes de bendecir a nuestro padre en la fe \u201chizo traer pan y vino\u201d.<\/p>\n<p>Tano, sin temor a idealizarte, pienso que fuiste para nosotros un pastor \u201ca la manera de Melquisedec\u201d. Breve, fugaz&#8230; pero con la boca llena de palabras de bendici\u00f3n, los brazos abiertos para hacer lugar a todos, la guitarra preparada para crear familia, la sonrisa lista para la fraterna mesa compartida.<\/p>\n<p>S\u00ed, poco tiempo, pero pre\u00f1ado de esperanza.<\/p>\n<p>Fuiste Pascua (como deseabas): paso del Dios de la Vida por esta Iglesia.<\/p>\n<p>Hoy te extra\u00f1o pero no te lloro. Porque cuando Dios pasa bendiciendo no es tiempo de llorar, sino tiempo de fiesta, Pascua y Reino.<\/p>\n<p>Es tiempo de celebrar que la reconstrucci\u00f3n de hoy tiene su cimiento en la bendici\u00f3n que nos trajo un \u201csacerdote a la manera de Melquisedec\u201d.<\/p>\n","protected":false},"excerpt":{"rendered":"<p>Poema de un sacerdote a su pastor obispo que ya parti\u00f3<\/p>\n","protected":false},"author":41,"featured_media":32389,"comment_status":"open","ping_status":"open","sticky":false,"template":"","format":"standard","meta":{"_acf_changed":false,"_crdt_document":"","inline_featured_image":false,"footnotes":""},"categories":[98,298],"tags":[4051,4052,4050],"class_list":["post-32384","post","type-post","status-publish","format-standard","has-post-thumbnail","hentry","category-testimonios","category-ultimas-noticias","tag-monsenor-miguel-angel-dannibale","tag-padre-pablo-savoia","tag-poema"],"acf":[],"yoast_head":"<!-- This site is optimized with the Yoast SEO plugin v27.5 - https:\/\/yoast.com\/product\/yoast-seo-wordpress\/ -->\n<title>\u201cA la manera de Melquisedec\u201d &#8211; Exaudi<\/title>\n<meta name=\"description\" content=\"\u201cA la manera de Melquisedec\u201d, poema escrito por el P. Pablo Savoia, p\u00e1rroco de la parroquia Nuestra Se\u00f1ora de la Merced, en Villa Ballester, Gran Buenos Aires, Argentina\" \/>\n<meta name=\"robots\" content=\"index, follow, max-snippet:-1, max-image-preview:large, max-video-preview:-1\" \/>\n<link rel=\"canonical\" href=\"https:\/\/exaudi.org\/es\/a-la-manera-de-melquisedec\/\" \/>\n<meta property=\"og:locale\" content=\"es_ES\" \/>\n<meta property=\"og:type\" content=\"article\" \/>\n<meta property=\"og:title\" content=\"\u201cA la manera de Melquisedec\u201d &#8211; Exaudi\" \/>\n<meta property=\"og:description\" content=\"\u201cA la manera de Melquisedec\u201d, poema escrito por el P. Pablo Savoia, p\u00e1rroco de la parroquia Nuestra Se\u00f1ora de la Merced, en Villa Ballester, Gran Buenos Aires, Argentina\" \/>\n<meta property=\"og:url\" content=\"https:\/\/exaudi.org\/es\/a-la-manera-de-melquisedec\/\" \/>\n<meta property=\"og:site_name\" content=\"Exaudi\" \/>\n<meta property=\"article:publisher\" content=\"https:\/\/www.facebook.com\/ExaudiNews\" \/>\n<meta property=\"article:published_time\" content=\"2021-09-09T07:15:10+00:00\" \/>\n<meta property=\"article:modified_time\" content=\"2021-09-09T07:32:14+00:00\" \/>\n<meta property=\"og:image\" content=\"https:\/\/exaudi.org\/wp-content\/uploads\/2021\/09\/cathopic_1538599232270950-scaled.jpg\" \/>\n\t<meta property=\"og:image:width\" content=\"2560\" \/>\n\t<meta property=\"og:image:height\" content=\"1920\" \/>\n\t<meta property=\"og:image:type\" content=\"image\/jpeg\" \/>\n<meta name=\"author\" content=\"Enrique Soros\" \/>\n<meta name=\"twitter:card\" content=\"summary_large_image\" \/>\n<meta name=\"twitter:creator\" content=\"@Exaudi_News\" \/>\n<meta name=\"twitter:site\" content=\"@Exaudi_News\" \/>\n<meta name=\"twitter:label1\" content=\"Escrito por\" \/>\n\t<meta name=\"twitter:data1\" content=\"Enrique Soros\" \/>\n\t<meta name=\"twitter:label2\" content=\"Tiempo de lectura\" \/>\n\t<meta name=\"twitter:data2\" content=\"2 minutos\" \/>\n<script type=\"application\/ld+json\" class=\"yoast-schema-graph\">{\"@context\":\"https:\\\/\\\/schema.org\",\"@graph\":[{\"@type\":\"Article\",\"@id\":\"https:\\\/\\\/exaudi.org\\\/es\\\/a-la-manera-de-melquisedec\\\/#article\",\"isPartOf\":{\"@id\":\"https:\\\/\\\/exaudi.org\\\/es\\\/a-la-manera-de-melquisedec\\\/\"},\"author\":{\"name\":\"Enrique Soros\",\"@id\":\"https:\\\/\\\/exaudi.org\\\/#\\\/schema\\\/person\\\/b562feb21279ee01cdb5c8cd58ac4e33\"},\"headline\":\"\u201cA la manera de Melquisedec\u201d\",\"datePublished\":\"2021-09-09T07:15:10+00:00\",\"dateModified\":\"2021-09-09T07:32:14+00:00\",\"mainEntityOfPage\":{\"@id\":\"https:\\\/\\\/exaudi.org\\\/es\\\/a-la-manera-de-melquisedec\\\/\"},\"wordCount\":395,\"commentCount\":0,\"image\":{\"@id\":\"https:\\\/\\\/exaudi.org\\\/es\\\/a-la-manera-de-melquisedec\\\/#primaryimage\"},\"thumbnailUrl\":\"https:\\\/\\\/exaudi.org\\\/wp-content\\\/uploads\\\/2021\\\/09\\\/cathopic_1538599232270950-scaled.jpg\",\"keywords\":[\"Monse\u00f1or Miguel \u00c1ngel D\u2019Annibale\",\"Padre Pablo Savoia\",\"Poema\"],\"articleSection\":[\"Testimonios\",\"\u00daltimas noticias\"],\"inLanguage\":\"es\",\"potentialAction\":[{\"@type\":\"CommentAction\",\"name\":\"Comment\",\"target\":[\"https:\\\/\\\/exaudi.org\\\/es\\\/a-la-manera-de-melquisedec\\\/#respond\"]}]},{\"@type\":\"WebPage\",\"@id\":\"https:\\\/\\\/exaudi.org\\\/es\\\/a-la-manera-de-melquisedec\\\/\",\"url\":\"https:\\\/\\\/exaudi.org\\\/es\\\/a-la-manera-de-melquisedec\\\/\",\"name\":\"\u201cA la manera de Melquisedec\u201d &#8211; Exaudi\",\"isPartOf\":{\"@id\":\"https:\\\/\\\/exaudi.org\\\/#website\"},\"primaryImageOfPage\":{\"@id\":\"https:\\\/\\\/exaudi.org\\\/es\\\/a-la-manera-de-melquisedec\\\/#primaryimage\"},\"image\":{\"@id\":\"https:\\\/\\\/exaudi.org\\\/es\\\/a-la-manera-de-melquisedec\\\/#primaryimage\"},\"thumbnailUrl\":\"https:\\\/\\\/exaudi.org\\\/wp-content\\\/uploads\\\/2021\\\/09\\\/cathopic_1538599232270950-scaled.jpg\",\"datePublished\":\"2021-09-09T07:15:10+00:00\",\"dateModified\":\"2021-09-09T07:32:14+00:00\",\"author\":{\"@id\":\"https:\\\/\\\/exaudi.org\\\/#\\\/schema\\\/person\\\/b562feb21279ee01cdb5c8cd58ac4e33\"},\"description\":\"\u201cA la manera de Melquisedec\u201d, poema escrito por el P. Pablo Savoia, p\u00e1rroco de la parroquia Nuestra Se\u00f1ora de la Merced, en Villa Ballester, Gran Buenos Aires, Argentina\",\"breadcrumb\":{\"@id\":\"https:\\\/\\\/exaudi.org\\\/es\\\/a-la-manera-de-melquisedec\\\/#breadcrumb\"},\"inLanguage\":\"es\",\"potentialAction\":[{\"@type\":\"ReadAction\",\"target\":[\"https:\\\/\\\/exaudi.org\\\/es\\\/a-la-manera-de-melquisedec\\\/\"]}]},{\"@type\":\"ImageObject\",\"inLanguage\":\"es\",\"@id\":\"https:\\\/\\\/exaudi.org\\\/es\\\/a-la-manera-de-melquisedec\\\/#primaryimage\",\"url\":\"https:\\\/\\\/exaudi.org\\\/wp-content\\\/uploads\\\/2021\\\/09\\\/cathopic_1538599232270950-scaled.jpg\",\"contentUrl\":\"https:\\\/\\\/exaudi.org\\\/wp-content\\\/uploads\\\/2021\\\/09\\\/cathopic_1538599232270950-scaled.jpg\",\"width\":2560,\"height\":1920,\"caption\":\"Sacerdote \u00a9 Cathopic. Mike Guerrero\"},{\"@type\":\"BreadcrumbList\",\"@id\":\"https:\\\/\\\/exaudi.org\\\/es\\\/a-la-manera-de-melquisedec\\\/#breadcrumb\",\"itemListElement\":[{\"@type\":\"ListItem\",\"position\":1,\"name\":\"Portada\",\"item\":\"https:\\\/\\\/exaudi.org\\\/es\\\/\"},{\"@type\":\"ListItem\",\"position\":2,\"name\":\"\u201cA la manera de Melquisedec\u201d\"}]},{\"@type\":\"WebSite\",\"@id\":\"https:\\\/\\\/exaudi.org\\\/#website\",\"url\":\"https:\\\/\\\/exaudi.org\\\/\",\"name\":\"Exaudi\",\"description\":\"News\",\"potentialAction\":[{\"@type\":\"SearchAction\",\"target\":{\"@type\":\"EntryPoint\",\"urlTemplate\":\"https:\\\/\\\/exaudi.org\\\/?s={search_term_string}\"},\"query-input\":{\"@type\":\"PropertyValueSpecification\",\"valueRequired\":true,\"valueName\":\"search_term_string\"}}],\"inLanguage\":\"es\"},{\"@type\":\"Person\",\"@id\":\"https:\\\/\\\/exaudi.org\\\/#\\\/schema\\\/person\\\/b562feb21279ee01cdb5c8cd58ac4e33\",\"name\":\"Enrique Soros\",\"image\":{\"@type\":\"ImageObject\",\"inLanguage\":\"es\",\"@id\":\"https:\\\/\\\/secure.gravatar.com\\\/avatar\\\/909c464715f2daa91ebbef733cea12657b24a5ddb7284bf9b3bb3911d874bb9e?s=96&d=mm&r=g\",\"url\":\"https:\\\/\\\/secure.gravatar.com\\\/avatar\\\/909c464715f2daa91ebbef733cea12657b24a5ddb7284bf9b3bb3911d874bb9e?s=96&d=mm&r=g\",\"contentUrl\":\"https:\\\/\\\/secure.gravatar.com\\\/avatar\\\/909c464715f2daa91ebbef733cea12657b24a5ddb7284bf9b3bb3911d874bb9e?s=96&d=mm&r=g\",\"caption\":\"Enrique Soros\"},\"description\":\"Argentino. Reside desde hace 27 a\u00f1os en Washington, DC, Estados Unidos, con su esposa Erica, con quien tiene un hijo, Mart\u00edn, de 21 a\u00f1os. Es comunicador social, escritor, traductor p\u00fablico. Act\u00faa como agente pastoral y comunicacional en Estados Unidos, donde es vicepresidente del Consejo Nacional Cat\u00f3lico para el Ministerio Hispano -NCCHM, por sus siglas en ingl\u00e9s-, que tiene como misi\u00f3n la promoci\u00f3n y el trabajo com\u00fan de las fuerzas pastorales hispanas en el pa\u00eds. Participa en proyectos pastorales y comunicacionales en Latinoam\u00e9rica y desde 2012 colabora con el CELAM, Consejo Episcopal Latinoamericano en esfuerzos de integraci\u00f3n pastoral entre dicha instituci\u00f3n y la Iglesia en los Estados Unidos.\",\"url\":\"https:\\\/\\\/exaudi.org\\\/es\\\/author\\\/enriquesoros\\\/\"}]}<\/script>\n<!-- \/ Yoast SEO plugin. -->","yoast_head_json":{"title":"\u201cA la manera de Melquisedec\u201d &#8211; Exaudi","description":"\u201cA la manera de Melquisedec\u201d, poema escrito por el P. Pablo Savoia, p\u00e1rroco de la parroquia Nuestra Se\u00f1ora de la Merced, en Villa Ballester, Gran Buenos Aires, Argentina","robots":{"index":"index","follow":"follow","max-snippet":"max-snippet:-1","max-image-preview":"max-image-preview:large","max-video-preview":"max-video-preview:-1"},"canonical":"https:\/\/exaudi.org\/es\/a-la-manera-de-melquisedec\/","og_locale":"es_ES","og_type":"article","og_title":"\u201cA la manera de Melquisedec\u201d &#8211; Exaudi","og_description":"\u201cA la manera de Melquisedec\u201d, poema escrito por el P. Pablo Savoia, p\u00e1rroco de la parroquia Nuestra Se\u00f1ora de la Merced, en Villa Ballester, Gran Buenos Aires, Argentina","og_url":"https:\/\/exaudi.org\/es\/a-la-manera-de-melquisedec\/","og_site_name":"Exaudi","article_publisher":"https:\/\/www.facebook.com\/ExaudiNews","article_published_time":"2021-09-09T07:15:10+00:00","article_modified_time":"2021-09-09T07:32:14+00:00","og_image":[{"width":2560,"height":1920,"url":"https:\/\/exaudi.org\/wp-content\/uploads\/2021\/09\/cathopic_1538599232270950-scaled.jpg","type":"image\/jpeg"}],"author":"Enrique Soros","twitter_card":"summary_large_image","twitter_creator":"@Exaudi_News","twitter_site":"@Exaudi_News","twitter_misc":{"Escrito por":"Enrique Soros","Tiempo de lectura":"2 minutos"},"schema":{"@context":"https:\/\/schema.org","@graph":[{"@type":"Article","@id":"https:\/\/exaudi.org\/es\/a-la-manera-de-melquisedec\/#article","isPartOf":{"@id":"https:\/\/exaudi.org\/es\/a-la-manera-de-melquisedec\/"},"author":{"name":"Enrique Soros","@id":"https:\/\/exaudi.org\/#\/schema\/person\/b562feb21279ee01cdb5c8cd58ac4e33"},"headline":"\u201cA la manera de Melquisedec\u201d","datePublished":"2021-09-09T07:15:10+00:00","dateModified":"2021-09-09T07:32:14+00:00","mainEntityOfPage":{"@id":"https:\/\/exaudi.org\/es\/a-la-manera-de-melquisedec\/"},"wordCount":395,"commentCount":0,"image":{"@id":"https:\/\/exaudi.org\/es\/a-la-manera-de-melquisedec\/#primaryimage"},"thumbnailUrl":"https:\/\/exaudi.org\/wp-content\/uploads\/2021\/09\/cathopic_1538599232270950-scaled.jpg","keywords":["Monse\u00f1or Miguel \u00c1ngel D\u2019Annibale","Padre Pablo Savoia","Poema"],"articleSection":["Testimonios","\u00daltimas noticias"],"inLanguage":"es","potentialAction":[{"@type":"CommentAction","name":"Comment","target":["https:\/\/exaudi.org\/es\/a-la-manera-de-melquisedec\/#respond"]}]},{"@type":"WebPage","@id":"https:\/\/exaudi.org\/es\/a-la-manera-de-melquisedec\/","url":"https:\/\/exaudi.org\/es\/a-la-manera-de-melquisedec\/","name":"\u201cA la manera de Melquisedec\u201d &#8211; Exaudi","isPartOf":{"@id":"https:\/\/exaudi.org\/#website"},"primaryImageOfPage":{"@id":"https:\/\/exaudi.org\/es\/a-la-manera-de-melquisedec\/#primaryimage"},"image":{"@id":"https:\/\/exaudi.org\/es\/a-la-manera-de-melquisedec\/#primaryimage"},"thumbnailUrl":"https:\/\/exaudi.org\/wp-content\/uploads\/2021\/09\/cathopic_1538599232270950-scaled.jpg","datePublished":"2021-09-09T07:15:10+00:00","dateModified":"2021-09-09T07:32:14+00:00","author":{"@id":"https:\/\/exaudi.org\/#\/schema\/person\/b562feb21279ee01cdb5c8cd58ac4e33"},"description":"\u201cA la manera de Melquisedec\u201d, poema escrito por el P. Pablo Savoia, p\u00e1rroco de la parroquia Nuestra Se\u00f1ora de la Merced, en Villa Ballester, Gran Buenos Aires, Argentina","breadcrumb":{"@id":"https:\/\/exaudi.org\/es\/a-la-manera-de-melquisedec\/#breadcrumb"},"inLanguage":"es","potentialAction":[{"@type":"ReadAction","target":["https:\/\/exaudi.org\/es\/a-la-manera-de-melquisedec\/"]}]},{"@type":"ImageObject","inLanguage":"es","@id":"https:\/\/exaudi.org\/es\/a-la-manera-de-melquisedec\/#primaryimage","url":"https:\/\/exaudi.org\/wp-content\/uploads\/2021\/09\/cathopic_1538599232270950-scaled.jpg","contentUrl":"https:\/\/exaudi.org\/wp-content\/uploads\/2021\/09\/cathopic_1538599232270950-scaled.jpg","width":2560,"height":1920,"caption":"Sacerdote \u00a9 Cathopic. Mike Guerrero"},{"@type":"BreadcrumbList","@id":"https:\/\/exaudi.org\/es\/a-la-manera-de-melquisedec\/#breadcrumb","itemListElement":[{"@type":"ListItem","position":1,"name":"Portada","item":"https:\/\/exaudi.org\/es\/"},{"@type":"ListItem","position":2,"name":"\u201cA la manera de Melquisedec\u201d"}]},{"@type":"WebSite","@id":"https:\/\/exaudi.org\/#website","url":"https:\/\/exaudi.org\/","name":"Exaudi","description":"News","potentialAction":[{"@type":"SearchAction","target":{"@type":"EntryPoint","urlTemplate":"https:\/\/exaudi.org\/?s={search_term_string}"},"query-input":{"@type":"PropertyValueSpecification","valueRequired":true,"valueName":"search_term_string"}}],"inLanguage":"es"},{"@type":"Person","@id":"https:\/\/exaudi.org\/#\/schema\/person\/b562feb21279ee01cdb5c8cd58ac4e33","name":"Enrique Soros","image":{"@type":"ImageObject","inLanguage":"es","@id":"https:\/\/secure.gravatar.com\/avatar\/909c464715f2daa91ebbef733cea12657b24a5ddb7284bf9b3bb3911d874bb9e?s=96&d=mm&r=g","url":"https:\/\/secure.gravatar.com\/avatar\/909c464715f2daa91ebbef733cea12657b24a5ddb7284bf9b3bb3911d874bb9e?s=96&d=mm&r=g","contentUrl":"https:\/\/secure.gravatar.com\/avatar\/909c464715f2daa91ebbef733cea12657b24a5ddb7284bf9b3bb3911d874bb9e?s=96&d=mm&r=g","caption":"Enrique Soros"},"description":"Argentino. Reside desde hace 27 a\u00f1os en Washington, DC, Estados Unidos, con su esposa Erica, con quien tiene un hijo, Mart\u00edn, de 21 a\u00f1os. Es comunicador social, escritor, traductor p\u00fablico. Act\u00faa como agente pastoral y comunicacional en Estados Unidos, donde es vicepresidente del Consejo Nacional Cat\u00f3lico para el Ministerio Hispano -NCCHM, por sus siglas en ingl\u00e9s-, que tiene como misi\u00f3n la promoci\u00f3n y el trabajo com\u00fan de las fuerzas pastorales hispanas en el pa\u00eds. Participa en proyectos pastorales y comunicacionales en Latinoam\u00e9rica y desde 2012 colabora con el CELAM, Consejo Episcopal Latinoamericano en esfuerzos de integraci\u00f3n pastoral entre dicha instituci\u00f3n y la Iglesia en los Estados Unidos.","url":"https:\/\/exaudi.org\/es\/author\/enriquesoros\/"}]}},"jetpack_featured_media_url":"https:\/\/exaudi.org\/wp-content\/uploads\/2021\/09\/cathopic_1538599232270950-scaled.jpg","jetpack_shortlink":"https:\/\/wp.me\/pgKjF2-8qk","_links":{"self":[{"href":"https:\/\/exaudi.org\/es\/wp-json\/wp\/v2\/posts\/32384","targetHints":{"allow":["GET"]}}],"collection":[{"href":"https:\/\/exaudi.org\/es\/wp-json\/wp\/v2\/posts"}],"about":[{"href":"https:\/\/exaudi.org\/es\/wp-json\/wp\/v2\/types\/post"}],"author":[{"embeddable":true,"href":"https:\/\/exaudi.org\/es\/wp-json\/wp\/v2\/users\/41"}],"replies":[{"embeddable":true,"href":"https:\/\/exaudi.org\/es\/wp-json\/wp\/v2\/comments?post=32384"}],"version-history":[{"count":0,"href":"https:\/\/exaudi.org\/es\/wp-json\/wp\/v2\/posts\/32384\/revisions"}],"wp:featuredmedia":[{"embeddable":true,"href":"https:\/\/exaudi.org\/es\/wp-json\/wp\/v2\/media\/32389"}],"wp:attachment":[{"href":"https:\/\/exaudi.org\/es\/wp-json\/wp\/v2\/media?parent=32384"}],"wp:term":[{"taxonomy":"category","embeddable":true,"href":"https:\/\/exaudi.org\/es\/wp-json\/wp\/v2\/categories?post=32384"},{"taxonomy":"post_tag","embeddable":true,"href":"https:\/\/exaudi.org\/es\/wp-json\/wp\/v2\/tags?post=32384"}],"curies":[{"name":"wp","href":"https:\/\/api.w.org\/{rel}","templated":true}]}}