{"id":32319,"date":"2021-09-09T09:03:10","date_gmt":"2021-09-09T07:03:10","guid":{"rendered":"https:\/\/exaudi.wpengine.com\/?p=32319"},"modified":"2021-09-09T09:07:15","modified_gmt":"2021-09-09T07:07:15","slug":"evangelio-12-de-septiembre-comentario-de-mons-enrique-diaz","status":"publish","type":"post","link":"https:\/\/exaudi.org\/es\/evangelio-12-de-septiembre-comentario-de-mons-enrique-diaz\/","title":{"rendered":"Evangelio, 12 de septiembre: Comentario de Mons. Enrique D\u00edaz"},"content":{"rendered":"<p><a href=\"https:\/\/exaudi.wpengine.com\/es\/author\/enriquediaz\/\">Monse\u00f1or Enrique D\u00edaz D\u00edaz<\/a>\u00a0comparte con los lectores de Exaudi su comentario sobre el<a href=\"https:\/\/www.dominicos.org\/predicacion\/homilia\/12-9-2021\/lecturas\/\" target=\"_blank\" rel=\"noopener\">\u00a0Evangelio del pr\u00f3ximo 12 de septiembre de 2021<\/a>, XXIV Domingo del Tiempo Ordinario, titulado \u201cPregunta inquietante\u201d.<\/p>\n<p>***<\/p>\n<p>Isa\u00edas 50, 5-9: \u201cOfrec\u00ed mi espalda a los que me golpeaban\u201d<\/p>\n<p>Salmo 114: \u201cCaminar\u00e9 en la presencia del Se\u00f1or\u201d<\/p>\n<p>Santiago 2, 14-18: \u201cLa fe, si no se traduce en obras, est\u00e1 completamente muerta\u201d<\/p>\n<p>San Marcos 8, 27-35: \u201cDijo Pedro: \u2018T\u00fa eres del Mes\u00edas\u2019.- Es necesario que el Hijo del hombre padezca mucho\u201d<\/p>\n<p>Jes\u00fas y sus disc\u00edpulos van de camino y ah\u00ed, caminando, es donde se presentan los problemas y las crisis, donde se cuestionan sobre la meta, donde se revisa el camino andado. Nos encontramos a la mitad del Evangelio de San Marcos\u2026 Jes\u00fas ha realizado prodigios en pro de la vida y del pueblo oprimido. Ha liberado a enfermos y endemoniados, ha restituido dignidad y valor a los marginados. Ha denunciado las actitudes hip\u00f3critas y serviles de los escribas y fariseos. Ha anunciado por todo Galilea y m\u00e1s all\u00e1 de las fronteras, su Buena Nueva y llega el momento de preguntarse \u00bfQu\u00e9 se ha logrado? Parece poca cosa: la ceguera de los fariseos, la alabanza del pueblo sencillo que busca respuestas inmediatas a sus necesidades, los intereses de sus disc\u00edpulos, el esc\u00e1ndalo y el alejamiento de su familia. \u00bfEs el camino que quiere Jes\u00fas? Entonces viene la pregunta a los cercanos: \u201c\u00bfQui\u00e9n dice la gente que soy yo?\u201d, y las respuestas no se dejan esperar. Y viene la comparaci\u00f3n con los personajes m\u00e1s importantes que sostienen el ideal del jud\u00edo, y se esperar\u00eda que Cristo estuviera muy contento con estas respuestas pero lejos de esto insiste con otra pregunta m\u00e1s incisiva e ineludible: \u201cY ustedes, \u00bfqui\u00e9n dicen que soy yo?\u201d. No es una pregunta accidental o sin importancia, sino la pregunta fundamental en la vida que hoy mismo nos hace Jes\u00fas a cada uno de nosotros.<\/p>\n<p>Nuestras respuestas no estar\u00edan muy lejanas de las que dicen los disc\u00edpulos. Ciertamente hay una admiraci\u00f3n por Cristo como l\u00edder, como hombre, como persona, como fundador de una religi\u00f3n, como el gran maestro. Hay millones que se dicen sus seguidores y que en una u otra forma est\u00e1n bautizados y se reconocen cristianos. Pero \u00bfesto es lo importante para Cristo? Tambi\u00e9n que hay quienes lo atacan y buscan enlodar su nombre, hay quienes quisieran destruirlo y se empe\u00f1an en ensuciar su imagen, para otros es un nombre m\u00e1s que pasa ignorado\u2026 pero Cristo sigue insistiendo en su pregunta: \u201cy t\u00fa, \u00bfqui\u00e9n dices que soy yo?\u201d No espera confesiones ni monumentos, no pregunta si llevas una medalla en el pecho o si tienes una bella imagen en tu cuarto, va m\u00e1s al fondo, a tu interior y \u00a0pregunta por tu vida. No por tus palabras, con tu vida qui\u00e9n dices que soy yo. Claro que somos multitudes los que nos decimos cristianos, pero quiz\u00e1s recibir\u00edamos el mismo reproche dirigido a Pedro: \u201c\u00a1Ap\u00e1rtate de m\u00ed, Satan\u00e1s! Porque t\u00fa no juzgas seg\u00fan Dios, sino seg\u00fan los hombres\u201d. Porque a pesar de llamarnos sus seguidores, nos acomodamos m\u00e1s a los criterios de los hombres que a los criterios de Jes\u00fas, porque buscamos los primeros lugares, porque luchamos denodadamente por el poder, porque mentimos y robamos, porque damos la espalda al pr\u00f3jimo, porque \u00a1no hemos entendido lo que quiere Jes\u00fas! Usamos su nombre para nuestros propios fines.<\/p>\n<p>Al igual que Pedro, nosotros ahora le dar\u00edamos algunos consejos muy pr\u00e1cticos a Jes\u00fas sobre su forma de ser Mes\u00edas porque nos parece absurda su propuesta en un mundo moderno. Le dir\u00edamos que tiene que adaptarse, que tiene que renovar sus esquemas. Que no es posible seguir so\u00f1ando con un mundo donde todos sean hermanos, que hay sus diferencias y debemos aceptarlas, que el sacrificio y la lucha por los peque\u00f1os y los pobres no lleva al triunfo, que los grandes \u00e9xitos se logran de otra forma\u2026 y Jes\u00fas nuevamente nos dir\u00eda que esos no son sus caminos, sino los caminos de los hombres. Si miramos con atenci\u00f3n a los disc\u00edpulos, veremos que siguen a Jes\u00fas pero no han cambiado de idea ni de mentalidad. Se resisten a perder sus proyectos de triunfo, y ahora Jes\u00fas les presenta una nueva forma de seguirle. Ya no se trata solamente de acompa\u00f1arle y compartir la misi\u00f3n de curar y predicar. Ahora seguirle representa un conflicto, sufrimiento y muerte. S\u00f3lo as\u00ed se defiende la verdad y la vida. Por eso, aunque corre el riesgo de quedarse solo, replantea con toda claridad su propuesta: \u201cEl que quiera venir conmigo, que renuncie a s\u00ed mismo, que cargue con su cruz y que me siga\u201d. Es la misma propuesta que Jes\u00fas nos hace a nosotros. No hay otra forma de ser su disc\u00edpulo que tomar su cruz. Hay que renunciar a los proyectos propios de poder, de intereses personales, de satisfacciones y ambiciones. Cristo es radical. La \u00fanica forma de seguirlo es cargando con la cruz, la \u00fanica forma de conservar la vida es perderla por \u00e9l y por el Evangelio. Jes\u00fas es nuestra\u00a0 justicia\u00a0 y nuestra verdad. Con \u00c9l podremos encontrar caminos que nos den vida, paz y armon\u00eda, pero debemos seguir sus criterios y vivir su Evangelio.<\/p>\n<p>No son superficialidades, no es una religi\u00f3n para vestirse, no son apariencias, es una entrega completa y definitiva a su evangelio. Es tocar con su palabra todos los aspectos de nuestra vida, es abrir los o\u00eddos y el coraz\u00f3n y dejarse invadir por sus criterios. No se puede dejar a un lado la pregunta de Jes\u00fas. Hoy tenemos que tener una actitud de escucha. Debo empaparme de lo que Jes\u00fas me dice. Rumiarlo y asumirlo en todos los momentos de mi vida, aun en los m\u00e1s triviales o en los m\u00e1s importantes. Hoy necesito hablar con toda honestidad con Jes\u00fas sobre mis sentimientos, mis deseos y preguntarle si no son err\u00f3neos, si no es una forma de pensar a estilo de los hombres. Hoy necesito confrontar mi vida con el evangelio y hacerme preguntas en serio: \u00bfQui\u00e9n es Jes\u00fas para m\u00ed? \u00bfHasta d\u00f3nde estoy dispuesto a seguirlo? \u00bfVale la pena vivir la vida como lo estoy haciendo?<\/p>\n<p><em>M\u00edranos, Se\u00f1or, con ojos de misericordia y haz que experimentemos vivamente tu amor, para que podamos seguirte con sinceridad y \u00a0servirte con todas nuestras fuerzas. Am\u00e9n.<\/em><\/p>\n<audio class=\"wp-audio-shortcode\" id=\"audio-32319-1\" preload=\"none\" style=\"width: 100%;\" controls=\"controls\"><source type=\"audio\/mpeg\" src=\"https:\/\/exaudi.wpengine.com\/wp-content\/uploads\/2021\/09\/12-Septiembre.mp3?_=1\" \/><a href=\"https:\/\/exaudi.wpengine.com\/wp-content\/uploads\/2021\/09\/12-Septiembre.mp3\">https:\/\/exaudi.wpengine.com\/wp-content\/uploads\/2021\/09\/12-Septiembre.mp3<\/a><\/audio>\n","protected":false},"excerpt":{"rendered":"<p>XXIV Domingo Ordinario, \u201cPregunta inquietante\u201d<\/p>\n","protected":false},"author":25,"featured_media":32321,"comment_status":"open","ping_status":"open","sticky":false,"template":"","format":"standard","meta":{"_acf_changed":false,"_crdt_document":"","inline_featured_image":false,"footnotes":""},"categories":[96,298],"tags":[4046,1372,363],"class_list":["post-32319","post","type-post","status-publish","format-standard","has-post-thumbnail","hentry","category-espiritualidad","category-ultimas-noticias","tag-12-septiembre","tag-evangelio","tag-monsenor-enrique-diaz"],"acf":[],"yoast_head":"<!-- This site is optimized with the Yoast SEO plugin v27.4 - https:\/\/yoast.com\/product\/yoast-seo-wordpress\/ -->\n<title>Evangelio, 12 de septiembre: Comentario de Mons. Enrique D\u00edaz &#8211; Exaudi<\/title>\n<meta name=\"description\" content=\"Monse\u00f1or Enrique D\u00edaz\u00a0ofrece su comentario sobre el\u00a0Evangelio del pr\u00f3ximo 12 de septiembre de 2021, titulado \u201cPregunta inquietante\u201d\" \/>\n<meta name=\"robots\" content=\"index, follow, max-snippet:-1, max-image-preview:large, max-video-preview:-1\" \/>\n<link rel=\"canonical\" href=\"https:\/\/exaudi.org\/es\/evangelio-12-de-septiembre-comentario-de-mons-enrique-diaz\/\" \/>\n<meta property=\"og:locale\" content=\"es_ES\" \/>\n<meta property=\"og:type\" content=\"article\" \/>\n<meta property=\"og:title\" content=\"Evangelio, 12 de septiembre: Comentario de Mons. Enrique D\u00edaz &#8211; Exaudi\" \/>\n<meta property=\"og:description\" content=\"Monse\u00f1or Enrique D\u00edaz\u00a0ofrece su comentario sobre el\u00a0Evangelio del pr\u00f3ximo 12 de septiembre de 2021, titulado \u201cPregunta inquietante\u201d\" \/>\n<meta property=\"og:url\" content=\"https:\/\/exaudi.org\/es\/evangelio-12-de-septiembre-comentario-de-mons-enrique-diaz\/\" \/>\n<meta property=\"og:site_name\" content=\"Exaudi\" \/>\n<meta property=\"article:publisher\" content=\"https:\/\/www.facebook.com\/ExaudiNews\" \/>\n<meta property=\"article:published_time\" content=\"2021-09-09T07:03:10+00:00\" \/>\n<meta property=\"article:modified_time\" content=\"2021-09-09T07:07:15+00:00\" \/>\n<meta property=\"og:image\" content=\"https:\/\/exaudi.org\/wp-content\/uploads\/2021\/09\/pexels-julia-filirovska-4913769-scaled.jpg\" \/>\n\t<meta property=\"og:image:width\" content=\"2560\" \/>\n\t<meta property=\"og:image:height\" content=\"1707\" \/>\n\t<meta property=\"og:image:type\" content=\"image\/jpeg\" \/>\n<meta name=\"author\" content=\"Enrique D\u00edaz\" \/>\n<meta name=\"twitter:card\" content=\"summary_large_image\" \/>\n<meta name=\"twitter:creator\" content=\"@Exaudi_News\" \/>\n<meta name=\"twitter:site\" content=\"@Exaudi_News\" \/>\n<meta name=\"twitter:label1\" content=\"Escrito por\" \/>\n\t<meta name=\"twitter:data1\" content=\"Enrique D\u00edaz\" \/>\n\t<meta name=\"twitter:label2\" content=\"Tiempo de lectura\" \/>\n\t<meta name=\"twitter:data2\" content=\"5 minutos\" \/>\n<script type=\"application\/ld+json\" class=\"yoast-schema-graph\">{\"@context\":\"https:\\\/\\\/schema.org\",\"@graph\":[{\"@type\":\"Article\",\"@id\":\"https:\\\/\\\/exaudi.org\\\/es\\\/evangelio-12-de-septiembre-comentario-de-mons-enrique-diaz\\\/#article\",\"isPartOf\":{\"@id\":\"https:\\\/\\\/exaudi.org\\\/es\\\/evangelio-12-de-septiembre-comentario-de-mons-enrique-diaz\\\/\"},\"author\":{\"name\":\"Enrique D\u00edaz\",\"@id\":\"https:\\\/\\\/exaudi.org\\\/#\\\/schema\\\/person\\\/c02ffbd10830fa375f6882f7dcf1844d\"},\"headline\":\"Evangelio, 12 de septiembre: Comentario de Mons. Enrique D\u00edaz\",\"datePublished\":\"2021-09-09T07:03:10+00:00\",\"dateModified\":\"2021-09-09T07:07:15+00:00\",\"mainEntityOfPage\":{\"@id\":\"https:\\\/\\\/exaudi.org\\\/es\\\/evangelio-12-de-septiembre-comentario-de-mons-enrique-diaz\\\/\"},\"wordCount\":1140,\"commentCount\":0,\"image\":{\"@id\":\"https:\\\/\\\/exaudi.org\\\/es\\\/evangelio-12-de-septiembre-comentario-de-mons-enrique-diaz\\\/#primaryimage\"},\"thumbnailUrl\":\"https:\\\/\\\/exaudi.org\\\/wp-content\\\/uploads\\\/2021\\\/09\\\/pexels-julia-filirovska-4913769-scaled.jpg\",\"keywords\":[\"12 septiembre\",\"Evangelio\",\"Monse\u00f1or Enrique D\u00edaz\"],\"articleSection\":[\"Espiritualidad\",\"\u00daltimas noticias\"],\"inLanguage\":\"es\",\"potentialAction\":[{\"@type\":\"CommentAction\",\"name\":\"Comment\",\"target\":[\"https:\\\/\\\/exaudi.org\\\/es\\\/evangelio-12-de-septiembre-comentario-de-mons-enrique-diaz\\\/#respond\"]}]},{\"@type\":\"WebPage\",\"@id\":\"https:\\\/\\\/exaudi.org\\\/es\\\/evangelio-12-de-septiembre-comentario-de-mons-enrique-diaz\\\/\",\"url\":\"https:\\\/\\\/exaudi.org\\\/es\\\/evangelio-12-de-septiembre-comentario-de-mons-enrique-diaz\\\/\",\"name\":\"Evangelio, 12 de septiembre: Comentario de Mons. Enrique D\u00edaz &#8211; Exaudi\",\"isPartOf\":{\"@id\":\"https:\\\/\\\/exaudi.org\\\/#website\"},\"primaryImageOfPage\":{\"@id\":\"https:\\\/\\\/exaudi.org\\\/es\\\/evangelio-12-de-septiembre-comentario-de-mons-enrique-diaz\\\/#primaryimage\"},\"image\":{\"@id\":\"https:\\\/\\\/exaudi.org\\\/es\\\/evangelio-12-de-septiembre-comentario-de-mons-enrique-diaz\\\/#primaryimage\"},\"thumbnailUrl\":\"https:\\\/\\\/exaudi.org\\\/wp-content\\\/uploads\\\/2021\\\/09\\\/pexels-julia-filirovska-4913769-scaled.jpg\",\"datePublished\":\"2021-09-09T07:03:10+00:00\",\"dateModified\":\"2021-09-09T07:07:15+00:00\",\"author\":{\"@id\":\"https:\\\/\\\/exaudi.org\\\/#\\\/schema\\\/person\\\/c02ffbd10830fa375f6882f7dcf1844d\"},\"description\":\"Monse\u00f1or Enrique D\u00edaz\u00a0ofrece su comentario sobre el\u00a0Evangelio del pr\u00f3ximo 12 de septiembre de 2021, titulado \u201cPregunta inquietante\u201d\",\"breadcrumb\":{\"@id\":\"https:\\\/\\\/exaudi.org\\\/es\\\/evangelio-12-de-septiembre-comentario-de-mons-enrique-diaz\\\/#breadcrumb\"},\"inLanguage\":\"es\",\"potentialAction\":[{\"@type\":\"ReadAction\",\"target\":[\"https:\\\/\\\/exaudi.org\\\/es\\\/evangelio-12-de-septiembre-comentario-de-mons-enrique-diaz\\\/\"]}]},{\"@type\":\"ImageObject\",\"inLanguage\":\"es\",\"@id\":\"https:\\\/\\\/exaudi.org\\\/es\\\/evangelio-12-de-septiembre-comentario-de-mons-enrique-diaz\\\/#primaryimage\",\"url\":\"https:\\\/\\\/exaudi.org\\\/wp-content\\\/uploads\\\/2021\\\/09\\\/pexels-julia-filirovska-4913769-scaled.jpg\",\"contentUrl\":\"https:\\\/\\\/exaudi.org\\\/wp-content\\\/uploads\\\/2021\\\/09\\\/pexels-julia-filirovska-4913769-scaled.jpg\",\"width\":2560,\"height\":1707,\"caption\":\"Pregunta \u00a9 Pexels .Julia Filirovska\"},{\"@type\":\"BreadcrumbList\",\"@id\":\"https:\\\/\\\/exaudi.org\\\/es\\\/evangelio-12-de-septiembre-comentario-de-mons-enrique-diaz\\\/#breadcrumb\",\"itemListElement\":[{\"@type\":\"ListItem\",\"position\":1,\"name\":\"Portada\",\"item\":\"https:\\\/\\\/exaudi.org\\\/es\\\/\"},{\"@type\":\"ListItem\",\"position\":2,\"name\":\"Evangelio, 12 de septiembre: Comentario de Mons. Enrique D\u00edaz\"}]},{\"@type\":\"WebSite\",\"@id\":\"https:\\\/\\\/exaudi.org\\\/#website\",\"url\":\"https:\\\/\\\/exaudi.org\\\/\",\"name\":\"Exaudi\",\"description\":\"News\",\"potentialAction\":[{\"@type\":\"SearchAction\",\"target\":{\"@type\":\"EntryPoint\",\"urlTemplate\":\"https:\\\/\\\/exaudi.org\\\/?s={search_term_string}\"},\"query-input\":{\"@type\":\"PropertyValueSpecification\",\"valueRequired\":true,\"valueName\":\"search_term_string\"}}],\"inLanguage\":\"es\"},{\"@type\":\"Person\",\"@id\":\"https:\\\/\\\/exaudi.org\\\/#\\\/schema\\\/person\\\/c02ffbd10830fa375f6882f7dcf1844d\",\"name\":\"Enrique D\u00edaz\",\"image\":{\"@type\":\"ImageObject\",\"inLanguage\":\"es\",\"@id\":\"https:\\\/\\\/secure.gravatar.com\\\/avatar\\\/7ca10be5325a95d04b74082d68ba605aa69611eb0f68f47096cb1bc349873284?s=96&d=mm&r=g\",\"url\":\"https:\\\/\\\/secure.gravatar.com\\\/avatar\\\/7ca10be5325a95d04b74082d68ba605aa69611eb0f68f47096cb1bc349873284?s=96&d=mm&r=g\",\"contentUrl\":\"https:\\\/\\\/secure.gravatar.com\\\/avatar\\\/7ca10be5325a95d04b74082d68ba605aa69611eb0f68f47096cb1bc349873284?s=96&d=mm&r=g\",\"caption\":\"Enrique D\u00edaz\"},\"description\":\"Naci\u00f3 en Huandacareo, Michoac\u00e1n, M\u00e9xico, en 1952. Realiz\u00f3 sus estudios de Filosof\u00eda y Teolog\u00eda en el Seminario de Morelia. Ordenado di\u00e1cono el 22 de mayo de 1977, y presb\u00edtero el 23 de octubre del mismo a\u00f1o. Obtuvo la Licenciatura en Sagrada Escritura en el Pontificio Instituto B\u00edblico en Roma. Ha desarrollado m\u00faltiples encargos pastorales como el de capell\u00e1n de la rector\u00eda de las Tres Aves Mar\u00edas; responsable de la Pastoral B\u00edblica Diocesana y director de la Escuela B\u00edblica en Morelia; maestro de Biblia en el Seminario Conciliar de Morelia, p\u00e1rroco de la Parroquia de Nuestra Se\u00f1ora de Guadalupe, Col. Guadalupe, Morelia; o vicario episcopal para la Zona de Nuestra Se\u00f1ora de la Luz, P\u00e1tzcuaro. Ordenado obispo auxiliar de san Crist\u00f3bal de las Casas en 2003. En la Conferencia Episcopal form\u00f3 parte de las Comisiones de Biblia, Diaconado y Ministerios Laicales. Fue responsable de las Dimensiones de Ministerios Laicales, de Educaci\u00f3n y Cultura. Ha participado en encuentros latinoamericanos y mundiales sobre el Diaconado Permanente. Actualmente es el responsable de la Dimensi\u00f3n de Pastoral de la Cultura. Particip\u00f3 como Miembro del S\u00ednodo de Obispos sobre la Palabra de Dios en la Vida y Misi\u00f3n de la Iglesia en Roma, en 2008. Recibi\u00f3 el nombramiento de obispo coadjutor de San Crist\u00f3bal de las Casas en 2014. Nombrado II obispo de Irapuato el d\u00eda 11 de marzo, tom\u00f3 posesi\u00f3n el 19 de Mayo. Colabora en varias revistas y publicaciones sobre todo con la reflexi\u00f3n diaria y dominical tanto en audio como escrita.\",\"url\":\"https:\\\/\\\/exaudi.org\\\/es\\\/author\\\/enriquediaz\\\/\"}]}<\/script>\n<!-- \/ Yoast SEO plugin. -->","yoast_head_json":{"title":"Evangelio, 12 de septiembre: Comentario de Mons. Enrique D\u00edaz &#8211; Exaudi","description":"Monse\u00f1or Enrique D\u00edaz\u00a0ofrece su comentario sobre el\u00a0Evangelio del pr\u00f3ximo 12 de septiembre de 2021, titulado \u201cPregunta inquietante\u201d","robots":{"index":"index","follow":"follow","max-snippet":"max-snippet:-1","max-image-preview":"max-image-preview:large","max-video-preview":"max-video-preview:-1"},"canonical":"https:\/\/exaudi.org\/es\/evangelio-12-de-septiembre-comentario-de-mons-enrique-diaz\/","og_locale":"es_ES","og_type":"article","og_title":"Evangelio, 12 de septiembre: Comentario de Mons. Enrique D\u00edaz &#8211; Exaudi","og_description":"Monse\u00f1or Enrique D\u00edaz\u00a0ofrece su comentario sobre el\u00a0Evangelio del pr\u00f3ximo 12 de septiembre de 2021, titulado \u201cPregunta inquietante\u201d","og_url":"https:\/\/exaudi.org\/es\/evangelio-12-de-septiembre-comentario-de-mons-enrique-diaz\/","og_site_name":"Exaudi","article_publisher":"https:\/\/www.facebook.com\/ExaudiNews","article_published_time":"2021-09-09T07:03:10+00:00","article_modified_time":"2021-09-09T07:07:15+00:00","og_image":[{"width":2560,"height":1707,"url":"https:\/\/exaudi.org\/wp-content\/uploads\/2021\/09\/pexels-julia-filirovska-4913769-scaled.jpg","type":"image\/jpeg"}],"author":"Enrique D\u00edaz","twitter_card":"summary_large_image","twitter_creator":"@Exaudi_News","twitter_site":"@Exaudi_News","twitter_misc":{"Escrito por":"Enrique D\u00edaz","Tiempo de lectura":"5 minutos"},"schema":{"@context":"https:\/\/schema.org","@graph":[{"@type":"Article","@id":"https:\/\/exaudi.org\/es\/evangelio-12-de-septiembre-comentario-de-mons-enrique-diaz\/#article","isPartOf":{"@id":"https:\/\/exaudi.org\/es\/evangelio-12-de-septiembre-comentario-de-mons-enrique-diaz\/"},"author":{"name":"Enrique D\u00edaz","@id":"https:\/\/exaudi.org\/#\/schema\/person\/c02ffbd10830fa375f6882f7dcf1844d"},"headline":"Evangelio, 12 de septiembre: Comentario de Mons. Enrique D\u00edaz","datePublished":"2021-09-09T07:03:10+00:00","dateModified":"2021-09-09T07:07:15+00:00","mainEntityOfPage":{"@id":"https:\/\/exaudi.org\/es\/evangelio-12-de-septiembre-comentario-de-mons-enrique-diaz\/"},"wordCount":1140,"commentCount":0,"image":{"@id":"https:\/\/exaudi.org\/es\/evangelio-12-de-septiembre-comentario-de-mons-enrique-diaz\/#primaryimage"},"thumbnailUrl":"https:\/\/exaudi.org\/wp-content\/uploads\/2021\/09\/pexels-julia-filirovska-4913769-scaled.jpg","keywords":["12 septiembre","Evangelio","Monse\u00f1or Enrique D\u00edaz"],"articleSection":["Espiritualidad","\u00daltimas noticias"],"inLanguage":"es","potentialAction":[{"@type":"CommentAction","name":"Comment","target":["https:\/\/exaudi.org\/es\/evangelio-12-de-septiembre-comentario-de-mons-enrique-diaz\/#respond"]}]},{"@type":"WebPage","@id":"https:\/\/exaudi.org\/es\/evangelio-12-de-septiembre-comentario-de-mons-enrique-diaz\/","url":"https:\/\/exaudi.org\/es\/evangelio-12-de-septiembre-comentario-de-mons-enrique-diaz\/","name":"Evangelio, 12 de septiembre: Comentario de Mons. Enrique D\u00edaz &#8211; Exaudi","isPartOf":{"@id":"https:\/\/exaudi.org\/#website"},"primaryImageOfPage":{"@id":"https:\/\/exaudi.org\/es\/evangelio-12-de-septiembre-comentario-de-mons-enrique-diaz\/#primaryimage"},"image":{"@id":"https:\/\/exaudi.org\/es\/evangelio-12-de-septiembre-comentario-de-mons-enrique-diaz\/#primaryimage"},"thumbnailUrl":"https:\/\/exaudi.org\/wp-content\/uploads\/2021\/09\/pexels-julia-filirovska-4913769-scaled.jpg","datePublished":"2021-09-09T07:03:10+00:00","dateModified":"2021-09-09T07:07:15+00:00","author":{"@id":"https:\/\/exaudi.org\/#\/schema\/person\/c02ffbd10830fa375f6882f7dcf1844d"},"description":"Monse\u00f1or Enrique D\u00edaz\u00a0ofrece su comentario sobre el\u00a0Evangelio del pr\u00f3ximo 12 de septiembre de 2021, titulado \u201cPregunta inquietante\u201d","breadcrumb":{"@id":"https:\/\/exaudi.org\/es\/evangelio-12-de-septiembre-comentario-de-mons-enrique-diaz\/#breadcrumb"},"inLanguage":"es","potentialAction":[{"@type":"ReadAction","target":["https:\/\/exaudi.org\/es\/evangelio-12-de-septiembre-comentario-de-mons-enrique-diaz\/"]}]},{"@type":"ImageObject","inLanguage":"es","@id":"https:\/\/exaudi.org\/es\/evangelio-12-de-septiembre-comentario-de-mons-enrique-diaz\/#primaryimage","url":"https:\/\/exaudi.org\/wp-content\/uploads\/2021\/09\/pexels-julia-filirovska-4913769-scaled.jpg","contentUrl":"https:\/\/exaudi.org\/wp-content\/uploads\/2021\/09\/pexels-julia-filirovska-4913769-scaled.jpg","width":2560,"height":1707,"caption":"Pregunta \u00a9 Pexels .Julia Filirovska"},{"@type":"BreadcrumbList","@id":"https:\/\/exaudi.org\/es\/evangelio-12-de-septiembre-comentario-de-mons-enrique-diaz\/#breadcrumb","itemListElement":[{"@type":"ListItem","position":1,"name":"Portada","item":"https:\/\/exaudi.org\/es\/"},{"@type":"ListItem","position":2,"name":"Evangelio, 12 de septiembre: Comentario de Mons. Enrique D\u00edaz"}]},{"@type":"WebSite","@id":"https:\/\/exaudi.org\/#website","url":"https:\/\/exaudi.org\/","name":"Exaudi","description":"News","potentialAction":[{"@type":"SearchAction","target":{"@type":"EntryPoint","urlTemplate":"https:\/\/exaudi.org\/?s={search_term_string}"},"query-input":{"@type":"PropertyValueSpecification","valueRequired":true,"valueName":"search_term_string"}}],"inLanguage":"es"},{"@type":"Person","@id":"https:\/\/exaudi.org\/#\/schema\/person\/c02ffbd10830fa375f6882f7dcf1844d","name":"Enrique D\u00edaz","image":{"@type":"ImageObject","inLanguage":"es","@id":"https:\/\/secure.gravatar.com\/avatar\/7ca10be5325a95d04b74082d68ba605aa69611eb0f68f47096cb1bc349873284?s=96&d=mm&r=g","url":"https:\/\/secure.gravatar.com\/avatar\/7ca10be5325a95d04b74082d68ba605aa69611eb0f68f47096cb1bc349873284?s=96&d=mm&r=g","contentUrl":"https:\/\/secure.gravatar.com\/avatar\/7ca10be5325a95d04b74082d68ba605aa69611eb0f68f47096cb1bc349873284?s=96&d=mm&r=g","caption":"Enrique D\u00edaz"},"description":"Naci\u00f3 en Huandacareo, Michoac\u00e1n, M\u00e9xico, en 1952. Realiz\u00f3 sus estudios de Filosof\u00eda y Teolog\u00eda en el Seminario de Morelia. Ordenado di\u00e1cono el 22 de mayo de 1977, y presb\u00edtero el 23 de octubre del mismo a\u00f1o. Obtuvo la Licenciatura en Sagrada Escritura en el Pontificio Instituto B\u00edblico en Roma. Ha desarrollado m\u00faltiples encargos pastorales como el de capell\u00e1n de la rector\u00eda de las Tres Aves Mar\u00edas; responsable de la Pastoral B\u00edblica Diocesana y director de la Escuela B\u00edblica en Morelia; maestro de Biblia en el Seminario Conciliar de Morelia, p\u00e1rroco de la Parroquia de Nuestra Se\u00f1ora de Guadalupe, Col. Guadalupe, Morelia; o vicario episcopal para la Zona de Nuestra Se\u00f1ora de la Luz, P\u00e1tzcuaro. Ordenado obispo auxiliar de san Crist\u00f3bal de las Casas en 2003. En la Conferencia Episcopal form\u00f3 parte de las Comisiones de Biblia, Diaconado y Ministerios Laicales. Fue responsable de las Dimensiones de Ministerios Laicales, de Educaci\u00f3n y Cultura. Ha participado en encuentros latinoamericanos y mundiales sobre el Diaconado Permanente. Actualmente es el responsable de la Dimensi\u00f3n de Pastoral de la Cultura. Particip\u00f3 como Miembro del S\u00ednodo de Obispos sobre la Palabra de Dios en la Vida y Misi\u00f3n de la Iglesia en Roma, en 2008. Recibi\u00f3 el nombramiento de obispo coadjutor de San Crist\u00f3bal de las Casas en 2014. Nombrado II obispo de Irapuato el d\u00eda 11 de marzo, tom\u00f3 posesi\u00f3n el 19 de Mayo. Colabora en varias revistas y publicaciones sobre todo con la reflexi\u00f3n diaria y dominical tanto en audio como escrita.","url":"https:\/\/exaudi.org\/es\/author\/enriquediaz\/"}]}},"jetpack_featured_media_url":"https:\/\/exaudi.org\/wp-content\/uploads\/2021\/09\/pexels-julia-filirovska-4913769-scaled.jpg","jetpack_shortlink":"https:\/\/wp.me\/pgKjF2-8ph","_links":{"self":[{"href":"https:\/\/exaudi.org\/es\/wp-json\/wp\/v2\/posts\/32319","targetHints":{"allow":["GET"]}}],"collection":[{"href":"https:\/\/exaudi.org\/es\/wp-json\/wp\/v2\/posts"}],"about":[{"href":"https:\/\/exaudi.org\/es\/wp-json\/wp\/v2\/types\/post"}],"author":[{"embeddable":true,"href":"https:\/\/exaudi.org\/es\/wp-json\/wp\/v2\/users\/25"}],"replies":[{"embeddable":true,"href":"https:\/\/exaudi.org\/es\/wp-json\/wp\/v2\/comments?post=32319"}],"version-history":[{"count":0,"href":"https:\/\/exaudi.org\/es\/wp-json\/wp\/v2\/posts\/32319\/revisions"}],"wp:featuredmedia":[{"embeddable":true,"href":"https:\/\/exaudi.org\/es\/wp-json\/wp\/v2\/media\/32321"}],"wp:attachment":[{"href":"https:\/\/exaudi.org\/es\/wp-json\/wp\/v2\/media?parent=32319"}],"wp:term":[{"taxonomy":"category","embeddable":true,"href":"https:\/\/exaudi.org\/es\/wp-json\/wp\/v2\/categories?post=32319"},{"taxonomy":"post_tag","embeddable":true,"href":"https:\/\/exaudi.org\/es\/wp-json\/wp\/v2\/tags?post=32319"}],"curies":[{"name":"wp","href":"https:\/\/api.w.org\/{rel}","templated":true}]}}