{"id":32242,"date":"2021-09-08T13:47:13","date_gmt":"2021-09-08T11:47:13","guid":{"rendered":"https:\/\/exaudi.wpengine.com\/?p=32242"},"modified":"2021-09-08T13:47:29","modified_gmt":"2021-09-08T11:47:29","slug":"congregacion-para-clero-nuevo-secretario","status":"publish","type":"post","link":"https:\/\/exaudi.org\/es\/congregacion-para-clero-nuevo-secretario\/","title":{"rendered":"Congregaci\u00f3n para el Clero: Nuevo secretario"},"content":{"rendered":"<p>El <a href=\"https:\/\/exaudi.wpengine.com\/es\/la-filiacion-divina-fundamento-de-la-verdadera-igualdad\/\" target=\"_blank\" rel=\"noopener\">Papa Francisco<\/a> ha nombrado secretario de la Congregaci\u00f3n para el Clero al reverendo Andr\u00e9s Gabriel Ferrada Moreira, hasta ahora oficial de la misma Congregaci\u00f3n asign\u00e1ndole la sede titular arzobispal de Tiburnia. El nombramiento se har\u00e1 efectivo el 1 de octubre de 2021. De esta manera ha informado hoy, mi\u00e9rcoles 8 de septiembre, la <a href=\"https:\/\/www.vatican.va\/news_services\/press\/index_sp.htm\" target=\"_blank\" rel=\"noopener\">Oficina de Prensa de la Santa Sede.<\/a><\/p>\n<h4><strong>Mons. Andr\u00e9s Gabriel Ferrada Moreira<\/strong><\/h4>\n<p>Naci\u00f3 en Santiago de Chile el 10 de junio de 1969. Fue ordenado sacerdote de la archidi\u00f3cesis metropolitana de Santiago de Chile el 3 de julio de 1999. Se doctor\u00f3 en Teolog\u00eda por la Pontificia Universidad Gregoriana en 2006. Ha desempe\u00f1ado diversos cargos pastorales en la di\u00f3cesis, entre ellos el de director de estudios y prefecto de teolog\u00eda en el Seminario Mayor de los Santos \u00c1ngeles Custodios (Santiago de Chile). Desde 2018 hasta ahora ha sido oficial de la Congregaci\u00f3n para el Clero.<\/p>\n<h4><strong>Congregaci\u00f3n para el Clero<\/strong><\/h4>\n<p>El Vaticano ilustra que esta Congregaci\u00f3n es la nueva denominaci\u00f3n dada por Pablo VI a la Congregaci\u00f3n del Concilio, con la Constituci\u00f3n Apost\u00f3lica <i>Regimini Ecclesiae Universae<\/i> del 15 agosto de 1967. La historia de esta Congregaci\u00f3n se enlaza con aquella <em>Congregatio Cardenalium Concilii Tridentini interpretum<\/em>, instituida por P\u00edo IV con la Const. Apost.\u00a0<i>Alias Nos\u00a0<\/i>del 2 de agosto de 1564, para cuidar la recta interpretaci\u00f3n y observaci\u00f3n pr\u00e1ctica de las normas sancionadas por el Concilio de Trento.<\/p>\n<p>Gregorio XIII le aument\u00f3 sus atribuciones, y Sixto V confi\u00f3 a ella la revisi\u00f3n de los actos de los concilios provinciales y, en general, la tarea de promover la actuaci\u00f3n de las reformas fijadas por el Concilio de Trento. Sucesivamente, la tarea de interpretar los c\u00e1nones del celebre Concilio se le quitaron y la competencia por dem\u00e1s ampl\u00edsima de este dicasterio pas\u00f3 poco a poco a otras Congregaciones que iban surgiendo.<\/p>\n<p>Sin embargo, el dicasterio conserv\u00f3 su hist\u00f3rico nombre de Sagrada Congregaci\u00f3n del Concilio hasta el 31 de diciembre de 1967. Antes de la nueva denominaci\u00f3n y de las nuevas atribuciones de competencias fijadas por Pablo VI en la citada Const. Apost\u00f3lica, las tareas de la Congregaci\u00f3n estaban indicadas en el canon 250 del C\u00f3digo de Derecho Can\u00f3nico.<\/p>\n<p>Las tres secciones que recogen las competencias de esta Congregaci\u00f3n son el oficio del clero, que recoge, sugiere y promueve iniciativas para la santidad y la actualizaci\u00f3n intelectual y pastoral del clero (sacerdotes diocesanos y di\u00e1conos) y para su formaci\u00f3n permanente, el oficio catequ\u00e9tico, que cuida la promoci\u00f3n de la formaci\u00f3n religiosa de los fieles de toda edad y condici\u00f3n, y el oficio administrativo, que es competente en materia de conservaci\u00f3n y administraci\u00f3n de los bienes temporales de la Iglesia.<\/p>\n","protected":false},"excerpt":{"rendered":"<p>Mons. Andr\u00e9s Gabriel Ferrada Moreira<\/p>\n","protected":false},"author":6,"featured_media":32246,"comment_status":"closed","ping_status":"closed","sticky":false,"template":"","format":"standard","meta":{"_acf_changed":false,"_crdt_document":"","inline_featured_image":false,"footnotes":""},"categories":[138,298],"tags":[2810,4036,292,4035],"class_list":["post-32242","post","type-post","status-publish","format-standard","has-post-thumbnail","hentry","category-dicasterios","category-ultimas-noticias","tag-congregacion-para-el-clero","tag-monsenor-andres-gabriel-moreira","tag-nombramiento","tag-secretario"],"acf":[],"yoast_head":"<!-- This site is optimized with the Yoast SEO plugin v27.5 - https:\/\/yoast.com\/product\/yoast-seo-wordpress\/ -->\n<title>Congregaci\u00f3n para el Clero: Nuevo secretario &#8211; Exaudi<\/title>\n<meta name=\"description\" content=\"El Papa ha nombrado secretario de la Congregaci\u00f3n para el Clero al reverendo Andr\u00e9s Gabriel Ferrada Moreira, con sede titular de Tiburnia.\" \/>\n<meta name=\"robots\" content=\"index, follow, max-snippet:-1, max-image-preview:large, max-video-preview:-1\" \/>\n<link rel=\"canonical\" href=\"https:\/\/exaudi.org\/es\/congregacion-para-clero-nuevo-secretario\/\" \/>\n<meta property=\"og:locale\" content=\"es_ES\" \/>\n<meta property=\"og:type\" content=\"article\" \/>\n<meta property=\"og:title\" content=\"Congregaci\u00f3n para el Clero: Nuevo secretario &#8211; Exaudi\" \/>\n<meta property=\"og:description\" content=\"El Papa ha nombrado secretario de la Congregaci\u00f3n para el Clero al reverendo Andr\u00e9s Gabriel Ferrada Moreira, con sede titular de Tiburnia.\" \/>\n<meta property=\"og:url\" content=\"https:\/\/exaudi.org\/es\/congregacion-para-clero-nuevo-secretario\/\" \/>\n<meta property=\"og:site_name\" content=\"Exaudi\" \/>\n<meta property=\"article:publisher\" content=\"https:\/\/www.facebook.com\/ExaudiNews\" \/>\n<meta property=\"article:published_time\" content=\"2021-09-08T11:47:13+00:00\" \/>\n<meta property=\"article:modified_time\" content=\"2021-09-08T11:47:29+00:00\" \/>\n<meta property=\"og:image\" content=\"https:\/\/exaudi.org\/wp-content\/uploads\/2021\/09\/23c4324c23c4423.jpeg\" \/>\n\t<meta property=\"og:image:width\" content=\"1455\" \/>\n\t<meta property=\"og:image:height\" content=\"819\" \/>\n\t<meta property=\"og:image:type\" content=\"image\/jpeg\" \/>\n<meta name=\"author\" content=\"Gabriel Sales\" \/>\n<meta name=\"twitter:card\" content=\"summary_large_image\" \/>\n<meta name=\"twitter:creator\" content=\"@habemusman\" \/>\n<meta name=\"twitter:site\" content=\"@Exaudi_News\" \/>\n<meta name=\"twitter:label1\" content=\"Escrito por\" \/>\n\t<meta name=\"twitter:data1\" content=\"Gabriel Sales\" \/>\n\t<meta name=\"twitter:label2\" content=\"Tiempo de lectura\" \/>\n\t<meta name=\"twitter:data2\" content=\"2 minutos\" \/>\n<script type=\"application\/ld+json\" class=\"yoast-schema-graph\">{\"@context\":\"https:\\\/\\\/schema.org\",\"@graph\":[{\"@type\":\"Article\",\"@id\":\"https:\\\/\\\/exaudi.org\\\/es\\\/congregacion-para-clero-nuevo-secretario\\\/#article\",\"isPartOf\":{\"@id\":\"https:\\\/\\\/exaudi.org\\\/es\\\/congregacion-para-clero-nuevo-secretario\\\/\"},\"author\":{\"name\":\"Gabriel Sales\",\"@id\":\"https:\\\/\\\/exaudi.org\\\/#\\\/schema\\\/person\\\/d134b96438278131ce90c90c03fda6cd\"},\"headline\":\"Congregaci\u00f3n para el Clero: Nuevo secretario\",\"datePublished\":\"2021-09-08T11:47:13+00:00\",\"dateModified\":\"2021-09-08T11:47:29+00:00\",\"mainEntityOfPage\":{\"@id\":\"https:\\\/\\\/exaudi.org\\\/es\\\/congregacion-para-clero-nuevo-secretario\\\/\"},\"wordCount\":475,\"image\":{\"@id\":\"https:\\\/\\\/exaudi.org\\\/es\\\/congregacion-para-clero-nuevo-secretario\\\/#primaryimage\"},\"thumbnailUrl\":\"https:\\\/\\\/exaudi.org\\\/wp-content\\\/uploads\\\/2021\\\/09\\\/23c4324c23c4423.jpeg\",\"keywords\":[\"Congregaci\u00f3n para el Clero\",\"Monse\u00f1or Andr\u00e9s Gabriel Moreira\",\"Nombramiento\",\"Secretario\"],\"articleSection\":[\"Dicasterios\",\"\u00daltimas noticias\"],\"inLanguage\":\"es\"},{\"@type\":\"WebPage\",\"@id\":\"https:\\\/\\\/exaudi.org\\\/es\\\/congregacion-para-clero-nuevo-secretario\\\/\",\"url\":\"https:\\\/\\\/exaudi.org\\\/es\\\/congregacion-para-clero-nuevo-secretario\\\/\",\"name\":\"Congregaci\u00f3n para el Clero: Nuevo secretario &#8211; Exaudi\",\"isPartOf\":{\"@id\":\"https:\\\/\\\/exaudi.org\\\/#website\"},\"primaryImageOfPage\":{\"@id\":\"https:\\\/\\\/exaudi.org\\\/es\\\/congregacion-para-clero-nuevo-secretario\\\/#primaryimage\"},\"image\":{\"@id\":\"https:\\\/\\\/exaudi.org\\\/es\\\/congregacion-para-clero-nuevo-secretario\\\/#primaryimage\"},\"thumbnailUrl\":\"https:\\\/\\\/exaudi.org\\\/wp-content\\\/uploads\\\/2021\\\/09\\\/23c4324c23c4423.jpeg\",\"datePublished\":\"2021-09-08T11:47:13+00:00\",\"dateModified\":\"2021-09-08T11:47:29+00:00\",\"author\":{\"@id\":\"https:\\\/\\\/exaudi.org\\\/#\\\/schema\\\/person\\\/d134b96438278131ce90c90c03fda6cd\"},\"description\":\"El Papa ha nombrado secretario de la Congregaci\u00f3n para el Clero al reverendo Andr\u00e9s Gabriel Ferrada Moreira, con sede titular de Tiburnia.\",\"breadcrumb\":{\"@id\":\"https:\\\/\\\/exaudi.org\\\/es\\\/congregacion-para-clero-nuevo-secretario\\\/#breadcrumb\"},\"inLanguage\":\"es\",\"potentialAction\":[{\"@type\":\"ReadAction\",\"target\":[\"https:\\\/\\\/exaudi.org\\\/es\\\/congregacion-para-clero-nuevo-secretario\\\/\"]}]},{\"@type\":\"ImageObject\",\"inLanguage\":\"es\",\"@id\":\"https:\\\/\\\/exaudi.org\\\/es\\\/congregacion-para-clero-nuevo-secretario\\\/#primaryimage\",\"url\":\"https:\\\/\\\/exaudi.org\\\/wp-content\\\/uploads\\\/2021\\\/09\\\/23c4324c23c4423.jpeg\",\"contentUrl\":\"https:\\\/\\\/exaudi.org\\\/wp-content\\\/uploads\\\/2021\\\/09\\\/23c4324c23c4423.jpeg\",\"width\":1455,\"height\":819,\"caption\":\"Congregaci\u00f3n para el Clero \u00a9 Vatican Media\"},{\"@type\":\"BreadcrumbList\",\"@id\":\"https:\\\/\\\/exaudi.org\\\/es\\\/congregacion-para-clero-nuevo-secretario\\\/#breadcrumb\",\"itemListElement\":[{\"@type\":\"ListItem\",\"position\":1,\"name\":\"Portada\",\"item\":\"https:\\\/\\\/exaudi.org\\\/es\\\/\"},{\"@type\":\"ListItem\",\"position\":2,\"name\":\"Congregaci\u00f3n para el Clero: Nuevo secretario\"}]},{\"@type\":\"WebSite\",\"@id\":\"https:\\\/\\\/exaudi.org\\\/#website\",\"url\":\"https:\\\/\\\/exaudi.org\\\/\",\"name\":\"Exaudi\",\"description\":\"News\",\"potentialAction\":[{\"@type\":\"SearchAction\",\"target\":{\"@type\":\"EntryPoint\",\"urlTemplate\":\"https:\\\/\\\/exaudi.org\\\/?s={search_term_string}\"},\"query-input\":{\"@type\":\"PropertyValueSpecification\",\"valueRequired\":true,\"valueName\":\"search_term_string\"}}],\"inLanguage\":\"es\"},{\"@type\":\"Person\",\"@id\":\"https:\\\/\\\/exaudi.org\\\/#\\\/schema\\\/person\\\/d134b96438278131ce90c90c03fda6cd\",\"name\":\"Gabriel Sales\",\"image\":{\"@type\":\"ImageObject\",\"inLanguage\":\"es\",\"@id\":\"https:\\\/\\\/secure.gravatar.com\\\/avatar\\\/9b1269566f6a063ed26ffb3532b66a373cdde231ce5d0effb266167437fdaffd?s=96&d=mm&r=g\",\"url\":\"https:\\\/\\\/secure.gravatar.com\\\/avatar\\\/9b1269566f6a063ed26ffb3532b66a373cdde231ce5d0effb266167437fdaffd?s=96&d=mm&r=g\",\"contentUrl\":\"https:\\\/\\\/secure.gravatar.com\\\/avatar\\\/9b1269566f6a063ed26ffb3532b66a373cdde231ce5d0effb266167437fdaffd?s=96&d=mm&r=g\",\"caption\":\"Gabriel Sales\"},\"description\":\"Periodista y especialista en Comunicaci\u00f3n y Branding digital. Cin\u00e9filo y cr\u00edtico de cine y series de televisi\u00f3n.\",\"sameAs\":[\"https:\\\/\\\/www.instagram.com\\\/cine90segundos\\\/\",\"www.linkedin.com\\\/in\\\/habemusman\",\"https:\\\/\\\/x.com\\\/habemusman\",\"https:\\\/\\\/www.youtube.com\\\/channel\\\/UCVfCiOMkJ_C7T7OpyjuaLDg\"],\"url\":\"https:\\\/\\\/exaudi.org\\\/es\\\/author\\\/gsalesexaudi-org\\\/\"}]}<\/script>\n<!-- \/ Yoast SEO plugin. -->","yoast_head_json":{"title":"Congregaci\u00f3n para el Clero: Nuevo secretario &#8211; Exaudi","description":"El Papa ha nombrado secretario de la Congregaci\u00f3n para el Clero al reverendo Andr\u00e9s Gabriel Ferrada Moreira, con sede titular de Tiburnia.","robots":{"index":"index","follow":"follow","max-snippet":"max-snippet:-1","max-image-preview":"max-image-preview:large","max-video-preview":"max-video-preview:-1"},"canonical":"https:\/\/exaudi.org\/es\/congregacion-para-clero-nuevo-secretario\/","og_locale":"es_ES","og_type":"article","og_title":"Congregaci\u00f3n para el Clero: Nuevo secretario &#8211; Exaudi","og_description":"El Papa ha nombrado secretario de la Congregaci\u00f3n para el Clero al reverendo Andr\u00e9s Gabriel Ferrada Moreira, con sede titular de Tiburnia.","og_url":"https:\/\/exaudi.org\/es\/congregacion-para-clero-nuevo-secretario\/","og_site_name":"Exaudi","article_publisher":"https:\/\/www.facebook.com\/ExaudiNews","article_published_time":"2021-09-08T11:47:13+00:00","article_modified_time":"2021-09-08T11:47:29+00:00","og_image":[{"width":1455,"height":819,"url":"https:\/\/exaudi.org\/wp-content\/uploads\/2021\/09\/23c4324c23c4423.jpeg","type":"image\/jpeg"}],"author":"Gabriel Sales","twitter_card":"summary_large_image","twitter_creator":"@habemusman","twitter_site":"@Exaudi_News","twitter_misc":{"Escrito por":"Gabriel Sales","Tiempo de lectura":"2 minutos"},"schema":{"@context":"https:\/\/schema.org","@graph":[{"@type":"Article","@id":"https:\/\/exaudi.org\/es\/congregacion-para-clero-nuevo-secretario\/#article","isPartOf":{"@id":"https:\/\/exaudi.org\/es\/congregacion-para-clero-nuevo-secretario\/"},"author":{"name":"Gabriel Sales","@id":"https:\/\/exaudi.org\/#\/schema\/person\/d134b96438278131ce90c90c03fda6cd"},"headline":"Congregaci\u00f3n para el Clero: Nuevo secretario","datePublished":"2021-09-08T11:47:13+00:00","dateModified":"2021-09-08T11:47:29+00:00","mainEntityOfPage":{"@id":"https:\/\/exaudi.org\/es\/congregacion-para-clero-nuevo-secretario\/"},"wordCount":475,"image":{"@id":"https:\/\/exaudi.org\/es\/congregacion-para-clero-nuevo-secretario\/#primaryimage"},"thumbnailUrl":"https:\/\/exaudi.org\/wp-content\/uploads\/2021\/09\/23c4324c23c4423.jpeg","keywords":["Congregaci\u00f3n para el Clero","Monse\u00f1or Andr\u00e9s Gabriel Moreira","Nombramiento","Secretario"],"articleSection":["Dicasterios","\u00daltimas noticias"],"inLanguage":"es"},{"@type":"WebPage","@id":"https:\/\/exaudi.org\/es\/congregacion-para-clero-nuevo-secretario\/","url":"https:\/\/exaudi.org\/es\/congregacion-para-clero-nuevo-secretario\/","name":"Congregaci\u00f3n para el Clero: Nuevo secretario &#8211; Exaudi","isPartOf":{"@id":"https:\/\/exaudi.org\/#website"},"primaryImageOfPage":{"@id":"https:\/\/exaudi.org\/es\/congregacion-para-clero-nuevo-secretario\/#primaryimage"},"image":{"@id":"https:\/\/exaudi.org\/es\/congregacion-para-clero-nuevo-secretario\/#primaryimage"},"thumbnailUrl":"https:\/\/exaudi.org\/wp-content\/uploads\/2021\/09\/23c4324c23c4423.jpeg","datePublished":"2021-09-08T11:47:13+00:00","dateModified":"2021-09-08T11:47:29+00:00","author":{"@id":"https:\/\/exaudi.org\/#\/schema\/person\/d134b96438278131ce90c90c03fda6cd"},"description":"El Papa ha nombrado secretario de la Congregaci\u00f3n para el Clero al reverendo Andr\u00e9s Gabriel Ferrada Moreira, con sede titular de Tiburnia.","breadcrumb":{"@id":"https:\/\/exaudi.org\/es\/congregacion-para-clero-nuevo-secretario\/#breadcrumb"},"inLanguage":"es","potentialAction":[{"@type":"ReadAction","target":["https:\/\/exaudi.org\/es\/congregacion-para-clero-nuevo-secretario\/"]}]},{"@type":"ImageObject","inLanguage":"es","@id":"https:\/\/exaudi.org\/es\/congregacion-para-clero-nuevo-secretario\/#primaryimage","url":"https:\/\/exaudi.org\/wp-content\/uploads\/2021\/09\/23c4324c23c4423.jpeg","contentUrl":"https:\/\/exaudi.org\/wp-content\/uploads\/2021\/09\/23c4324c23c4423.jpeg","width":1455,"height":819,"caption":"Congregaci\u00f3n para el Clero \u00a9 Vatican Media"},{"@type":"BreadcrumbList","@id":"https:\/\/exaudi.org\/es\/congregacion-para-clero-nuevo-secretario\/#breadcrumb","itemListElement":[{"@type":"ListItem","position":1,"name":"Portada","item":"https:\/\/exaudi.org\/es\/"},{"@type":"ListItem","position":2,"name":"Congregaci\u00f3n para el Clero: Nuevo secretario"}]},{"@type":"WebSite","@id":"https:\/\/exaudi.org\/#website","url":"https:\/\/exaudi.org\/","name":"Exaudi","description":"News","potentialAction":[{"@type":"SearchAction","target":{"@type":"EntryPoint","urlTemplate":"https:\/\/exaudi.org\/?s={search_term_string}"},"query-input":{"@type":"PropertyValueSpecification","valueRequired":true,"valueName":"search_term_string"}}],"inLanguage":"es"},{"@type":"Person","@id":"https:\/\/exaudi.org\/#\/schema\/person\/d134b96438278131ce90c90c03fda6cd","name":"Gabriel Sales","image":{"@type":"ImageObject","inLanguage":"es","@id":"https:\/\/secure.gravatar.com\/avatar\/9b1269566f6a063ed26ffb3532b66a373cdde231ce5d0effb266167437fdaffd?s=96&d=mm&r=g","url":"https:\/\/secure.gravatar.com\/avatar\/9b1269566f6a063ed26ffb3532b66a373cdde231ce5d0effb266167437fdaffd?s=96&d=mm&r=g","contentUrl":"https:\/\/secure.gravatar.com\/avatar\/9b1269566f6a063ed26ffb3532b66a373cdde231ce5d0effb266167437fdaffd?s=96&d=mm&r=g","caption":"Gabriel Sales"},"description":"Periodista y especialista en Comunicaci\u00f3n y Branding digital. Cin\u00e9filo y cr\u00edtico de cine y series de televisi\u00f3n.","sameAs":["https:\/\/www.instagram.com\/cine90segundos\/","www.linkedin.com\/in\/habemusman","https:\/\/x.com\/habemusman","https:\/\/www.youtube.com\/channel\/UCVfCiOMkJ_C7T7OpyjuaLDg"],"url":"https:\/\/exaudi.org\/es\/author\/gsalesexaudi-org\/"}]}},"jetpack_featured_media_url":"https:\/\/exaudi.org\/wp-content\/uploads\/2021\/09\/23c4324c23c4423.jpeg","jetpack_shortlink":"https:\/\/wp.me\/pgKjF2-8o2","_links":{"self":[{"href":"https:\/\/exaudi.org\/es\/wp-json\/wp\/v2\/posts\/32242","targetHints":{"allow":["GET"]}}],"collection":[{"href":"https:\/\/exaudi.org\/es\/wp-json\/wp\/v2\/posts"}],"about":[{"href":"https:\/\/exaudi.org\/es\/wp-json\/wp\/v2\/types\/post"}],"author":[{"embeddable":true,"href":"https:\/\/exaudi.org\/es\/wp-json\/wp\/v2\/users\/6"}],"replies":[{"embeddable":true,"href":"https:\/\/exaudi.org\/es\/wp-json\/wp\/v2\/comments?post=32242"}],"version-history":[{"count":0,"href":"https:\/\/exaudi.org\/es\/wp-json\/wp\/v2\/posts\/32242\/revisions"}],"wp:featuredmedia":[{"embeddable":true,"href":"https:\/\/exaudi.org\/es\/wp-json\/wp\/v2\/media\/32246"}],"wp:attachment":[{"href":"https:\/\/exaudi.org\/es\/wp-json\/wp\/v2\/media?parent=32242"}],"wp:term":[{"taxonomy":"category","embeddable":true,"href":"https:\/\/exaudi.org\/es\/wp-json\/wp\/v2\/categories?post=32242"},{"taxonomy":"post_tag","embeddable":true,"href":"https:\/\/exaudi.org\/es\/wp-json\/wp\/v2\/tags?post=32242"}],"curies":[{"name":"wp","href":"https:\/\/api.w.org\/{rel}","templated":true}]}}