{"id":32233,"date":"2021-09-08T13:26:24","date_gmt":"2021-09-08T11:26:24","guid":{"rendered":"https:\/\/exaudi.wpengine.com\/?p=32233"},"modified":"2021-09-09T09:31:15","modified_gmt":"2021-09-09T07:31:15","slug":"fundacion-populorum-progressio-createcop26","status":"publish","type":"post","link":"https:\/\/exaudi.org\/es\/fundacion-populorum-progressio-createcop26\/","title":{"rendered":"La Fundaci\u00f3n Populorum Progressio se une a la #CREATECOP26"},"content":{"rendered":"<p>La <a href=\"https:\/\/populorumprogressio.org\/\" target=\"_blank\" rel=\"noopener\">Fundaci\u00f3n <\/a><span style=\"font-weight: 400;\"><em>Populorum Progressio<\/em> (FPP), dependiente del <a href=\"https:\/\/www.humandevelopment.va\/es.html\" target=\"_blank\" rel=\"noopener\">Dicasterio para el Servicio al Desarrollo Humano Integral<\/a>, se une a la iniciativa #CreateCOP26 lanzada por la agencia creativa <em>Art Partner\u00a0<\/em>y la UNESCO, con motivo de la\u00a0<\/span><span style=\"font-weight: 400;\"><a href=\"https:\/\/ukcop26.org\/\" target=\"_blank\" rel=\"noopener\">cumbre clim\u00e1tica de las Naciones Unidas COP26<\/a> a celebrarse en Glasgow, Escocia, del 31 de octubre al 12 de noviembre de 2021.<\/span><\/p>\n<p><span style=\"font-weight: 400;\">Seg\u00fan ha informado el Dicasterio en una nota, la #CreateCOP26 es un llamado a todos los j\u00f3venes artistas y creativos del mundo, entre 14 y 30 a\u00f1os de edad, para responder a trav\u00e9s del arte a la emergencia clim\u00e1tica. Es posible participar presentando todo tipo de creaci\u00f3n art\u00edstica, como proyectos de fotograf\u00eda, documentales, cine experimental, arte de performance, palabra hablada, composiciones musicales, dise\u00f1os de moda, mensajes que puedan ser difundidos a trav\u00e9s de medios de comunicaci\u00f3n o redes sociales, entre otros. La convocatoria tiene como finalidad crear conciencia e inspirar debates y acciones sobre los objetivos clim\u00e1ticos, el calentamiento global y sus consecuencias.\u00a0\u00a0<\/span><\/p>\n<p><span style=\"font-weight: 400;\">La Fundaci\u00f3n <em>Populorum Progressio<\/em> (FPP) se une a esta iniciativa en el marco del llamado hecho por el Papa Francisco en su enc\u00edclica <em>Laudato Si\u2019<\/em>: \u201cSi tenemos en cuenta la complejidad de la crisis ecol\u00f3gica y sus m\u00faltiples causas, deber\u00edamos reconocer que las soluciones no pueden llegar desde un \u00fanico modo de interpretar y transformar la realidad. Tambi\u00e9n es necesario acudir a las diversas riquezas culturales de los pueblos, al arte y a la <\/span><span style=\"font-weight: 400;\">poes\u00eda, a la vida interior y a la espiritualidad\u201d (LS 63).<\/span><\/p>\n<h4><strong>Inscripci\u00f3n y evaluaci\u00f3n<\/strong><\/h4>\n<p><span style=\"font-weight: 400;\">Las inscripciones est\u00e1n abiertas desde el 20 de julio hasta el 20 de septiembre de 2021. Ocho finalistas recibir\u00e1n premios en efectivo de US$10.000, US$5.000 o US$2000 y 20 participantes recibir\u00e1n menciones de honor. Adem\u00e1s, sus trabajos ser\u00e1n publicados en una exhibici\u00f3n virtual organizada por artpartner.com y presentados en <\/span><a href=\"https:\/\/www.instagram.com\/artpartner\/?hl=en\"><span style=\"font-weight: 400;\">@<\/span><span style=\"font-weight: 400;\">artpartner<\/span><\/a> <span style=\"font-weight: 400;\">Instagram (alrededor de 350mil seguidores). Tambi\u00e9n tendr\u00e1n la oportunidad de aparecer en la prensa y los medios internacionales que apoyan la #CreateCOP26.\u00a0<\/span><\/p>\n<p><span style=\"font-weight: 400;\">Las propuestas ser\u00e1n evaluadas por un jurado reconocido a nivel mundial, compuesto por expertos de la industria y l\u00edderes en los campos de las artes y las ciencias: Lidia Brito, directora regional de Ciencia de la UNESCO para Am\u00e9rica Latina y el Caribe; Han Feng, artista; Candice Marks, senior agente global de <em>Art Partner<\/em>; Tyler Mitchell, fot\u00f3grafo y cineasta; Marina Testino, defensora de la Moda Sostenible; Ferdinando Verderi , director creativo de <em>Vogue<\/em> Italia; Matt Williams, curador de <em>Camden Art Center<\/em>; Shaway Yeh, fundadora de <em>Yehyehyeh<\/em> y directora editorial de <em>Group Style<\/em> de <em>Modern Media<\/em> en China.<\/span><\/p>\n<p><span style=\"font-weight: 400;\">\u00bfQu\u00e9 tipo de mundo queremos dejar a quienes nos sucedan, a los ni\u00f1os que est\u00e1n creciendo? Pregunta el Papa en su citada enc\u00edclica <em>Laudato Si\u2019<\/em> (n.160). El interrogante queda abierto a todos los artistas j\u00f3venes del mundo y la FPP\u00a0 invita de modo especial a aquellos de Am\u00e9rica Latina y el Caribe. El Dicasterio asegura que con sus diversas obras art\u00edsticas contribuyan a dar respuestas creativas y contundentes, como lo hizo la joven <\/span><span style=\"font-weight: 400;\">Daphne Guill\u00e9n, de Arequipa, Per\u00fa, que gan\u00f3 uno de los primeros premios en la #CreateCOP25.<\/span><\/p>\n<p>Es posible encontrar m\u00e1s informaci\u00f3n al respecto y presentar propuestas a trav\u00e9s de este enlace:\u00a0<a href=\"https:\/\/en.unesco.org\/news\/climate-emergency-how-can-art-transform-challenge#createcop26\" target=\"_blank\" rel=\"noopener\">https:\/\/en.unesco.org\/news\/climate-emergency-how-can-art-transform-challenge#createcop26<b><\/b><\/a>.<\/p>\n<h4><strong>Fundaci\u00f3n <em>Populorum Progressio<\/em><\/strong><\/h4>\n<p>En su propia web se define como la continuaci\u00f3n, bajo una nueva forma, de un fondo que el Papa Pablo VI hab\u00eda instituido en el a\u00f1o 1968 en su visita a Colombia. Al crear la Fundaci\u00f3n, el Santo Padre invitaba a la Comunidad Internacional, a las instituciones y a las personas de buena voluntad a duplicar los esfuerzos en favor del desarrollo integral de las poblaciones ind\u00edgenas, campesinas y afrodescendientes de Am\u00e9rica Latina.<\/p>\n<p>Esta Fundaci\u00f3n financia cada a\u00f1o el mayor n\u00famero posible de proyectos mediante los cuales favorece el desarrollo integral de las comunidades m\u00e1s pobres. As\u00ed, desde 1993 hasta 2018 se han aprobado 4.471 proyectos por un total de US$ 44.454.176 d\u00f3lares, gracias a la generosidad sobre todo de los cat\u00f3licos italianos, canalizada a trav\u00e9s de su Conferencia Episcopal, as\u00ed como de donativos recibidos de otras personas y organismos eclesiales.<\/p>\n<p>Promueve la autogesti\u00f3n de las comunidades para satisfacer las necesidades b\u00e1sicas, combatir la pobreza e impulsar el desarrollo integral a trav\u00e9s de un modelo de peque\u00f1os proyectos, basado en la participaci\u00f3n de las comunidades con el acompa\u00f1amiento de la Iglesia.<\/p>\n<h4><strong>Dicasterio para el Servicio del Desarrollo Humano Integral<\/strong><\/h4>\n<p>Tal y como describe el propio Dicasterio en su web, fue instituido por el Santo Padre por medio de la Carta Apost\u00f3lica del 17 de agosto de 2016, en forma de\u00a0<a href=\"https:\/\/press.vatican.va\/content\/salastampa\/it\/bollettino\/pubblico\/2016\/08\/31\/0606\/01365.html\" target=\"_blank\" rel=\"noopener noreferrer\"><i>Motu Proprio<\/i>,\u00a0<i>Humanam Progressionem<\/i><\/a>.<\/p>\n<p>En el Dicasterio confluyen, desde el 1 de enero de 2017, las competencias del Pontificio Consejo Justicia y Paz, del Pontificio Consejo\u00a0<i>Cor Unum<\/i>, del Pontificio Consejo para la Pastoral de los Emigrantes e Itinerantes y el Pontificio Consejo para los Agentes Sanitarios (para la Pastoral de la Salud).<\/p>\n<p>Se constituyen en el Dicasterio la Comisi\u00f3n para la Caridad, la Comisi\u00f3n para la Ecolog\u00eda y la Comisi\u00f3n para los Operadores Sanitarios, que opera seg\u00fan sus normas.<\/p>\n<p>Una\u00a0Secci\u00f3n\u00a0del Dicasterio se ocupa concretamente de lo que concierne a los migrantes, los pr\u00f3fugos y las v\u00edctimas de la trata de seres humanos, siguiendo con la debida atenci\u00f3n las cuestiones relacionadas con las necesidades de quienes se ven obligados a abandonar su patria o han sido privados de ella. Esta secci\u00f3n se encuentra\u00a0<i>ad tempus\u00a0<\/i>bajo la gu\u00eda del Sumo Pont\u00edfice, quien la ejerce de la forma que considera apropiada con la ayuda de dos Subsecretarios.<\/p>\n<p>El Dicasterio es competente en la relaci\u00f3n con\u00a0<i><a href=\"https:\/\/exaudi.org\/es\/mensaje-cuaresma-caritas-internationalis-2021\/\" target=\"_blank\" rel=\"noopener noreferrer\">Caritas Internationalis<\/a><\/i>\u00a0seg\u00fan su Estatutos; mantiene una estrecha relaci\u00f3n con la Pontificia Academia de las Ciencias Sociales, teniendo en cuenta sus Estatutos, y colabora \u200b\u200bcon la Secretar\u00eda de Estado tambi\u00e9n participando en las delegaciones de la Santa Sede en los encuentros intergubernamentales en materia de su competencia.<\/p>\n<p>El Dicasterio tambi\u00e9n es responsable de las Fundaciones Juan Pablo II para el Sahel y\u00a0<i>Populorum<\/i>\u00a0<i>Progressio<\/i>\u00a0para Am\u00e9rica Latina.<\/p>\n","protected":false},"excerpt":{"rendered":"<p>Concurso para j\u00f3venes artistas frente a la emergencia clim\u00e1tica y por la cumbre clim\u00e1tica COP26<\/p>\n","protected":false},"author":6,"featured_media":32238,"comment_status":"closed","ping_status":"closed","sticky":false,"template":"","format":"standard","meta":{"_acf_changed":false,"_crdt_document":"","inline_featured_image":false,"footnotes":""},"categories":[138,80,298],"tags":[3743,1744,4033],"class_list":["post-32233","post","type-post","status-publish","format-standard","has-post-thumbnail","hentry","category-dicasterios","category-ecologia-es","category-ultimas-noticias","tag-concurso","tag-dicasterio-para-el-servicio-al-desarrollo-humano-integral","tag-fundacion-populorum-progressio"],"acf":[],"yoast_head":"<!-- This site is optimized with the Yoast SEO plugin v27.5 - https:\/\/yoast.com\/product\/yoast-seo-wordpress\/ -->\n<title>La Fundaci\u00f3n Populorum Progressio se une a la #CREATECOP26<\/title>\n<meta name=\"description\" content=\"La Fundaci\u00f3n Populorum Progressio se une a la iniciativa #CreateCOP26 con motivo de la\u00a0cumbre clim\u00e1tica de las Naciones Unidas COP26.\" \/>\n<meta name=\"robots\" content=\"index, follow, max-snippet:-1, max-image-preview:large, max-video-preview:-1\" \/>\n<link rel=\"canonical\" href=\"https:\/\/exaudi.org\/es\/fundacion-populorum-progressio-createcop26\/\" \/>\n<meta property=\"og:locale\" content=\"es_ES\" \/>\n<meta property=\"og:type\" content=\"article\" \/>\n<meta property=\"og:title\" content=\"La Fundaci\u00f3n Populorum Progressio se une a la #CREATECOP26\" \/>\n<meta property=\"og:description\" content=\"La Fundaci\u00f3n Populorum Progressio se une a la iniciativa #CreateCOP26 con motivo de la\u00a0cumbre clim\u00e1tica de las Naciones Unidas COP26.\" \/>\n<meta property=\"og:url\" content=\"https:\/\/exaudi.org\/es\/fundacion-populorum-progressio-createcop26\/\" \/>\n<meta property=\"og:site_name\" content=\"Exaudi\" \/>\n<meta property=\"article:publisher\" content=\"https:\/\/www.facebook.com\/ExaudiNews\" \/>\n<meta property=\"article:published_time\" content=\"2021-09-08T11:26:24+00:00\" \/>\n<meta property=\"article:modified_time\" content=\"2021-09-09T07:31:15+00:00\" \/>\n<meta property=\"og:image\" content=\"https:\/\/exaudi.org\/wp-content\/uploads\/2021\/09\/2c3432c4-scaled.jpg\" \/>\n\t<meta property=\"og:image:width\" content=\"2560\" \/>\n\t<meta property=\"og:image:height\" content=\"1707\" \/>\n\t<meta property=\"og:image:type\" content=\"image\/jpeg\" \/>\n<meta name=\"author\" content=\"Gabriel Sales\" \/>\n<meta name=\"twitter:card\" content=\"summary_large_image\" \/>\n<meta name=\"twitter:creator\" content=\"@habemusman\" \/>\n<meta name=\"twitter:site\" content=\"@Exaudi_News\" \/>\n<meta name=\"twitter:label1\" content=\"Escrito por\" \/>\n\t<meta name=\"twitter:data1\" content=\"Gabriel Sales\" \/>\n\t<meta name=\"twitter:label2\" content=\"Tiempo de lectura\" \/>\n\t<meta name=\"twitter:data2\" content=\"5 minutos\" \/>\n<script type=\"application\/ld+json\" class=\"yoast-schema-graph\">{\"@context\":\"https:\\\/\\\/schema.org\",\"@graph\":[{\"@type\":\"Article\",\"@id\":\"https:\\\/\\\/exaudi.org\\\/es\\\/fundacion-populorum-progressio-createcop26\\\/#article\",\"isPartOf\":{\"@id\":\"https:\\\/\\\/exaudi.org\\\/es\\\/fundacion-populorum-progressio-createcop26\\\/\"},\"author\":{\"name\":\"Gabriel Sales\",\"@id\":\"https:\\\/\\\/exaudi.org\\\/#\\\/schema\\\/person\\\/d134b96438278131ce90c90c03fda6cd\"},\"headline\":\"La Fundaci\u00f3n Populorum Progressio se une a la #CREATECOP26\",\"datePublished\":\"2021-09-08T11:26:24+00:00\",\"dateModified\":\"2021-09-09T07:31:15+00:00\",\"mainEntityOfPage\":{\"@id\":\"https:\\\/\\\/exaudi.org\\\/es\\\/fundacion-populorum-progressio-createcop26\\\/\"},\"wordCount\":1059,\"image\":{\"@id\":\"https:\\\/\\\/exaudi.org\\\/es\\\/fundacion-populorum-progressio-createcop26\\\/#primaryimage\"},\"thumbnailUrl\":\"https:\\\/\\\/exaudi.org\\\/wp-content\\\/uploads\\\/2021\\\/09\\\/2c3432c4-scaled.jpg\",\"keywords\":[\"Concurso\",\"Dicasterio para el Servicio al Desarrollo Humano Integral\",\"Fundaci\u00f3n Populorum Progressio\"],\"articleSection\":[\"Dicasterios\",\"Ecolog\u00eda\",\"\u00daltimas noticias\"],\"inLanguage\":\"es\"},{\"@type\":\"WebPage\",\"@id\":\"https:\\\/\\\/exaudi.org\\\/es\\\/fundacion-populorum-progressio-createcop26\\\/\",\"url\":\"https:\\\/\\\/exaudi.org\\\/es\\\/fundacion-populorum-progressio-createcop26\\\/\",\"name\":\"La Fundaci\u00f3n Populorum Progressio se une a la #CREATECOP26\",\"isPartOf\":{\"@id\":\"https:\\\/\\\/exaudi.org\\\/#website\"},\"primaryImageOfPage\":{\"@id\":\"https:\\\/\\\/exaudi.org\\\/es\\\/fundacion-populorum-progressio-createcop26\\\/#primaryimage\"},\"image\":{\"@id\":\"https:\\\/\\\/exaudi.org\\\/es\\\/fundacion-populorum-progressio-createcop26\\\/#primaryimage\"},\"thumbnailUrl\":\"https:\\\/\\\/exaudi.org\\\/wp-content\\\/uploads\\\/2021\\\/09\\\/2c3432c4-scaled.jpg\",\"datePublished\":\"2021-09-08T11:26:24+00:00\",\"dateModified\":\"2021-09-09T07:31:15+00:00\",\"author\":{\"@id\":\"https:\\\/\\\/exaudi.org\\\/#\\\/schema\\\/person\\\/d134b96438278131ce90c90c03fda6cd\"},\"description\":\"La Fundaci\u00f3n Populorum Progressio se une a la iniciativa #CreateCOP26 con motivo de la\u00a0cumbre clim\u00e1tica de las Naciones Unidas COP26.\",\"breadcrumb\":{\"@id\":\"https:\\\/\\\/exaudi.org\\\/es\\\/fundacion-populorum-progressio-createcop26\\\/#breadcrumb\"},\"inLanguage\":\"es\",\"potentialAction\":[{\"@type\":\"ReadAction\",\"target\":[\"https:\\\/\\\/exaudi.org\\\/es\\\/fundacion-populorum-progressio-createcop26\\\/\"]}]},{\"@type\":\"ImageObject\",\"inLanguage\":\"es\",\"@id\":\"https:\\\/\\\/exaudi.org\\\/es\\\/fundacion-populorum-progressio-createcop26\\\/#primaryimage\",\"url\":\"https:\\\/\\\/exaudi.org\\\/wp-content\\\/uploads\\\/2021\\\/09\\\/2c3432c4-scaled.jpg\",\"contentUrl\":\"https:\\\/\\\/exaudi.org\\\/wp-content\\\/uploads\\\/2021\\\/09\\\/2c3432c4-scaled.jpg\",\"width\":2560,\"height\":1707,\"caption\":\"Hombre en una monta\u00f1a \u00a9 Cathopic\"},{\"@type\":\"BreadcrumbList\",\"@id\":\"https:\\\/\\\/exaudi.org\\\/es\\\/fundacion-populorum-progressio-createcop26\\\/#breadcrumb\",\"itemListElement\":[{\"@type\":\"ListItem\",\"position\":1,\"name\":\"Portada\",\"item\":\"https:\\\/\\\/exaudi.org\\\/es\\\/\"},{\"@type\":\"ListItem\",\"position\":2,\"name\":\"La Fundaci\u00f3n Populorum Progressio se une a la #CREATECOP26\"}]},{\"@type\":\"WebSite\",\"@id\":\"https:\\\/\\\/exaudi.org\\\/#website\",\"url\":\"https:\\\/\\\/exaudi.org\\\/\",\"name\":\"Exaudi\",\"description\":\"News\",\"potentialAction\":[{\"@type\":\"SearchAction\",\"target\":{\"@type\":\"EntryPoint\",\"urlTemplate\":\"https:\\\/\\\/exaudi.org\\\/?s={search_term_string}\"},\"query-input\":{\"@type\":\"PropertyValueSpecification\",\"valueRequired\":true,\"valueName\":\"search_term_string\"}}],\"inLanguage\":\"es\"},{\"@type\":\"Person\",\"@id\":\"https:\\\/\\\/exaudi.org\\\/#\\\/schema\\\/person\\\/d134b96438278131ce90c90c03fda6cd\",\"name\":\"Gabriel Sales\",\"image\":{\"@type\":\"ImageObject\",\"inLanguage\":\"es\",\"@id\":\"https:\\\/\\\/secure.gravatar.com\\\/avatar\\\/9b1269566f6a063ed26ffb3532b66a373cdde231ce5d0effb266167437fdaffd?s=96&d=mm&r=g\",\"url\":\"https:\\\/\\\/secure.gravatar.com\\\/avatar\\\/9b1269566f6a063ed26ffb3532b66a373cdde231ce5d0effb266167437fdaffd?s=96&d=mm&r=g\",\"contentUrl\":\"https:\\\/\\\/secure.gravatar.com\\\/avatar\\\/9b1269566f6a063ed26ffb3532b66a373cdde231ce5d0effb266167437fdaffd?s=96&d=mm&r=g\",\"caption\":\"Gabriel Sales\"},\"description\":\"Periodista y especialista en Comunicaci\u00f3n y Branding digital. Cin\u00e9filo y cr\u00edtico de cine y series de televisi\u00f3n.\",\"sameAs\":[\"https:\\\/\\\/www.instagram.com\\\/cine90segundos\\\/\",\"www.linkedin.com\\\/in\\\/habemusman\",\"https:\\\/\\\/x.com\\\/habemusman\",\"https:\\\/\\\/www.youtube.com\\\/channel\\\/UCVfCiOMkJ_C7T7OpyjuaLDg\"],\"url\":\"https:\\\/\\\/exaudi.org\\\/es\\\/author\\\/gsalesexaudi-org\\\/\"}]}<\/script>\n<!-- \/ Yoast SEO plugin. -->","yoast_head_json":{"title":"La Fundaci\u00f3n Populorum Progressio se une a la #CREATECOP26","description":"La Fundaci\u00f3n Populorum Progressio se une a la iniciativa #CreateCOP26 con motivo de la\u00a0cumbre clim\u00e1tica de las Naciones Unidas COP26.","robots":{"index":"index","follow":"follow","max-snippet":"max-snippet:-1","max-image-preview":"max-image-preview:large","max-video-preview":"max-video-preview:-1"},"canonical":"https:\/\/exaudi.org\/es\/fundacion-populorum-progressio-createcop26\/","og_locale":"es_ES","og_type":"article","og_title":"La Fundaci\u00f3n Populorum Progressio se une a la #CREATECOP26","og_description":"La Fundaci\u00f3n Populorum Progressio se une a la iniciativa #CreateCOP26 con motivo de la\u00a0cumbre clim\u00e1tica de las Naciones Unidas COP26.","og_url":"https:\/\/exaudi.org\/es\/fundacion-populorum-progressio-createcop26\/","og_site_name":"Exaudi","article_publisher":"https:\/\/www.facebook.com\/ExaudiNews","article_published_time":"2021-09-08T11:26:24+00:00","article_modified_time":"2021-09-09T07:31:15+00:00","og_image":[{"width":2560,"height":1707,"url":"https:\/\/exaudi.org\/wp-content\/uploads\/2021\/09\/2c3432c4-scaled.jpg","type":"image\/jpeg"}],"author":"Gabriel Sales","twitter_card":"summary_large_image","twitter_creator":"@habemusman","twitter_site":"@Exaudi_News","twitter_misc":{"Escrito por":"Gabriel Sales","Tiempo de lectura":"5 minutos"},"schema":{"@context":"https:\/\/schema.org","@graph":[{"@type":"Article","@id":"https:\/\/exaudi.org\/es\/fundacion-populorum-progressio-createcop26\/#article","isPartOf":{"@id":"https:\/\/exaudi.org\/es\/fundacion-populorum-progressio-createcop26\/"},"author":{"name":"Gabriel Sales","@id":"https:\/\/exaudi.org\/#\/schema\/person\/d134b96438278131ce90c90c03fda6cd"},"headline":"La Fundaci\u00f3n Populorum Progressio se une a la #CREATECOP26","datePublished":"2021-09-08T11:26:24+00:00","dateModified":"2021-09-09T07:31:15+00:00","mainEntityOfPage":{"@id":"https:\/\/exaudi.org\/es\/fundacion-populorum-progressio-createcop26\/"},"wordCount":1059,"image":{"@id":"https:\/\/exaudi.org\/es\/fundacion-populorum-progressio-createcop26\/#primaryimage"},"thumbnailUrl":"https:\/\/exaudi.org\/wp-content\/uploads\/2021\/09\/2c3432c4-scaled.jpg","keywords":["Concurso","Dicasterio para el Servicio al Desarrollo Humano Integral","Fundaci\u00f3n Populorum Progressio"],"articleSection":["Dicasterios","Ecolog\u00eda","\u00daltimas noticias"],"inLanguage":"es"},{"@type":"WebPage","@id":"https:\/\/exaudi.org\/es\/fundacion-populorum-progressio-createcop26\/","url":"https:\/\/exaudi.org\/es\/fundacion-populorum-progressio-createcop26\/","name":"La Fundaci\u00f3n Populorum Progressio se une a la #CREATECOP26","isPartOf":{"@id":"https:\/\/exaudi.org\/#website"},"primaryImageOfPage":{"@id":"https:\/\/exaudi.org\/es\/fundacion-populorum-progressio-createcop26\/#primaryimage"},"image":{"@id":"https:\/\/exaudi.org\/es\/fundacion-populorum-progressio-createcop26\/#primaryimage"},"thumbnailUrl":"https:\/\/exaudi.org\/wp-content\/uploads\/2021\/09\/2c3432c4-scaled.jpg","datePublished":"2021-09-08T11:26:24+00:00","dateModified":"2021-09-09T07:31:15+00:00","author":{"@id":"https:\/\/exaudi.org\/#\/schema\/person\/d134b96438278131ce90c90c03fda6cd"},"description":"La Fundaci\u00f3n Populorum Progressio se une a la iniciativa #CreateCOP26 con motivo de la\u00a0cumbre clim\u00e1tica de las Naciones Unidas COP26.","breadcrumb":{"@id":"https:\/\/exaudi.org\/es\/fundacion-populorum-progressio-createcop26\/#breadcrumb"},"inLanguage":"es","potentialAction":[{"@type":"ReadAction","target":["https:\/\/exaudi.org\/es\/fundacion-populorum-progressio-createcop26\/"]}]},{"@type":"ImageObject","inLanguage":"es","@id":"https:\/\/exaudi.org\/es\/fundacion-populorum-progressio-createcop26\/#primaryimage","url":"https:\/\/exaudi.org\/wp-content\/uploads\/2021\/09\/2c3432c4-scaled.jpg","contentUrl":"https:\/\/exaudi.org\/wp-content\/uploads\/2021\/09\/2c3432c4-scaled.jpg","width":2560,"height":1707,"caption":"Hombre en una monta\u00f1a \u00a9 Cathopic"},{"@type":"BreadcrumbList","@id":"https:\/\/exaudi.org\/es\/fundacion-populorum-progressio-createcop26\/#breadcrumb","itemListElement":[{"@type":"ListItem","position":1,"name":"Portada","item":"https:\/\/exaudi.org\/es\/"},{"@type":"ListItem","position":2,"name":"La Fundaci\u00f3n Populorum Progressio se une a la #CREATECOP26"}]},{"@type":"WebSite","@id":"https:\/\/exaudi.org\/#website","url":"https:\/\/exaudi.org\/","name":"Exaudi","description":"News","potentialAction":[{"@type":"SearchAction","target":{"@type":"EntryPoint","urlTemplate":"https:\/\/exaudi.org\/?s={search_term_string}"},"query-input":{"@type":"PropertyValueSpecification","valueRequired":true,"valueName":"search_term_string"}}],"inLanguage":"es"},{"@type":"Person","@id":"https:\/\/exaudi.org\/#\/schema\/person\/d134b96438278131ce90c90c03fda6cd","name":"Gabriel Sales","image":{"@type":"ImageObject","inLanguage":"es","@id":"https:\/\/secure.gravatar.com\/avatar\/9b1269566f6a063ed26ffb3532b66a373cdde231ce5d0effb266167437fdaffd?s=96&d=mm&r=g","url":"https:\/\/secure.gravatar.com\/avatar\/9b1269566f6a063ed26ffb3532b66a373cdde231ce5d0effb266167437fdaffd?s=96&d=mm&r=g","contentUrl":"https:\/\/secure.gravatar.com\/avatar\/9b1269566f6a063ed26ffb3532b66a373cdde231ce5d0effb266167437fdaffd?s=96&d=mm&r=g","caption":"Gabriel Sales"},"description":"Periodista y especialista en Comunicaci\u00f3n y Branding digital. Cin\u00e9filo y cr\u00edtico de cine y series de televisi\u00f3n.","sameAs":["https:\/\/www.instagram.com\/cine90segundos\/","www.linkedin.com\/in\/habemusman","https:\/\/x.com\/habemusman","https:\/\/www.youtube.com\/channel\/UCVfCiOMkJ_C7T7OpyjuaLDg"],"url":"https:\/\/exaudi.org\/es\/author\/gsalesexaudi-org\/"}]}},"jetpack_featured_media_url":"https:\/\/exaudi.org\/wp-content\/uploads\/2021\/09\/2c3432c4-scaled.jpg","jetpack_shortlink":"https:\/\/wp.me\/pgKjF2-8nT","_links":{"self":[{"href":"https:\/\/exaudi.org\/es\/wp-json\/wp\/v2\/posts\/32233","targetHints":{"allow":["GET"]}}],"collection":[{"href":"https:\/\/exaudi.org\/es\/wp-json\/wp\/v2\/posts"}],"about":[{"href":"https:\/\/exaudi.org\/es\/wp-json\/wp\/v2\/types\/post"}],"author":[{"embeddable":true,"href":"https:\/\/exaudi.org\/es\/wp-json\/wp\/v2\/users\/6"}],"replies":[{"embeddable":true,"href":"https:\/\/exaudi.org\/es\/wp-json\/wp\/v2\/comments?post=32233"}],"version-history":[{"count":0,"href":"https:\/\/exaudi.org\/es\/wp-json\/wp\/v2\/posts\/32233\/revisions"}],"wp:featuredmedia":[{"embeddable":true,"href":"https:\/\/exaudi.org\/es\/wp-json\/wp\/v2\/media\/32238"}],"wp:attachment":[{"href":"https:\/\/exaudi.org\/es\/wp-json\/wp\/v2\/media?parent=32233"}],"wp:term":[{"taxonomy":"category","embeddable":true,"href":"https:\/\/exaudi.org\/es\/wp-json\/wp\/v2\/categories?post=32233"},{"taxonomy":"post_tag","embeddable":true,"href":"https:\/\/exaudi.org\/es\/wp-json\/wp\/v2\/tags?post=32233"}],"curies":[{"name":"wp","href":"https:\/\/api.w.org\/{rel}","templated":true}]}}