{"id":32148,"date":"2021-09-08T08:32:51","date_gmt":"2021-09-08T06:32:51","guid":{"rendered":"https:\/\/exaudi.wpengine.com\/?p=32148"},"modified":"2021-09-08T13:26:25","modified_gmt":"2021-09-08T11:26:25","slug":"costa-rica-saludo-papa-entronizacion-virgen-angeles","status":"publish","type":"post","link":"https:\/\/exaudi.org\/es\/costa-rica-saludo-papa-entronizacion-virgen-angeles\/","title":{"rendered":"Costa Rica: Carta del Papa por Virgen de los \u00c1ngeles"},"content":{"rendered":"<p>El <a href=\"https:\/\/exaudi.wpengine.com\/es\/el-papa-y-lideres-cristianos-sostenibilidad-escuchar-el-clamor-de-la-tierra\/\" target=\"_blank\" rel=\"noopener\">Papa Francisco<\/a> envi\u00f3 el pasado viernes 3 de septiembre de 2021 una carta, firmada por el cardenal secretario de Estado Pietro Parolin, al pueblo de Costa Rica con motivo de la entronizaci\u00f3n de la Virgen de los \u00c1ngeles en los Jardines Vaticanos. El Santo Padre se dirige a monse\u00f1or Jos\u00e9 Manuel Garita Herrera, obispo de Ciudad Quesada y presidente de la <a href=\"https:\/\/www.facebook.com\/Comunicaci%C3%B3n-Conferencia-Episcopal-de-Costa-Rica-341869476147600\/\" target=\"_blank\" rel=\"noopener\">Conferencia Episcopal costarricense.<\/a><\/p>\n<p>En el documento, sellado por la Secretar\u00eda de Estado de la Santa Sede, el Pont\u00edfice manda un cordial saludo a su eminencia y le ruega que \u201clo haga extensivo a los dem\u00e1s pastores y fieles de la Iglesia en Costa Rica, que con gran devoci\u00f3n veneran como patrona de esa naci\u00f3n a la Bienaventurada Virgen Mar\u00eda bajo la advocaci\u00f3n de Nuestra Se\u00f1ora de los \u00c1ngeles\u201d.<\/p>\n<p>Del mismo modo, en la ocasi\u00f3n de su entronizaci\u00f3n, el Papa les anima a \u201cseguir viviendo su fe especialmente unidos a ella, a quien con afecto filial llaman &#8216;la negrita&#8217;, pidi\u00e9ndole que les alcance a su Hijo la gracia de ser valientes defensores del don de la vida y alegres constructores de la fraternidad, priorizando la ayuda caritativa a los hermanos y hermanas fr\u00e1giles y marginados de la sociedad\u201d.<\/p>\n<p>Seguidamente, Francisco tambi\u00e9n les pide que \u201cno dejen de rezar por \u00e9l y por su servicio al santo Pueblo de Dios, a la vez que, invocando la intercesi\u00f3n de la Virgen de los \u00c1ngeles sobre toda la Iglesia que peregrina en Costa Rica, imparte la implorada bendici\u00f3n apost\u00f3lica como prenda de copiosos dones celestiales\u201d.<\/p>\n<h4><strong>Entronizaci\u00f3n<\/strong><\/h4>\n<p>El Consejo Episcopal Latinoamericano (CELAM) se\u00f1ala en una nota al respecto que la entronizaci\u00f3n de un mosaico de la Virgen de los \u00c1ngeles en los Jardines Vaticanos es una iniciativa promovida por el embajador de Costa Rica en el Vaticano, Federico Zamora Cordero, y est\u00e1 siendo realizado por la artista nacional de arte sacro Paula S\u00e1enz.<\/p>\n<p>La fecha del acto ser\u00e1 el 26 de octubre a las 11 horas en un acto oficial de bendici\u00f3n que se realizar\u00e1 justamente en los Jardines Vaticanos.\u00a0Monse\u00f1or Herrera, presidente del Episcopado costarricense, ha asegurado que \u201ceste es un regalo de Costa Rica para el Vaticano, y tambi\u00e9n un regalo para todos los costarricenses, saber que nuestra Negrita tendr\u00e1 ese espacio en la Santa Sede y que el Papa Francisco nos pida seguir unidos a ella defendiendo la vida, la fraternidad y la caridad hacia los m\u00e1s necesitados\u201d.<\/p>\n","protected":false},"excerpt":{"rendered":"<p>Al pueblo costarricense<\/p>\n","protected":false},"author":6,"featured_media":32149,"comment_status":"closed","ping_status":"closed","sticky":false,"template":"","format":"standard","meta":{"_acf_changed":false,"_crdt_document":"","inline_featured_image":false,"footnotes":""},"categories":[86,68,298],"tags":[164,806,158,4018],"class_list":["post-32148","post","type-post","status-publish","format-standard","has-post-thumbnail","hentry","category-iglesia-local","category-leon-xiv","category-ultimas-noticias","tag-carta","tag-conferencia-episcopal-de-costa-rica","tag-papa-francisco","tag-virgen-de-los-angeles"],"acf":[],"yoast_head":"<!-- This site is optimized with the Yoast SEO plugin v27.4 - https:\/\/yoast.com\/product\/yoast-seo-wordpress\/ -->\n<title>Costa Rica: Carta del Papa por Virgen de los \u00c1ngeles<\/title>\n<meta name=\"description\" content=\"El Papa envi\u00f3 una carta al pueblo de Costa Rica con motivo de la entronizaci\u00f3n de la Virgen de los \u00c1ngeles en los Jardines Vaticanos.\" \/>\n<meta name=\"robots\" content=\"index, follow, max-snippet:-1, max-image-preview:large, max-video-preview:-1\" \/>\n<link rel=\"canonical\" href=\"https:\/\/exaudi.org\/es\/costa-rica-saludo-papa-entronizacion-virgen-angeles\/\" \/>\n<meta property=\"og:locale\" content=\"es_ES\" \/>\n<meta property=\"og:type\" content=\"article\" \/>\n<meta property=\"og:title\" content=\"Costa Rica: Carta del Papa por Virgen de los \u00c1ngeles\" \/>\n<meta property=\"og:description\" content=\"El Papa envi\u00f3 una carta al pueblo de Costa Rica con motivo de la entronizaci\u00f3n de la Virgen de los \u00c1ngeles en los Jardines Vaticanos.\" \/>\n<meta property=\"og:url\" content=\"https:\/\/exaudi.org\/es\/costa-rica-saludo-papa-entronizacion-virgen-angeles\/\" \/>\n<meta property=\"og:site_name\" content=\"Exaudi\" \/>\n<meta property=\"article:publisher\" content=\"https:\/\/www.facebook.com\/ExaudiNews\" \/>\n<meta property=\"article:published_time\" content=\"2021-09-08T06:32:51+00:00\" \/>\n<meta property=\"article:modified_time\" content=\"2021-09-08T11:26:25+00:00\" \/>\n<meta property=\"og:image\" content=\"https:\/\/exaudi.org\/wp-content\/uploads\/2021\/09\/23c4c2.jpeg\" \/>\n\t<meta property=\"og:image:width\" content=\"1455\" \/>\n\t<meta property=\"og:image:height\" content=\"819\" \/>\n\t<meta property=\"og:image:type\" content=\"image\/jpeg\" \/>\n<meta name=\"author\" content=\"Gabriel Sales\" \/>\n<meta name=\"twitter:card\" content=\"summary_large_image\" \/>\n<meta name=\"twitter:creator\" content=\"@habemusman\" \/>\n<meta name=\"twitter:site\" content=\"@Exaudi_News\" \/>\n<meta name=\"twitter:label1\" content=\"Escrito por\" \/>\n\t<meta name=\"twitter:data1\" content=\"Gabriel Sales\" \/>\n\t<meta name=\"twitter:label2\" content=\"Tiempo de lectura\" \/>\n\t<meta name=\"twitter:data2\" content=\"2 minutos\" \/>\n<script type=\"application\/ld+json\" class=\"yoast-schema-graph\">{\"@context\":\"https:\\\/\\\/schema.org\",\"@graph\":[{\"@type\":\"Article\",\"@id\":\"https:\\\/\\\/exaudi.org\\\/es\\\/costa-rica-saludo-papa-entronizacion-virgen-angeles\\\/#article\",\"isPartOf\":{\"@id\":\"https:\\\/\\\/exaudi.org\\\/es\\\/costa-rica-saludo-papa-entronizacion-virgen-angeles\\\/\"},\"author\":{\"name\":\"Gabriel Sales\",\"@id\":\"https:\\\/\\\/exaudi.org\\\/#\\\/schema\\\/person\\\/d134b96438278131ce90c90c03fda6cd\"},\"headline\":\"Costa Rica: Carta del Papa por Virgen de los \u00c1ngeles\",\"datePublished\":\"2021-09-08T06:32:51+00:00\",\"dateModified\":\"2021-09-08T11:26:25+00:00\",\"mainEntityOfPage\":{\"@id\":\"https:\\\/\\\/exaudi.org\\\/es\\\/costa-rica-saludo-papa-entronizacion-virgen-angeles\\\/\"},\"wordCount\":430,\"image\":{\"@id\":\"https:\\\/\\\/exaudi.org\\\/es\\\/costa-rica-saludo-papa-entronizacion-virgen-angeles\\\/#primaryimage\"},\"thumbnailUrl\":\"https:\\\/\\\/exaudi.org\\\/wp-content\\\/uploads\\\/2021\\\/09\\\/23c4c2.jpeg\",\"keywords\":[\"carta\",\"Conferencia Episcopal de Costa Rica\",\"papa francisco\",\"Virgen de los \u00c1ngeles\"],\"articleSection\":[\"Iglesia Local\",\"Le\u00f3n XIV\",\"\u00daltimas noticias\"],\"inLanguage\":\"es\"},{\"@type\":\"WebPage\",\"@id\":\"https:\\\/\\\/exaudi.org\\\/es\\\/costa-rica-saludo-papa-entronizacion-virgen-angeles\\\/\",\"url\":\"https:\\\/\\\/exaudi.org\\\/es\\\/costa-rica-saludo-papa-entronizacion-virgen-angeles\\\/\",\"name\":\"Costa Rica: Carta del Papa por Virgen de los \u00c1ngeles\",\"isPartOf\":{\"@id\":\"https:\\\/\\\/exaudi.org\\\/#website\"},\"primaryImageOfPage\":{\"@id\":\"https:\\\/\\\/exaudi.org\\\/es\\\/costa-rica-saludo-papa-entronizacion-virgen-angeles\\\/#primaryimage\"},\"image\":{\"@id\":\"https:\\\/\\\/exaudi.org\\\/es\\\/costa-rica-saludo-papa-entronizacion-virgen-angeles\\\/#primaryimage\"},\"thumbnailUrl\":\"https:\\\/\\\/exaudi.org\\\/wp-content\\\/uploads\\\/2021\\\/09\\\/23c4c2.jpeg\",\"datePublished\":\"2021-09-08T06:32:51+00:00\",\"dateModified\":\"2021-09-08T11:26:25+00:00\",\"author\":{\"@id\":\"https:\\\/\\\/exaudi.org\\\/#\\\/schema\\\/person\\\/d134b96438278131ce90c90c03fda6cd\"},\"description\":\"El Papa envi\u00f3 una carta al pueblo de Costa Rica con motivo de la entronizaci\u00f3n de la Virgen de los \u00c1ngeles en los Jardines Vaticanos.\",\"breadcrumb\":{\"@id\":\"https:\\\/\\\/exaudi.org\\\/es\\\/costa-rica-saludo-papa-entronizacion-virgen-angeles\\\/#breadcrumb\"},\"inLanguage\":\"es\",\"potentialAction\":[{\"@type\":\"ReadAction\",\"target\":[\"https:\\\/\\\/exaudi.org\\\/es\\\/costa-rica-saludo-papa-entronizacion-virgen-angeles\\\/\"]}]},{\"@type\":\"ImageObject\",\"inLanguage\":\"es\",\"@id\":\"https:\\\/\\\/exaudi.org\\\/es\\\/costa-rica-saludo-papa-entronizacion-virgen-angeles\\\/#primaryimage\",\"url\":\"https:\\\/\\\/exaudi.org\\\/wp-content\\\/uploads\\\/2021\\\/09\\\/23c4c2.jpeg\",\"contentUrl\":\"https:\\\/\\\/exaudi.org\\\/wp-content\\\/uploads\\\/2021\\\/09\\\/23c4c2.jpeg\",\"width\":1455,\"height\":819,\"caption\":\"Papa Francisco \u00a9 Vatican Media\"},{\"@type\":\"BreadcrumbList\",\"@id\":\"https:\\\/\\\/exaudi.org\\\/es\\\/costa-rica-saludo-papa-entronizacion-virgen-angeles\\\/#breadcrumb\",\"itemListElement\":[{\"@type\":\"ListItem\",\"position\":1,\"name\":\"Portada\",\"item\":\"https:\\\/\\\/exaudi.org\\\/es\\\/\"},{\"@type\":\"ListItem\",\"position\":2,\"name\":\"Costa Rica: Carta del Papa por Virgen de los \u00c1ngeles\"}]},{\"@type\":\"WebSite\",\"@id\":\"https:\\\/\\\/exaudi.org\\\/#website\",\"url\":\"https:\\\/\\\/exaudi.org\\\/\",\"name\":\"Exaudi\",\"description\":\"News\",\"potentialAction\":[{\"@type\":\"SearchAction\",\"target\":{\"@type\":\"EntryPoint\",\"urlTemplate\":\"https:\\\/\\\/exaudi.org\\\/?s={search_term_string}\"},\"query-input\":{\"@type\":\"PropertyValueSpecification\",\"valueRequired\":true,\"valueName\":\"search_term_string\"}}],\"inLanguage\":\"es\"},{\"@type\":\"Person\",\"@id\":\"https:\\\/\\\/exaudi.org\\\/#\\\/schema\\\/person\\\/d134b96438278131ce90c90c03fda6cd\",\"name\":\"Gabriel Sales\",\"image\":{\"@type\":\"ImageObject\",\"inLanguage\":\"es\",\"@id\":\"https:\\\/\\\/secure.gravatar.com\\\/avatar\\\/9b1269566f6a063ed26ffb3532b66a373cdde231ce5d0effb266167437fdaffd?s=96&d=mm&r=g\",\"url\":\"https:\\\/\\\/secure.gravatar.com\\\/avatar\\\/9b1269566f6a063ed26ffb3532b66a373cdde231ce5d0effb266167437fdaffd?s=96&d=mm&r=g\",\"contentUrl\":\"https:\\\/\\\/secure.gravatar.com\\\/avatar\\\/9b1269566f6a063ed26ffb3532b66a373cdde231ce5d0effb266167437fdaffd?s=96&d=mm&r=g\",\"caption\":\"Gabriel Sales\"},\"description\":\"Periodista y especialista en Comunicaci\u00f3n y Branding digital. Cin\u00e9filo y cr\u00edtico de cine y series de televisi\u00f3n.\",\"sameAs\":[\"https:\\\/\\\/www.instagram.com\\\/cine90segundos\\\/\",\"www.linkedin.com\\\/in\\\/habemusman\",\"https:\\\/\\\/x.com\\\/habemusman\",\"https:\\\/\\\/www.youtube.com\\\/channel\\\/UCVfCiOMkJ_C7T7OpyjuaLDg\"],\"url\":\"https:\\\/\\\/exaudi.org\\\/es\\\/author\\\/gsalesexaudi-org\\\/\"}]}<\/script>\n<!-- \/ Yoast SEO plugin. -->","yoast_head_json":{"title":"Costa Rica: Carta del Papa por Virgen de los \u00c1ngeles","description":"El Papa envi\u00f3 una carta al pueblo de Costa Rica con motivo de la entronizaci\u00f3n de la Virgen de los \u00c1ngeles en los Jardines Vaticanos.","robots":{"index":"index","follow":"follow","max-snippet":"max-snippet:-1","max-image-preview":"max-image-preview:large","max-video-preview":"max-video-preview:-1"},"canonical":"https:\/\/exaudi.org\/es\/costa-rica-saludo-papa-entronizacion-virgen-angeles\/","og_locale":"es_ES","og_type":"article","og_title":"Costa Rica: Carta del Papa por Virgen de los \u00c1ngeles","og_description":"El Papa envi\u00f3 una carta al pueblo de Costa Rica con motivo de la entronizaci\u00f3n de la Virgen de los \u00c1ngeles en los Jardines Vaticanos.","og_url":"https:\/\/exaudi.org\/es\/costa-rica-saludo-papa-entronizacion-virgen-angeles\/","og_site_name":"Exaudi","article_publisher":"https:\/\/www.facebook.com\/ExaudiNews","article_published_time":"2021-09-08T06:32:51+00:00","article_modified_time":"2021-09-08T11:26:25+00:00","og_image":[{"width":1455,"height":819,"url":"https:\/\/exaudi.org\/wp-content\/uploads\/2021\/09\/23c4c2.jpeg","type":"image\/jpeg"}],"author":"Gabriel Sales","twitter_card":"summary_large_image","twitter_creator":"@habemusman","twitter_site":"@Exaudi_News","twitter_misc":{"Escrito por":"Gabriel Sales","Tiempo de lectura":"2 minutos"},"schema":{"@context":"https:\/\/schema.org","@graph":[{"@type":"Article","@id":"https:\/\/exaudi.org\/es\/costa-rica-saludo-papa-entronizacion-virgen-angeles\/#article","isPartOf":{"@id":"https:\/\/exaudi.org\/es\/costa-rica-saludo-papa-entronizacion-virgen-angeles\/"},"author":{"name":"Gabriel Sales","@id":"https:\/\/exaudi.org\/#\/schema\/person\/d134b96438278131ce90c90c03fda6cd"},"headline":"Costa Rica: Carta del Papa por Virgen de los \u00c1ngeles","datePublished":"2021-09-08T06:32:51+00:00","dateModified":"2021-09-08T11:26:25+00:00","mainEntityOfPage":{"@id":"https:\/\/exaudi.org\/es\/costa-rica-saludo-papa-entronizacion-virgen-angeles\/"},"wordCount":430,"image":{"@id":"https:\/\/exaudi.org\/es\/costa-rica-saludo-papa-entronizacion-virgen-angeles\/#primaryimage"},"thumbnailUrl":"https:\/\/exaudi.org\/wp-content\/uploads\/2021\/09\/23c4c2.jpeg","keywords":["carta","Conferencia Episcopal de Costa Rica","papa francisco","Virgen de los \u00c1ngeles"],"articleSection":["Iglesia Local","Le\u00f3n XIV","\u00daltimas noticias"],"inLanguage":"es"},{"@type":"WebPage","@id":"https:\/\/exaudi.org\/es\/costa-rica-saludo-papa-entronizacion-virgen-angeles\/","url":"https:\/\/exaudi.org\/es\/costa-rica-saludo-papa-entronizacion-virgen-angeles\/","name":"Costa Rica: Carta del Papa por Virgen de los \u00c1ngeles","isPartOf":{"@id":"https:\/\/exaudi.org\/#website"},"primaryImageOfPage":{"@id":"https:\/\/exaudi.org\/es\/costa-rica-saludo-papa-entronizacion-virgen-angeles\/#primaryimage"},"image":{"@id":"https:\/\/exaudi.org\/es\/costa-rica-saludo-papa-entronizacion-virgen-angeles\/#primaryimage"},"thumbnailUrl":"https:\/\/exaudi.org\/wp-content\/uploads\/2021\/09\/23c4c2.jpeg","datePublished":"2021-09-08T06:32:51+00:00","dateModified":"2021-09-08T11:26:25+00:00","author":{"@id":"https:\/\/exaudi.org\/#\/schema\/person\/d134b96438278131ce90c90c03fda6cd"},"description":"El Papa envi\u00f3 una carta al pueblo de Costa Rica con motivo de la entronizaci\u00f3n de la Virgen de los \u00c1ngeles en los Jardines Vaticanos.","breadcrumb":{"@id":"https:\/\/exaudi.org\/es\/costa-rica-saludo-papa-entronizacion-virgen-angeles\/#breadcrumb"},"inLanguage":"es","potentialAction":[{"@type":"ReadAction","target":["https:\/\/exaudi.org\/es\/costa-rica-saludo-papa-entronizacion-virgen-angeles\/"]}]},{"@type":"ImageObject","inLanguage":"es","@id":"https:\/\/exaudi.org\/es\/costa-rica-saludo-papa-entronizacion-virgen-angeles\/#primaryimage","url":"https:\/\/exaudi.org\/wp-content\/uploads\/2021\/09\/23c4c2.jpeg","contentUrl":"https:\/\/exaudi.org\/wp-content\/uploads\/2021\/09\/23c4c2.jpeg","width":1455,"height":819,"caption":"Papa Francisco \u00a9 Vatican Media"},{"@type":"BreadcrumbList","@id":"https:\/\/exaudi.org\/es\/costa-rica-saludo-papa-entronizacion-virgen-angeles\/#breadcrumb","itemListElement":[{"@type":"ListItem","position":1,"name":"Portada","item":"https:\/\/exaudi.org\/es\/"},{"@type":"ListItem","position":2,"name":"Costa Rica: Carta del Papa por Virgen de los \u00c1ngeles"}]},{"@type":"WebSite","@id":"https:\/\/exaudi.org\/#website","url":"https:\/\/exaudi.org\/","name":"Exaudi","description":"News","potentialAction":[{"@type":"SearchAction","target":{"@type":"EntryPoint","urlTemplate":"https:\/\/exaudi.org\/?s={search_term_string}"},"query-input":{"@type":"PropertyValueSpecification","valueRequired":true,"valueName":"search_term_string"}}],"inLanguage":"es"},{"@type":"Person","@id":"https:\/\/exaudi.org\/#\/schema\/person\/d134b96438278131ce90c90c03fda6cd","name":"Gabriel Sales","image":{"@type":"ImageObject","inLanguage":"es","@id":"https:\/\/secure.gravatar.com\/avatar\/9b1269566f6a063ed26ffb3532b66a373cdde231ce5d0effb266167437fdaffd?s=96&d=mm&r=g","url":"https:\/\/secure.gravatar.com\/avatar\/9b1269566f6a063ed26ffb3532b66a373cdde231ce5d0effb266167437fdaffd?s=96&d=mm&r=g","contentUrl":"https:\/\/secure.gravatar.com\/avatar\/9b1269566f6a063ed26ffb3532b66a373cdde231ce5d0effb266167437fdaffd?s=96&d=mm&r=g","caption":"Gabriel Sales"},"description":"Periodista y especialista en Comunicaci\u00f3n y Branding digital. Cin\u00e9filo y cr\u00edtico de cine y series de televisi\u00f3n.","sameAs":["https:\/\/www.instagram.com\/cine90segundos\/","www.linkedin.com\/in\/habemusman","https:\/\/x.com\/habemusman","https:\/\/www.youtube.com\/channel\/UCVfCiOMkJ_C7T7OpyjuaLDg"],"url":"https:\/\/exaudi.org\/es\/author\/gsalesexaudi-org\/"}]}},"jetpack_featured_media_url":"https:\/\/exaudi.org\/wp-content\/uploads\/2021\/09\/23c4c2.jpeg","jetpack_shortlink":"https:\/\/wp.me\/pgKjF2-8mw","_links":{"self":[{"href":"https:\/\/exaudi.org\/es\/wp-json\/wp\/v2\/posts\/32148","targetHints":{"allow":["GET"]}}],"collection":[{"href":"https:\/\/exaudi.org\/es\/wp-json\/wp\/v2\/posts"}],"about":[{"href":"https:\/\/exaudi.org\/es\/wp-json\/wp\/v2\/types\/post"}],"author":[{"embeddable":true,"href":"https:\/\/exaudi.org\/es\/wp-json\/wp\/v2\/users\/6"}],"replies":[{"embeddable":true,"href":"https:\/\/exaudi.org\/es\/wp-json\/wp\/v2\/comments?post=32148"}],"version-history":[{"count":0,"href":"https:\/\/exaudi.org\/es\/wp-json\/wp\/v2\/posts\/32148\/revisions"}],"wp:featuredmedia":[{"embeddable":true,"href":"https:\/\/exaudi.org\/es\/wp-json\/wp\/v2\/media\/32149"}],"wp:attachment":[{"href":"https:\/\/exaudi.org\/es\/wp-json\/wp\/v2\/media?parent=32148"}],"wp:term":[{"taxonomy":"category","embeddable":true,"href":"https:\/\/exaudi.org\/es\/wp-json\/wp\/v2\/categories?post=32148"},{"taxonomy":"post_tag","embeddable":true,"href":"https:\/\/exaudi.org\/es\/wp-json\/wp\/v2\/tags?post=32148"}],"curies":[{"name":"wp","href":"https:\/\/api.w.org\/{rel}","templated":true}]}}