{"id":32081,"date":"2021-09-07T14:45:10","date_gmt":"2021-09-07T12:45:10","guid":{"rendered":"https:\/\/exaudi.wpengine.com\/?p=32081"},"modified":"2021-09-07T20:04:52","modified_gmt":"2021-09-07T18:04:52","slug":"colombia-celebra-semana-por-la-paz-verdad-que-podemos","status":"publish","type":"post","link":"https:\/\/exaudi.org\/es\/colombia-celebra-semana-por-la-paz-verdad-que-podemos\/","title":{"rendered":"Colombia celebra Semana por la Paz: \u201c\u00a1Verdad que podemos!\u201d"},"content":{"rendered":"<p>Colombia celebra la Semana por la Paz, que lleva por lema \u201c\u00a1Verdad que podemos!\u201d, informa una nota de la <a href=\"https:\/\/www.cec.org.co\/\" target=\"_blank\" rel=\"noopener\">Conferencia Episcopal del pa\u00eds<\/a>. Las actividades que promueven el ideal de una Colombia en paz, se realizar\u00e1n entre el 5 y el 12 de septiembre de 2021; como es usual en septiembre, Mes de la Paz.<\/p>\n<p><img loading=\"lazy\" decoding=\"async\" class=\"size-medium wp-image-32082 alignleft\" src=\"https:\/\/exaudi.wpengine.com\/wp-content\/uploads\/2021\/09\/Semana-por-la-Paz-Colombia-300x147.jpg\" alt=\"\" width=\"300\" height=\"147\" srcset=\"https:\/\/exaudi.org\/wp-content\/uploads\/2021\/09\/Semana-por-la-Paz-Colombia-300x147.jpg 300w, https:\/\/exaudi.org\/wp-content\/uploads\/2021\/09\/Semana-por-la-Paz-Colombia-1024x501.jpg 1024w, https:\/\/exaudi.org\/wp-content\/uploads\/2021\/09\/Semana-por-la-Paz-Colombia-768x376.jpg 768w, https:\/\/exaudi.org\/wp-content\/uploads\/2021\/09\/Semana-por-la-Paz-Colombia-1536x752.jpg 1536w, https:\/\/exaudi.org\/wp-content\/uploads\/2021\/09\/Semana-por-la-Paz-Colombia-150x73.jpg 150w, https:\/\/exaudi.org\/wp-content\/uploads\/2021\/09\/Semana-por-la-Paz-Colombia-696x341.jpg 696w, https:\/\/exaudi.org\/wp-content\/uploads\/2021\/09\/Semana-por-la-Paz-Colombia-1068x523.jpg 1068w, https:\/\/exaudi.org\/wp-content\/uploads\/2021\/09\/Semana-por-la-Paz-Colombia-858x420.jpg 858w, https:\/\/exaudi.org\/wp-content\/uploads\/2021\/09\/Semana-por-la-Paz-Colombia-324x160.jpg 324w, https:\/\/exaudi.org\/wp-content\/uploads\/2021\/09\/Semana-por-la-Paz-Colombia-533x261.jpg 533w, https:\/\/exaudi.org\/wp-content\/uploads\/2021\/09\/Semana-por-la-Paz-Colombia.jpg 1880w\" sizes=\"auto, (max-width: 300px) 100vw, 300px\" \/>De acuerdo al <a href=\"https:\/\/exaudi.wpengine.com\/es\/colombia-obispos-incentivan-vacunacion\/\" target=\"_blank\" rel=\"noopener\">Episcopado<\/a>, en esta ocasi\u00f3n el lema de Semana por la Paz es \u201c\u00a1Verdad que podemos!\u201d, que invita a la ciudadan\u00eda a tomar un rol protag\u00f3nico en la construcci\u00f3n de una cultura para la paz, y mencionando tambi\u00e9n la palabra \u2018verdad\u2019 con el fin de exaltar su valor para poder transitar hacia la paz.<\/p>\n<p>La Semana por la Paz es un esfuerzo de m\u00faltiples organizaciones, entre las cuales se encuentran: la Pontificia Universidad Javeriana, Red Pro de Paz, Justicia Especial para la Paz, entre otras. El Secretariado Nacional de Pastoral Social-C\u00e1ritas Colombiana integra este trabajo colaborativo, aportando desde cada una de las labores de servicio a la verdad y la reconciliaci\u00f3n, uni\u00e9ndose al mensaje #VerdadQuePodemos.<\/p>\n<h4><strong>Crecer en solidaridad, reconciliaci\u00f3n y capacidad de encuentro<\/strong><\/h4>\n<p>Monse\u00f1or H\u00e9ctor Fabio Henao Gaviria, director del Secretariado Nacional de Pastoral Social (SNPS) del Episcopado, recuerda que este es \u201cun momento grande para reunirse en comunidad, conversar, escucharse y dialogar sobre temas comunes que impactan en la construcci\u00f3n de paz en el pa\u00eds\u201d.<\/p>\n<p>\u201cEstamos congregando a muchas instituciones a todos los niveles de la sociedad, academia, colegios, barrios, parroquias, en fin, a todos los sectores sociales para reflexionar qu\u00e9 tipo de verdad queremos, que tipo de verdad puede ayudarnos hoy en el pa\u00eds a crecer en solidaridad, reconciliaci\u00f3n y en capacidad de encuentro\u201d, expres\u00f3 el prelado.<\/p>\n<p>Monse\u00f1or Henao apunt\u00f3 tambi\u00e9n que la verdad tiene una fuerza muy grande y un poder enorme de sanaci\u00f3n y resalt\u00f3 el dolor de tantas personas que hist\u00f3ricamente han tenido que soportar el sufrimiento causado por la violaci\u00f3n de sus derechos. Ante todo ello, afirm\u00f3 que esta semana por la paz \u201cnos invita a nosotros y desde todos los horizontes de la sociedad a abrirnos a la verdad y a construirla de manera colectiva\u201d.<\/p>\n","protected":false},"excerpt":{"rendered":"<p>Crecer en solidaridad, reconciliaci\u00f3n y capacidad de encuentro<\/p>\n","protected":false},"author":5,"featured_media":32088,"comment_status":"closed","ping_status":"closed","sticky":false,"template":"","format":"standard","meta":{"_acf_changed":false,"_crdt_document":"","inline_featured_image":false,"footnotes":""},"categories":[86,94,298],"tags":[724,625,4002],"class_list":["post-32081","post","type-post","status-publish","format-standard","has-post-thumbnail","hentry","category-iglesia-local","category-justicia-y-paz","category-ultimas-noticias","tag-colombia","tag-paz","tag-semana-por-la-paz-2021"],"acf":[],"yoast_head":"<!-- This site is optimized with the Yoast SEO plugin v27.5 - https:\/\/yoast.com\/product\/yoast-seo-wordpress\/ -->\n<title>Colombia celebra Semana por la Paz: \u201c\u00a1Verdad que podemos!\u201d &#8211; Exaudi<\/title>\n<meta name=\"description\" content=\"Colombia celebra la Semana por la Paz, que lleva por lema \u201c\u00a1Verdad que podemos!\u201d del 5 al 12 de septiembre de 2021\" \/>\n<meta name=\"robots\" content=\"index, follow, max-snippet:-1, max-image-preview:large, max-video-preview:-1\" \/>\n<link rel=\"canonical\" href=\"https:\/\/exaudi.org\/es\/colombia-celebra-semana-por-la-paz-verdad-que-podemos\/\" \/>\n<meta property=\"og:locale\" content=\"es_ES\" \/>\n<meta property=\"og:type\" content=\"article\" \/>\n<meta property=\"og:title\" content=\"Colombia celebra Semana por la Paz: \u201c\u00a1Verdad que podemos!\u201d &#8211; Exaudi\" \/>\n<meta property=\"og:description\" content=\"Colombia celebra la Semana por la Paz, que lleva por lema \u201c\u00a1Verdad que podemos!\u201d del 5 al 12 de septiembre de 2021\" \/>\n<meta property=\"og:url\" content=\"https:\/\/exaudi.org\/es\/colombia-celebra-semana-por-la-paz-verdad-que-podemos\/\" \/>\n<meta property=\"og:site_name\" content=\"Exaudi\" \/>\n<meta property=\"article:publisher\" content=\"https:\/\/www.facebook.com\/ExaudiNews\" \/>\n<meta property=\"article:published_time\" content=\"2021-09-07T12:45:10+00:00\" \/>\n<meta property=\"article:modified_time\" content=\"2021-09-07T18:04:52+00:00\" \/>\n<meta property=\"og:image\" content=\"https:\/\/exaudi.org\/wp-content\/uploads\/2021\/09\/angiemenes-1558542731530-cathopic-scaled.jpg\" \/>\n\t<meta property=\"og:image:width\" content=\"2560\" \/>\n\t<meta property=\"og:image:height\" content=\"1707\" \/>\n\t<meta property=\"og:image:type\" content=\"image\/jpeg\" \/>\n<meta name=\"author\" content=\"Larissa I. L\u00f3pez\" \/>\n<meta name=\"twitter:card\" content=\"summary_large_image\" \/>\n<meta name=\"twitter:creator\" content=\"@Exaudi_News\" \/>\n<meta name=\"twitter:site\" content=\"@Exaudi_News\" \/>\n<meta name=\"twitter:label1\" content=\"Escrito por\" \/>\n\t<meta name=\"twitter:data1\" content=\"Larissa I. L\u00f3pez\" \/>\n\t<meta name=\"twitter:label2\" content=\"Tiempo de lectura\" \/>\n\t<meta name=\"twitter:data2\" content=\"2 minutos\" \/>\n<script type=\"application\/ld+json\" class=\"yoast-schema-graph\">{\"@context\":\"https:\\\/\\\/schema.org\",\"@graph\":[{\"@type\":\"Article\",\"@id\":\"https:\\\/\\\/exaudi.org\\\/es\\\/colombia-celebra-semana-por-la-paz-verdad-que-podemos\\\/#article\",\"isPartOf\":{\"@id\":\"https:\\\/\\\/exaudi.org\\\/es\\\/colombia-celebra-semana-por-la-paz-verdad-que-podemos\\\/\"},\"author\":{\"name\":\"Larissa I. L\u00f3pez\",\"@id\":\"https:\\\/\\\/exaudi.org\\\/#\\\/schema\\\/person\\\/7d2f77db033c2c0929edfab6dbe8c588\"},\"headline\":\"Colombia celebra Semana por la Paz: \u201c\u00a1Verdad que podemos!\u201d\",\"datePublished\":\"2021-09-07T12:45:10+00:00\",\"dateModified\":\"2021-09-07T18:04:52+00:00\",\"mainEntityOfPage\":{\"@id\":\"https:\\\/\\\/exaudi.org\\\/es\\\/colombia-celebra-semana-por-la-paz-verdad-que-podemos\\\/\"},\"wordCount\":378,\"image\":{\"@id\":\"https:\\\/\\\/exaudi.org\\\/es\\\/colombia-celebra-semana-por-la-paz-verdad-que-podemos\\\/#primaryimage\"},\"thumbnailUrl\":\"https:\\\/\\\/exaudi.org\\\/wp-content\\\/uploads\\\/2021\\\/09\\\/angiemenes-1558542731530-cathopic-scaled.jpg\",\"keywords\":[\"Colombia\",\"Paz\",\"Semana por la Paz 2021\"],\"articleSection\":[\"Iglesia Local\",\"Justicia y Paz\",\"\u00daltimas noticias\"],\"inLanguage\":\"es\"},{\"@type\":\"WebPage\",\"@id\":\"https:\\\/\\\/exaudi.org\\\/es\\\/colombia-celebra-semana-por-la-paz-verdad-que-podemos\\\/\",\"url\":\"https:\\\/\\\/exaudi.org\\\/es\\\/colombia-celebra-semana-por-la-paz-verdad-que-podemos\\\/\",\"name\":\"Colombia celebra Semana por la Paz: \u201c\u00a1Verdad que podemos!\u201d &#8211; Exaudi\",\"isPartOf\":{\"@id\":\"https:\\\/\\\/exaudi.org\\\/#website\"},\"primaryImageOfPage\":{\"@id\":\"https:\\\/\\\/exaudi.org\\\/es\\\/colombia-celebra-semana-por-la-paz-verdad-que-podemos\\\/#primaryimage\"},\"image\":{\"@id\":\"https:\\\/\\\/exaudi.org\\\/es\\\/colombia-celebra-semana-por-la-paz-verdad-que-podemos\\\/#primaryimage\"},\"thumbnailUrl\":\"https:\\\/\\\/exaudi.org\\\/wp-content\\\/uploads\\\/2021\\\/09\\\/angiemenes-1558542731530-cathopic-scaled.jpg\",\"datePublished\":\"2021-09-07T12:45:10+00:00\",\"dateModified\":\"2021-09-07T18:04:52+00:00\",\"author\":{\"@id\":\"https:\\\/\\\/exaudi.org\\\/#\\\/schema\\\/person\\\/7d2f77db033c2c0929edfab6dbe8c588\"},\"description\":\"Colombia celebra la Semana por la Paz, que lleva por lema \u201c\u00a1Verdad que podemos!\u201d del 5 al 12 de septiembre de 2021\",\"breadcrumb\":{\"@id\":\"https:\\\/\\\/exaudi.org\\\/es\\\/colombia-celebra-semana-por-la-paz-verdad-que-podemos\\\/#breadcrumb\"},\"inLanguage\":\"es\",\"potentialAction\":[{\"@type\":\"ReadAction\",\"target\":[\"https:\\\/\\\/exaudi.org\\\/es\\\/colombia-celebra-semana-por-la-paz-verdad-que-podemos\\\/\"]}]},{\"@type\":\"ImageObject\",\"inLanguage\":\"es\",\"@id\":\"https:\\\/\\\/exaudi.org\\\/es\\\/colombia-celebra-semana-por-la-paz-verdad-que-podemos\\\/#primaryimage\",\"url\":\"https:\\\/\\\/exaudi.org\\\/wp-content\\\/uploads\\\/2021\\\/09\\\/angiemenes-1558542731530-cathopic-scaled.jpg\",\"contentUrl\":\"https:\\\/\\\/exaudi.org\\\/wp-content\\\/uploads\\\/2021\\\/09\\\/angiemenes-1558542731530-cathopic-scaled.jpg\",\"width\":2560,\"height\":1707,\"caption\":\"Paz \u00a9 Cathopic. Angie Menes\"},{\"@type\":\"BreadcrumbList\",\"@id\":\"https:\\\/\\\/exaudi.org\\\/es\\\/colombia-celebra-semana-por-la-paz-verdad-que-podemos\\\/#breadcrumb\",\"itemListElement\":[{\"@type\":\"ListItem\",\"position\":1,\"name\":\"Portada\",\"item\":\"https:\\\/\\\/exaudi.org\\\/es\\\/\"},{\"@type\":\"ListItem\",\"position\":2,\"name\":\"Colombia celebra Semana por la Paz: \u201c\u00a1Verdad que podemos!\u201d\"}]},{\"@type\":\"WebSite\",\"@id\":\"https:\\\/\\\/exaudi.org\\\/#website\",\"url\":\"https:\\\/\\\/exaudi.org\\\/\",\"name\":\"Exaudi\",\"description\":\"News\",\"potentialAction\":[{\"@type\":\"SearchAction\",\"target\":{\"@type\":\"EntryPoint\",\"urlTemplate\":\"https:\\\/\\\/exaudi.org\\\/?s={search_term_string}\"},\"query-input\":{\"@type\":\"PropertyValueSpecification\",\"valueRequired\":true,\"valueName\":\"search_term_string\"}}],\"inLanguage\":\"es\"},{\"@type\":\"Person\",\"@id\":\"https:\\\/\\\/exaudi.org\\\/#\\\/schema\\\/person\\\/7d2f77db033c2c0929edfab6dbe8c588\",\"name\":\"Larissa I. L\u00f3pez\",\"image\":{\"@type\":\"ImageObject\",\"inLanguage\":\"es\",\"@id\":\"https:\\\/\\\/secure.gravatar.com\\\/avatar\\\/db3ef399ff343d0bb9d25dc5198bc8ece5ac6d621eca79876697a354dabc1e3f?s=96&d=mm&r=g\",\"url\":\"https:\\\/\\\/secure.gravatar.com\\\/avatar\\\/db3ef399ff343d0bb9d25dc5198bc8ece5ac6d621eca79876697a354dabc1e3f?s=96&d=mm&r=g\",\"contentUrl\":\"https:\\\/\\\/secure.gravatar.com\\\/avatar\\\/db3ef399ff343d0bb9d25dc5198bc8ece5ac6d621eca79876697a354dabc1e3f?s=96&d=mm&r=g\",\"caption\":\"Larissa I. L\u00f3pez\"},\"description\":\"Doctora en Comunicaci\u00f3n. Mi trayectoria profesional ha transcurrido entre el \u00e1mbito de la comunicaci\u00f3n y el de la docencia. En los \u00faltimos a\u00f1os, he trabajado como coordinadora y redactora de la edici\u00f3n de ZENIT en espa\u00f1ol. Como profesora, he impartido clases en la universidad y en centros de FP y bachillerato. Cordobesa de nacimiento, tambi\u00e9n he vivido en Sevilla, Madrid y Roma\",\"url\":\"https:\\\/\\\/exaudi.org\\\/es\\\/author\\\/llopezexaudi-org\\\/\"}]}<\/script>\n<!-- \/ Yoast SEO plugin. -->","yoast_head_json":{"title":"Colombia celebra Semana por la Paz: \u201c\u00a1Verdad que podemos!\u201d &#8211; Exaudi","description":"Colombia celebra la Semana por la Paz, que lleva por lema \u201c\u00a1Verdad que podemos!\u201d del 5 al 12 de septiembre de 2021","robots":{"index":"index","follow":"follow","max-snippet":"max-snippet:-1","max-image-preview":"max-image-preview:large","max-video-preview":"max-video-preview:-1"},"canonical":"https:\/\/exaudi.org\/es\/colombia-celebra-semana-por-la-paz-verdad-que-podemos\/","og_locale":"es_ES","og_type":"article","og_title":"Colombia celebra Semana por la Paz: \u201c\u00a1Verdad que podemos!\u201d &#8211; Exaudi","og_description":"Colombia celebra la Semana por la Paz, que lleva por lema \u201c\u00a1Verdad que podemos!\u201d del 5 al 12 de septiembre de 2021","og_url":"https:\/\/exaudi.org\/es\/colombia-celebra-semana-por-la-paz-verdad-que-podemos\/","og_site_name":"Exaudi","article_publisher":"https:\/\/www.facebook.com\/ExaudiNews","article_published_time":"2021-09-07T12:45:10+00:00","article_modified_time":"2021-09-07T18:04:52+00:00","og_image":[{"width":2560,"height":1707,"url":"https:\/\/exaudi.org\/wp-content\/uploads\/2021\/09\/angiemenes-1558542731530-cathopic-scaled.jpg","type":"image\/jpeg"}],"author":"Larissa I. L\u00f3pez","twitter_card":"summary_large_image","twitter_creator":"@Exaudi_News","twitter_site":"@Exaudi_News","twitter_misc":{"Escrito por":"Larissa I. L\u00f3pez","Tiempo de lectura":"2 minutos"},"schema":{"@context":"https:\/\/schema.org","@graph":[{"@type":"Article","@id":"https:\/\/exaudi.org\/es\/colombia-celebra-semana-por-la-paz-verdad-que-podemos\/#article","isPartOf":{"@id":"https:\/\/exaudi.org\/es\/colombia-celebra-semana-por-la-paz-verdad-que-podemos\/"},"author":{"name":"Larissa I. L\u00f3pez","@id":"https:\/\/exaudi.org\/#\/schema\/person\/7d2f77db033c2c0929edfab6dbe8c588"},"headline":"Colombia celebra Semana por la Paz: \u201c\u00a1Verdad que podemos!\u201d","datePublished":"2021-09-07T12:45:10+00:00","dateModified":"2021-09-07T18:04:52+00:00","mainEntityOfPage":{"@id":"https:\/\/exaudi.org\/es\/colombia-celebra-semana-por-la-paz-verdad-que-podemos\/"},"wordCount":378,"image":{"@id":"https:\/\/exaudi.org\/es\/colombia-celebra-semana-por-la-paz-verdad-que-podemos\/#primaryimage"},"thumbnailUrl":"https:\/\/exaudi.org\/wp-content\/uploads\/2021\/09\/angiemenes-1558542731530-cathopic-scaled.jpg","keywords":["Colombia","Paz","Semana por la Paz 2021"],"articleSection":["Iglesia Local","Justicia y Paz","\u00daltimas noticias"],"inLanguage":"es"},{"@type":"WebPage","@id":"https:\/\/exaudi.org\/es\/colombia-celebra-semana-por-la-paz-verdad-que-podemos\/","url":"https:\/\/exaudi.org\/es\/colombia-celebra-semana-por-la-paz-verdad-que-podemos\/","name":"Colombia celebra Semana por la Paz: \u201c\u00a1Verdad que podemos!\u201d &#8211; Exaudi","isPartOf":{"@id":"https:\/\/exaudi.org\/#website"},"primaryImageOfPage":{"@id":"https:\/\/exaudi.org\/es\/colombia-celebra-semana-por-la-paz-verdad-que-podemos\/#primaryimage"},"image":{"@id":"https:\/\/exaudi.org\/es\/colombia-celebra-semana-por-la-paz-verdad-que-podemos\/#primaryimage"},"thumbnailUrl":"https:\/\/exaudi.org\/wp-content\/uploads\/2021\/09\/angiemenes-1558542731530-cathopic-scaled.jpg","datePublished":"2021-09-07T12:45:10+00:00","dateModified":"2021-09-07T18:04:52+00:00","author":{"@id":"https:\/\/exaudi.org\/#\/schema\/person\/7d2f77db033c2c0929edfab6dbe8c588"},"description":"Colombia celebra la Semana por la Paz, que lleva por lema \u201c\u00a1Verdad que podemos!\u201d del 5 al 12 de septiembre de 2021","breadcrumb":{"@id":"https:\/\/exaudi.org\/es\/colombia-celebra-semana-por-la-paz-verdad-que-podemos\/#breadcrumb"},"inLanguage":"es","potentialAction":[{"@type":"ReadAction","target":["https:\/\/exaudi.org\/es\/colombia-celebra-semana-por-la-paz-verdad-que-podemos\/"]}]},{"@type":"ImageObject","inLanguage":"es","@id":"https:\/\/exaudi.org\/es\/colombia-celebra-semana-por-la-paz-verdad-que-podemos\/#primaryimage","url":"https:\/\/exaudi.org\/wp-content\/uploads\/2021\/09\/angiemenes-1558542731530-cathopic-scaled.jpg","contentUrl":"https:\/\/exaudi.org\/wp-content\/uploads\/2021\/09\/angiemenes-1558542731530-cathopic-scaled.jpg","width":2560,"height":1707,"caption":"Paz \u00a9 Cathopic. Angie Menes"},{"@type":"BreadcrumbList","@id":"https:\/\/exaudi.org\/es\/colombia-celebra-semana-por-la-paz-verdad-que-podemos\/#breadcrumb","itemListElement":[{"@type":"ListItem","position":1,"name":"Portada","item":"https:\/\/exaudi.org\/es\/"},{"@type":"ListItem","position":2,"name":"Colombia celebra Semana por la Paz: \u201c\u00a1Verdad que podemos!\u201d"}]},{"@type":"WebSite","@id":"https:\/\/exaudi.org\/#website","url":"https:\/\/exaudi.org\/","name":"Exaudi","description":"News","potentialAction":[{"@type":"SearchAction","target":{"@type":"EntryPoint","urlTemplate":"https:\/\/exaudi.org\/?s={search_term_string}"},"query-input":{"@type":"PropertyValueSpecification","valueRequired":true,"valueName":"search_term_string"}}],"inLanguage":"es"},{"@type":"Person","@id":"https:\/\/exaudi.org\/#\/schema\/person\/7d2f77db033c2c0929edfab6dbe8c588","name":"Larissa I. L\u00f3pez","image":{"@type":"ImageObject","inLanguage":"es","@id":"https:\/\/secure.gravatar.com\/avatar\/db3ef399ff343d0bb9d25dc5198bc8ece5ac6d621eca79876697a354dabc1e3f?s=96&d=mm&r=g","url":"https:\/\/secure.gravatar.com\/avatar\/db3ef399ff343d0bb9d25dc5198bc8ece5ac6d621eca79876697a354dabc1e3f?s=96&d=mm&r=g","contentUrl":"https:\/\/secure.gravatar.com\/avatar\/db3ef399ff343d0bb9d25dc5198bc8ece5ac6d621eca79876697a354dabc1e3f?s=96&d=mm&r=g","caption":"Larissa I. L\u00f3pez"},"description":"Doctora en Comunicaci\u00f3n. Mi trayectoria profesional ha transcurrido entre el \u00e1mbito de la comunicaci\u00f3n y el de la docencia. En los \u00faltimos a\u00f1os, he trabajado como coordinadora y redactora de la edici\u00f3n de ZENIT en espa\u00f1ol. Como profesora, he impartido clases en la universidad y en centros de FP y bachillerato. Cordobesa de nacimiento, tambi\u00e9n he vivido en Sevilla, Madrid y Roma","url":"https:\/\/exaudi.org\/es\/author\/llopezexaudi-org\/"}]}},"jetpack_featured_media_url":"https:\/\/exaudi.org\/wp-content\/uploads\/2021\/09\/angiemenes-1558542731530-cathopic-scaled.jpg","jetpack_shortlink":"https:\/\/wp.me\/pgKjF2-8lr","_links":{"self":[{"href":"https:\/\/exaudi.org\/es\/wp-json\/wp\/v2\/posts\/32081","targetHints":{"allow":["GET"]}}],"collection":[{"href":"https:\/\/exaudi.org\/es\/wp-json\/wp\/v2\/posts"}],"about":[{"href":"https:\/\/exaudi.org\/es\/wp-json\/wp\/v2\/types\/post"}],"author":[{"embeddable":true,"href":"https:\/\/exaudi.org\/es\/wp-json\/wp\/v2\/users\/5"}],"replies":[{"embeddable":true,"href":"https:\/\/exaudi.org\/es\/wp-json\/wp\/v2\/comments?post=32081"}],"version-history":[{"count":0,"href":"https:\/\/exaudi.org\/es\/wp-json\/wp\/v2\/posts\/32081\/revisions"}],"wp:featuredmedia":[{"embeddable":true,"href":"https:\/\/exaudi.org\/es\/wp-json\/wp\/v2\/media\/32088"}],"wp:attachment":[{"href":"https:\/\/exaudi.org\/es\/wp-json\/wp\/v2\/media?parent=32081"}],"wp:term":[{"taxonomy":"category","embeddable":true,"href":"https:\/\/exaudi.org\/es\/wp-json\/wp\/v2\/categories?post=32081"},{"taxonomy":"post_tag","embeddable":true,"href":"https:\/\/exaudi.org\/es\/wp-json\/wp\/v2\/tags?post=32081"}],"curies":[{"name":"wp","href":"https:\/\/api.w.org\/{rel}","templated":true}]}}