{"id":32045,"date":"2021-09-07T10:31:58","date_gmt":"2021-09-07T08:31:58","guid":{"rendered":"https:\/\/exaudi.wpengine.com\/?p=32045"},"modified":"2021-09-07T16:27:37","modified_gmt":"2021-09-07T14:27:37","slug":"magdala-himno-tercera-peregrinacion-virtual-tierra-santa","status":"publish","type":"post","link":"https:\/\/exaudi.org\/es\/magdala-himno-tercera-peregrinacion-virtual-tierra-santa\/","title":{"rendered":"Magdala: Himno de Tercera Peregrinaci\u00f3n Virtual por Tierra Santa"},"content":{"rendered":"<p>El pasado 2 de septiembre de 2021, el presb\u00edtero Juan Solana, fundador y director de <a href=\"https:\/\/www.magdala.org\/\" target=\"_blank\" rel=\"noopener\">Magdala<\/a>, entrevist\u00f3 a la cantante Lupita Aguilar y al compositor Jos\u00e9 Ignacio Mart\u00ednez El\u00edas, colaboradores de la realizaci\u00f3n de \u201cS\u00e1name\u201d, himno de la tercera Peregrinaci\u00f3n Virtual de Sanaci\u00f3n por Tierra Santa, que se llevar\u00e1 a cabo de manera gratuita del 28 de septiembre al 4 de noviembre.<\/p>\n<p>Seg\u00fan ha informado <a href=\"https:\/\/exaudi.wpengine.com\/es\/magdala-segunda-peregrinacion-tierra-santa\/\" target=\"_blank\" rel=\"noopener\">Magdala<\/a> a trav\u00e9s de una nota, para la grabaci\u00f3n del himno para la peregrinaci\u00f3n se presentaron varias complicaciones debido al hurac\u00e1n Grace. Al cerrarse los vuelos, Lupita Aguilar, quien fue invitada como voz femenina, tuvo que esperar dos d\u00edas en Cozumel, su lugar de residencia, hasta que hubiera transporte a\u00e9reo que la pudiera llevar a la Ciudad de M\u00e9xico a tiempo para la grabaci\u00f3n.<\/p>\n<p>Al respecto, la cantante expres\u00f3 que, \u201ccuando se presentan dificultades, es porque realmente va a ser algo que va a valer la pena\u201d, y manifest\u00f3 su alegr\u00eda al hablar de la calidad del equipo de grabaci\u00f3n y de la composici\u00f3n: \u201cLa canci\u00f3n est\u00e1 preciosa y tambi\u00e9n las voces, con todo el ingenio de Jos\u00e9 Ignacio; adem\u00e1s el estudio, la calidad del audio, la canci\u00f3n, la letra, el buen esp\u00edritu. \u00a1Qu\u00e9 bonito! Gracias por esta oportunidad, estoy feliz\u201d.<\/p>\n<h4><strong>Experiencia de los realizadores<\/strong><\/h4>\n<figure id=\"attachment_32053\" aria-describedby=\"caption-attachment-32053\" style=\"width: 300px\" class=\"wp-caption alignleft\"><img loading=\"lazy\" decoding=\"async\" class=\"size-medium wp-image-32053\" src=\"https:\/\/exaudi.wpengine.com\/wp-content\/uploads\/2021\/09\/23c4324c234c-300x171.jpeg\" alt=\"Magdala himno Peregrinaci\u00f3n Virtual Tierra Santa\" width=\"300\" height=\"171\" srcset=\"https:\/\/exaudi.org\/wp-content\/uploads\/2021\/09\/23c4324c234c-300x171.jpeg 300w, https:\/\/exaudi.org\/wp-content\/uploads\/2021\/09\/23c4324c234c-1024x584.jpeg 1024w, https:\/\/exaudi.org\/wp-content\/uploads\/2021\/09\/23c4324c234c-768x438.jpeg 768w, https:\/\/exaudi.org\/wp-content\/uploads\/2021\/09\/23c4324c234c-150x86.jpeg 150w, https:\/\/exaudi.org\/wp-content\/uploads\/2021\/09\/23c4324c234c-696x397.jpeg 696w, https:\/\/exaudi.org\/wp-content\/uploads\/2021\/09\/23c4324c234c-1068x610.jpeg 1068w, https:\/\/exaudi.org\/wp-content\/uploads\/2021\/09\/23c4324c234c-736x420.jpeg 736w, https:\/\/exaudi.org\/wp-content\/uploads\/2021\/09\/23c4324c234c.jpeg 1505w\" sizes=\"auto, (max-width: 300px) 100vw, 300px\" \/><figcaption id=\"caption-attachment-32053\" class=\"wp-caption-text\">Entrevista de Solana a los artistas del himno \u00a9 Proyecto Magdala<\/figcaption><\/figure>\n<p>Este himno est\u00e1 compuesto por Jos\u00e9 Ignacio y en colaboraci\u00f3n creativa de su amigo Benjam\u00edn P\u00e9rez. Ha sido interpretado por Jos\u00e9 Ignacio y Lupita. El objetivo de la peregrinaci\u00f3n, indica la nota de Magdala, es \u201cescuchar la Palabra de Dios y disponer nuestro ser para que Jes\u00fas toque nuestro coraz\u00f3n, permitiendo que \u00e9l llene con su gracia y amor todos los espacios de nosotros mismos que han sido lastimados por malas experiencias, dolores, enfermedad, p\u00e9rdidas, angustias, sufrimientos y pecados, cargando con nosotros nuestra cruz haci\u00e9ndonos part\u00edcipes de su pasi\u00f3n y resurrecci\u00f3n\u201d.<\/p>\n<p>Un gesto que valor\u00f3 mucho Lupita fue que al llegar al estudio de grabaci\u00f3n, Jos\u00e9 Ignacio y Benjam\u00edn le preguntaron qu\u00e9 frase deseaba interpretar y ella eligi\u00f3: \u201cPor fuera tengo una sonrisa, por dentro una aflicci\u00f3n que pisa\u201d, as\u00ed se siente ella desde que falleci\u00f3 su marido hace tres meses. Sin embargo, Lupita reconoce este acontecimiento como un momento de fe y el colaborar con la Peregrinaci\u00f3n ha sido la respuesta providencial que Dios ha tenido para ella.<\/p>\n<p>Al hablar sobre su experiencia en la composici\u00f3n de la pieza, Jos\u00e9 Ignacio menciona que la realiz\u00f3 a partir de la meditaci\u00f3n sobre qu\u00e9 es la sanaci\u00f3n, d\u00e1ndose cuenta que todos necesitamos ser sanados por Dios en alguno o varios aspectos de nuestras vidas. As\u00ed que, tanto \u00e9l como Lupita interpretaron el himno desde sus propias experiencias, pero tambi\u00e9n es un grito de s\u00faplica a Dios de toda la humanidad y ellos \u201chan gritado anticipadamente por todos\u201d.<\/p>\n<p>Como dijo Jos\u00e9 Ignacio, en alg\u00fan momento todos han sentido momentos que han gritado al cielo \u201cPadre, necesito sanar\u201d, \u201cQuiero estar bien\u201d. Y esto es parte del camino aprender a amar a Dios sobre todas las cosas, sobre la salud, sobre la enfermedad, como en los votos del matrimonio. Esto fue el punto de partida para entender que Dios hoy est\u00e1 aqu\u00ed y va trabajando en cada uno de nosotros, pero se requiere de nuestra cooperaci\u00f3n y ser instrumentos del Esp\u00edritu Santo para llevar esa Palabra y poder decir a los otros: Todo va a estar bien.<\/p>\n<p>Inscripciones aqu\u00ed: <a href=\"https:\/\/email.magdala.org\/t\/ViewEmail\/y\/C2839B9A3A35481E2540EF23F30FEDED\" target=\"_blank\" rel=\"noopener\">https:\/\/email.magdala.org\/t\/ViewEmail\/y\/C2839B9A3A35481E2540EF23F30FEDED<\/a><\/p>\n<p>Es posible escuchar la canci\u00f3n en este enlace: <a href=\"https:\/\/www.youtube.com\/watch?v=p0O3McjkMCk\" target=\"_blank\" rel=\"noopener\">https:\/\/www.youtube.com\/watch?v=p0O3McjkMCk<\/a><\/p>\n<h4><strong>Perfil de los artistas<\/strong><\/h4>\n<p><img loading=\"lazy\" decoding=\"async\" class=\"alignright size-medium wp-image-32056\" src=\"https:\/\/exaudi.wpengine.com\/wp-content\/uploads\/2021\/09\/WhatsApp-Image-2021-09-06-at-10.16.12-1-e1631003410937-300x166.jpeg\" alt=\"\" width=\"300\" height=\"166\" srcset=\"https:\/\/exaudi.org\/wp-content\/uploads\/2021\/09\/WhatsApp-Image-2021-09-06-at-10.16.12-1-e1631003410937-300x166.jpeg 300w, https:\/\/exaudi.org\/wp-content\/uploads\/2021\/09\/WhatsApp-Image-2021-09-06-at-10.16.12-1-e1631003410937-1024x566.jpeg 1024w, https:\/\/exaudi.org\/wp-content\/uploads\/2021\/09\/WhatsApp-Image-2021-09-06-at-10.16.12-1-e1631003410937-768x424.jpeg 768w, https:\/\/exaudi.org\/wp-content\/uploads\/2021\/09\/WhatsApp-Image-2021-09-06-at-10.16.12-1-e1631003410937-1536x849.jpeg 1536w, https:\/\/exaudi.org\/wp-content\/uploads\/2021\/09\/WhatsApp-Image-2021-09-06-at-10.16.12-1-e1631003410937-150x83.jpeg 150w, https:\/\/exaudi.org\/wp-content\/uploads\/2021\/09\/WhatsApp-Image-2021-09-06-at-10.16.12-1-e1631003410937-696x385.jpeg 696w, https:\/\/exaudi.org\/wp-content\/uploads\/2021\/09\/WhatsApp-Image-2021-09-06-at-10.16.12-1-e1631003410937-1068x590.jpeg 1068w, https:\/\/exaudi.org\/wp-content\/uploads\/2021\/09\/WhatsApp-Image-2021-09-06-at-10.16.12-1-e1631003410937-760x420.jpeg 760w, https:\/\/exaudi.org\/wp-content\/uploads\/2021\/09\/WhatsApp-Image-2021-09-06-at-10.16.12-1-e1631003410937.jpeg 1600w\" sizes=\"auto, (max-width: 300px) 100vw, 300px\" \/><\/p>\n<p>Lupita Aguilar es una reconocida cantante que vive en la Isla de Cozumel. Se dedica a la evangelizaci\u00f3n a trav\u00e9s de la m\u00fasica, la oraci\u00f3n y la predicaci\u00f3n. Actualmente canta en el Santuario de Mar\u00eda Desatadora de Nudos, ubicado en Canc\u00fan. Su nombre Art\u00edstico es \u201cLupita Aguilar\u201d y por la canci\u00f3n \u201cLa voz de Mar\u00eda\u201d es como se dio a conocer al p\u00fablico y por lo cual le permite llevar el amor y su acompa\u00f1amiento de la Sant\u00edsima Virgen Mar\u00eda a todas las personas que la quieran acoger como Madre. Su esposo muri\u00f3 hace tres meses por COVID-19.<\/p>\n<p>Jos\u00e9 Ignacio es de Posa Rica, Veracruz. Tiene una familia conformada por su madre, hermana y \u00e9l, su padre falleci\u00f3 hace 27 a\u00f1os; sin embargo, los tres se han hecho una familia muy unida. Es cantante, compositor y productor. Desde el 2012 realiza sus actividades musicales de tiempo completo, tras haber estado en la Voz M\u00e9xico, en el equipo de Miguel Bos\u00e9.<\/p>\n<h4><strong>Segunda peregrinaci\u00f3n<\/strong><\/h4>\n<p>Con mucho \u00e9xito y m\u00e1s de cien mil peregrinos virtuales, el pasado mes de abril finaliz\u00f3 la segunda Peregrinaci\u00f3n Virtual por Tierra Santa, gratuita, bajo el lema: \u201cPeregrinos en la Fe. Recorriendo la Tierra Santa de la mano de Abraham\u201d, informa una nota del proyecto Magdala.<\/p>\n<figure id=\"attachment_32059\" aria-describedby=\"caption-attachment-32059\" style=\"width: 300px\" class=\"wp-caption alignleft\"><img loading=\"lazy\" decoding=\"async\" class=\"size-medium wp-image-32059\" src=\"https:\/\/exaudi.wpengine.com\/wp-content\/uploads\/2021\/09\/WhatsApp-Image-2021-09-06-at-10.16.11-1-300x170.jpeg\" alt=\"Magdala himno Peregrinaci\u00f3n Virtual Tierra Santa\" width=\"300\" height=\"170\" srcset=\"https:\/\/exaudi.org\/wp-content\/uploads\/2021\/09\/WhatsApp-Image-2021-09-06-at-10.16.11-1-300x170.jpeg 300w, https:\/\/exaudi.org\/wp-content\/uploads\/2021\/09\/WhatsApp-Image-2021-09-06-at-10.16.11-1-1024x581.jpeg 1024w, https:\/\/exaudi.org\/wp-content\/uploads\/2021\/09\/WhatsApp-Image-2021-09-06-at-10.16.11-1-768x436.jpeg 768w, https:\/\/exaudi.org\/wp-content\/uploads\/2021\/09\/WhatsApp-Image-2021-09-06-at-10.16.11-1-1536x871.jpeg 1536w, https:\/\/exaudi.org\/wp-content\/uploads\/2021\/09\/WhatsApp-Image-2021-09-06-at-10.16.11-1-150x85.jpeg 150w, https:\/\/exaudi.org\/wp-content\/uploads\/2021\/09\/WhatsApp-Image-2021-09-06-at-10.16.11-1-696x395.jpeg 696w, https:\/\/exaudi.org\/wp-content\/uploads\/2021\/09\/WhatsApp-Image-2021-09-06-at-10.16.11-1-1068x606.jpeg 1068w, https:\/\/exaudi.org\/wp-content\/uploads\/2021\/09\/WhatsApp-Image-2021-09-06-at-10.16.11-1-740x420.jpeg 740w, https:\/\/exaudi.org\/wp-content\/uploads\/2021\/09\/WhatsApp-Image-2021-09-06-at-10.16.11-1.jpeg 1599w\" sizes=\"auto, (max-width: 300px) 100vw, 300px\" \/><figcaption id=\"caption-attachment-32059\" class=\"wp-caption-text\">\u00a9 Proyecto Magdala<\/figcaption><\/figure>\n<p>Este evento, organizado por el equipo de\u00a0<a href=\"https:\/\/www.magdala.org\/\" target=\"_blank\" rel=\"noopener noreferrer\">Magdala<\/a>, proyecto situado en Israel, termin\u00f3 este domingo con 116.307 peregrinos virtuales provenientes de los 5 continentes, dando un total de 99 pa\u00edses. Como cierre de la misma se rifaron 6 estancias en Tierra Santa, libros, catecismos de la Iglesia Cat\u00f3lica, cursos de formaci\u00f3n y objetos religiosos de all\u00e1. La peregrinaci\u00f3n dur\u00f3 40 d\u00edas, m\u00e1s las pl\u00e1ticas conclusivas. Al finalizar todos los inscritos recibieron un certificado digital por haber realizado la peregrinaci\u00f3n\/retiro virtual.<\/p>\n<p>El padre Juan Mar\u00eda Solana, director y fundador de\u00a0<a href=\"https:\/\/exaudi.org\/es\/magdala-cancion-oracion-san-jose-papa-patris-corde-2021\/\" target=\"_blank\" rel=\"noopener noreferrer\">Magdala<\/a>, resalt\u00f3 que \u201cesta vez nos encontramos con la sorpresa de tener participantes de \u00c1frica y Australia\u201d y manifest\u00f3 estar muy feliz por esta peregrinaci\u00f3n: \u201cHemos recibido cientos de felicitaciones, comentarios muy positivos, a mucha gente le ha cambiado su vida\u201d, a\u00f1adi\u00f3.<\/p>\n<p>En una nota, el equipo de Magdala agradece a todos los participantes, medios de comunicaci\u00f3n y a todas las personas de buena volunta de que han apoyado esta Peregrinaci\u00f3n\/Retiro y comunica que ya se encuentra trabajando para organizar una tercera peregrinaci\u00f3n.<\/p>\n<h4><strong>Proyecto Magdala<\/strong><\/h4>\n<p>Tal y como informa en su p\u00e1gina web, en el a\u00f1o 2005, el padre Solana sinti\u00f3 que Cristo \u201clo llamaba a construir un centro para peregrinos en Galilea\u201d. Desde el comienzo, \u201cvisualiz\u00f3 un lugar donde los mismos pudieran disfrutar, a las orillas del Mar de Galilea, de un hospedaje c\u00f3modo y en un ambiente espiritual altamente significativo\u201d.<\/p>\n<p>Las obras de construcci\u00f3n comenzaron en 2009, y posteriormente descubrieron la existencia de la ciudad jud\u00eda en Israel, uno de los hallazgos arqueol\u00f3gicos m\u00e1s importantes del siglo. En 2020, el proyecto cumpli\u00f3 su d\u00e9cimo aniversario.<\/p>\n<p><img loading=\"lazy\" decoding=\"async\" class=\"alignright size-medium wp-image-32062\" src=\"https:\/\/exaudi.wpengine.com\/wp-content\/uploads\/2021\/09\/WhatsApp-Image-2021-09-06-at-10.16.11-300x170.jpeg\" alt=\"\" width=\"300\" height=\"170\" srcset=\"https:\/\/exaudi.org\/wp-content\/uploads\/2021\/09\/WhatsApp-Image-2021-09-06-at-10.16.11-300x170.jpeg 300w, https:\/\/exaudi.org\/wp-content\/uploads\/2021\/09\/WhatsApp-Image-2021-09-06-at-10.16.11-1024x581.jpeg 1024w, https:\/\/exaudi.org\/wp-content\/uploads\/2021\/09\/WhatsApp-Image-2021-09-06-at-10.16.11-768x436.jpeg 768w, https:\/\/exaudi.org\/wp-content\/uploads\/2021\/09\/WhatsApp-Image-2021-09-06-at-10.16.11-1536x872.jpeg 1536w, https:\/\/exaudi.org\/wp-content\/uploads\/2021\/09\/WhatsApp-Image-2021-09-06-at-10.16.11-150x85.jpeg 150w, https:\/\/exaudi.org\/wp-content\/uploads\/2021\/09\/WhatsApp-Image-2021-09-06-at-10.16.11-696x395.jpeg 696w, https:\/\/exaudi.org\/wp-content\/uploads\/2021\/09\/WhatsApp-Image-2021-09-06-at-10.16.11-1068x606.jpeg 1068w, https:\/\/exaudi.org\/wp-content\/uploads\/2021\/09\/WhatsApp-Image-2021-09-06-at-10.16.11-740x420.jpeg 740w, https:\/\/exaudi.org\/wp-content\/uploads\/2021\/09\/WhatsApp-Image-2021-09-06-at-10.16.11.jpeg 1599w\" sizes=\"auto, (max-width: 300px) 100vw, 300px\" \/><\/p>\n<p>Gracias a las excavaciones, los arque\u00f3logos dieron con un pueblo jud\u00edo completo e intacto del primer siglo, identificado como la antigua ciudad de Magdala. Con solo el 10% de la arqueolog\u00eda excavada, la ciudad natal de Mar\u00eda Magdalena le da la oportunidad a los peregrinos de caminar donde Jes\u00fas ense\u00f1\u00f3 y de conectarse con la vida del primer siglo de sus disc\u00edpulos.<\/p>\n<p>A d\u00eda de hoy,\u00a0<a href=\"https:\/\/www.magdala.org\/\" target=\"_blank\" rel=\"noopener noreferrer\">Magdala<\/a>\u00a0es tambi\u00e9n sede del centro de oraci\u00f3n\u00a0<em>Duc In Altum,<\/em>\u00a0que ofrece un lugar para la oraci\u00f3n, la reflexi\u00f3n y la celebraci\u00f3n eucar\u00edstica; y de la casa de hu\u00e9spedes, un espacio de hospitalidad y serenidad para la estad\u00eda de los peregrinos.\u200b<\/p>\n","protected":false},"excerpt":{"rendered":"<p>\u201cS\u00e1name\u201d<\/p>\n","protected":false},"author":6,"featured_media":32050,"comment_status":"closed","ping_status":"closed","sticky":false,"template":"","format":"standard","meta":{"_acf_changed":false,"_crdt_document":"","inline_featured_image":false,"footnotes":""},"categories":[86,298],"tags":[813,3994,3993],"class_list":["post-32045","post","type-post","status-publish","format-standard","has-post-thumbnail","hentry","category-iglesia-local","category-ultimas-noticias","tag-proyecto-magdala","tag-sanacion","tag-tercera-peregrinacion-virtual-por-tierra-santa"],"acf":[],"yoast_head":"<!-- This site is optimized with the Yoast SEO plugin v27.5 - https:\/\/yoast.com\/product\/yoast-seo-wordpress\/ -->\n<title>Magdala: Himno de Tercera Peregrinaci\u00f3n Virtual por Tierra Santa<\/title>\n<meta name=\"description\" content=\"Magdala: Himno de la Tercera Peregrinaci\u00f3n Virtual de Sanaci\u00f3n por Tierra Santa, hecha por Lupita Aguilar y Jos\u00e9 Ignacio Mart\u00ednez.\" \/>\n<meta name=\"robots\" content=\"index, follow, max-snippet:-1, max-image-preview:large, max-video-preview:-1\" \/>\n<link rel=\"canonical\" href=\"https:\/\/exaudi.org\/es\/magdala-himno-tercera-peregrinacion-virtual-tierra-santa\/\" \/>\n<meta property=\"og:locale\" content=\"es_ES\" \/>\n<meta property=\"og:type\" content=\"article\" \/>\n<meta property=\"og:title\" content=\"Magdala: Himno de Tercera Peregrinaci\u00f3n Virtual por Tierra Santa\" \/>\n<meta property=\"og:description\" content=\"Magdala: Himno de la Tercera Peregrinaci\u00f3n Virtual de Sanaci\u00f3n por Tierra Santa, hecha por Lupita Aguilar y Jos\u00e9 Ignacio Mart\u00ednez.\" \/>\n<meta property=\"og:url\" content=\"https:\/\/exaudi.org\/es\/magdala-himno-tercera-peregrinacion-virtual-tierra-santa\/\" \/>\n<meta property=\"og:site_name\" content=\"Exaudi\" \/>\n<meta property=\"article:publisher\" content=\"https:\/\/www.facebook.com\/ExaudiNews\" \/>\n<meta property=\"article:published_time\" content=\"2021-09-07T08:31:58+00:00\" \/>\n<meta property=\"article:modified_time\" content=\"2021-09-07T14:27:37+00:00\" \/>\n<meta property=\"og:image\" content=\"https:\/\/exaudi.org\/wp-content\/uploads\/2021\/09\/12c33c21.jpeg\" \/>\n\t<meta property=\"og:image:width\" content=\"1464\" \/>\n\t<meta property=\"og:image:height\" content=\"912\" \/>\n\t<meta property=\"og:image:type\" content=\"image\/jpeg\" \/>\n<meta name=\"author\" content=\"Gabriel Sales\" \/>\n<meta name=\"twitter:card\" content=\"summary_large_image\" \/>\n<meta name=\"twitter:creator\" content=\"@habemusman\" \/>\n<meta name=\"twitter:site\" content=\"@Exaudi_News\" \/>\n<meta name=\"twitter:label1\" content=\"Escrito por\" \/>\n\t<meta name=\"twitter:data1\" content=\"Gabriel Sales\" \/>\n\t<meta name=\"twitter:label2\" content=\"Tiempo de lectura\" \/>\n\t<meta name=\"twitter:data2\" content=\"6 minutos\" \/>\n<script type=\"application\/ld+json\" class=\"yoast-schema-graph\">{\"@context\":\"https:\\\/\\\/schema.org\",\"@graph\":[{\"@type\":\"Article\",\"@id\":\"https:\\\/\\\/exaudi.org\\\/es\\\/magdala-himno-tercera-peregrinacion-virtual-tierra-santa\\\/#article\",\"isPartOf\":{\"@id\":\"https:\\\/\\\/exaudi.org\\\/es\\\/magdala-himno-tercera-peregrinacion-virtual-tierra-santa\\\/\"},\"author\":{\"name\":\"Gabriel Sales\",\"@id\":\"https:\\\/\\\/exaudi.org\\\/#\\\/schema\\\/person\\\/d134b96438278131ce90c90c03fda6cd\"},\"headline\":\"Magdala: Himno de Tercera Peregrinaci\u00f3n Virtual por Tierra Santa\",\"datePublished\":\"2021-09-07T08:31:58+00:00\",\"dateModified\":\"2021-09-07T14:27:37+00:00\",\"mainEntityOfPage\":{\"@id\":\"https:\\\/\\\/exaudi.org\\\/es\\\/magdala-himno-tercera-peregrinacion-virtual-tierra-santa\\\/\"},\"wordCount\":1301,\"image\":{\"@id\":\"https:\\\/\\\/exaudi.org\\\/es\\\/magdala-himno-tercera-peregrinacion-virtual-tierra-santa\\\/#primaryimage\"},\"thumbnailUrl\":\"https:\\\/\\\/exaudi.org\\\/wp-content\\\/uploads\\\/2021\\\/09\\\/12c33c21.jpeg\",\"keywords\":[\"Proyecto Magdala\",\"Sanaci\u00f3n\",\"Tercera Peregrinaci\u00f3n Virtual por Tierra Santa\"],\"articleSection\":[\"Iglesia Local\",\"\u00daltimas noticias\"],\"inLanguage\":\"es\"},{\"@type\":\"WebPage\",\"@id\":\"https:\\\/\\\/exaudi.org\\\/es\\\/magdala-himno-tercera-peregrinacion-virtual-tierra-santa\\\/\",\"url\":\"https:\\\/\\\/exaudi.org\\\/es\\\/magdala-himno-tercera-peregrinacion-virtual-tierra-santa\\\/\",\"name\":\"Magdala: Himno de Tercera Peregrinaci\u00f3n Virtual por Tierra Santa\",\"isPartOf\":{\"@id\":\"https:\\\/\\\/exaudi.org\\\/#website\"},\"primaryImageOfPage\":{\"@id\":\"https:\\\/\\\/exaudi.org\\\/es\\\/magdala-himno-tercera-peregrinacion-virtual-tierra-santa\\\/#primaryimage\"},\"image\":{\"@id\":\"https:\\\/\\\/exaudi.org\\\/es\\\/magdala-himno-tercera-peregrinacion-virtual-tierra-santa\\\/#primaryimage\"},\"thumbnailUrl\":\"https:\\\/\\\/exaudi.org\\\/wp-content\\\/uploads\\\/2021\\\/09\\\/12c33c21.jpeg\",\"datePublished\":\"2021-09-07T08:31:58+00:00\",\"dateModified\":\"2021-09-07T14:27:37+00:00\",\"author\":{\"@id\":\"https:\\\/\\\/exaudi.org\\\/#\\\/schema\\\/person\\\/d134b96438278131ce90c90c03fda6cd\"},\"description\":\"Magdala: Himno de la Tercera Peregrinaci\u00f3n Virtual de Sanaci\u00f3n por Tierra Santa, hecha por Lupita Aguilar y Jos\u00e9 Ignacio Mart\u00ednez.\",\"breadcrumb\":{\"@id\":\"https:\\\/\\\/exaudi.org\\\/es\\\/magdala-himno-tercera-peregrinacion-virtual-tierra-santa\\\/#breadcrumb\"},\"inLanguage\":\"es\",\"potentialAction\":[{\"@type\":\"ReadAction\",\"target\":[\"https:\\\/\\\/exaudi.org\\\/es\\\/magdala-himno-tercera-peregrinacion-virtual-tierra-santa\\\/\"]}]},{\"@type\":\"ImageObject\",\"inLanguage\":\"es\",\"@id\":\"https:\\\/\\\/exaudi.org\\\/es\\\/magdala-himno-tercera-peregrinacion-virtual-tierra-santa\\\/#primaryimage\",\"url\":\"https:\\\/\\\/exaudi.org\\\/wp-content\\\/uploads\\\/2021\\\/09\\\/12c33c21.jpeg\",\"contentUrl\":\"https:\\\/\\\/exaudi.org\\\/wp-content\\\/uploads\\\/2021\\\/09\\\/12c33c21.jpeg\",\"width\":1464,\"height\":912,\"caption\":\"Magdala \u00a9 Proyecto Magdala\"},{\"@type\":\"BreadcrumbList\",\"@id\":\"https:\\\/\\\/exaudi.org\\\/es\\\/magdala-himno-tercera-peregrinacion-virtual-tierra-santa\\\/#breadcrumb\",\"itemListElement\":[{\"@type\":\"ListItem\",\"position\":1,\"name\":\"Portada\",\"item\":\"https:\\\/\\\/exaudi.org\\\/es\\\/\"},{\"@type\":\"ListItem\",\"position\":2,\"name\":\"Magdala: Himno de Tercera Peregrinaci\u00f3n Virtual por Tierra Santa\"}]},{\"@type\":\"WebSite\",\"@id\":\"https:\\\/\\\/exaudi.org\\\/#website\",\"url\":\"https:\\\/\\\/exaudi.org\\\/\",\"name\":\"Exaudi\",\"description\":\"News\",\"potentialAction\":[{\"@type\":\"SearchAction\",\"target\":{\"@type\":\"EntryPoint\",\"urlTemplate\":\"https:\\\/\\\/exaudi.org\\\/?s={search_term_string}\"},\"query-input\":{\"@type\":\"PropertyValueSpecification\",\"valueRequired\":true,\"valueName\":\"search_term_string\"}}],\"inLanguage\":\"es\"},{\"@type\":\"Person\",\"@id\":\"https:\\\/\\\/exaudi.org\\\/#\\\/schema\\\/person\\\/d134b96438278131ce90c90c03fda6cd\",\"name\":\"Gabriel Sales\",\"image\":{\"@type\":\"ImageObject\",\"inLanguage\":\"es\",\"@id\":\"https:\\\/\\\/secure.gravatar.com\\\/avatar\\\/9b1269566f6a063ed26ffb3532b66a373cdde231ce5d0effb266167437fdaffd?s=96&d=mm&r=g\",\"url\":\"https:\\\/\\\/secure.gravatar.com\\\/avatar\\\/9b1269566f6a063ed26ffb3532b66a373cdde231ce5d0effb266167437fdaffd?s=96&d=mm&r=g\",\"contentUrl\":\"https:\\\/\\\/secure.gravatar.com\\\/avatar\\\/9b1269566f6a063ed26ffb3532b66a373cdde231ce5d0effb266167437fdaffd?s=96&d=mm&r=g\",\"caption\":\"Gabriel Sales\"},\"description\":\"Periodista y especialista en Comunicaci\u00f3n y Branding digital. Cin\u00e9filo y cr\u00edtico de cine y series de televisi\u00f3n.\",\"sameAs\":[\"https:\\\/\\\/www.instagram.com\\\/cine90segundos\\\/\",\"www.linkedin.com\\\/in\\\/habemusman\",\"https:\\\/\\\/x.com\\\/habemusman\",\"https:\\\/\\\/www.youtube.com\\\/channel\\\/UCVfCiOMkJ_C7T7OpyjuaLDg\"],\"url\":\"https:\\\/\\\/exaudi.org\\\/es\\\/author\\\/gsalesexaudi-org\\\/\"}]}<\/script>\n<!-- \/ Yoast SEO plugin. -->","yoast_head_json":{"title":"Magdala: Himno de Tercera Peregrinaci\u00f3n Virtual por Tierra Santa","description":"Magdala: Himno de la Tercera Peregrinaci\u00f3n Virtual de Sanaci\u00f3n por Tierra Santa, hecha por Lupita Aguilar y Jos\u00e9 Ignacio Mart\u00ednez.","robots":{"index":"index","follow":"follow","max-snippet":"max-snippet:-1","max-image-preview":"max-image-preview:large","max-video-preview":"max-video-preview:-1"},"canonical":"https:\/\/exaudi.org\/es\/magdala-himno-tercera-peregrinacion-virtual-tierra-santa\/","og_locale":"es_ES","og_type":"article","og_title":"Magdala: Himno de Tercera Peregrinaci\u00f3n Virtual por Tierra Santa","og_description":"Magdala: Himno de la Tercera Peregrinaci\u00f3n Virtual de Sanaci\u00f3n por Tierra Santa, hecha por Lupita Aguilar y Jos\u00e9 Ignacio Mart\u00ednez.","og_url":"https:\/\/exaudi.org\/es\/magdala-himno-tercera-peregrinacion-virtual-tierra-santa\/","og_site_name":"Exaudi","article_publisher":"https:\/\/www.facebook.com\/ExaudiNews","article_published_time":"2021-09-07T08:31:58+00:00","article_modified_time":"2021-09-07T14:27:37+00:00","og_image":[{"width":1464,"height":912,"url":"https:\/\/exaudi.org\/wp-content\/uploads\/2021\/09\/12c33c21.jpeg","type":"image\/jpeg"}],"author":"Gabriel Sales","twitter_card":"summary_large_image","twitter_creator":"@habemusman","twitter_site":"@Exaudi_News","twitter_misc":{"Escrito por":"Gabriel Sales","Tiempo de lectura":"6 minutos"},"schema":{"@context":"https:\/\/schema.org","@graph":[{"@type":"Article","@id":"https:\/\/exaudi.org\/es\/magdala-himno-tercera-peregrinacion-virtual-tierra-santa\/#article","isPartOf":{"@id":"https:\/\/exaudi.org\/es\/magdala-himno-tercera-peregrinacion-virtual-tierra-santa\/"},"author":{"name":"Gabriel Sales","@id":"https:\/\/exaudi.org\/#\/schema\/person\/d134b96438278131ce90c90c03fda6cd"},"headline":"Magdala: Himno de Tercera Peregrinaci\u00f3n Virtual por Tierra Santa","datePublished":"2021-09-07T08:31:58+00:00","dateModified":"2021-09-07T14:27:37+00:00","mainEntityOfPage":{"@id":"https:\/\/exaudi.org\/es\/magdala-himno-tercera-peregrinacion-virtual-tierra-santa\/"},"wordCount":1301,"image":{"@id":"https:\/\/exaudi.org\/es\/magdala-himno-tercera-peregrinacion-virtual-tierra-santa\/#primaryimage"},"thumbnailUrl":"https:\/\/exaudi.org\/wp-content\/uploads\/2021\/09\/12c33c21.jpeg","keywords":["Proyecto Magdala","Sanaci\u00f3n","Tercera Peregrinaci\u00f3n Virtual por Tierra Santa"],"articleSection":["Iglesia Local","\u00daltimas noticias"],"inLanguage":"es"},{"@type":"WebPage","@id":"https:\/\/exaudi.org\/es\/magdala-himno-tercera-peregrinacion-virtual-tierra-santa\/","url":"https:\/\/exaudi.org\/es\/magdala-himno-tercera-peregrinacion-virtual-tierra-santa\/","name":"Magdala: Himno de Tercera Peregrinaci\u00f3n Virtual por Tierra Santa","isPartOf":{"@id":"https:\/\/exaudi.org\/#website"},"primaryImageOfPage":{"@id":"https:\/\/exaudi.org\/es\/magdala-himno-tercera-peregrinacion-virtual-tierra-santa\/#primaryimage"},"image":{"@id":"https:\/\/exaudi.org\/es\/magdala-himno-tercera-peregrinacion-virtual-tierra-santa\/#primaryimage"},"thumbnailUrl":"https:\/\/exaudi.org\/wp-content\/uploads\/2021\/09\/12c33c21.jpeg","datePublished":"2021-09-07T08:31:58+00:00","dateModified":"2021-09-07T14:27:37+00:00","author":{"@id":"https:\/\/exaudi.org\/#\/schema\/person\/d134b96438278131ce90c90c03fda6cd"},"description":"Magdala: Himno de la Tercera Peregrinaci\u00f3n Virtual de Sanaci\u00f3n por Tierra Santa, hecha por Lupita Aguilar y Jos\u00e9 Ignacio Mart\u00ednez.","breadcrumb":{"@id":"https:\/\/exaudi.org\/es\/magdala-himno-tercera-peregrinacion-virtual-tierra-santa\/#breadcrumb"},"inLanguage":"es","potentialAction":[{"@type":"ReadAction","target":["https:\/\/exaudi.org\/es\/magdala-himno-tercera-peregrinacion-virtual-tierra-santa\/"]}]},{"@type":"ImageObject","inLanguage":"es","@id":"https:\/\/exaudi.org\/es\/magdala-himno-tercera-peregrinacion-virtual-tierra-santa\/#primaryimage","url":"https:\/\/exaudi.org\/wp-content\/uploads\/2021\/09\/12c33c21.jpeg","contentUrl":"https:\/\/exaudi.org\/wp-content\/uploads\/2021\/09\/12c33c21.jpeg","width":1464,"height":912,"caption":"Magdala \u00a9 Proyecto Magdala"},{"@type":"BreadcrumbList","@id":"https:\/\/exaudi.org\/es\/magdala-himno-tercera-peregrinacion-virtual-tierra-santa\/#breadcrumb","itemListElement":[{"@type":"ListItem","position":1,"name":"Portada","item":"https:\/\/exaudi.org\/es\/"},{"@type":"ListItem","position":2,"name":"Magdala: Himno de Tercera Peregrinaci\u00f3n Virtual por Tierra Santa"}]},{"@type":"WebSite","@id":"https:\/\/exaudi.org\/#website","url":"https:\/\/exaudi.org\/","name":"Exaudi","description":"News","potentialAction":[{"@type":"SearchAction","target":{"@type":"EntryPoint","urlTemplate":"https:\/\/exaudi.org\/?s={search_term_string}"},"query-input":{"@type":"PropertyValueSpecification","valueRequired":true,"valueName":"search_term_string"}}],"inLanguage":"es"},{"@type":"Person","@id":"https:\/\/exaudi.org\/#\/schema\/person\/d134b96438278131ce90c90c03fda6cd","name":"Gabriel Sales","image":{"@type":"ImageObject","inLanguage":"es","@id":"https:\/\/secure.gravatar.com\/avatar\/9b1269566f6a063ed26ffb3532b66a373cdde231ce5d0effb266167437fdaffd?s=96&d=mm&r=g","url":"https:\/\/secure.gravatar.com\/avatar\/9b1269566f6a063ed26ffb3532b66a373cdde231ce5d0effb266167437fdaffd?s=96&d=mm&r=g","contentUrl":"https:\/\/secure.gravatar.com\/avatar\/9b1269566f6a063ed26ffb3532b66a373cdde231ce5d0effb266167437fdaffd?s=96&d=mm&r=g","caption":"Gabriel Sales"},"description":"Periodista y especialista en Comunicaci\u00f3n y Branding digital. Cin\u00e9filo y cr\u00edtico de cine y series de televisi\u00f3n.","sameAs":["https:\/\/www.instagram.com\/cine90segundos\/","www.linkedin.com\/in\/habemusman","https:\/\/x.com\/habemusman","https:\/\/www.youtube.com\/channel\/UCVfCiOMkJ_C7T7OpyjuaLDg"],"url":"https:\/\/exaudi.org\/es\/author\/gsalesexaudi-org\/"}]}},"jetpack_featured_media_url":"https:\/\/exaudi.org\/wp-content\/uploads\/2021\/09\/12c33c21.jpeg","jetpack_shortlink":"https:\/\/wp.me\/pgKjF2-8kR","_links":{"self":[{"href":"https:\/\/exaudi.org\/es\/wp-json\/wp\/v2\/posts\/32045","targetHints":{"allow":["GET"]}}],"collection":[{"href":"https:\/\/exaudi.org\/es\/wp-json\/wp\/v2\/posts"}],"about":[{"href":"https:\/\/exaudi.org\/es\/wp-json\/wp\/v2\/types\/post"}],"author":[{"embeddable":true,"href":"https:\/\/exaudi.org\/es\/wp-json\/wp\/v2\/users\/6"}],"replies":[{"embeddable":true,"href":"https:\/\/exaudi.org\/es\/wp-json\/wp\/v2\/comments?post=32045"}],"version-history":[{"count":0,"href":"https:\/\/exaudi.org\/es\/wp-json\/wp\/v2\/posts\/32045\/revisions"}],"wp:featuredmedia":[{"embeddable":true,"href":"https:\/\/exaudi.org\/es\/wp-json\/wp\/v2\/media\/32050"}],"wp:attachment":[{"href":"https:\/\/exaudi.org\/es\/wp-json\/wp\/v2\/media?parent=32045"}],"wp:term":[{"taxonomy":"category","embeddable":true,"href":"https:\/\/exaudi.org\/es\/wp-json\/wp\/v2\/categories?post=32045"},{"taxonomy":"post_tag","embeddable":true,"href":"https:\/\/exaudi.org\/es\/wp-json\/wp\/v2\/tags?post=32045"}],"curies":[{"name":"wp","href":"https:\/\/api.w.org\/{rel}","templated":true}]}}