{"id":32032,"date":"2021-09-07T09:52:04","date_gmt":"2021-09-07T07:52:04","guid":{"rendered":"https:\/\/exaudi.wpengine.com\/?p=32032"},"modified":"2021-09-08T08:32:53","modified_gmt":"2021-09-08T06:32:53","slug":"mexico-episcopado-dignidad-vida-conciencia-humana","status":"publish","type":"post","link":"https:\/\/exaudi.org\/es\/mexico-episcopado-dignidad-vida-conciencia-humana\/","title":{"rendered":"M\u00e9xico: Episcopado reitera la dignidad, vida y conciencia humanas"},"content":{"rendered":"<p>Monse\u00f1or Jes\u00fas Jos\u00e9 Herrera Qui\u00f1ones, obispo de Nuevo Casas Grandes, Chihuahua, y responsable de la Dimensi\u00f3n Episcopal de Vida del <a href=\"https:\/\/www.cem.org.mx\/\" target=\"_blank\" rel=\"noopener\">Episcopado de M\u00e9xico<\/a> (CEM), emiti\u00f3 el pasado domingo 5 de septiembre de 2021 un \u201ccomunicado ante el an\u00e1lisis de la Suprema Corte de Justicia de la naci\u00f3n de asuntos relacionados con el <a href=\"https:\/\/exaudi.wpengine.com\/es\/papa-cultura-descarte-eutanasia-aborto-migracion\/\" target=\"_blank\" rel=\"noopener\">derecho humano a la vida<\/a>, el aborto y la objeci\u00f3n de conciencia\u201d.<\/p>\n<p>Despu\u00e9s de introducir el documento diciendo que \u201cel relativismo moral y \u00e9tico\u201d abre las puertas a \u201cgraves atentados contra la vida y la dignidad humana\u201d, Mons. Qui\u00f1ones recuerda que ayer, lunes 6 de diciembre, el Pleno de la Suprema Corte de Justicia del pa\u00eds discuti\u00f3 asuntos como el derecho humano a la vida, el aborto en el estado de Coahuila y la objeci\u00f3n de conciencia en materia de salud.<\/p>\n<h4><strong>Visi\u00f3n de la Iglesia<\/strong><\/h4>\n<p>Desde la CEM, apunta el obispo de Nuevo Casas Grandes, \u201ccon humildad y claridad en este momento de dificultad, zozobra, ambig\u00fcedad e incertidumbre nacional en relaci\u00f3n a la cultura de la vida, queremos recordar que el ser humano, hijo de un padre y una madre, cuya vida inicia en el momento de la concepci\u00f3n, debe ser reconocido en su dignidad en todas las etapas de su vida, y merece la misma protecci\u00f3n de la ley ante acciones que pudieran atentar contra su integridad\u201d.<\/p>\n<p>\u201cLa conciencia es el sagrario \u00edntimo del ser humano (cf. GS, 16) y no puede forzarse a alguien a actuar en contra de los dictados de su conciencia\u201d, aclara. Y refuerza su argumento citando la Declaraci\u00f3n conjunta de los Obispos de M\u00e9xico sobre el don de la vida y la dignidad de la persona humana: \u201cNuestro querido pueblo sufre los embates, cada vez m\u00e1s constantes, de la cultura de la muerte y se enfrenta a una serie de desaf\u00edos que, como Pastores, estamos llamados a iluminar y dar, as\u00ed, raz\u00f3n de nuestra esperanza\u201d.<\/p>\n<p>En esta l\u00ednea, monse\u00f1or muestra su confianza en que \u201cla pauta que guiar\u00e1 la resoluci\u00f3n de los Ministros de la Suprema Corte sea la de la justicia que da a cada quien lo suyo, y en este caso otorgue la protecci\u00f3n equivalente a la madre y al hijo no nacido, sin discriminaci\u00f3n por su grado de desarrollo\u201d, y en que \u201csea reconocido el derecho fundamental a la objeci\u00f3n de conciencia del personal de salud para no verse obligado a participar en un acto que atente contra sus convicciones personal\u00edsimas o contra su fe\u201d,<\/p>\n","protected":false},"excerpt":{"rendered":"<p>Comunicado de la Dimensi\u00f3n de Vida<\/p>\n","protected":false},"author":6,"featured_media":32039,"comment_status":"closed","ping_status":"closed","sticky":false,"template":"","format":"standard","meta":{"_acf_changed":false,"_crdt_document":"","inline_featured_image":false,"footnotes":""},"categories":[86,94,298],"tags":[1121,2193,3991,3992],"class_list":["post-32032","post","type-post","status-publish","format-standard","has-post-thumbnail","hentry","category-iglesia-local","category-justicia-y-paz","category-ultimas-noticias","tag-aborto","tag-conferencia-episcopal-de-mexico-cem","tag-derecho-a-la-vida","tag-objecion-de-conciencia"],"acf":[],"yoast_head":"<!-- This site is optimized with the Yoast SEO plugin v27.5 - https:\/\/yoast.com\/product\/yoast-seo-wordpress\/ -->\n<title>M\u00e9xico: Episcopado reitera la dignidad, vida y conciencia humanas<\/title>\n<meta name=\"description\" content=\"La Dimensi\u00f3n de Vida del Episcopado de M\u00e9xico ha emitido un comunicado en favor de la vida, la dignidad humana y el derecho de conciencia.\" \/>\n<meta name=\"robots\" content=\"index, follow, max-snippet:-1, max-image-preview:large, max-video-preview:-1\" \/>\n<link rel=\"canonical\" href=\"https:\/\/exaudi.org\/es\/mexico-episcopado-dignidad-vida-conciencia-humana\/\" \/>\n<meta property=\"og:locale\" content=\"es_ES\" \/>\n<meta property=\"og:type\" content=\"article\" \/>\n<meta property=\"og:title\" content=\"M\u00e9xico: Episcopado reitera la dignidad, vida y conciencia humanas\" \/>\n<meta property=\"og:description\" content=\"La Dimensi\u00f3n de Vida del Episcopado de M\u00e9xico ha emitido un comunicado en favor de la vida, la dignidad humana y el derecho de conciencia.\" \/>\n<meta property=\"og:url\" content=\"https:\/\/exaudi.org\/es\/mexico-episcopado-dignidad-vida-conciencia-humana\/\" \/>\n<meta property=\"og:site_name\" content=\"Exaudi\" \/>\n<meta property=\"article:publisher\" content=\"https:\/\/www.facebook.com\/ExaudiNews\" \/>\n<meta property=\"article:published_time\" content=\"2021-09-07T07:52:04+00:00\" \/>\n<meta property=\"article:modified_time\" content=\"2021-09-08T06:32:53+00:00\" \/>\n<meta property=\"og:image\" content=\"https:\/\/exaudi.org\/wp-content\/uploads\/2021\/09\/c324-scaled.jpg\" \/>\n\t<meta property=\"og:image:width\" content=\"2560\" \/>\n\t<meta property=\"og:image:height\" content=\"1975\" \/>\n\t<meta property=\"og:image:type\" content=\"image\/jpeg\" \/>\n<meta name=\"author\" content=\"Gabriel Sales\" \/>\n<meta name=\"twitter:card\" content=\"summary_large_image\" \/>\n<meta name=\"twitter:creator\" content=\"@habemusman\" \/>\n<meta name=\"twitter:site\" content=\"@Exaudi_News\" \/>\n<meta name=\"twitter:label1\" content=\"Escrito por\" \/>\n\t<meta name=\"twitter:data1\" content=\"Gabriel Sales\" \/>\n\t<meta name=\"twitter:label2\" content=\"Tiempo de lectura\" \/>\n\t<meta name=\"twitter:data2\" content=\"2 minutos\" \/>\n<script type=\"application\/ld+json\" class=\"yoast-schema-graph\">{\"@context\":\"https:\\\/\\\/schema.org\",\"@graph\":[{\"@type\":\"Article\",\"@id\":\"https:\\\/\\\/exaudi.org\\\/es\\\/mexico-episcopado-dignidad-vida-conciencia-humana\\\/#article\",\"isPartOf\":{\"@id\":\"https:\\\/\\\/exaudi.org\\\/es\\\/mexico-episcopado-dignidad-vida-conciencia-humana\\\/\"},\"author\":{\"name\":\"Gabriel Sales\",\"@id\":\"https:\\\/\\\/exaudi.org\\\/#\\\/schema\\\/person\\\/d134b96438278131ce90c90c03fda6cd\"},\"headline\":\"M\u00e9xico: Episcopado reitera la dignidad, vida y conciencia humanas\",\"datePublished\":\"2021-09-07T07:52:04+00:00\",\"dateModified\":\"2021-09-08T06:32:53+00:00\",\"mainEntityOfPage\":{\"@id\":\"https:\\\/\\\/exaudi.org\\\/es\\\/mexico-episcopado-dignidad-vida-conciencia-humana\\\/\"},\"wordCount\":441,\"image\":{\"@id\":\"https:\\\/\\\/exaudi.org\\\/es\\\/mexico-episcopado-dignidad-vida-conciencia-humana\\\/#primaryimage\"},\"thumbnailUrl\":\"https:\\\/\\\/exaudi.org\\\/wp-content\\\/uploads\\\/2021\\\/09\\\/c324-scaled.jpg\",\"keywords\":[\"Aborto\",\"Conferencia Episcopal de M\u00e9xico (CEM)\",\"Derecho a la vida\",\"Objeci\u00f3n de conciencia\"],\"articleSection\":[\"Iglesia Local\",\"Justicia y Paz\",\"\u00daltimas noticias\"],\"inLanguage\":\"es\"},{\"@type\":\"WebPage\",\"@id\":\"https:\\\/\\\/exaudi.org\\\/es\\\/mexico-episcopado-dignidad-vida-conciencia-humana\\\/\",\"url\":\"https:\\\/\\\/exaudi.org\\\/es\\\/mexico-episcopado-dignidad-vida-conciencia-humana\\\/\",\"name\":\"M\u00e9xico: Episcopado reitera la dignidad, vida y conciencia humanas\",\"isPartOf\":{\"@id\":\"https:\\\/\\\/exaudi.org\\\/#website\"},\"primaryImageOfPage\":{\"@id\":\"https:\\\/\\\/exaudi.org\\\/es\\\/mexico-episcopado-dignidad-vida-conciencia-humana\\\/#primaryimage\"},\"image\":{\"@id\":\"https:\\\/\\\/exaudi.org\\\/es\\\/mexico-episcopado-dignidad-vida-conciencia-humana\\\/#primaryimage\"},\"thumbnailUrl\":\"https:\\\/\\\/exaudi.org\\\/wp-content\\\/uploads\\\/2021\\\/09\\\/c324-scaled.jpg\",\"datePublished\":\"2021-09-07T07:52:04+00:00\",\"dateModified\":\"2021-09-08T06:32:53+00:00\",\"author\":{\"@id\":\"https:\\\/\\\/exaudi.org\\\/#\\\/schema\\\/person\\\/d134b96438278131ce90c90c03fda6cd\"},\"description\":\"La Dimensi\u00f3n de Vida del Episcopado de M\u00e9xico ha emitido un comunicado en favor de la vida, la dignidad humana y el derecho de conciencia.\",\"breadcrumb\":{\"@id\":\"https:\\\/\\\/exaudi.org\\\/es\\\/mexico-episcopado-dignidad-vida-conciencia-humana\\\/#breadcrumb\"},\"inLanguage\":\"es\",\"potentialAction\":[{\"@type\":\"ReadAction\",\"target\":[\"https:\\\/\\\/exaudi.org\\\/es\\\/mexico-episcopado-dignidad-vida-conciencia-humana\\\/\"]}]},{\"@type\":\"ImageObject\",\"inLanguage\":\"es\",\"@id\":\"https:\\\/\\\/exaudi.org\\\/es\\\/mexico-episcopado-dignidad-vida-conciencia-humana\\\/#primaryimage\",\"url\":\"https:\\\/\\\/exaudi.org\\\/wp-content\\\/uploads\\\/2021\\\/09\\\/c324-scaled.jpg\",\"contentUrl\":\"https:\\\/\\\/exaudi.org\\\/wp-content\\\/uploads\\\/2021\\\/09\\\/c324-scaled.jpg\",\"width\":2560,\"height\":1975,\"caption\":\"Beb\u00e9 reci\u00e9n nacido \u00a9 Cathopic\"},{\"@type\":\"BreadcrumbList\",\"@id\":\"https:\\\/\\\/exaudi.org\\\/es\\\/mexico-episcopado-dignidad-vida-conciencia-humana\\\/#breadcrumb\",\"itemListElement\":[{\"@type\":\"ListItem\",\"position\":1,\"name\":\"Portada\",\"item\":\"https:\\\/\\\/exaudi.org\\\/es\\\/\"},{\"@type\":\"ListItem\",\"position\":2,\"name\":\"M\u00e9xico: Episcopado reitera la dignidad, vida y conciencia humanas\"}]},{\"@type\":\"WebSite\",\"@id\":\"https:\\\/\\\/exaudi.org\\\/#website\",\"url\":\"https:\\\/\\\/exaudi.org\\\/\",\"name\":\"Exaudi\",\"description\":\"News\",\"potentialAction\":[{\"@type\":\"SearchAction\",\"target\":{\"@type\":\"EntryPoint\",\"urlTemplate\":\"https:\\\/\\\/exaudi.org\\\/?s={search_term_string}\"},\"query-input\":{\"@type\":\"PropertyValueSpecification\",\"valueRequired\":true,\"valueName\":\"search_term_string\"}}],\"inLanguage\":\"es\"},{\"@type\":\"Person\",\"@id\":\"https:\\\/\\\/exaudi.org\\\/#\\\/schema\\\/person\\\/d134b96438278131ce90c90c03fda6cd\",\"name\":\"Gabriel Sales\",\"image\":{\"@type\":\"ImageObject\",\"inLanguage\":\"es\",\"@id\":\"https:\\\/\\\/secure.gravatar.com\\\/avatar\\\/9b1269566f6a063ed26ffb3532b66a373cdde231ce5d0effb266167437fdaffd?s=96&d=mm&r=g\",\"url\":\"https:\\\/\\\/secure.gravatar.com\\\/avatar\\\/9b1269566f6a063ed26ffb3532b66a373cdde231ce5d0effb266167437fdaffd?s=96&d=mm&r=g\",\"contentUrl\":\"https:\\\/\\\/secure.gravatar.com\\\/avatar\\\/9b1269566f6a063ed26ffb3532b66a373cdde231ce5d0effb266167437fdaffd?s=96&d=mm&r=g\",\"caption\":\"Gabriel Sales\"},\"description\":\"Periodista y especialista en Comunicaci\u00f3n y Branding digital. Cin\u00e9filo y cr\u00edtico de cine y series de televisi\u00f3n.\",\"sameAs\":[\"https:\\\/\\\/www.instagram.com\\\/cine90segundos\\\/\",\"www.linkedin.com\\\/in\\\/habemusman\",\"https:\\\/\\\/x.com\\\/habemusman\",\"https:\\\/\\\/www.youtube.com\\\/channel\\\/UCVfCiOMkJ_C7T7OpyjuaLDg\"],\"url\":\"https:\\\/\\\/exaudi.org\\\/es\\\/author\\\/gsalesexaudi-org\\\/\"}]}<\/script>\n<!-- \/ Yoast SEO plugin. -->","yoast_head_json":{"title":"M\u00e9xico: Episcopado reitera la dignidad, vida y conciencia humanas","description":"La Dimensi\u00f3n de Vida del Episcopado de M\u00e9xico ha emitido un comunicado en favor de la vida, la dignidad humana y el derecho de conciencia.","robots":{"index":"index","follow":"follow","max-snippet":"max-snippet:-1","max-image-preview":"max-image-preview:large","max-video-preview":"max-video-preview:-1"},"canonical":"https:\/\/exaudi.org\/es\/mexico-episcopado-dignidad-vida-conciencia-humana\/","og_locale":"es_ES","og_type":"article","og_title":"M\u00e9xico: Episcopado reitera la dignidad, vida y conciencia humanas","og_description":"La Dimensi\u00f3n de Vida del Episcopado de M\u00e9xico ha emitido un comunicado en favor de la vida, la dignidad humana y el derecho de conciencia.","og_url":"https:\/\/exaudi.org\/es\/mexico-episcopado-dignidad-vida-conciencia-humana\/","og_site_name":"Exaudi","article_publisher":"https:\/\/www.facebook.com\/ExaudiNews","article_published_time":"2021-09-07T07:52:04+00:00","article_modified_time":"2021-09-08T06:32:53+00:00","og_image":[{"width":2560,"height":1975,"url":"https:\/\/exaudi.org\/wp-content\/uploads\/2021\/09\/c324-scaled.jpg","type":"image\/jpeg"}],"author":"Gabriel Sales","twitter_card":"summary_large_image","twitter_creator":"@habemusman","twitter_site":"@Exaudi_News","twitter_misc":{"Escrito por":"Gabriel Sales","Tiempo de lectura":"2 minutos"},"schema":{"@context":"https:\/\/schema.org","@graph":[{"@type":"Article","@id":"https:\/\/exaudi.org\/es\/mexico-episcopado-dignidad-vida-conciencia-humana\/#article","isPartOf":{"@id":"https:\/\/exaudi.org\/es\/mexico-episcopado-dignidad-vida-conciencia-humana\/"},"author":{"name":"Gabriel Sales","@id":"https:\/\/exaudi.org\/#\/schema\/person\/d134b96438278131ce90c90c03fda6cd"},"headline":"M\u00e9xico: Episcopado reitera la dignidad, vida y conciencia humanas","datePublished":"2021-09-07T07:52:04+00:00","dateModified":"2021-09-08T06:32:53+00:00","mainEntityOfPage":{"@id":"https:\/\/exaudi.org\/es\/mexico-episcopado-dignidad-vida-conciencia-humana\/"},"wordCount":441,"image":{"@id":"https:\/\/exaudi.org\/es\/mexico-episcopado-dignidad-vida-conciencia-humana\/#primaryimage"},"thumbnailUrl":"https:\/\/exaudi.org\/wp-content\/uploads\/2021\/09\/c324-scaled.jpg","keywords":["Aborto","Conferencia Episcopal de M\u00e9xico (CEM)","Derecho a la vida","Objeci\u00f3n de conciencia"],"articleSection":["Iglesia Local","Justicia y Paz","\u00daltimas noticias"],"inLanguage":"es"},{"@type":"WebPage","@id":"https:\/\/exaudi.org\/es\/mexico-episcopado-dignidad-vida-conciencia-humana\/","url":"https:\/\/exaudi.org\/es\/mexico-episcopado-dignidad-vida-conciencia-humana\/","name":"M\u00e9xico: Episcopado reitera la dignidad, vida y conciencia humanas","isPartOf":{"@id":"https:\/\/exaudi.org\/#website"},"primaryImageOfPage":{"@id":"https:\/\/exaudi.org\/es\/mexico-episcopado-dignidad-vida-conciencia-humana\/#primaryimage"},"image":{"@id":"https:\/\/exaudi.org\/es\/mexico-episcopado-dignidad-vida-conciencia-humana\/#primaryimage"},"thumbnailUrl":"https:\/\/exaudi.org\/wp-content\/uploads\/2021\/09\/c324-scaled.jpg","datePublished":"2021-09-07T07:52:04+00:00","dateModified":"2021-09-08T06:32:53+00:00","author":{"@id":"https:\/\/exaudi.org\/#\/schema\/person\/d134b96438278131ce90c90c03fda6cd"},"description":"La Dimensi\u00f3n de Vida del Episcopado de M\u00e9xico ha emitido un comunicado en favor de la vida, la dignidad humana y el derecho de conciencia.","breadcrumb":{"@id":"https:\/\/exaudi.org\/es\/mexico-episcopado-dignidad-vida-conciencia-humana\/#breadcrumb"},"inLanguage":"es","potentialAction":[{"@type":"ReadAction","target":["https:\/\/exaudi.org\/es\/mexico-episcopado-dignidad-vida-conciencia-humana\/"]}]},{"@type":"ImageObject","inLanguage":"es","@id":"https:\/\/exaudi.org\/es\/mexico-episcopado-dignidad-vida-conciencia-humana\/#primaryimage","url":"https:\/\/exaudi.org\/wp-content\/uploads\/2021\/09\/c324-scaled.jpg","contentUrl":"https:\/\/exaudi.org\/wp-content\/uploads\/2021\/09\/c324-scaled.jpg","width":2560,"height":1975,"caption":"Beb\u00e9 reci\u00e9n nacido \u00a9 Cathopic"},{"@type":"BreadcrumbList","@id":"https:\/\/exaudi.org\/es\/mexico-episcopado-dignidad-vida-conciencia-humana\/#breadcrumb","itemListElement":[{"@type":"ListItem","position":1,"name":"Portada","item":"https:\/\/exaudi.org\/es\/"},{"@type":"ListItem","position":2,"name":"M\u00e9xico: Episcopado reitera la dignidad, vida y conciencia humanas"}]},{"@type":"WebSite","@id":"https:\/\/exaudi.org\/#website","url":"https:\/\/exaudi.org\/","name":"Exaudi","description":"News","potentialAction":[{"@type":"SearchAction","target":{"@type":"EntryPoint","urlTemplate":"https:\/\/exaudi.org\/?s={search_term_string}"},"query-input":{"@type":"PropertyValueSpecification","valueRequired":true,"valueName":"search_term_string"}}],"inLanguage":"es"},{"@type":"Person","@id":"https:\/\/exaudi.org\/#\/schema\/person\/d134b96438278131ce90c90c03fda6cd","name":"Gabriel Sales","image":{"@type":"ImageObject","inLanguage":"es","@id":"https:\/\/secure.gravatar.com\/avatar\/9b1269566f6a063ed26ffb3532b66a373cdde231ce5d0effb266167437fdaffd?s=96&d=mm&r=g","url":"https:\/\/secure.gravatar.com\/avatar\/9b1269566f6a063ed26ffb3532b66a373cdde231ce5d0effb266167437fdaffd?s=96&d=mm&r=g","contentUrl":"https:\/\/secure.gravatar.com\/avatar\/9b1269566f6a063ed26ffb3532b66a373cdde231ce5d0effb266167437fdaffd?s=96&d=mm&r=g","caption":"Gabriel Sales"},"description":"Periodista y especialista en Comunicaci\u00f3n y Branding digital. Cin\u00e9filo y cr\u00edtico de cine y series de televisi\u00f3n.","sameAs":["https:\/\/www.instagram.com\/cine90segundos\/","www.linkedin.com\/in\/habemusman","https:\/\/x.com\/habemusman","https:\/\/www.youtube.com\/channel\/UCVfCiOMkJ_C7T7OpyjuaLDg"],"url":"https:\/\/exaudi.org\/es\/author\/gsalesexaudi-org\/"}]}},"jetpack_featured_media_url":"https:\/\/exaudi.org\/wp-content\/uploads\/2021\/09\/c324-scaled.jpg","jetpack_shortlink":"https:\/\/wp.me\/pgKjF2-8kE","_links":{"self":[{"href":"https:\/\/exaudi.org\/es\/wp-json\/wp\/v2\/posts\/32032","targetHints":{"allow":["GET"]}}],"collection":[{"href":"https:\/\/exaudi.org\/es\/wp-json\/wp\/v2\/posts"}],"about":[{"href":"https:\/\/exaudi.org\/es\/wp-json\/wp\/v2\/types\/post"}],"author":[{"embeddable":true,"href":"https:\/\/exaudi.org\/es\/wp-json\/wp\/v2\/users\/6"}],"replies":[{"embeddable":true,"href":"https:\/\/exaudi.org\/es\/wp-json\/wp\/v2\/comments?post=32032"}],"version-history":[{"count":0,"href":"https:\/\/exaudi.org\/es\/wp-json\/wp\/v2\/posts\/32032\/revisions"}],"wp:featuredmedia":[{"embeddable":true,"href":"https:\/\/exaudi.org\/es\/wp-json\/wp\/v2\/media\/32039"}],"wp:attachment":[{"href":"https:\/\/exaudi.org\/es\/wp-json\/wp\/v2\/media?parent=32032"}],"wp:term":[{"taxonomy":"category","embeddable":true,"href":"https:\/\/exaudi.org\/es\/wp-json\/wp\/v2\/categories?post=32032"},{"taxonomy":"post_tag","embeddable":true,"href":"https:\/\/exaudi.org\/es\/wp-json\/wp\/v2\/tags?post=32032"}],"curies":[{"name":"wp","href":"https:\/\/api.w.org\/{rel}","templated":true}]}}