{"id":32022,"date":"2021-09-07T09:11:04","date_gmt":"2021-09-07T07:11:04","guid":{"rendered":"https:\/\/exaudi.wpengine.com\/?p=32022"},"modified":"2021-09-08T10:09:09","modified_gmt":"2021-09-08T08:09:09","slug":"papa-abrazo-personas-sin-hogar-refugiadas","status":"publish","type":"post","link":"https:\/\/exaudi.org\/es\/papa-abrazo-personas-sin-hogar-refugiadas\/","title":{"rendered":"El abrazo del Papa a personas sin hogar y refugiadas"},"content":{"rendered":"<p>En la tarde de ayer, 6 de abril de 2021, el Papa Francisco se dirigi\u00f3 a un grupo de 100 personas sin hogar y refugiadas que acudieron al Vaticano para ver el documental <em>Francisco<\/em>, dirigido por Evgeny Afineevsky.<\/p>\n<p><img loading=\"lazy\" decoding=\"async\" class=\"size-medium wp-image-32026 alignleft\" src=\"https:\/\/exaudi.wpengine.com\/wp-content\/uploads\/2021\/09\/Foto-3-300x200.jpg\" alt=\"\" width=\"300\" height=\"200\" srcset=\"https:\/\/exaudi.org\/wp-content\/uploads\/2021\/09\/Foto-3-300x200.jpg 300w, https:\/\/exaudi.org\/wp-content\/uploads\/2021\/09\/Foto-3-1024x682.jpg 1024w, https:\/\/exaudi.org\/wp-content\/uploads\/2021\/09\/Foto-3-768x512.jpg 768w, https:\/\/exaudi.org\/wp-content\/uploads\/2021\/09\/Foto-3-1536x1024.jpg 1536w, https:\/\/exaudi.org\/wp-content\/uploads\/2021\/09\/Foto-3-150x100.jpg 150w, https:\/\/exaudi.org\/wp-content\/uploads\/2021\/09\/Foto-3-696x464.jpg 696w, https:\/\/exaudi.org\/wp-content\/uploads\/2021\/09\/Foto-3-1068x712.jpg 1068w, https:\/\/exaudi.org\/wp-content\/uploads\/2021\/09\/Foto-3-1920x1280.jpg 1920w, https:\/\/exaudi.org\/wp-content\/uploads\/2021\/09\/Foto-3-630x420.jpg 630w, https:\/\/exaudi.org\/wp-content\/uploads\/2021\/09\/Foto-3.jpg 2000w\" sizes=\"auto, (max-width: 300px) 100vw, 300px\" \/>\u201cEsta tarde, al final de la proyecci\u00f3n del documental <em>Francisco<\/em>, organizada por el director y la Fundaci\u00f3n <em>Laudato si&#8217;<\/em>, el Santo Padre lleg\u00f3 al Atrio del Aula Pablo VI y habl\u00f3 con las aproximadamente 100 personas, sin hogar y refugiados, invitadas a ver la pel\u00edcula\u201d, informa un comunicado de Matteo Bruni, director de la <a href=\"https:\/\/www.vatican.va\/news_services\/press\/index_sp.htm\" target=\"_blank\" rel=\"noopener\">Oficina de Prensa de la Santa Sede<\/a>.<\/p>\n<p>\u201cEntre ellos, hab\u00eda una veintena de personas llegadas de Afganist\u00e1n en las \u00faltimas semanas, a las que el Papa dirigi\u00f3 palabras de afecto y consuelo\u201d, se lee en el texto. \u201cDespu\u00e9s, el Papa Francisco regres\u00f3 a la Casa Santa Marta y los organizadores repartieron un paquete de alimentos\u201d, concluye la nota de Bruni.<\/p>\n<h4><strong>Tragedias de m\u00e1s de 30 pueblos<\/strong><\/h4>\n<p><img loading=\"lazy\" decoding=\"async\" class=\"size-medium wp-image-32036 alignright\" src=\"https:\/\/exaudi.wpengine.com\/wp-content\/uploads\/2021\/09\/SFO1363_050421--300x200.jpg\" alt=\"\" width=\"300\" height=\"200\" srcset=\"https:\/\/exaudi.org\/wp-content\/uploads\/2021\/09\/SFO1363_050421--300x200.jpg 300w, https:\/\/exaudi.org\/wp-content\/uploads\/2021\/09\/SFO1363_050421--1024x683.jpg 1024w, https:\/\/exaudi.org\/wp-content\/uploads\/2021\/09\/SFO1363_050421--768x512.jpg 768w, https:\/\/exaudi.org\/wp-content\/uploads\/2021\/09\/SFO1363_050421--1536x1024.jpg 1536w, https:\/\/exaudi.org\/wp-content\/uploads\/2021\/09\/SFO1363_050421--2048x1365.jpg 2048w, https:\/\/exaudi.org\/wp-content\/uploads\/2021\/09\/SFO1363_050421--150x100.jpg 150w, https:\/\/exaudi.org\/wp-content\/uploads\/2021\/09\/SFO1363_050421--696x464.jpg 696w, https:\/\/exaudi.org\/wp-content\/uploads\/2021\/09\/SFO1363_050421--1068x712.jpg 1068w, https:\/\/exaudi.org\/wp-content\/uploads\/2021\/09\/SFO1363_050421--1920x1280.jpg 1920w, https:\/\/exaudi.org\/wp-content\/uploads\/2021\/09\/SFO1363_050421--630x420.jpg 630w\" sizes=\"auto, (max-width: 300px) 100vw, 300px\" \/>De acuerdo a Vatican News en italiano, Afineevsky dirigi\u00f3 un saludo al p\u00fablico y cont\u00f3 historia de la migraci\u00f3n de su propia familia, originaria de Rusia, huy\u00f3 a Israel y finalmente termin\u00f3 en Estados Unidos.<\/p>\n<p>Los invitados representaban \u201clas tragedias de m\u00e1s de 30 pueblos, v\u00edctimas de guerras, emergencias medioambientales y persecuciones\u201d. Al final de la pel\u00edcula, \u201cen un ambiente informal y de gran afecto, cada persona, cada grupo familiar, pudo recibir unas palabras de consuelo directamente del Papa, en medio del asombro de los m\u00e1s j\u00f3venes, incr\u00e9dulos al encontrar frente a ellos al protagonista de la pel\u00edcula que acababan de ver\u201d, indica el medio vaticano.<\/p>\n<h4><strong>4 hermanos afganos<\/strong><\/h4>\n<p><img loading=\"lazy\" decoding=\"async\" class=\"size-medium wp-image-32033 alignleft\" src=\"https:\/\/exaudi.wpengine.com\/wp-content\/uploads\/2021\/09\/SFO1169_050421--300x200.jpg\" alt=\"\" width=\"300\" height=\"200\" srcset=\"https:\/\/exaudi.org\/wp-content\/uploads\/2021\/09\/SFO1169_050421--300x200.jpg 300w, https:\/\/exaudi.org\/wp-content\/uploads\/2021\/09\/SFO1169_050421--1024x683.jpg 1024w, https:\/\/exaudi.org\/wp-content\/uploads\/2021\/09\/SFO1169_050421--768x512.jpg 768w, https:\/\/exaudi.org\/wp-content\/uploads\/2021\/09\/SFO1169_050421--1536x1024.jpg 1536w, https:\/\/exaudi.org\/wp-content\/uploads\/2021\/09\/SFO1169_050421--2048x1365.jpg 2048w, https:\/\/exaudi.org\/wp-content\/uploads\/2021\/09\/SFO1169_050421--150x100.jpg 150w, https:\/\/exaudi.org\/wp-content\/uploads\/2021\/09\/SFO1169_050421--696x464.jpg 696w, https:\/\/exaudi.org\/wp-content\/uploads\/2021\/09\/SFO1169_050421--1068x712.jpg 1068w, https:\/\/exaudi.org\/wp-content\/uploads\/2021\/09\/SFO1169_050421--1920x1280.jpg 1920w, https:\/\/exaudi.org\/wp-content\/uploads\/2021\/09\/SFO1169_050421--630x420.jpg 630w\" sizes=\"auto, (max-width: 300px) 100vw, 300px\" \/>Hubo \u201cun momento intenso\u201d cuando el Pont\u00edfice se reuni\u00f3 con los 20 refugiados afganos que acababan de salir del aeropuerto de Kabul. Entre ellos se encontraban 4 hermanos de entre 20 y 14 a\u00f1os, llegados a Italia gracias al apoyo de la <a href=\"https:\/\/exaudi.wpengine.com\/es\/riccardi-fundador-santegidio-oracion-afganistan\/\" target=\"_blank\" rel=\"noopener\">Comunidad de Sant&#8217;Egidio<\/a>.<\/p>\n<p>Bismillah, el mayor de los 4, declar\u00f3 a Vatican News lo importante que fue para ellos sentirse acogidos, escuchados y comprendidos por el Papa Francisco y c\u00f3mo su presencia esta tarde fue importante para darles una nueva esperanza para el futuro.<\/p>\n<p>Al final del encuentro, los presentes acompa\u00f1aron a Francisco hasta el coche que le esperaba fuera del Aula Pablo VI para llevarle de vuelta a la Casa Santa Marta.<\/p>\n","protected":false},"excerpt":{"rendered":"<p>Invitadas a proyecci\u00f3n del documental &#8216;Francisco&#8217; en el Aula Pablo VI<\/p>\n","protected":false},"author":5,"featured_media":32029,"comment_status":"closed","ping_status":"closed","sticky":false,"template":"","format":"standard","meta":{"_acf_changed":false,"_crdt_document":"","inline_featured_image":false,"footnotes":""},"categories":[68,298],"tags":[3730,3989,3990,158,2315],"class_list":["post-32022","post","type-post","status-publish","format-standard","has-post-thumbnail","hentry","category-leon-xiv","category-ultimas-noticias","tag-afganistan","tag-documental-francisco","tag-evgeny-afineevsky","tag-papa-francisco","tag-refugiados"],"acf":[],"yoast_head":"<!-- This site is optimized with the Yoast SEO plugin v27.5 - https:\/\/yoast.com\/product\/yoast-seo-wordpress\/ -->\n<title>El abrazo del Papa a personas sin hogar y refugiadas &#8211; Exaudi<\/title>\n<meta name=\"description\" content=\"El Papa Francisco se dirigi\u00f3 a un grupo de 100 personas sin hogar y refugiadas que acudieron al Vaticano para ver el documental &#039;Francisco&#039;\" \/>\n<meta name=\"robots\" content=\"index, follow, max-snippet:-1, max-image-preview:large, max-video-preview:-1\" \/>\n<link rel=\"canonical\" href=\"https:\/\/exaudi.org\/es\/papa-abrazo-personas-sin-hogar-refugiadas\/\" \/>\n<meta property=\"og:locale\" content=\"es_ES\" \/>\n<meta property=\"og:type\" content=\"article\" \/>\n<meta property=\"og:title\" content=\"El abrazo del Papa a personas sin hogar y refugiadas &#8211; Exaudi\" \/>\n<meta property=\"og:description\" content=\"El Papa Francisco se dirigi\u00f3 a un grupo de 100 personas sin hogar y refugiadas que acudieron al Vaticano para ver el documental &#039;Francisco&#039;\" \/>\n<meta property=\"og:url\" content=\"https:\/\/exaudi.org\/es\/papa-abrazo-personas-sin-hogar-refugiadas\/\" \/>\n<meta property=\"og:site_name\" content=\"Exaudi\" \/>\n<meta property=\"article:publisher\" content=\"https:\/\/www.facebook.com\/ExaudiNews\" \/>\n<meta property=\"article:published_time\" content=\"2021-09-07T07:11:04+00:00\" \/>\n<meta property=\"article:modified_time\" content=\"2021-09-08T08:09:09+00:00\" \/>\n<meta property=\"og:image\" content=\"https:\/\/exaudi.org\/wp-content\/uploads\/2021\/09\/Foto-2-e1630998444301.jpg\" \/>\n\t<meta property=\"og:image:width\" content=\"1300\" \/>\n\t<meta property=\"og:image:height\" content=\"1174\" \/>\n\t<meta property=\"og:image:type\" content=\"image\/jpeg\" \/>\n<meta name=\"author\" content=\"Larissa I. L\u00f3pez\" \/>\n<meta name=\"twitter:card\" content=\"summary_large_image\" \/>\n<meta name=\"twitter:creator\" content=\"@Exaudi_News\" \/>\n<meta name=\"twitter:site\" content=\"@Exaudi_News\" \/>\n<meta name=\"twitter:label1\" content=\"Escrito por\" \/>\n\t<meta name=\"twitter:data1\" content=\"Larissa I. L\u00f3pez\" \/>\n\t<meta name=\"twitter:label2\" content=\"Tiempo de lectura\" \/>\n\t<meta name=\"twitter:data2\" content=\"3 minutos\" \/>\n<script type=\"application\/ld+json\" class=\"yoast-schema-graph\">{\"@context\":\"https:\\\/\\\/schema.org\",\"@graph\":[{\"@type\":\"Article\",\"@id\":\"https:\\\/\\\/exaudi.org\\\/es\\\/papa-abrazo-personas-sin-hogar-refugiadas\\\/#article\",\"isPartOf\":{\"@id\":\"https:\\\/\\\/exaudi.org\\\/es\\\/papa-abrazo-personas-sin-hogar-refugiadas\\\/\"},\"author\":{\"name\":\"Larissa I. L\u00f3pez\",\"@id\":\"https:\\\/\\\/exaudi.org\\\/#\\\/schema\\\/person\\\/7d2f77db033c2c0929edfab6dbe8c588\"},\"headline\":\"El abrazo del Papa a personas sin hogar y refugiadas\",\"datePublished\":\"2021-09-07T07:11:04+00:00\",\"dateModified\":\"2021-09-08T08:09:09+00:00\",\"mainEntityOfPage\":{\"@id\":\"https:\\\/\\\/exaudi.org\\\/es\\\/papa-abrazo-personas-sin-hogar-refugiadas\\\/\"},\"wordCount\":401,\"image\":{\"@id\":\"https:\\\/\\\/exaudi.org\\\/es\\\/papa-abrazo-personas-sin-hogar-refugiadas\\\/#primaryimage\"},\"thumbnailUrl\":\"https:\\\/\\\/exaudi.org\\\/wp-content\\\/uploads\\\/2021\\\/09\\\/Foto-2-e1630998444301.jpg\",\"keywords\":[\"Afganist\u00e1n\",\"Documental Francisco\",\"Evgeny Afineevsky\",\"papa francisco\",\"Refugiados\"],\"articleSection\":[\"Le\u00f3n XIV\",\"\u00daltimas noticias\"],\"inLanguage\":\"es\"},{\"@type\":\"WebPage\",\"@id\":\"https:\\\/\\\/exaudi.org\\\/es\\\/papa-abrazo-personas-sin-hogar-refugiadas\\\/\",\"url\":\"https:\\\/\\\/exaudi.org\\\/es\\\/papa-abrazo-personas-sin-hogar-refugiadas\\\/\",\"name\":\"El abrazo del Papa a personas sin hogar y refugiadas &#8211; Exaudi\",\"isPartOf\":{\"@id\":\"https:\\\/\\\/exaudi.org\\\/#website\"},\"primaryImageOfPage\":{\"@id\":\"https:\\\/\\\/exaudi.org\\\/es\\\/papa-abrazo-personas-sin-hogar-refugiadas\\\/#primaryimage\"},\"image\":{\"@id\":\"https:\\\/\\\/exaudi.org\\\/es\\\/papa-abrazo-personas-sin-hogar-refugiadas\\\/#primaryimage\"},\"thumbnailUrl\":\"https:\\\/\\\/exaudi.org\\\/wp-content\\\/uploads\\\/2021\\\/09\\\/Foto-2-e1630998444301.jpg\",\"datePublished\":\"2021-09-07T07:11:04+00:00\",\"dateModified\":\"2021-09-08T08:09:09+00:00\",\"author\":{\"@id\":\"https:\\\/\\\/exaudi.org\\\/#\\\/schema\\\/person\\\/7d2f77db033c2c0929edfab6dbe8c588\"},\"description\":\"El Papa Francisco se dirigi\u00f3 a un grupo de 100 personas sin hogar y refugiadas que acudieron al Vaticano para ver el documental 'Francisco'\",\"breadcrumb\":{\"@id\":\"https:\\\/\\\/exaudi.org\\\/es\\\/papa-abrazo-personas-sin-hogar-refugiadas\\\/#breadcrumb\"},\"inLanguage\":\"es\",\"potentialAction\":[{\"@type\":\"ReadAction\",\"target\":[\"https:\\\/\\\/exaudi.org\\\/es\\\/papa-abrazo-personas-sin-hogar-refugiadas\\\/\"]}]},{\"@type\":\"ImageObject\",\"inLanguage\":\"es\",\"@id\":\"https:\\\/\\\/exaudi.org\\\/es\\\/papa-abrazo-personas-sin-hogar-refugiadas\\\/#primaryimage\",\"url\":\"https:\\\/\\\/exaudi.org\\\/wp-content\\\/uploads\\\/2021\\\/09\\\/Foto-2-e1630998444301.jpg\",\"contentUrl\":\"https:\\\/\\\/exaudi.org\\\/wp-content\\\/uploads\\\/2021\\\/09\\\/Foto-2-e1630998444301.jpg\",\"width\":1300,\"height\":1174,\"caption\":\"El Papa saluda a personas sin hogar y refugiadas invitadas a la proyecci\u00f3n del documental 'Francisco' \u00a9 Vatican Media\"},{\"@type\":\"BreadcrumbList\",\"@id\":\"https:\\\/\\\/exaudi.org\\\/es\\\/papa-abrazo-personas-sin-hogar-refugiadas\\\/#breadcrumb\",\"itemListElement\":[{\"@type\":\"ListItem\",\"position\":1,\"name\":\"Portada\",\"item\":\"https:\\\/\\\/exaudi.org\\\/es\\\/\"},{\"@type\":\"ListItem\",\"position\":2,\"name\":\"El abrazo del Papa a personas sin hogar y refugiadas\"}]},{\"@type\":\"WebSite\",\"@id\":\"https:\\\/\\\/exaudi.org\\\/#website\",\"url\":\"https:\\\/\\\/exaudi.org\\\/\",\"name\":\"Exaudi\",\"description\":\"News\",\"potentialAction\":[{\"@type\":\"SearchAction\",\"target\":{\"@type\":\"EntryPoint\",\"urlTemplate\":\"https:\\\/\\\/exaudi.org\\\/?s={search_term_string}\"},\"query-input\":{\"@type\":\"PropertyValueSpecification\",\"valueRequired\":true,\"valueName\":\"search_term_string\"}}],\"inLanguage\":\"es\"},{\"@type\":\"Person\",\"@id\":\"https:\\\/\\\/exaudi.org\\\/#\\\/schema\\\/person\\\/7d2f77db033c2c0929edfab6dbe8c588\",\"name\":\"Larissa I. L\u00f3pez\",\"image\":{\"@type\":\"ImageObject\",\"inLanguage\":\"es\",\"@id\":\"https:\\\/\\\/secure.gravatar.com\\\/avatar\\\/db3ef399ff343d0bb9d25dc5198bc8ece5ac6d621eca79876697a354dabc1e3f?s=96&d=mm&r=g\",\"url\":\"https:\\\/\\\/secure.gravatar.com\\\/avatar\\\/db3ef399ff343d0bb9d25dc5198bc8ece5ac6d621eca79876697a354dabc1e3f?s=96&d=mm&r=g\",\"contentUrl\":\"https:\\\/\\\/secure.gravatar.com\\\/avatar\\\/db3ef399ff343d0bb9d25dc5198bc8ece5ac6d621eca79876697a354dabc1e3f?s=96&d=mm&r=g\",\"caption\":\"Larissa I. L\u00f3pez\"},\"description\":\"Doctora en Comunicaci\u00f3n. Mi trayectoria profesional ha transcurrido entre el \u00e1mbito de la comunicaci\u00f3n y el de la docencia. En los \u00faltimos a\u00f1os, he trabajado como coordinadora y redactora de la edici\u00f3n de ZENIT en espa\u00f1ol. Como profesora, he impartido clases en la universidad y en centros de FP y bachillerato. Cordobesa de nacimiento, tambi\u00e9n he vivido en Sevilla, Madrid y Roma\",\"url\":\"https:\\\/\\\/exaudi.org\\\/es\\\/author\\\/llopezexaudi-org\\\/\"}]}<\/script>\n<!-- \/ Yoast SEO plugin. -->","yoast_head_json":{"title":"El abrazo del Papa a personas sin hogar y refugiadas &#8211; Exaudi","description":"El Papa Francisco se dirigi\u00f3 a un grupo de 100 personas sin hogar y refugiadas que acudieron al Vaticano para ver el documental 'Francisco'","robots":{"index":"index","follow":"follow","max-snippet":"max-snippet:-1","max-image-preview":"max-image-preview:large","max-video-preview":"max-video-preview:-1"},"canonical":"https:\/\/exaudi.org\/es\/papa-abrazo-personas-sin-hogar-refugiadas\/","og_locale":"es_ES","og_type":"article","og_title":"El abrazo del Papa a personas sin hogar y refugiadas &#8211; Exaudi","og_description":"El Papa Francisco se dirigi\u00f3 a un grupo de 100 personas sin hogar y refugiadas que acudieron al Vaticano para ver el documental 'Francisco'","og_url":"https:\/\/exaudi.org\/es\/papa-abrazo-personas-sin-hogar-refugiadas\/","og_site_name":"Exaudi","article_publisher":"https:\/\/www.facebook.com\/ExaudiNews","article_published_time":"2021-09-07T07:11:04+00:00","article_modified_time":"2021-09-08T08:09:09+00:00","og_image":[{"width":1300,"height":1174,"url":"https:\/\/exaudi.org\/wp-content\/uploads\/2021\/09\/Foto-2-e1630998444301.jpg","type":"image\/jpeg"}],"author":"Larissa I. L\u00f3pez","twitter_card":"summary_large_image","twitter_creator":"@Exaudi_News","twitter_site":"@Exaudi_News","twitter_misc":{"Escrito por":"Larissa I. L\u00f3pez","Tiempo de lectura":"3 minutos"},"schema":{"@context":"https:\/\/schema.org","@graph":[{"@type":"Article","@id":"https:\/\/exaudi.org\/es\/papa-abrazo-personas-sin-hogar-refugiadas\/#article","isPartOf":{"@id":"https:\/\/exaudi.org\/es\/papa-abrazo-personas-sin-hogar-refugiadas\/"},"author":{"name":"Larissa I. L\u00f3pez","@id":"https:\/\/exaudi.org\/#\/schema\/person\/7d2f77db033c2c0929edfab6dbe8c588"},"headline":"El abrazo del Papa a personas sin hogar y refugiadas","datePublished":"2021-09-07T07:11:04+00:00","dateModified":"2021-09-08T08:09:09+00:00","mainEntityOfPage":{"@id":"https:\/\/exaudi.org\/es\/papa-abrazo-personas-sin-hogar-refugiadas\/"},"wordCount":401,"image":{"@id":"https:\/\/exaudi.org\/es\/papa-abrazo-personas-sin-hogar-refugiadas\/#primaryimage"},"thumbnailUrl":"https:\/\/exaudi.org\/wp-content\/uploads\/2021\/09\/Foto-2-e1630998444301.jpg","keywords":["Afganist\u00e1n","Documental Francisco","Evgeny Afineevsky","papa francisco","Refugiados"],"articleSection":["Le\u00f3n XIV","\u00daltimas noticias"],"inLanguage":"es"},{"@type":"WebPage","@id":"https:\/\/exaudi.org\/es\/papa-abrazo-personas-sin-hogar-refugiadas\/","url":"https:\/\/exaudi.org\/es\/papa-abrazo-personas-sin-hogar-refugiadas\/","name":"El abrazo del Papa a personas sin hogar y refugiadas &#8211; Exaudi","isPartOf":{"@id":"https:\/\/exaudi.org\/#website"},"primaryImageOfPage":{"@id":"https:\/\/exaudi.org\/es\/papa-abrazo-personas-sin-hogar-refugiadas\/#primaryimage"},"image":{"@id":"https:\/\/exaudi.org\/es\/papa-abrazo-personas-sin-hogar-refugiadas\/#primaryimage"},"thumbnailUrl":"https:\/\/exaudi.org\/wp-content\/uploads\/2021\/09\/Foto-2-e1630998444301.jpg","datePublished":"2021-09-07T07:11:04+00:00","dateModified":"2021-09-08T08:09:09+00:00","author":{"@id":"https:\/\/exaudi.org\/#\/schema\/person\/7d2f77db033c2c0929edfab6dbe8c588"},"description":"El Papa Francisco se dirigi\u00f3 a un grupo de 100 personas sin hogar y refugiadas que acudieron al Vaticano para ver el documental 'Francisco'","breadcrumb":{"@id":"https:\/\/exaudi.org\/es\/papa-abrazo-personas-sin-hogar-refugiadas\/#breadcrumb"},"inLanguage":"es","potentialAction":[{"@type":"ReadAction","target":["https:\/\/exaudi.org\/es\/papa-abrazo-personas-sin-hogar-refugiadas\/"]}]},{"@type":"ImageObject","inLanguage":"es","@id":"https:\/\/exaudi.org\/es\/papa-abrazo-personas-sin-hogar-refugiadas\/#primaryimage","url":"https:\/\/exaudi.org\/wp-content\/uploads\/2021\/09\/Foto-2-e1630998444301.jpg","contentUrl":"https:\/\/exaudi.org\/wp-content\/uploads\/2021\/09\/Foto-2-e1630998444301.jpg","width":1300,"height":1174,"caption":"El Papa saluda a personas sin hogar y refugiadas invitadas a la proyecci\u00f3n del documental 'Francisco' \u00a9 Vatican Media"},{"@type":"BreadcrumbList","@id":"https:\/\/exaudi.org\/es\/papa-abrazo-personas-sin-hogar-refugiadas\/#breadcrumb","itemListElement":[{"@type":"ListItem","position":1,"name":"Portada","item":"https:\/\/exaudi.org\/es\/"},{"@type":"ListItem","position":2,"name":"El abrazo del Papa a personas sin hogar y refugiadas"}]},{"@type":"WebSite","@id":"https:\/\/exaudi.org\/#website","url":"https:\/\/exaudi.org\/","name":"Exaudi","description":"News","potentialAction":[{"@type":"SearchAction","target":{"@type":"EntryPoint","urlTemplate":"https:\/\/exaudi.org\/?s={search_term_string}"},"query-input":{"@type":"PropertyValueSpecification","valueRequired":true,"valueName":"search_term_string"}}],"inLanguage":"es"},{"@type":"Person","@id":"https:\/\/exaudi.org\/#\/schema\/person\/7d2f77db033c2c0929edfab6dbe8c588","name":"Larissa I. L\u00f3pez","image":{"@type":"ImageObject","inLanguage":"es","@id":"https:\/\/secure.gravatar.com\/avatar\/db3ef399ff343d0bb9d25dc5198bc8ece5ac6d621eca79876697a354dabc1e3f?s=96&d=mm&r=g","url":"https:\/\/secure.gravatar.com\/avatar\/db3ef399ff343d0bb9d25dc5198bc8ece5ac6d621eca79876697a354dabc1e3f?s=96&d=mm&r=g","contentUrl":"https:\/\/secure.gravatar.com\/avatar\/db3ef399ff343d0bb9d25dc5198bc8ece5ac6d621eca79876697a354dabc1e3f?s=96&d=mm&r=g","caption":"Larissa I. L\u00f3pez"},"description":"Doctora en Comunicaci\u00f3n. Mi trayectoria profesional ha transcurrido entre el \u00e1mbito de la comunicaci\u00f3n y el de la docencia. En los \u00faltimos a\u00f1os, he trabajado como coordinadora y redactora de la edici\u00f3n de ZENIT en espa\u00f1ol. Como profesora, he impartido clases en la universidad y en centros de FP y bachillerato. Cordobesa de nacimiento, tambi\u00e9n he vivido en Sevilla, Madrid y Roma","url":"https:\/\/exaudi.org\/es\/author\/llopezexaudi-org\/"}]}},"jetpack_featured_media_url":"https:\/\/exaudi.org\/wp-content\/uploads\/2021\/09\/Foto-2-e1630998444301.jpg","jetpack_shortlink":"https:\/\/wp.me\/pgKjF2-8ku","_links":{"self":[{"href":"https:\/\/exaudi.org\/es\/wp-json\/wp\/v2\/posts\/32022","targetHints":{"allow":["GET"]}}],"collection":[{"href":"https:\/\/exaudi.org\/es\/wp-json\/wp\/v2\/posts"}],"about":[{"href":"https:\/\/exaudi.org\/es\/wp-json\/wp\/v2\/types\/post"}],"author":[{"embeddable":true,"href":"https:\/\/exaudi.org\/es\/wp-json\/wp\/v2\/users\/5"}],"replies":[{"embeddable":true,"href":"https:\/\/exaudi.org\/es\/wp-json\/wp\/v2\/comments?post=32022"}],"version-history":[{"count":0,"href":"https:\/\/exaudi.org\/es\/wp-json\/wp\/v2\/posts\/32022\/revisions"}],"wp:featuredmedia":[{"embeddable":true,"href":"https:\/\/exaudi.org\/es\/wp-json\/wp\/v2\/media\/32029"}],"wp:attachment":[{"href":"https:\/\/exaudi.org\/es\/wp-json\/wp\/v2\/media?parent=32022"}],"wp:term":[{"taxonomy":"category","embeddable":true,"href":"https:\/\/exaudi.org\/es\/wp-json\/wp\/v2\/categories?post=32022"},{"taxonomy":"post_tag","embeddable":true,"href":"https:\/\/exaudi.org\/es\/wp-json\/wp\/v2\/tags?post=32022"}],"curies":[{"name":"wp","href":"https:\/\/api.w.org\/{rel}","templated":true}]}}