{"id":32018,"date":"2025-09-07T07:30:51","date_gmt":"2025-09-07T05:30:51","guid":{"rendered":"https:\/\/exaudi.wpengine.com\/?p=32018"},"modified":"2025-09-07T18:40:04","modified_gmt":"2025-09-07T16:40:04","slug":"beata-eugenia-picco-7-septiembre","status":"publish","type":"post","link":"https:\/\/exaudi.org\/es\/beata-eugenia-picco-7-septiembre\/","title":{"rendered":"Beata Eugenia Piccoa, 7 de septiembre"},"content":{"rendered":"<p><span style=\"font-weight: 400;\">Es cierto que el influjo positivo de la familia hacia la fe ha suscitado numerosas vocaciones a lo largo de los siglos. Pero no es una condici\u00f3n sine qua non para ello. Ana Eugenia Piccoa, que naci\u00f3 en Crescenzago, Mil\u00e1n, Italia, el 8 de noviembre de 1867, era hija de un matrimonio desestructurado. Su padre Jos\u00e9 Picco, ciego, fue un destacado m\u00fasico de la prestigiosa Scala de Mil\u00e1n.<\/span><\/p>\n<p><iframe title=\"Spotify Embed: Beata Eugenia Piccoa, 7 de septiembre.\" style=\"border-radius: 12px\" width=\"100%\" height=\"152\" frameborder=\"0\" allowfullscreen allow=\"autoplay; clipboard-write; encrypted-media; fullscreen; picture-in-picture\" loading=\"lazy\" src=\"https:\/\/open.spotify.com\/embed\/episode\/4xXitMujZLF7jMSuAq0Z0n?si=LwCvsqaGTUuYwgpcVRR-9Q&#038;utm_source=oembed\"><\/iframe><\/p>\n<p><span style=\"font-weight: 400;\">Y su madre, Adelaida del Corno, se dej\u00f3 llevar por la debilidad, que no fue precisamente su esposo, y se entreg\u00f3 en brazos de la fama y oropeles rindiendo culto a la vanidad y al fulgor del dinero. Incansable viajera, buscando tal vez una felicidad que se le resist\u00eda y que no encontrar\u00eda nunca en la forma de vida disipada que sol\u00eda llevar, no dudaba en dejar a la peque\u00f1a con sus abuelos. <\/span><\/p>\n<p><span style=\"font-weight: 400;\">Primeramente, sal\u00eda para acompa\u00f1ar a su marido, pero cuando un d\u00eda regres\u00f3 a casa sin \u00e9l (desaparecido misteriosamente en el transcurso de un viaje a Rusia), continu\u00f3 con sus desmanes. Y Eugenia se vio obligada a soportar al nuevo compa\u00f1ero de su madre, con el que esta tuvo tres hijos m\u00e1s, y a escuchar todo lo estoicamente que le fue posible los reproches maternos porque so\u00f1aba para ella un futuro como artista, adem\u00e1s de sufrir los inconvenientes creados por su amante.\u00a0<\/span><\/p>\n<p><span style=\"font-weight: 400;\">Evidentemente no era el ambiente propicio para que se forjara una vocaci\u00f3n. \u201cPeligros y ocasiones tanto en casa como afuera\u201d, dir\u00eda Eugenia despu\u00e9s. Y es que su pasi\u00f3n adolescente, incontenible a sus 14 a\u00f1os, se volc\u00f3 en un muchacho joven. Era hermosa y elegante; su atractivo se completaba con sus dotes para la m\u00fasica. Desenvuelta y libre iba y ven\u00eda inmersa en la far\u00e1ndula. Por fortuna, una profesora, Giuseppina Allegri, experta en los conflictos que surgen a estas edades, se ocup\u00f3 de ella. <\/span><\/p>\n<p><span style=\"font-weight: 400;\">Debi\u00f3 apreciar los nobles sentimientos que pose\u00eda y orient\u00f3 sus pasos hacia quienes pod\u00edan ayudarla espiritualmente. Allegri le present\u00f3 a la religiosa Mar\u00eda Virginia Pizzetti. La beata se convenci\u00f3 de la certeza de las palabras de Pizzetti: era Jes\u00fas el que obraba en su interior; nadie m\u00e1s. L<\/span><\/p>\n<p><span style=\"font-weight: 400;\">a presencia divina que lat\u00eda en su coraz\u00f3n, a\u00fan sin estar familiarizada con ella todav\u00eda, le alentaba a orar creyendo y esperando recibir una respuesta tanto en la capilla de las hermanas ursulinas del Sagrado Coraz\u00f3n como en la bas\u00edlica milanesa de San Ambrosio. Una noche de particular sufrimiento, en la primavera de 1886, a trav\u00e9s de una imagen que pend\u00eda sobre la pared bajo la cual ten\u00eda su cama, en medio de su oraci\u00f3n se sinti\u00f3 llamada a vivir la santidad.<\/span><\/p>\n<p><span style=\"font-weight: 400;\">Ten\u00eda casi 20 a\u00f1os y la invitaci\u00f3n de Dios era para ella un torrente de bendiciones. Pensaba que su verdadero hogar ser\u00eda la Congregaci\u00f3n de las Peque\u00f1as Hijas de los Sagrados Corazones de Jes\u00fas y de Mar\u00eda, sita en Parma. Una Orden a la que se encamin\u00f3 por sugerencia de las ursulinas que consideraron m\u00e1s oportuno que se integrase en esa fundaci\u00f3n, valorando el hecho de que ello le permitir\u00eda escapar del ambiente asfixiante que le rodeaba en Mil\u00e1n. <\/span><\/p>\n<p><span style=\"font-weight: 400;\">Para llevar a cabo su empe\u00f1o, en agosto de 1887 tuvo que huir de su domicilio. Agust\u00edn Chieppi, art\u00edfice de esa Obra creada en 1865 junto a Anna Micheli, la acogi\u00f3 paternalmente. Se hizo cargo de su sufrimiento y de las circunstancias en las que hab\u00eda tenido que vivir. Y en agosto del a\u00f1o siguiente comenz\u00f3 el noviciado. <\/span><\/p>\n<p><span style=\"font-weight: 400;\">Profes\u00f3 en presencia del fundador en 1891 y emiti\u00f3 votos perpetuos en 1894. El resto de su vida lo destin\u00f3 a cumplir la voluntad de Dios con esp\u00edritu generoso, fiel, humilde\u2026 Ella misma sintetizaba su anhelo, diciendo: \u201cComo Jes\u00fas ha escogido el pan, algo tan com\u00fan, as\u00ed debe ser mi vida, com\u00fan\u2026 accesible a todos y, al mismo tiempo, humilde y escondida, como lo es el pan\u201d.\u00a0<\/span><\/p>\n<p><span style=\"font-weight: 400;\">Imparti\u00f3 m\u00fasica, canto y franc\u00e9s a las alumnas del colegio de la Congregaci\u00f3n. Despu\u00e9s le encomendaron sucesivas misiones. Fue maestra de novicias, archivista, secretaria general y consejera. En 1911 fue elegida superiora general, oficio que desempe\u00f1\u00f3 hasta el fin de sus d\u00edas. Logr\u00f3 que su gobierno fructificase por su caridad, prudencia y fidelidad al carisma de su fundador. Su sost\u00e9n fue la oraci\u00f3n y la Eucarist\u00eda. <\/span><\/p>\n<p><span style=\"font-weight: 400;\">En el decurso de la Primera Guerra Mundial se volc\u00f3 en curar a los heridos acogidos por la comunidad en la casa madre. Pero all\u00ed acud\u00edan tambi\u00e9n los que estaban ingresados en hospitales. Ellas ense\u00f1aban a los hijos de los reclutados en el frente ya que estos muchachos no pod\u00edan recibir formaci\u00f3n. <\/span><\/p>\n<p><span style=\"font-weight: 400;\">Los que nada pose\u00edan, los ni\u00f1os, los que nadie estimaba hallaron en Ana Eugenia una madre. Era extraordinariamente sensible al dolor del pr\u00f3jimo. Seguro que en esos d\u00edas aciagos, de tanto sufrimiento, record\u00f3 vivamente las palabras que les dirig\u00eda su fundador: \u201cTen\u00e9is que estar listas para ir hasta los campos de batalla\u201d. \u201cLas Peque\u00f1as Hijas tienen que estar listas a donar la \u00faltima gota de su sangre para los hermanos\u201d.<\/span><\/p>\n<p><span style=\"font-weight: 400;\">Todo en Eugenia fue una suma de mortificaci\u00f3n, obediencia e inocencia evang\u00e9licas. Supo sobrenaturalizar lo ordinario con religiosa maestr\u00eda. Muchos le confiaban sus cuitas, buscaban su consejo y sal\u00edan fortalecidos. Fue una gran formadora. No tuvo buena salud, y a\u00fan se debilit\u00f3 m\u00e1s con las privaciones y sacrificios. <\/span><\/p>\n<p><span style=\"font-weight: 400;\">En 1919, a\u00f1o en el que fue reelegida superiora general, a causa de la tuberculosis \u00f3sea se le amput\u00f3 el pie derecho, un episodio dram\u00e1tico que acogi\u00f3 serenamente. Monse\u00f1or Conforti, prelado de Parma, le aconsej\u00f3 paternalmente: \u201cNo se gobierna con los pies, sino con la cabeza\u201d. Ciertamente. Lo que antes era ir y venir qued\u00f3 \u201creducido\u201d, si as\u00ed puede decirse, a la ofrenda en estricta oraci\u00f3n.<\/span><\/p>\n<p><span style=\"font-weight: 400;\"> Nada m\u00e1s fecundo que ello. Las secuelas no le abandonaron y muri\u00f3 el 7 de septiembre de 1921. Ana Eugenia fue beatificada el 7 de octubre de 2001 por Juan Pablo II. En su homil\u00eda record\u00f3 que \u201cante el sufrimiento, con los inevitables momentos de dificultad y desasosiego que entra\u00f1a [\u2026], supo transformar la experiencia del dolor en ocasi\u00f3n de purificaci\u00f3n y crecimiento interior\u201d.<\/span><\/p>\n<p><img loading=\"lazy\" decoding=\"async\" class=\"size-full wp-image-132716 alignnone\" src=\"https:\/\/exaudi.org\/wp-content\/uploads\/2024\/09\/Santoral-4-1.jpg\" alt=\"\" width=\"1080\" height=\"1080\" srcset=\"https:\/\/exaudi.org\/wp-content\/uploads\/2024\/09\/Santoral-4-1.jpg 1080w, https:\/\/exaudi.org\/wp-content\/uploads\/2024\/09\/Santoral-4-1-300x300.jpg 300w, https:\/\/exaudi.org\/wp-content\/uploads\/2024\/09\/Santoral-4-1-1024x1024.jpg 1024w, https:\/\/exaudi.org\/wp-content\/uploads\/2024\/09\/Santoral-4-1-100x100.jpg?crop=1 100w, https:\/\/exaudi.org\/wp-content\/uploads\/2024\/09\/Santoral-4-1-770x770.jpg 770w, https:\/\/exaudi.org\/wp-content\/uploads\/2024\/09\/Santoral-4-1-500x500.jpg 500w\" sizes=\"auto, (max-width: 1080px) 100vw, 1080px\" \/><\/p>\n<h6><em>\u00a9 <a href=\"https:\/\/exaudi.wpengine.com\/es\/author\/isabelorellana\/\" target=\"_blank\" rel=\"noopener noreferrer\">Isabel Orellana Vilches<\/a>, 2013<\/em><\/h6>\n<h6><em>Autora vinculada a<\/em><\/h6>\n<h6><em><img loading=\"lazy\" decoding=\"async\" class=\"alignright wp-image-2208\" src=\"https:\/\/exaudi.org\/wp-content\/uploads\/2021\/02\/santoral-scaled-1-725x1024.jpg\" alt=\"santoral Isabel Orellana\" width=\"262\" height=\"370\" \/><\/em><img loading=\"lazy\" decoding=\"async\" class=\"alignnone size-full wp-image-41949\" src=\"https:\/\/www.idente.org\/wp-content\/uploads\/logo-cedro-v01-843x295-1-e1603384654546.png\" alt=\"\" width=\"80\" height=\"28\" \/><br \/>\nObra protegida por derechos de autor.<br \/>\nInscrita en el Registro de la Propiedad Intelectual el 24 de noviembre de 2014.<br \/>\n________________<br \/>\nDerechos de edici\u00f3n reservados:<br \/>\n<a href=\"https:\/\/rielo.com\/\" target=\"_blank\" rel=\"noopener noreferrer\">Fundaci\u00f3n Fernando Rielo<\/a><br \/>\nGoya 20, 4.\u00ba izq. int. 28001 Madrid<br \/>\nTlf.: (34) 91 575 40 91<br \/>\nCorreo electr\u00f3nico: fundacion@rielo.com<\/h6>\n<div class=\"page\" title=\"Page 4\">\n<div class=\"layoutArea\">\n<div class=\"column\">\n<h6>Dep\u00f3sito legal: M-18664-2020<br \/>\nISBN: 978-84-946646-6-3<\/h6>\n<\/div>\n<\/div>\n<\/div>\n","protected":false},"excerpt":{"rendered":"<p>Religiosa italiana<\/p>\n","protected":false},"author":23,"featured_media":32019,"comment_status":"closed","ping_status":"closed","sticky":false,"template":"","format":"standard","meta":{"_acf_changed":false,"_crdt_document":"","inline_featured_image":false,"footnotes":""},"categories":[],"tags":[3988],"class_list":["post-32018","post","type-post","status-publish","format-standard","has-post-thumbnail","hentry","tag-beata-eugenia-picco"],"acf":[],"yoast_head":"<!-- This site is optimized with the Yoast SEO plugin v27.5 - https:\/\/yoast.com\/product\/yoast-seo-wordpress\/ -->\n<title>Beata Eugenia Piccoa, 7 de septiembre - Exaudi Catholic News<\/title>\n<meta name=\"description\" content=\"Santoral del 7 de septiembre, beata Eugenia Picco, escrito por Isabel Orellana y editado por la Fundaci\u00f3n Fernando Rielo\" \/>\n<meta name=\"robots\" content=\"index, follow, max-snippet:-1, max-image-preview:large, max-video-preview:-1\" \/>\n<link rel=\"canonical\" href=\"https:\/\/exaudi.org\/es\/beata-eugenia-picco-7-septiembre\/\" \/>\n<meta property=\"og:locale\" content=\"es_ES\" \/>\n<meta property=\"og:type\" content=\"article\" \/>\n<meta property=\"og:title\" content=\"Beata Eugenia Piccoa, 7 de septiembre - Exaudi Catholic News\" \/>\n<meta property=\"og:description\" content=\"Santoral del 7 de septiembre, beata Eugenia Picco, escrito por Isabel Orellana y editado por la Fundaci\u00f3n Fernando Rielo\" \/>\n<meta property=\"og:url\" content=\"https:\/\/exaudi.org\/es\/beata-eugenia-picco-7-septiembre\/\" \/>\n<meta property=\"og:site_name\" content=\"Exaudi\" \/>\n<meta property=\"article:publisher\" content=\"https:\/\/www.facebook.com\/ExaudiNews\" \/>\n<meta property=\"article:published_time\" content=\"2025-09-07T05:30:51+00:00\" \/>\n<meta property=\"article:modified_time\" content=\"2025-09-07T16:40:04+00:00\" \/>\n<meta property=\"og:image\" content=\"https:\/\/exaudi.org\/wp-content\/uploads\/2021\/09\/Cru6cQ_WgAQUOhJ.jpg\" \/>\n\t<meta property=\"og:image:width\" content=\"778\" \/>\n\t<meta property=\"og:image:height\" content=\"500\" \/>\n\t<meta property=\"og:image:type\" content=\"image\/jpeg\" \/>\n<meta name=\"author\" content=\"Isabel Orellana\" \/>\n<meta name=\"twitter:card\" content=\"summary_large_image\" \/>\n<meta name=\"twitter:creator\" content=\"@Exaudi_News\" \/>\n<meta name=\"twitter:site\" content=\"@Exaudi_News\" \/>\n<meta name=\"twitter:label1\" content=\"Escrito por\" \/>\n\t<meta name=\"twitter:data1\" content=\"Isabel Orellana\" \/>\n\t<meta name=\"twitter:label2\" content=\"Tiempo de lectura\" \/>\n\t<meta name=\"twitter:data2\" content=\"6 minutos\" \/>\n<script type=\"application\/ld+json\" class=\"yoast-schema-graph\">{\"@context\":\"https:\\\/\\\/schema.org\",\"@graph\":[{\"@type\":\"Article\",\"@id\":\"https:\\\/\\\/exaudi.org\\\/es\\\/beata-eugenia-picco-7-septiembre\\\/#article\",\"isPartOf\":{\"@id\":\"https:\\\/\\\/exaudi.org\\\/es\\\/beata-eugenia-picco-7-septiembre\\\/\"},\"author\":{\"name\":\"Isabel Orellana\",\"@id\":\"https:\\\/\\\/exaudi.org\\\/#\\\/schema\\\/person\\\/64e18b96fd6118559a9217b5b3375fdc\"},\"headline\":\"Beata Eugenia Piccoa, 7 de septiembre\",\"datePublished\":\"2025-09-07T05:30:51+00:00\",\"dateModified\":\"2025-09-07T16:40:04+00:00\",\"mainEntityOfPage\":{\"@id\":\"https:\\\/\\\/exaudi.org\\\/es\\\/beata-eugenia-picco-7-septiembre\\\/\"},\"wordCount\":1154,\"image\":{\"@id\":\"https:\\\/\\\/exaudi.org\\\/es\\\/beata-eugenia-picco-7-septiembre\\\/#primaryimage\"},\"thumbnailUrl\":\"https:\\\/\\\/exaudi.org\\\/wp-content\\\/uploads\\\/2021\\\/09\\\/Cru6cQ_WgAQUOhJ.jpg\",\"keywords\":[\"Beata Eugenia Picco\"],\"inLanguage\":\"es\"},{\"@type\":\"WebPage\",\"@id\":\"https:\\\/\\\/exaudi.org\\\/es\\\/beata-eugenia-picco-7-septiembre\\\/\",\"url\":\"https:\\\/\\\/exaudi.org\\\/es\\\/beata-eugenia-picco-7-septiembre\\\/\",\"name\":\"Beata Eugenia Piccoa, 7 de septiembre - Exaudi Catholic News\",\"isPartOf\":{\"@id\":\"https:\\\/\\\/exaudi.org\\\/#website\"},\"primaryImageOfPage\":{\"@id\":\"https:\\\/\\\/exaudi.org\\\/es\\\/beata-eugenia-picco-7-septiembre\\\/#primaryimage\"},\"image\":{\"@id\":\"https:\\\/\\\/exaudi.org\\\/es\\\/beata-eugenia-picco-7-septiembre\\\/#primaryimage\"},\"thumbnailUrl\":\"https:\\\/\\\/exaudi.org\\\/wp-content\\\/uploads\\\/2021\\\/09\\\/Cru6cQ_WgAQUOhJ.jpg\",\"datePublished\":\"2025-09-07T05:30:51+00:00\",\"dateModified\":\"2025-09-07T16:40:04+00:00\",\"author\":{\"@id\":\"https:\\\/\\\/exaudi.org\\\/#\\\/schema\\\/person\\\/64e18b96fd6118559a9217b5b3375fdc\"},\"description\":\"Santoral del 7 de septiembre, beata Eugenia Picco, escrito por Isabel Orellana y editado por la Fundaci\u00f3n Fernando Rielo\",\"breadcrumb\":{\"@id\":\"https:\\\/\\\/exaudi.org\\\/es\\\/beata-eugenia-picco-7-septiembre\\\/#breadcrumb\"},\"inLanguage\":\"es\",\"potentialAction\":[{\"@type\":\"ReadAction\",\"target\":[\"https:\\\/\\\/exaudi.org\\\/es\\\/beata-eugenia-picco-7-septiembre\\\/\"]}]},{\"@type\":\"ImageObject\",\"inLanguage\":\"es\",\"@id\":\"https:\\\/\\\/exaudi.org\\\/es\\\/beata-eugenia-picco-7-septiembre\\\/#primaryimage\",\"url\":\"https:\\\/\\\/exaudi.org\\\/wp-content\\\/uploads\\\/2021\\\/09\\\/Cru6cQ_WgAQUOhJ.jpg\",\"contentUrl\":\"https:\\\/\\\/exaudi.org\\\/wp-content\\\/uploads\\\/2021\\\/09\\\/Cru6cQ_WgAQUOhJ.jpg\",\"width\":778,\"height\":500,\"caption\":\"Beata Eugenia Picco \u00a9 Institutohesed.org.br\"},{\"@type\":\"BreadcrumbList\",\"@id\":\"https:\\\/\\\/exaudi.org\\\/es\\\/beata-eugenia-picco-7-septiembre\\\/#breadcrumb\",\"itemListElement\":[{\"@type\":\"ListItem\",\"position\":1,\"name\":\"Portada\",\"item\":\"https:\\\/\\\/exaudi.org\\\/es\\\/\"},{\"@type\":\"ListItem\",\"position\":2,\"name\":\"Beata Eugenia Piccoa, 7 de septiembre\"}]},{\"@type\":\"WebSite\",\"@id\":\"https:\\\/\\\/exaudi.org\\\/#website\",\"url\":\"https:\\\/\\\/exaudi.org\\\/\",\"name\":\"Exaudi\",\"description\":\"News\",\"potentialAction\":[{\"@type\":\"SearchAction\",\"target\":{\"@type\":\"EntryPoint\",\"urlTemplate\":\"https:\\\/\\\/exaudi.org\\\/?s={search_term_string}\"},\"query-input\":{\"@type\":\"PropertyValueSpecification\",\"valueRequired\":true,\"valueName\":\"search_term_string\"}}],\"inLanguage\":\"es\"},{\"@type\":\"Person\",\"@id\":\"https:\\\/\\\/exaudi.org\\\/#\\\/schema\\\/person\\\/64e18b96fd6118559a9217b5b3375fdc\",\"name\":\"Isabel Orellana\",\"image\":{\"@type\":\"ImageObject\",\"inLanguage\":\"es\",\"@id\":\"https:\\\/\\\/secure.gravatar.com\\\/avatar\\\/51968380bbb6b22ae85c605634860366fd9a2a611c6341125115bca32cd6c171?s=96&d=mm&r=g\",\"url\":\"https:\\\/\\\/secure.gravatar.com\\\/avatar\\\/51968380bbb6b22ae85c605634860366fd9a2a611c6341125115bca32cd6c171?s=96&d=mm&r=g\",\"contentUrl\":\"https:\\\/\\\/secure.gravatar.com\\\/avatar\\\/51968380bbb6b22ae85c605634860366fd9a2a611c6341125115bca32cd6c171?s=96&d=mm&r=g\",\"caption\":\"Isabel Orellana\"},\"description\":\"Isabel Orellana Vilches Misionera idente. Doctora en Filosof\u00eda por la Universidad Aut\u00f3noma de Barcelona con la tesis Realismo y progreso cient\u00edfico en la epistemolog\u00eda popperiana. Ha cursado estudios de teolog\u00eda en la Universidad Pontificia de Salamanca. Con amplia actividad docente desde 1986, ha publicado libros como: Realismo y progreso cient\u00edfico en la epistemolog\u00eda popperiana, Universitat Aut\u00f2noma de Barcelona, 1993; El evangelio habla a los j\u00f3venes, Atenas, Madrid, 1997; Qu\u00e9 es... LA TOLERANCIA, Paulinas, Madrid, 1999; Pedagog\u00eda del dolor. Ensayo antropol\u00f3gico, Palabra, Madrid, 1999; En colaboraci\u00f3n con Enrique Rivera de Ventosa (\u2020) OFM. Cap. San Francisco de As\u00eds y Fernando Rielo: Convergencias. Respuestas desde la fe a los interrogantes del hombre de hoy, Universidad Pontificia, Salamanca, 2001; La \\\"mirada\\\" del cine. Recursos did\u00e1cticos del s\u00e9ptimo arte. Librer\u00eda Cervantes, Salamanca, 2001; Paradojas de la convivencia, San Pablo, Madrid, 2002; En la Universidad T\u00e9cnica Particular de Loja, Ecuador, ha publicado: La confianza. El arte de amar, 2002; Educar para la responsabilidad, 2003; Apuntes de \u00e9tica en Karl R. Popper, 2003; De soledades y comunicaci\u00f3n, 2005; Yo educo; t\u00fa respondes, 2008; Humanismo y fe en un crisol de culturas, 2008; Repensar lo cotidiano, 2008; Convivir: un constante desaf\u00edo, 2009; La l\u00f3gica del amor, 2010; El dolor del amor. Apuntes sobre la enfermedad y el dolor en relaci\u00f3n con la virtud heroica, el martirio y la vida santa. Seminario Diocesano de M\u00e1laga, 2006 y Universidad T\u00e9cnica Particular de Loja, Ecuador (2007). Cuenta con numerosas colaboraciones en obras colectivas, as\u00ed como relatos, cuentos, f\u00e1bula y novela juvenil, adem\u00e1s de art\u00edculos de tem\u00e1tica cient\u00edfica, pedag\u00f3gica y espiritual, que viene publicando en distintas revistas nacionales e internacionales. En 2012 culmin\u00f3 el santoral Llamados a ser santos y poco m\u00e1s tarde Epopeyas de amor prologado por mons. Fernando Sebasti\u00e1n. Es la bi\u00f3grafa oficial del fundador de su familia espiritual, autora de Fernando Rielo Pardal. Fundador de los Misioneros Identes, Descl\u00e9e de Brouwer, Bilbao, 2009. Culmina la biograf\u00eda completa. Encargada del santoral de ZENIT desde 2012 a 2020 y ahora en Exaudi\",\"url\":\"https:\\\/\\\/exaudi.org\\\/es\\\/author\\\/isabelorellana\\\/\"}]}<\/script>\n<!-- \/ Yoast SEO plugin. -->","yoast_head_json":{"title":"Beata Eugenia Piccoa, 7 de septiembre - Exaudi Catholic News","description":"Santoral del 7 de septiembre, beata Eugenia Picco, escrito por Isabel Orellana y editado por la Fundaci\u00f3n Fernando Rielo","robots":{"index":"index","follow":"follow","max-snippet":"max-snippet:-1","max-image-preview":"max-image-preview:large","max-video-preview":"max-video-preview:-1"},"canonical":"https:\/\/exaudi.org\/es\/beata-eugenia-picco-7-septiembre\/","og_locale":"es_ES","og_type":"article","og_title":"Beata Eugenia Piccoa, 7 de septiembre - Exaudi Catholic News","og_description":"Santoral del 7 de septiembre, beata Eugenia Picco, escrito por Isabel Orellana y editado por la Fundaci\u00f3n Fernando Rielo","og_url":"https:\/\/exaudi.org\/es\/beata-eugenia-picco-7-septiembre\/","og_site_name":"Exaudi","article_publisher":"https:\/\/www.facebook.com\/ExaudiNews","article_published_time":"2025-09-07T05:30:51+00:00","article_modified_time":"2025-09-07T16:40:04+00:00","og_image":[{"width":778,"height":500,"url":"https:\/\/exaudi.org\/wp-content\/uploads\/2021\/09\/Cru6cQ_WgAQUOhJ.jpg","type":"image\/jpeg"}],"author":"Isabel Orellana","twitter_card":"summary_large_image","twitter_creator":"@Exaudi_News","twitter_site":"@Exaudi_News","twitter_misc":{"Escrito por":"Isabel Orellana","Tiempo de lectura":"6 minutos"},"schema":{"@context":"https:\/\/schema.org","@graph":[{"@type":"Article","@id":"https:\/\/exaudi.org\/es\/beata-eugenia-picco-7-septiembre\/#article","isPartOf":{"@id":"https:\/\/exaudi.org\/es\/beata-eugenia-picco-7-septiembre\/"},"author":{"name":"Isabel Orellana","@id":"https:\/\/exaudi.org\/#\/schema\/person\/64e18b96fd6118559a9217b5b3375fdc"},"headline":"Beata Eugenia Piccoa, 7 de septiembre","datePublished":"2025-09-07T05:30:51+00:00","dateModified":"2025-09-07T16:40:04+00:00","mainEntityOfPage":{"@id":"https:\/\/exaudi.org\/es\/beata-eugenia-picco-7-septiembre\/"},"wordCount":1154,"image":{"@id":"https:\/\/exaudi.org\/es\/beata-eugenia-picco-7-septiembre\/#primaryimage"},"thumbnailUrl":"https:\/\/exaudi.org\/wp-content\/uploads\/2021\/09\/Cru6cQ_WgAQUOhJ.jpg","keywords":["Beata Eugenia Picco"],"inLanguage":"es"},{"@type":"WebPage","@id":"https:\/\/exaudi.org\/es\/beata-eugenia-picco-7-septiembre\/","url":"https:\/\/exaudi.org\/es\/beata-eugenia-picco-7-septiembre\/","name":"Beata Eugenia Piccoa, 7 de septiembre - Exaudi Catholic News","isPartOf":{"@id":"https:\/\/exaudi.org\/#website"},"primaryImageOfPage":{"@id":"https:\/\/exaudi.org\/es\/beata-eugenia-picco-7-septiembre\/#primaryimage"},"image":{"@id":"https:\/\/exaudi.org\/es\/beata-eugenia-picco-7-septiembre\/#primaryimage"},"thumbnailUrl":"https:\/\/exaudi.org\/wp-content\/uploads\/2021\/09\/Cru6cQ_WgAQUOhJ.jpg","datePublished":"2025-09-07T05:30:51+00:00","dateModified":"2025-09-07T16:40:04+00:00","author":{"@id":"https:\/\/exaudi.org\/#\/schema\/person\/64e18b96fd6118559a9217b5b3375fdc"},"description":"Santoral del 7 de septiembre, beata Eugenia Picco, escrito por Isabel Orellana y editado por la Fundaci\u00f3n Fernando Rielo","breadcrumb":{"@id":"https:\/\/exaudi.org\/es\/beata-eugenia-picco-7-septiembre\/#breadcrumb"},"inLanguage":"es","potentialAction":[{"@type":"ReadAction","target":["https:\/\/exaudi.org\/es\/beata-eugenia-picco-7-septiembre\/"]}]},{"@type":"ImageObject","inLanguage":"es","@id":"https:\/\/exaudi.org\/es\/beata-eugenia-picco-7-septiembre\/#primaryimage","url":"https:\/\/exaudi.org\/wp-content\/uploads\/2021\/09\/Cru6cQ_WgAQUOhJ.jpg","contentUrl":"https:\/\/exaudi.org\/wp-content\/uploads\/2021\/09\/Cru6cQ_WgAQUOhJ.jpg","width":778,"height":500,"caption":"Beata Eugenia Picco \u00a9 Institutohesed.org.br"},{"@type":"BreadcrumbList","@id":"https:\/\/exaudi.org\/es\/beata-eugenia-picco-7-septiembre\/#breadcrumb","itemListElement":[{"@type":"ListItem","position":1,"name":"Portada","item":"https:\/\/exaudi.org\/es\/"},{"@type":"ListItem","position":2,"name":"Beata Eugenia Piccoa, 7 de septiembre"}]},{"@type":"WebSite","@id":"https:\/\/exaudi.org\/#website","url":"https:\/\/exaudi.org\/","name":"Exaudi","description":"News","potentialAction":[{"@type":"SearchAction","target":{"@type":"EntryPoint","urlTemplate":"https:\/\/exaudi.org\/?s={search_term_string}"},"query-input":{"@type":"PropertyValueSpecification","valueRequired":true,"valueName":"search_term_string"}}],"inLanguage":"es"},{"@type":"Person","@id":"https:\/\/exaudi.org\/#\/schema\/person\/64e18b96fd6118559a9217b5b3375fdc","name":"Isabel Orellana","image":{"@type":"ImageObject","inLanguage":"es","@id":"https:\/\/secure.gravatar.com\/avatar\/51968380bbb6b22ae85c605634860366fd9a2a611c6341125115bca32cd6c171?s=96&d=mm&r=g","url":"https:\/\/secure.gravatar.com\/avatar\/51968380bbb6b22ae85c605634860366fd9a2a611c6341125115bca32cd6c171?s=96&d=mm&r=g","contentUrl":"https:\/\/secure.gravatar.com\/avatar\/51968380bbb6b22ae85c605634860366fd9a2a611c6341125115bca32cd6c171?s=96&d=mm&r=g","caption":"Isabel Orellana"},"description":"Isabel Orellana Vilches Misionera idente. Doctora en Filosof\u00eda por la Universidad Aut\u00f3noma de Barcelona con la tesis Realismo y progreso cient\u00edfico en la epistemolog\u00eda popperiana. Ha cursado estudios de teolog\u00eda en la Universidad Pontificia de Salamanca. Con amplia actividad docente desde 1986, ha publicado libros como: Realismo y progreso cient\u00edfico en la epistemolog\u00eda popperiana, Universitat Aut\u00f2noma de Barcelona, 1993; El evangelio habla a los j\u00f3venes, Atenas, Madrid, 1997; Qu\u00e9 es... LA TOLERANCIA, Paulinas, Madrid, 1999; Pedagog\u00eda del dolor. Ensayo antropol\u00f3gico, Palabra, Madrid, 1999; En colaboraci\u00f3n con Enrique Rivera de Ventosa (\u2020) OFM. Cap. San Francisco de As\u00eds y Fernando Rielo: Convergencias. Respuestas desde la fe a los interrogantes del hombre de hoy, Universidad Pontificia, Salamanca, 2001; La \"mirada\" del cine. Recursos did\u00e1cticos del s\u00e9ptimo arte. Librer\u00eda Cervantes, Salamanca, 2001; Paradojas de la convivencia, San Pablo, Madrid, 2002; En la Universidad T\u00e9cnica Particular de Loja, Ecuador, ha publicado: La confianza. El arte de amar, 2002; Educar para la responsabilidad, 2003; Apuntes de \u00e9tica en Karl R. Popper, 2003; De soledades y comunicaci\u00f3n, 2005; Yo educo; t\u00fa respondes, 2008; Humanismo y fe en un crisol de culturas, 2008; Repensar lo cotidiano, 2008; Convivir: un constante desaf\u00edo, 2009; La l\u00f3gica del amor, 2010; El dolor del amor. Apuntes sobre la enfermedad y el dolor en relaci\u00f3n con la virtud heroica, el martirio y la vida santa. Seminario Diocesano de M\u00e1laga, 2006 y Universidad T\u00e9cnica Particular de Loja, Ecuador (2007). Cuenta con numerosas colaboraciones en obras colectivas, as\u00ed como relatos, cuentos, f\u00e1bula y novela juvenil, adem\u00e1s de art\u00edculos de tem\u00e1tica cient\u00edfica, pedag\u00f3gica y espiritual, que viene publicando en distintas revistas nacionales e internacionales. En 2012 culmin\u00f3 el santoral Llamados a ser santos y poco m\u00e1s tarde Epopeyas de amor prologado por mons. Fernando Sebasti\u00e1n. Es la bi\u00f3grafa oficial del fundador de su familia espiritual, autora de Fernando Rielo Pardal. Fundador de los Misioneros Identes, Descl\u00e9e de Brouwer, Bilbao, 2009. Culmina la biograf\u00eda completa. Encargada del santoral de ZENIT desde 2012 a 2020 y ahora en Exaudi","url":"https:\/\/exaudi.org\/es\/author\/isabelorellana\/"}]}},"jetpack_featured_media_url":"https:\/\/exaudi.org\/wp-content\/uploads\/2021\/09\/Cru6cQ_WgAQUOhJ.jpg","jetpack_shortlink":"https:\/\/wp.me\/pgKjF2-8kq","_links":{"self":[{"href":"https:\/\/exaudi.org\/es\/wp-json\/wp\/v2\/posts\/32018","targetHints":{"allow":["GET"]}}],"collection":[{"href":"https:\/\/exaudi.org\/es\/wp-json\/wp\/v2\/posts"}],"about":[{"href":"https:\/\/exaudi.org\/es\/wp-json\/wp\/v2\/types\/post"}],"author":[{"embeddable":true,"href":"https:\/\/exaudi.org\/es\/wp-json\/wp\/v2\/users\/23"}],"replies":[{"embeddable":true,"href":"https:\/\/exaudi.org\/es\/wp-json\/wp\/v2\/comments?post=32018"}],"version-history":[{"count":3,"href":"https:\/\/exaudi.org\/es\/wp-json\/wp\/v2\/posts\/32018\/revisions"}],"predecessor-version":[{"id":133756,"href":"https:\/\/exaudi.org\/es\/wp-json\/wp\/v2\/posts\/32018\/revisions\/133756"}],"wp:featuredmedia":[{"embeddable":true,"href":"https:\/\/exaudi.org\/es\/wp-json\/wp\/v2\/media\/32019"}],"wp:attachment":[{"href":"https:\/\/exaudi.org\/es\/wp-json\/wp\/v2\/media?parent=32018"}],"wp:term":[{"taxonomy":"category","embeddable":true,"href":"https:\/\/exaudi.org\/es\/wp-json\/wp\/v2\/categories?post=32018"},{"taxonomy":"post_tag","embeddable":true,"href":"https:\/\/exaudi.org\/es\/wp-json\/wp\/v2\/tags?post=32018"}],"curies":[{"name":"wp","href":"https:\/\/api.w.org\/{rel}","templated":true}]}}