{"id":31927,"date":"2021-09-06T10:30:49","date_gmt":"2021-09-06T08:30:49","guid":{"rendered":"https:\/\/exaudi.wpengine.com\/?p=31927"},"modified":"2021-09-06T14:08:33","modified_gmt":"2021-09-06T12:08:33","slug":"venezuela-celam-solidariza-muerte-p-velazquez","status":"publish","type":"post","link":"https:\/\/exaudi.org\/es\/venezuela-celam-solidariza-muerte-p-velazquez\/","title":{"rendered":"Venezuela: CELAM se solidariza con muerte del P. Vel\u00e1zquez"},"content":{"rendered":"<p>El pasado domingo 5 de septiembre de 2021, la directiva del <a href=\"http:\/\/www.celam.org\/index.php\" target=\"_blank\" rel=\"noopener\">Consejo Episcopal Latinoamericano<\/a> (CELAM), encabezada por su presidente, monse\u00f1or Miguel Cabrejos, Mons. Jorge Lozano, secretario general, expres\u00f3 su cercan\u00eda con el clero de Venezuela por la muerte del presb\u00edtero Antonio Vel\u00e1zquez, quien fuese subsecretario para Asuntos institucionales de la <a href=\"https:\/\/conferenciaepiscopalvenezolana.com\/\" target=\"_blank\" rel=\"noopener\">Conferencia Episcopal Venezolana<\/a> (CEV).<\/p>\n<p>En una carta dirigida a Mons. Jos\u00e9 Luis Azuaje, presidente del Episcopado venezolano, los directores del CELAM se\u00f1alan en referencia la padre Vel\u00e1zquez que \u201cen el CELAM su nombre es muy apreciado y reconocido\u201d por el importante servicio que prest\u00f3 como secretario ejecutivo del Departamento de Familia, Vida y Juventud durante el per\u00edodo de 2012 a 2019.<\/p>\n<p>Asimismo, destacan \u201csu testimonio, cercan\u00eda y calidad humana que recuerda el personal del CELAM y los equipos de Pastoral Familiar y asesores de Vida que compartieron su alegr\u00eda y entusiasmo en diversos \u00e1mbitos de su vida\u201d.<\/p>\n<p>\u201cLos miembros de la presidencia del Consejo Episcopal Latinoamericano nos unimos al dolor que aflige a su Excelencia, a los obispos de <a href=\"https:\/\/exaudi.wpengine.com\/es\/venezuela-la-amazonia-te-espera-testimonio-de-3-misioneros\/\" target=\"_blank\" rel=\"noopener\">Venezuela<\/a>, a los Sacerdotes y fieles de la Iglesia particular de Trujillo y en especial a su familia, a quienes le pedimos haga extensiva nuestras sentidas condolencias\u201d, a\u00f1adieron.<\/p>\n<p>Finalmente afirman \u201cconfiamos en que el testimonio de su dedicaci\u00f3n, en cuerpo y alma, a la causa del Evangelio y su profundo amor a la Iglesia a la que sirvi\u00f3 con ejemplar entrega sean mirados con benevolencia por Dios y est\u00e9 gozando de la bienaventuranza del cielo\u201d.<\/p>\n<h4><strong>Padre Vel\u00e1zquez<\/strong><\/h4>\n<p>Seg\u00fan ilustr\u00f3 la CEV en una nota, el presb\u00edtero Antonio Vel\u00e1zquez naci\u00f3 el 27 de mayo de 1975 en la di\u00f3cesis de Trujillo. Fue ordenado sacerdote el 22 de julio del a\u00f1o 2000 y prest\u00f3 servicio en diferentes parroquias de su di\u00f3cesis. Fue director ejecutivo del Departamento de Familia e Infancia de la CEV durante el per\u00edodo 2006-2012 y secretario ejecutivo del Departamento de Familia, Vida y Juventud del Consejo Episcopal Latinoamericano (CELAM) durante de 2012 a 2019, \u00e1reas a las que dedic\u00f3 su vocaci\u00f3n sacerdotal con especial entrega.<\/p>\n<p>Licenciado en Teolog\u00eda de Matrimonio y Familia, acompa\u00f1\u00f3 y asesor\u00f3 los procesos de la Pastoral Juvenil Latinoamericana durante su labor en el CELAM, anim\u00f3 la publicaci\u00f3n del documento Civilizaci\u00f3n, Amor, Proyecto y Misi\u00f3n.\u00a0Actualmente serv\u00eda como subsecretario para asuntos institucionales de la Conferencia Episcopal Venezolana desde el a\u00f1o 2019, y como asesor nacional del Programa J\u00f3venes Disc\u00edpulos de la Pastoral Juvenil de Venezuela perteneciente al Departamento de Adolescencia y Juventud de la CEV desde el a\u00f1o 2020.<\/p>\n","protected":false},"excerpt":{"rendered":"<p>Carta a Mons. Azuaje, presidente del Episcopado venezolano<\/p>\n","protected":false},"author":6,"featured_media":31928,"comment_status":"closed","ping_status":"closed","sticky":false,"template":"","format":"standard","meta":{"_acf_changed":false,"_crdt_document":"","inline_featured_image":false,"footnotes":""},"categories":[86,298],"tags":[1494,3978,966],"class_list":["post-31927","post","type-post","status-publish","format-standard","has-post-thumbnail","hentry","category-iglesia-local","category-ultimas-noticias","tag-consejo-episcopal-latinoamericano-celam","tag-padre-antonio-velazquez","tag-venezuela"],"acf":[],"yoast_head":"<!-- This site is optimized with the Yoast SEO plugin v27.5 - https:\/\/yoast.com\/product\/yoast-seo-wordpress\/ -->\n<title>Venezuela: CELAM se solidariza con muerte del P. Vel\u00e1zquez - Exaudi<\/title>\n<meta name=\"description\" content=\"En una carta dirigida al presidente del Episcopado de Venezuela, el CELAM se solidariza con la muerte del padre Antonio Vel\u00e1zquez.\" \/>\n<meta name=\"robots\" content=\"index, follow, max-snippet:-1, max-image-preview:large, max-video-preview:-1\" \/>\n<link rel=\"canonical\" href=\"https:\/\/exaudi.org\/es\/venezuela-celam-solidariza-muerte-p-velazquez\/\" \/>\n<meta property=\"og:locale\" content=\"es_ES\" \/>\n<meta property=\"og:type\" content=\"article\" \/>\n<meta property=\"og:title\" content=\"Venezuela: CELAM se solidariza con muerte del P. Vel\u00e1zquez - Exaudi\" \/>\n<meta property=\"og:description\" content=\"En una carta dirigida al presidente del Episcopado de Venezuela, el CELAM se solidariza con la muerte del padre Antonio Vel\u00e1zquez.\" \/>\n<meta property=\"og:url\" content=\"https:\/\/exaudi.org\/es\/venezuela-celam-solidariza-muerte-p-velazquez\/\" \/>\n<meta property=\"og:site_name\" content=\"Exaudi\" \/>\n<meta property=\"article:publisher\" content=\"https:\/\/www.facebook.com\/ExaudiNews\" \/>\n<meta property=\"article:published_time\" content=\"2021-09-06T08:30:49+00:00\" \/>\n<meta property=\"article:modified_time\" content=\"2021-09-06T12:08:33+00:00\" \/>\n<meta property=\"og:image\" content=\"https:\/\/exaudi.org\/wp-content\/uploads\/2021\/09\/23c423c4.jpg\" \/>\n\t<meta property=\"og:image:width\" content=\"1080\" \/>\n\t<meta property=\"og:image:height\" content=\"726\" \/>\n\t<meta property=\"og:image:type\" content=\"image\/jpeg\" \/>\n<meta name=\"author\" content=\"Gabriel Sales\" \/>\n<meta name=\"twitter:card\" content=\"summary_large_image\" \/>\n<meta name=\"twitter:creator\" content=\"@habemusman\" \/>\n<meta name=\"twitter:site\" content=\"@Exaudi_News\" \/>\n<meta name=\"twitter:label1\" content=\"Escrito por\" \/>\n\t<meta name=\"twitter:data1\" content=\"Gabriel Sales\" \/>\n\t<meta name=\"twitter:label2\" content=\"Tiempo de lectura\" \/>\n\t<meta name=\"twitter:data2\" content=\"2 minutos\" \/>\n<script type=\"application\/ld+json\" class=\"yoast-schema-graph\">{\"@context\":\"https:\\\/\\\/schema.org\",\"@graph\":[{\"@type\":\"Article\",\"@id\":\"https:\\\/\\\/exaudi.org\\\/es\\\/venezuela-celam-solidariza-muerte-p-velazquez\\\/#article\",\"isPartOf\":{\"@id\":\"https:\\\/\\\/exaudi.org\\\/es\\\/venezuela-celam-solidariza-muerte-p-velazquez\\\/\"},\"author\":{\"name\":\"Gabriel Sales\",\"@id\":\"https:\\\/\\\/exaudi.org\\\/#\\\/schema\\\/person\\\/d134b96438278131ce90c90c03fda6cd\"},\"headline\":\"Venezuela: CELAM se solidariza con muerte del P. Vel\u00e1zquez\",\"datePublished\":\"2021-09-06T08:30:49+00:00\",\"dateModified\":\"2021-09-06T12:08:33+00:00\",\"mainEntityOfPage\":{\"@id\":\"https:\\\/\\\/exaudi.org\\\/es\\\/venezuela-celam-solidariza-muerte-p-velazquez\\\/\"},\"wordCount\":439,\"image\":{\"@id\":\"https:\\\/\\\/exaudi.org\\\/es\\\/venezuela-celam-solidariza-muerte-p-velazquez\\\/#primaryimage\"},\"thumbnailUrl\":\"https:\\\/\\\/exaudi.org\\\/wp-content\\\/uploads\\\/2021\\\/09\\\/23c423c4.jpg\",\"keywords\":[\"Consejo Episcopal Latinoamericano (CELAM)\",\"Padre Antonio Vel\u00e1zquez\",\"Venezuela\"],\"articleSection\":[\"Iglesia Local\",\"\u00daltimas noticias\"],\"inLanguage\":\"es\"},{\"@type\":\"WebPage\",\"@id\":\"https:\\\/\\\/exaudi.org\\\/es\\\/venezuela-celam-solidariza-muerte-p-velazquez\\\/\",\"url\":\"https:\\\/\\\/exaudi.org\\\/es\\\/venezuela-celam-solidariza-muerte-p-velazquez\\\/\",\"name\":\"Venezuela: CELAM se solidariza con muerte del P. Vel\u00e1zquez - Exaudi\",\"isPartOf\":{\"@id\":\"https:\\\/\\\/exaudi.org\\\/#website\"},\"primaryImageOfPage\":{\"@id\":\"https:\\\/\\\/exaudi.org\\\/es\\\/venezuela-celam-solidariza-muerte-p-velazquez\\\/#primaryimage\"},\"image\":{\"@id\":\"https:\\\/\\\/exaudi.org\\\/es\\\/venezuela-celam-solidariza-muerte-p-velazquez\\\/#primaryimage\"},\"thumbnailUrl\":\"https:\\\/\\\/exaudi.org\\\/wp-content\\\/uploads\\\/2021\\\/09\\\/23c423c4.jpg\",\"datePublished\":\"2021-09-06T08:30:49+00:00\",\"dateModified\":\"2021-09-06T12:08:33+00:00\",\"author\":{\"@id\":\"https:\\\/\\\/exaudi.org\\\/#\\\/schema\\\/person\\\/d134b96438278131ce90c90c03fda6cd\"},\"description\":\"En una carta dirigida al presidente del Episcopado de Venezuela, el CELAM se solidariza con la muerte del padre Antonio Vel\u00e1zquez.\",\"breadcrumb\":{\"@id\":\"https:\\\/\\\/exaudi.org\\\/es\\\/venezuela-celam-solidariza-muerte-p-velazquez\\\/#breadcrumb\"},\"inLanguage\":\"es\",\"potentialAction\":[{\"@type\":\"ReadAction\",\"target\":[\"https:\\\/\\\/exaudi.org\\\/es\\\/venezuela-celam-solidariza-muerte-p-velazquez\\\/\"]}]},{\"@type\":\"ImageObject\",\"inLanguage\":\"es\",\"@id\":\"https:\\\/\\\/exaudi.org\\\/es\\\/venezuela-celam-solidariza-muerte-p-velazquez\\\/#primaryimage\",\"url\":\"https:\\\/\\\/exaudi.org\\\/wp-content\\\/uploads\\\/2021\\\/09\\\/23c423c4.jpg\",\"contentUrl\":\"https:\\\/\\\/exaudi.org\\\/wp-content\\\/uploads\\\/2021\\\/09\\\/23c423c4.jpg\",\"width\":1080,\"height\":726,\"caption\":\"Padre Antonio Vel\u00e1zquez \u00a9 CELAM\"},{\"@type\":\"BreadcrumbList\",\"@id\":\"https:\\\/\\\/exaudi.org\\\/es\\\/venezuela-celam-solidariza-muerte-p-velazquez\\\/#breadcrumb\",\"itemListElement\":[{\"@type\":\"ListItem\",\"position\":1,\"name\":\"Portada\",\"item\":\"https:\\\/\\\/exaudi.org\\\/es\\\/\"},{\"@type\":\"ListItem\",\"position\":2,\"name\":\"Venezuela: CELAM se solidariza con muerte del P. Vel\u00e1zquez\"}]},{\"@type\":\"WebSite\",\"@id\":\"https:\\\/\\\/exaudi.org\\\/#website\",\"url\":\"https:\\\/\\\/exaudi.org\\\/\",\"name\":\"Exaudi\",\"description\":\"News\",\"potentialAction\":[{\"@type\":\"SearchAction\",\"target\":{\"@type\":\"EntryPoint\",\"urlTemplate\":\"https:\\\/\\\/exaudi.org\\\/?s={search_term_string}\"},\"query-input\":{\"@type\":\"PropertyValueSpecification\",\"valueRequired\":true,\"valueName\":\"search_term_string\"}}],\"inLanguage\":\"es\"},{\"@type\":\"Person\",\"@id\":\"https:\\\/\\\/exaudi.org\\\/#\\\/schema\\\/person\\\/d134b96438278131ce90c90c03fda6cd\",\"name\":\"Gabriel Sales\",\"image\":{\"@type\":\"ImageObject\",\"inLanguage\":\"es\",\"@id\":\"https:\\\/\\\/secure.gravatar.com\\\/avatar\\\/9b1269566f6a063ed26ffb3532b66a373cdde231ce5d0effb266167437fdaffd?s=96&d=mm&r=g\",\"url\":\"https:\\\/\\\/secure.gravatar.com\\\/avatar\\\/9b1269566f6a063ed26ffb3532b66a373cdde231ce5d0effb266167437fdaffd?s=96&d=mm&r=g\",\"contentUrl\":\"https:\\\/\\\/secure.gravatar.com\\\/avatar\\\/9b1269566f6a063ed26ffb3532b66a373cdde231ce5d0effb266167437fdaffd?s=96&d=mm&r=g\",\"caption\":\"Gabriel Sales\"},\"description\":\"Periodista y especialista en Comunicaci\u00f3n y Branding digital. Cin\u00e9filo y cr\u00edtico de cine y series de televisi\u00f3n.\",\"sameAs\":[\"https:\\\/\\\/www.instagram.com\\\/cine90segundos\\\/\",\"www.linkedin.com\\\/in\\\/habemusman\",\"https:\\\/\\\/x.com\\\/habemusman\",\"https:\\\/\\\/www.youtube.com\\\/channel\\\/UCVfCiOMkJ_C7T7OpyjuaLDg\"],\"url\":\"https:\\\/\\\/exaudi.org\\\/es\\\/author\\\/gsalesexaudi-org\\\/\"}]}<\/script>\n<!-- \/ Yoast SEO plugin. -->","yoast_head_json":{"title":"Venezuela: CELAM se solidariza con muerte del P. Vel\u00e1zquez - Exaudi","description":"En una carta dirigida al presidente del Episcopado de Venezuela, el CELAM se solidariza con la muerte del padre Antonio Vel\u00e1zquez.","robots":{"index":"index","follow":"follow","max-snippet":"max-snippet:-1","max-image-preview":"max-image-preview:large","max-video-preview":"max-video-preview:-1"},"canonical":"https:\/\/exaudi.org\/es\/venezuela-celam-solidariza-muerte-p-velazquez\/","og_locale":"es_ES","og_type":"article","og_title":"Venezuela: CELAM se solidariza con muerte del P. Vel\u00e1zquez - Exaudi","og_description":"En una carta dirigida al presidente del Episcopado de Venezuela, el CELAM se solidariza con la muerte del padre Antonio Vel\u00e1zquez.","og_url":"https:\/\/exaudi.org\/es\/venezuela-celam-solidariza-muerte-p-velazquez\/","og_site_name":"Exaudi","article_publisher":"https:\/\/www.facebook.com\/ExaudiNews","article_published_time":"2021-09-06T08:30:49+00:00","article_modified_time":"2021-09-06T12:08:33+00:00","og_image":[{"width":1080,"height":726,"url":"https:\/\/exaudi.org\/wp-content\/uploads\/2021\/09\/23c423c4.jpg","type":"image\/jpeg"}],"author":"Gabriel Sales","twitter_card":"summary_large_image","twitter_creator":"@habemusman","twitter_site":"@Exaudi_News","twitter_misc":{"Escrito por":"Gabriel Sales","Tiempo de lectura":"2 minutos"},"schema":{"@context":"https:\/\/schema.org","@graph":[{"@type":"Article","@id":"https:\/\/exaudi.org\/es\/venezuela-celam-solidariza-muerte-p-velazquez\/#article","isPartOf":{"@id":"https:\/\/exaudi.org\/es\/venezuela-celam-solidariza-muerte-p-velazquez\/"},"author":{"name":"Gabriel Sales","@id":"https:\/\/exaudi.org\/#\/schema\/person\/d134b96438278131ce90c90c03fda6cd"},"headline":"Venezuela: CELAM se solidariza con muerte del P. Vel\u00e1zquez","datePublished":"2021-09-06T08:30:49+00:00","dateModified":"2021-09-06T12:08:33+00:00","mainEntityOfPage":{"@id":"https:\/\/exaudi.org\/es\/venezuela-celam-solidariza-muerte-p-velazquez\/"},"wordCount":439,"image":{"@id":"https:\/\/exaudi.org\/es\/venezuela-celam-solidariza-muerte-p-velazquez\/#primaryimage"},"thumbnailUrl":"https:\/\/exaudi.org\/wp-content\/uploads\/2021\/09\/23c423c4.jpg","keywords":["Consejo Episcopal Latinoamericano (CELAM)","Padre Antonio Vel\u00e1zquez","Venezuela"],"articleSection":["Iglesia Local","\u00daltimas noticias"],"inLanguage":"es"},{"@type":"WebPage","@id":"https:\/\/exaudi.org\/es\/venezuela-celam-solidariza-muerte-p-velazquez\/","url":"https:\/\/exaudi.org\/es\/venezuela-celam-solidariza-muerte-p-velazquez\/","name":"Venezuela: CELAM se solidariza con muerte del P. Vel\u00e1zquez - Exaudi","isPartOf":{"@id":"https:\/\/exaudi.org\/#website"},"primaryImageOfPage":{"@id":"https:\/\/exaudi.org\/es\/venezuela-celam-solidariza-muerte-p-velazquez\/#primaryimage"},"image":{"@id":"https:\/\/exaudi.org\/es\/venezuela-celam-solidariza-muerte-p-velazquez\/#primaryimage"},"thumbnailUrl":"https:\/\/exaudi.org\/wp-content\/uploads\/2021\/09\/23c423c4.jpg","datePublished":"2021-09-06T08:30:49+00:00","dateModified":"2021-09-06T12:08:33+00:00","author":{"@id":"https:\/\/exaudi.org\/#\/schema\/person\/d134b96438278131ce90c90c03fda6cd"},"description":"En una carta dirigida al presidente del Episcopado de Venezuela, el CELAM se solidariza con la muerte del padre Antonio Vel\u00e1zquez.","breadcrumb":{"@id":"https:\/\/exaudi.org\/es\/venezuela-celam-solidariza-muerte-p-velazquez\/#breadcrumb"},"inLanguage":"es","potentialAction":[{"@type":"ReadAction","target":["https:\/\/exaudi.org\/es\/venezuela-celam-solidariza-muerte-p-velazquez\/"]}]},{"@type":"ImageObject","inLanguage":"es","@id":"https:\/\/exaudi.org\/es\/venezuela-celam-solidariza-muerte-p-velazquez\/#primaryimage","url":"https:\/\/exaudi.org\/wp-content\/uploads\/2021\/09\/23c423c4.jpg","contentUrl":"https:\/\/exaudi.org\/wp-content\/uploads\/2021\/09\/23c423c4.jpg","width":1080,"height":726,"caption":"Padre Antonio Vel\u00e1zquez \u00a9 CELAM"},{"@type":"BreadcrumbList","@id":"https:\/\/exaudi.org\/es\/venezuela-celam-solidariza-muerte-p-velazquez\/#breadcrumb","itemListElement":[{"@type":"ListItem","position":1,"name":"Portada","item":"https:\/\/exaudi.org\/es\/"},{"@type":"ListItem","position":2,"name":"Venezuela: CELAM se solidariza con muerte del P. Vel\u00e1zquez"}]},{"@type":"WebSite","@id":"https:\/\/exaudi.org\/#website","url":"https:\/\/exaudi.org\/","name":"Exaudi","description":"News","potentialAction":[{"@type":"SearchAction","target":{"@type":"EntryPoint","urlTemplate":"https:\/\/exaudi.org\/?s={search_term_string}"},"query-input":{"@type":"PropertyValueSpecification","valueRequired":true,"valueName":"search_term_string"}}],"inLanguage":"es"},{"@type":"Person","@id":"https:\/\/exaudi.org\/#\/schema\/person\/d134b96438278131ce90c90c03fda6cd","name":"Gabriel Sales","image":{"@type":"ImageObject","inLanguage":"es","@id":"https:\/\/secure.gravatar.com\/avatar\/9b1269566f6a063ed26ffb3532b66a373cdde231ce5d0effb266167437fdaffd?s=96&d=mm&r=g","url":"https:\/\/secure.gravatar.com\/avatar\/9b1269566f6a063ed26ffb3532b66a373cdde231ce5d0effb266167437fdaffd?s=96&d=mm&r=g","contentUrl":"https:\/\/secure.gravatar.com\/avatar\/9b1269566f6a063ed26ffb3532b66a373cdde231ce5d0effb266167437fdaffd?s=96&d=mm&r=g","caption":"Gabriel Sales"},"description":"Periodista y especialista en Comunicaci\u00f3n y Branding digital. Cin\u00e9filo y cr\u00edtico de cine y series de televisi\u00f3n.","sameAs":["https:\/\/www.instagram.com\/cine90segundos\/","www.linkedin.com\/in\/habemusman","https:\/\/x.com\/habemusman","https:\/\/www.youtube.com\/channel\/UCVfCiOMkJ_C7T7OpyjuaLDg"],"url":"https:\/\/exaudi.org\/es\/author\/gsalesexaudi-org\/"}]}},"jetpack_featured_media_url":"https:\/\/exaudi.org\/wp-content\/uploads\/2021\/09\/23c423c4.jpg","jetpack_shortlink":"https:\/\/wp.me\/pgKjF2-8iX","_links":{"self":[{"href":"https:\/\/exaudi.org\/es\/wp-json\/wp\/v2\/posts\/31927","targetHints":{"allow":["GET"]}}],"collection":[{"href":"https:\/\/exaudi.org\/es\/wp-json\/wp\/v2\/posts"}],"about":[{"href":"https:\/\/exaudi.org\/es\/wp-json\/wp\/v2\/types\/post"}],"author":[{"embeddable":true,"href":"https:\/\/exaudi.org\/es\/wp-json\/wp\/v2\/users\/6"}],"replies":[{"embeddable":true,"href":"https:\/\/exaudi.org\/es\/wp-json\/wp\/v2\/comments?post=31927"}],"version-history":[{"count":0,"href":"https:\/\/exaudi.org\/es\/wp-json\/wp\/v2\/posts\/31927\/revisions"}],"wp:featuredmedia":[{"embeddable":true,"href":"https:\/\/exaudi.org\/es\/wp-json\/wp\/v2\/media\/31928"}],"wp:attachment":[{"href":"https:\/\/exaudi.org\/es\/wp-json\/wp\/v2\/media?parent=31927"}],"wp:term":[{"taxonomy":"category","embeddable":true,"href":"https:\/\/exaudi.org\/es\/wp-json\/wp\/v2\/categories?post=31927"},{"taxonomy":"post_tag","embeddable":true,"href":"https:\/\/exaudi.org\/es\/wp-json\/wp\/v2\/tags?post=31927"}],"curies":[{"name":"wp","href":"https:\/\/api.w.org\/{rel}","templated":true}]}}