{"id":31888,"date":"2021-09-05T13:55:41","date_gmt":"2021-09-05T11:55:41","guid":{"rendered":"https:\/\/exaudi.wpengine.com\/?p=31888"},"modified":"2022-03-24T12:11:09","modified_gmt":"2022-03-24T11:11:09","slug":"argentina-fray-mamerto-esquiu-ya-es-beato","status":"publish","type":"post","link":"https:\/\/exaudi.org\/es\/argentina-fray-mamerto-esquiu-ya-es-beato\/","title":{"rendered":"Francisco pide aplauso para el beato Mamerto Esqui\u00fa"},"content":{"rendered":"<p>En sus palabras tras el rezo del \u00c1ngelus de hoy, 5 de septiembre de 2021, el Papa Francisco ha pedido un aplauso por el beato Mamerto Esqui\u00fa: \u201cPor fin, un argentino beato!\u201d, exclam\u00f3.<\/p>\n<p>\u201cAyer, en Catamarca (Argentina), fue beatificado Mamerto Esqui\u00fa, fraile menor y obispo de C\u00f3rdoba. \u00a1Por fin, un argentino beato! Fue un celoso anunciador de la Palabra de Dios, para la edificaci\u00f3n de la comunidad eclesial y civil. Que su ejemplo nos ayude a unir siempre la oraci\u00f3n y el apostolado, y a servir a la paz y a la fraternidad. \u00a1Aplaudamos al nuevo Beato!\u201d, expres\u00f3 el Santo Padre.<\/p>\n<p><a href=\"https:\/\/exaudi.wpengine.com\/es\/argentina-expectacion-beatificacion-fray-esquiu\/\" target=\"_blank\" rel=\"noopener\">Fray Mamerto Esqui\u00fa<\/a>, efectivamente, proclamado beato el 4 de septiembre de 2021, en una Eucarist\u00eda a en San Jos\u00e9 de Piedra Blanca, Catamarca, Argentina, presidida por el cardenal Luis H\u00e9ctor Villalba, arzobispo em\u00e9rito de Tucum\u00e1n y enviado papal para la ocasi\u00f3n y concelebrada con varios obispos argentinos.<\/p>\n<h4><strong>Rito de la beatificaci\u00f3n<\/strong><\/h4>\n<p>Tal y como informa la agencia de noticias cat\u00f3lica Argentina <a href=\"https:\/\/aica.org\/index.php\" target=\"_blank\" rel=\"noopener\">AICA<\/a>, despu\u00e9s de la lectura de la biograf\u00eda de fray Mamerto Esqui\u00fa, comenz\u00f3 el rito de la beatificaci\u00f3n, en la que el cardenal Villalba ley\u00f3 en lat\u00edn la carta apost\u00f3lica en la que el Papa Francisco concede la beatificaci\u00f3n y establece la fecha de la fiesta lit\u00fargica.<\/p>\n<p>\u201cAcogiendo el deseo de nuestros hermanos, Carlos Jos\u00e9 \u00d1\u00e1\u00f1ez, arzobispo de C\u00f3rdoba, y Luis Urbanc, obispo de Catamarca, as\u00ed como de muchos otros hermanos en el episcopado, y de muchos fieles; y despu\u00e9s de haber recibido el parecer de la Congregaci\u00f3n para las Causas de los Santos, con nuestra autoridad apost\u00f3lica, concedemos que el venerable Siervo de Dios Mamerto Esqui\u00fa, de la Orden de Frailes Menores, obispo de C\u00f3rdoba, promotor del bien com\u00fan, actor celante y fiel anunciador del evangelio, de ahora en adelante sea llamado beato\u201d, ley\u00f3 en espa\u00f1ol fray Emilio Luis Andrada, superior de la provincia franciscana.<\/p>\n<p>Asimismo, el locutor exclam\u00f3: \u201cFray Mamerto de la Ascensi\u00f3n Medina ha sido incluido en el Libro de los Beatos\u201d y a las 10:39 se despleg\u00f3 la imagen oficial de Fray Mamerto Esqui\u00fa, beato. En la carta apost\u00f3lica tambi\u00e9n se indic\u00f3 que la fiesta lit\u00fargica establecida en honor del Beato Fray Mamerto Esqui\u00fa sea el 11 de mayo.<\/p>\n<p>De acuerdo a la citada fuente, despu\u00e9s, un grupo de personas llev\u00f3 hasta el altar reliquias de Esqui\u00fa, una v\u00e9rtebra y una falange, preservadas en el templo de San Pedro de Alc\u00e1ntara. Antes de la procesi\u00f3n de entrada del celebrante y los dem\u00e1s obispos, hizo la entrada triunfal la imagen de Nuestra Se\u00f1ora del Valle.<\/p>\n<h4><strong>Un d\u00eda de alegr\u00eda <\/strong><\/h4>\n<p>En la\u00a0<a href=\"https:\/\/aica.org\/noticia-card-villalba-esquiu-fue-un-pastor-que-se-entrego-a-los-pobres-al-estilo-de-san-francisco\" target=\"_blank\" rel=\"noopener\">homil\u00eda<\/a>, el cardenal Villalba exclam\u00f3: \u201c\u00a1Alegr\u00e9monos en el Se\u00f1or! Hoy es un d\u00eda de fiesta, hoy es un d\u00eda de gozo. Grande es la alegr\u00eda en el Cielo y en la Tierra por la beatificaci\u00f3n de Mamerto Esqui\u00fa\u201d.<\/p>\n<p>\u201cAlegr\u00eda para la orden de los franciscanos, a la que pertenec\u00eda Esqui\u00fa, alegr\u00eda para la Iglesia de Catamarca, en donde naci\u00f3, vivi\u00f3 y muri\u00f3, alegr\u00eda para la Iglesia de C\u00f3rdoba, de la que fue obispo durante dos a\u00f1os, alegr\u00eda para la Iglesia de Argentina, alegr\u00eda para la Iglesia cat\u00f3lica entera que celebra en Esqui\u00fa una nueva esperanza\u201d, continu\u00f3.<\/p>\n<p>\u201cEl gozo proviene del hecho de que un miembro de la Iglesia, un hombre de nuestra patria, un hermano nuestro, es reconocido beato, honrado e invocado como tal\u201d, agreg\u00f3.<\/p>\n<h4><strong>Invitaci\u00f3n a caminar en la santidad<\/strong><\/h4>\n<p>El purpurado se refiri\u00f3 tambi\u00e9n al sentido de la beatificaci\u00f3n: \u201cSignifica que la Iglesia reconoce en \u00e9l una figura excepcional, un hombre en el que se dieron cita la gracia de Dios y el alma de Esqui\u00fa para alumbrar una vida estupenda hasta alcanzar esa grandeza moral y espiritual que llamamos santidad\u201d.<\/p>\n<p>\u201cBeato quiere decir salvado y glorioso. Quiere decir ciudadano del Cielo. Mamerto Esqui\u00fa como religioso, como sacerdote, como obispo es un modelo a imitar y como San Pablo puede decirnos a todos: \u2018Sigan mi ejemplo, as\u00ed como sigo yo, sigo el ejemplo de Cristo\u2019. Y, a la vez, Mamerto Esqui\u00fa es un intercesor en favor nuestro. La Iglesia nos dice, al beatificarlo, que lo podemos invocar y a \u00e9l podemos orar, pues ya participa de la felicidad eterna\u201d, aclar\u00f3.<\/p>\n<p>Finalmente, el cardenal Villalba subray\u00f3 que \u201cla beatificaci\u00f3n de Mamerto Esqui\u00fa es una invitaci\u00f3n a todos nosotros para que caminemos en la huella abierta por Jesucristo, una invitaci\u00f3n para caminar hacia la santidad\u201d<\/p>\n","protected":false},"excerpt":{"rendered":"<p>Eucarist\u00eda de beatificaci\u00f3n presidida por el cardenal Villalba<\/p>\n","protected":false},"author":5,"featured_media":31889,"comment_status":"closed","ping_status":"closed","sticky":false,"template":"","format":"standard","meta":{"_acf_changed":false,"_crdt_document":"","inline_featured_image":false,"footnotes":""},"categories":[70,86,98,298],"tags":[1550,2034,3972,158],"class_list":["post-31888","post","type-post","status-publish","format-standard","has-post-thumbnail","hentry","category-angelus-es","category-iglesia-local","category-testimonios","category-ultimas-noticias","tag-argentina","tag-beatificacion","tag-fray-mamerto-esquiu","tag-papa-francisco"],"acf":[],"yoast_head":"<!-- This site is optimized with the Yoast SEO plugin v27.5 - https:\/\/yoast.com\/product\/yoast-seo-wordpress\/ -->\n<title>Francisco pide aplauso para el beato Mamerto Esqui\u00fa &#8211; Exaudi<\/title>\n<meta name=\"description\" content=\"Fray Mamerto Esqui\u00fa, proclamado beato en una Eucarist\u00eda en San Jos\u00e9 de Piedra Blanca, Catamarca, Argentina, presidida por el cardenal\u00a0Villalba\" \/>\n<meta name=\"robots\" content=\"index, follow, max-snippet:-1, max-image-preview:large, max-video-preview:-1\" \/>\n<link rel=\"canonical\" href=\"https:\/\/exaudi.org\/es\/argentina-fray-mamerto-esquiu-ya-es-beato\/\" \/>\n<meta property=\"og:locale\" content=\"es_ES\" \/>\n<meta property=\"og:type\" content=\"article\" \/>\n<meta property=\"og:title\" content=\"Francisco pide aplauso para el beato Mamerto Esqui\u00fa &#8211; Exaudi\" \/>\n<meta property=\"og:description\" content=\"Fray Mamerto Esqui\u00fa, proclamado beato en una Eucarist\u00eda en San Jos\u00e9 de Piedra Blanca, Catamarca, Argentina, presidida por el cardenal\u00a0Villalba\" \/>\n<meta property=\"og:url\" content=\"https:\/\/exaudi.org\/es\/argentina-fray-mamerto-esquiu-ya-es-beato\/\" \/>\n<meta property=\"og:site_name\" content=\"Exaudi\" \/>\n<meta property=\"article:publisher\" content=\"https:\/\/www.facebook.com\/ExaudiNews\" \/>\n<meta property=\"article:published_time\" content=\"2021-09-05T11:55:41+00:00\" \/>\n<meta property=\"article:modified_time\" content=\"2022-03-24T11:11:09+00:00\" \/>\n<meta property=\"og:image\" content=\"https:\/\/exaudi.org\/wp-content\/uploads\/2021\/09\/Beatificacion-de-fray-Mamerto-Esquiu-en-Argentina-AICA.jpeg\" \/>\n\t<meta property=\"og:image:width\" content=\"1000\" \/>\n\t<meta property=\"og:image:height\" content=\"563\" \/>\n\t<meta property=\"og:image:type\" content=\"image\/jpeg\" \/>\n<meta name=\"author\" content=\"Larissa I. L\u00f3pez\" \/>\n<meta name=\"twitter:card\" content=\"summary_large_image\" \/>\n<meta name=\"twitter:creator\" content=\"@Exaudi_News\" \/>\n<meta name=\"twitter:site\" content=\"@Exaudi_News\" \/>\n<meta name=\"twitter:label1\" content=\"Escrito por\" \/>\n\t<meta name=\"twitter:data1\" content=\"Larissa I. L\u00f3pez\" \/>\n\t<meta name=\"twitter:label2\" content=\"Tiempo de lectura\" \/>\n\t<meta name=\"twitter:data2\" content=\"4 minutos\" \/>\n<script type=\"application\/ld+json\" class=\"yoast-schema-graph\">{\"@context\":\"https:\\\/\\\/schema.org\",\"@graph\":[{\"@type\":\"Article\",\"@id\":\"https:\\\/\\\/exaudi.org\\\/es\\\/argentina-fray-mamerto-esquiu-ya-es-beato\\\/#article\",\"isPartOf\":{\"@id\":\"https:\\\/\\\/exaudi.org\\\/es\\\/argentina-fray-mamerto-esquiu-ya-es-beato\\\/\"},\"author\":{\"name\":\"Larissa I. L\u00f3pez\",\"@id\":\"https:\\\/\\\/exaudi.org\\\/#\\\/schema\\\/person\\\/7d2f77db033c2c0929edfab6dbe8c588\"},\"headline\":\"Francisco pide aplauso para el beato Mamerto Esqui\u00fa\",\"datePublished\":\"2021-09-05T11:55:41+00:00\",\"dateModified\":\"2022-03-24T11:11:09+00:00\",\"mainEntityOfPage\":{\"@id\":\"https:\\\/\\\/exaudi.org\\\/es\\\/argentina-fray-mamerto-esquiu-ya-es-beato\\\/\"},\"wordCount\":781,\"image\":{\"@id\":\"https:\\\/\\\/exaudi.org\\\/es\\\/argentina-fray-mamerto-esquiu-ya-es-beato\\\/#primaryimage\"},\"thumbnailUrl\":\"https:\\\/\\\/exaudi.org\\\/wp-content\\\/uploads\\\/2021\\\/09\\\/Beatificacion-de-fray-Mamerto-Esquiu-en-Argentina-AICA.jpeg\",\"keywords\":[\"Argentina\",\"Beatificaci\u00f3n\",\"Fray Mamerto Esqui\u00fa\",\"papa francisco\"],\"articleSection\":[\"\u00c1ngelus\",\"Iglesia Local\",\"Testimonios\",\"\u00daltimas noticias\"],\"inLanguage\":\"es\"},{\"@type\":\"WebPage\",\"@id\":\"https:\\\/\\\/exaudi.org\\\/es\\\/argentina-fray-mamerto-esquiu-ya-es-beato\\\/\",\"url\":\"https:\\\/\\\/exaudi.org\\\/es\\\/argentina-fray-mamerto-esquiu-ya-es-beato\\\/\",\"name\":\"Francisco pide aplauso para el beato Mamerto Esqui\u00fa &#8211; Exaudi\",\"isPartOf\":{\"@id\":\"https:\\\/\\\/exaudi.org\\\/#website\"},\"primaryImageOfPage\":{\"@id\":\"https:\\\/\\\/exaudi.org\\\/es\\\/argentina-fray-mamerto-esquiu-ya-es-beato\\\/#primaryimage\"},\"image\":{\"@id\":\"https:\\\/\\\/exaudi.org\\\/es\\\/argentina-fray-mamerto-esquiu-ya-es-beato\\\/#primaryimage\"},\"thumbnailUrl\":\"https:\\\/\\\/exaudi.org\\\/wp-content\\\/uploads\\\/2021\\\/09\\\/Beatificacion-de-fray-Mamerto-Esquiu-en-Argentina-AICA.jpeg\",\"datePublished\":\"2021-09-05T11:55:41+00:00\",\"dateModified\":\"2022-03-24T11:11:09+00:00\",\"author\":{\"@id\":\"https:\\\/\\\/exaudi.org\\\/#\\\/schema\\\/person\\\/7d2f77db033c2c0929edfab6dbe8c588\"},\"description\":\"Fray Mamerto Esqui\u00fa, proclamado beato en una Eucarist\u00eda en San Jos\u00e9 de Piedra Blanca, Catamarca, Argentina, presidida por el cardenal\u00a0Villalba\",\"breadcrumb\":{\"@id\":\"https:\\\/\\\/exaudi.org\\\/es\\\/argentina-fray-mamerto-esquiu-ya-es-beato\\\/#breadcrumb\"},\"inLanguage\":\"es\",\"potentialAction\":[{\"@type\":\"ReadAction\",\"target\":[\"https:\\\/\\\/exaudi.org\\\/es\\\/argentina-fray-mamerto-esquiu-ya-es-beato\\\/\"]}]},{\"@type\":\"ImageObject\",\"inLanguage\":\"es\",\"@id\":\"https:\\\/\\\/exaudi.org\\\/es\\\/argentina-fray-mamerto-esquiu-ya-es-beato\\\/#primaryimage\",\"url\":\"https:\\\/\\\/exaudi.org\\\/wp-content\\\/uploads\\\/2021\\\/09\\\/Beatificacion-de-fray-Mamerto-Esquiu-en-Argentina-AICA.jpeg\",\"contentUrl\":\"https:\\\/\\\/exaudi.org\\\/wp-content\\\/uploads\\\/2021\\\/09\\\/Beatificacion-de-fray-Mamerto-Esquiu-en-Argentina-AICA.jpeg\",\"width\":1000,\"height\":563,\"caption\":\"Beatificaci\u00f3n de fray Mamerto Esqui\u00fa en Argentina \u00a9 AICA\"},{\"@type\":\"BreadcrumbList\",\"@id\":\"https:\\\/\\\/exaudi.org\\\/es\\\/argentina-fray-mamerto-esquiu-ya-es-beato\\\/#breadcrumb\",\"itemListElement\":[{\"@type\":\"ListItem\",\"position\":1,\"name\":\"Portada\",\"item\":\"https:\\\/\\\/exaudi.org\\\/es\\\/\"},{\"@type\":\"ListItem\",\"position\":2,\"name\":\"Francisco pide aplauso para el beato Mamerto Esqui\u00fa\"}]},{\"@type\":\"WebSite\",\"@id\":\"https:\\\/\\\/exaudi.org\\\/#website\",\"url\":\"https:\\\/\\\/exaudi.org\\\/\",\"name\":\"Exaudi\",\"description\":\"News\",\"potentialAction\":[{\"@type\":\"SearchAction\",\"target\":{\"@type\":\"EntryPoint\",\"urlTemplate\":\"https:\\\/\\\/exaudi.org\\\/?s={search_term_string}\"},\"query-input\":{\"@type\":\"PropertyValueSpecification\",\"valueRequired\":true,\"valueName\":\"search_term_string\"}}],\"inLanguage\":\"es\"},{\"@type\":\"Person\",\"@id\":\"https:\\\/\\\/exaudi.org\\\/#\\\/schema\\\/person\\\/7d2f77db033c2c0929edfab6dbe8c588\",\"name\":\"Larissa I. L\u00f3pez\",\"image\":{\"@type\":\"ImageObject\",\"inLanguage\":\"es\",\"@id\":\"https:\\\/\\\/secure.gravatar.com\\\/avatar\\\/db3ef399ff343d0bb9d25dc5198bc8ece5ac6d621eca79876697a354dabc1e3f?s=96&d=mm&r=g\",\"url\":\"https:\\\/\\\/secure.gravatar.com\\\/avatar\\\/db3ef399ff343d0bb9d25dc5198bc8ece5ac6d621eca79876697a354dabc1e3f?s=96&d=mm&r=g\",\"contentUrl\":\"https:\\\/\\\/secure.gravatar.com\\\/avatar\\\/db3ef399ff343d0bb9d25dc5198bc8ece5ac6d621eca79876697a354dabc1e3f?s=96&d=mm&r=g\",\"caption\":\"Larissa I. L\u00f3pez\"},\"description\":\"Doctora en Comunicaci\u00f3n. Mi trayectoria profesional ha transcurrido entre el \u00e1mbito de la comunicaci\u00f3n y el de la docencia. En los \u00faltimos a\u00f1os, he trabajado como coordinadora y redactora de la edici\u00f3n de ZENIT en espa\u00f1ol. Como profesora, he impartido clases en la universidad y en centros de FP y bachillerato. Cordobesa de nacimiento, tambi\u00e9n he vivido en Sevilla, Madrid y Roma\",\"url\":\"https:\\\/\\\/exaudi.org\\\/es\\\/author\\\/llopezexaudi-org\\\/\"}]}<\/script>\n<!-- \/ Yoast SEO plugin. -->","yoast_head_json":{"title":"Francisco pide aplauso para el beato Mamerto Esqui\u00fa &#8211; Exaudi","description":"Fray Mamerto Esqui\u00fa, proclamado beato en una Eucarist\u00eda en San Jos\u00e9 de Piedra Blanca, Catamarca, Argentina, presidida por el cardenal\u00a0Villalba","robots":{"index":"index","follow":"follow","max-snippet":"max-snippet:-1","max-image-preview":"max-image-preview:large","max-video-preview":"max-video-preview:-1"},"canonical":"https:\/\/exaudi.org\/es\/argentina-fray-mamerto-esquiu-ya-es-beato\/","og_locale":"es_ES","og_type":"article","og_title":"Francisco pide aplauso para el beato Mamerto Esqui\u00fa &#8211; Exaudi","og_description":"Fray Mamerto Esqui\u00fa, proclamado beato en una Eucarist\u00eda en San Jos\u00e9 de Piedra Blanca, Catamarca, Argentina, presidida por el cardenal\u00a0Villalba","og_url":"https:\/\/exaudi.org\/es\/argentina-fray-mamerto-esquiu-ya-es-beato\/","og_site_name":"Exaudi","article_publisher":"https:\/\/www.facebook.com\/ExaudiNews","article_published_time":"2021-09-05T11:55:41+00:00","article_modified_time":"2022-03-24T11:11:09+00:00","og_image":[{"width":1000,"height":563,"url":"https:\/\/exaudi.org\/wp-content\/uploads\/2021\/09\/Beatificacion-de-fray-Mamerto-Esquiu-en-Argentina-AICA.jpeg","type":"image\/jpeg"}],"author":"Larissa I. L\u00f3pez","twitter_card":"summary_large_image","twitter_creator":"@Exaudi_News","twitter_site":"@Exaudi_News","twitter_misc":{"Escrito por":"Larissa I. L\u00f3pez","Tiempo de lectura":"4 minutos"},"schema":{"@context":"https:\/\/schema.org","@graph":[{"@type":"Article","@id":"https:\/\/exaudi.org\/es\/argentina-fray-mamerto-esquiu-ya-es-beato\/#article","isPartOf":{"@id":"https:\/\/exaudi.org\/es\/argentina-fray-mamerto-esquiu-ya-es-beato\/"},"author":{"name":"Larissa I. L\u00f3pez","@id":"https:\/\/exaudi.org\/#\/schema\/person\/7d2f77db033c2c0929edfab6dbe8c588"},"headline":"Francisco pide aplauso para el beato Mamerto Esqui\u00fa","datePublished":"2021-09-05T11:55:41+00:00","dateModified":"2022-03-24T11:11:09+00:00","mainEntityOfPage":{"@id":"https:\/\/exaudi.org\/es\/argentina-fray-mamerto-esquiu-ya-es-beato\/"},"wordCount":781,"image":{"@id":"https:\/\/exaudi.org\/es\/argentina-fray-mamerto-esquiu-ya-es-beato\/#primaryimage"},"thumbnailUrl":"https:\/\/exaudi.org\/wp-content\/uploads\/2021\/09\/Beatificacion-de-fray-Mamerto-Esquiu-en-Argentina-AICA.jpeg","keywords":["Argentina","Beatificaci\u00f3n","Fray Mamerto Esqui\u00fa","papa francisco"],"articleSection":["\u00c1ngelus","Iglesia Local","Testimonios","\u00daltimas noticias"],"inLanguage":"es"},{"@type":"WebPage","@id":"https:\/\/exaudi.org\/es\/argentina-fray-mamerto-esquiu-ya-es-beato\/","url":"https:\/\/exaudi.org\/es\/argentina-fray-mamerto-esquiu-ya-es-beato\/","name":"Francisco pide aplauso para el beato Mamerto Esqui\u00fa &#8211; Exaudi","isPartOf":{"@id":"https:\/\/exaudi.org\/#website"},"primaryImageOfPage":{"@id":"https:\/\/exaudi.org\/es\/argentina-fray-mamerto-esquiu-ya-es-beato\/#primaryimage"},"image":{"@id":"https:\/\/exaudi.org\/es\/argentina-fray-mamerto-esquiu-ya-es-beato\/#primaryimage"},"thumbnailUrl":"https:\/\/exaudi.org\/wp-content\/uploads\/2021\/09\/Beatificacion-de-fray-Mamerto-Esquiu-en-Argentina-AICA.jpeg","datePublished":"2021-09-05T11:55:41+00:00","dateModified":"2022-03-24T11:11:09+00:00","author":{"@id":"https:\/\/exaudi.org\/#\/schema\/person\/7d2f77db033c2c0929edfab6dbe8c588"},"description":"Fray Mamerto Esqui\u00fa, proclamado beato en una Eucarist\u00eda en San Jos\u00e9 de Piedra Blanca, Catamarca, Argentina, presidida por el cardenal\u00a0Villalba","breadcrumb":{"@id":"https:\/\/exaudi.org\/es\/argentina-fray-mamerto-esquiu-ya-es-beato\/#breadcrumb"},"inLanguage":"es","potentialAction":[{"@type":"ReadAction","target":["https:\/\/exaudi.org\/es\/argentina-fray-mamerto-esquiu-ya-es-beato\/"]}]},{"@type":"ImageObject","inLanguage":"es","@id":"https:\/\/exaudi.org\/es\/argentina-fray-mamerto-esquiu-ya-es-beato\/#primaryimage","url":"https:\/\/exaudi.org\/wp-content\/uploads\/2021\/09\/Beatificacion-de-fray-Mamerto-Esquiu-en-Argentina-AICA.jpeg","contentUrl":"https:\/\/exaudi.org\/wp-content\/uploads\/2021\/09\/Beatificacion-de-fray-Mamerto-Esquiu-en-Argentina-AICA.jpeg","width":1000,"height":563,"caption":"Beatificaci\u00f3n de fray Mamerto Esqui\u00fa en Argentina \u00a9 AICA"},{"@type":"BreadcrumbList","@id":"https:\/\/exaudi.org\/es\/argentina-fray-mamerto-esquiu-ya-es-beato\/#breadcrumb","itemListElement":[{"@type":"ListItem","position":1,"name":"Portada","item":"https:\/\/exaudi.org\/es\/"},{"@type":"ListItem","position":2,"name":"Francisco pide aplauso para el beato Mamerto Esqui\u00fa"}]},{"@type":"WebSite","@id":"https:\/\/exaudi.org\/#website","url":"https:\/\/exaudi.org\/","name":"Exaudi","description":"News","potentialAction":[{"@type":"SearchAction","target":{"@type":"EntryPoint","urlTemplate":"https:\/\/exaudi.org\/?s={search_term_string}"},"query-input":{"@type":"PropertyValueSpecification","valueRequired":true,"valueName":"search_term_string"}}],"inLanguage":"es"},{"@type":"Person","@id":"https:\/\/exaudi.org\/#\/schema\/person\/7d2f77db033c2c0929edfab6dbe8c588","name":"Larissa I. L\u00f3pez","image":{"@type":"ImageObject","inLanguage":"es","@id":"https:\/\/secure.gravatar.com\/avatar\/db3ef399ff343d0bb9d25dc5198bc8ece5ac6d621eca79876697a354dabc1e3f?s=96&d=mm&r=g","url":"https:\/\/secure.gravatar.com\/avatar\/db3ef399ff343d0bb9d25dc5198bc8ece5ac6d621eca79876697a354dabc1e3f?s=96&d=mm&r=g","contentUrl":"https:\/\/secure.gravatar.com\/avatar\/db3ef399ff343d0bb9d25dc5198bc8ece5ac6d621eca79876697a354dabc1e3f?s=96&d=mm&r=g","caption":"Larissa I. L\u00f3pez"},"description":"Doctora en Comunicaci\u00f3n. Mi trayectoria profesional ha transcurrido entre el \u00e1mbito de la comunicaci\u00f3n y el de la docencia. En los \u00faltimos a\u00f1os, he trabajado como coordinadora y redactora de la edici\u00f3n de ZENIT en espa\u00f1ol. Como profesora, he impartido clases en la universidad y en centros de FP y bachillerato. Cordobesa de nacimiento, tambi\u00e9n he vivido en Sevilla, Madrid y Roma","url":"https:\/\/exaudi.org\/es\/author\/llopezexaudi-org\/"}]}},"jetpack_featured_media_url":"https:\/\/exaudi.org\/wp-content\/uploads\/2021\/09\/Beatificacion-de-fray-Mamerto-Esquiu-en-Argentina-AICA.jpeg","jetpack_shortlink":"https:\/\/wp.me\/pgKjF2-8ik","_links":{"self":[{"href":"https:\/\/exaudi.org\/es\/wp-json\/wp\/v2\/posts\/31888","targetHints":{"allow":["GET"]}}],"collection":[{"href":"https:\/\/exaudi.org\/es\/wp-json\/wp\/v2\/posts"}],"about":[{"href":"https:\/\/exaudi.org\/es\/wp-json\/wp\/v2\/types\/post"}],"author":[{"embeddable":true,"href":"https:\/\/exaudi.org\/es\/wp-json\/wp\/v2\/users\/5"}],"replies":[{"embeddable":true,"href":"https:\/\/exaudi.org\/es\/wp-json\/wp\/v2\/comments?post=31888"}],"version-history":[{"count":0,"href":"https:\/\/exaudi.org\/es\/wp-json\/wp\/v2\/posts\/31888\/revisions"}],"wp:featuredmedia":[{"embeddable":true,"href":"https:\/\/exaudi.org\/es\/wp-json\/wp\/v2\/media\/31889"}],"wp:attachment":[{"href":"https:\/\/exaudi.org\/es\/wp-json\/wp\/v2\/media?parent=31888"}],"wp:term":[{"taxonomy":"category","embeddable":true,"href":"https:\/\/exaudi.org\/es\/wp-json\/wp\/v2\/categories?post=31888"},{"taxonomy":"post_tag","embeddable":true,"href":"https:\/\/exaudi.org\/es\/wp-json\/wp\/v2\/tags?post=31888"}],"curies":[{"name":"wp","href":"https:\/\/api.w.org\/{rel}","templated":true}]}}