{"id":31870,"date":"2021-09-05T12:24:54","date_gmt":"2021-09-05T10:24:54","guid":{"rendered":"https:\/\/exaudi.wpengine.com\/?p=31870"},"modified":"2021-09-06T10:31:42","modified_gmt":"2021-09-06T08:31:42","slug":"el-cardenal-parolin-pide-una-politica-que-pone-al-centro-la-persona","status":"publish","type":"post","link":"https:\/\/exaudi.org\/es\/el-cardenal-parolin-pide-una-politica-que-pone-al-centro-la-persona\/","title":{"rendered":"Parolin: Una pol\u00edtica que \u201cpone al centro la persona\u201d"},"content":{"rendered":"<p>El cardenal Secretario de Estado Pietro Parolin inaugur\u00f3 el <a href=\"https:\/\/exaudi.wpengine.com\/es\/parolin-participa-ii-encuentro-politicos-catolicos\/\" target=\"_blank\" rel=\"noopener\">II Encuentro Internacional de L\u00edderes Cat\u00f3licos<\/a> y pidi\u00f3 que la acci\u00f3n pol\u00edtica incluya \u201cuna dimensi\u00f3n antropol\u00f3gica fundada, que pone al centro la persona\u201d y que la autoridad no se ejerza con \u201cuna visi\u00f3n personal, partidista o nacional\u201d, sino con \u201cun sistema organizado de personas e ideas compartidas y posibles\u201d en busca del bien com\u00fan.<\/p>\n<p><img loading=\"lazy\" decoding=\"async\" class=\"size-medium wp-image-31876 alignleft\" src=\"https:\/\/exaudi.wpengine.com\/wp-content\/uploads\/2021\/09\/mesa_parolin_4-300x116.jpg\" alt=\"\" width=\"300\" height=\"116\" srcset=\"https:\/\/exaudi.org\/wp-content\/uploads\/2021\/09\/mesa_parolin_4-300x116.jpg 300w, https:\/\/exaudi.org\/wp-content\/uploads\/2021\/09\/mesa_parolin_4-1024x395.jpg 1024w, https:\/\/exaudi.org\/wp-content\/uploads\/2021\/09\/mesa_parolin_4-768x296.jpg 768w, https:\/\/exaudi.org\/wp-content\/uploads\/2021\/09\/mesa_parolin_4-150x58.jpg 150w, https:\/\/exaudi.org\/wp-content\/uploads\/2021\/09\/mesa_parolin_4-696x269.jpg 696w, https:\/\/exaudi.org\/wp-content\/uploads\/2021\/09\/mesa_parolin_4-1068x412.jpg 1068w, https:\/\/exaudi.org\/wp-content\/uploads\/2021\/09\/mesa_parolin_4-1089x420.jpg 1089w, https:\/\/exaudi.org\/wp-content\/uploads\/2021\/09\/mesa_parolin_4.jpg 1200w\" sizes=\"auto, (max-width: 300px) 100vw, 300px\" \/>Este encuentro de cat\u00f3licos con responsabilidades pol\u00edticas, se celebra este fin de semana, del 4 al 5 de septiembre de 2021, en la Universidad CEU San Pablo de Madrid, Espa\u00f1a.<\/p>\n<p>De acuerdo a una nota difundida por la <a href=\"https:\/\/www.archimadrid.org\/index.php\" target=\"_blank\" rel=\"noopener\">arquidi\u00f3cesis de Madrid<\/a>, el cardenal comenz\u00f3 su intervenci\u00f3n planteando: \u201c\u00bfEs suficiente, en un mundo dominado por la crisis, que la pandemia solo ha acentuado, una presencia orientada al mero servicio [\u2026]? \u00bfO m\u00e1s bien debemos trabajar para que una humanidad, en este momento encerrada por la emergencia del contagio, pueda comprender los signos de los tiempos y no se conforme con captar la realidad, quiz\u00e1 contemplarla, pero despu\u00e9s sucumbir bajo su peso?\u201d.<\/p>\n<p>El secretario de Estado del Vaticano agradeci\u00f3 la organizaci\u00f3n de estas jornadas a la archidi\u00f3cesis de Madrid y su arzobispo, el cardenal Carlos Osoro, y a la <a href=\"https:\/\/liderescatolicos.net\/\" target=\"_blank\" rel=\"noopener\">Academia Latinoamericana de L\u00edderes Cat\u00f3licos<\/a>, con el apoyo de la <a href=\"https:\/\/www.kas.de\/es\/home\" target=\"_blank\" rel=\"noopener\">Fundaci\u00f3n Konrad Adenauer<\/a>. En este sentido, apunt\u00f3 que se trata de un evento para \u201creflexionar sobre el modo en que podemos trabajar para contribuir a la edificaci\u00f3n del bien com\u00fan\u201d en un momento como este de la pandemia, que \u201cafecta al mundo entero\u201d, y en el que tenemos \u201cla exigencia de salir de una crisis profunda y dif\u00edcil de interpretar, que pide en primer lugar que se refuercen los equilibrios sociales, las econom\u00edas, la estructura de los pa\u00edses y las capacidades de los gobiernos\u201d.<\/p>\n<h4><strong>Cultura del encuentro y amistad social<\/strong><\/h4>\n<p><img loading=\"lazy\" decoding=\"async\" class=\"size-medium wp-image-31882 alignright\" src=\"https:\/\/exaudi.wpengine.com\/wp-content\/uploads\/2021\/09\/mesa_parolin_0-300x200.jpg\" alt=\"\" width=\"300\" height=\"200\" srcset=\"https:\/\/exaudi.org\/wp-content\/uploads\/2021\/09\/mesa_parolin_0-300x200.jpg 300w, https:\/\/exaudi.org\/wp-content\/uploads\/2021\/09\/mesa_parolin_0-1024x683.jpg 1024w, https:\/\/exaudi.org\/wp-content\/uploads\/2021\/09\/mesa_parolin_0-768x512.jpg 768w, https:\/\/exaudi.org\/wp-content\/uploads\/2021\/09\/mesa_parolin_0-150x100.jpg 150w, https:\/\/exaudi.org\/wp-content\/uploads\/2021\/09\/mesa_parolin_0-696x464.jpg 696w, https:\/\/exaudi.org\/wp-content\/uploads\/2021\/09\/mesa_parolin_0-1068x712.jpg 1068w, https:\/\/exaudi.org\/wp-content\/uploads\/2021\/09\/mesa_parolin_0-630x420.jpg 630w, https:\/\/exaudi.org\/wp-content\/uploads\/2021\/09\/mesa_parolin_0.jpg 1200w\" sizes=\"auto, (max-width: 300px) 100vw, 300px\" \/>El cardenal Parolin pidi\u00f3 a los cerca de 70 pol\u00edticos cat\u00f3licos participantes, procedentes de 19 pa\u00edses, que, aparte de \u201cel mayor compromiso, competencia, transparencia y profesionalidad\u201d, se planteen \u201cqu\u00e9 puede aportar la visi\u00f3n cristiana\u201d, que es \u201cesperanza y certeza al mismo tiempo\u201d. Asimismo, a partir de esta invitaci\u00f3n, remarc\u00f3 dos aspectos clave del magisterio de la Iglesia y del Papa Francisco para la construcci\u00f3n del bien com\u00fan: la cultura del encuentro y la amistad social, que no pueden reducirse por los pol\u00edticos a \u201cmeros esl\u00f3ganes de propaganda\u201d.<\/p>\n<p>La cultura del encuentro, prosigui\u00f3, es una actitud que pasa por \u201chacer de la diversidad un valor agregado, un enriquecimiento\u201d, que permite las personas desarrollen, en palabras de\u00a0<em>Evangelii gaudium<\/em>, \u201cla dimensi\u00f3n social de sus vidas configur\u00e1ndose como ciudadanos responsables en el seno de un pueblo, no como masa arrastrada por las fuerzas dominantes\u201d. \u201cIntegrar diversas realidades es a menudo dif\u00edcil y lento, pero [\u2026] se trata de un camino seguro que debemos recorrer para garantizar una s\u00f3lida consistencia a la acci\u00f3n pol\u00edtica, para que sea capaz no s\u00f3lo de responder a la crisis, sino de afrontarla y superarla\u201d, afirm\u00f3.<\/p>\n<p>Por otro lado, el purpurado resalt\u00f3 que la amistad social \u201cno es puro sentimiento ni una construcci\u00f3n del pensamiento\u201d, sino \u201cel efecto de la acci\u00f3n pol\u00edtica, de la mejor, la que es capaz de comprender las exigencias desde abajo y trasladarlas subsidiariamente al plano decisorio, legislativo, econ\u00f3mico y social\u201d. A partir de ello, surge de forma irremediable, la \u201cpreocupaci\u00f3n por los que m\u00e1s sufren, por los que son descartados, volvi\u00e9ndose casi invisibles\u201d, muchas veces \u201cv\u00edctimas de pol\u00edticas y de estrategias econ\u00f3micas que solo encuentran referencia en los datos anal\u00edticos, en los \u00edndices de producci\u00f3n o en la escala de eficiencia\u201d.<\/p>\n<h4><strong>Recuperaci\u00f3n de la pospandemia para todos<\/strong><\/h4>\n<p><img loading=\"lazy\" decoding=\"async\" class=\"size-medium wp-image-31879 alignleft\" src=\"https:\/\/exaudi.wpengine.com\/wp-content\/uploads\/2021\/09\/mesa_parolin_1-300x200.jpg\" alt=\"\" width=\"300\" height=\"200\" srcset=\"https:\/\/exaudi.org\/wp-content\/uploads\/2021\/09\/mesa_parolin_1-300x200.jpg 300w, https:\/\/exaudi.org\/wp-content\/uploads\/2021\/09\/mesa_parolin_1-1024x683.jpg 1024w, https:\/\/exaudi.org\/wp-content\/uploads\/2021\/09\/mesa_parolin_1-768x512.jpg 768w, https:\/\/exaudi.org\/wp-content\/uploads\/2021\/09\/mesa_parolin_1-150x100.jpg 150w, https:\/\/exaudi.org\/wp-content\/uploads\/2021\/09\/mesa_parolin_1-696x464.jpg 696w, https:\/\/exaudi.org\/wp-content\/uploads\/2021\/09\/mesa_parolin_1-1068x712.jpg 1068w, https:\/\/exaudi.org\/wp-content\/uploads\/2021\/09\/mesa_parolin_1-630x420.jpg 630w, https:\/\/exaudi.org\/wp-content\/uploads\/2021\/09\/mesa_parolin_1.jpg 1200w\" sizes=\"auto, (max-width: 300px) 100vw, 300px\" \/>De acuerdo al comunicado del arzobispado, para ilustrar c\u00f3mo cambia la acci\u00f3n pol\u00edtica esta aproximaci\u00f3n, el cardenal secretario de Estado ha recurrido a la vacunaci\u00f3n frente a la COVID-19: conscientes de que \u201cnadie se salva solo, que \u00fanicamente es posible salvarse juntos\u201d \u2013en expresi\u00f3n del Papa\u2013, con la amistad social se extiende \u201ctoda acci\u00f3n m\u00e1s all\u00e1 de las fronteras de una comunidad, de una regi\u00f3n y de un estado\u201d, y con la cultura del encuentro se \u201celimina la exclusi\u00f3n, el desprecio y la r\u00edgida divisi\u00f3n en categor\u00edas que atribuyen una dignidad distinta, quiz\u00e1 diferentes derechos fundamentales o tratos discriminatorios\u201d.<\/p>\n<p>En esta l\u00ednea, advirti\u00f3 del riesgo de que la recuperaci\u00f3n pospandemia llegue solo a unos y acarree \u201cla ulterior marginaci\u00f3n para la mayor\u00eda de pa\u00edses\u201d, y lament\u00f3 que, particularmente en esta crisis, parece que \u201clos procesos legislativos se ven restringidos por un funcionalismo del momento\u201d, las decisiones de las instituciones son \u201cel fruto de un equilibrio de intereses contrapuestos y casi nunca convergentes\u201d, y \u201clas decisiones econ\u00f3micas solo tienen el sabor de la asistencia moment\u00e1nea y no de la continuidad\u201d.\u00a0Tambi\u00e9n critic\u00f3 que temas clave como democracia, libertad, justicia o unidad \u201cse perciban como meros componentes del lenguaje pol\u00edtico\u201d, m\u00e1s que como \u201cfactores inspiradores de un programa pol\u00edtico, de la conducta de las instituciones y del tejido social de la naci\u00f3n\u201d.<\/p>\n<p>Frente a estos problemas, el cardenal Pietro Parolin insisti\u00f3 en la necesidad de que la acci\u00f3n pol\u00edtica incluya \u201cuna dimensi\u00f3n antropol\u00f3gica fundada, que pone al centro la persona\u201d, de que se reconozca el valor de la justicia como \u201cregulador social\u201d, y de una \u201cpol\u00edtica coherente que, desde la comunidad pol\u00edtica local o nacional, sea capaz de actuar hasta la dimensi\u00f3n internacional\u201d.<\/p>\n<p>Igualmente, de forma especial en momentos como el actual, record\u00f3 que hay desaf\u00edos que requieren ser \u201cgobernados\u201d y ha solicitado que la autoridad no se ejerza con \u201cuna visi\u00f3n personal, partidista o nacional\u201d, sino con \u201cun sistema organizado de personas e ideas compartidas y posibles\u201d en busca del bien com\u00fan.<\/p>\n","protected":false},"excerpt":{"rendered":"<p>Palabras en la inauguraci\u00f3n del II Encuentro Internacional de L\u00edderes Cat\u00f3licos<\/p>\n","protected":false},"author":5,"featured_media":31873,"comment_status":"closed","ping_status":"closed","sticky":false,"template":"","format":"standard","meta":{"_acf_changed":false,"_crdt_document":"","inline_featured_image":false,"footnotes":""},"categories":[84,298,132],"tags":[1187,3971,634],"class_list":["post-31870","post","type-post","status-publish","format-standard","has-post-thumbnail","hentry","category-eventos-internacionales","category-ultimas-noticias","category-vaticano-es","tag-cardenal-pietro-parolin","tag-ii-encuentro-internacional-de-lideres-catolicos","tag-politica"],"acf":[],"yoast_head":"<!-- This site is optimized with the Yoast SEO plugin v27.5 - https:\/\/yoast.com\/product\/yoast-seo-wordpress\/ -->\n<title>Parolin: Una pol\u00edtica que \u201cpone al centro la persona\u201d &#8211; Exaudi<\/title>\n<meta name=\"description\" content=\"El cardenal Pietro Parolin inaugur\u00f3 el II Encuentro Internacional de L\u00edderes Cat\u00f3licos y pidi\u00f3 pol\u00edtica &quot;que pone al centro la persona&quot;\" \/>\n<meta name=\"robots\" content=\"index, follow, max-snippet:-1, max-image-preview:large, max-video-preview:-1\" \/>\n<link rel=\"canonical\" href=\"https:\/\/exaudi.org\/es\/el-cardenal-parolin-pide-una-politica-que-pone-al-centro-la-persona\/\" \/>\n<meta property=\"og:locale\" content=\"es_ES\" \/>\n<meta property=\"og:type\" content=\"article\" \/>\n<meta property=\"og:title\" content=\"Parolin: Una pol\u00edtica que \u201cpone al centro la persona\u201d &#8211; Exaudi\" \/>\n<meta property=\"og:description\" content=\"El cardenal Pietro Parolin inaugur\u00f3 el II Encuentro Internacional de L\u00edderes Cat\u00f3licos y pidi\u00f3 pol\u00edtica &quot;que pone al centro la persona&quot;\" \/>\n<meta property=\"og:url\" content=\"https:\/\/exaudi.org\/es\/el-cardenal-parolin-pide-una-politica-que-pone-al-centro-la-persona\/\" \/>\n<meta property=\"og:site_name\" content=\"Exaudi\" \/>\n<meta property=\"article:publisher\" content=\"https:\/\/www.facebook.com\/ExaudiNews\" \/>\n<meta property=\"article:published_time\" content=\"2021-09-05T10:24:54+00:00\" \/>\n<meta property=\"article:modified_time\" content=\"2021-09-06T08:31:42+00:00\" \/>\n<meta property=\"og:image\" content=\"https:\/\/exaudi.org\/wp-content\/uploads\/2021\/09\/mesa_parolin_2.jpg\" \/>\n\t<meta property=\"og:image:width\" content=\"1200\" \/>\n\t<meta property=\"og:image:height\" content=\"800\" \/>\n\t<meta property=\"og:image:type\" content=\"image\/jpeg\" \/>\n<meta name=\"author\" content=\"Larissa I. L\u00f3pez\" \/>\n<meta name=\"twitter:card\" content=\"summary_large_image\" \/>\n<meta name=\"twitter:creator\" content=\"@Exaudi_News\" \/>\n<meta name=\"twitter:site\" content=\"@Exaudi_News\" \/>\n<meta name=\"twitter:label1\" content=\"Escrito por\" \/>\n\t<meta name=\"twitter:data1\" content=\"Larissa I. L\u00f3pez\" \/>\n\t<meta name=\"twitter:label2\" content=\"Tiempo de lectura\" \/>\n\t<meta name=\"twitter:data2\" content=\"5 minutos\" \/>\n<script type=\"application\/ld+json\" class=\"yoast-schema-graph\">{\"@context\":\"https:\\\/\\\/schema.org\",\"@graph\":[{\"@type\":\"Article\",\"@id\":\"https:\\\/\\\/exaudi.org\\\/es\\\/el-cardenal-parolin-pide-una-politica-que-pone-al-centro-la-persona\\\/#article\",\"isPartOf\":{\"@id\":\"https:\\\/\\\/exaudi.org\\\/es\\\/el-cardenal-parolin-pide-una-politica-que-pone-al-centro-la-persona\\\/\"},\"author\":{\"name\":\"Larissa I. L\u00f3pez\",\"@id\":\"https:\\\/\\\/exaudi.org\\\/#\\\/schema\\\/person\\\/7d2f77db033c2c0929edfab6dbe8c588\"},\"headline\":\"Parolin: Una pol\u00edtica que \u201cpone al centro la persona\u201d\",\"datePublished\":\"2021-09-05T10:24:54+00:00\",\"dateModified\":\"2021-09-06T08:31:42+00:00\",\"mainEntityOfPage\":{\"@id\":\"https:\\\/\\\/exaudi.org\\\/es\\\/el-cardenal-parolin-pide-una-politica-que-pone-al-centro-la-persona\\\/\"},\"wordCount\":1016,\"image\":{\"@id\":\"https:\\\/\\\/exaudi.org\\\/es\\\/el-cardenal-parolin-pide-una-politica-que-pone-al-centro-la-persona\\\/#primaryimage\"},\"thumbnailUrl\":\"https:\\\/\\\/exaudi.org\\\/wp-content\\\/uploads\\\/2021\\\/09\\\/mesa_parolin_2.jpg\",\"keywords\":[\"Cardenal Pietro Parolin\",\"II Encuentro Internacional de L\u00edderes Cat\u00f3licos\",\"Pol\u00edtica\"],\"articleSection\":[\"Eventos internacionales\",\"\u00daltimas noticias\",\"Vaticano\"],\"inLanguage\":\"es\"},{\"@type\":\"WebPage\",\"@id\":\"https:\\\/\\\/exaudi.org\\\/es\\\/el-cardenal-parolin-pide-una-politica-que-pone-al-centro-la-persona\\\/\",\"url\":\"https:\\\/\\\/exaudi.org\\\/es\\\/el-cardenal-parolin-pide-una-politica-que-pone-al-centro-la-persona\\\/\",\"name\":\"Parolin: Una pol\u00edtica que \u201cpone al centro la persona\u201d &#8211; Exaudi\",\"isPartOf\":{\"@id\":\"https:\\\/\\\/exaudi.org\\\/#website\"},\"primaryImageOfPage\":{\"@id\":\"https:\\\/\\\/exaudi.org\\\/es\\\/el-cardenal-parolin-pide-una-politica-que-pone-al-centro-la-persona\\\/#primaryimage\"},\"image\":{\"@id\":\"https:\\\/\\\/exaudi.org\\\/es\\\/el-cardenal-parolin-pide-una-politica-que-pone-al-centro-la-persona\\\/#primaryimage\"},\"thumbnailUrl\":\"https:\\\/\\\/exaudi.org\\\/wp-content\\\/uploads\\\/2021\\\/09\\\/mesa_parolin_2.jpg\",\"datePublished\":\"2021-09-05T10:24:54+00:00\",\"dateModified\":\"2021-09-06T08:31:42+00:00\",\"author\":{\"@id\":\"https:\\\/\\\/exaudi.org\\\/#\\\/schema\\\/person\\\/7d2f77db033c2c0929edfab6dbe8c588\"},\"description\":\"El cardenal Pietro Parolin inaugur\u00f3 el II Encuentro Internacional de L\u00edderes Cat\u00f3licos y pidi\u00f3 pol\u00edtica \\\"que pone al centro la persona\\\"\",\"breadcrumb\":{\"@id\":\"https:\\\/\\\/exaudi.org\\\/es\\\/el-cardenal-parolin-pide-una-politica-que-pone-al-centro-la-persona\\\/#breadcrumb\"},\"inLanguage\":\"es\",\"potentialAction\":[{\"@type\":\"ReadAction\",\"target\":[\"https:\\\/\\\/exaudi.org\\\/es\\\/el-cardenal-parolin-pide-una-politica-que-pone-al-centro-la-persona\\\/\"]}]},{\"@type\":\"ImageObject\",\"inLanguage\":\"es\",\"@id\":\"https:\\\/\\\/exaudi.org\\\/es\\\/el-cardenal-parolin-pide-una-politica-que-pone-al-centro-la-persona\\\/#primaryimage\",\"url\":\"https:\\\/\\\/exaudi.org\\\/wp-content\\\/uploads\\\/2021\\\/09\\\/mesa_parolin_2.jpg\",\"contentUrl\":\"https:\\\/\\\/exaudi.org\\\/wp-content\\\/uploads\\\/2021\\\/09\\\/mesa_parolin_2.jpg\",\"width\":1200,\"height\":800,\"caption\":\"El cardenal Parolin en el II Encuentro Internacional de L\u00edderes Cat\u00f3licos \u00a9 Luis Mill\u00e1n\"},{\"@type\":\"BreadcrumbList\",\"@id\":\"https:\\\/\\\/exaudi.org\\\/es\\\/el-cardenal-parolin-pide-una-politica-que-pone-al-centro-la-persona\\\/#breadcrumb\",\"itemListElement\":[{\"@type\":\"ListItem\",\"position\":1,\"name\":\"Portada\",\"item\":\"https:\\\/\\\/exaudi.org\\\/es\\\/\"},{\"@type\":\"ListItem\",\"position\":2,\"name\":\"Parolin: Una pol\u00edtica que \u201cpone al centro la persona\u201d\"}]},{\"@type\":\"WebSite\",\"@id\":\"https:\\\/\\\/exaudi.org\\\/#website\",\"url\":\"https:\\\/\\\/exaudi.org\\\/\",\"name\":\"Exaudi\",\"description\":\"News\",\"potentialAction\":[{\"@type\":\"SearchAction\",\"target\":{\"@type\":\"EntryPoint\",\"urlTemplate\":\"https:\\\/\\\/exaudi.org\\\/?s={search_term_string}\"},\"query-input\":{\"@type\":\"PropertyValueSpecification\",\"valueRequired\":true,\"valueName\":\"search_term_string\"}}],\"inLanguage\":\"es\"},{\"@type\":\"Person\",\"@id\":\"https:\\\/\\\/exaudi.org\\\/#\\\/schema\\\/person\\\/7d2f77db033c2c0929edfab6dbe8c588\",\"name\":\"Larissa I. L\u00f3pez\",\"image\":{\"@type\":\"ImageObject\",\"inLanguage\":\"es\",\"@id\":\"https:\\\/\\\/secure.gravatar.com\\\/avatar\\\/db3ef399ff343d0bb9d25dc5198bc8ece5ac6d621eca79876697a354dabc1e3f?s=96&d=mm&r=g\",\"url\":\"https:\\\/\\\/secure.gravatar.com\\\/avatar\\\/db3ef399ff343d0bb9d25dc5198bc8ece5ac6d621eca79876697a354dabc1e3f?s=96&d=mm&r=g\",\"contentUrl\":\"https:\\\/\\\/secure.gravatar.com\\\/avatar\\\/db3ef399ff343d0bb9d25dc5198bc8ece5ac6d621eca79876697a354dabc1e3f?s=96&d=mm&r=g\",\"caption\":\"Larissa I. L\u00f3pez\"},\"description\":\"Doctora en Comunicaci\u00f3n. Mi trayectoria profesional ha transcurrido entre el \u00e1mbito de la comunicaci\u00f3n y el de la docencia. En los \u00faltimos a\u00f1os, he trabajado como coordinadora y redactora de la edici\u00f3n de ZENIT en espa\u00f1ol. Como profesora, he impartido clases en la universidad y en centros de FP y bachillerato. Cordobesa de nacimiento, tambi\u00e9n he vivido en Sevilla, Madrid y Roma\",\"url\":\"https:\\\/\\\/exaudi.org\\\/es\\\/author\\\/llopezexaudi-org\\\/\"}]}<\/script>\n<!-- \/ Yoast SEO plugin. -->","yoast_head_json":{"title":"Parolin: Una pol\u00edtica que \u201cpone al centro la persona\u201d &#8211; Exaudi","description":"El cardenal Pietro Parolin inaugur\u00f3 el II Encuentro Internacional de L\u00edderes Cat\u00f3licos y pidi\u00f3 pol\u00edtica \"que pone al centro la persona\"","robots":{"index":"index","follow":"follow","max-snippet":"max-snippet:-1","max-image-preview":"max-image-preview:large","max-video-preview":"max-video-preview:-1"},"canonical":"https:\/\/exaudi.org\/es\/el-cardenal-parolin-pide-una-politica-que-pone-al-centro-la-persona\/","og_locale":"es_ES","og_type":"article","og_title":"Parolin: Una pol\u00edtica que \u201cpone al centro la persona\u201d &#8211; Exaudi","og_description":"El cardenal Pietro Parolin inaugur\u00f3 el II Encuentro Internacional de L\u00edderes Cat\u00f3licos y pidi\u00f3 pol\u00edtica \"que pone al centro la persona\"","og_url":"https:\/\/exaudi.org\/es\/el-cardenal-parolin-pide-una-politica-que-pone-al-centro-la-persona\/","og_site_name":"Exaudi","article_publisher":"https:\/\/www.facebook.com\/ExaudiNews","article_published_time":"2021-09-05T10:24:54+00:00","article_modified_time":"2021-09-06T08:31:42+00:00","og_image":[{"width":1200,"height":800,"url":"https:\/\/exaudi.org\/wp-content\/uploads\/2021\/09\/mesa_parolin_2.jpg","type":"image\/jpeg"}],"author":"Larissa I. L\u00f3pez","twitter_card":"summary_large_image","twitter_creator":"@Exaudi_News","twitter_site":"@Exaudi_News","twitter_misc":{"Escrito por":"Larissa I. L\u00f3pez","Tiempo de lectura":"5 minutos"},"schema":{"@context":"https:\/\/schema.org","@graph":[{"@type":"Article","@id":"https:\/\/exaudi.org\/es\/el-cardenal-parolin-pide-una-politica-que-pone-al-centro-la-persona\/#article","isPartOf":{"@id":"https:\/\/exaudi.org\/es\/el-cardenal-parolin-pide-una-politica-que-pone-al-centro-la-persona\/"},"author":{"name":"Larissa I. L\u00f3pez","@id":"https:\/\/exaudi.org\/#\/schema\/person\/7d2f77db033c2c0929edfab6dbe8c588"},"headline":"Parolin: Una pol\u00edtica que \u201cpone al centro la persona\u201d","datePublished":"2021-09-05T10:24:54+00:00","dateModified":"2021-09-06T08:31:42+00:00","mainEntityOfPage":{"@id":"https:\/\/exaudi.org\/es\/el-cardenal-parolin-pide-una-politica-que-pone-al-centro-la-persona\/"},"wordCount":1016,"image":{"@id":"https:\/\/exaudi.org\/es\/el-cardenal-parolin-pide-una-politica-que-pone-al-centro-la-persona\/#primaryimage"},"thumbnailUrl":"https:\/\/exaudi.org\/wp-content\/uploads\/2021\/09\/mesa_parolin_2.jpg","keywords":["Cardenal Pietro Parolin","II Encuentro Internacional de L\u00edderes Cat\u00f3licos","Pol\u00edtica"],"articleSection":["Eventos internacionales","\u00daltimas noticias","Vaticano"],"inLanguage":"es"},{"@type":"WebPage","@id":"https:\/\/exaudi.org\/es\/el-cardenal-parolin-pide-una-politica-que-pone-al-centro-la-persona\/","url":"https:\/\/exaudi.org\/es\/el-cardenal-parolin-pide-una-politica-que-pone-al-centro-la-persona\/","name":"Parolin: Una pol\u00edtica que \u201cpone al centro la persona\u201d &#8211; Exaudi","isPartOf":{"@id":"https:\/\/exaudi.org\/#website"},"primaryImageOfPage":{"@id":"https:\/\/exaudi.org\/es\/el-cardenal-parolin-pide-una-politica-que-pone-al-centro-la-persona\/#primaryimage"},"image":{"@id":"https:\/\/exaudi.org\/es\/el-cardenal-parolin-pide-una-politica-que-pone-al-centro-la-persona\/#primaryimage"},"thumbnailUrl":"https:\/\/exaudi.org\/wp-content\/uploads\/2021\/09\/mesa_parolin_2.jpg","datePublished":"2021-09-05T10:24:54+00:00","dateModified":"2021-09-06T08:31:42+00:00","author":{"@id":"https:\/\/exaudi.org\/#\/schema\/person\/7d2f77db033c2c0929edfab6dbe8c588"},"description":"El cardenal Pietro Parolin inaugur\u00f3 el II Encuentro Internacional de L\u00edderes Cat\u00f3licos y pidi\u00f3 pol\u00edtica \"que pone al centro la persona\"","breadcrumb":{"@id":"https:\/\/exaudi.org\/es\/el-cardenal-parolin-pide-una-politica-que-pone-al-centro-la-persona\/#breadcrumb"},"inLanguage":"es","potentialAction":[{"@type":"ReadAction","target":["https:\/\/exaudi.org\/es\/el-cardenal-parolin-pide-una-politica-que-pone-al-centro-la-persona\/"]}]},{"@type":"ImageObject","inLanguage":"es","@id":"https:\/\/exaudi.org\/es\/el-cardenal-parolin-pide-una-politica-que-pone-al-centro-la-persona\/#primaryimage","url":"https:\/\/exaudi.org\/wp-content\/uploads\/2021\/09\/mesa_parolin_2.jpg","contentUrl":"https:\/\/exaudi.org\/wp-content\/uploads\/2021\/09\/mesa_parolin_2.jpg","width":1200,"height":800,"caption":"El cardenal Parolin en el II Encuentro Internacional de L\u00edderes Cat\u00f3licos \u00a9 Luis Mill\u00e1n"},{"@type":"BreadcrumbList","@id":"https:\/\/exaudi.org\/es\/el-cardenal-parolin-pide-una-politica-que-pone-al-centro-la-persona\/#breadcrumb","itemListElement":[{"@type":"ListItem","position":1,"name":"Portada","item":"https:\/\/exaudi.org\/es\/"},{"@type":"ListItem","position":2,"name":"Parolin: Una pol\u00edtica que \u201cpone al centro la persona\u201d"}]},{"@type":"WebSite","@id":"https:\/\/exaudi.org\/#website","url":"https:\/\/exaudi.org\/","name":"Exaudi","description":"News","potentialAction":[{"@type":"SearchAction","target":{"@type":"EntryPoint","urlTemplate":"https:\/\/exaudi.org\/?s={search_term_string}"},"query-input":{"@type":"PropertyValueSpecification","valueRequired":true,"valueName":"search_term_string"}}],"inLanguage":"es"},{"@type":"Person","@id":"https:\/\/exaudi.org\/#\/schema\/person\/7d2f77db033c2c0929edfab6dbe8c588","name":"Larissa I. L\u00f3pez","image":{"@type":"ImageObject","inLanguage":"es","@id":"https:\/\/secure.gravatar.com\/avatar\/db3ef399ff343d0bb9d25dc5198bc8ece5ac6d621eca79876697a354dabc1e3f?s=96&d=mm&r=g","url":"https:\/\/secure.gravatar.com\/avatar\/db3ef399ff343d0bb9d25dc5198bc8ece5ac6d621eca79876697a354dabc1e3f?s=96&d=mm&r=g","contentUrl":"https:\/\/secure.gravatar.com\/avatar\/db3ef399ff343d0bb9d25dc5198bc8ece5ac6d621eca79876697a354dabc1e3f?s=96&d=mm&r=g","caption":"Larissa I. L\u00f3pez"},"description":"Doctora en Comunicaci\u00f3n. Mi trayectoria profesional ha transcurrido entre el \u00e1mbito de la comunicaci\u00f3n y el de la docencia. En los \u00faltimos a\u00f1os, he trabajado como coordinadora y redactora de la edici\u00f3n de ZENIT en espa\u00f1ol. Como profesora, he impartido clases en la universidad y en centros de FP y bachillerato. Cordobesa de nacimiento, tambi\u00e9n he vivido en Sevilla, Madrid y Roma","url":"https:\/\/exaudi.org\/es\/author\/llopezexaudi-org\/"}]}},"jetpack_featured_media_url":"https:\/\/exaudi.org\/wp-content\/uploads\/2021\/09\/mesa_parolin_2.jpg","jetpack_shortlink":"https:\/\/wp.me\/pgKjF2-8i2","_links":{"self":[{"href":"https:\/\/exaudi.org\/es\/wp-json\/wp\/v2\/posts\/31870","targetHints":{"allow":["GET"]}}],"collection":[{"href":"https:\/\/exaudi.org\/es\/wp-json\/wp\/v2\/posts"}],"about":[{"href":"https:\/\/exaudi.org\/es\/wp-json\/wp\/v2\/types\/post"}],"author":[{"embeddable":true,"href":"https:\/\/exaudi.org\/es\/wp-json\/wp\/v2\/users\/5"}],"replies":[{"embeddable":true,"href":"https:\/\/exaudi.org\/es\/wp-json\/wp\/v2\/comments?post=31870"}],"version-history":[{"count":0,"href":"https:\/\/exaudi.org\/es\/wp-json\/wp\/v2\/posts\/31870\/revisions"}],"wp:featuredmedia":[{"embeddable":true,"href":"https:\/\/exaudi.org\/es\/wp-json\/wp\/v2\/media\/31873"}],"wp:attachment":[{"href":"https:\/\/exaudi.org\/es\/wp-json\/wp\/v2\/media?parent=31870"}],"wp:term":[{"taxonomy":"category","embeddable":true,"href":"https:\/\/exaudi.org\/es\/wp-json\/wp\/v2\/categories?post=31870"},{"taxonomy":"post_tag","embeddable":true,"href":"https:\/\/exaudi.org\/es\/wp-json\/wp\/v2\/tags?post=31870"}],"curies":[{"name":"wp","href":"https:\/\/api.w.org\/{rel}","templated":true}]}}