{"id":31728,"date":"2021-09-05T09:00:13","date_gmt":"2021-09-05T07:00:13","guid":{"rendered":"https:\/\/exaudi.wpengine.com\/?p=31728"},"modified":"2021-09-06T09:57:53","modified_gmt":"2021-09-06T07:57:53","slug":"espana-llega-cruz-jmj-lisboa-2023","status":"publish","type":"post","link":"https:\/\/exaudi.org\/es\/espana-llega-cruz-jmj-lisboa-2023\/","title":{"rendered":"Espa\u00f1a: Llega la Cruz de la JMJ Lisboa 2023"},"content":{"rendered":"<p>La\u00a0Cruz de la<a href=\"https:\/\/lisboa2023.org\/es\/\" target=\"_blank\" rel=\"noreferrer noopener\">\u00a0Jornada Mundial de la Juventud (JMJ ) de Lisboa 2023<\/a> llega a Espa\u00f1a hoy domingo 5 septiembre de 2021. A las 12.15 horas <a href=\"https:\/\/exaudi.wpengine.com\/es\/itinerario-cruz-jmj-diocesis-espana\/\" target=\"_blank\" rel=\"noopener\">est\u00e1 previsto el\u00a0acto de acogida<\/a>\u00a0en la\u00a0parroquia de Mar\u00eda Auxiliadora de Fuentes de O\u00f1oro, en la<a href=\"https:\/\/www.diocesisciudadrodrigo.org\/blog4\/\" target=\"_blank\" rel=\"noreferrer noopener\">\u00a0di\u00f3cesis de Ciudad Rodrigo<\/a>.<\/p>\n<p>Seg\u00fan inform\u00f3 la <a href=\"https:\/\/www.conferenciaepiscopal.es\/\" target=\"_blank\" rel=\"noopener\">Conferencia Episcopal Espa\u00f1ola<\/a> (CEE), desde all\u00ed se desplazar\u00e1 a Ciudad Rodrigo, donde comenzar\u00e1 un\u00a0recorrido por las di\u00f3cesis espa\u00f1olas que concluir\u00e1 el 29 de octubre. Este d\u00eda, en Ayamonte,\u00a0<a href=\"http:\/\/www.diocesisdehuelva.es\/\" target=\"_blank\" rel=\"noreferrer noopener\">di\u00f3cesis de Huelva<\/a>, tendr\u00e1 lugar a las 18.30 horas la eucarist\u00eda y seguidamente, en torno a las 19.30 h., el acto de despedida. La Cruz cruzar\u00e1 la frontera por el r\u00edo Guadiana hasta Portugal alrededor de las 20.30 horas.<\/p>\n<h4><strong>Animar a los j\u00f3venes<\/strong><\/h4>\n<p>La\u00a0Jornada Mundial de la Juventud\u00a0tiene dos s\u00edmbolos que la acompa\u00f1an y representan: la Cruz y el icono de <em>Nuestra Se\u00f1ora Salus Populi Romani<\/em>. Estos s\u00edmbolos peregrinan meses antes por las di\u00f3cesis del pa\u00eds que organiza este gran evento para acompa\u00f1ar a los j\u00f3venes en su camino de preparaci\u00f3n hacia JMJ.<\/p>\n<p>En esta ocasi\u00f3n la organizaci\u00f3n ha querido ampliar su recorrido por las di\u00f3cesis espa\u00f1olas para animar especialmente a los j\u00f3venes a prepararse y a participar en los actos de la JMJ de Lisboa 2023.<\/p>\n<h4><strong>Calendario de peregrinaci\u00f3n por las di\u00f3cesis<\/strong><\/h4>\n<p>&#8211; 5-sept\u00a0\u00a0\u00a0\u00a0\u00a0\u00a0\u00a0\u00a0 Ciudad Rodrigo<\/p>\n<p>&#8211; 6-sept\u00a0\u00a0\u00a0\u00a0\u00a0\u00a0\u00a0\u00a0 Ciudad Rodrigo \u2013 Oviedo (Covadonga)<\/p>\n<p>&#8211; 7-sept\u00a0\u00a0\u00a0\u00a0\u00a0\u00a0\u00a0\u00a0 Oviedo (Covadonga)<\/p>\n<p>&#8211; 8-sept\u00a0\u00a0\u00a0\u00a0\u00a0\u00a0\u00a0\u00a0 Astorga<\/p>\n<p>&#8211; 9-sept\u00a0\u00a0\u00a0\u00a0\u00a0\u00a0\u00a0\u00a0 Le\u00f3n<\/p>\n<p>&#8211; 10-sept\u00a0\u00a0\u00a0\u00a0\u00a0\u00a0 Palencia<\/p>\n<p>&#8211; 11-sept\u00a0\u00a0\u00a0\u00a0\u00a0\u00a0 Zamora<\/p>\n<p>&#8211; 12-sept\u00a0\u00a0\u00a0\u00a0\u00a0\u00a0 Santander<\/p>\n<p>&#8211; 13-sept\u00a0\u00a0\u00a0\u00a0\u00a0\u00a0 Calahorra y La Calzada- Logro\u00f1o<\/p>\n<p>&#8211; 14-sept\u00a0\u00a0\u00a0\u00a0\u00a0\u00a0 Zaragoza<\/p>\n<p>&#8211; 15-sept\u00a0\u00a0\u00a0\u00a0\u00a0\u00a0 Viaje a Mallorca<\/p>\n<p>&#8211; 16-sept\u00a0\u00a0\u00a0\u00a0\u00a0\u00a0 Mallorca, Ibiza y Menorca<\/p>\n<p>&#8211; 17-sept\u00a0\u00a0\u00a0\u00a0\u00a0\u00a0 Viaje a Alicante<\/p>\n<p>&#8211; 18-sept\u00a0\u00a0\u00a0\u00a0\u00a0\u00a0 Orihuela-Alicante<\/p>\n<p>&#8211; 19-sept\u00a0\u00a0\u00a0\u00a0\u00a0\u00a0 Cartagena<\/p>\n<p>&#8211; 20-sept\u00a0\u00a0\u00a0\u00a0\u00a0\u00a0 Guadix<\/p>\n<p>&#8211; 21-sept\u00a0\u00a0\u00a0\u00a0\u00a0\u00a0 Ja\u00e9n<\/p>\n<p>&#8211; 22-sept\u00a0\u00a0\u00a0\u00a0\u00a0\u00a0 Ciudad Real<\/p>\n<p>&#8211; 23-sept\u00a0\u00a0\u00a0\u00a0\u00a0\u00a0 Viaje a Loyola para el Encuentro Nacional de los Delegados y Responsables de Pastoral con J\u00f3venes (ENPJ)<\/p>\n<p>&#8211; 24-sept\u00a0\u00a0\u00a0\u00a0\u00a0\u00a0 Vitoria<\/p>\n<p>&#8211; 25-sept\u00a0\u00a0\u00a0\u00a0\u00a0\u00a0 ENPJ Loyola. San Sebasti\u00e1n (Ar\u00e1nzazu)<\/p>\n<p>&#8211; 26-sept\u00a0\u00a0\u00a0\u00a0\u00a0\u00a0 ENPJ Loyola<\/p>\n<p>&#8211; 27-sept\u00a0\u00a0\u00a0\u00a0\u00a0\u00a0 CEE-Madrid (d\u00eda dedica a la Caridad)<\/p>\n<p>&#8211; 28-sept\u00a0\u00a0\u00a0\u00a0\u00a0\u00a0 CEE-Madrid (d\u00eda dedicado a la Vida)<\/p>\n<p>&#8211; 29-sept\u00a0\u00a0\u00a0\u00a0\u00a0\u00a0 Conferencia Episcopal Espa\u00f1ola en la ma\u00f1ana y por la tarde en la catedral Castrense<\/p>\n<p>&#8211; 30-sept\u00a0\u00a0\u00a0\u00a0\u00a0\u00a0 Di\u00f3cesis Castrense<\/p>\n<p>&#8211; 1-oct\u00a0\u00a0\u00a0\u00a0\u00a0\u00a0\u00a0\u00a0\u00a0\u00a0\u00a0 Madrid<\/p>\n<p>&#8211; 2-oct\u00a0\u00a0\u00a0\u00a0\u00a0\u00a0\u00a0\u00a0\u00a0\u00a0\u00a0 Pamplona<\/p>\n<p>&#8211; 3-oct\u00a0\u00a0\u00a0\u00a0\u00a0\u00a0\u00a0\u00a0\u00a0\u00a0\u00a0 Barcelona<\/p>\n<p>&#8211; 4-oct\u00a0\u00a0\u00a0\u00a0\u00a0\u00a0\u00a0\u00a0\u00a0\u00a0\u00a0 Barcelona<\/p>\n<p>&#8211; 5-oct\u00a0\u00a0\u00a0\u00a0\u00a0\u00a0\u00a0\u00a0\u00a0\u00a0\u00a0 Valencia<\/p>\n<p>&#8211; 6-oct\u00a0\u00a0\u00a0\u00a0\u00a0\u00a0\u00a0\u00a0\u00a0\u00a0\u00a0 Valencia<\/p>\n<p>&#8211; 7-oct\u00a0\u00a0\u00a0\u00a0\u00a0\u00a0\u00a0\u00a0\u00a0\u00a0\u00a0 Albacete<\/p>\n<p>&#8211; 8-oct\u00a0\u00a0\u00a0\u00a0\u00a0\u00a0\u00a0\u00a0\u00a0\u00a0\u00a0 Viaje hacia Guadalupe<\/p>\n<p>&#8211; 9-oct\u00a0\u00a0\u00a0\u00a0\u00a0\u00a0\u00a0\u00a0\u00a0\u00a0\u00a0 Toledo (Guadalupe)<\/p>\n<p>&#8211; 10-oct\u00a0\u00a0\u00a0\u00a0\u00a0\u00a0\u00a0\u00a0 M\u00e9rida-Badajoz<\/p>\n<p>&#8211; 11-oct\u00a0\u00a0\u00a0\u00a0\u00a0\u00a0\u00a0\u00a0 C\u00e1ceres<\/p>\n<p>&#8211; 12-oct\u00a0\u00a0\u00a0\u00a0\u00a0\u00a0\u00a0\u00a0 Plasencia<\/p>\n<p>&#8211; 13-oct\u00a0\u00a0\u00a0\u00a0\u00a0\u00a0\u00a0\u00a0 Salamanca<\/p>\n<p>&#8211; 14-oct\u00a0\u00a0\u00a0\u00a0\u00a0\u00a0\u00a0\u00a0 Osma-Soria<\/p>\n<p>&#8211; 15-oct\u00a0\u00a0\u00a0\u00a0\u00a0\u00a0\u00a0\u00a0 \u00c1vila<\/p>\n<p>&#8211; 16-oct\u00a0\u00a0\u00a0\u00a0\u00a0\u00a0\u00a0\u00a0 Burgos<\/p>\n<p>&#8211; 17-oct\u00a0\u00a0\u00a0\u00a0\u00a0\u00a0\u00a0\u00a0 Valladolid<\/p>\n<p>&#8211; 18-oct\u00a0\u00a0\u00a0\u00a0\u00a0\u00a0\u00a0\u00a0 Bilbao<\/p>\n<p>&#8211; 19-oct\u00a0\u00a0\u00a0\u00a0\u00a0\u00a0\u00a0\u00a0 Viaje a Tenerife<\/p>\n<p>&#8211; 20-oct\u00a0\u00a0\u00a0\u00a0\u00a0\u00a0\u00a0\u00a0 Tenerife<\/p>\n<p>&#8211; 21-oct\u00a0\u00a0\u00a0\u00a0\u00a0\u00a0\u00a0\u00a0 Canarias<\/p>\n<p>&#8211; 22-oct\u00a0\u00a0\u00a0\u00a0\u00a0\u00a0\u00a0\u00a0 Viaje a Sevilla<\/p>\n<p>&#8211; 23-oct\u00a0\u00a0\u00a0\u00a0\u00a0\u00a0\u00a0\u00a0 Sevilla<\/p>\n<p>&#8211; 24-oct\u00a0\u00a0\u00a0\u00a0\u00a0\u00a0\u00a0\u00a0 C\u00f3rdoba<\/p>\n<p>&#8211; 25-oct\u00a0\u00a0\u00a0\u00a0\u00a0\u00a0\u00a0\u00a0 Granada<\/p>\n<p>&#8211; 26-oct\u00a0\u00a0\u00a0\u00a0\u00a0\u00a0\u00a0\u00a0 Almer\u00eda<\/p>\n<p>&#8211; 27-oct\u00a0\u00a0\u00a0\u00a0\u00a0\u00a0\u00a0\u00a0 Jerez<\/p>\n<p>&#8211; 28-oct\u00a0\u00a0\u00a0\u00a0\u00a0\u00a0\u00a0\u00a0 C\u00e1diz<\/p>\n<p>&#8211; 29-oct\u00a0\u00a0\u00a0\u00a0\u00a0\u00a0\u00a0\u00a0 Huelva<\/p>\n","protected":false},"excerpt":{"rendered":"<p>Acogida en la di\u00f3cesis de Ciudad Rodrigo<\/p>\n","protected":false},"author":15,"featured_media":31732,"comment_status":"closed","ping_status":"closed","sticky":false,"template":"","format":"standard","meta":{"_acf_changed":false,"_crdt_document":"","inline_featured_image":false,"footnotes":""},"categories":[86,298],"tags":[443,1008,2376,3527],"class_list":["post-31728","post","type-post","status-publish","format-standard","has-post-thumbnail","hentry","category-iglesia-local","category-ultimas-noticias","tag-cruz","tag-espana","tag-jornada-mundial-de-la-juventud-jmj","tag-lisboa-es"],"acf":[],"yoast_head":"<!-- This site is optimized with the Yoast SEO plugin v27.5 - https:\/\/yoast.com\/product\/yoast-seo-wordpress\/ -->\n<title>Espa\u00f1a: Llega la Cruz de la JMJ Lisboa 2023 - Exaudi<\/title>\n<meta name=\"description\" content=\"La\u00a0Cruz de la\u00a0Jornada Mundial de la Juventud (JMJ ) de Lisboa 2023\u00a0llegar\u00e1\u00a0a Espa\u00f1a el pr\u00f3ximo domingo 5 septiembre de 2021.\" \/>\n<meta name=\"robots\" content=\"index, follow, max-snippet:-1, max-image-preview:large, max-video-preview:-1\" \/>\n<link rel=\"canonical\" href=\"https:\/\/exaudi.org\/es\/espana-llega-cruz-jmj-lisboa-2023\/\" \/>\n<meta property=\"og:locale\" content=\"es_ES\" \/>\n<meta property=\"og:type\" content=\"article\" \/>\n<meta property=\"og:title\" content=\"Espa\u00f1a: Llega la Cruz de la JMJ Lisboa 2023 - Exaudi\" \/>\n<meta property=\"og:description\" content=\"La\u00a0Cruz de la\u00a0Jornada Mundial de la Juventud (JMJ ) de Lisboa 2023\u00a0llegar\u00e1\u00a0a Espa\u00f1a el pr\u00f3ximo domingo 5 septiembre de 2021.\" \/>\n<meta property=\"og:url\" content=\"https:\/\/exaudi.org\/es\/espana-llega-cruz-jmj-lisboa-2023\/\" \/>\n<meta property=\"og:site_name\" content=\"Exaudi\" \/>\n<meta property=\"article:publisher\" content=\"https:\/\/www.facebook.com\/ExaudiNews\" \/>\n<meta property=\"article:author\" content=\"https:\/\/www.facebook.com\/ExaudiNoticias\/\" \/>\n<meta property=\"article:published_time\" content=\"2021-09-05T07:00:13+00:00\" \/>\n<meta property=\"article:modified_time\" content=\"2021-09-06T07:57:53+00:00\" \/>\n<meta property=\"og:image\" content=\"https:\/\/exaudi.org\/wp-content\/uploads\/2021\/09\/2c3423c42c322c24c3333.jpeg\" \/>\n\t<meta property=\"og:image:width\" content=\"724\" \/>\n\t<meta property=\"og:image:height\" content=\"406\" \/>\n\t<meta property=\"og:image:type\" content=\"image\/jpeg\" \/>\n<meta name=\"author\" content=\"Exaudi Redacci\u00f3n\" \/>\n<meta name=\"twitter:card\" content=\"summary_large_image\" \/>\n<meta name=\"twitter:creator\" content=\"@Exaudi_noticias\" \/>\n<meta name=\"twitter:site\" content=\"@Exaudi_News\" \/>\n<meta name=\"twitter:label1\" content=\"Escrito por\" \/>\n\t<meta name=\"twitter:data1\" content=\"Exaudi Redacci\u00f3n\" \/>\n\t<meta name=\"twitter:label2\" content=\"Tiempo de lectura\" \/>\n\t<meta name=\"twitter:data2\" content=\"2 minutos\" \/>\n<script type=\"application\/ld+json\" class=\"yoast-schema-graph\">{\"@context\":\"https:\\\/\\\/schema.org\",\"@graph\":[{\"@type\":\"Article\",\"@id\":\"https:\\\/\\\/exaudi.org\\\/es\\\/espana-llega-cruz-jmj-lisboa-2023\\\/#article\",\"isPartOf\":{\"@id\":\"https:\\\/\\\/exaudi.org\\\/es\\\/espana-llega-cruz-jmj-lisboa-2023\\\/\"},\"author\":{\"name\":\"Exaudi Redacci\u00f3n\",\"@id\":\"https:\\\/\\\/exaudi.org\\\/#\\\/schema\\\/person\\\/f5fc8f063065e38742da7afe15f25df7\"},\"headline\":\"Espa\u00f1a: Llega la Cruz de la JMJ Lisboa 2023\",\"datePublished\":\"2021-09-05T07:00:13+00:00\",\"dateModified\":\"2021-09-06T07:57:53+00:00\",\"mainEntityOfPage\":{\"@id\":\"https:\\\/\\\/exaudi.org\\\/es\\\/espana-llega-cruz-jmj-lisboa-2023\\\/\"},\"wordCount\":494,\"image\":{\"@id\":\"https:\\\/\\\/exaudi.org\\\/es\\\/espana-llega-cruz-jmj-lisboa-2023\\\/#primaryimage\"},\"thumbnailUrl\":\"https:\\\/\\\/exaudi.org\\\/wp-content\\\/uploads\\\/2021\\\/09\\\/2c3423c42c322c24c3333.jpeg\",\"keywords\":[\"Cruz\",\"Espa\u00f1a\",\"Jornada Mundial de la Juventud (JMJ)\",\"lisboa\"],\"articleSection\":[\"Iglesia Local\",\"\u00daltimas noticias\"],\"inLanguage\":\"es\"},{\"@type\":\"WebPage\",\"@id\":\"https:\\\/\\\/exaudi.org\\\/es\\\/espana-llega-cruz-jmj-lisboa-2023\\\/\",\"url\":\"https:\\\/\\\/exaudi.org\\\/es\\\/espana-llega-cruz-jmj-lisboa-2023\\\/\",\"name\":\"Espa\u00f1a: Llega la Cruz de la JMJ Lisboa 2023 - Exaudi\",\"isPartOf\":{\"@id\":\"https:\\\/\\\/exaudi.org\\\/#website\"},\"primaryImageOfPage\":{\"@id\":\"https:\\\/\\\/exaudi.org\\\/es\\\/espana-llega-cruz-jmj-lisboa-2023\\\/#primaryimage\"},\"image\":{\"@id\":\"https:\\\/\\\/exaudi.org\\\/es\\\/espana-llega-cruz-jmj-lisboa-2023\\\/#primaryimage\"},\"thumbnailUrl\":\"https:\\\/\\\/exaudi.org\\\/wp-content\\\/uploads\\\/2021\\\/09\\\/2c3423c42c322c24c3333.jpeg\",\"datePublished\":\"2021-09-05T07:00:13+00:00\",\"dateModified\":\"2021-09-06T07:57:53+00:00\",\"author\":{\"@id\":\"https:\\\/\\\/exaudi.org\\\/#\\\/schema\\\/person\\\/f5fc8f063065e38742da7afe15f25df7\"},\"description\":\"La\u00a0Cruz de la\u00a0Jornada Mundial de la Juventud (JMJ ) de Lisboa 2023\u00a0llegar\u00e1\u00a0a Espa\u00f1a el pr\u00f3ximo domingo 5 septiembre de 2021.\",\"breadcrumb\":{\"@id\":\"https:\\\/\\\/exaudi.org\\\/es\\\/espana-llega-cruz-jmj-lisboa-2023\\\/#breadcrumb\"},\"inLanguage\":\"es\",\"potentialAction\":[{\"@type\":\"ReadAction\",\"target\":[\"https:\\\/\\\/exaudi.org\\\/es\\\/espana-llega-cruz-jmj-lisboa-2023\\\/\"]}]},{\"@type\":\"ImageObject\",\"inLanguage\":\"es\",\"@id\":\"https:\\\/\\\/exaudi.org\\\/es\\\/espana-llega-cruz-jmj-lisboa-2023\\\/#primaryimage\",\"url\":\"https:\\\/\\\/exaudi.org\\\/wp-content\\\/uploads\\\/2021\\\/09\\\/2c3423c42c322c24c3333.jpeg\",\"contentUrl\":\"https:\\\/\\\/exaudi.org\\\/wp-content\\\/uploads\\\/2021\\\/09\\\/2c3423c42c322c24c3333.jpeg\",\"width\":724,\"height\":406,\"caption\":\"Cruz de la JMJ \u00a9 Vatican Media\"},{\"@type\":\"BreadcrumbList\",\"@id\":\"https:\\\/\\\/exaudi.org\\\/es\\\/espana-llega-cruz-jmj-lisboa-2023\\\/#breadcrumb\",\"itemListElement\":[{\"@type\":\"ListItem\",\"position\":1,\"name\":\"Portada\",\"item\":\"https:\\\/\\\/exaudi.org\\\/es\\\/\"},{\"@type\":\"ListItem\",\"position\":2,\"name\":\"Espa\u00f1a: Llega la Cruz de la JMJ Lisboa 2023\"}]},{\"@type\":\"WebSite\",\"@id\":\"https:\\\/\\\/exaudi.org\\\/#website\",\"url\":\"https:\\\/\\\/exaudi.org\\\/\",\"name\":\"Exaudi\",\"description\":\"News\",\"potentialAction\":[{\"@type\":\"SearchAction\",\"target\":{\"@type\":\"EntryPoint\",\"urlTemplate\":\"https:\\\/\\\/exaudi.org\\\/?s={search_term_string}\"},\"query-input\":{\"@type\":\"PropertyValueSpecification\",\"valueRequired\":true,\"valueName\":\"search_term_string\"}}],\"inLanguage\":\"es\"},{\"@type\":\"Person\",\"@id\":\"https:\\\/\\\/exaudi.org\\\/#\\\/schema\\\/person\\\/f5fc8f063065e38742da7afe15f25df7\",\"name\":\"Exaudi Redacci\u00f3n\",\"image\":{\"@type\":\"ImageObject\",\"inLanguage\":\"es\",\"@id\":\"https:\\\/\\\/secure.gravatar.com\\\/avatar\\\/fe0f6a059fb68d9b3e11bc5850dd4899b1c7492091a3cb6dd9b01b56ad828be2?s=96&d=mm&r=g\",\"url\":\"https:\\\/\\\/secure.gravatar.com\\\/avatar\\\/fe0f6a059fb68d9b3e11bc5850dd4899b1c7492091a3cb6dd9b01b56ad828be2?s=96&d=mm&r=g\",\"contentUrl\":\"https:\\\/\\\/secure.gravatar.com\\\/avatar\\\/fe0f6a059fb68d9b3e11bc5850dd4899b1c7492091a3cb6dd9b01b56ad828be2?s=96&d=mm&r=g\",\"caption\":\"Exaudi Redacci\u00f3n\"},\"description\":\"\u00bfQu\u00e9 es Exaudi News? Exaudi News es un medio de comunicaci\u00f3n cat\u00f3lico internacional que informa, forma y transforma, diariamente en espa\u00f1ol, ingl\u00e9s e italiano. A trav\u00e9s de noticias, art\u00edculos de an\u00e1lisis y transmisiones en directo de los eventos del Papa, Exaudi busca fortalecer la unidad de los cristianos y contribuir a la evangelizaci\u00f3n del mundo, siempre guiados por la doctrina social de la Iglesia. Trabajamos para acercar la verdad y los valores cristianos a cada rinc\u00f3n del planeta. \u00a1Ay\u00fadanos a transformar el mundo con Exaudi! En Exaudi creemos que la evangelizaci\u00f3n y la informaci\u00f3n de calidad pueden cambiar vidas. Para continuar con nuestra misi\u00f3n y expandir nuestro alcance, necesitamos tu ayuda. Adem\u00e1s, buscamos personas comprometidas que deseen unirse a nuestro equipo. Con tu apoyo, lograremos llegar a m\u00e1s personas, difundir el mensaje de Cristo y reforzar la unidad de los cristianos. \u00bfTe unes a nuestra misi\u00f3n? Para m\u00e1s informaci\u00f3n sobre c\u00f3mo colaborar, visita Exaudi.org\\\/es o cont\u00e1ctanos directamente: info@exaudi.org Exaudi: Informa, forma y transforma.\",\"sameAs\":[\"https:\\\/\\\/www.facebook.com\\\/ExaudiNoticias\\\/\",\"https:\\\/\\\/www.instagram.com\\\/exaudi_noticias\\\/\",\"https:\\\/\\\/x.com\\\/Exaudi_noticias\",\"https:\\\/\\\/www.youtube.com\\\/@exaudicatholicnews\"],\"url\":\"https:\\\/\\\/exaudi.org\\\/es\\\/author\\\/redaccionexaudi\\\/\"}]}<\/script>\n<!-- \/ Yoast SEO plugin. -->","yoast_head_json":{"title":"Espa\u00f1a: Llega la Cruz de la JMJ Lisboa 2023 - Exaudi","description":"La\u00a0Cruz de la\u00a0Jornada Mundial de la Juventud (JMJ ) de Lisboa 2023\u00a0llegar\u00e1\u00a0a Espa\u00f1a el pr\u00f3ximo domingo 5 septiembre de 2021.","robots":{"index":"index","follow":"follow","max-snippet":"max-snippet:-1","max-image-preview":"max-image-preview:large","max-video-preview":"max-video-preview:-1"},"canonical":"https:\/\/exaudi.org\/es\/espana-llega-cruz-jmj-lisboa-2023\/","og_locale":"es_ES","og_type":"article","og_title":"Espa\u00f1a: Llega la Cruz de la JMJ Lisboa 2023 - Exaudi","og_description":"La\u00a0Cruz de la\u00a0Jornada Mundial de la Juventud (JMJ ) de Lisboa 2023\u00a0llegar\u00e1\u00a0a Espa\u00f1a el pr\u00f3ximo domingo 5 septiembre de 2021.","og_url":"https:\/\/exaudi.org\/es\/espana-llega-cruz-jmj-lisboa-2023\/","og_site_name":"Exaudi","article_publisher":"https:\/\/www.facebook.com\/ExaudiNews","article_author":"https:\/\/www.facebook.com\/ExaudiNoticias\/","article_published_time":"2021-09-05T07:00:13+00:00","article_modified_time":"2021-09-06T07:57:53+00:00","og_image":[{"width":724,"height":406,"url":"https:\/\/exaudi.org\/wp-content\/uploads\/2021\/09\/2c3423c42c322c24c3333.jpeg","type":"image\/jpeg"}],"author":"Exaudi Redacci\u00f3n","twitter_card":"summary_large_image","twitter_creator":"@Exaudi_noticias","twitter_site":"@Exaudi_News","twitter_misc":{"Escrito por":"Exaudi Redacci\u00f3n","Tiempo de lectura":"2 minutos"},"schema":{"@context":"https:\/\/schema.org","@graph":[{"@type":"Article","@id":"https:\/\/exaudi.org\/es\/espana-llega-cruz-jmj-lisboa-2023\/#article","isPartOf":{"@id":"https:\/\/exaudi.org\/es\/espana-llega-cruz-jmj-lisboa-2023\/"},"author":{"name":"Exaudi Redacci\u00f3n","@id":"https:\/\/exaudi.org\/#\/schema\/person\/f5fc8f063065e38742da7afe15f25df7"},"headline":"Espa\u00f1a: Llega la Cruz de la JMJ Lisboa 2023","datePublished":"2021-09-05T07:00:13+00:00","dateModified":"2021-09-06T07:57:53+00:00","mainEntityOfPage":{"@id":"https:\/\/exaudi.org\/es\/espana-llega-cruz-jmj-lisboa-2023\/"},"wordCount":494,"image":{"@id":"https:\/\/exaudi.org\/es\/espana-llega-cruz-jmj-lisboa-2023\/#primaryimage"},"thumbnailUrl":"https:\/\/exaudi.org\/wp-content\/uploads\/2021\/09\/2c3423c42c322c24c3333.jpeg","keywords":["Cruz","Espa\u00f1a","Jornada Mundial de la Juventud (JMJ)","lisboa"],"articleSection":["Iglesia Local","\u00daltimas noticias"],"inLanguage":"es"},{"@type":"WebPage","@id":"https:\/\/exaudi.org\/es\/espana-llega-cruz-jmj-lisboa-2023\/","url":"https:\/\/exaudi.org\/es\/espana-llega-cruz-jmj-lisboa-2023\/","name":"Espa\u00f1a: Llega la Cruz de la JMJ Lisboa 2023 - Exaudi","isPartOf":{"@id":"https:\/\/exaudi.org\/#website"},"primaryImageOfPage":{"@id":"https:\/\/exaudi.org\/es\/espana-llega-cruz-jmj-lisboa-2023\/#primaryimage"},"image":{"@id":"https:\/\/exaudi.org\/es\/espana-llega-cruz-jmj-lisboa-2023\/#primaryimage"},"thumbnailUrl":"https:\/\/exaudi.org\/wp-content\/uploads\/2021\/09\/2c3423c42c322c24c3333.jpeg","datePublished":"2021-09-05T07:00:13+00:00","dateModified":"2021-09-06T07:57:53+00:00","author":{"@id":"https:\/\/exaudi.org\/#\/schema\/person\/f5fc8f063065e38742da7afe15f25df7"},"description":"La\u00a0Cruz de la\u00a0Jornada Mundial de la Juventud (JMJ ) de Lisboa 2023\u00a0llegar\u00e1\u00a0a Espa\u00f1a el pr\u00f3ximo domingo 5 septiembre de 2021.","breadcrumb":{"@id":"https:\/\/exaudi.org\/es\/espana-llega-cruz-jmj-lisboa-2023\/#breadcrumb"},"inLanguage":"es","potentialAction":[{"@type":"ReadAction","target":["https:\/\/exaudi.org\/es\/espana-llega-cruz-jmj-lisboa-2023\/"]}]},{"@type":"ImageObject","inLanguage":"es","@id":"https:\/\/exaudi.org\/es\/espana-llega-cruz-jmj-lisboa-2023\/#primaryimage","url":"https:\/\/exaudi.org\/wp-content\/uploads\/2021\/09\/2c3423c42c322c24c3333.jpeg","contentUrl":"https:\/\/exaudi.org\/wp-content\/uploads\/2021\/09\/2c3423c42c322c24c3333.jpeg","width":724,"height":406,"caption":"Cruz de la JMJ \u00a9 Vatican Media"},{"@type":"BreadcrumbList","@id":"https:\/\/exaudi.org\/es\/espana-llega-cruz-jmj-lisboa-2023\/#breadcrumb","itemListElement":[{"@type":"ListItem","position":1,"name":"Portada","item":"https:\/\/exaudi.org\/es\/"},{"@type":"ListItem","position":2,"name":"Espa\u00f1a: Llega la Cruz de la JMJ Lisboa 2023"}]},{"@type":"WebSite","@id":"https:\/\/exaudi.org\/#website","url":"https:\/\/exaudi.org\/","name":"Exaudi","description":"News","potentialAction":[{"@type":"SearchAction","target":{"@type":"EntryPoint","urlTemplate":"https:\/\/exaudi.org\/?s={search_term_string}"},"query-input":{"@type":"PropertyValueSpecification","valueRequired":true,"valueName":"search_term_string"}}],"inLanguage":"es"},{"@type":"Person","@id":"https:\/\/exaudi.org\/#\/schema\/person\/f5fc8f063065e38742da7afe15f25df7","name":"Exaudi Redacci\u00f3n","image":{"@type":"ImageObject","inLanguage":"es","@id":"https:\/\/secure.gravatar.com\/avatar\/fe0f6a059fb68d9b3e11bc5850dd4899b1c7492091a3cb6dd9b01b56ad828be2?s=96&d=mm&r=g","url":"https:\/\/secure.gravatar.com\/avatar\/fe0f6a059fb68d9b3e11bc5850dd4899b1c7492091a3cb6dd9b01b56ad828be2?s=96&d=mm&r=g","contentUrl":"https:\/\/secure.gravatar.com\/avatar\/fe0f6a059fb68d9b3e11bc5850dd4899b1c7492091a3cb6dd9b01b56ad828be2?s=96&d=mm&r=g","caption":"Exaudi Redacci\u00f3n"},"description":"\u00bfQu\u00e9 es Exaudi News? Exaudi News es un medio de comunicaci\u00f3n cat\u00f3lico internacional que informa, forma y transforma, diariamente en espa\u00f1ol, ingl\u00e9s e italiano. A trav\u00e9s de noticias, art\u00edculos de an\u00e1lisis y transmisiones en directo de los eventos del Papa, Exaudi busca fortalecer la unidad de los cristianos y contribuir a la evangelizaci\u00f3n del mundo, siempre guiados por la doctrina social de la Iglesia. Trabajamos para acercar la verdad y los valores cristianos a cada rinc\u00f3n del planeta. \u00a1Ay\u00fadanos a transformar el mundo con Exaudi! En Exaudi creemos que la evangelizaci\u00f3n y la informaci\u00f3n de calidad pueden cambiar vidas. Para continuar con nuestra misi\u00f3n y expandir nuestro alcance, necesitamos tu ayuda. Adem\u00e1s, buscamos personas comprometidas que deseen unirse a nuestro equipo. Con tu apoyo, lograremos llegar a m\u00e1s personas, difundir el mensaje de Cristo y reforzar la unidad de los cristianos. \u00bfTe unes a nuestra misi\u00f3n? Para m\u00e1s informaci\u00f3n sobre c\u00f3mo colaborar, visita Exaudi.org\/es o cont\u00e1ctanos directamente: info@exaudi.org Exaudi: Informa, forma y transforma.","sameAs":["https:\/\/www.facebook.com\/ExaudiNoticias\/","https:\/\/www.instagram.com\/exaudi_noticias\/","https:\/\/x.com\/Exaudi_noticias","https:\/\/www.youtube.com\/@exaudicatholicnews"],"url":"https:\/\/exaudi.org\/es\/author\/redaccionexaudi\/"}]}},"jetpack_featured_media_url":"https:\/\/exaudi.org\/wp-content\/uploads\/2021\/09\/2c3423c42c322c24c3333.jpeg","jetpack_shortlink":"https:\/\/wp.me\/pgKjF2-8fK","_links":{"self":[{"href":"https:\/\/exaudi.org\/es\/wp-json\/wp\/v2\/posts\/31728","targetHints":{"allow":["GET"]}}],"collection":[{"href":"https:\/\/exaudi.org\/es\/wp-json\/wp\/v2\/posts"}],"about":[{"href":"https:\/\/exaudi.org\/es\/wp-json\/wp\/v2\/types\/post"}],"author":[{"embeddable":true,"href":"https:\/\/exaudi.org\/es\/wp-json\/wp\/v2\/users\/15"}],"replies":[{"embeddable":true,"href":"https:\/\/exaudi.org\/es\/wp-json\/wp\/v2\/comments?post=31728"}],"version-history":[{"count":0,"href":"https:\/\/exaudi.org\/es\/wp-json\/wp\/v2\/posts\/31728\/revisions"}],"wp:featuredmedia":[{"embeddable":true,"href":"https:\/\/exaudi.org\/es\/wp-json\/wp\/v2\/media\/31732"}],"wp:attachment":[{"href":"https:\/\/exaudi.org\/es\/wp-json\/wp\/v2\/media?parent=31728"}],"wp:term":[{"taxonomy":"category","embeddable":true,"href":"https:\/\/exaudi.org\/es\/wp-json\/wp\/v2\/categories?post=31728"},{"taxonomy":"post_tag","embeddable":true,"href":"https:\/\/exaudi.org\/es\/wp-json\/wp\/v2\/tags?post=31728"}],"curies":[{"name":"wp","href":"https:\/\/api.w.org\/{rel}","templated":true}]}}