{"id":31620,"date":"2021-09-02T13:05:59","date_gmt":"2021-09-02T11:05:59","guid":{"rendered":"https:\/\/exaudi.wpengine.com\/?p=31620"},"modified":"2021-09-03T08:27:01","modified_gmt":"2021-09-03T06:27:01","slug":"papa-arche-centros-estilo-dios","status":"publish","type":"post","link":"https:\/\/exaudi.org\/es\/papa-arche-centros-estilo-dios\/","title":{"rendered":"Papa a Arch\u00e9: Vuestros centros, \u201cel estilo de Dios\u201d"},"content":{"rendered":"<p>En la ma\u00f1ana de hoy, jueves 2 de septiembre de 2021, el <a href=\"https:\/\/exaudi.wpengine.com\/es\/papa-rumores-renuncia-ni-se-me-paso-por-la-cabeza\/\" target=\"_blank\" rel=\"noopener\">Papa Francisco<\/a> ha recibido en audiencia en la Sala Clementina del Palacio Apost\u00f3lico Vaticano a los miembros de la Fundaci\u00f3n italiana Arch\u00e9 junto a su fundador, el padre Giuseppe Bettoni. En su discurso a los presentes, el Santo Padre les ha pedido que sus centros sean \u201cun lugar donde se viva el estilo de Dios, que es cercan\u00eda, ternura y compasi\u00f3n. Y que la estructura est\u00e9 siempre al servicio de las personas, y no al rev\u00e9s\u201d.<\/p>\n<p>Despu\u00e9s de agradecer a don Giuseppe Bettoni, fundador de Arch\u00e9, su trabajo en los \u00faltimos 30 a\u00f1os, el Pont\u00edfice le ha se\u00f1alado que, en la l\u00f3gica del Amor que es Dios, \u201cal principio est\u00e1n los rostros: Para ti son los rostros de esas madres y de esos ni\u00f1os que has acogido y ayudado a liberarse de las ataduras de la violencia y el maltrato. Incluso las mujeres migrantes que llevan en sus carnes experiencias dram\u00e1ticas\u201d.<\/p>\n<p><img loading=\"lazy\" decoding=\"async\" class=\"alignleft size-medium wp-image-31624\" src=\"https:\/\/exaudi.wpengine.com\/wp-content\/uploads\/2021\/09\/DSC6496_050421--200x300.jpg\" alt=\"Papa Arch\u00e9 Dios cercan\u00eda ternura compasi\u00f3n\" width=\"200\" height=\"300\" srcset=\"https:\/\/exaudi.org\/wp-content\/uploads\/2021\/09\/DSC6496_050421--200x300.jpg 200w, https:\/\/exaudi.org\/wp-content\/uploads\/2021\/09\/DSC6496_050421--683x1024.jpg 683w, https:\/\/exaudi.org\/wp-content\/uploads\/2021\/09\/DSC6496_050421--768x1152.jpg 768w, https:\/\/exaudi.org\/wp-content\/uploads\/2021\/09\/DSC6496_050421--1024x1536.jpg 1024w, https:\/\/exaudi.org\/wp-content\/uploads\/2021\/09\/DSC6496_050421--1365x2048.jpg 1365w, https:\/\/exaudi.org\/wp-content\/uploads\/2021\/09\/DSC6496_050421--150x225.jpg 150w, https:\/\/exaudi.org\/wp-content\/uploads\/2021\/09\/DSC6496_050421--300x450.jpg 300w, https:\/\/exaudi.org\/wp-content\/uploads\/2021\/09\/DSC6496_050421--696x1044.jpg 696w, https:\/\/exaudi.org\/wp-content\/uploads\/2021\/09\/DSC6496_050421--1068x1602.jpg 1068w, https:\/\/exaudi.org\/wp-content\/uploads\/2021\/09\/DSC6496_050421--1920x2880.jpg 1920w, https:\/\/exaudi.org\/wp-content\/uploads\/2021\/09\/DSC6496_050421--280x420.jpg 280w, https:\/\/exaudi.org\/wp-content\/uploads\/2021\/09\/DSC6496_050421--scaled.jpg 1707w\" sizes=\"auto, (max-width: 200px) 100vw, 200px\" \/>\u201cSus comunidades de acogida son un signo de esperanza ante todo para ellas, para estas mujeres y sus hijos. Pero tambi\u00e9n son un signo de esperanza para ustedes que comparten sus vidas con ellos, y para los voluntarios, los j\u00f3venes\u201d, ha remarcado. Y ha concluido diciendo que \u201cesto ciertamente significa problemas, dificultades, penurias&#8230; Pero al mismo tiempo significa alegr\u00eda, la alegr\u00eda de ver que compartir abre caminos de libertad, renacimiento y dignidad\u201d.<\/p>\n<p>A continuaci\u00f3n siguen las palabras pronunciadas por el Papa, ofrecidas por la <a href=\"https:\/\/www.vatican.va\/news_services\/press\/index_sp.htm\" target=\"_blank\" rel=\"noopener\">Oficina de Prensa de la Santa Sede.<\/a><\/p>\n<p>***<\/p>\n<h4><strong>Discurso de Francisco<\/strong><\/h4>\n<p><img loading=\"lazy\" decoding=\"async\" class=\"alignright size-medium wp-image-31627\" src=\"https:\/\/exaudi.wpengine.com\/wp-content\/uploads\/2021\/09\/DSC6921_050421--300x200.jpg\" alt=\"\" width=\"300\" height=\"200\" srcset=\"https:\/\/exaudi.org\/wp-content\/uploads\/2021\/09\/DSC6921_050421--300x200.jpg 300w, https:\/\/exaudi.org\/wp-content\/uploads\/2021\/09\/DSC6921_050421--1024x683.jpg 1024w, https:\/\/exaudi.org\/wp-content\/uploads\/2021\/09\/DSC6921_050421--768x512.jpg 768w, https:\/\/exaudi.org\/wp-content\/uploads\/2021\/09\/DSC6921_050421--1536x1024.jpg 1536w, https:\/\/exaudi.org\/wp-content\/uploads\/2021\/09\/DSC6921_050421--2048x1365.jpg 2048w, https:\/\/exaudi.org\/wp-content\/uploads\/2021\/09\/DSC6921_050421--150x100.jpg 150w, https:\/\/exaudi.org\/wp-content\/uploads\/2021\/09\/DSC6921_050421--696x464.jpg 696w, https:\/\/exaudi.org\/wp-content\/uploads\/2021\/09\/DSC6921_050421--1068x712.jpg 1068w, https:\/\/exaudi.org\/wp-content\/uploads\/2021\/09\/DSC6921_050421--1920x1280.jpg 1920w, https:\/\/exaudi.org\/wp-content\/uploads\/2021\/09\/DSC6921_050421--630x420.jpg 630w\" sizes=\"auto, (max-width: 300px) 100vw, 300px\" \/><\/p>\n<p>Queridos hermanos y hermanas, buenos d\u00edas:<\/p>\n<p>Gracias por haber venido a contarme vuestra historia, no s\u00f3lo con palabras, sino con vuestros rostros y vuestra presencia.<\/p>\n<p>Doy las gracias a Don Giuseppe Bettoni por su presentaci\u00f3n y, sobre todo, por su trabajo durante estos treinta a\u00f1os \u2013 pero, \u00bft\u00fa has empezado a trabajar desde la Primera Comuni\u00f3n?- (<i>r\u00ede, risas<\/i>) desde que comenz\u00f3 vuestro compromiso de acoger a las madres con hijos. La hab\u00e9is llamado \u201c<i>Arch\u00e9\u201d<\/i>, que recuerda el origen, el principio, y sabemos que en el principio est\u00e1 el\u00a0<i>Amor<\/i>, el amor de Dios. Todo lo que es vida, todo lo que es bello, bueno y verdadero viene de ah\u00ed, de Dios que es amor, como la vida humana viene del coraz\u00f3n y del seno de una madre, y del seno de una Madre vino Jes\u00fas, que es el Amor que se hizo carne, que se hizo hombre.<\/p>\n<p>Y as\u00ed, en esta l\u00f3gica, al principio est\u00e1n\u00a0<i>los<\/i>\u00a0<i>rostros<\/i>: para vosotros son los rostros de esas madres y\u00a0 de esos ni\u00f1os que hab\u00e9is acogido y ayudado a liberarse de las ataduras de la violencia y el maltrato. Tambi\u00e9n mujeres migrantes que llevan en sus carnes experiencias dram\u00e1ticas.<\/p>\n<p>Vuestras comunidades de acogida son un signo de esperanza en primer lugar para ellas, para estas mujeres y sus hijos. Pero tambi\u00e9n son un signo de esperanza para vosotros que compart\u00eds vuestras vidas con ellos y para los voluntarios, los j\u00f3venes, las j\u00f3venes, \u00a0las parejas j\u00f3venes que en estas comunidades experimentan el servicio no s\u00f3lo\u00a0<i>para<\/i>\u00a0los pobres \u2013algo muy bueno- pero es todav\u00eda m\u00e1s bueno<i>\u00a0con<\/i>\u00a0los pobres.<\/p>\n<p><img loading=\"lazy\" decoding=\"async\" class=\"alignleft size-medium wp-image-31631\" src=\"https:\/\/exaudi.wpengine.com\/wp-content\/uploads\/2021\/09\/SFO0604_050421--300x200.jpg\" alt=\"Papa Arch\u00e9 Dios cercan\u00eda ternura compasi\u00f3n\" width=\"300\" height=\"200\" srcset=\"https:\/\/exaudi.org\/wp-content\/uploads\/2021\/09\/SFO0604_050421--300x200.jpg 300w, https:\/\/exaudi.org\/wp-content\/uploads\/2021\/09\/SFO0604_050421--1024x683.jpg 1024w, https:\/\/exaudi.org\/wp-content\/uploads\/2021\/09\/SFO0604_050421--768x512.jpg 768w, https:\/\/exaudi.org\/wp-content\/uploads\/2021\/09\/SFO0604_050421--1536x1024.jpg 1536w, https:\/\/exaudi.org\/wp-content\/uploads\/2021\/09\/SFO0604_050421--2048x1365.jpg 2048w, https:\/\/exaudi.org\/wp-content\/uploads\/2021\/09\/SFO0604_050421--150x100.jpg 150w, https:\/\/exaudi.org\/wp-content\/uploads\/2021\/09\/SFO0604_050421--696x464.jpg 696w, https:\/\/exaudi.org\/wp-content\/uploads\/2021\/09\/SFO0604_050421--1068x712.jpg 1068w, https:\/\/exaudi.org\/wp-content\/uploads\/2021\/09\/SFO0604_050421--1920x1280.jpg 1920w, https:\/\/exaudi.org\/wp-content\/uploads\/2021\/09\/SFO0604_050421--630x420.jpg 630w\" sizes=\"auto, (max-width: 300px) 100vw, 300px\" \/><\/p>\n<p>La Madre y el Ni\u00f1o es un icono muy familiar para nosotros los cristianos. Para vosotros no se ha quedado s\u00f3lo en una bella imagen: la hab\u00e9is traducido en una experiencia concreta, hecha de historias y rostros concretos. Esto significa ciertamente problemas, dificultades, fatigas&#8230; Pero al mismo tiempo significa alegr\u00eda, la alegr\u00eda de ver que el compartir abre caminos de libertad, renacimiento y dignidad.<\/p>\n<p>Por eso os doy las gracias, queridos hermanos y hermanas, y os bendigo para que sig\u00e1is adelante hasta que el Se\u00f1or quiera. Os doy las gracias en particular, tambi\u00e9n en nombre de la di\u00f3cesis de Roma, porque s\u00e9 que pasado ma\u00f1ana vais a inaugurar vuestra casa aqu\u00ed en Roma, una casa que albergar\u00e1 una nueva comunidad. Que sea un lugar donde se viva el estilo de Dios, que es cercan\u00eda, ternura y compasi\u00f3n. Y que la estructura est\u00e9 siempre al servicio de las personas, no al rev\u00e9s.<\/p>\n<p>Que el Esp\u00edritu Santo renueve siempre en vosotros la alegr\u00eda del Evangelio, y que la Virgen os proteja. Por favor, rezad tambi\u00e9n por m\u00ed. Gracias.<\/p>\n<p><strong>\u00a9 Librer\u00eda Editora Vaticana<\/strong><\/p>\n","protected":false},"excerpt":{"rendered":"<p>Audiencia en la Sala Clementina<\/p>\n","protected":false},"author":6,"featured_media":31621,"comment_status":"closed","ping_status":"closed","sticky":false,"template":"","format":"standard","meta":{"_acf_changed":false,"_crdt_document":"","inline_featured_image":false,"footnotes":""},"categories":[124,298],"tags":[168,3926,158],"class_list":["post-31620","post","type-post","status-publish","format-standard","has-post-thumbnail","hentry","category-discursos","category-ultimas-noticias","tag-audiencia","tag-fundacion-arche","tag-papa-francisco"],"acf":[],"yoast_head":"<!-- This site is optimized with the Yoast SEO plugin v27.5 - https:\/\/yoast.com\/product\/yoast-seo-wordpress\/ -->\n<title>Papa a Arch\u00e9: Vuestros centros, \u201cel estilo de Dios\u201d<\/title>\n<meta name=\"description\" content=\"En su discurso a la Fundaci\u00f3n Arch\u00e9, el Papa ha llamado a que sus centros sean \u201cel estilo de Dios, que es cercan\u00eda, ternura y compasi\u00f3n\u201d.\" \/>\n<meta name=\"robots\" content=\"index, follow, max-snippet:-1, max-image-preview:large, max-video-preview:-1\" \/>\n<link rel=\"canonical\" href=\"https:\/\/exaudi.org\/es\/papa-arche-centros-estilo-dios\/\" \/>\n<meta property=\"og:locale\" content=\"es_ES\" \/>\n<meta property=\"og:type\" content=\"article\" \/>\n<meta property=\"og:title\" content=\"Papa a Arch\u00e9: Vuestros centros, \u201cel estilo de Dios\u201d\" \/>\n<meta property=\"og:description\" content=\"En su discurso a la Fundaci\u00f3n Arch\u00e9, el Papa ha llamado a que sus centros sean \u201cel estilo de Dios, que es cercan\u00eda, ternura y compasi\u00f3n\u201d.\" \/>\n<meta property=\"og:url\" content=\"https:\/\/exaudi.org\/es\/papa-arche-centros-estilo-dios\/\" \/>\n<meta property=\"og:site_name\" content=\"Exaudi\" \/>\n<meta property=\"article:publisher\" content=\"https:\/\/www.facebook.com\/ExaudiNews\" \/>\n<meta property=\"article:published_time\" content=\"2021-09-02T11:05:59+00:00\" \/>\n<meta property=\"article:modified_time\" content=\"2021-09-03T06:27:01+00:00\" \/>\n<meta property=\"og:image\" content=\"https:\/\/exaudi.org\/wp-content\/uploads\/2021\/09\/12c321c21c12c3-scaled.jpg\" \/>\n\t<meta property=\"og:image:width\" content=\"2560\" \/>\n\t<meta property=\"og:image:height\" content=\"1707\" \/>\n\t<meta property=\"og:image:type\" content=\"image\/jpeg\" \/>\n<meta name=\"author\" content=\"Gabriel Sales\" \/>\n<meta name=\"twitter:card\" content=\"summary_large_image\" \/>\n<meta name=\"twitter:creator\" content=\"@habemusman\" \/>\n<meta name=\"twitter:site\" content=\"@Exaudi_News\" \/>\n<meta name=\"twitter:label1\" content=\"Escrito por\" \/>\n\t<meta name=\"twitter:data1\" content=\"Gabriel Sales\" \/>\n\t<meta name=\"twitter:label2\" content=\"Tiempo de lectura\" \/>\n\t<meta name=\"twitter:data2\" content=\"4 minutos\" \/>\n<script type=\"application\/ld+json\" class=\"yoast-schema-graph\">{\"@context\":\"https:\\\/\\\/schema.org\",\"@graph\":[{\"@type\":\"Article\",\"@id\":\"https:\\\/\\\/exaudi.org\\\/es\\\/papa-arche-centros-estilo-dios\\\/#article\",\"isPartOf\":{\"@id\":\"https:\\\/\\\/exaudi.org\\\/es\\\/papa-arche-centros-estilo-dios\\\/\"},\"author\":{\"name\":\"Gabriel Sales\",\"@id\":\"https:\\\/\\\/exaudi.org\\\/#\\\/schema\\\/person\\\/d134b96438278131ce90c90c03fda6cd\"},\"headline\":\"Papa a Arch\u00e9: Vuestros centros, \u201cel estilo de Dios\u201d\",\"datePublished\":\"2021-09-02T11:05:59+00:00\",\"dateModified\":\"2021-09-03T06:27:01+00:00\",\"mainEntityOfPage\":{\"@id\":\"https:\\\/\\\/exaudi.org\\\/es\\\/papa-arche-centros-estilo-dios\\\/\"},\"wordCount\":765,\"image\":{\"@id\":\"https:\\\/\\\/exaudi.org\\\/es\\\/papa-arche-centros-estilo-dios\\\/#primaryimage\"},\"thumbnailUrl\":\"https:\\\/\\\/exaudi.org\\\/wp-content\\\/uploads\\\/2021\\\/09\\\/12c321c21c12c3-scaled.jpg\",\"keywords\":[\"audiencia\",\"Fundaci\u00f3n Arch\u00e9\",\"papa francisco\"],\"articleSection\":[\"Discursos\",\"\u00daltimas noticias\"],\"inLanguage\":\"es\"},{\"@type\":\"WebPage\",\"@id\":\"https:\\\/\\\/exaudi.org\\\/es\\\/papa-arche-centros-estilo-dios\\\/\",\"url\":\"https:\\\/\\\/exaudi.org\\\/es\\\/papa-arche-centros-estilo-dios\\\/\",\"name\":\"Papa a Arch\u00e9: Vuestros centros, \u201cel estilo de Dios\u201d\",\"isPartOf\":{\"@id\":\"https:\\\/\\\/exaudi.org\\\/#website\"},\"primaryImageOfPage\":{\"@id\":\"https:\\\/\\\/exaudi.org\\\/es\\\/papa-arche-centros-estilo-dios\\\/#primaryimage\"},\"image\":{\"@id\":\"https:\\\/\\\/exaudi.org\\\/es\\\/papa-arche-centros-estilo-dios\\\/#primaryimage\"},\"thumbnailUrl\":\"https:\\\/\\\/exaudi.org\\\/wp-content\\\/uploads\\\/2021\\\/09\\\/12c321c21c12c3-scaled.jpg\",\"datePublished\":\"2021-09-02T11:05:59+00:00\",\"dateModified\":\"2021-09-03T06:27:01+00:00\",\"author\":{\"@id\":\"https:\\\/\\\/exaudi.org\\\/#\\\/schema\\\/person\\\/d134b96438278131ce90c90c03fda6cd\"},\"description\":\"En su discurso a la Fundaci\u00f3n Arch\u00e9, el Papa ha llamado a que sus centros sean \u201cel estilo de Dios, que es cercan\u00eda, ternura y compasi\u00f3n\u201d.\",\"breadcrumb\":{\"@id\":\"https:\\\/\\\/exaudi.org\\\/es\\\/papa-arche-centros-estilo-dios\\\/#breadcrumb\"},\"inLanguage\":\"es\",\"potentialAction\":[{\"@type\":\"ReadAction\",\"target\":[\"https:\\\/\\\/exaudi.org\\\/es\\\/papa-arche-centros-estilo-dios\\\/\"]}]},{\"@type\":\"ImageObject\",\"inLanguage\":\"es\",\"@id\":\"https:\\\/\\\/exaudi.org\\\/es\\\/papa-arche-centros-estilo-dios\\\/#primaryimage\",\"url\":\"https:\\\/\\\/exaudi.org\\\/wp-content\\\/uploads\\\/2021\\\/09\\\/12c321c21c12c3-scaled.jpg\",\"contentUrl\":\"https:\\\/\\\/exaudi.org\\\/wp-content\\\/uploads\\\/2021\\\/09\\\/12c321c21c12c3-scaled.jpg\",\"width\":2560,\"height\":1707,\"caption\":\"Audiencia del Papa a Fundaci\u00f3n Arch\u00e9 \u00a9 Vatican Media\"},{\"@type\":\"BreadcrumbList\",\"@id\":\"https:\\\/\\\/exaudi.org\\\/es\\\/papa-arche-centros-estilo-dios\\\/#breadcrumb\",\"itemListElement\":[{\"@type\":\"ListItem\",\"position\":1,\"name\":\"Portada\",\"item\":\"https:\\\/\\\/exaudi.org\\\/es\\\/\"},{\"@type\":\"ListItem\",\"position\":2,\"name\":\"Papa a Arch\u00e9: Vuestros centros, \u201cel estilo de Dios\u201d\"}]},{\"@type\":\"WebSite\",\"@id\":\"https:\\\/\\\/exaudi.org\\\/#website\",\"url\":\"https:\\\/\\\/exaudi.org\\\/\",\"name\":\"Exaudi\",\"description\":\"News\",\"potentialAction\":[{\"@type\":\"SearchAction\",\"target\":{\"@type\":\"EntryPoint\",\"urlTemplate\":\"https:\\\/\\\/exaudi.org\\\/?s={search_term_string}\"},\"query-input\":{\"@type\":\"PropertyValueSpecification\",\"valueRequired\":true,\"valueName\":\"search_term_string\"}}],\"inLanguage\":\"es\"},{\"@type\":\"Person\",\"@id\":\"https:\\\/\\\/exaudi.org\\\/#\\\/schema\\\/person\\\/d134b96438278131ce90c90c03fda6cd\",\"name\":\"Gabriel Sales\",\"image\":{\"@type\":\"ImageObject\",\"inLanguage\":\"es\",\"@id\":\"https:\\\/\\\/secure.gravatar.com\\\/avatar\\\/9b1269566f6a063ed26ffb3532b66a373cdde231ce5d0effb266167437fdaffd?s=96&d=mm&r=g\",\"url\":\"https:\\\/\\\/secure.gravatar.com\\\/avatar\\\/9b1269566f6a063ed26ffb3532b66a373cdde231ce5d0effb266167437fdaffd?s=96&d=mm&r=g\",\"contentUrl\":\"https:\\\/\\\/secure.gravatar.com\\\/avatar\\\/9b1269566f6a063ed26ffb3532b66a373cdde231ce5d0effb266167437fdaffd?s=96&d=mm&r=g\",\"caption\":\"Gabriel Sales\"},\"description\":\"Periodista y especialista en Comunicaci\u00f3n y Branding digital. Cin\u00e9filo y cr\u00edtico de cine y series de televisi\u00f3n.\",\"sameAs\":[\"https:\\\/\\\/www.instagram.com\\\/cine90segundos\\\/\",\"www.linkedin.com\\\/in\\\/habemusman\",\"https:\\\/\\\/x.com\\\/habemusman\",\"https:\\\/\\\/www.youtube.com\\\/channel\\\/UCVfCiOMkJ_C7T7OpyjuaLDg\"],\"url\":\"https:\\\/\\\/exaudi.org\\\/es\\\/author\\\/gsalesexaudi-org\\\/\"}]}<\/script>\n<!-- \/ Yoast SEO plugin. -->","yoast_head_json":{"title":"Papa a Arch\u00e9: Vuestros centros, \u201cel estilo de Dios\u201d","description":"En su discurso a la Fundaci\u00f3n Arch\u00e9, el Papa ha llamado a que sus centros sean \u201cel estilo de Dios, que es cercan\u00eda, ternura y compasi\u00f3n\u201d.","robots":{"index":"index","follow":"follow","max-snippet":"max-snippet:-1","max-image-preview":"max-image-preview:large","max-video-preview":"max-video-preview:-1"},"canonical":"https:\/\/exaudi.org\/es\/papa-arche-centros-estilo-dios\/","og_locale":"es_ES","og_type":"article","og_title":"Papa a Arch\u00e9: Vuestros centros, \u201cel estilo de Dios\u201d","og_description":"En su discurso a la Fundaci\u00f3n Arch\u00e9, el Papa ha llamado a que sus centros sean \u201cel estilo de Dios, que es cercan\u00eda, ternura y compasi\u00f3n\u201d.","og_url":"https:\/\/exaudi.org\/es\/papa-arche-centros-estilo-dios\/","og_site_name":"Exaudi","article_publisher":"https:\/\/www.facebook.com\/ExaudiNews","article_published_time":"2021-09-02T11:05:59+00:00","article_modified_time":"2021-09-03T06:27:01+00:00","og_image":[{"width":2560,"height":1707,"url":"https:\/\/exaudi.org\/wp-content\/uploads\/2021\/09\/12c321c21c12c3-scaled.jpg","type":"image\/jpeg"}],"author":"Gabriel Sales","twitter_card":"summary_large_image","twitter_creator":"@habemusman","twitter_site":"@Exaudi_News","twitter_misc":{"Escrito por":"Gabriel Sales","Tiempo de lectura":"4 minutos"},"schema":{"@context":"https:\/\/schema.org","@graph":[{"@type":"Article","@id":"https:\/\/exaudi.org\/es\/papa-arche-centros-estilo-dios\/#article","isPartOf":{"@id":"https:\/\/exaudi.org\/es\/papa-arche-centros-estilo-dios\/"},"author":{"name":"Gabriel Sales","@id":"https:\/\/exaudi.org\/#\/schema\/person\/d134b96438278131ce90c90c03fda6cd"},"headline":"Papa a Arch\u00e9: Vuestros centros, \u201cel estilo de Dios\u201d","datePublished":"2021-09-02T11:05:59+00:00","dateModified":"2021-09-03T06:27:01+00:00","mainEntityOfPage":{"@id":"https:\/\/exaudi.org\/es\/papa-arche-centros-estilo-dios\/"},"wordCount":765,"image":{"@id":"https:\/\/exaudi.org\/es\/papa-arche-centros-estilo-dios\/#primaryimage"},"thumbnailUrl":"https:\/\/exaudi.org\/wp-content\/uploads\/2021\/09\/12c321c21c12c3-scaled.jpg","keywords":["audiencia","Fundaci\u00f3n Arch\u00e9","papa francisco"],"articleSection":["Discursos","\u00daltimas noticias"],"inLanguage":"es"},{"@type":"WebPage","@id":"https:\/\/exaudi.org\/es\/papa-arche-centros-estilo-dios\/","url":"https:\/\/exaudi.org\/es\/papa-arche-centros-estilo-dios\/","name":"Papa a Arch\u00e9: Vuestros centros, \u201cel estilo de Dios\u201d","isPartOf":{"@id":"https:\/\/exaudi.org\/#website"},"primaryImageOfPage":{"@id":"https:\/\/exaudi.org\/es\/papa-arche-centros-estilo-dios\/#primaryimage"},"image":{"@id":"https:\/\/exaudi.org\/es\/papa-arche-centros-estilo-dios\/#primaryimage"},"thumbnailUrl":"https:\/\/exaudi.org\/wp-content\/uploads\/2021\/09\/12c321c21c12c3-scaled.jpg","datePublished":"2021-09-02T11:05:59+00:00","dateModified":"2021-09-03T06:27:01+00:00","author":{"@id":"https:\/\/exaudi.org\/#\/schema\/person\/d134b96438278131ce90c90c03fda6cd"},"description":"En su discurso a la Fundaci\u00f3n Arch\u00e9, el Papa ha llamado a que sus centros sean \u201cel estilo de Dios, que es cercan\u00eda, ternura y compasi\u00f3n\u201d.","breadcrumb":{"@id":"https:\/\/exaudi.org\/es\/papa-arche-centros-estilo-dios\/#breadcrumb"},"inLanguage":"es","potentialAction":[{"@type":"ReadAction","target":["https:\/\/exaudi.org\/es\/papa-arche-centros-estilo-dios\/"]}]},{"@type":"ImageObject","inLanguage":"es","@id":"https:\/\/exaudi.org\/es\/papa-arche-centros-estilo-dios\/#primaryimage","url":"https:\/\/exaudi.org\/wp-content\/uploads\/2021\/09\/12c321c21c12c3-scaled.jpg","contentUrl":"https:\/\/exaudi.org\/wp-content\/uploads\/2021\/09\/12c321c21c12c3-scaled.jpg","width":2560,"height":1707,"caption":"Audiencia del Papa a Fundaci\u00f3n Arch\u00e9 \u00a9 Vatican Media"},{"@type":"BreadcrumbList","@id":"https:\/\/exaudi.org\/es\/papa-arche-centros-estilo-dios\/#breadcrumb","itemListElement":[{"@type":"ListItem","position":1,"name":"Portada","item":"https:\/\/exaudi.org\/es\/"},{"@type":"ListItem","position":2,"name":"Papa a Arch\u00e9: Vuestros centros, \u201cel estilo de Dios\u201d"}]},{"@type":"WebSite","@id":"https:\/\/exaudi.org\/#website","url":"https:\/\/exaudi.org\/","name":"Exaudi","description":"News","potentialAction":[{"@type":"SearchAction","target":{"@type":"EntryPoint","urlTemplate":"https:\/\/exaudi.org\/?s={search_term_string}"},"query-input":{"@type":"PropertyValueSpecification","valueRequired":true,"valueName":"search_term_string"}}],"inLanguage":"es"},{"@type":"Person","@id":"https:\/\/exaudi.org\/#\/schema\/person\/d134b96438278131ce90c90c03fda6cd","name":"Gabriel Sales","image":{"@type":"ImageObject","inLanguage":"es","@id":"https:\/\/secure.gravatar.com\/avatar\/9b1269566f6a063ed26ffb3532b66a373cdde231ce5d0effb266167437fdaffd?s=96&d=mm&r=g","url":"https:\/\/secure.gravatar.com\/avatar\/9b1269566f6a063ed26ffb3532b66a373cdde231ce5d0effb266167437fdaffd?s=96&d=mm&r=g","contentUrl":"https:\/\/secure.gravatar.com\/avatar\/9b1269566f6a063ed26ffb3532b66a373cdde231ce5d0effb266167437fdaffd?s=96&d=mm&r=g","caption":"Gabriel Sales"},"description":"Periodista y especialista en Comunicaci\u00f3n y Branding digital. Cin\u00e9filo y cr\u00edtico de cine y series de televisi\u00f3n.","sameAs":["https:\/\/www.instagram.com\/cine90segundos\/","www.linkedin.com\/in\/habemusman","https:\/\/x.com\/habemusman","https:\/\/www.youtube.com\/channel\/UCVfCiOMkJ_C7T7OpyjuaLDg"],"url":"https:\/\/exaudi.org\/es\/author\/gsalesexaudi-org\/"}]}},"jetpack_featured_media_url":"https:\/\/exaudi.org\/wp-content\/uploads\/2021\/09\/12c321c21c12c3-scaled.jpg","jetpack_shortlink":"https:\/\/wp.me\/pgKjF2-8e0","_links":{"self":[{"href":"https:\/\/exaudi.org\/es\/wp-json\/wp\/v2\/posts\/31620","targetHints":{"allow":["GET"]}}],"collection":[{"href":"https:\/\/exaudi.org\/es\/wp-json\/wp\/v2\/posts"}],"about":[{"href":"https:\/\/exaudi.org\/es\/wp-json\/wp\/v2\/types\/post"}],"author":[{"embeddable":true,"href":"https:\/\/exaudi.org\/es\/wp-json\/wp\/v2\/users\/6"}],"replies":[{"embeddable":true,"href":"https:\/\/exaudi.org\/es\/wp-json\/wp\/v2\/comments?post=31620"}],"version-history":[{"count":0,"href":"https:\/\/exaudi.org\/es\/wp-json\/wp\/v2\/posts\/31620\/revisions"}],"wp:featuredmedia":[{"embeddable":true,"href":"https:\/\/exaudi.org\/es\/wp-json\/wp\/v2\/media\/31621"}],"wp:attachment":[{"href":"https:\/\/exaudi.org\/es\/wp-json\/wp\/v2\/media?parent=31620"}],"wp:term":[{"taxonomy":"category","embeddable":true,"href":"https:\/\/exaudi.org\/es\/wp-json\/wp\/v2\/categories?post=31620"},{"taxonomy":"post_tag","embeddable":true,"href":"https:\/\/exaudi.org\/es\/wp-json\/wp\/v2\/tags?post=31620"}],"curies":[{"name":"wp","href":"https:\/\/api.w.org\/{rel}","templated":true}]}}